{"id":101869,"date":"2023-06-14T15:34:05","date_gmt":"2023-06-14T15:34:05","guid":{"rendered":"https:\/\/quehacerpolitico.mx\/?p=101869"},"modified":"2023-06-14T15:34:09","modified_gmt":"2023-06-14T15:34:09","slug":"se-van-como-ocho-y-se-iran-otros-mas-amlo","status":"publish","type":"post","link":"https:\/\/quehacerpolitico.mx\/?p=101869","title":{"rendered":"\u201cSe van como ocho y se ir\u00e1n otros m\u00e1s\u201d : AMLO"},"content":{"rendered":"\n<p>Por Redacci\u00f3n QP<\/p>\n\n\n\n<p>Este martes, L\u00f3pez Obrador sostuvo una\u00a0reuni\u00f3n\u00a0con su\u00a0Gabinete\u00a0para conocer qui\u00e9nes buscar\u00e1n alg\u00fan\u00a0cargo de elecci\u00f3n popular\u00a0en el\u00a02024<\/p>\n\n\n\n<p><strong>Andres Manuel L\u00f3pez Obrador<\/strong>, presidente de M\u00e9xico, dej\u00f3 en claro que la\u00a0<strong>gran<\/strong>\u00a0<strong>mayor\u00eda<\/strong>\u00a0de los miembros de su\u00a0<strong>Gabinete<\/strong>\u00a0se quedar\u00e1 hasta el\u00a0<strong>final de su sexenio<\/strong>, lo cual ocurrir\u00e1<strong> Septiembre de 2024<\/strong>.<\/p>\n\n\n\n<p>En la conferencia matutina de Palacio Nacional, L\u00f3pez Obrador cont\u00f3 algunos detalles sobre su reuni\u00f3n con miembros del Gabinete el\u00a0martes por la tarde, donde les pregunt\u00f3 si competir\u00e1n por una candidatura de cara a los comicios de junio de 20024.<\/p>\n\n\n\n<figure class=\"wp-block-embed is-type-rich is-provider-twitter wp-block-embed-twitter\"><div class=\"wp-block-embed__wrapper\">\n<blockquote class=\"twitter-tweet\" data-width=\"550\" data-dnt=\"true\"><p lang=\"es\" dir=\"ltr\"><a href=\"https:\/\/twitter.com\/hashtag\/EnLaMa%C3%B1anera?src=hash&amp;ref_src=twsrc%5Etfw\">#EnLaMa\u00f1anera<\/a> | &quot;Se van como ocho, de varios rangos y en distintas fechas&quot;: <a href=\"https:\/\/twitter.com\/hashtag\/AMLO?src=hash&amp;ref_src=twsrc%5Etfw\">#AMLO<\/a> dio a conocer que m\u00e1s integrantes de su Gabinete le informaron que en los pr\u00f3ximos d\u00edas renunciar\u00e1n a sus cargos para tratar de contender en las <a href=\"https:\/\/twitter.com\/hashtag\/Elecciones2024?src=hash&amp;ref_src=twsrc%5Etfw\">#Elecciones2024<\/a>. <a href=\"https:\/\/t.co\/YXb76L8v6i\">pic.twitter.com\/YXb76L8v6i<\/a><\/p>&mdash; El Financiero TV (@ElFinancieroTv) <a href=\"https:\/\/twitter.com\/ElFinancieroTv\/status\/1669002888012546049?ref_src=twsrc%5Etfw\">June 14, 2023<\/a><\/blockquote><script async src=\"https:\/\/platform.twitter.com\/widgets.js\" charset=\"utf-8\"><\/script>\n<\/div><\/figure>\n\n\n\n<p>La mayor\u00eda dijeron que se quedan al final (del sexenio), les agradezco mucho\u201d, puntualiz\u00f3 el tabasque\u00f1o.<\/p>\n\n\n\n<p>\u201cHay otros que decidieron pues participar, ya los que conocemos que van a `participar para ser los coordinadores de defensa de la transformaci\u00f3n, a os que les voy a entregar la estafeta con mucha anticipaci\u00f3n para que tengan el liderazgo y otros que van a participar en procesos electorales federales, locales y eso tambi\u00e9n es v\u00e1lido\u201d, puntualiz\u00f3.<\/p>\n\n\n\n<p>Los que se van son gente de primera, y los que se quedan tambi\u00e9n\u201d, refiri\u00f3.<\/p>\n\n\n\n<p>El mandatario mexicano apunt\u00f3 que se van \u201cmuy pocos\u201d del Gabinete federal, e inform\u00f3 que de 10 que estuvieron en la reuni\u00f3n solamente se van ocho por un cargo.<\/p>\n\n\n\n<p>Tuvimos una reuni\u00f3n como de 100, y creo que se van como ocho, de varios rangos y en distintas fechas\u201d, puntualiz\u00f3.<\/p>\n\n\n\n<p>Este martes, el presidente\u00a0<strong>L\u00f3pez Obrador\u00a0<\/strong>sostuvo una\u00a0<strong>reuni\u00f3n<\/strong>\u00a0con todo su\u00a0<strong>Gabinete<\/strong>\u00a0para conocer qui\u00e9nes buscar\u00e1n alg\u00fan\u00a0<strong>cargo de elecci\u00f3n popular<\/strong>\u00a0en el\u00a0<strong>2024<\/strong>\u00a0para, en su caso,\u00a0<strong>buscar sustituciones<\/strong>\u00a0de cara a la recta final de su\u00a0<strong>sexenio<\/strong>.<\/p>\n\n\n\n<p>Dicho c\u00f3nclave se origin\u00f3 tras las renuncias en las Secretar\u00edas de Relaciones Exteriores (<strong>SRE<\/strong>) y Gobernaci\u00f3n (<strong>Segob<\/strong>), donde sus titulares\u00a0<strong>Marcelo Ebrard y Ad\u00e1n Augusto L\u00f3pez<\/strong>\u00a0buscar\u00e1n la candidatura presidencial del movimiento de la Cuarta Transformaci\u00f3n.<\/p>\n","protected":false},"excerpt":{"rendered":"<p>Por Redacci\u00f3n QP Este martes, L\u00f3pez Obrador sostuvo una\u00a0reuni\u00f3n\u00a0con su\u00a0Gabinete\u00a0para conocer qui\u00e9nes buscar\u00e1n alg\u00fan\u00a0cargo de&#8230;<\/p>\n","protected":false},"author":2,"featured_media":101870,"comment_status":"open","ping_status":"open","sticky":false,"template":"","format":"standard","meta":{"_monsterinsights_skip_tracking":false,"_monsterinsights_sitenote_active":false,"_monsterinsights_sitenote_note":"","_monsterinsights_sitenote_category":0,"footnotes":""},"categories":[2],"tags":[],"class_list":["post-101869","post","type-post","status-publish","format-standard","has-post-thumbnail","hentry","category-noticias"],"yoast_head":"<!-- This site is optimized with the Yoast SEO plugin v27.3 - https:\/\/yoast.com\/product\/yoast-seo-wordpress\/ -->\n<title>\u201cSe van como ocho y se ir\u00e1n otros m\u00e1s\u201d : AMLO -<\/title>\n<meta name=\"robots\" content=\"index, follow, max-snippet:-1, max-image-preview:large, max-video-preview:-1\" \/>\n<link rel=\"canonical\" href=\"https:\/\/quehacerpolitico.mx\/?p=101869\" \/>\n<meta property=\"og:locale\" content=\"es_MX\" \/>\n<meta property=\"og:type\" content=\"article\" \/>\n<meta property=\"og:title\" content=\"\u201cSe van como ocho y se ir\u00e1n otros m\u00e1s\u201d : AMLO -\" \/>\n<meta property=\"og:description\" content=\"Por Redacci\u00f3n QP Este martes, L\u00f3pez Obrador sostuvo una\u00a0reuni\u00f3n\u00a0con su\u00a0Gabinete\u00a0para conocer qui\u00e9nes buscar\u00e1n alg\u00fan\u00a0cargo de...\" \/>\n<meta property=\"og:url\" content=\"https:\/\/quehacerpolitico.mx\/?p=101869\" \/>\n<meta property=\"article:published_time\" content=\"2023-06-14T15:34:05+00:00\" \/>\n<meta property=\"article:modified_time\" content=\"2023-06-14T15:34:09+00:00\" \/>\n<meta property=\"og:image\" content=\"https:\/\/quehacerpolitico.mx\/wp-content\/uploads\/2023\/06\/IMG_8409.jpeg\" \/>\n\t<meta property=\"og:image:width\" content=\"1284\" \/>\n\t<meta property=\"og:image:height\" content=\"680\" \/>\n\t<meta property=\"og:image:type\" content=\"image\/jpeg\" \/>\n<meta name=\"author\" content=\"Redacci\u00f3n QP\" \/>\n<meta name=\"twitter:card\" content=\"summary_large_image\" \/>\n<meta name=\"twitter:label1\" content=\"Escrito por\" \/>\n\t<meta name=\"twitter:data1\" content=\"Redacci\u00f3n QP\" \/>\n\t<meta name=\"twitter:label2\" content=\"Tiempo de lectura\" \/>\n\t<meta name=\"twitter:data2\" content=\"2 minutos\" \/>\n<script type=\"application\/ld+json\" class=\"yoast-schema-graph\">{\"@context\":\"https:\\\/\\\/schema.org\",\"@graph\":[{\"@type\":\"Article\",\"@id\":\"https:\\\/\\\/quehacerpolitico.mx\\\/?p=101869#article\",\"isPartOf\":{\"@id\":\"https:\\\/\\\/quehacerpolitico.mx\\\/?p=101869\"},\"author\":{\"name\":\"Redacci\u00f3n QP\",\"@id\":\"https:\\\/\\\/quehacerpolitico.mx\\\/#\\\/schema\\\/person\\\/496d8ad2d1d3f8036101dca7ee39e585\"},\"headline\":\"\u201cSe van como ocho y se ir\u00e1n otros m\u00e1s\u201d : AMLO\",\"datePublished\":\"2023-06-14T15:34:05+00:00\",\"dateModified\":\"2023-06-14T15:34:09+00:00\",\"mainEntityOfPage\":{\"@id\":\"https:\\\/\\\/quehacerpolitico.mx\\\/?p=101869\"},\"wordCount\":366,\"commentCount\":0,\"image\":{\"@id\":\"https:\\\/\\\/quehacerpolitico.mx\\\/?p=101869#primaryimage\"},\"thumbnailUrl\":\"https:\\\/\\\/quehacerpolitico.mx\\\/wp-content\\\/uploads\\\/2023\\\/06\\\/IMG_8409.jpeg\",\"articleSection\":[\"Noticias\"],\"inLanguage\":\"es\",\"potentialAction\":[{\"@type\":\"CommentAction\",\"name\":\"Comment\",\"target\":[\"https:\\\/\\\/quehacerpolitico.mx\\\/?p=101869#respond\"]}]},{\"@type\":\"WebPage\",\"@id\":\"https:\\\/\\\/quehacerpolitico.mx\\\/?p=101869\",\"url\":\"https:\\\/\\\/quehacerpolitico.mx\\\/?p=101869\",\"name\":\"\u201cSe van como ocho y se ir\u00e1n otros m\u00e1s\u201d : AMLO -\",\"isPartOf\":{\"@id\":\"https:\\\/\\\/quehacerpolitico.mx\\\/#website\"},\"primaryImageOfPage\":{\"@id\":\"https:\\\/\\\/quehacerpolitico.mx\\\/?p=101869#primaryimage\"},\"image\":{\"@id\":\"https:\\\/\\\/quehacerpolitico.mx\\\/?p=101869#primaryimage\"},\"thumbnailUrl\":\"https:\\\/\\\/quehacerpolitico.mx\\\/wp-content\\\/uploads\\\/2023\\\/06\\\/IMG_8409.jpeg\",\"datePublished\":\"2023-06-14T15:34:05+00:00\",\"dateModified\":\"2023-06-14T15:34:09+00:00\",\"author\":{\"@id\":\"https:\\\/\\\/quehacerpolitico.mx\\\/#\\\/schema\\\/person\\\/496d8ad2d1d3f8036101dca7ee39e585\"},\"breadcrumb\":{\"@id\":\"https:\\\/\\\/quehacerpolitico.mx\\\/?p=101869#breadcrumb\"},\"inLanguage\":\"es\",\"potentialAction\":[{\"@type\":\"ReadAction\",\"target\":[\"https:\\\/\\\/quehacerpolitico.mx\\\/?p=101869\"]}]},{\"@type\":\"ImageObject\",\"inLanguage\":\"es\",\"@id\":\"https:\\\/\\\/quehacerpolitico.mx\\\/?p=101869#primaryimage\",\"url\":\"https:\\\/\\\/quehacerpolitico.mx\\\/wp-content\\\/uploads\\\/2023\\\/06\\\/IMG_8409.jpeg\",\"contentUrl\":\"https:\\\/\\\/quehacerpolitico.mx\\\/wp-content\\\/uploads\\\/2023\\\/06\\\/IMG_8409.jpeg\",\"width\":1284,\"height\":680},{\"@type\":\"BreadcrumbList\",\"@id\":\"https:\\\/\\\/quehacerpolitico.mx\\\/?p=101869#breadcrumb\",\"itemListElement\":[{\"@type\":\"ListItem\",\"position\":1,\"name\":\"Inicio\",\"item\":\"https:\\\/\\\/quehacerpolitico.mx\\\/\"},{\"@type\":\"ListItem\",\"position\":2,\"name\":\"\u201cSe van como ocho y se ir\u00e1n otros m\u00e1s\u201d : AMLO\"}]},{\"@type\":\"WebSite\",\"@id\":\"https:\\\/\\\/quehacerpolitico.mx\\\/#website\",\"url\":\"https:\\\/\\\/quehacerpolitico.mx\\\/\",\"name\":\"\",\"description\":\"\",\"potentialAction\":[{\"@type\":\"SearchAction\",\"target\":{\"@type\":\"EntryPoint\",\"urlTemplate\":\"https:\\\/\\\/quehacerpolitico.mx\\\/?s={search_term_string}\"},\"query-input\":{\"@type\":\"PropertyValueSpecification\",\"valueRequired\":true,\"valueName\":\"search_term_string\"}}],\"inLanguage\":\"es\"},{\"@type\":\"Person\",\"@id\":\"https:\\\/\\\/quehacerpolitico.mx\\\/#\\\/schema\\\/person\\\/496d8ad2d1d3f8036101dca7ee39e585\",\"name\":\"Redacci\u00f3n QP\",\"image\":{\"@type\":\"ImageObject\",\"inLanguage\":\"es\",\"@id\":\"https:\\\/\\\/secure.gravatar.com\\\/avatar\\\/c7164ed6fdec453195284ad24a5ae5b6e1eed2b848477fa2a4787ba9adf39a41?s=96&d=mm&r=g\",\"url\":\"https:\\\/\\\/secure.gravatar.com\\\/avatar\\\/c7164ed6fdec453195284ad24a5ae5b6e1eed2b848477fa2a4787ba9adf39a41?s=96&d=mm&r=g\",\"contentUrl\":\"https:\\\/\\\/secure.gravatar.com\\\/avatar\\\/c7164ed6fdec453195284ad24a5ae5b6e1eed2b848477fa2a4787ba9adf39a41?s=96&d=mm&r=g\",\"caption\":\"Redacci\u00f3n QP\"},\"url\":\"https:\\\/\\\/quehacerpolitico.mx\\\/?author=2\"}]}<\/script>\n<!-- \/ Yoast SEO plugin. -->","yoast_head_json":{"title":"\u201cSe van como ocho y se ir\u00e1n otros m\u00e1s\u201d : AMLO -","robots":{"index":"index","follow":"follow","max-snippet":"max-snippet:-1","max-image-preview":"max-image-preview:large","max-video-preview":"max-video-preview:-1"},"canonical":"https:\/\/quehacerpolitico.mx\/?p=101869","og_locale":"es_MX","og_type":"article","og_title":"\u201cSe van como ocho y se ir\u00e1n otros m\u00e1s\u201d : AMLO -","og_description":"Por Redacci\u00f3n QP Este martes, L\u00f3pez Obrador sostuvo una\u00a0reuni\u00f3n\u00a0con su\u00a0Gabinete\u00a0para conocer qui\u00e9nes buscar\u00e1n alg\u00fan\u00a0cargo de...","og_url":"https:\/\/quehacerpolitico.mx\/?p=101869","article_published_time":"2023-06-14T15:34:05+00:00","article_modified_time":"2023-06-14T15:34:09+00:00","og_image":[{"width":1284,"height":680,"url":"https:\/\/quehacerpolitico.mx\/wp-content\/uploads\/2023\/06\/IMG_8409.jpeg","type":"image\/jpeg"}],"author":"Redacci\u00f3n QP","twitter_card":"summary_large_image","twitter_misc":{"Escrito por":"Redacci\u00f3n QP","Tiempo de lectura":"2 minutos"},"schema":{"@context":"https:\/\/schema.org","@graph":[{"@type":"Article","@id":"https:\/\/quehacerpolitico.mx\/?p=101869#article","isPartOf":{"@id":"https:\/\/quehacerpolitico.mx\/?p=101869"},"author":{"name":"Redacci\u00f3n QP","@id":"https:\/\/quehacerpolitico.mx\/#\/schema\/person\/496d8ad2d1d3f8036101dca7ee39e585"},"headline":"\u201cSe van como ocho y se ir\u00e1n otros m\u00e1s\u201d : AMLO","datePublished":"2023-06-14T15:34:05+00:00","dateModified":"2023-06-14T15:34:09+00:00","mainEntityOfPage":{"@id":"https:\/\/quehacerpolitico.mx\/?p=101869"},"wordCount":366,"commentCount":0,"image":{"@id":"https:\/\/quehacerpolitico.mx\/?p=101869#primaryimage"},"thumbnailUrl":"https:\/\/quehacerpolitico.mx\/wp-content\/uploads\/2023\/06\/IMG_8409.jpeg","articleSection":["Noticias"],"inLanguage":"es","potentialAction":[{"@type":"CommentAction","name":"Comment","target":["https:\/\/quehacerpolitico.mx\/?p=101869#respond"]}]},{"@type":"WebPage","@id":"https:\/\/quehacerpolitico.mx\/?p=101869","url":"https:\/\/quehacerpolitico.mx\/?p=101869","name":"\u201cSe van como ocho y se ir\u00e1n otros m\u00e1s\u201d : AMLO -","isPartOf":{"@id":"https:\/\/quehacerpolitico.mx\/#website"},"primaryImageOfPage":{"@id":"https:\/\/quehacerpolitico.mx\/?p=101869#primaryimage"},"image":{"@id":"https:\/\/quehacerpolitico.mx\/?p=101869#primaryimage"},"thumbnailUrl":"https:\/\/quehacerpolitico.mx\/wp-content\/uploads\/2023\/06\/IMG_8409.jpeg","datePublished":"2023-06-14T15:34:05+00:00","dateModified":"2023-06-14T15:34:09+00:00","author":{"@id":"https:\/\/quehacerpolitico.mx\/#\/schema\/person\/496d8ad2d1d3f8036101dca7ee39e585"},"breadcrumb":{"@id":"https:\/\/quehacerpolitico.mx\/?p=101869#breadcrumb"},"inLanguage":"es","potentialAction":[{"@type":"ReadAction","target":["https:\/\/quehacerpolitico.mx\/?p=101869"]}]},{"@type":"ImageObject","inLanguage":"es","@id":"https:\/\/quehacerpolitico.mx\/?p=101869#primaryimage","url":"https:\/\/quehacerpolitico.mx\/wp-content\/uploads\/2023\/06\/IMG_8409.jpeg","contentUrl":"https:\/\/quehacerpolitico.mx\/wp-content\/uploads\/2023\/06\/IMG_8409.jpeg","width":1284,"height":680},{"@type":"BreadcrumbList","@id":"https:\/\/quehacerpolitico.mx\/?p=101869#breadcrumb","itemListElement":[{"@type":"ListItem","position":1,"name":"Inicio","item":"https:\/\/quehacerpolitico.mx\/"},{"@type":"ListItem","position":2,"name":"\u201cSe van como ocho y se ir\u00e1n otros m\u00e1s\u201d : AMLO"}]},{"@type":"WebSite","@id":"https:\/\/quehacerpolitico.mx\/#website","url":"https:\/\/quehacerpolitico.mx\/","name":"","description":"","potentialAction":[{"@type":"SearchAction","target":{"@type":"EntryPoint","urlTemplate":"https:\/\/quehacerpolitico.mx\/?s={search_term_string}"},"query-input":{"@type":"PropertyValueSpecification","valueRequired":true,"valueName":"search_term_string"}}],"inLanguage":"es"},{"@type":"Person","@id":"https:\/\/quehacerpolitico.mx\/#\/schema\/person\/496d8ad2d1d3f8036101dca7ee39e585","name":"Redacci\u00f3n QP","image":{"@type":"ImageObject","inLanguage":"es","@id":"https:\/\/secure.gravatar.com\/avatar\/c7164ed6fdec453195284ad24a5ae5b6e1eed2b848477fa2a4787ba9adf39a41?s=96&d=mm&r=g","url":"https:\/\/secure.gravatar.com\/avatar\/c7164ed6fdec453195284ad24a5ae5b6e1eed2b848477fa2a4787ba9adf39a41?s=96&d=mm&r=g","contentUrl":"https:\/\/secure.gravatar.com\/avatar\/c7164ed6fdec453195284ad24a5ae5b6e1eed2b848477fa2a4787ba9adf39a41?s=96&d=mm&r=g","caption":"Redacci\u00f3n QP"},"url":"https:\/\/quehacerpolitico.mx\/?author=2"}]}},"featured_image_urls":{"full":["https:\/\/quehacerpolitico.mx\/wp-content\/uploads\/2023\/06\/IMG_8409.jpeg",1284,680,false],"thumbnail":["https:\/\/quehacerpolitico.mx\/wp-content\/uploads\/2023\/06\/IMG_8409-150x150.jpeg",150,150,true],"medium":["https:\/\/quehacerpolitico.mx\/wp-content\/uploads\/2023\/06\/IMG_8409-300x159.jpeg",300,159,true],"medium_large":["https:\/\/quehacerpolitico.mx\/wp-content\/uploads\/2023\/06\/IMG_8409-768x407.jpeg",640,339,true],"large":["https:\/\/quehacerpolitico.mx\/wp-content\/uploads\/2023\/06\/IMG_8409-1024x542.jpeg",640,339,true],"1536x1536":["https:\/\/quehacerpolitico.mx\/wp-content\/uploads\/2023\/06\/IMG_8409.jpeg",1284,680,false],"2048x2048":["https:\/\/quehacerpolitico.mx\/wp-content\/uploads\/2023\/06\/IMG_8409.jpeg",1284,680,false],"covernews-featured":["https:\/\/quehacerpolitico.mx\/wp-content\/uploads\/2023\/06\/IMG_8409.jpeg",1024,542,false],"covernews-medium":["https:\/\/quehacerpolitico.mx\/wp-content\/uploads\/2023\/06\/IMG_8409.jpeg",540,286,false]},"author_info":{"display_name":"Redacci\u00f3n QP","author_link":"https:\/\/quehacerpolitico.mx\/?author=2"},"category_info":"<a href=\"https:\/\/quehacerpolitico.mx\/?cat=2\" rel=\"category\">Noticias<\/a>","tag_info":"Noticias","comment_count":"0","_links":{"self":[{"href":"https:\/\/quehacerpolitico.mx\/index.php?rest_route=\/wp\/v2\/posts\/101869","targetHints":{"allow":["GET"]}}],"collection":[{"href":"https:\/\/quehacerpolitico.mx\/index.php?rest_route=\/wp\/v2\/posts"}],"about":[{"href":"https:\/\/quehacerpolitico.mx\/index.php?rest_route=\/wp\/v2\/types\/post"}],"author":[{"embeddable":true,"href":"https:\/\/quehacerpolitico.mx\/index.php?rest_route=\/wp\/v2\/users\/2"}],"replies":[{"embeddable":true,"href":"https:\/\/quehacerpolitico.mx\/index.php?rest_route=%2Fwp%2Fv2%2Fcomments&post=101869"}],"version-history":[{"count":1,"href":"https:\/\/quehacerpolitico.mx\/index.php?rest_route=\/wp\/v2\/posts\/101869\/revisions"}],"predecessor-version":[{"id":101871,"href":"https:\/\/quehacerpolitico.mx\/index.php?rest_route=\/wp\/v2\/posts\/101869\/revisions\/101871"}],"wp:featuredmedia":[{"embeddable":true,"href":"https:\/\/quehacerpolitico.mx\/index.php?rest_route=\/wp\/v2\/media\/101870"}],"wp:attachment":[{"href":"https:\/\/quehacerpolitico.mx\/index.php?rest_route=%2Fwp%2Fv2%2Fmedia&parent=101869"}],"wp:term":[{"taxonomy":"category","embeddable":true,"href":"https:\/\/quehacerpolitico.mx\/index.php?rest_route=%2Fwp%2Fv2%2Fcategories&post=101869"},{"taxonomy":"post_tag","embeddable":true,"href":"https:\/\/quehacerpolitico.mx\/index.php?rest_route=%2Fwp%2Fv2%2Ftags&post=101869"}],"curies":[{"name":"wp","href":"https:\/\/api.w.org\/{rel}","templated":true}]}}