{"id":101846,"date":"2023-06-11T21:48:02","date_gmt":"2023-06-11T21:48:02","guid":{"rendered":"https:\/\/quehacerpolitico.mx\/?p=101846"},"modified":"2023-06-11T21:48:05","modified_gmt":"2023-06-11T21:48:05","slug":"ya-arranco-la-sesion-extraordinaria-del-consejo-nacional-de-morena-y-las-corcholatas-sabran-hoy-las-reglas-del-juego-para-saber-quien-sera-la-o-el-candidato-que-aspira-a-suceder-a-am","status":"publish","type":"post","link":"https:\/\/quehacerpolitico.mx\/?p=101846","title":{"rendered":"Ya arranc\u00f3 la sesi\u00f3n extraordinaria del Consejo Nacional de Morena y las \u2018corcholatas\u2019 sabr\u00e1n hoy las reglas del juego para saber qui\u00e9n ser\u00e1 la o el candidato que aspira a suceder a AMLO"},"content":{"rendered":"\n<p>Por Redacci\u00f3n QP<\/p>\n\n\n\n<p>Hoy definir\u00e1n el m\u00e9todo y el n\u00famero de encuestas para definir al candidato\u00a0presidencial; seis gobernadores expresaron su apoyo de manera oficial a la jefa de Gobierno de la CDMX<\/p>\n\n\n\n<figure class=\"wp-block-image\"><img decoding=\"async\" src=\"https:\/\/www.informador.mx\/__export\/1686484930859\/sites\/elinformador\/img\/2023\/06\/11\/mexico-ciudad_de_mexi_x11495641x_crop1686484928596.jpg_788543494.jpg\" alt=\"Marcelo Ebrard se toma una fotograf\u00eda durante la exposici\u00f3n \"\/><figcaption class=\"wp-element-caption\">Marcelo Ebrard se toma una fotograf\u00eda durante la exposici\u00f3n &#8220;Dinos en Los Pinos&#8221;. El secretario de Relaciones Exteriores mexicano lament\u00f3 las muestras de apoyo de gobernadores a Claudia Sheinbaum. XINHUA\/F. Ca\u00f1edo<\/figcaption><\/figure>\n\n\n\n<p>De cara al Consejo Nacional de Morena de hoy, comenz\u00f3 la cargada a favor de las aspiraciones presidenciales de la jefa de Gobierno, Claudia Sheinbaum, pues\u00a0<strong>al menos seis gobernadores y una secretaria de Estado expresaron abiertamente su simpat\u00eda hacia la mandataria capitalina.<\/strong><\/p>\n\n\n\n<figure class=\"wp-block-embed is-type-rich is-provider-twitter wp-block-embed-twitter\"><div class=\"wp-block-embed__wrapper\">\n<blockquote class=\"twitter-tweet\" data-width=\"550\" data-dnt=\"true\"><p lang=\"es\" dir=\"ltr\">As\u00ed fue el registro de los asistentes al Congreso Nacional de Morena <br><br>Este domingo 11 de junio, militancia, dirigencia, gobernadores y las &#39;corcholatas&#39; de Morena se dieron cita en una sede ubicada en la CDMX para iniciar con el proceso de selecci\u00f3n de su candidato presidencial\u2026 <a href=\"https:\/\/t.co\/kFtgCfPaoI\">pic.twitter.com\/kFtgCfPaoI<\/a><\/p>&mdash; Pol\u00edtico MX (@politicomx) <a href=\"https:\/\/twitter.com\/politicomx\/status\/1667971152944193537?ref_src=twsrc%5Etfw\">June 11, 2023<\/a><\/blockquote><script async src=\"https:\/\/platform.twitter.com\/widgets.js\" charset=\"utf-8\"><\/script>\n<\/div><\/figure>\n\n\n\n<figure class=\"wp-block-embed is-type-rich is-provider-twitter wp-block-embed-twitter\"><div class=\"wp-block-embed__wrapper\">\n<blockquote class=\"twitter-tweet\" data-width=\"550\" data-dnt=\"true\"><p lang=\"es\" dir=\"ltr\">Afuera del hotel donde se lleva a cabo la sesi\u00f3n del Consejo Nacional de Morena, ya se han dado cita simpatizantes de algunas de las corcholatas como Marcelo Ebrard y Ricardo Monreal.<br><br>\ud83d\udcf9 Salvador Corona <a href=\"https:\/\/t.co\/67tH5uyR3C\">pic.twitter.com\/67tH5uyR3C<\/a><\/p>&mdash; Ruido en la Red (@RuidoEnLaRed) <a href=\"https:\/\/twitter.com\/RuidoEnLaRed\/status\/1667984964799922177?ref_src=twsrc%5Etfw\">June 11, 2023<\/a><\/blockquote><script async src=\"https:\/\/platform.twitter.com\/widgets.js\" charset=\"utf-8\"><\/script>\n<\/div><\/figure>\n\n\n\n<p>En redes sociales, los gobernadores Salom\u00f3n Jara, de Oaxaca; Indira Vizca\u00edno, de Colima; Evelyn Salgado, de Guerrero; Layda Sansores, de Campeche, Mara Lezama, de Quintana Roo, y Am\u00e9rico Villarreal, de Tamaulipas, le mostraron su apoyo. Tambi\u00e9n lo hizo la secretaria de Energ\u00eda, Roc\u00edo Nahle, quien se\u00f1al\u00f3 que, con Sheinbaum, \u201chabr\u00e1\u201d continuidad.<\/p>\n\n\n\n<p>El primero en sumarse a la jefa de Gobierno fue Salom\u00f3n Jara, al publicar una foto juntos dentro del Congreso de la capital del pa\u00eds.<\/p>\n\n\n\n<p>\u201cLa transformaci\u00f3n verdadera ser\u00e1 con las mujeres o no ser\u00e1. Ellas han sido protagonistas de primera l\u00ednea para luchar contra las injusticias, conquistar derechos y construir un pa\u00eds igualitario de libertades. Por eso, en M\u00e9xico estamos listos para que sean ellas quienes conduzcan nuestro proyecto. \u00a1En M\u00e9xico es tiempo de las mujeres!\u201d, indic\u00f3 el oaxaque\u00f1o.<\/p>\n\n\n\n<p>La gobernadora del Estado de Colima public\u00f3 tambi\u00e9n en redes una foto donde se muestra sonriente junto a la \u00fanica mujer \u201ccorcholata\u201d de Andr\u00e9s Manuel L\u00f3pez Obrador. Igualmente, Evelyn Salgado Pineda, gobernadora de Guerrero, celebr\u00f3 la inclusi\u00f3n hist\u00f3rica de las mujeres a la conquista por la Presidencia de M\u00e9xico en 2024.<\/p>\n\n\n\n<p>Tambi\u00e9n con im\u00e1genes junto a la mandataria, los gobernadores Layda Sansores y Am\u00e9rico Villarreal destacaron las cualidades de Sheinbaum para escalar hacia la silla presidencial.<\/p>\n\n\n\n<p><strong>Marcan fecha para renuncia<\/strong><\/p>\n\n\n\n<p>En tanto, el Consejo Nacional de Morena votar\u00e1 un acuerdo para que las \u201ccorcholatas\u201d&nbsp;<strong>dejen su cargo a m\u00e1s tardar el 15 de junio, a fin de participar en el proceso interno para elegir al candidato presidencial.<\/strong><\/p>\n\n\n\n<p>Fuentes de Morena consultadas se\u00f1alaron que a\u00fan no hay un acuerdo sobre el n\u00famero de encuestas que realizar\u00e1 el partido para definir al coordinador de los Comit\u00e9s de Defensa de la Cuarta Transformaci\u00f3n 2024.<\/p>\n\n\n\n<p>Algunos consejeros proponen que solamente se realice una encuesta con los perfiles m\u00e1s destacados: la jefa de Gobierno de la Ciudad de M\u00e9xico, Claudia Sheinbaum; el canciller Marcelo Ebrard; el secretario de Gobernaci\u00f3n, Ad\u00e1n Augusto L\u00f3pez, y el senador Ricardo Monreal.<\/p>\n\n\n\n<p>En este ejercicio tambi\u00e9n entrar\u00eda Gerardo Fern\u00e1ndez Noro\u00f1a, del Partido del Trabajo, y Manuel Velasco, del Partido Verde.<\/p>\n\n\n\n<figure class=\"wp-block-image\"><img decoding=\"async\" src=\"https:\/\/www.informador.mx\/__export\/1686484799701\/sites\/elinformador\/img\/2023\/06\/11\/eum_i_20230610_642185_x11497217x_crop1686484798834.jpg_70287019.jpg\" alt=\"\"\/><figcaption class=\"wp-element-caption\">SUN&nbsp;<\/figcaption><\/figure>\n\n\n\n<h4 class=\"wp-block-heading\">Claudia Sheinbaum agradece apoyos<\/h4>\n\n\n\n<p>La jefa de Gobierno de la Ciudad de M\u00e9xico, Claudia Sheinbaum agradeci\u00f3 las muestras de apoyo, aunque solicit\u00f3 esperar al Consejo Nacional de Morena que se realizar\u00e1 hoy.<\/p>\n\n\n\n<figure class=\"wp-block-embed is-type-rich is-provider-twitter wp-block-embed-twitter\"><div class=\"wp-block-embed__wrapper\">\n<blockquote class=\"twitter-tweet\" data-width=\"550\" data-dnt=\"true\"><p lang=\"es\" dir=\"ltr\">Entre gritos de \u201cunidad, unidad\u201d lleg\u00f3 la jefa de Gobierno de CDMX, Claudia Sheinbaum al Consejo Nacional de Morena.<br><br>V\u00eda Javier Navarro &#8211; <a href=\"https:\/\/twitter.com\/Radio_Formula?ref_src=twsrc%5Etfw\">@radio_formula<\/a> <a href=\"https:\/\/t.co\/EzOS2AqKmi\">pic.twitter.com\/EzOS2AqKmi<\/a><\/p>&mdash; Joaqu\u00edn L\u00f3pez-D\u00f3riga (@lopezdoriga) <a href=\"https:\/\/twitter.com\/lopezdoriga\/status\/1667996048080379908?ref_src=twsrc%5Etfw\">June 11, 2023<\/a><\/blockquote><script async src=\"https:\/\/platform.twitter.com\/widgets.js\" charset=\"utf-8\"><\/script>\n<\/div><\/figure>\n\n\n\n<p>En sus redes sociales dijo:\u00a0<strong>\u201cAgradezco las muestras de apoyo y afecto que me han brindado algun@s\u00a0compa\u00f1er@s de nuestro movimiento que tienen encargos p\u00fablicos relevantes\u201d.<\/strong><\/p>\n\n\n\n<figure class=\"wp-block-embed is-type-rich is-provider-twitter wp-block-embed-twitter\"><div class=\"wp-block-embed__wrapper\">\n<blockquote class=\"twitter-tweet\" data-width=\"550\" data-dnt=\"true\"><p lang=\"es\" dir=\"ltr\">\u2018Piso parejo, piso parejo\u2019 fueron los coros con que simpatizantes morenistas recibieron a <a href=\"https:\/\/twitter.com\/Claudiashein?ref_src=twsrc%5Etfw\">@Claudiashein<\/a> <br><br>Ella respond\u00eda \u2018Unidad, unidad\u2019<br><br>\ud83d\udcf7 : <a href=\"https:\/\/twitter.com\/_UrielGar?ref_src=twsrc%5Etfw\">@_UrielGar<\/a> <a href=\"https:\/\/t.co\/Ug2cqo9bqg\">pic.twitter.com\/Ug2cqo9bqg<\/a><\/p>&mdash; Ruido en la Red (@RuidoEnLaRed) <a href=\"https:\/\/twitter.com\/RuidoEnLaRed\/status\/1667992651709153280?ref_src=twsrc%5Etfw\">June 11, 2023<\/a><\/blockquote><script async src=\"https:\/\/platform.twitter.com\/widgets.js\" charset=\"utf-8\"><\/script>\n<\/div><\/figure>\n\n\n\n<figure class=\"wp-block-embed is-type-rich is-provider-twitter wp-block-embed-twitter\"><div class=\"wp-block-embed__wrapper\">\n<blockquote class=\"twitter-tweet\" data-width=\"550\" data-dnt=\"true\"><p lang=\"es\" dir=\"ltr\">La Jefa de Gobierno <a href=\"https:\/\/twitter.com\/Claudiashein?ref_src=twsrc%5Etfw\">@Claudiashein<\/a> lleg\u00f3 visiblemente entusiasmada a la sesi\u00f3n del Consejo Nacional de Morena. <br><br>\u201cLo m\u00e1s importante es que el movimiento est\u00e1 m\u00e1s unido que nunca\u201d, recalc\u00f3.<br><br>\ud83d\udcf7 : <a href=\"https:\/\/twitter.com\/_UrielGar?ref_src=twsrc%5Etfw\">@_UrielGar<\/a> <a href=\"https:\/\/t.co\/q8n1lP2eAA\">pic.twitter.com\/q8n1lP2eAA<\/a><\/p>&mdash; Ruido en la Red (@RuidoEnLaRed) <a href=\"https:\/\/twitter.com\/RuidoEnLaRed\/status\/1667990809201745920?ref_src=twsrc%5Etfw\">June 11, 2023<\/a><\/blockquote><script async src=\"https:\/\/platform.twitter.com\/widgets.js\" charset=\"utf-8\"><\/script>\n<\/div><\/figure>\n\n\n\n<p>Sin embargo, es importante esperar al Consejo Nacional &nbsp;para considerar los tiempos y las caracter\u00edsticas de este nuevo proceso que inicia a partir de ma\u00f1ana (hoy). Recordemos que en unidad somos invencibles\u201d, sostuvo.<\/p>\n\n\n\n<p>Sin actividades p\u00fablicas, la jefa de Gobierno, realiz\u00f3 actividades privadas que dio a conocer en sus redes sociales.<\/p>\n\n\n\n<p>Por la ma\u00f1ana, visit\u00f3 la Secretar\u00eda de Seguridad Ciudadana, tambi\u00e9n supervis\u00f3 \u00a0la L\u00ednea 1 del Metro, por \u00faltimo visit\u00f3 la planta solar y la planta de biodi\u00e9sel de la Central de Abasto.<\/p>\n\n\n\n<figure class=\"wp-block-image\"><img decoding=\"async\" src=\"https:\/\/www.informador.mx\/__export\/1686484764761\/sites\/elinformador\/img\/2023\/06\/11\/eum_i_20230610_642186_x11497221x_crop1686484763570.jpg_69363498.jpg\" alt=\"\"\/><figcaption class=\"wp-element-caption\">SUN&nbsp;<\/figcaption><\/figure>\n\n\n\n<h4 class=\"wp-block-heading\">Ebrard lamenta el \u201capoyo oficial\u201d<\/h4>\n\n\n\n<p>El a\u00fan canciller, Marcelo Ebrard, lament\u00f3 lo que calific\u00f3 de \u201ccargada oficial\u201d de gobernadores a favor de otras \u201ccorcholatas\u201d presidenciales como Claudia Sheinbaum.<\/p>\n\n\n\n<figure class=\"wp-block-embed is-type-rich is-provider-twitter wp-block-embed-twitter\"><div class=\"wp-block-embed__wrapper\">\n<blockquote class=\"twitter-tweet\" data-width=\"550\" data-dnt=\"true\"><p lang=\"es\" dir=\"ltr\"><a href=\"https:\/\/twitter.com\/hashtag\/PMX2024?src=hash&amp;ref_src=twsrc%5Etfw\">#PMX2024<\/a> I \u201cMarcelo al 100, todo va a estar bien\u201d, as\u00ed recibieron a Ebrard<br><br>El canciller <a href=\"https:\/\/twitter.com\/m_ebrard?ref_src=twsrc%5Etfw\">@m_ebrard<\/a> lleg\u00f3 al c\u00f3nclave de Morena entre porras de \u00a1Presidente, presidente!, donde sus simpatizantes coreaban adem\u00e1s uno de los lemas recientemente pronunciados por el aspirante a la\u2026 <a href=\"https:\/\/t.co\/IkJZQefjgG\">pic.twitter.com\/IkJZQefjgG<\/a><\/p>&mdash; Pol\u00edtico MX (@politicomx) <a href=\"https:\/\/twitter.com\/politicomx\/status\/1667999964515926020?ref_src=twsrc%5Etfw\">June 11, 2023<\/a><\/blockquote><script async src=\"https:\/\/platform.twitter.com\/widgets.js\" charset=\"utf-8\"><\/script>\n<\/div><\/figure>\n\n\n\n<p>En v\u00edsperas del Consejo Nacional de Morena, apunt\u00f3:&nbsp;<strong>\u201cLo mismo gobernadoras y gobernadores, que aprovechen sus \u00faltimos mensajes de la cargada oficial.&nbsp;El lunes ya no podr\u00e1n\u201d.<\/strong><\/p>\n\n\n\n<p>En entrevista al t\u00e9rmino de la Exposici\u00f3n Dinos en Los Pinos, dijo que est\u00e1s pr\u00e1cticas son del viejo PRI y est\u00e1n \u201cmuy mal, muy mal\u201d.<\/p>\n\n\n\n<figure class=\"wp-block-embed is-type-rich is-provider-twitter wp-block-embed-twitter\"><div class=\"wp-block-embed__wrapper\">\n<blockquote class=\"twitter-tweet\" data-width=\"550\" data-dnt=\"true\"><p lang=\"es\" dir=\"ltr\">El que lleg\u00f3 con propuestas concretas fue <a href=\"https:\/\/twitter.com\/m_ebrard?ref_src=twsrc%5Etfw\">@m_ebrard<\/a>:<br><br>\ud83d\udd18 Separaci\u00f3n del cargo<br>\ud83d\udd18 Encuesta simple y transparente<br>\ud83d\udd18 Debates p\u00fablicos <br><br>\ud83d\udcf9 <a href=\"https:\/\/twitter.com\/_UrielGar?ref_src=twsrc%5Etfw\">@_UrielGar<\/a> <a href=\"https:\/\/t.co\/CZW6oKykmE\">pic.twitter.com\/CZW6oKykmE<\/a><\/p>&mdash; Ruido en la Red (@RuidoEnLaRed) <a href=\"https:\/\/twitter.com\/RuidoEnLaRed\/status\/1668009165283897345?ref_src=twsrc%5Etfw\">June 11, 2023<\/a><\/blockquote><script async src=\"https:\/\/platform.twitter.com\/widgets.js\" charset=\"utf-8\"><\/script>\n<\/div><\/figure>\n\n\n\n<p>Sin embargo,&nbsp;<strong>coment\u00f3 que est\u00e1 muy optimista de los acuerdos que se plasmar\u00e1n en el Consejo Nacional de Morena y acentu\u00f3 que, por regla, todas las \u201ccorcholatas\u201d tendr\u00e1n que renunciar a sus cargos.<\/strong><\/p>\n\n\n\n<p>El todav\u00eda titular de Relaciones Exteriores aprovechar\u00e1 las \u00faltimas horas en el cargo y previo al Consejo Nacional de Morena viajar\u00e1 a Chiapas a invitaci\u00f3n de su amigo, P\u00edo L\u00f3pez Obrador.<\/p>\n\n\n\n<figure class=\"wp-block-image\"><img decoding=\"async\" src=\"https:\/\/www.informador.mx\/__export\/1686484729371\/sites\/elinformador\/img\/2023\/06\/11\/eum_i_20230610_642187_x11497222x_crop1686484727771.jpg_70287019.jpg\" alt=\"\"\/><figcaption class=\"wp-element-caption\">SUN&nbsp;<\/figcaption><\/figure>\n\n\n\n<h4 class=\"wp-block-heading\">Hoy se enterar\u00e1n: Ad\u00e1n Augusto<\/h4>\n\n\n\n<p>Entre gritos de: \u201c\u00a1Presidente, presidente!\u201d, fue recibido en una comunidad ind\u00edgena de Chiapas el secretario de Gobernaci\u00f3n, Ad\u00e1n Augusto L\u00f3pez, quien apunt\u00f3: \u201cEste domingo ya se enterar\u00e1n\u201d, en clara alusi\u00f3n del Consejo Nacional de Morena donde se definir\u00e1n las reglas para elegir al candidato presidencial.<\/p>\n\n\n\n<figure class=\"wp-block-embed is-type-rich is-provider-twitter wp-block-embed-twitter\"><div class=\"wp-block-embed__wrapper\">\n<blockquote class=\"twitter-tweet\" data-width=\"550\" data-dnt=\"true\"><p lang=\"es\" dir=\"ltr\"><a href=\"https:\/\/twitter.com\/hashtag\/PMX2024?src=hash&amp;ref_src=twsrc%5Etfw\">#PMX2024<\/a> I <a href=\"https:\/\/twitter.com\/adan_augusto?ref_src=twsrc%5Etfw\">@adan_augusto<\/a> lleg\u00f3 al Consejo Nacional de Morena y pidi\u00f3 \u201cunidad y lealtad\u201d<br><br>El secretario de Gobernaci\u00f3n afirm\u00f3 a su llegada al evento de su partido que no votar\u00e1 pues caer\u00eda en \u2018conflicto de intereses\u2019 por lo que pedir\u00e1 se le excuse de votar en el Consejo. <a href=\"https:\/\/t.co\/yAKGK4EgaD\">pic.twitter.com\/yAKGK4EgaD<\/a><\/p>&mdash; Pol\u00edtico MX (@politicomx) <a href=\"https:\/\/twitter.com\/politicomx\/status\/1667997168295202826?ref_src=twsrc%5Etfw\">June 11, 2023<\/a><\/blockquote><script async src=\"https:\/\/platform.twitter.com\/widgets.js\" charset=\"utf-8\"><\/script>\n<\/div><\/figure>\n\n\n\n<p>En Chiapas ante m\u00e1s de 25 mil personas, afirm\u00f3: \u201cEs posiblemente la \u00faltima vez que vengo como secretario de Gobernaci\u00f3n y como representante del Presidente de la Rep\u00fablica. Y como estamos en una tarde de confesiones, les digo, vamos a hacer todo para que se le vuelva a hacer al sureste de M\u00e9xico. Apoyemos con todo al Presidente Andr\u00e9s Manuel L\u00f3pez Obrador. La transformaci\u00f3n de la patria va a seguir. Se va a consolidar y sabemos que tenemos que hacerlo en unidad y con lealtad, con lealtad a un proyecto de naci\u00f3n&#8221;, recalc\u00f3.<\/p>\n\n\n\n<figure class=\"wp-block-embed is-type-rich is-provider-twitter wp-block-embed-twitter\"><div class=\"wp-block-embed__wrapper\">\n<blockquote class=\"twitter-tweet\" data-width=\"550\" data-dnt=\"true\"><p lang=\"es\" dir=\"ltr\">Llega <a href=\"https:\/\/twitter.com\/adan_augusto?ref_src=twsrc%5Etfw\">@adan_augusto<\/a>  al Consejo Nacional de Morena <br><br>Pedir\u00e1 no votar como gobernador de Tabasco con licencia para evitar conflicto de inter\u00e9s<br><br>[\u00a0\ud83d\udcf9<a href=\"https:\/\/twitter.com\/El_Universal_Mx?ref_src=twsrc%5Etfw\">@El_Universal_Mx<\/a>] <a href=\"https:\/\/t.co\/QqLVYQGYUq\">pic.twitter.com\/QqLVYQGYUq<\/a><\/p>&mdash; Manuel Lopez San Martin (@MLopezSanMartin) <a href=\"https:\/\/twitter.com\/MLopezSanMartin\/status\/1667996173733597185?ref_src=twsrc%5Etfw\">June 11, 2023<\/a><\/blockquote><script async src=\"https:\/\/platform.twitter.com\/widgets.js\" charset=\"utf-8\"><\/script>\n<\/div><\/figure>\n\n\n\n<p><strong>Sostuvo su compromiso de seguir la obra del Presidente<\/strong>\u00a0y adelant\u00f3: \u201cSeguramente el domingo en la noche ya se enterar\u00e1n\u201d.<\/p>\n\n\n\n<figure class=\"wp-block-image\"><img decoding=\"async\" src=\"https:\/\/www.informador.mx\/__export\/1686484671769\/sites\/elinformador\/img\/2023\/06\/11\/eum_i_20230610_642189_x11497227x_crop1686484670419.jpg_70287019.jpg\" alt=\"\"\/><figcaption class=\"wp-element-caption\">SUN&nbsp;<\/figcaption><\/figure>\n\n\n\n<h4 class=\"wp-block-heading\">Ser\u00eda suicida dejar la 4T: Noro\u00f1a<\/h4>\n\n\n\n<p>El diputado federal del Partido del Trabajo (PT), Gerardo Fern\u00e1ndez Noro\u00f1a, afirm\u00f3 que ser\u00eda suicida e irresponsable que por no ganar la contienda interna, cualquiera de los aspirantes decidiera irse del movimiento (Morena-PT-PVEM) para ser abanderado de otra fuerza pol\u00edtica por la Presidencia de la Rep\u00fablica, ya que con ello se pondr\u00eda el riesgo el triunfo del movimiento y el proceso de transformaci\u00f3n.<\/p>\n\n\n\n<figure class=\"wp-block-embed is-type-rich is-provider-twitter wp-block-embed-twitter\"><div class=\"wp-block-embed__wrapper\">\n<blockquote class=\"twitter-tweet\" data-width=\"550\" data-dnt=\"true\"><p lang=\"es\" dir=\"ltr\">Una de las corcholatas, Gerardo <a href=\"https:\/\/twitter.com\/fernandeznorona?ref_src=twsrc%5Etfw\">@fernandeznorona<\/a>, lleg\u00f3 de muy buen humor.<br><br>\u201cQu\u00e9 tiene que llegue Marcelo si ya llegu\u00e9 yo, caray&quot;, dice entre risas. <br><br>\ud83d\udcf9 Carlos Guzm\u00e1n. <a href=\"https:\/\/t.co\/nI7c3LRFTm\">pic.twitter.com\/nI7c3LRFTm<\/a><\/p>&mdash; Ruido en la Red (@RuidoEnLaRed) <a href=\"https:\/\/twitter.com\/RuidoEnLaRed\/status\/1667986456818728964?ref_src=twsrc%5Etfw\">June 11, 2023<\/a><\/blockquote><script async src=\"https:\/\/platform.twitter.com\/widgets.js\" charset=\"utf-8\"><\/script>\n<\/div><\/figure>\n\n\n\n<p>Sin embargo,&nbsp;<strong>Fern\u00e1ndez&nbsp;Noro\u00f1a, estim\u00f3 que ninguno de quienes aspiran a la candidatura presidencial&nbsp;est\u00e1n en esa l\u00f3gica; pero&nbsp;extern\u00f3&nbsp;su preocupaci\u00f3n por las campa\u00f1as de denuestos, intrigas, mentiras y de lodo,<\/strong>&nbsp;que ciertos integrantes de los equipos de aspirantes, emprenden contra otros contendientes para tratar de frenar su crecimiento.<\/p>\n\n\n\n<p>Agreg\u00f3 que est\u00e1 invitado a la reuni\u00f3n del Consejo Nacional de Morena, junto con los cuatro militantes de Morena (Claudia Sheimbaum, Marcelo Ebrard, Ad\u00e1n Augusto L\u00f3pez y Ricardo Monreal), adem\u00e1s de Manuel Velasco, del PVEM.<\/p>\n\n\n\n<figure class=\"wp-block-image\"><img decoding=\"async\" src=\"https:\/\/www.informador.mx\/__export\/1686484696784\/sites\/elinformador\/img\/2023\/06\/11\/eum20230609pol17_x11490000x_crop1686484695678.jpg_70287019.jpg\" alt=\"\"\/><figcaption class=\"wp-element-caption\">SUN&nbsp;<\/figcaption><\/figure>\n\n\n\n<h4 class=\"wp-block-heading\">Ser\u00e9 factor de unidad: Monreal &nbsp;<\/h4>\n\n\n\n<p>El senador Ricardo Monreal afirm\u00f3 que ser\u00e1 factor de unidad en el partido y\u00a0<strong>afirm\u00f3 de manera categ\u00f3rica que va a respetar y a honrar lo que resulte en las encuestas.<\/strong><\/p>\n\n\n\n<figure class=\"wp-block-embed is-type-rich is-provider-twitter wp-block-embed-twitter\"><div class=\"wp-block-embed__wrapper\">\n<blockquote class=\"twitter-tweet\" data-width=\"550\" data-dnt=\"true\"><p lang=\"es\" dir=\"ltr\">Llegamos a la reuni\u00f3n de MORENA; hoy se fijar\u00e1n las reglas para el 2024. Agradezco el recibimiento a todas y todos mis compa\u00f1eros. <a href=\"https:\/\/t.co\/FUWQa4ediT\">pic.twitter.com\/FUWQa4ediT<\/a><\/p>&mdash; Ricardo Monreal A. (@RicardoMonrealA) <a href=\"https:\/\/twitter.com\/RicardoMonrealA\/status\/1667983119519981570?ref_src=twsrc%5Etfw\">June 11, 2023<\/a><\/blockquote><script async src=\"https:\/\/platform.twitter.com\/widgets.js\" charset=\"utf-8\"><\/script>\n<\/div><\/figure>\n\n\n\n<figure class=\"wp-block-embed is-type-rich is-provider-twitter wp-block-embed-twitter\"><div class=\"wp-block-embed__wrapper\">\n<blockquote class=\"twitter-tweet\" data-width=\"550\" data-dnt=\"true\"><p lang=\"es\" dir=\"ltr\">Simpatizantes de Monreal entonan porras en su apoyo <br><br>Luego de la llegada del zacatecano, <a href=\"https:\/\/twitter.com\/RicardoMonrealA?ref_src=twsrc%5Etfw\">@RicardoMonrealA<\/a>  al Consejo Nacional de Morena, los militantes que acudieron al c\u00f3nclave continuaron con las porras, &quot;\u00a1 De aqu\u00ed pal real, todos con Monreal!&quot; <a href=\"https:\/\/t.co\/1yChQNjMpp\">pic.twitter.com\/1yChQNjMpp<\/a><\/p>&mdash; Pol\u00edtico MX (@politicomx) <a href=\"https:\/\/twitter.com\/politicomx\/status\/1667992932245282816?ref_src=twsrc%5Etfw\">June 11, 2023<\/a><\/blockquote><script async src=\"https:\/\/platform.twitter.com\/widgets.js\" charset=\"utf-8\"><\/script>\n<\/div><\/figure>\n\n\n\n<p>En rueda de prensa en Culiac\u00e1n dijo sobre sus adversarios reiter\u00f3 que les tiene cari\u00f1o y amistad con los tres.<\/p>\n\n\n\n<p>Dijo que cualquiera de los cuatro puede ofrecer al pa\u00eds profundizaci\u00f3n de la vida democr\u00e1tica y de la transici\u00f3n pol\u00edtica que M\u00e9xico vive desde el 18.<\/p>\n\n\n\n<p>Tambi\u00e9n insisti\u00f3 en que \u00e9l se siente el m\u00e1s capaz por su amplia trayectoria pol\u00edtica.<\/p>\n\n\n\n<figure class=\"wp-block-embed is-type-rich is-provider-twitter wp-block-embed-twitter\"><div class=\"wp-block-embed__wrapper\">\n<blockquote class=\"twitter-tweet\" data-width=\"550\" data-dnt=\"true\"><p lang=\"es\" dir=\"ltr\"><a href=\"https:\/\/twitter.com\/hashtag\/PMX2024?src=hash&amp;ref_src=twsrc%5Etfw\">#PMX2024<\/a> I \u00a1De aqu\u00ed pal real, todos con Monreal!<br><br>El senador morenista <a href=\"https:\/\/twitter.com\/RicardoMonrealA?ref_src=twsrc%5Etfw\">@RicardoMonrealA<\/a> hizo su llegada al filo de las 13:00 horas a la sede donde este domingo se llevar\u00e1 a cabo el Consejo Nacional de Morena, entre porras de \u201c\u00a1Unidad! y \u00a1presidente, presidente!, el zacatecano\u2026 <a href=\"https:\/\/t.co\/nzMoLZbh0h\">pic.twitter.com\/nzMoLZbh0h<\/a><\/p>&mdash; Pol\u00edtico MX (@politicomx) <a href=\"https:\/\/twitter.com\/politicomx\/status\/1667973254504390658?ref_src=twsrc%5Etfw\">June 11, 2023<\/a><\/blockquote><script async src=\"https:\/\/platform.twitter.com\/widgets.js\" charset=\"utf-8\"><\/script>\n<\/div><\/figure>\n\n\n\n<p>Dijo que no va a ser instrumento de divisi\u00f3n, que no est\u00e1 pensando salirse de Morena, aunque no le vaya bien en la encuesta, aunque no le toque nada, y que si ese es el caso se dedicar\u00e1 a ser maestro.<\/p>\n\n\n\n<p>Hizo mucho hincapi\u00e9 en que no va a traicionar a Morena, ni al Presidente de la Rep\u00fablica.<\/p>\n","protected":false},"excerpt":{"rendered":"<p>Por Redacci\u00f3n QP Hoy definir\u00e1n el m\u00e9todo y el n\u00famero de encuestas para definir al&#8230;<\/p>\n","protected":false},"author":2,"featured_media":101847,"comment_status":"open","ping_status":"open","sticky":false,"template":"","format":"standard","meta":{"_monsterinsights_skip_tracking":false,"_monsterinsights_sitenote_active":false,"_monsterinsights_sitenote_note":"","_monsterinsights_sitenote_category":0,"footnotes":""},"categories":[2],"tags":[],"class_list":["post-101846","post","type-post","status-publish","format-standard","has-post-thumbnail","hentry","category-noticias"],"yoast_head":"<!-- This site is optimized with the Yoast SEO plugin v27.3 - https:\/\/yoast.com\/product\/yoast-seo-wordpress\/ -->\n<title>Ya arranc\u00f3 la sesi\u00f3n extraordinaria del Consejo Nacional de Morena y las \u2018corcholatas\u2019 sabr\u00e1n hoy las reglas del juego para saber qui\u00e9n ser\u00e1 la o el candidato que aspira a suceder a AMLO -<\/title>\n<meta name=\"robots\" content=\"index, follow, max-snippet:-1, max-image-preview:large, max-video-preview:-1\" \/>\n<link rel=\"canonical\" href=\"https:\/\/quehacerpolitico.mx\/?p=101846\" \/>\n<meta property=\"og:locale\" content=\"es_MX\" \/>\n<meta property=\"og:type\" content=\"article\" \/>\n<meta property=\"og:title\" content=\"Ya arranc\u00f3 la sesi\u00f3n extraordinaria del Consejo Nacional de Morena y las \u2018corcholatas\u2019 sabr\u00e1n hoy las reglas del juego para saber qui\u00e9n ser\u00e1 la o el candidato que aspira a suceder a AMLO -\" \/>\n<meta property=\"og:description\" content=\"Por Redacci\u00f3n QP Hoy definir\u00e1n el m\u00e9todo y el n\u00famero de encuestas para definir al...\" \/>\n<meta property=\"og:url\" content=\"https:\/\/quehacerpolitico.mx\/?p=101846\" \/>\n<meta property=\"article:published_time\" content=\"2023-06-11T21:48:02+00:00\" \/>\n<meta property=\"article:modified_time\" content=\"2023-06-11T21:48:05+00:00\" \/>\n<meta property=\"og:image\" content=\"https:\/\/quehacerpolitico.mx\/wp-content\/uploads\/2023\/06\/IMG_8377.jpeg\" \/>\n\t<meta property=\"og:image:width\" content=\"1284\" \/>\n\t<meta property=\"og:image:height\" content=\"692\" \/>\n\t<meta property=\"og:image:type\" content=\"image\/jpeg\" \/>\n<meta name=\"author\" content=\"Redacci\u00f3n QP\" \/>\n<meta name=\"twitter:card\" content=\"summary_large_image\" \/>\n<meta name=\"twitter:label1\" content=\"Escrito por\" \/>\n\t<meta name=\"twitter:data1\" content=\"Redacci\u00f3n QP\" \/>\n\t<meta name=\"twitter:label2\" content=\"Tiempo de lectura\" \/>\n\t<meta name=\"twitter:data2\" content=\"7 minutos\" \/>\n<script type=\"application\/ld+json\" class=\"yoast-schema-graph\">{\"@context\":\"https:\\\/\\\/schema.org\",\"@graph\":[{\"@type\":\"Article\",\"@id\":\"https:\\\/\\\/quehacerpolitico.mx\\\/?p=101846#article\",\"isPartOf\":{\"@id\":\"https:\\\/\\\/quehacerpolitico.mx\\\/?p=101846\"},\"author\":{\"name\":\"Redacci\u00f3n QP\",\"@id\":\"https:\\\/\\\/quehacerpolitico.mx\\\/#\\\/schema\\\/person\\\/496d8ad2d1d3f8036101dca7ee39e585\"},\"headline\":\"Ya arranc\u00f3 la sesi\u00f3n extraordinaria del Consejo Nacional de Morena y las \u2018corcholatas\u2019 sabr\u00e1n hoy las reglas del juego para saber qui\u00e9n ser\u00e1 la o el candidato que aspira a suceder a AMLO\",\"datePublished\":\"2023-06-11T21:48:02+00:00\",\"dateModified\":\"2023-06-11T21:48:05+00:00\",\"mainEntityOfPage\":{\"@id\":\"https:\\\/\\\/quehacerpolitico.mx\\\/?p=101846\"},\"wordCount\":1526,\"commentCount\":0,\"image\":{\"@id\":\"https:\\\/\\\/quehacerpolitico.mx\\\/?p=101846#primaryimage\"},\"thumbnailUrl\":\"https:\\\/\\\/quehacerpolitico.mx\\\/wp-content\\\/uploads\\\/2023\\\/06\\\/IMG_8377.jpeg\",\"articleSection\":[\"Noticias\"],\"inLanguage\":\"es\",\"potentialAction\":[{\"@type\":\"CommentAction\",\"name\":\"Comment\",\"target\":[\"https:\\\/\\\/quehacerpolitico.mx\\\/?p=101846#respond\"]}]},{\"@type\":\"WebPage\",\"@id\":\"https:\\\/\\\/quehacerpolitico.mx\\\/?p=101846\",\"url\":\"https:\\\/\\\/quehacerpolitico.mx\\\/?p=101846\",\"name\":\"Ya arranc\u00f3 la sesi\u00f3n extraordinaria del Consejo Nacional de Morena y las \u2018corcholatas\u2019 sabr\u00e1n hoy las reglas del juego para saber qui\u00e9n ser\u00e1 la o el candidato que aspira a suceder a AMLO -\",\"isPartOf\":{\"@id\":\"https:\\\/\\\/quehacerpolitico.mx\\\/#website\"},\"primaryImageOfPage\":{\"@id\":\"https:\\\/\\\/quehacerpolitico.mx\\\/?p=101846#primaryimage\"},\"image\":{\"@id\":\"https:\\\/\\\/quehacerpolitico.mx\\\/?p=101846#primaryimage\"},\"thumbnailUrl\":\"https:\\\/\\\/quehacerpolitico.mx\\\/wp-content\\\/uploads\\\/2023\\\/06\\\/IMG_8377.jpeg\",\"datePublished\":\"2023-06-11T21:48:02+00:00\",\"dateModified\":\"2023-06-11T21:48:05+00:00\",\"author\":{\"@id\":\"https:\\\/\\\/quehacerpolitico.mx\\\/#\\\/schema\\\/person\\\/496d8ad2d1d3f8036101dca7ee39e585\"},\"breadcrumb\":{\"@id\":\"https:\\\/\\\/quehacerpolitico.mx\\\/?p=101846#breadcrumb\"},\"inLanguage\":\"es\",\"potentialAction\":[{\"@type\":\"ReadAction\",\"target\":[\"https:\\\/\\\/quehacerpolitico.mx\\\/?p=101846\"]}]},{\"@type\":\"ImageObject\",\"inLanguage\":\"es\",\"@id\":\"https:\\\/\\\/quehacerpolitico.mx\\\/?p=101846#primaryimage\",\"url\":\"https:\\\/\\\/quehacerpolitico.mx\\\/wp-content\\\/uploads\\\/2023\\\/06\\\/IMG_8377.jpeg\",\"contentUrl\":\"https:\\\/\\\/quehacerpolitico.mx\\\/wp-content\\\/uploads\\\/2023\\\/06\\\/IMG_8377.jpeg\",\"width\":1284,\"height\":692},{\"@type\":\"BreadcrumbList\",\"@id\":\"https:\\\/\\\/quehacerpolitico.mx\\\/?p=101846#breadcrumb\",\"itemListElement\":[{\"@type\":\"ListItem\",\"position\":1,\"name\":\"Inicio\",\"item\":\"https:\\\/\\\/quehacerpolitico.mx\\\/\"},{\"@type\":\"ListItem\",\"position\":2,\"name\":\"Ya arranc\u00f3 la sesi\u00f3n extraordinaria del Consejo Nacional de Morena y las \u2018corcholatas\u2019 sabr\u00e1n hoy las reglas del juego para saber qui\u00e9n ser\u00e1 la o el candidato que aspira a suceder a AMLO\"}]},{\"@type\":\"WebSite\",\"@id\":\"https:\\\/\\\/quehacerpolitico.mx\\\/#website\",\"url\":\"https:\\\/\\\/quehacerpolitico.mx\\\/\",\"name\":\"\",\"description\":\"\",\"potentialAction\":[{\"@type\":\"SearchAction\",\"target\":{\"@type\":\"EntryPoint\",\"urlTemplate\":\"https:\\\/\\\/quehacerpolitico.mx\\\/?s={search_term_string}\"},\"query-input\":{\"@type\":\"PropertyValueSpecification\",\"valueRequired\":true,\"valueName\":\"search_term_string\"}}],\"inLanguage\":\"es\"},{\"@type\":\"Person\",\"@id\":\"https:\\\/\\\/quehacerpolitico.mx\\\/#\\\/schema\\\/person\\\/496d8ad2d1d3f8036101dca7ee39e585\",\"name\":\"Redacci\u00f3n QP\",\"image\":{\"@type\":\"ImageObject\",\"inLanguage\":\"es\",\"@id\":\"https:\\\/\\\/secure.gravatar.com\\\/avatar\\\/c7164ed6fdec453195284ad24a5ae5b6e1eed2b848477fa2a4787ba9adf39a41?s=96&d=mm&r=g\",\"url\":\"https:\\\/\\\/secure.gravatar.com\\\/avatar\\\/c7164ed6fdec453195284ad24a5ae5b6e1eed2b848477fa2a4787ba9adf39a41?s=96&d=mm&r=g\",\"contentUrl\":\"https:\\\/\\\/secure.gravatar.com\\\/avatar\\\/c7164ed6fdec453195284ad24a5ae5b6e1eed2b848477fa2a4787ba9adf39a41?s=96&d=mm&r=g\",\"caption\":\"Redacci\u00f3n QP\"},\"url\":\"https:\\\/\\\/quehacerpolitico.mx\\\/?author=2\"}]}<\/script>\n<!-- \/ Yoast SEO plugin. -->","yoast_head_json":{"title":"Ya arranc\u00f3 la sesi\u00f3n extraordinaria del Consejo Nacional de Morena y las \u2018corcholatas\u2019 sabr\u00e1n hoy las reglas del juego para saber qui\u00e9n ser\u00e1 la o el candidato que aspira a suceder a AMLO -","robots":{"index":"index","follow":"follow","max-snippet":"max-snippet:-1","max-image-preview":"max-image-preview:large","max-video-preview":"max-video-preview:-1"},"canonical":"https:\/\/quehacerpolitico.mx\/?p=101846","og_locale":"es_MX","og_type":"article","og_title":"Ya arranc\u00f3 la sesi\u00f3n extraordinaria del Consejo Nacional de Morena y las \u2018corcholatas\u2019 sabr\u00e1n hoy las reglas del juego para saber qui\u00e9n ser\u00e1 la o el candidato que aspira a suceder a AMLO -","og_description":"Por Redacci\u00f3n QP Hoy definir\u00e1n el m\u00e9todo y el n\u00famero de encuestas para definir al...","og_url":"https:\/\/quehacerpolitico.mx\/?p=101846","article_published_time":"2023-06-11T21:48:02+00:00","article_modified_time":"2023-06-11T21:48:05+00:00","og_image":[{"width":1284,"height":692,"url":"https:\/\/quehacerpolitico.mx\/wp-content\/uploads\/2023\/06\/IMG_8377.jpeg","type":"image\/jpeg"}],"author":"Redacci\u00f3n QP","twitter_card":"summary_large_image","twitter_misc":{"Escrito por":"Redacci\u00f3n QP","Tiempo de lectura":"7 minutos"},"schema":{"@context":"https:\/\/schema.org","@graph":[{"@type":"Article","@id":"https:\/\/quehacerpolitico.mx\/?p=101846#article","isPartOf":{"@id":"https:\/\/quehacerpolitico.mx\/?p=101846"},"author":{"name":"Redacci\u00f3n QP","@id":"https:\/\/quehacerpolitico.mx\/#\/schema\/person\/496d8ad2d1d3f8036101dca7ee39e585"},"headline":"Ya arranc\u00f3 la sesi\u00f3n extraordinaria del Consejo Nacional de Morena y las \u2018corcholatas\u2019 sabr\u00e1n hoy las reglas del juego para saber qui\u00e9n ser\u00e1 la o el candidato que aspira a suceder a AMLO","datePublished":"2023-06-11T21:48:02+00:00","dateModified":"2023-06-11T21:48:05+00:00","mainEntityOfPage":{"@id":"https:\/\/quehacerpolitico.mx\/?p=101846"},"wordCount":1526,"commentCount":0,"image":{"@id":"https:\/\/quehacerpolitico.mx\/?p=101846#primaryimage"},"thumbnailUrl":"https:\/\/quehacerpolitico.mx\/wp-content\/uploads\/2023\/06\/IMG_8377.jpeg","articleSection":["Noticias"],"inLanguage":"es","potentialAction":[{"@type":"CommentAction","name":"Comment","target":["https:\/\/quehacerpolitico.mx\/?p=101846#respond"]}]},{"@type":"WebPage","@id":"https:\/\/quehacerpolitico.mx\/?p=101846","url":"https:\/\/quehacerpolitico.mx\/?p=101846","name":"Ya arranc\u00f3 la sesi\u00f3n extraordinaria del Consejo Nacional de Morena y las \u2018corcholatas\u2019 sabr\u00e1n hoy las reglas del juego para saber qui\u00e9n ser\u00e1 la o el candidato que aspira a suceder a AMLO -","isPartOf":{"@id":"https:\/\/quehacerpolitico.mx\/#website"},"primaryImageOfPage":{"@id":"https:\/\/quehacerpolitico.mx\/?p=101846#primaryimage"},"image":{"@id":"https:\/\/quehacerpolitico.mx\/?p=101846#primaryimage"},"thumbnailUrl":"https:\/\/quehacerpolitico.mx\/wp-content\/uploads\/2023\/06\/IMG_8377.jpeg","datePublished":"2023-06-11T21:48:02+00:00","dateModified":"2023-06-11T21:48:05+00:00","author":{"@id":"https:\/\/quehacerpolitico.mx\/#\/schema\/person\/496d8ad2d1d3f8036101dca7ee39e585"},"breadcrumb":{"@id":"https:\/\/quehacerpolitico.mx\/?p=101846#breadcrumb"},"inLanguage":"es","potentialAction":[{"@type":"ReadAction","target":["https:\/\/quehacerpolitico.mx\/?p=101846"]}]},{"@type":"ImageObject","inLanguage":"es","@id":"https:\/\/quehacerpolitico.mx\/?p=101846#primaryimage","url":"https:\/\/quehacerpolitico.mx\/wp-content\/uploads\/2023\/06\/IMG_8377.jpeg","contentUrl":"https:\/\/quehacerpolitico.mx\/wp-content\/uploads\/2023\/06\/IMG_8377.jpeg","width":1284,"height":692},{"@type":"BreadcrumbList","@id":"https:\/\/quehacerpolitico.mx\/?p=101846#breadcrumb","itemListElement":[{"@type":"ListItem","position":1,"name":"Inicio","item":"https:\/\/quehacerpolitico.mx\/"},{"@type":"ListItem","position":2,"name":"Ya arranc\u00f3 la sesi\u00f3n extraordinaria del Consejo Nacional de Morena y las \u2018corcholatas\u2019 sabr\u00e1n hoy las reglas del juego para saber qui\u00e9n ser\u00e1 la o el candidato que aspira a suceder a AMLO"}]},{"@type":"WebSite","@id":"https:\/\/quehacerpolitico.mx\/#website","url":"https:\/\/quehacerpolitico.mx\/","name":"","description":"","potentialAction":[{"@type":"SearchAction","target":{"@type":"EntryPoint","urlTemplate":"https:\/\/quehacerpolitico.mx\/?s={search_term_string}"},"query-input":{"@type":"PropertyValueSpecification","valueRequired":true,"valueName":"search_term_string"}}],"inLanguage":"es"},{"@type":"Person","@id":"https:\/\/quehacerpolitico.mx\/#\/schema\/person\/496d8ad2d1d3f8036101dca7ee39e585","name":"Redacci\u00f3n QP","image":{"@type":"ImageObject","inLanguage":"es","@id":"https:\/\/secure.gravatar.com\/avatar\/c7164ed6fdec453195284ad24a5ae5b6e1eed2b848477fa2a4787ba9adf39a41?s=96&d=mm&r=g","url":"https:\/\/secure.gravatar.com\/avatar\/c7164ed6fdec453195284ad24a5ae5b6e1eed2b848477fa2a4787ba9adf39a41?s=96&d=mm&r=g","contentUrl":"https:\/\/secure.gravatar.com\/avatar\/c7164ed6fdec453195284ad24a5ae5b6e1eed2b848477fa2a4787ba9adf39a41?s=96&d=mm&r=g","caption":"Redacci\u00f3n QP"},"url":"https:\/\/quehacerpolitico.mx\/?author=2"}]}},"featured_image_urls":{"full":["https:\/\/quehacerpolitico.mx\/wp-content\/uploads\/2023\/06\/IMG_8377.jpeg",1284,692,false],"thumbnail":["https:\/\/quehacerpolitico.mx\/wp-content\/uploads\/2023\/06\/IMG_8377-150x150.jpeg",150,150,true],"medium":["https:\/\/quehacerpolitico.mx\/wp-content\/uploads\/2023\/06\/IMG_8377-300x162.jpeg",300,162,true],"medium_large":["https:\/\/quehacerpolitico.mx\/wp-content\/uploads\/2023\/06\/IMG_8377-768x414.jpeg",640,345,true],"large":["https:\/\/quehacerpolitico.mx\/wp-content\/uploads\/2023\/06\/IMG_8377-1024x552.jpeg",640,345,true],"1536x1536":["https:\/\/quehacerpolitico.mx\/wp-content\/uploads\/2023\/06\/IMG_8377.jpeg",1284,692,false],"2048x2048":["https:\/\/quehacerpolitico.mx\/wp-content\/uploads\/2023\/06\/IMG_8377.jpeg",1284,692,false],"covernews-featured":["https:\/\/quehacerpolitico.mx\/wp-content\/uploads\/2023\/06\/IMG_8377.jpeg",1024,552,false],"covernews-medium":["https:\/\/quehacerpolitico.mx\/wp-content\/uploads\/2023\/06\/IMG_8377.jpeg",540,291,false]},"author_info":{"display_name":"Redacci\u00f3n QP","author_link":"https:\/\/quehacerpolitico.mx\/?author=2"},"category_info":"<a href=\"https:\/\/quehacerpolitico.mx\/?cat=2\" rel=\"category\">Noticias<\/a>","tag_info":"Noticias","comment_count":"0","_links":{"self":[{"href":"https:\/\/quehacerpolitico.mx\/index.php?rest_route=\/wp\/v2\/posts\/101846","targetHints":{"allow":["GET"]}}],"collection":[{"href":"https:\/\/quehacerpolitico.mx\/index.php?rest_route=\/wp\/v2\/posts"}],"about":[{"href":"https:\/\/quehacerpolitico.mx\/index.php?rest_route=\/wp\/v2\/types\/post"}],"author":[{"embeddable":true,"href":"https:\/\/quehacerpolitico.mx\/index.php?rest_route=\/wp\/v2\/users\/2"}],"replies":[{"embeddable":true,"href":"https:\/\/quehacerpolitico.mx\/index.php?rest_route=%2Fwp%2Fv2%2Fcomments&post=101846"}],"version-history":[{"count":1,"href":"https:\/\/quehacerpolitico.mx\/index.php?rest_route=\/wp\/v2\/posts\/101846\/revisions"}],"predecessor-version":[{"id":101848,"href":"https:\/\/quehacerpolitico.mx\/index.php?rest_route=\/wp\/v2\/posts\/101846\/revisions\/101848"}],"wp:featuredmedia":[{"embeddable":true,"href":"https:\/\/quehacerpolitico.mx\/index.php?rest_route=\/wp\/v2\/media\/101847"}],"wp:attachment":[{"href":"https:\/\/quehacerpolitico.mx\/index.php?rest_route=%2Fwp%2Fv2%2Fmedia&parent=101846"}],"wp:term":[{"taxonomy":"category","embeddable":true,"href":"https:\/\/quehacerpolitico.mx\/index.php?rest_route=%2Fwp%2Fv2%2Fcategories&post=101846"},{"taxonomy":"post_tag","embeddable":true,"href":"https:\/\/quehacerpolitico.mx\/index.php?rest_route=%2Fwp%2Fv2%2Ftags&post=101846"}],"curies":[{"name":"wp","href":"https:\/\/api.w.org\/{rel}","templated":true}]}}