{"id":101826,"date":"2023-06-11T02:53:35","date_gmt":"2023-06-11T02:53:35","guid":{"rendered":"https:\/\/quehacerpolitico.mx\/?p=101826"},"modified":"2023-06-11T02:53:37","modified_gmt":"2023-06-11T02:53:37","slug":"la-organizacion-mundial-de-la-salud-oms-informo-que-investigara-los-motivos-por-los-cuales-el-gobierno-de-lopez-obrador-decidio-cancelar-35-normas-oficiales-mexicanas-nom","status":"publish","type":"post","link":"https:\/\/quehacerpolitico.mx\/?p=101826","title":{"rendered":"La Organizaci\u00f3n Mundial de la Salud (OMS) inform\u00f3 que investigar\u00e1 los motivos por los cuales el gobierno de\u00a0L\u00f3pez Obrador\u00a0decidi\u00f3 cancelar 35 Normas Oficiales Mexicanas (NOM)"},"content":{"rendered":"\n<p>Por Redacci\u00f3n QP<\/p>\n\n\n\n<p><em>L\u00f3pez-Gatell asegur\u00f3 que se eliminan porque \u201cno se necesitan\u201d y asegur\u00f3 que su desaparici\u00f3n no representan un perjuicio<\/em><\/p>\n\n\n\n<p>La Organizaci\u00f3n Mundial de la Salud (<strong>OMS<\/strong>) inform\u00f3 que investigar\u00e1 los motivos por los cuales el gobierno de&nbsp;<strong>Andr\u00e9s Manuel L\u00f3pez Obrador<\/strong>&nbsp;decidi\u00f3 cancelar 35 Normas Oficiales Mexicanas (<strong>NOM<\/strong>) relacionadas con el c\u00e1ncer de mam\u00e1, el cervicouterino, el de pr\u00f3stata, diabetes mellitus y otras enfermedades catalogadas como problemas de salud p\u00fablica.<\/p>\n\n\n\n<p><strong>Tedros Adhanom<\/strong>, director del organismo, dijo desconocer los detalles y motivos que llevaron a la eliminaci\u00f3n de las NOM, por lo que<strong>&nbsp;indagar\u00e1n el tema.<\/strong><\/p>\n\n\n\n<p>\u201c<em>No sabemos exactamente lo que hizo la Secretar\u00eda de Salud (<strong>Ssa<\/strong>). Responder ahora ser\u00e1 un poco dif\u00edcil<\/em>\u201d, dijo.<\/p>\n\n\n\n<p>Por ello, indic\u00f3 que la OMS contactar\u00e1 a la dependencia encabezada por&nbsp;<strong>Jorge Alcocer<\/strong>&nbsp;para conocer los motivos e implicaciones que llevaron al Gobierno de M\u00e9xico a la eliminaci\u00f3n de las NOM.<\/p>\n\n\n\n<p>Coment\u00f3 que la decisi\u00f3n pudiera tratarse de&nbsp;<strong>una mejora<\/strong>&nbsp;en la normatividad pero de ser necesario instar\u00e1 al gobierno a&nbsp;<strong>apegarse<\/strong>&nbsp;a las reglas internacionales.<\/p>\n\n\n\n<p>\u201c<em>En algunas ocasiones la eliminaci\u00f3n de estas normas se debe a que las van a sustituir por otras mejores (\u2026) quiz\u00e1 hay otras razones, si nos da un poco de tiempo vamos a analizarlo para poderle dar una respuesta m\u00e1s completa<\/em>\u201d, dijo.<\/p>\n\n\n\n<h3 class=\"wp-block-heading\">\u201c<em>No se necesitan<\/em>\u201d<\/h3>\n\n\n\n<p>Cabe recordar que a principios de junio el Comit\u00e9 de Normalizaci\u00f3n de la Secretar\u00eda de Salud, presidido por&nbsp;<strong>Hugo L\u00f3pez-Gatell<\/strong>, subsecretario de Promoci\u00f3n y Prevenci\u00f3n de la Salud, anunci\u00f3 la cancelaci\u00f3n de 35 NOM relacionadas con la salud porque \u201c<em>no se necesitan<\/em>\u201d.<\/p>\n\n\n\n<p>Asegur\u00f3 que la desaparici\u00f3n de dichas NOM&nbsp;<strong>no representan<\/strong>&nbsp;un perjuicio a la atenci\u00f3n de enfermedades ni son una&nbsp; condici\u00f3n que dicha atenci\u00f3n sea brindada.<\/p>\n\n\n\n<p><em>\u201cHay m\u00e1s de 35 mil enfermedades definidas y en ning\u00fan lugar del mundo, incluyendo M\u00e9xico, existe tal cantidad de NOM<\/em>\u201d, asegur\u00f3.<\/p>\n\n\n\n<figure class=\"wp-block-embed is-type-rich is-provider-twitter wp-block-embed-twitter\"><div class=\"wp-block-embed__wrapper\">\n<blockquote class=\"twitter-tweet\" data-width=\"550\" data-dnt=\"true\"><p lang=\"es\" dir=\"ltr\">Hugo L\u00f3pez Gatell, inform\u00f3 que la posible eliminaci\u00f3n de 35 NOM en materia de salud relacionadas con la diabetes y diversos tipos de c\u00e1ncer, asegur\u00f3 que no impactar\u00e1 en el sistema de salud <a href=\"https:\/\/twitter.com\/hashtag\/AzucenaxF%C3%B3rmula?src=hash&amp;ref_src=twsrc%5Etfw\">#AzucenaxF\u00f3rmula<\/a> <a href=\"https:\/\/t.co\/fPdoRtrC2o\">pic.twitter.com\/fPdoRtrC2o<\/a><\/p>&mdash; Azucena Uresti (@azucenau) <a href=\"https:\/\/twitter.com\/azucenau\/status\/1664794082072305664?ref_src=twsrc%5Etfw\">June 3, 2023<\/a><\/blockquote><script async src=\"https:\/\/platform.twitter.com\/widgets.js\" charset=\"utf-8\"><\/script>\n<\/div><\/figure>\n\n\n\n<p><strong>Ector Jaime Ram\u00edrez<\/strong>, diputado del PAN, cuestion\u00f3 la medida al se\u00f1alar que refleja una<strong>\u00a0falta de inter\u00e9s<\/strong> del gobierno por mejorar la atenci\u00f3n a la salud as\u00ed como la evaluaci\u00f3n y actualizaci\u00f3n de las NOM en lugar de eliminarlas.<\/p>\n\n\n\n<p>\u201c<em>Su eliminaci\u00f3n no debe ser una decisi\u00f3n discrecional que se pueda tomar de manera unilateral<\/em>\u201d, sostuvo.<\/p>\n\n\n\n<p>Con informaci\u00f3n de Diario de Yucat\u00e1n y El Sur de Acapulco<\/p>\n","protected":false},"excerpt":{"rendered":"<p>Por Redacci\u00f3n QP L\u00f3pez-Gatell asegur\u00f3 que se eliminan porque \u201cno se necesitan\u201d y asegur\u00f3 que&#8230;<\/p>\n","protected":false},"author":2,"featured_media":101827,"comment_status":"open","ping_status":"open","sticky":false,"template":"","format":"standard","meta":{"_monsterinsights_skip_tracking":false,"_monsterinsights_sitenote_active":false,"_monsterinsights_sitenote_note":"","_monsterinsights_sitenote_category":0,"footnotes":""},"categories":[2],"tags":[],"class_list":["post-101826","post","type-post","status-publish","format-standard","has-post-thumbnail","hentry","category-noticias"],"yoast_head":"<!-- This site is optimized with the Yoast SEO plugin v27.3 - https:\/\/yoast.com\/product\/yoast-seo-wordpress\/ -->\n<title>La Organizaci\u00f3n Mundial de la Salud (OMS) inform\u00f3 que investigar\u00e1 los motivos por los cuales el gobierno de\u00a0L\u00f3pez Obrador\u00a0decidi\u00f3 cancelar 35 Normas Oficiales Mexicanas (NOM) -<\/title>\n<meta name=\"robots\" content=\"index, follow, max-snippet:-1, max-image-preview:large, max-video-preview:-1\" \/>\n<link rel=\"canonical\" href=\"https:\/\/quehacerpolitico.mx\/?p=101826\" \/>\n<meta property=\"og:locale\" content=\"es_MX\" \/>\n<meta property=\"og:type\" content=\"article\" \/>\n<meta property=\"og:title\" content=\"La Organizaci\u00f3n Mundial de la Salud (OMS) inform\u00f3 que investigar\u00e1 los motivos por los cuales el gobierno de\u00a0L\u00f3pez Obrador\u00a0decidi\u00f3 cancelar 35 Normas Oficiales Mexicanas (NOM) -\" \/>\n<meta property=\"og:description\" content=\"Por Redacci\u00f3n QP L\u00f3pez-Gatell asegur\u00f3 que se eliminan porque \u201cno se necesitan\u201d y asegur\u00f3 que...\" \/>\n<meta property=\"og:url\" content=\"https:\/\/quehacerpolitico.mx\/?p=101826\" \/>\n<meta property=\"article:published_time\" content=\"2023-06-11T02:53:35+00:00\" \/>\n<meta property=\"article:modified_time\" content=\"2023-06-11T02:53:37+00:00\" \/>\n<meta property=\"og:image\" content=\"https:\/\/quehacerpolitico.mx\/wp-content\/uploads\/2023\/06\/IMG_8363.jpeg\" \/>\n\t<meta property=\"og:image:width\" content=\"764\" \/>\n\t<meta property=\"og:image:height\" content=\"401\" \/>\n\t<meta property=\"og:image:type\" content=\"image\/jpeg\" \/>\n<meta name=\"author\" content=\"Redacci\u00f3n QP\" \/>\n<meta name=\"twitter:card\" content=\"summary_large_image\" \/>\n<meta name=\"twitter:label1\" content=\"Escrito por\" \/>\n\t<meta name=\"twitter:data1\" content=\"Redacci\u00f3n QP\" \/>\n\t<meta name=\"twitter:label2\" content=\"Tiempo de lectura\" \/>\n\t<meta name=\"twitter:data2\" content=\"2 minutos\" \/>\n<script type=\"application\/ld+json\" class=\"yoast-schema-graph\">{\"@context\":\"https:\\\/\\\/schema.org\",\"@graph\":[{\"@type\":\"Article\",\"@id\":\"https:\\\/\\\/quehacerpolitico.mx\\\/?p=101826#article\",\"isPartOf\":{\"@id\":\"https:\\\/\\\/quehacerpolitico.mx\\\/?p=101826\"},\"author\":{\"name\":\"Redacci\u00f3n QP\",\"@id\":\"https:\\\/\\\/quehacerpolitico.mx\\\/#\\\/schema\\\/person\\\/496d8ad2d1d3f8036101dca7ee39e585\"},\"headline\":\"La Organizaci\u00f3n Mundial de la Salud (OMS) inform\u00f3 que investigar\u00e1 los motivos por los cuales el gobierno de\u00a0L\u00f3pez Obrador\u00a0decidi\u00f3 cancelar 35 Normas Oficiales Mexicanas (NOM)\",\"datePublished\":\"2023-06-11T02:53:35+00:00\",\"dateModified\":\"2023-06-11T02:53:37+00:00\",\"mainEntityOfPage\":{\"@id\":\"https:\\\/\\\/quehacerpolitico.mx\\\/?p=101826\"},\"wordCount\":460,\"commentCount\":0,\"image\":{\"@id\":\"https:\\\/\\\/quehacerpolitico.mx\\\/?p=101826#primaryimage\"},\"thumbnailUrl\":\"https:\\\/\\\/quehacerpolitico.mx\\\/wp-content\\\/uploads\\\/2023\\\/06\\\/IMG_8363.jpeg\",\"articleSection\":[\"Noticias\"],\"inLanguage\":\"es\",\"potentialAction\":[{\"@type\":\"CommentAction\",\"name\":\"Comment\",\"target\":[\"https:\\\/\\\/quehacerpolitico.mx\\\/?p=101826#respond\"]}]},{\"@type\":\"WebPage\",\"@id\":\"https:\\\/\\\/quehacerpolitico.mx\\\/?p=101826\",\"url\":\"https:\\\/\\\/quehacerpolitico.mx\\\/?p=101826\",\"name\":\"La Organizaci\u00f3n Mundial de la Salud (OMS) inform\u00f3 que investigar\u00e1 los motivos por los cuales el gobierno de\u00a0L\u00f3pez Obrador\u00a0decidi\u00f3 cancelar 35 Normas Oficiales Mexicanas (NOM) -\",\"isPartOf\":{\"@id\":\"https:\\\/\\\/quehacerpolitico.mx\\\/#website\"},\"primaryImageOfPage\":{\"@id\":\"https:\\\/\\\/quehacerpolitico.mx\\\/?p=101826#primaryimage\"},\"image\":{\"@id\":\"https:\\\/\\\/quehacerpolitico.mx\\\/?p=101826#primaryimage\"},\"thumbnailUrl\":\"https:\\\/\\\/quehacerpolitico.mx\\\/wp-content\\\/uploads\\\/2023\\\/06\\\/IMG_8363.jpeg\",\"datePublished\":\"2023-06-11T02:53:35+00:00\",\"dateModified\":\"2023-06-11T02:53:37+00:00\",\"author\":{\"@id\":\"https:\\\/\\\/quehacerpolitico.mx\\\/#\\\/schema\\\/person\\\/496d8ad2d1d3f8036101dca7ee39e585\"},\"breadcrumb\":{\"@id\":\"https:\\\/\\\/quehacerpolitico.mx\\\/?p=101826#breadcrumb\"},\"inLanguage\":\"es\",\"potentialAction\":[{\"@type\":\"ReadAction\",\"target\":[\"https:\\\/\\\/quehacerpolitico.mx\\\/?p=101826\"]}]},{\"@type\":\"ImageObject\",\"inLanguage\":\"es\",\"@id\":\"https:\\\/\\\/quehacerpolitico.mx\\\/?p=101826#primaryimage\",\"url\":\"https:\\\/\\\/quehacerpolitico.mx\\\/wp-content\\\/uploads\\\/2023\\\/06\\\/IMG_8363.jpeg\",\"contentUrl\":\"https:\\\/\\\/quehacerpolitico.mx\\\/wp-content\\\/uploads\\\/2023\\\/06\\\/IMG_8363.jpeg\",\"width\":764,\"height\":401},{\"@type\":\"BreadcrumbList\",\"@id\":\"https:\\\/\\\/quehacerpolitico.mx\\\/?p=101826#breadcrumb\",\"itemListElement\":[{\"@type\":\"ListItem\",\"position\":1,\"name\":\"Inicio\",\"item\":\"https:\\\/\\\/quehacerpolitico.mx\\\/\"},{\"@type\":\"ListItem\",\"position\":2,\"name\":\"La Organizaci\u00f3n Mundial de la Salud (OMS) inform\u00f3 que investigar\u00e1 los motivos por los cuales el gobierno de\u00a0L\u00f3pez Obrador\u00a0decidi\u00f3 cancelar 35 Normas Oficiales Mexicanas (NOM)\"}]},{\"@type\":\"WebSite\",\"@id\":\"https:\\\/\\\/quehacerpolitico.mx\\\/#website\",\"url\":\"https:\\\/\\\/quehacerpolitico.mx\\\/\",\"name\":\"\",\"description\":\"\",\"potentialAction\":[{\"@type\":\"SearchAction\",\"target\":{\"@type\":\"EntryPoint\",\"urlTemplate\":\"https:\\\/\\\/quehacerpolitico.mx\\\/?s={search_term_string}\"},\"query-input\":{\"@type\":\"PropertyValueSpecification\",\"valueRequired\":true,\"valueName\":\"search_term_string\"}}],\"inLanguage\":\"es\"},{\"@type\":\"Person\",\"@id\":\"https:\\\/\\\/quehacerpolitico.mx\\\/#\\\/schema\\\/person\\\/496d8ad2d1d3f8036101dca7ee39e585\",\"name\":\"Redacci\u00f3n QP\",\"image\":{\"@type\":\"ImageObject\",\"inLanguage\":\"es\",\"@id\":\"https:\\\/\\\/secure.gravatar.com\\\/avatar\\\/c7164ed6fdec453195284ad24a5ae5b6e1eed2b848477fa2a4787ba9adf39a41?s=96&d=mm&r=g\",\"url\":\"https:\\\/\\\/secure.gravatar.com\\\/avatar\\\/c7164ed6fdec453195284ad24a5ae5b6e1eed2b848477fa2a4787ba9adf39a41?s=96&d=mm&r=g\",\"contentUrl\":\"https:\\\/\\\/secure.gravatar.com\\\/avatar\\\/c7164ed6fdec453195284ad24a5ae5b6e1eed2b848477fa2a4787ba9adf39a41?s=96&d=mm&r=g\",\"caption\":\"Redacci\u00f3n QP\"},\"url\":\"https:\\\/\\\/quehacerpolitico.mx\\\/?author=2\"}]}<\/script>\n<!-- \/ Yoast SEO plugin. -->","yoast_head_json":{"title":"La Organizaci\u00f3n Mundial de la Salud (OMS) inform\u00f3 que investigar\u00e1 los motivos por los cuales el gobierno de\u00a0L\u00f3pez Obrador\u00a0decidi\u00f3 cancelar 35 Normas Oficiales Mexicanas (NOM) -","robots":{"index":"index","follow":"follow","max-snippet":"max-snippet:-1","max-image-preview":"max-image-preview:large","max-video-preview":"max-video-preview:-1"},"canonical":"https:\/\/quehacerpolitico.mx\/?p=101826","og_locale":"es_MX","og_type":"article","og_title":"La Organizaci\u00f3n Mundial de la Salud (OMS) inform\u00f3 que investigar\u00e1 los motivos por los cuales el gobierno de\u00a0L\u00f3pez Obrador\u00a0decidi\u00f3 cancelar 35 Normas Oficiales Mexicanas (NOM) -","og_description":"Por Redacci\u00f3n QP L\u00f3pez-Gatell asegur\u00f3 que se eliminan porque \u201cno se necesitan\u201d y asegur\u00f3 que...","og_url":"https:\/\/quehacerpolitico.mx\/?p=101826","article_published_time":"2023-06-11T02:53:35+00:00","article_modified_time":"2023-06-11T02:53:37+00:00","og_image":[{"width":764,"height":401,"url":"https:\/\/quehacerpolitico.mx\/wp-content\/uploads\/2023\/06\/IMG_8363.jpeg","type":"image\/jpeg"}],"author":"Redacci\u00f3n QP","twitter_card":"summary_large_image","twitter_misc":{"Escrito por":"Redacci\u00f3n QP","Tiempo de lectura":"2 minutos"},"schema":{"@context":"https:\/\/schema.org","@graph":[{"@type":"Article","@id":"https:\/\/quehacerpolitico.mx\/?p=101826#article","isPartOf":{"@id":"https:\/\/quehacerpolitico.mx\/?p=101826"},"author":{"name":"Redacci\u00f3n QP","@id":"https:\/\/quehacerpolitico.mx\/#\/schema\/person\/496d8ad2d1d3f8036101dca7ee39e585"},"headline":"La Organizaci\u00f3n Mundial de la Salud (OMS) inform\u00f3 que investigar\u00e1 los motivos por los cuales el gobierno de\u00a0L\u00f3pez Obrador\u00a0decidi\u00f3 cancelar 35 Normas Oficiales Mexicanas (NOM)","datePublished":"2023-06-11T02:53:35+00:00","dateModified":"2023-06-11T02:53:37+00:00","mainEntityOfPage":{"@id":"https:\/\/quehacerpolitico.mx\/?p=101826"},"wordCount":460,"commentCount":0,"image":{"@id":"https:\/\/quehacerpolitico.mx\/?p=101826#primaryimage"},"thumbnailUrl":"https:\/\/quehacerpolitico.mx\/wp-content\/uploads\/2023\/06\/IMG_8363.jpeg","articleSection":["Noticias"],"inLanguage":"es","potentialAction":[{"@type":"CommentAction","name":"Comment","target":["https:\/\/quehacerpolitico.mx\/?p=101826#respond"]}]},{"@type":"WebPage","@id":"https:\/\/quehacerpolitico.mx\/?p=101826","url":"https:\/\/quehacerpolitico.mx\/?p=101826","name":"La Organizaci\u00f3n Mundial de la Salud (OMS) inform\u00f3 que investigar\u00e1 los motivos por los cuales el gobierno de\u00a0L\u00f3pez Obrador\u00a0decidi\u00f3 cancelar 35 Normas Oficiales Mexicanas (NOM) -","isPartOf":{"@id":"https:\/\/quehacerpolitico.mx\/#website"},"primaryImageOfPage":{"@id":"https:\/\/quehacerpolitico.mx\/?p=101826#primaryimage"},"image":{"@id":"https:\/\/quehacerpolitico.mx\/?p=101826#primaryimage"},"thumbnailUrl":"https:\/\/quehacerpolitico.mx\/wp-content\/uploads\/2023\/06\/IMG_8363.jpeg","datePublished":"2023-06-11T02:53:35+00:00","dateModified":"2023-06-11T02:53:37+00:00","author":{"@id":"https:\/\/quehacerpolitico.mx\/#\/schema\/person\/496d8ad2d1d3f8036101dca7ee39e585"},"breadcrumb":{"@id":"https:\/\/quehacerpolitico.mx\/?p=101826#breadcrumb"},"inLanguage":"es","potentialAction":[{"@type":"ReadAction","target":["https:\/\/quehacerpolitico.mx\/?p=101826"]}]},{"@type":"ImageObject","inLanguage":"es","@id":"https:\/\/quehacerpolitico.mx\/?p=101826#primaryimage","url":"https:\/\/quehacerpolitico.mx\/wp-content\/uploads\/2023\/06\/IMG_8363.jpeg","contentUrl":"https:\/\/quehacerpolitico.mx\/wp-content\/uploads\/2023\/06\/IMG_8363.jpeg","width":764,"height":401},{"@type":"BreadcrumbList","@id":"https:\/\/quehacerpolitico.mx\/?p=101826#breadcrumb","itemListElement":[{"@type":"ListItem","position":1,"name":"Inicio","item":"https:\/\/quehacerpolitico.mx\/"},{"@type":"ListItem","position":2,"name":"La Organizaci\u00f3n Mundial de la Salud (OMS) inform\u00f3 que investigar\u00e1 los motivos por los cuales el gobierno de\u00a0L\u00f3pez Obrador\u00a0decidi\u00f3 cancelar 35 Normas Oficiales Mexicanas (NOM)"}]},{"@type":"WebSite","@id":"https:\/\/quehacerpolitico.mx\/#website","url":"https:\/\/quehacerpolitico.mx\/","name":"","description":"","potentialAction":[{"@type":"SearchAction","target":{"@type":"EntryPoint","urlTemplate":"https:\/\/quehacerpolitico.mx\/?s={search_term_string}"},"query-input":{"@type":"PropertyValueSpecification","valueRequired":true,"valueName":"search_term_string"}}],"inLanguage":"es"},{"@type":"Person","@id":"https:\/\/quehacerpolitico.mx\/#\/schema\/person\/496d8ad2d1d3f8036101dca7ee39e585","name":"Redacci\u00f3n QP","image":{"@type":"ImageObject","inLanguage":"es","@id":"https:\/\/secure.gravatar.com\/avatar\/c7164ed6fdec453195284ad24a5ae5b6e1eed2b848477fa2a4787ba9adf39a41?s=96&d=mm&r=g","url":"https:\/\/secure.gravatar.com\/avatar\/c7164ed6fdec453195284ad24a5ae5b6e1eed2b848477fa2a4787ba9adf39a41?s=96&d=mm&r=g","contentUrl":"https:\/\/secure.gravatar.com\/avatar\/c7164ed6fdec453195284ad24a5ae5b6e1eed2b848477fa2a4787ba9adf39a41?s=96&d=mm&r=g","caption":"Redacci\u00f3n QP"},"url":"https:\/\/quehacerpolitico.mx\/?author=2"}]}},"featured_image_urls":{"full":["https:\/\/quehacerpolitico.mx\/wp-content\/uploads\/2023\/06\/IMG_8363.jpeg",764,401,false],"thumbnail":["https:\/\/quehacerpolitico.mx\/wp-content\/uploads\/2023\/06\/IMG_8363-150x150.jpeg",150,150,true],"medium":["https:\/\/quehacerpolitico.mx\/wp-content\/uploads\/2023\/06\/IMG_8363-300x157.jpeg",300,157,true],"medium_large":["https:\/\/quehacerpolitico.mx\/wp-content\/uploads\/2023\/06\/IMG_8363.jpeg",640,336,false],"large":["https:\/\/quehacerpolitico.mx\/wp-content\/uploads\/2023\/06\/IMG_8363.jpeg",640,336,false],"1536x1536":["https:\/\/quehacerpolitico.mx\/wp-content\/uploads\/2023\/06\/IMG_8363.jpeg",764,401,false],"2048x2048":["https:\/\/quehacerpolitico.mx\/wp-content\/uploads\/2023\/06\/IMG_8363.jpeg",764,401,false],"covernews-featured":["https:\/\/quehacerpolitico.mx\/wp-content\/uploads\/2023\/06\/IMG_8363.jpeg",764,401,false],"covernews-medium":["https:\/\/quehacerpolitico.mx\/wp-content\/uploads\/2023\/06\/IMG_8363.jpeg",540,283,false]},"author_info":{"display_name":"Redacci\u00f3n QP","author_link":"https:\/\/quehacerpolitico.mx\/?author=2"},"category_info":"<a href=\"https:\/\/quehacerpolitico.mx\/?cat=2\" rel=\"category\">Noticias<\/a>","tag_info":"Noticias","comment_count":"0","_links":{"self":[{"href":"https:\/\/quehacerpolitico.mx\/index.php?rest_route=\/wp\/v2\/posts\/101826","targetHints":{"allow":["GET"]}}],"collection":[{"href":"https:\/\/quehacerpolitico.mx\/index.php?rest_route=\/wp\/v2\/posts"}],"about":[{"href":"https:\/\/quehacerpolitico.mx\/index.php?rest_route=\/wp\/v2\/types\/post"}],"author":[{"embeddable":true,"href":"https:\/\/quehacerpolitico.mx\/index.php?rest_route=\/wp\/v2\/users\/2"}],"replies":[{"embeddable":true,"href":"https:\/\/quehacerpolitico.mx\/index.php?rest_route=%2Fwp%2Fv2%2Fcomments&post=101826"}],"version-history":[{"count":1,"href":"https:\/\/quehacerpolitico.mx\/index.php?rest_route=\/wp\/v2\/posts\/101826\/revisions"}],"predecessor-version":[{"id":101828,"href":"https:\/\/quehacerpolitico.mx\/index.php?rest_route=\/wp\/v2\/posts\/101826\/revisions\/101828"}],"wp:featuredmedia":[{"embeddable":true,"href":"https:\/\/quehacerpolitico.mx\/index.php?rest_route=\/wp\/v2\/media\/101827"}],"wp:attachment":[{"href":"https:\/\/quehacerpolitico.mx\/index.php?rest_route=%2Fwp%2Fv2%2Fmedia&parent=101826"}],"wp:term":[{"taxonomy":"category","embeddable":true,"href":"https:\/\/quehacerpolitico.mx\/index.php?rest_route=%2Fwp%2Fv2%2Fcategories&post=101826"},{"taxonomy":"post_tag","embeddable":true,"href":"https:\/\/quehacerpolitico.mx\/index.php?rest_route=%2Fwp%2Fv2%2Ftags&post=101826"}],"curies":[{"name":"wp","href":"https:\/\/api.w.org\/{rel}","templated":true}]}}