{"id":101815,"date":"2023-06-10T21:34:35","date_gmt":"2023-06-10T21:34:35","guid":{"rendered":"https:\/\/quehacerpolitico.mx\/?p=101815"},"modified":"2023-06-10T21:34:37","modified_gmt":"2023-06-10T21:34:37","slug":"16-detenidos-por-el-caso-nuevo-laredo-fueron-vinculados-a-proceso-militares-involucrados-en-la-agresion-contra-civiles-en-nuevo-laredo-tamaulipas","status":"publish","type":"post","link":"https:\/\/quehacerpolitico.mx\/?p=101815","title":{"rendered":"16 detenidos por el Caso Nuevo Laredo fueron vinculados a proceso militares\u00a0involucrados en la agresi\u00f3n contra civiles en\u00a0Nuevo Laredo, Tamaulipas"},"content":{"rendered":"\n<p>Por Redacci\u00f3n QP<\/p>\n\n\n\n<p>Los 16 detenidos por el Caso Nuevo Laredo fueron vinculados a proceso, habi\u00e9ndoseles dictado la medida cautelar de prisi\u00f3n preventiva<\/p>\n\n\n\n<p>La Secretar\u00eda de la Defensa Nacional (Sedena) dio a conocer que se cumplimentaron&nbsp;<strong>16 \u00f3rdenes de aprehensi\u00f3n<\/strong>&nbsp;y la&nbsp;<strong>vinculaci\u00f3n a proceso<\/strong>&nbsp;de personal&nbsp;<strong>militar<\/strong>&nbsp;involucrado en la agresi\u00f3n contra civiles en&nbsp;<strong>Nuevo Laredo<\/strong>, Tamaulipas.<\/p>\n\n\n\n<p>A trav\u00e9s de un\u00a0comunicado, la\u00a0<strong>dependencia<\/strong>\u00a0indic\u00f3 que estas\u00a0<strong>detenciones<\/strong>\u00a0se dieron como resultado de una carpeta de investigaci\u00f3n iniciada de oficio el pasado 7 de junio de 2023 por los hechos registrados el 18 de mayo del presente a\u00f1o en\u00a0<strong>Nuevo Laredo<\/strong>, Tamaulipas.<\/p>\n\n\n\n<p>Indic\u00f3 que las detenciones las realiz\u00f3 la Fiscal\u00eda General de Justicia Militar, el pasado 8 de junio.<\/p>\n\n\n\n<p>\u201cLas \u00f3rdenes de aprehensi\u00f3n fueron otorgadas por el Juzgado Primero de Control de la Primera Regi\u00f3n Militar, por presuntamente configurarse delitos contrarios a la disciplina militar. Dichas \u00f3rdenes se cumplimentaron con absoluto respeto al debido proceso y a los derechos humanos de los imputados\u201d, indic\u00f3 Sedena.<\/p>\n\n\n\n<p>El 9 de junio de 2023, los 16 detenidos fueron&nbsp;<strong>vinculados a proceso<\/strong>, habi\u00e9ndoseles dictado por parte del juez militar la medida cautelar de prisi\u00f3n preventiva, la cual cumplir\u00e1n en la&nbsp;<strong>Prisi\u00f3n Militar de la Primera Regi\u00f3n Militar<\/strong>, ubicada en el interior del&nbsp;<strong>Campo Militar<\/strong>&nbsp;N\u00famero 1-A, Ciudad de M\u00e9xico.<\/p>\n\n\n\n<p>Un&nbsp;<strong>video difundido<\/strong>&nbsp;por diversos&nbsp;<strong>medios<\/strong>&nbsp;muestra el momento en que elementos del&nbsp;<strong>Ej\u00e9rcito Mexicano,&nbsp;<\/strong>presuntamente,&nbsp;ejecutan a un grupo de personas en&nbsp;<strong>Nuevo Laredo<\/strong>, Tamaulipas.<\/p>\n\n\n\n<p>De acuerdo con reportes, los hechos se registraron el pasado 18 de mayo, cuando una&nbsp;<strong>camioneta negra<\/strong>&nbsp;choc\u00f3 contra un muro sobre la avenida&nbsp;<strong>Monterrey<\/strong>&nbsp;pasadas las 14:30 h, despu\u00e9s de una&nbsp;<strong>persecuci\u00f3n<\/strong>.<\/p>\n\n\n\n<p>Tras el accidente, los militares se acercaron y rodearon el veh\u00edculo. Los agentes bajaron a los civiles, identificados como presuntos delicuentes, los\u00a0<strong>desarmaron<\/strong>\u00a0y los ejecutaron, seg\u00fan muestra el material.<\/p>\n\n\n\n<p>Los soldados habr\u00edan\u00a0<strong>modificado la escena<\/strong>\u00a0para aparentar que en el sitio hubo un enfrentamiento, tal y como se lee en el\u00a0<strong>informe<\/strong>\u00a0que firm\u00f3 el teniente de infanter\u00eda\u00a0<strong>Jos\u00e9 Luis<\/strong>\u00a0\u2018N\u2019 y que se entreg\u00f3 a la\u00a0<strong>Fiscal\u00eda General de la Rep\u00fablica<\/strong>, de acuerdo con\u00a0El Pa\u00eds <\/p>\n\n\n\n<p>Adem\u00e1s, de acuerdo con reportes, los elementos habr\u00edan robado y ocultado armamento.<\/p>\n\n\n\n<figure class=\"wp-block-image size-large\"><img loading=\"lazy\" decoding=\"async\" width=\"776\" height=\"1024\" src=\"https:\/\/quehacerpolitico.mx\/wp-content\/uploads\/2023\/06\/image-39-776x1024.jpeg\" alt=\"\" class=\"wp-image-101816\" srcset=\"https:\/\/quehacerpolitico.mx\/wp-content\/uploads\/2023\/06\/image-39-776x1024.jpeg 776w, https:\/\/quehacerpolitico.mx\/wp-content\/uploads\/2023\/06\/image-39-227x300.jpeg 227w, https:\/\/quehacerpolitico.mx\/wp-content\/uploads\/2023\/06\/image-39-768x1014.jpeg 768w, https:\/\/quehacerpolitico.mx\/wp-content\/uploads\/2023\/06\/image-39-1164x1536.jpeg 1164w, https:\/\/quehacerpolitico.mx\/wp-content\/uploads\/2023\/06\/image-39-111x146.jpeg 111w, https:\/\/quehacerpolitico.mx\/wp-content\/uploads\/2023\/06\/image-39-38x50.jpeg 38w, https:\/\/quehacerpolitico.mx\/wp-content\/uploads\/2023\/06\/image-39-57x75.jpeg 57w, https:\/\/quehacerpolitico.mx\/wp-content\/uploads\/2023\/06\/image-39.jpeg 1182w\" sizes=\"auto, (max-width: 776px) 100vw, 776px\" \/><\/figure>\n\n\n\n<p>Sobre estos hechos, la&nbsp;<strong>Secretar\u00eda de la Defensa Nacional<\/strong>asegur\u00f3 que la&nbsp;<strong>Fiscal\u00eda General de la Rep\u00fablica<\/strong>&nbsp;(<strong>FGR<\/strong>) es la facultada para investigar los hechos y que colaborar\u00e1 con las indagatorias que se inicien sobre estos hechos.<\/p>\n\n\n\n<p>Por otra parte, la\u00a0<strong>Fiscal\u00eda General de Justicia Militar<\/strong>\u00a0inici\u00f3 investigaciones relacionadas con la\u00a0<strong>legislaci\u00f3n militar<\/strong>.<\/p>\n\n\n\n<p>Se garantiza a la sociedad mexicana que no existe impunidad en el desempe\u00f1o del personal militar, ni se solapar\u00e1 ninguna conducta contraria al estado de derecho\u201d, inform\u00f3.<\/p>\n\n\n\n<figure class=\"wp-block-embed is-type-rich is-provider-twitter wp-block-embed-twitter\"><div class=\"wp-block-embed__wrapper\">\n<blockquote class=\"twitter-tweet\" data-width=\"550\" data-dnt=\"true\"><p lang=\"es\" dir=\"ltr\"><a href=\"https:\/\/twitter.com\/hashtag\/%C3%9AltimaHora?src=hash&amp;ref_src=twsrc%5Etfw\">#\u00daltimaHora<\/a> <a href=\"https:\/\/twitter.com\/hashtag\/Comunicado?src=hash&amp;ref_src=twsrc%5Etfw\">#Comunicado<\/a>. Sedena colabora con las investigaciones de los hechos registrados el 18 de mayo de 2023, en Nuevo Laredo, Tamps.<a href=\"https:\/\/t.co\/UTCFglJB1q\">https:\/\/t.co\/UTCFglJB1q<\/a> <a href=\"https:\/\/t.co\/mQFO93pWbm\">pic.twitter.com\/mQFO93pWbm<\/a><\/p>&mdash; @SEDENAmx (@SEDENAmx) <a href=\"https:\/\/twitter.com\/SEDENAmx\/status\/1666305217044922376?ref_src=twsrc%5Etfw\">June 7, 2023<\/a><\/blockquote><script async src=\"https:\/\/platform.twitter.com\/widgets.js\" charset=\"utf-8\"><\/script>\n<\/div><\/figure>\n\n\n\n<figure class=\"wp-block-embed is-type-rich is-provider-twitter wp-block-embed-twitter\"><div class=\"wp-block-embed__wrapper\">\n<blockquote class=\"twitter-tweet\" data-width=\"550\" data-dnt=\"true\"><p lang=\"es\" dir=\"ltr\">Aqu\u00ed, la notable exclusiva de hoy del noticiero Univisi\u00f3n <a href=\"https:\/\/twitter.com\/UniNoticias?ref_src=twsrc%5Etfw\">@UniNoticias<\/a> con <a href=\"https:\/\/twitter.com\/UInvestiga?ref_src=twsrc%5Etfw\">@UInvestiga<\/a> <a href=\"https:\/\/twitter.com\/iliacalderon?ref_src=twsrc%5Etfw\">@iliacalderon<\/a>,  <a href=\"https:\/\/twitter.com\/jorgeramosnews?ref_src=twsrc%5Etfw\">@jorgeramosnews<\/a> y <a href=\"https:\/\/twitter.com\/GerardoReyesC?ref_src=twsrc%5Etfw\">@GerardoReyesC<\/a> dan detalles del v\u00eddeo, que pone en tela de juicio la actuaci\u00f3n de las Fuerzas Armadas mexicanas en Tamaulipas.<br><br>V\u00e9anlo. <a href=\"https:\/\/t.co\/SbvOQbATdA\">pic.twitter.com\/SbvOQbATdA<\/a><\/p>&mdash; Le\u00f3n Krauze (@LeonKrauze) <a href=\"https:\/\/twitter.com\/LeonKrauze\/status\/1666245141756010496?ref_src=twsrc%5Etfw\">June 7, 2023<\/a><\/blockquote><script async src=\"https:\/\/platform.twitter.com\/widgets.js\" charset=\"utf-8\"><\/script>\n<\/div><\/figure>\n\n\n\n<figure class=\"wp-block-embed is-type-video is-provider-youtube wp-block-embed-youtube wp-embed-aspect-16-9 wp-has-aspect-ratio\"><div class=\"wp-block-embed__wrapper\">\n<iframe loading=\"lazy\" title=\"Investigan a Sedena por ejecuci\u00f3n extrajudicial en Nuevo Laredo\" width=\"640\" height=\"360\" src=\"https:\/\/www.youtube.com\/embed\/FkgdAxgsrKo?feature=oembed\" frameborder=\"0\" allow=\"accelerometer; autoplay; clipboard-write; encrypted-media; gyroscope; picture-in-picture; web-share\" referrerpolicy=\"strict-origin-when-cross-origin\" allowfullscreen><\/iframe>\n<\/div><\/figure>\n","protected":false},"excerpt":{"rendered":"<p>Por Redacci\u00f3n QP Los 16 detenidos por el Caso Nuevo Laredo fueron vinculados a proceso,&#8230;<\/p>\n","protected":false},"author":2,"featured_media":101817,"comment_status":"open","ping_status":"open","sticky":false,"template":"","format":"standard","meta":{"_monsterinsights_skip_tracking":false,"_monsterinsights_sitenote_active":false,"_monsterinsights_sitenote_note":"","_monsterinsights_sitenote_category":0,"footnotes":""},"categories":[2],"tags":[],"class_list":["post-101815","post","type-post","status-publish","format-standard","has-post-thumbnail","hentry","category-noticias"],"yoast_head":"<!-- This site is optimized with the Yoast SEO plugin v27.3 - https:\/\/yoast.com\/product\/yoast-seo-wordpress\/ -->\n<title>16 detenidos por el Caso Nuevo Laredo fueron vinculados a proceso militares\u00a0involucrados en la agresi\u00f3n contra civiles en\u00a0Nuevo Laredo, Tamaulipas -<\/title>\n<meta name=\"robots\" content=\"index, follow, max-snippet:-1, max-image-preview:large, max-video-preview:-1\" \/>\n<link rel=\"canonical\" href=\"https:\/\/quehacerpolitico.mx\/?p=101815\" \/>\n<meta property=\"og:locale\" content=\"es_MX\" \/>\n<meta property=\"og:type\" content=\"article\" \/>\n<meta property=\"og:title\" content=\"16 detenidos por el Caso Nuevo Laredo fueron vinculados a proceso militares\u00a0involucrados en la agresi\u00f3n contra civiles en\u00a0Nuevo Laredo, Tamaulipas -\" \/>\n<meta property=\"og:description\" content=\"Por Redacci\u00f3n QP Los 16 detenidos por el Caso Nuevo Laredo fueron vinculados a proceso,...\" \/>\n<meta property=\"og:url\" content=\"https:\/\/quehacerpolitico.mx\/?p=101815\" \/>\n<meta property=\"article:published_time\" content=\"2023-06-10T21:34:35+00:00\" \/>\n<meta property=\"article:modified_time\" content=\"2023-06-10T21:34:37+00:00\" \/>\n<meta property=\"og:image\" content=\"https:\/\/quehacerpolitico.mx\/wp-content\/uploads\/2023\/06\/IMG_8356.jpeg\" \/>\n\t<meta property=\"og:image:width\" content=\"1284\" \/>\n\t<meta property=\"og:image:height\" content=\"689\" \/>\n\t<meta property=\"og:image:type\" content=\"image\/jpeg\" \/>\n<meta name=\"author\" content=\"Redacci\u00f3n QP\" \/>\n<meta name=\"twitter:card\" content=\"summary_large_image\" \/>\n<meta name=\"twitter:label1\" content=\"Escrito por\" \/>\n\t<meta name=\"twitter:data1\" content=\"Redacci\u00f3n QP\" \/>\n\t<meta name=\"twitter:label2\" content=\"Tiempo de lectura\" \/>\n\t<meta name=\"twitter:data2\" content=\"3 minutos\" \/>\n<script type=\"application\/ld+json\" class=\"yoast-schema-graph\">{\"@context\":\"https:\\\/\\\/schema.org\",\"@graph\":[{\"@type\":\"Article\",\"@id\":\"https:\\\/\\\/quehacerpolitico.mx\\\/?p=101815#article\",\"isPartOf\":{\"@id\":\"https:\\\/\\\/quehacerpolitico.mx\\\/?p=101815\"},\"author\":{\"name\":\"Redacci\u00f3n QP\",\"@id\":\"https:\\\/\\\/quehacerpolitico.mx\\\/#\\\/schema\\\/person\\\/496d8ad2d1d3f8036101dca7ee39e585\"},\"headline\":\"16 detenidos por el Caso Nuevo Laredo fueron vinculados a proceso militares\u00a0involucrados en la agresi\u00f3n contra civiles en\u00a0Nuevo Laredo, Tamaulipas\",\"datePublished\":\"2023-06-10T21:34:35+00:00\",\"dateModified\":\"2023-06-10T21:34:37+00:00\",\"mainEntityOfPage\":{\"@id\":\"https:\\\/\\\/quehacerpolitico.mx\\\/?p=101815\"},\"wordCount\":546,\"commentCount\":0,\"image\":{\"@id\":\"https:\\\/\\\/quehacerpolitico.mx\\\/?p=101815#primaryimage\"},\"thumbnailUrl\":\"https:\\\/\\\/quehacerpolitico.mx\\\/wp-content\\\/uploads\\\/2023\\\/06\\\/IMG_8356.jpeg\",\"articleSection\":[\"Noticias\"],\"inLanguage\":\"es\",\"potentialAction\":[{\"@type\":\"CommentAction\",\"name\":\"Comment\",\"target\":[\"https:\\\/\\\/quehacerpolitico.mx\\\/?p=101815#respond\"]}]},{\"@type\":\"WebPage\",\"@id\":\"https:\\\/\\\/quehacerpolitico.mx\\\/?p=101815\",\"url\":\"https:\\\/\\\/quehacerpolitico.mx\\\/?p=101815\",\"name\":\"16 detenidos por el Caso Nuevo Laredo fueron vinculados a proceso militares\u00a0involucrados en la agresi\u00f3n contra civiles en\u00a0Nuevo Laredo, Tamaulipas -\",\"isPartOf\":{\"@id\":\"https:\\\/\\\/quehacerpolitico.mx\\\/#website\"},\"primaryImageOfPage\":{\"@id\":\"https:\\\/\\\/quehacerpolitico.mx\\\/?p=101815#primaryimage\"},\"image\":{\"@id\":\"https:\\\/\\\/quehacerpolitico.mx\\\/?p=101815#primaryimage\"},\"thumbnailUrl\":\"https:\\\/\\\/quehacerpolitico.mx\\\/wp-content\\\/uploads\\\/2023\\\/06\\\/IMG_8356.jpeg\",\"datePublished\":\"2023-06-10T21:34:35+00:00\",\"dateModified\":\"2023-06-10T21:34:37+00:00\",\"author\":{\"@id\":\"https:\\\/\\\/quehacerpolitico.mx\\\/#\\\/schema\\\/person\\\/496d8ad2d1d3f8036101dca7ee39e585\"},\"breadcrumb\":{\"@id\":\"https:\\\/\\\/quehacerpolitico.mx\\\/?p=101815#breadcrumb\"},\"inLanguage\":\"es\",\"potentialAction\":[{\"@type\":\"ReadAction\",\"target\":[\"https:\\\/\\\/quehacerpolitico.mx\\\/?p=101815\"]}]},{\"@type\":\"ImageObject\",\"inLanguage\":\"es\",\"@id\":\"https:\\\/\\\/quehacerpolitico.mx\\\/?p=101815#primaryimage\",\"url\":\"https:\\\/\\\/quehacerpolitico.mx\\\/wp-content\\\/uploads\\\/2023\\\/06\\\/IMG_8356.jpeg\",\"contentUrl\":\"https:\\\/\\\/quehacerpolitico.mx\\\/wp-content\\\/uploads\\\/2023\\\/06\\\/IMG_8356.jpeg\",\"width\":1284,\"height\":689},{\"@type\":\"BreadcrumbList\",\"@id\":\"https:\\\/\\\/quehacerpolitico.mx\\\/?p=101815#breadcrumb\",\"itemListElement\":[{\"@type\":\"ListItem\",\"position\":1,\"name\":\"Inicio\",\"item\":\"https:\\\/\\\/quehacerpolitico.mx\\\/\"},{\"@type\":\"ListItem\",\"position\":2,\"name\":\"16 detenidos por el Caso Nuevo Laredo fueron vinculados a proceso militares\u00a0involucrados en la agresi\u00f3n contra civiles en\u00a0Nuevo Laredo, Tamaulipas\"}]},{\"@type\":\"WebSite\",\"@id\":\"https:\\\/\\\/quehacerpolitico.mx\\\/#website\",\"url\":\"https:\\\/\\\/quehacerpolitico.mx\\\/\",\"name\":\"\",\"description\":\"\",\"potentialAction\":[{\"@type\":\"SearchAction\",\"target\":{\"@type\":\"EntryPoint\",\"urlTemplate\":\"https:\\\/\\\/quehacerpolitico.mx\\\/?s={search_term_string}\"},\"query-input\":{\"@type\":\"PropertyValueSpecification\",\"valueRequired\":true,\"valueName\":\"search_term_string\"}}],\"inLanguage\":\"es\"},{\"@type\":\"Person\",\"@id\":\"https:\\\/\\\/quehacerpolitico.mx\\\/#\\\/schema\\\/person\\\/496d8ad2d1d3f8036101dca7ee39e585\",\"name\":\"Redacci\u00f3n QP\",\"image\":{\"@type\":\"ImageObject\",\"inLanguage\":\"es\",\"@id\":\"https:\\\/\\\/secure.gravatar.com\\\/avatar\\\/c7164ed6fdec453195284ad24a5ae5b6e1eed2b848477fa2a4787ba9adf39a41?s=96&d=mm&r=g\",\"url\":\"https:\\\/\\\/secure.gravatar.com\\\/avatar\\\/c7164ed6fdec453195284ad24a5ae5b6e1eed2b848477fa2a4787ba9adf39a41?s=96&d=mm&r=g\",\"contentUrl\":\"https:\\\/\\\/secure.gravatar.com\\\/avatar\\\/c7164ed6fdec453195284ad24a5ae5b6e1eed2b848477fa2a4787ba9adf39a41?s=96&d=mm&r=g\",\"caption\":\"Redacci\u00f3n QP\"},\"url\":\"https:\\\/\\\/quehacerpolitico.mx\\\/?author=2\"}]}<\/script>\n<!-- \/ Yoast SEO plugin. -->","yoast_head_json":{"title":"16 detenidos por el Caso Nuevo Laredo fueron vinculados a proceso militares\u00a0involucrados en la agresi\u00f3n contra civiles en\u00a0Nuevo Laredo, Tamaulipas -","robots":{"index":"index","follow":"follow","max-snippet":"max-snippet:-1","max-image-preview":"max-image-preview:large","max-video-preview":"max-video-preview:-1"},"canonical":"https:\/\/quehacerpolitico.mx\/?p=101815","og_locale":"es_MX","og_type":"article","og_title":"16 detenidos por el Caso Nuevo Laredo fueron vinculados a proceso militares\u00a0involucrados en la agresi\u00f3n contra civiles en\u00a0Nuevo Laredo, Tamaulipas -","og_description":"Por Redacci\u00f3n QP Los 16 detenidos por el Caso Nuevo Laredo fueron vinculados a proceso,...","og_url":"https:\/\/quehacerpolitico.mx\/?p=101815","article_published_time":"2023-06-10T21:34:35+00:00","article_modified_time":"2023-06-10T21:34:37+00:00","og_image":[{"width":1284,"height":689,"url":"https:\/\/quehacerpolitico.mx\/wp-content\/uploads\/2023\/06\/IMG_8356.jpeg","type":"image\/jpeg"}],"author":"Redacci\u00f3n QP","twitter_card":"summary_large_image","twitter_misc":{"Escrito por":"Redacci\u00f3n QP","Tiempo de lectura":"3 minutos"},"schema":{"@context":"https:\/\/schema.org","@graph":[{"@type":"Article","@id":"https:\/\/quehacerpolitico.mx\/?p=101815#article","isPartOf":{"@id":"https:\/\/quehacerpolitico.mx\/?p=101815"},"author":{"name":"Redacci\u00f3n QP","@id":"https:\/\/quehacerpolitico.mx\/#\/schema\/person\/496d8ad2d1d3f8036101dca7ee39e585"},"headline":"16 detenidos por el Caso Nuevo Laredo fueron vinculados a proceso militares\u00a0involucrados en la agresi\u00f3n contra civiles en\u00a0Nuevo Laredo, Tamaulipas","datePublished":"2023-06-10T21:34:35+00:00","dateModified":"2023-06-10T21:34:37+00:00","mainEntityOfPage":{"@id":"https:\/\/quehacerpolitico.mx\/?p=101815"},"wordCount":546,"commentCount":0,"image":{"@id":"https:\/\/quehacerpolitico.mx\/?p=101815#primaryimage"},"thumbnailUrl":"https:\/\/quehacerpolitico.mx\/wp-content\/uploads\/2023\/06\/IMG_8356.jpeg","articleSection":["Noticias"],"inLanguage":"es","potentialAction":[{"@type":"CommentAction","name":"Comment","target":["https:\/\/quehacerpolitico.mx\/?p=101815#respond"]}]},{"@type":"WebPage","@id":"https:\/\/quehacerpolitico.mx\/?p=101815","url":"https:\/\/quehacerpolitico.mx\/?p=101815","name":"16 detenidos por el Caso Nuevo Laredo fueron vinculados a proceso militares\u00a0involucrados en la agresi\u00f3n contra civiles en\u00a0Nuevo Laredo, Tamaulipas -","isPartOf":{"@id":"https:\/\/quehacerpolitico.mx\/#website"},"primaryImageOfPage":{"@id":"https:\/\/quehacerpolitico.mx\/?p=101815#primaryimage"},"image":{"@id":"https:\/\/quehacerpolitico.mx\/?p=101815#primaryimage"},"thumbnailUrl":"https:\/\/quehacerpolitico.mx\/wp-content\/uploads\/2023\/06\/IMG_8356.jpeg","datePublished":"2023-06-10T21:34:35+00:00","dateModified":"2023-06-10T21:34:37+00:00","author":{"@id":"https:\/\/quehacerpolitico.mx\/#\/schema\/person\/496d8ad2d1d3f8036101dca7ee39e585"},"breadcrumb":{"@id":"https:\/\/quehacerpolitico.mx\/?p=101815#breadcrumb"},"inLanguage":"es","potentialAction":[{"@type":"ReadAction","target":["https:\/\/quehacerpolitico.mx\/?p=101815"]}]},{"@type":"ImageObject","inLanguage":"es","@id":"https:\/\/quehacerpolitico.mx\/?p=101815#primaryimage","url":"https:\/\/quehacerpolitico.mx\/wp-content\/uploads\/2023\/06\/IMG_8356.jpeg","contentUrl":"https:\/\/quehacerpolitico.mx\/wp-content\/uploads\/2023\/06\/IMG_8356.jpeg","width":1284,"height":689},{"@type":"BreadcrumbList","@id":"https:\/\/quehacerpolitico.mx\/?p=101815#breadcrumb","itemListElement":[{"@type":"ListItem","position":1,"name":"Inicio","item":"https:\/\/quehacerpolitico.mx\/"},{"@type":"ListItem","position":2,"name":"16 detenidos por el Caso Nuevo Laredo fueron vinculados a proceso militares\u00a0involucrados en la agresi\u00f3n contra civiles en\u00a0Nuevo Laredo, Tamaulipas"}]},{"@type":"WebSite","@id":"https:\/\/quehacerpolitico.mx\/#website","url":"https:\/\/quehacerpolitico.mx\/","name":"","description":"","potentialAction":[{"@type":"SearchAction","target":{"@type":"EntryPoint","urlTemplate":"https:\/\/quehacerpolitico.mx\/?s={search_term_string}"},"query-input":{"@type":"PropertyValueSpecification","valueRequired":true,"valueName":"search_term_string"}}],"inLanguage":"es"},{"@type":"Person","@id":"https:\/\/quehacerpolitico.mx\/#\/schema\/person\/496d8ad2d1d3f8036101dca7ee39e585","name":"Redacci\u00f3n QP","image":{"@type":"ImageObject","inLanguage":"es","@id":"https:\/\/secure.gravatar.com\/avatar\/c7164ed6fdec453195284ad24a5ae5b6e1eed2b848477fa2a4787ba9adf39a41?s=96&d=mm&r=g","url":"https:\/\/secure.gravatar.com\/avatar\/c7164ed6fdec453195284ad24a5ae5b6e1eed2b848477fa2a4787ba9adf39a41?s=96&d=mm&r=g","contentUrl":"https:\/\/secure.gravatar.com\/avatar\/c7164ed6fdec453195284ad24a5ae5b6e1eed2b848477fa2a4787ba9adf39a41?s=96&d=mm&r=g","caption":"Redacci\u00f3n QP"},"url":"https:\/\/quehacerpolitico.mx\/?author=2"}]}},"featured_image_urls":{"full":["https:\/\/quehacerpolitico.mx\/wp-content\/uploads\/2023\/06\/IMG_8356.jpeg",1284,689,false],"thumbnail":["https:\/\/quehacerpolitico.mx\/wp-content\/uploads\/2023\/06\/IMG_8356-150x150.jpeg",150,150,true],"medium":["https:\/\/quehacerpolitico.mx\/wp-content\/uploads\/2023\/06\/IMG_8356-300x161.jpeg",300,161,true],"medium_large":["https:\/\/quehacerpolitico.mx\/wp-content\/uploads\/2023\/06\/IMG_8356-768x412.jpeg",640,343,true],"large":["https:\/\/quehacerpolitico.mx\/wp-content\/uploads\/2023\/06\/IMG_8356-1024x549.jpeg",640,343,true],"1536x1536":["https:\/\/quehacerpolitico.mx\/wp-content\/uploads\/2023\/06\/IMG_8356.jpeg",1284,689,false],"2048x2048":["https:\/\/quehacerpolitico.mx\/wp-content\/uploads\/2023\/06\/IMG_8356.jpeg",1284,689,false],"covernews-featured":["https:\/\/quehacerpolitico.mx\/wp-content\/uploads\/2023\/06\/IMG_8356.jpeg",1024,549,false],"covernews-medium":["https:\/\/quehacerpolitico.mx\/wp-content\/uploads\/2023\/06\/IMG_8356.jpeg",540,290,false]},"author_info":{"display_name":"Redacci\u00f3n QP","author_link":"https:\/\/quehacerpolitico.mx\/?author=2"},"category_info":"<a href=\"https:\/\/quehacerpolitico.mx\/?cat=2\" rel=\"category\">Noticias<\/a>","tag_info":"Noticias","comment_count":"0","_links":{"self":[{"href":"https:\/\/quehacerpolitico.mx\/index.php?rest_route=\/wp\/v2\/posts\/101815","targetHints":{"allow":["GET"]}}],"collection":[{"href":"https:\/\/quehacerpolitico.mx\/index.php?rest_route=\/wp\/v2\/posts"}],"about":[{"href":"https:\/\/quehacerpolitico.mx\/index.php?rest_route=\/wp\/v2\/types\/post"}],"author":[{"embeddable":true,"href":"https:\/\/quehacerpolitico.mx\/index.php?rest_route=\/wp\/v2\/users\/2"}],"replies":[{"embeddable":true,"href":"https:\/\/quehacerpolitico.mx\/index.php?rest_route=%2Fwp%2Fv2%2Fcomments&post=101815"}],"version-history":[{"count":1,"href":"https:\/\/quehacerpolitico.mx\/index.php?rest_route=\/wp\/v2\/posts\/101815\/revisions"}],"predecessor-version":[{"id":101818,"href":"https:\/\/quehacerpolitico.mx\/index.php?rest_route=\/wp\/v2\/posts\/101815\/revisions\/101818"}],"wp:featuredmedia":[{"embeddable":true,"href":"https:\/\/quehacerpolitico.mx\/index.php?rest_route=\/wp\/v2\/media\/101817"}],"wp:attachment":[{"href":"https:\/\/quehacerpolitico.mx\/index.php?rest_route=%2Fwp%2Fv2%2Fmedia&parent=101815"}],"wp:term":[{"taxonomy":"category","embeddable":true,"href":"https:\/\/quehacerpolitico.mx\/index.php?rest_route=%2Fwp%2Fv2%2Fcategories&post=101815"},{"taxonomy":"post_tag","embeddable":true,"href":"https:\/\/quehacerpolitico.mx\/index.php?rest_route=%2Fwp%2Fv2%2Ftags&post=101815"}],"curies":[{"name":"wp","href":"https:\/\/api.w.org\/{rel}","templated":true}]}}