{"id":101798,"date":"2023-06-10T20:13:29","date_gmt":"2023-06-10T20:13:29","guid":{"rendered":"https:\/\/quehacerpolitico.mx\/?p=101798"},"modified":"2023-06-10T20:13:31","modified_gmt":"2023-06-10T20:13:31","slug":"muere-el-filosofo-y-profesor-italiano-nuccio-ordine-ganador-del-premio-princesa-de-asturias-2023-a-los-64-anos-de-edad","status":"publish","type":"post","link":"https:\/\/quehacerpolitico.mx\/?p=101798","title":{"rendered":"Muere el fil\u00f3sofo y profesor italiano\u00a0Nuccio Ordine ganador del Premio Princesa de Asturias 2023 a los 64 a\u00f1os de edad"},"content":{"rendered":"\n<p>Por Redacci\u00f3n QP<\/p>\n\n\n\n<p>Era considerado uno de los mayores expertos en el Renacimiento y la obra del astr\u00f3nomo, te\u00f3logo y pensador Giordano Bruno<\/p>\n\n\n\n<p>El fil\u00f3sofo y profesor italiano\u00a0<strong>Nuccio Ordine<\/strong>, a quien el pasado 4 mayo de este a\u00f1o hab\u00eda sido designado como ganador del Premio Princesa de Asturias de Comunicaci\u00f3n y Humanidades 2023, falleci\u00f3 este s\u00e1bado 10 de junio, a los 64 a\u00f1os de edad, en Cosenza, localidad de la regi\u00f3n de Calabria (sur de Italia), donde era profesor;\u00a0<strong>era considerado uno de los mayores expertos en el Renacimiento y la obra del astr\u00f3nomo, te\u00f3logo y pensador Giordano Bruno.<\/strong><\/p>\n\n\n\n<figure class=\"wp-block-embed is-type-video is-provider-youtube wp-block-embed-youtube wp-embed-aspect-16-9 wp-has-aspect-ratio\"><div class=\"wp-block-embed__wrapper\">\nhttps:\/\/youtu.be\/MRJf0tTEDec\n<\/div><\/figure>\n\n\n\n<p>La confirmaci\u00f3n de su deceso la ofreci\u00f3 en redes el alcalde de Consenza, Franz Caruso, quien tambi\u00e9n expres\u00f3 su malestar por la desaparici\u00f3n de &#8220;una de las figuras m\u00e1s cultas, en el sentido m\u00e1s amplio del t\u00e9rmino, que Calabria y todo el pa\u00eds han podido incluir en su historia reciente&#8221;. El fallecimiento de Ordine tuvo lugar en el hospital Annuziata de Cosenza, donde hab\u00eda sido ingresado hace unos d\u00edas tras un derrame cerebral; su estado era grave desde el momento del ingreso, seg\u00fan informaron los medios de la localidad calabresa.<\/p>\n\n\n\n<h2 class=\"wp-block-heading\">El valor de educar<\/h2>\n\n\n\n<p>Cuando se le concedi\u00f3 el\u00a0<strong>Premio Princesa de Asturias<\/strong>, el jurado destac\u00f3 &#8220;su defensa de las humanidades y su compromiso con la educaci\u00f3n y los valores enraizados en el pensamiento europeo m\u00e1s universal&#8221;. Adem\u00e1s, su vocaci\u00f3n por &#8220;transmitir, en especial a los m\u00e1s j\u00f3venes, que la importancia del saber se encuentra en el proceso mismo del aprendizaje&#8221;. Estaba programado que recibiera el galard\u00f3n el viernes 20 de octubre pr\u00f3ximo.<\/p>\n\n\n\n<p>Cuando supo que le conced\u00edan el premio, Ordine quiso<strong>&nbsp;&#8220;dedicar este premio a quienes ense\u00f1an y cambian silenciosamente con su sacrificio la vida de sus alumnos.<\/strong>&nbsp;A quienes cada d\u00eda \u2013en una choza africana o en un pueblo pobre de Calabria o de Hispanoam\u00e9rica\u2013 realizan un gran milagro: permitir a los estudiantes pobres dar ese salto social y cultural que hace nuestra sociedad m\u00e1s justa e igualitaria&#8221;.<\/p>\n\n\n\n<p>Una obra importante<\/p>\n\n\n\n<p>Ordine, nacido en Diamante (Italia) el 18 de julio de 1958,\u00a0<strong>era profesor de Literatura italiana en la Universidad de Calabria<\/strong>\u00a0y se convirti\u00f3 en un best seller internacional con libros donde se rebelaba contra la derrota del pensamiento frente al dinero o reivindica la necesidad de leer a los autores cl\u00e1sicos en la actualidad.<\/p>\n\n\n\n<figure class=\"wp-block-embed is-type-video is-provider-youtube wp-block-embed-youtube wp-embed-aspect-16-9 wp-has-aspect-ratio\"><div class=\"wp-block-embed__wrapper\">\n<iframe loading=\"lazy\" title=\"Nuccio Ordine: \u00bfGozar o poseer? Las felicidades y los conocimientos in\u00fatiles\" width=\"640\" height=\"360\" src=\"https:\/\/www.youtube.com\/embed\/YKNHycNrNUo?feature=oembed\" frameborder=\"0\" allow=\"accelerometer; autoplay; clipboard-write; encrypted-media; gyroscope; picture-in-picture; web-share\" referrerpolicy=\"strict-origin-when-cross-origin\" allowfullscreen><\/iframe>\n<\/div><\/figure>\n\n\n\n<p>Fue reconocido como una de las figuras m\u00e1s influyentes del pensamiento y la literatura renacentistas. Era considerado una de las voces m\u00e1s destacadas de la filosof\u00eda contempor\u00e1nea por su reivindicaci\u00f3n del humanismo y su objetivo era construir una sociedad mejor desde el conocimiento y rechazaba el utilitarismo imperante; as\u00ed, en 2013 public\u00f3 &#8220;La utilidad de lo in\u00fatil&#8221;, que result\u00f3 un \u00e9xito, pues se tradujo a 20 idiomas en 32 pa\u00edses.<\/p>\n\n\n\n<p>Otras de sus obras m\u00e1s aclamadas fueron &#8220;El umbral de la sombra&#8221; (2006) y &#8220;Cl\u00e1sicos para la vida. Una peque\u00f1a biblioteca ideal&#8221; (2017), ambas publicadas en espa\u00f1ol por la editorial Acantilado.<\/p>\n\n\n\n<p>Adem\u00e1s, fue un reputado&nbsp;<strong>conocedor de la obra del astr\u00f3nomo, te\u00f3logo, fil\u00f3sofo y humanista napolitano Giordano Bruno.<\/strong><\/p>\n\n\n\n<h2 class=\"wp-block-heading\">Formaci\u00f3n y trabajo<\/h2>\n\n\n\n<p>Ordine se licenci\u00f3 en 1982 en Literatura Moderna por la Facultad de Filosof\u00eda y Letras de la Universidad de Calabria y en 1987 se doctor\u00f3 en Ciencias Literarias: Ret\u00f3rica y T\u00e9cnicas de la Interpretaci\u00f3n. Fue profesor de Literatura Italiana del Departamento de Estudios Human\u00edsticos de la universidad de su regi\u00f3n natal.<\/p>\n\n\n\n<p>Adem\u00e1s, estuvo como profesor invitado en universidades estadounidenses como las de Harvard, Yale y Nueva York, y europeas como la Escuela de Altos Estudios en Ciencias Sociales y la Escuela Normal Superior de Par\u00eds, adem\u00e1s de en el Instituto Warburg de Londres, la Sociedad Max Planck de Berl\u00edn y la universidad alemana de Eichst\u00e4tt-Ingolstadt.<\/p>\n\n\n\n<p>El profesor tambi\u00e9n fue miembro honorario del Instituto de Filosof\u00eda de la Academia Rusa de las Ciencias, miembro de la Real Academia de B\u00e9lgica y miembro fundador de la Asociaci\u00f3n Italiana de Teor\u00eda e Historia Comparada de la Literatura. Adem\u00e1s, presidi\u00f3 hasta el final de su vida el Centro Internazionale di Studi Telesiani, Bruniani e Campanelliani (Cosenza, Italia) y form\u00f3 parte del consejo ejecutivo del Instituto Italiano de Estudios Filos\u00f3ficos. Fue colaborador habitual del peri\u00f3dico Corriere della Sera. A nivel local, nacional e internacional obtuvo muchos importantes galardones y reconocimientos.<\/p>\n","protected":false},"excerpt":{"rendered":"<p>Por Redacci\u00f3n QP Era considerado uno de los mayores expertos en el Renacimiento y la&#8230;<\/p>\n","protected":false},"author":2,"featured_media":101799,"comment_status":"open","ping_status":"open","sticky":false,"template":"","format":"standard","meta":{"_monsterinsights_skip_tracking":false,"_monsterinsights_sitenote_active":false,"_monsterinsights_sitenote_note":"","_monsterinsights_sitenote_category":0,"footnotes":""},"categories":[58],"tags":[],"class_list":["post-101798","post","type-post","status-publish","format-standard","has-post-thumbnail","hentry","category-cultura"],"yoast_head":"<!-- This site is optimized with the Yoast SEO plugin v27.3 - https:\/\/yoast.com\/product\/yoast-seo-wordpress\/ -->\n<title>Muere el fil\u00f3sofo y profesor italiano\u00a0Nuccio Ordine ganador del Premio Princesa de Asturias 2023 a los 64 a\u00f1os de edad -<\/title>\n<meta name=\"robots\" content=\"index, follow, max-snippet:-1, max-image-preview:large, max-video-preview:-1\" \/>\n<link rel=\"canonical\" href=\"https:\/\/quehacerpolitico.mx\/?p=101798\" \/>\n<meta property=\"og:locale\" content=\"es_MX\" \/>\n<meta property=\"og:type\" content=\"article\" \/>\n<meta property=\"og:title\" content=\"Muere el fil\u00f3sofo y profesor italiano\u00a0Nuccio Ordine ganador del Premio Princesa de Asturias 2023 a los 64 a\u00f1os de edad -\" \/>\n<meta property=\"og:description\" content=\"Por Redacci\u00f3n QP Era considerado uno de los mayores expertos en el Renacimiento y la...\" \/>\n<meta property=\"og:url\" content=\"https:\/\/quehacerpolitico.mx\/?p=101798\" \/>\n<meta property=\"article:published_time\" content=\"2023-06-10T20:13:29+00:00\" \/>\n<meta property=\"article:modified_time\" content=\"2023-06-10T20:13:31+00:00\" \/>\n<meta property=\"og:image\" content=\"https:\/\/quehacerpolitico.mx\/wp-content\/uploads\/2023\/06\/IMG_8347.jpeg\" \/>\n\t<meta property=\"og:image:width\" content=\"480\" \/>\n\t<meta property=\"og:image:height\" content=\"270\" \/>\n\t<meta property=\"og:image:type\" content=\"image\/jpeg\" \/>\n<meta name=\"author\" content=\"Redacci\u00f3n QP\" \/>\n<meta name=\"twitter:card\" content=\"summary_large_image\" \/>\n<meta name=\"twitter:label1\" content=\"Escrito por\" \/>\n\t<meta name=\"twitter:data1\" content=\"Redacci\u00f3n QP\" \/>\n\t<meta name=\"twitter:label2\" content=\"Tiempo de lectura\" \/>\n\t<meta name=\"twitter:data2\" content=\"4 minutos\" \/>\n<script type=\"application\/ld+json\" class=\"yoast-schema-graph\">{\"@context\":\"https:\\\/\\\/schema.org\",\"@graph\":[{\"@type\":\"Article\",\"@id\":\"https:\\\/\\\/quehacerpolitico.mx\\\/?p=101798#article\",\"isPartOf\":{\"@id\":\"https:\\\/\\\/quehacerpolitico.mx\\\/?p=101798\"},\"author\":{\"name\":\"Redacci\u00f3n QP\",\"@id\":\"https:\\\/\\\/quehacerpolitico.mx\\\/#\\\/schema\\\/person\\\/496d8ad2d1d3f8036101dca7ee39e585\"},\"headline\":\"Muere el fil\u00f3sofo y profesor italiano\u00a0Nuccio Ordine ganador del Premio Princesa de Asturias 2023 a los 64 a\u00f1os de edad\",\"datePublished\":\"2023-06-10T20:13:29+00:00\",\"dateModified\":\"2023-06-10T20:13:31+00:00\",\"mainEntityOfPage\":{\"@id\":\"https:\\\/\\\/quehacerpolitico.mx\\\/?p=101798\"},\"wordCount\":794,\"commentCount\":0,\"image\":{\"@id\":\"https:\\\/\\\/quehacerpolitico.mx\\\/?p=101798#primaryimage\"},\"thumbnailUrl\":\"https:\\\/\\\/quehacerpolitico.mx\\\/wp-content\\\/uploads\\\/2023\\\/06\\\/IMG_8347.jpeg\",\"articleSection\":[\"Cultura y Entretenimiento\"],\"inLanguage\":\"es\",\"potentialAction\":[{\"@type\":\"CommentAction\",\"name\":\"Comment\",\"target\":[\"https:\\\/\\\/quehacerpolitico.mx\\\/?p=101798#respond\"]}]},{\"@type\":\"WebPage\",\"@id\":\"https:\\\/\\\/quehacerpolitico.mx\\\/?p=101798\",\"url\":\"https:\\\/\\\/quehacerpolitico.mx\\\/?p=101798\",\"name\":\"Muere el fil\u00f3sofo y profesor italiano\u00a0Nuccio Ordine ganador del Premio Princesa de Asturias 2023 a los 64 a\u00f1os de edad -\",\"isPartOf\":{\"@id\":\"https:\\\/\\\/quehacerpolitico.mx\\\/#website\"},\"primaryImageOfPage\":{\"@id\":\"https:\\\/\\\/quehacerpolitico.mx\\\/?p=101798#primaryimage\"},\"image\":{\"@id\":\"https:\\\/\\\/quehacerpolitico.mx\\\/?p=101798#primaryimage\"},\"thumbnailUrl\":\"https:\\\/\\\/quehacerpolitico.mx\\\/wp-content\\\/uploads\\\/2023\\\/06\\\/IMG_8347.jpeg\",\"datePublished\":\"2023-06-10T20:13:29+00:00\",\"dateModified\":\"2023-06-10T20:13:31+00:00\",\"author\":{\"@id\":\"https:\\\/\\\/quehacerpolitico.mx\\\/#\\\/schema\\\/person\\\/496d8ad2d1d3f8036101dca7ee39e585\"},\"breadcrumb\":{\"@id\":\"https:\\\/\\\/quehacerpolitico.mx\\\/?p=101798#breadcrumb\"},\"inLanguage\":\"es\",\"potentialAction\":[{\"@type\":\"ReadAction\",\"target\":[\"https:\\\/\\\/quehacerpolitico.mx\\\/?p=101798\"]}]},{\"@type\":\"ImageObject\",\"inLanguage\":\"es\",\"@id\":\"https:\\\/\\\/quehacerpolitico.mx\\\/?p=101798#primaryimage\",\"url\":\"https:\\\/\\\/quehacerpolitico.mx\\\/wp-content\\\/uploads\\\/2023\\\/06\\\/IMG_8347.jpeg\",\"contentUrl\":\"https:\\\/\\\/quehacerpolitico.mx\\\/wp-content\\\/uploads\\\/2023\\\/06\\\/IMG_8347.jpeg\",\"width\":480,\"height\":270},{\"@type\":\"BreadcrumbList\",\"@id\":\"https:\\\/\\\/quehacerpolitico.mx\\\/?p=101798#breadcrumb\",\"itemListElement\":[{\"@type\":\"ListItem\",\"position\":1,\"name\":\"Inicio\",\"item\":\"https:\\\/\\\/quehacerpolitico.mx\\\/\"},{\"@type\":\"ListItem\",\"position\":2,\"name\":\"Muere el fil\u00f3sofo y profesor italiano\u00a0Nuccio Ordine ganador del Premio Princesa de Asturias 2023 a los 64 a\u00f1os de edad\"}]},{\"@type\":\"WebSite\",\"@id\":\"https:\\\/\\\/quehacerpolitico.mx\\\/#website\",\"url\":\"https:\\\/\\\/quehacerpolitico.mx\\\/\",\"name\":\"\",\"description\":\"\",\"potentialAction\":[{\"@type\":\"SearchAction\",\"target\":{\"@type\":\"EntryPoint\",\"urlTemplate\":\"https:\\\/\\\/quehacerpolitico.mx\\\/?s={search_term_string}\"},\"query-input\":{\"@type\":\"PropertyValueSpecification\",\"valueRequired\":true,\"valueName\":\"search_term_string\"}}],\"inLanguage\":\"es\"},{\"@type\":\"Person\",\"@id\":\"https:\\\/\\\/quehacerpolitico.mx\\\/#\\\/schema\\\/person\\\/496d8ad2d1d3f8036101dca7ee39e585\",\"name\":\"Redacci\u00f3n QP\",\"image\":{\"@type\":\"ImageObject\",\"inLanguage\":\"es\",\"@id\":\"https:\\\/\\\/secure.gravatar.com\\\/avatar\\\/c7164ed6fdec453195284ad24a5ae5b6e1eed2b848477fa2a4787ba9adf39a41?s=96&d=mm&r=g\",\"url\":\"https:\\\/\\\/secure.gravatar.com\\\/avatar\\\/c7164ed6fdec453195284ad24a5ae5b6e1eed2b848477fa2a4787ba9adf39a41?s=96&d=mm&r=g\",\"contentUrl\":\"https:\\\/\\\/secure.gravatar.com\\\/avatar\\\/c7164ed6fdec453195284ad24a5ae5b6e1eed2b848477fa2a4787ba9adf39a41?s=96&d=mm&r=g\",\"caption\":\"Redacci\u00f3n QP\"},\"url\":\"https:\\\/\\\/quehacerpolitico.mx\\\/?author=2\"}]}<\/script>\n<!-- \/ Yoast SEO plugin. -->","yoast_head_json":{"title":"Muere el fil\u00f3sofo y profesor italiano\u00a0Nuccio Ordine ganador del Premio Princesa de Asturias 2023 a los 64 a\u00f1os de edad -","robots":{"index":"index","follow":"follow","max-snippet":"max-snippet:-1","max-image-preview":"max-image-preview:large","max-video-preview":"max-video-preview:-1"},"canonical":"https:\/\/quehacerpolitico.mx\/?p=101798","og_locale":"es_MX","og_type":"article","og_title":"Muere el fil\u00f3sofo y profesor italiano\u00a0Nuccio Ordine ganador del Premio Princesa de Asturias 2023 a los 64 a\u00f1os de edad -","og_description":"Por Redacci\u00f3n QP Era considerado uno de los mayores expertos en el Renacimiento y la...","og_url":"https:\/\/quehacerpolitico.mx\/?p=101798","article_published_time":"2023-06-10T20:13:29+00:00","article_modified_time":"2023-06-10T20:13:31+00:00","og_image":[{"width":480,"height":270,"url":"https:\/\/quehacerpolitico.mx\/wp-content\/uploads\/2023\/06\/IMG_8347.jpeg","type":"image\/jpeg"}],"author":"Redacci\u00f3n QP","twitter_card":"summary_large_image","twitter_misc":{"Escrito por":"Redacci\u00f3n QP","Tiempo de lectura":"4 minutos"},"schema":{"@context":"https:\/\/schema.org","@graph":[{"@type":"Article","@id":"https:\/\/quehacerpolitico.mx\/?p=101798#article","isPartOf":{"@id":"https:\/\/quehacerpolitico.mx\/?p=101798"},"author":{"name":"Redacci\u00f3n QP","@id":"https:\/\/quehacerpolitico.mx\/#\/schema\/person\/496d8ad2d1d3f8036101dca7ee39e585"},"headline":"Muere el fil\u00f3sofo y profesor italiano\u00a0Nuccio Ordine ganador del Premio Princesa de Asturias 2023 a los 64 a\u00f1os de edad","datePublished":"2023-06-10T20:13:29+00:00","dateModified":"2023-06-10T20:13:31+00:00","mainEntityOfPage":{"@id":"https:\/\/quehacerpolitico.mx\/?p=101798"},"wordCount":794,"commentCount":0,"image":{"@id":"https:\/\/quehacerpolitico.mx\/?p=101798#primaryimage"},"thumbnailUrl":"https:\/\/quehacerpolitico.mx\/wp-content\/uploads\/2023\/06\/IMG_8347.jpeg","articleSection":["Cultura y Entretenimiento"],"inLanguage":"es","potentialAction":[{"@type":"CommentAction","name":"Comment","target":["https:\/\/quehacerpolitico.mx\/?p=101798#respond"]}]},{"@type":"WebPage","@id":"https:\/\/quehacerpolitico.mx\/?p=101798","url":"https:\/\/quehacerpolitico.mx\/?p=101798","name":"Muere el fil\u00f3sofo y profesor italiano\u00a0Nuccio Ordine ganador del Premio Princesa de Asturias 2023 a los 64 a\u00f1os de edad -","isPartOf":{"@id":"https:\/\/quehacerpolitico.mx\/#website"},"primaryImageOfPage":{"@id":"https:\/\/quehacerpolitico.mx\/?p=101798#primaryimage"},"image":{"@id":"https:\/\/quehacerpolitico.mx\/?p=101798#primaryimage"},"thumbnailUrl":"https:\/\/quehacerpolitico.mx\/wp-content\/uploads\/2023\/06\/IMG_8347.jpeg","datePublished":"2023-06-10T20:13:29+00:00","dateModified":"2023-06-10T20:13:31+00:00","author":{"@id":"https:\/\/quehacerpolitico.mx\/#\/schema\/person\/496d8ad2d1d3f8036101dca7ee39e585"},"breadcrumb":{"@id":"https:\/\/quehacerpolitico.mx\/?p=101798#breadcrumb"},"inLanguage":"es","potentialAction":[{"@type":"ReadAction","target":["https:\/\/quehacerpolitico.mx\/?p=101798"]}]},{"@type":"ImageObject","inLanguage":"es","@id":"https:\/\/quehacerpolitico.mx\/?p=101798#primaryimage","url":"https:\/\/quehacerpolitico.mx\/wp-content\/uploads\/2023\/06\/IMG_8347.jpeg","contentUrl":"https:\/\/quehacerpolitico.mx\/wp-content\/uploads\/2023\/06\/IMG_8347.jpeg","width":480,"height":270},{"@type":"BreadcrumbList","@id":"https:\/\/quehacerpolitico.mx\/?p=101798#breadcrumb","itemListElement":[{"@type":"ListItem","position":1,"name":"Inicio","item":"https:\/\/quehacerpolitico.mx\/"},{"@type":"ListItem","position":2,"name":"Muere el fil\u00f3sofo y profesor italiano\u00a0Nuccio Ordine ganador del Premio Princesa de Asturias 2023 a los 64 a\u00f1os de edad"}]},{"@type":"WebSite","@id":"https:\/\/quehacerpolitico.mx\/#website","url":"https:\/\/quehacerpolitico.mx\/","name":"","description":"","potentialAction":[{"@type":"SearchAction","target":{"@type":"EntryPoint","urlTemplate":"https:\/\/quehacerpolitico.mx\/?s={search_term_string}"},"query-input":{"@type":"PropertyValueSpecification","valueRequired":true,"valueName":"search_term_string"}}],"inLanguage":"es"},{"@type":"Person","@id":"https:\/\/quehacerpolitico.mx\/#\/schema\/person\/496d8ad2d1d3f8036101dca7ee39e585","name":"Redacci\u00f3n QP","image":{"@type":"ImageObject","inLanguage":"es","@id":"https:\/\/secure.gravatar.com\/avatar\/c7164ed6fdec453195284ad24a5ae5b6e1eed2b848477fa2a4787ba9adf39a41?s=96&d=mm&r=g","url":"https:\/\/secure.gravatar.com\/avatar\/c7164ed6fdec453195284ad24a5ae5b6e1eed2b848477fa2a4787ba9adf39a41?s=96&d=mm&r=g","contentUrl":"https:\/\/secure.gravatar.com\/avatar\/c7164ed6fdec453195284ad24a5ae5b6e1eed2b848477fa2a4787ba9adf39a41?s=96&d=mm&r=g","caption":"Redacci\u00f3n QP"},"url":"https:\/\/quehacerpolitico.mx\/?author=2"}]}},"featured_image_urls":{"full":["https:\/\/quehacerpolitico.mx\/wp-content\/uploads\/2023\/06\/IMG_8347.jpeg",480,270,false],"thumbnail":["https:\/\/quehacerpolitico.mx\/wp-content\/uploads\/2023\/06\/IMG_8347-150x150.jpeg",150,150,true],"medium":["https:\/\/quehacerpolitico.mx\/wp-content\/uploads\/2023\/06\/IMG_8347-300x169.jpeg",300,169,true],"medium_large":["https:\/\/quehacerpolitico.mx\/wp-content\/uploads\/2023\/06\/IMG_8347.jpeg",480,270,false],"large":["https:\/\/quehacerpolitico.mx\/wp-content\/uploads\/2023\/06\/IMG_8347.jpeg",480,270,false],"1536x1536":["https:\/\/quehacerpolitico.mx\/wp-content\/uploads\/2023\/06\/IMG_8347.jpeg",480,270,false],"2048x2048":["https:\/\/quehacerpolitico.mx\/wp-content\/uploads\/2023\/06\/IMG_8347.jpeg",480,270,false],"covernews-featured":["https:\/\/quehacerpolitico.mx\/wp-content\/uploads\/2023\/06\/IMG_8347.jpeg",480,270,false],"covernews-medium":["https:\/\/quehacerpolitico.mx\/wp-content\/uploads\/2023\/06\/IMG_8347.jpeg",480,270,false]},"author_info":{"display_name":"Redacci\u00f3n QP","author_link":"https:\/\/quehacerpolitico.mx\/?author=2"},"category_info":"<a href=\"https:\/\/quehacerpolitico.mx\/?cat=58\" rel=\"category\">Cultura y Entretenimiento<\/a>","tag_info":"Cultura y Entretenimiento","comment_count":"0","_links":{"self":[{"href":"https:\/\/quehacerpolitico.mx\/index.php?rest_route=\/wp\/v2\/posts\/101798","targetHints":{"allow":["GET"]}}],"collection":[{"href":"https:\/\/quehacerpolitico.mx\/index.php?rest_route=\/wp\/v2\/posts"}],"about":[{"href":"https:\/\/quehacerpolitico.mx\/index.php?rest_route=\/wp\/v2\/types\/post"}],"author":[{"embeddable":true,"href":"https:\/\/quehacerpolitico.mx\/index.php?rest_route=\/wp\/v2\/users\/2"}],"replies":[{"embeddable":true,"href":"https:\/\/quehacerpolitico.mx\/index.php?rest_route=%2Fwp%2Fv2%2Fcomments&post=101798"}],"version-history":[{"count":1,"href":"https:\/\/quehacerpolitico.mx\/index.php?rest_route=\/wp\/v2\/posts\/101798\/revisions"}],"predecessor-version":[{"id":101800,"href":"https:\/\/quehacerpolitico.mx\/index.php?rest_route=\/wp\/v2\/posts\/101798\/revisions\/101800"}],"wp:featuredmedia":[{"embeddable":true,"href":"https:\/\/quehacerpolitico.mx\/index.php?rest_route=\/wp\/v2\/media\/101799"}],"wp:attachment":[{"href":"https:\/\/quehacerpolitico.mx\/index.php?rest_route=%2Fwp%2Fv2%2Fmedia&parent=101798"}],"wp:term":[{"taxonomy":"category","embeddable":true,"href":"https:\/\/quehacerpolitico.mx\/index.php?rest_route=%2Fwp%2Fv2%2Fcategories&post=101798"},{"taxonomy":"post_tag","embeddable":true,"href":"https:\/\/quehacerpolitico.mx\/index.php?rest_route=%2Fwp%2Fv2%2Ftags&post=101798"}],"curies":[{"name":"wp","href":"https:\/\/api.w.org\/{rel}","templated":true}]}}