{"id":101672,"date":"2023-06-06T04:35:11","date_gmt":"2023-06-06T04:35:11","guid":{"rendered":"https:\/\/quehacerpolitico.mx\/?p=101672"},"modified":"2023-06-06T04:35:14","modified_gmt":"2023-06-06T04:35:14","slug":"amlo-se-reune-con-las-corcholatas-en-cena-organizada-en-el-restaurante-el-mayor","status":"publish","type":"post","link":"https:\/\/quehacerpolitico.mx\/?p=101672","title":{"rendered":"AMLO se re\u00fane con las corcholatas en cena organizada en el restaurante El Mayor"},"content":{"rendered":"\n<p>Por Redacci\u00f3n QP<\/p>\n\n\n\n<p>El presidente L\u00f3pez Obrador adelant\u00f3 que ma\u00f1ana hablar\u00e1 sobre el tema de la reuni\u00f3n durante la conferencia matutina<\/p>\n\n\n\n<p>El presidente de M\u00e9xico,&nbsp;<strong>Andr\u00e9s Manuel L\u00f3pez Obrador<\/strong>, se reuni\u00f3 con integrantes de Morena en el Centro Hist\u00f3rico en una cena organizada en el restaurante El Mayor, ubicado en la parte alta de la librer\u00eda Porr\u00faa.<\/p>\n\n\n\n<p>Previamente, se dio a conocer que el mandatario mexicano hab\u00eda convocado a los&nbsp;<strong>integrantes<\/strong>&nbsp;de&nbsp;<strong>Morena<\/strong>&nbsp;para una cena en la que se reunir\u00edan los aspirantes presidenciales, gobernadores as\u00ed como&nbsp;<strong>Delfina G\u00f3mez,<\/strong>&nbsp;candidata a la gubernatura del Estado de M\u00e9xico.<\/p>\n\n\n\n<p>Hasta el momento se desconoce el motivo de la reuni\u00f3n, aunque\u00a0<strong>L\u00f3pez Obrador<\/strong>\u00a0adelant\u00f3 que ma\u00f1ana hablar\u00e1 sobre el tema durante la\u00a0<strong>conferencia<\/strong>\u00a0<strong>matutina<\/strong>.<\/p>\n\n\n\n<p>En el establecimiento ya estaban los dirigentes del partido, as\u00ed como gobernadores del partido oficial. Aunque no se revel\u00f3 si asistieron todos los mandatarios estatales morenistas o solo algunos.<\/p>\n\n\n\n<p>En un video que comparti\u00f3 Reforma en sus redes sociales se observa c\u00f3mo ingres\u00f3 L\u00f3pez Obrador al establecimiento en cuesti\u00f3n, mismo en el que ya lo esperaban los cuatro aspirantes presidenciales de Morena:<\/p>\n\n\n\n<p>-Claudia Sheinbaum<br>-Marcelo Ebrard<br>-Ad\u00e1n Augusto L\u00f3pez<br>-Ricardo Monreal<\/p>\n\n\n\n<p>As\u00ed como gobernadores de Morena.<\/p>\n\n\n\n<p>Y tras la entrada del titular del Ejecutivo federal, corcholatas y gobernadores de Movimiento de Regeneraci\u00f3n Nacional (Morena), el establecimiento fue cerrado al p\u00fablico en general.<\/p>\n\n\n\n<figure class=\"wp-block-embed is-type-rich is-provider-twitter wp-block-embed-twitter\"><div class=\"wp-block-embed__wrapper\">\n<blockquote class=\"twitter-tweet\" data-width=\"550\" data-dnt=\"true\"><p lang=\"es\" dir=\"ltr\">As\u00ed lleg\u00f3 AMLO con sus \u2018corcholatas\u2019<br><br>El presidente <a href=\"https:\/\/twitter.com\/lopezobrador_?ref_src=twsrc%5Etfw\">@lopezobrador_<\/a> se traslad\u00f3 a pie hasta un restaurante del Centro Hist\u00f3rico para reunirse con sus \u2018corcholatas\u2019 y los gobernadores emanados de Morena; el mandatario afirm\u00f3 que ma\u00f1ana dar\u00e1 m\u00e1s detalles de la reuni\u00f3n en su\u2026 <a href=\"https:\/\/t.co\/7epVzx4Pst\">pic.twitter.com\/7epVzx4Pst<\/a><\/p>&mdash; Pol\u00edtico MX (@politicomx) <a href=\"https:\/\/twitter.com\/politicomx\/status\/1665919800604864512?ref_src=twsrc%5Etfw\">June 6, 2023<\/a><\/blockquote><script async src=\"https:\/\/platform.twitter.com\/widgets.js\" charset=\"utf-8\"><\/script>\n<\/div><\/figure>\n\n\n\n<h3 class=\"wp-block-heading\"><strong>AMLO se re\u00fane con \u201ccorcholatas\u201d y gobernadores de Morena<\/strong><\/h3>\n\n\n\n<p>Dicha reuni\u00f3n se lleva a cabo en el restaurante El Mayor, ubicado frente al Templo Mayor, a unas cuadras de Palacio Nacional. El sitio fue cerrado exclusivamente para la reuni\u00f3n.<\/p>\n\n\n\n<p>L\u00f3pez Obrador sali\u00f3 caminando, en medio de una ligera llovizna, por la calle de Moneda al restaurante.<\/p>\n\n\n\n<p><em>\u201cVoy a Porr\u00faa\u201d,<\/em>&nbsp;dijo al ser abordado sobre la calle.<\/p>\n\n\n\n<p>\u00bfVa por un libro?<\/p>\n\n\n\n<p><em>\u201cNo, a cenar\u201d,<\/em>&nbsp;respondi\u00f3.<\/p>\n\n\n\n<p>\u00bfCon qui\u00e9n se re\u00fane?<\/p>\n\n\n\n<p><em>\u201cCon compa\u00f1eras, compa\u00f1eros amigos\u2026 ya me voy, estoy al 100\u201d,<\/em>&nbsp;sostuvo L\u00f3pez Obrador.<\/p>\n\n\n\n<p>Al lugar arribaron tambi\u00e9n gobernadores emanados de Morena, incluso lleg\u00f3 la gobernadora electa del Estado de M\u00e9xico, Delfina G\u00f3mez.<\/p>\n\n\n\n<p>El lugar del encuentro fue resguardado por elementos de la Ayudant\u00eda y personal de seguridad del inmueble. Despu\u00e9s de que L\u00f3pez Obrador ingres\u00f3 al establecimiento, a trav\u00e9s de la librer\u00eda Porr\u00faa, se cerraron las cortinas .<\/p>\n\n\n\n<figure class=\"wp-block-embed is-type-rich is-provider-twitter wp-block-embed-twitter\"><div class=\"wp-block-embed__wrapper\">\n<blockquote class=\"twitter-tweet\" data-width=\"550\" data-dnt=\"true\"><p lang=\"es\" dir=\"ltr\">El pueblo bueno cuida la puerta del restaurante donde cena <a href=\"https:\/\/twitter.com\/lopezobrador_?ref_src=twsrc%5Etfw\">@lopezobrador_<\/a> con los precandidatos y algunos gobernadores.<br><br>Video de <a href=\"https:\/\/twitter.com\/isa_gonzalez?ref_src=twsrc%5Etfw\">@isa_gonzalez<\/a> <a href=\"https:\/\/t.co\/PPxF0Jhjdt\">pic.twitter.com\/PPxF0Jhjdt<\/a><\/p>&mdash; Joaqu\u00edn L\u00f3pez-D\u00f3riga (@lopezdoriga) <a href=\"https:\/\/twitter.com\/lopezdoriga\/status\/1665934900095074304?ref_src=twsrc%5Etfw\">June 6, 2023<\/a><\/blockquote><script async src=\"https:\/\/platform.twitter.com\/widgets.js\" charset=\"utf-8\"><\/script>\n<\/div><\/figure>\n\n\n\n<p>Luego de la victoria que fund\u00f3 en el Estado de M\u00e9xico y la propuesta de Ebrard para elecci\u00f3n de candidato, AMLO se reuni\u00f3 con las \u201ccorcholatas\u201d de Morena en un establecimiento de la CDMX.<\/p>\n\n\n\n<p>despu\u00e9s de terminar de cenar se retiraron bajo la lluvia<\/p>\n\n\n\n<figure class=\"wp-block-embed is-type-rich is-provider-twitter wp-block-embed-twitter\"><div class=\"wp-block-embed__wrapper\">\n<blockquote class=\"twitter-tweet\" data-width=\"550\" data-dnt=\"true\"><p lang=\"es\" dir=\"ltr\"><a href=\"https:\/\/twitter.com\/hashtag\/AzucenaALas10?src=hash&amp;ref_src=twsrc%5Etfw\">#AzucenaALas10<\/a> | Las \u201ccorcholatas\u201d, gobernadores y el dirigente de <a href=\"https:\/\/twitter.com\/hashtag\/MORENA?src=hash&amp;ref_src=twsrc%5Etfw\">#MORENA<\/a>, Mario Delgado, se re\u00fanen esta noche con el presidente L\u00f3pez Obrador en un restaurante  <br><br>Sin dar muchos detalles, as\u00ed llegaron los asistentes <a href=\"https:\/\/t.co\/dQaohS2FL4\">pic.twitter.com\/dQaohS2FL4<\/a><\/p>&mdash; Azucena Uresti (@azucenau) <a href=\"https:\/\/twitter.com\/azucenau\/status\/1665934499425964033?ref_src=twsrc%5Etfw\">June 6, 2023<\/a><\/blockquote><script async src=\"https:\/\/platform.twitter.com\/widgets.js\" charset=\"utf-8\"><\/script>\n<\/div><\/figure>\n\n\n\n<figure class=\"wp-block-embed is-type-rich is-provider-twitter wp-block-embed-twitter\"><div class=\"wp-block-embed__wrapper\">\n<blockquote class=\"twitter-tweet\" data-width=\"550\" data-dnt=\"true\"><p lang=\"es\" dir=\"ltr\"><a href=\"https:\/\/twitter.com\/hashtag\/%C3%9ALTIMAHORA?src=hash&amp;ref_src=twsrc%5Etfw\">#\u00daLTIMAHORA<\/a> | El presidente L\u00f3pez Obrador sale del restaurante en el centro de la <a href=\"https:\/\/twitter.com\/hashtag\/CDMX?src=hash&amp;ref_src=twsrc%5Etfw\">#CDMX<\/a> donde mantuvo una reuni\u00f3n con &quot;corcholatas&quot;, gobernadores y el dirigente nacional de <a href=\"https:\/\/twitter.com\/hashtag\/MORENA?src=hash&amp;ref_src=twsrc%5Etfw\">#MORENA<\/a> <br><br>Gaspar Vela con los detalles <a href=\"https:\/\/twitter.com\/hashtag\/AzucenaALas10?src=hash&amp;ref_src=twsrc%5Etfw\">#AzucenaALas10<\/a> <a href=\"https:\/\/t.co\/9lZXzTLS2f\">pic.twitter.com\/9lZXzTLS2f<\/a><\/p>&mdash; Azucena Uresti (@azucenau) <a href=\"https:\/\/twitter.com\/azucenau\/status\/1665935872678674433?ref_src=twsrc%5Etfw\">June 6, 2023<\/a><\/blockquote><script async src=\"https:\/\/platform.twitter.com\/widgets.js\" charset=\"utf-8\"><\/script>\n<\/div><\/figure>\n","protected":false},"excerpt":{"rendered":"<p>Por Redacci\u00f3n QP El presidente L\u00f3pez Obrador adelant\u00f3 que ma\u00f1ana hablar\u00e1 sobre el tema de&#8230;<\/p>\n","protected":false},"author":2,"featured_media":101673,"comment_status":"open","ping_status":"open","sticky":false,"template":"","format":"standard","meta":{"_monsterinsights_skip_tracking":false,"_monsterinsights_sitenote_active":false,"_monsterinsights_sitenote_note":"","_monsterinsights_sitenote_category":0,"footnotes":""},"categories":[2],"tags":[],"class_list":["post-101672","post","type-post","status-publish","format-standard","has-post-thumbnail","hentry","category-noticias"],"yoast_head":"<!-- This site is optimized with the Yoast SEO plugin v27.3 - https:\/\/yoast.com\/product\/yoast-seo-wordpress\/ -->\n<title>AMLO se re\u00fane con las corcholatas en cena organizada en el restaurante El Mayor -<\/title>\n<meta name=\"robots\" content=\"index, follow, max-snippet:-1, max-image-preview:large, max-video-preview:-1\" \/>\n<link rel=\"canonical\" href=\"https:\/\/quehacerpolitico.mx\/?p=101672\" \/>\n<meta property=\"og:locale\" content=\"es_MX\" \/>\n<meta property=\"og:type\" content=\"article\" \/>\n<meta property=\"og:title\" content=\"AMLO se re\u00fane con las corcholatas en cena organizada en el restaurante El Mayor -\" \/>\n<meta property=\"og:description\" content=\"Por Redacci\u00f3n QP El presidente L\u00f3pez Obrador adelant\u00f3 que ma\u00f1ana hablar\u00e1 sobre el tema de...\" \/>\n<meta property=\"og:url\" content=\"https:\/\/quehacerpolitico.mx\/?p=101672\" \/>\n<meta property=\"article:published_time\" content=\"2023-06-06T04:35:11+00:00\" \/>\n<meta property=\"article:modified_time\" content=\"2023-06-06T04:35:14+00:00\" \/>\n<meta property=\"og:image\" content=\"https:\/\/quehacerpolitico.mx\/wp-content\/uploads\/2023\/06\/IMG_8250.jpeg\" \/>\n\t<meta property=\"og:image:width\" content=\"2048\" \/>\n\t<meta property=\"og:image:height\" content=\"1180\" \/>\n\t<meta property=\"og:image:type\" content=\"image\/jpeg\" \/>\n<meta name=\"author\" content=\"Redacci\u00f3n QP\" \/>\n<meta name=\"twitter:card\" content=\"summary_large_image\" \/>\n<meta name=\"twitter:label1\" content=\"Escrito por\" \/>\n\t<meta name=\"twitter:data1\" content=\"Redacci\u00f3n QP\" \/>\n\t<meta name=\"twitter:label2\" content=\"Tiempo de lectura\" \/>\n\t<meta name=\"twitter:data2\" content=\"3 minutos\" \/>\n<script type=\"application\/ld+json\" class=\"yoast-schema-graph\">{\"@context\":\"https:\\\/\\\/schema.org\",\"@graph\":[{\"@type\":\"Article\",\"@id\":\"https:\\\/\\\/quehacerpolitico.mx\\\/?p=101672#article\",\"isPartOf\":{\"@id\":\"https:\\\/\\\/quehacerpolitico.mx\\\/?p=101672\"},\"author\":{\"name\":\"Redacci\u00f3n QP\",\"@id\":\"https:\\\/\\\/quehacerpolitico.mx\\\/#\\\/schema\\\/person\\\/496d8ad2d1d3f8036101dca7ee39e585\"},\"headline\":\"AMLO se re\u00fane con las corcholatas en cena organizada en el restaurante El Mayor\",\"datePublished\":\"2023-06-06T04:35:11+00:00\",\"dateModified\":\"2023-06-06T04:35:14+00:00\",\"mainEntityOfPage\":{\"@id\":\"https:\\\/\\\/quehacerpolitico.mx\\\/?p=101672\"},\"wordCount\":523,\"commentCount\":0,\"image\":{\"@id\":\"https:\\\/\\\/quehacerpolitico.mx\\\/?p=101672#primaryimage\"},\"thumbnailUrl\":\"https:\\\/\\\/quehacerpolitico.mx\\\/wp-content\\\/uploads\\\/2023\\\/06\\\/IMG_8250.jpeg\",\"articleSection\":[\"Noticias\"],\"inLanguage\":\"es\",\"potentialAction\":[{\"@type\":\"CommentAction\",\"name\":\"Comment\",\"target\":[\"https:\\\/\\\/quehacerpolitico.mx\\\/?p=101672#respond\"]}]},{\"@type\":\"WebPage\",\"@id\":\"https:\\\/\\\/quehacerpolitico.mx\\\/?p=101672\",\"url\":\"https:\\\/\\\/quehacerpolitico.mx\\\/?p=101672\",\"name\":\"AMLO se re\u00fane con las corcholatas en cena organizada en el restaurante El Mayor -\",\"isPartOf\":{\"@id\":\"https:\\\/\\\/quehacerpolitico.mx\\\/#website\"},\"primaryImageOfPage\":{\"@id\":\"https:\\\/\\\/quehacerpolitico.mx\\\/?p=101672#primaryimage\"},\"image\":{\"@id\":\"https:\\\/\\\/quehacerpolitico.mx\\\/?p=101672#primaryimage\"},\"thumbnailUrl\":\"https:\\\/\\\/quehacerpolitico.mx\\\/wp-content\\\/uploads\\\/2023\\\/06\\\/IMG_8250.jpeg\",\"datePublished\":\"2023-06-06T04:35:11+00:00\",\"dateModified\":\"2023-06-06T04:35:14+00:00\",\"author\":{\"@id\":\"https:\\\/\\\/quehacerpolitico.mx\\\/#\\\/schema\\\/person\\\/496d8ad2d1d3f8036101dca7ee39e585\"},\"breadcrumb\":{\"@id\":\"https:\\\/\\\/quehacerpolitico.mx\\\/?p=101672#breadcrumb\"},\"inLanguage\":\"es\",\"potentialAction\":[{\"@type\":\"ReadAction\",\"target\":[\"https:\\\/\\\/quehacerpolitico.mx\\\/?p=101672\"]}]},{\"@type\":\"ImageObject\",\"inLanguage\":\"es\",\"@id\":\"https:\\\/\\\/quehacerpolitico.mx\\\/?p=101672#primaryimage\",\"url\":\"https:\\\/\\\/quehacerpolitico.mx\\\/wp-content\\\/uploads\\\/2023\\\/06\\\/IMG_8250.jpeg\",\"contentUrl\":\"https:\\\/\\\/quehacerpolitico.mx\\\/wp-content\\\/uploads\\\/2023\\\/06\\\/IMG_8250.jpeg\",\"width\":2048,\"height\":1180},{\"@type\":\"BreadcrumbList\",\"@id\":\"https:\\\/\\\/quehacerpolitico.mx\\\/?p=101672#breadcrumb\",\"itemListElement\":[{\"@type\":\"ListItem\",\"position\":1,\"name\":\"Inicio\",\"item\":\"https:\\\/\\\/quehacerpolitico.mx\\\/\"},{\"@type\":\"ListItem\",\"position\":2,\"name\":\"AMLO se re\u00fane con las corcholatas en cena organizada en el restaurante El Mayor\"}]},{\"@type\":\"WebSite\",\"@id\":\"https:\\\/\\\/quehacerpolitico.mx\\\/#website\",\"url\":\"https:\\\/\\\/quehacerpolitico.mx\\\/\",\"name\":\"\",\"description\":\"\",\"potentialAction\":[{\"@type\":\"SearchAction\",\"target\":{\"@type\":\"EntryPoint\",\"urlTemplate\":\"https:\\\/\\\/quehacerpolitico.mx\\\/?s={search_term_string}\"},\"query-input\":{\"@type\":\"PropertyValueSpecification\",\"valueRequired\":true,\"valueName\":\"search_term_string\"}}],\"inLanguage\":\"es\"},{\"@type\":\"Person\",\"@id\":\"https:\\\/\\\/quehacerpolitico.mx\\\/#\\\/schema\\\/person\\\/496d8ad2d1d3f8036101dca7ee39e585\",\"name\":\"Redacci\u00f3n QP\",\"image\":{\"@type\":\"ImageObject\",\"inLanguage\":\"es\",\"@id\":\"https:\\\/\\\/secure.gravatar.com\\\/avatar\\\/c7164ed6fdec453195284ad24a5ae5b6e1eed2b848477fa2a4787ba9adf39a41?s=96&d=mm&r=g\",\"url\":\"https:\\\/\\\/secure.gravatar.com\\\/avatar\\\/c7164ed6fdec453195284ad24a5ae5b6e1eed2b848477fa2a4787ba9adf39a41?s=96&d=mm&r=g\",\"contentUrl\":\"https:\\\/\\\/secure.gravatar.com\\\/avatar\\\/c7164ed6fdec453195284ad24a5ae5b6e1eed2b848477fa2a4787ba9adf39a41?s=96&d=mm&r=g\",\"caption\":\"Redacci\u00f3n QP\"},\"url\":\"https:\\\/\\\/quehacerpolitico.mx\\\/?author=2\"}]}<\/script>\n<!-- \/ Yoast SEO plugin. -->","yoast_head_json":{"title":"AMLO se re\u00fane con las corcholatas en cena organizada en el restaurante El Mayor -","robots":{"index":"index","follow":"follow","max-snippet":"max-snippet:-1","max-image-preview":"max-image-preview:large","max-video-preview":"max-video-preview:-1"},"canonical":"https:\/\/quehacerpolitico.mx\/?p=101672","og_locale":"es_MX","og_type":"article","og_title":"AMLO se re\u00fane con las corcholatas en cena organizada en el restaurante El Mayor -","og_description":"Por Redacci\u00f3n QP El presidente L\u00f3pez Obrador adelant\u00f3 que ma\u00f1ana hablar\u00e1 sobre el tema de...","og_url":"https:\/\/quehacerpolitico.mx\/?p=101672","article_published_time":"2023-06-06T04:35:11+00:00","article_modified_time":"2023-06-06T04:35:14+00:00","og_image":[{"width":2048,"height":1180,"url":"https:\/\/quehacerpolitico.mx\/wp-content\/uploads\/2023\/06\/IMG_8250.jpeg","type":"image\/jpeg"}],"author":"Redacci\u00f3n QP","twitter_card":"summary_large_image","twitter_misc":{"Escrito por":"Redacci\u00f3n QP","Tiempo de lectura":"3 minutos"},"schema":{"@context":"https:\/\/schema.org","@graph":[{"@type":"Article","@id":"https:\/\/quehacerpolitico.mx\/?p=101672#article","isPartOf":{"@id":"https:\/\/quehacerpolitico.mx\/?p=101672"},"author":{"name":"Redacci\u00f3n QP","@id":"https:\/\/quehacerpolitico.mx\/#\/schema\/person\/496d8ad2d1d3f8036101dca7ee39e585"},"headline":"AMLO se re\u00fane con las corcholatas en cena organizada en el restaurante El Mayor","datePublished":"2023-06-06T04:35:11+00:00","dateModified":"2023-06-06T04:35:14+00:00","mainEntityOfPage":{"@id":"https:\/\/quehacerpolitico.mx\/?p=101672"},"wordCount":523,"commentCount":0,"image":{"@id":"https:\/\/quehacerpolitico.mx\/?p=101672#primaryimage"},"thumbnailUrl":"https:\/\/quehacerpolitico.mx\/wp-content\/uploads\/2023\/06\/IMG_8250.jpeg","articleSection":["Noticias"],"inLanguage":"es","potentialAction":[{"@type":"CommentAction","name":"Comment","target":["https:\/\/quehacerpolitico.mx\/?p=101672#respond"]}]},{"@type":"WebPage","@id":"https:\/\/quehacerpolitico.mx\/?p=101672","url":"https:\/\/quehacerpolitico.mx\/?p=101672","name":"AMLO se re\u00fane con las corcholatas en cena organizada en el restaurante El Mayor -","isPartOf":{"@id":"https:\/\/quehacerpolitico.mx\/#website"},"primaryImageOfPage":{"@id":"https:\/\/quehacerpolitico.mx\/?p=101672#primaryimage"},"image":{"@id":"https:\/\/quehacerpolitico.mx\/?p=101672#primaryimage"},"thumbnailUrl":"https:\/\/quehacerpolitico.mx\/wp-content\/uploads\/2023\/06\/IMG_8250.jpeg","datePublished":"2023-06-06T04:35:11+00:00","dateModified":"2023-06-06T04:35:14+00:00","author":{"@id":"https:\/\/quehacerpolitico.mx\/#\/schema\/person\/496d8ad2d1d3f8036101dca7ee39e585"},"breadcrumb":{"@id":"https:\/\/quehacerpolitico.mx\/?p=101672#breadcrumb"},"inLanguage":"es","potentialAction":[{"@type":"ReadAction","target":["https:\/\/quehacerpolitico.mx\/?p=101672"]}]},{"@type":"ImageObject","inLanguage":"es","@id":"https:\/\/quehacerpolitico.mx\/?p=101672#primaryimage","url":"https:\/\/quehacerpolitico.mx\/wp-content\/uploads\/2023\/06\/IMG_8250.jpeg","contentUrl":"https:\/\/quehacerpolitico.mx\/wp-content\/uploads\/2023\/06\/IMG_8250.jpeg","width":2048,"height":1180},{"@type":"BreadcrumbList","@id":"https:\/\/quehacerpolitico.mx\/?p=101672#breadcrumb","itemListElement":[{"@type":"ListItem","position":1,"name":"Inicio","item":"https:\/\/quehacerpolitico.mx\/"},{"@type":"ListItem","position":2,"name":"AMLO se re\u00fane con las corcholatas en cena organizada en el restaurante El Mayor"}]},{"@type":"WebSite","@id":"https:\/\/quehacerpolitico.mx\/#website","url":"https:\/\/quehacerpolitico.mx\/","name":"","description":"","potentialAction":[{"@type":"SearchAction","target":{"@type":"EntryPoint","urlTemplate":"https:\/\/quehacerpolitico.mx\/?s={search_term_string}"},"query-input":{"@type":"PropertyValueSpecification","valueRequired":true,"valueName":"search_term_string"}}],"inLanguage":"es"},{"@type":"Person","@id":"https:\/\/quehacerpolitico.mx\/#\/schema\/person\/496d8ad2d1d3f8036101dca7ee39e585","name":"Redacci\u00f3n QP","image":{"@type":"ImageObject","inLanguage":"es","@id":"https:\/\/secure.gravatar.com\/avatar\/c7164ed6fdec453195284ad24a5ae5b6e1eed2b848477fa2a4787ba9adf39a41?s=96&d=mm&r=g","url":"https:\/\/secure.gravatar.com\/avatar\/c7164ed6fdec453195284ad24a5ae5b6e1eed2b848477fa2a4787ba9adf39a41?s=96&d=mm&r=g","contentUrl":"https:\/\/secure.gravatar.com\/avatar\/c7164ed6fdec453195284ad24a5ae5b6e1eed2b848477fa2a4787ba9adf39a41?s=96&d=mm&r=g","caption":"Redacci\u00f3n QP"},"url":"https:\/\/quehacerpolitico.mx\/?author=2"}]}},"featured_image_urls":{"full":["https:\/\/quehacerpolitico.mx\/wp-content\/uploads\/2023\/06\/IMG_8250.jpeg",2048,1180,false],"thumbnail":["https:\/\/quehacerpolitico.mx\/wp-content\/uploads\/2023\/06\/IMG_8250-150x150.jpeg",150,150,true],"medium":["https:\/\/quehacerpolitico.mx\/wp-content\/uploads\/2023\/06\/IMG_8250-300x173.jpeg",300,173,true],"medium_large":["https:\/\/quehacerpolitico.mx\/wp-content\/uploads\/2023\/06\/IMG_8250-768x443.jpeg",640,369,true],"large":["https:\/\/quehacerpolitico.mx\/wp-content\/uploads\/2023\/06\/IMG_8250-1024x590.jpeg",640,369,true],"1536x1536":["https:\/\/quehacerpolitico.mx\/wp-content\/uploads\/2023\/06\/IMG_8250-1536x885.jpeg",1536,885,true],"2048x2048":["https:\/\/quehacerpolitico.mx\/wp-content\/uploads\/2023\/06\/IMG_8250.jpeg",2048,1180,false],"covernews-featured":["https:\/\/quehacerpolitico.mx\/wp-content\/uploads\/2023\/06\/IMG_8250.jpeg",1024,590,false],"covernews-medium":["https:\/\/quehacerpolitico.mx\/wp-content\/uploads\/2023\/06\/IMG_8250.jpeg",540,311,false]},"author_info":{"display_name":"Redacci\u00f3n QP","author_link":"https:\/\/quehacerpolitico.mx\/?author=2"},"category_info":"<a href=\"https:\/\/quehacerpolitico.mx\/?cat=2\" rel=\"category\">Noticias<\/a>","tag_info":"Noticias","comment_count":"0","_links":{"self":[{"href":"https:\/\/quehacerpolitico.mx\/index.php?rest_route=\/wp\/v2\/posts\/101672","targetHints":{"allow":["GET"]}}],"collection":[{"href":"https:\/\/quehacerpolitico.mx\/index.php?rest_route=\/wp\/v2\/posts"}],"about":[{"href":"https:\/\/quehacerpolitico.mx\/index.php?rest_route=\/wp\/v2\/types\/post"}],"author":[{"embeddable":true,"href":"https:\/\/quehacerpolitico.mx\/index.php?rest_route=\/wp\/v2\/users\/2"}],"replies":[{"embeddable":true,"href":"https:\/\/quehacerpolitico.mx\/index.php?rest_route=%2Fwp%2Fv2%2Fcomments&post=101672"}],"version-history":[{"count":1,"href":"https:\/\/quehacerpolitico.mx\/index.php?rest_route=\/wp\/v2\/posts\/101672\/revisions"}],"predecessor-version":[{"id":101674,"href":"https:\/\/quehacerpolitico.mx\/index.php?rest_route=\/wp\/v2\/posts\/101672\/revisions\/101674"}],"wp:featuredmedia":[{"embeddable":true,"href":"https:\/\/quehacerpolitico.mx\/index.php?rest_route=\/wp\/v2\/media\/101673"}],"wp:attachment":[{"href":"https:\/\/quehacerpolitico.mx\/index.php?rest_route=%2Fwp%2Fv2%2Fmedia&parent=101672"}],"wp:term":[{"taxonomy":"category","embeddable":true,"href":"https:\/\/quehacerpolitico.mx\/index.php?rest_route=%2Fwp%2Fv2%2Fcategories&post=101672"},{"taxonomy":"post_tag","embeddable":true,"href":"https:\/\/quehacerpolitico.mx\/index.php?rest_route=%2Fwp%2Fv2%2Ftags&post=101672"}],"curies":[{"name":"wp","href":"https:\/\/api.w.org\/{rel}","templated":true}]}}