{"id":101667,"date":"2023-06-06T04:04:12","date_gmt":"2023-06-06T04:04:12","guid":{"rendered":"https:\/\/quehacerpolitico.mx\/?p=101667"},"modified":"2023-06-06T04:04:17","modified_gmt":"2023-06-06T04:04:17","slug":"26-de-junio-va-por-mexico-dara-a-conocer-el-metodo-para-nombrar-a-su-candidato-a-la-presidencia","status":"publish","type":"post","link":"https:\/\/quehacerpolitico.mx\/?p=101667","title":{"rendered":"26 de junio Va por M\u00e9xico dar\u00e1 a conocer el m\u00e9todo para nombrar a su candidato a la presidencia"},"content":{"rendered":"\n<p>Por Redacci\u00f3n QP<\/p>\n\n\n\n<p>La alianza Va por M\u00e9xico adelant\u00f3 que el pr\u00f3ximo 26 de junio presentar\u00e1n el m\u00e9todo con el que nombrar\u00e1n a su candidato presidencial<\/p>\n\n\n\n<p>La coalici\u00f3n opositora\u00a0<strong>Va por M\u00e9xico<\/strong>, del Partido Revolucionario Institucional (<strong>PRI<\/strong>), el Partido Acci\u00f3n Nacional (<strong>PAN<\/strong>) y el Partido de la Revoluci\u00f3n Democr\u00e1tica (<strong>PRD<\/strong>), celebr\u00f3 este lunes los resultados de las\u00a0<strong>elecciones<\/strong>\u00a0del\u00a0<strong>domingo 4 de junio<\/strong>\u00a0y puso la mira en las\u00a0<strong>presidenciales de 2024<\/strong>.<\/p>\n\n\n\n<figure class=\"wp-block-image size-large\"><img loading=\"lazy\" decoding=\"async\" width=\"1024\" height=\"689\" src=\"https:\/\/quehacerpolitico.mx\/wp-content\/uploads\/2023\/06\/image-25-1024x689.jpeg\" alt=\"\" class=\"wp-image-101670\" srcset=\"https:\/\/quehacerpolitico.mx\/wp-content\/uploads\/2023\/06\/image-25-1024x689.jpeg 1024w, https:\/\/quehacerpolitico.mx\/wp-content\/uploads\/2023\/06\/image-25-300x202.jpeg 300w, https:\/\/quehacerpolitico.mx\/wp-content\/uploads\/2023\/06\/image-25-768x517.jpeg 768w, https:\/\/quehacerpolitico.mx\/wp-content\/uploads\/2023\/06\/image-25-217x146.jpeg 217w, https:\/\/quehacerpolitico.mx\/wp-content\/uploads\/2023\/06\/image-25-50x34.jpeg 50w, https:\/\/quehacerpolitico.mx\/wp-content\/uploads\/2023\/06\/image-25-111x75.jpeg 111w, https:\/\/quehacerpolitico.mx\/wp-content\/uploads\/2023\/06\/image-25.jpeg 1116w\" sizes=\"auto, (max-width: 1024px) 100vw, 1024px\" \/><\/figure>\n\n\n\n<p>La alianza gan\u00f3 el domingo el Gobierno del estado de&nbsp;<strong>Coahuila<\/strong>con holgura, pero perdi\u00f3 el del&nbsp;<strong>Estado de M\u00e9xico<\/strong>, el estado m\u00e1s poblado del pa\u00eds y en el que el PRI hab\u00eda gobernado durante m\u00e1s de 90 a\u00f1os de manera ininterrumpida.<\/p>\n\n\n\n<p>En una conferencia de prensa, los dirigentes nacionales de los tres partidos celebraron la victoria de\u00a0Manolo Jim\u00e9nez, gobernador electo, y de los 16 distritos del Congreso local -todos los que estaban en juego- que ganaron en Coahuila.<\/p>\n\n\n\n<figure class=\"wp-block-embed is-type-video is-provider-youtube wp-block-embed-youtube wp-embed-aspect-16-9 wp-has-aspect-ratio\"><div class=\"wp-block-embed__wrapper\">\n<iframe loading=\"lazy\" title=\"Va por M\u00e9xico define el 26 de junio m\u00e9todo para elegir candidato para 2024\" width=\"640\" height=\"360\" src=\"https:\/\/www.youtube.com\/embed\/T_I5ddaGO18?feature=oembed\" frameborder=\"0\" allow=\"accelerometer; autoplay; clipboard-write; encrypted-media; gyroscope; picture-in-picture; web-share\" referrerpolicy=\"strict-origin-when-cross-origin\" allowfullscreen><\/iframe>\n<\/div><\/figure>\n\n\n\n<p>\u201cEl d\u00eda de ayer tuvimos una jornada electoral muy importante. La coalici\u00f3n Va Por M\u00e9xico logr\u00f3 un triunfo contundente en Coahuila, por m\u00e1s de lo que se esperaba, por mas de dos a uno, y ganamos 16 de los 16 distritos locales que estaban en disputa\u201d, expuso&nbsp;<strong>Marko Cort\u00e9s<\/strong>, dirigente nacional del PAN, en una conferencia de prensa en la que no dieron lugar a preguntas.<\/p>\n\n\n\n<p>En el Estado de M\u00e9xico, donde su candidata\u00a0<strong>Alejandra del Moral<\/strong>\u00a0perdi\u00f3 ante la candidata del oficialista Movimiento Regeneraci\u00f3n Nacional (<strong>Morena<\/strong>),\u00a0<strong>Delfina G\u00f3mez<\/strong>, denunciaron artima\u00f1as del Estado para decantar la votaci\u00f3n.<\/p>\n\n\n\n<figure class=\"wp-block-image size-large\"><img loading=\"lazy\" decoding=\"async\" width=\"1024\" height=\"575\" src=\"https:\/\/quehacerpolitico.mx\/wp-content\/uploads\/2023\/06\/image-24-1024x575.jpeg\" alt=\"\" class=\"wp-image-101669\" srcset=\"https:\/\/quehacerpolitico.mx\/wp-content\/uploads\/2023\/06\/image-24-1024x575.jpeg 1024w, https:\/\/quehacerpolitico.mx\/wp-content\/uploads\/2023\/06\/image-24-300x169.jpeg 300w, https:\/\/quehacerpolitico.mx\/wp-content\/uploads\/2023\/06\/image-24-768x432.jpeg 768w, https:\/\/quehacerpolitico.mx\/wp-content\/uploads\/2023\/06\/image-24-1536x863.jpeg 1536w, https:\/\/quehacerpolitico.mx\/wp-content\/uploads\/2023\/06\/image-24-260x146.jpeg 260w, https:\/\/quehacerpolitico.mx\/wp-content\/uploads\/2023\/06\/image-24-50x28.jpeg 50w, https:\/\/quehacerpolitico.mx\/wp-content\/uploads\/2023\/06\/image-24-133x75.jpeg 133w, https:\/\/quehacerpolitico.mx\/wp-content\/uploads\/2023\/06\/image-24-1200x675.jpeg 1200w, https:\/\/quehacerpolitico.mx\/wp-content\/uploads\/2023\/06\/image-24.jpeg 1557w\" sizes=\"auto, (max-width: 1024px) 100vw, 1024px\" \/><\/figure>\n\n\n\n<p>\u201cEn el caso del Estado de M\u00e9xico no pudimos enfrentar exitosamente la estrategia de una elecci\u00f3n de Estado, utilizando los programas sociales como d\u00e1divas a cambio de votos, la compra de votos desde el s\u00e1bado y ayer, como se evidenciaron en algunas denuncias\u201d, dijo&nbsp;<strong>Jes\u00fas Zambrano<\/strong>, del PRD.<\/p>\n\n\n\n<p>Pese a todo, los tres dirigentes coincidieron en que los resultados ratifican la fortaleza de la coalici\u00f3n opositora, por lo que aseguraron que repetir\u00e1n la f\u00f3rmula de cara a las elecciones federales del a\u00f1o pr\u00f3ximo.<\/p>\n\n\n\n<figure class=\"wp-block-embed is-type-rich is-provider-twitter wp-block-embed-twitter\"><div class=\"wp-block-embed__wrapper\">\n<blockquote class=\"twitter-tweet\" data-width=\"550\" data-dnt=\"true\"><p lang=\"es\" dir=\"ltr\">El <a href=\"https:\/\/twitter.com\/PRI_Nacional?ref_src=twsrc%5Etfw\">@PRI_Nacional<\/a>, <a href=\"https:\/\/twitter.com\/AccionNacional?ref_src=twsrc%5Etfw\">@AccionNacional<\/a> y <a href=\"https:\/\/twitter.com\/PRDMexico?ref_src=twsrc%5Etfw\">@PRDMexico<\/a> hemos acordado ir juntos en el 2024, con un m\u00e9todo que haga part\u00edcipe la voz de las y los mexicanos, y a todas las organizaciones ciudadanas que quieran construir en favor de M\u00e9xico. \u00a1Hay <a href=\"https:\/\/twitter.com\/hashtag\/VaPorM%C3%A9xico2024?src=hash&amp;ref_src=twsrc%5Etfw\">#VaPorM\u00e9xico2024<\/a>! <a href=\"https:\/\/t.co\/o9VoGiXNvJ\">pic.twitter.com\/o9VoGiXNvJ<\/a><\/p>&mdash; Alejandro Moreno (@alitomorenoc) <a href=\"https:\/\/twitter.com\/alitomorenoc\/status\/1665795826839420934?ref_src=twsrc%5Etfw\">June 5, 2023<\/a><\/blockquote><script async src=\"https:\/\/platform.twitter.com\/widgets.js\" charset=\"utf-8\"><\/script>\n<\/div><\/figure>\n","protected":false},"excerpt":{"rendered":"<p>Por Redacci\u00f3n QP La alianza Va por M\u00e9xico adelant\u00f3 que el pr\u00f3ximo 26 de junio&#8230;<\/p>\n","protected":false},"author":2,"featured_media":101668,"comment_status":"open","ping_status":"open","sticky":false,"template":"","format":"standard","meta":{"_monsterinsights_skip_tracking":false,"_monsterinsights_sitenote_active":false,"_monsterinsights_sitenote_note":"","_monsterinsights_sitenote_category":0,"footnotes":""},"categories":[2],"tags":[],"class_list":["post-101667","post","type-post","status-publish","format-standard","has-post-thumbnail","hentry","category-noticias"],"yoast_head":"<!-- This site is optimized with the Yoast SEO plugin v27.3 - https:\/\/yoast.com\/product\/yoast-seo-wordpress\/ -->\n<title>26 de junio Va por M\u00e9xico dar\u00e1 a conocer el m\u00e9todo para nombrar a su candidato a la presidencia -<\/title>\n<meta name=\"robots\" content=\"index, follow, max-snippet:-1, max-image-preview:large, max-video-preview:-1\" \/>\n<link rel=\"canonical\" href=\"https:\/\/quehacerpolitico.mx\/?p=101667\" \/>\n<meta property=\"og:locale\" content=\"es_MX\" \/>\n<meta property=\"og:type\" content=\"article\" \/>\n<meta property=\"og:title\" content=\"26 de junio Va por M\u00e9xico dar\u00e1 a conocer el m\u00e9todo para nombrar a su candidato a la presidencia -\" \/>\n<meta property=\"og:description\" content=\"Por Redacci\u00f3n QP La alianza Va por M\u00e9xico adelant\u00f3 que el pr\u00f3ximo 26 de junio...\" \/>\n<meta property=\"og:url\" content=\"https:\/\/quehacerpolitico.mx\/?p=101667\" \/>\n<meta property=\"article:published_time\" content=\"2023-06-06T04:04:12+00:00\" \/>\n<meta property=\"article:modified_time\" content=\"2023-06-06T04:04:17+00:00\" \/>\n<meta property=\"og:image\" content=\"https:\/\/quehacerpolitico.mx\/wp-content\/uploads\/2023\/06\/IMG_8252.jpeg\" \/>\n\t<meta property=\"og:image:width\" content=\"1620\" \/>\n\t<meta property=\"og:image:height\" content=\"1080\" \/>\n\t<meta property=\"og:image:type\" content=\"image\/jpeg\" \/>\n<meta name=\"author\" content=\"Redacci\u00f3n QP\" \/>\n<meta name=\"twitter:card\" content=\"summary_large_image\" \/>\n<meta name=\"twitter:label1\" content=\"Escrito por\" \/>\n\t<meta name=\"twitter:data1\" content=\"Redacci\u00f3n QP\" \/>\n\t<meta name=\"twitter:label2\" content=\"Tiempo de lectura\" \/>\n\t<meta name=\"twitter:data2\" content=\"2 minutos\" \/>\n<script type=\"application\/ld+json\" class=\"yoast-schema-graph\">{\"@context\":\"https:\\\/\\\/schema.org\",\"@graph\":[{\"@type\":\"Article\",\"@id\":\"https:\\\/\\\/quehacerpolitico.mx\\\/?p=101667#article\",\"isPartOf\":{\"@id\":\"https:\\\/\\\/quehacerpolitico.mx\\\/?p=101667\"},\"author\":{\"name\":\"Redacci\u00f3n QP\",\"@id\":\"https:\\\/\\\/quehacerpolitico.mx\\\/#\\\/schema\\\/person\\\/496d8ad2d1d3f8036101dca7ee39e585\"},\"headline\":\"26 de junio Va por M\u00e9xico dar\u00e1 a conocer el m\u00e9todo para nombrar a su candidato a la presidencia\",\"datePublished\":\"2023-06-06T04:04:12+00:00\",\"dateModified\":\"2023-06-06T04:04:17+00:00\",\"mainEntityOfPage\":{\"@id\":\"https:\\\/\\\/quehacerpolitico.mx\\\/?p=101667\"},\"wordCount\":403,\"commentCount\":0,\"image\":{\"@id\":\"https:\\\/\\\/quehacerpolitico.mx\\\/?p=101667#primaryimage\"},\"thumbnailUrl\":\"https:\\\/\\\/quehacerpolitico.mx\\\/wp-content\\\/uploads\\\/2023\\\/06\\\/IMG_8252.jpeg\",\"articleSection\":[\"Noticias\"],\"inLanguage\":\"es\",\"potentialAction\":[{\"@type\":\"CommentAction\",\"name\":\"Comment\",\"target\":[\"https:\\\/\\\/quehacerpolitico.mx\\\/?p=101667#respond\"]}]},{\"@type\":\"WebPage\",\"@id\":\"https:\\\/\\\/quehacerpolitico.mx\\\/?p=101667\",\"url\":\"https:\\\/\\\/quehacerpolitico.mx\\\/?p=101667\",\"name\":\"26 de junio Va por M\u00e9xico dar\u00e1 a conocer el m\u00e9todo para nombrar a su candidato a la presidencia -\",\"isPartOf\":{\"@id\":\"https:\\\/\\\/quehacerpolitico.mx\\\/#website\"},\"primaryImageOfPage\":{\"@id\":\"https:\\\/\\\/quehacerpolitico.mx\\\/?p=101667#primaryimage\"},\"image\":{\"@id\":\"https:\\\/\\\/quehacerpolitico.mx\\\/?p=101667#primaryimage\"},\"thumbnailUrl\":\"https:\\\/\\\/quehacerpolitico.mx\\\/wp-content\\\/uploads\\\/2023\\\/06\\\/IMG_8252.jpeg\",\"datePublished\":\"2023-06-06T04:04:12+00:00\",\"dateModified\":\"2023-06-06T04:04:17+00:00\",\"author\":{\"@id\":\"https:\\\/\\\/quehacerpolitico.mx\\\/#\\\/schema\\\/person\\\/496d8ad2d1d3f8036101dca7ee39e585\"},\"breadcrumb\":{\"@id\":\"https:\\\/\\\/quehacerpolitico.mx\\\/?p=101667#breadcrumb\"},\"inLanguage\":\"es\",\"potentialAction\":[{\"@type\":\"ReadAction\",\"target\":[\"https:\\\/\\\/quehacerpolitico.mx\\\/?p=101667\"]}]},{\"@type\":\"ImageObject\",\"inLanguage\":\"es\",\"@id\":\"https:\\\/\\\/quehacerpolitico.mx\\\/?p=101667#primaryimage\",\"url\":\"https:\\\/\\\/quehacerpolitico.mx\\\/wp-content\\\/uploads\\\/2023\\\/06\\\/IMG_8252.jpeg\",\"contentUrl\":\"https:\\\/\\\/quehacerpolitico.mx\\\/wp-content\\\/uploads\\\/2023\\\/06\\\/IMG_8252.jpeg\",\"width\":1620,\"height\":1080},{\"@type\":\"BreadcrumbList\",\"@id\":\"https:\\\/\\\/quehacerpolitico.mx\\\/?p=101667#breadcrumb\",\"itemListElement\":[{\"@type\":\"ListItem\",\"position\":1,\"name\":\"Inicio\",\"item\":\"https:\\\/\\\/quehacerpolitico.mx\\\/\"},{\"@type\":\"ListItem\",\"position\":2,\"name\":\"26 de junio Va por M\u00e9xico dar\u00e1 a conocer el m\u00e9todo para nombrar a su candidato a la presidencia\"}]},{\"@type\":\"WebSite\",\"@id\":\"https:\\\/\\\/quehacerpolitico.mx\\\/#website\",\"url\":\"https:\\\/\\\/quehacerpolitico.mx\\\/\",\"name\":\"\",\"description\":\"\",\"potentialAction\":[{\"@type\":\"SearchAction\",\"target\":{\"@type\":\"EntryPoint\",\"urlTemplate\":\"https:\\\/\\\/quehacerpolitico.mx\\\/?s={search_term_string}\"},\"query-input\":{\"@type\":\"PropertyValueSpecification\",\"valueRequired\":true,\"valueName\":\"search_term_string\"}}],\"inLanguage\":\"es\"},{\"@type\":\"Person\",\"@id\":\"https:\\\/\\\/quehacerpolitico.mx\\\/#\\\/schema\\\/person\\\/496d8ad2d1d3f8036101dca7ee39e585\",\"name\":\"Redacci\u00f3n QP\",\"image\":{\"@type\":\"ImageObject\",\"inLanguage\":\"es\",\"@id\":\"https:\\\/\\\/secure.gravatar.com\\\/avatar\\\/c7164ed6fdec453195284ad24a5ae5b6e1eed2b848477fa2a4787ba9adf39a41?s=96&d=mm&r=g\",\"url\":\"https:\\\/\\\/secure.gravatar.com\\\/avatar\\\/c7164ed6fdec453195284ad24a5ae5b6e1eed2b848477fa2a4787ba9adf39a41?s=96&d=mm&r=g\",\"contentUrl\":\"https:\\\/\\\/secure.gravatar.com\\\/avatar\\\/c7164ed6fdec453195284ad24a5ae5b6e1eed2b848477fa2a4787ba9adf39a41?s=96&d=mm&r=g\",\"caption\":\"Redacci\u00f3n QP\"},\"url\":\"https:\\\/\\\/quehacerpolitico.mx\\\/?author=2\"}]}<\/script>\n<!-- \/ Yoast SEO plugin. -->","yoast_head_json":{"title":"26 de junio Va por M\u00e9xico dar\u00e1 a conocer el m\u00e9todo para nombrar a su candidato a la presidencia -","robots":{"index":"index","follow":"follow","max-snippet":"max-snippet:-1","max-image-preview":"max-image-preview:large","max-video-preview":"max-video-preview:-1"},"canonical":"https:\/\/quehacerpolitico.mx\/?p=101667","og_locale":"es_MX","og_type":"article","og_title":"26 de junio Va por M\u00e9xico dar\u00e1 a conocer el m\u00e9todo para nombrar a su candidato a la presidencia -","og_description":"Por Redacci\u00f3n QP La alianza Va por M\u00e9xico adelant\u00f3 que el pr\u00f3ximo 26 de junio...","og_url":"https:\/\/quehacerpolitico.mx\/?p=101667","article_published_time":"2023-06-06T04:04:12+00:00","article_modified_time":"2023-06-06T04:04:17+00:00","og_image":[{"width":1620,"height":1080,"url":"https:\/\/quehacerpolitico.mx\/wp-content\/uploads\/2023\/06\/IMG_8252.jpeg","type":"image\/jpeg"}],"author":"Redacci\u00f3n QP","twitter_card":"summary_large_image","twitter_misc":{"Escrito por":"Redacci\u00f3n QP","Tiempo de lectura":"2 minutos"},"schema":{"@context":"https:\/\/schema.org","@graph":[{"@type":"Article","@id":"https:\/\/quehacerpolitico.mx\/?p=101667#article","isPartOf":{"@id":"https:\/\/quehacerpolitico.mx\/?p=101667"},"author":{"name":"Redacci\u00f3n QP","@id":"https:\/\/quehacerpolitico.mx\/#\/schema\/person\/496d8ad2d1d3f8036101dca7ee39e585"},"headline":"26 de junio Va por M\u00e9xico dar\u00e1 a conocer el m\u00e9todo para nombrar a su candidato a la presidencia","datePublished":"2023-06-06T04:04:12+00:00","dateModified":"2023-06-06T04:04:17+00:00","mainEntityOfPage":{"@id":"https:\/\/quehacerpolitico.mx\/?p=101667"},"wordCount":403,"commentCount":0,"image":{"@id":"https:\/\/quehacerpolitico.mx\/?p=101667#primaryimage"},"thumbnailUrl":"https:\/\/quehacerpolitico.mx\/wp-content\/uploads\/2023\/06\/IMG_8252.jpeg","articleSection":["Noticias"],"inLanguage":"es","potentialAction":[{"@type":"CommentAction","name":"Comment","target":["https:\/\/quehacerpolitico.mx\/?p=101667#respond"]}]},{"@type":"WebPage","@id":"https:\/\/quehacerpolitico.mx\/?p=101667","url":"https:\/\/quehacerpolitico.mx\/?p=101667","name":"26 de junio Va por M\u00e9xico dar\u00e1 a conocer el m\u00e9todo para nombrar a su candidato a la presidencia -","isPartOf":{"@id":"https:\/\/quehacerpolitico.mx\/#website"},"primaryImageOfPage":{"@id":"https:\/\/quehacerpolitico.mx\/?p=101667#primaryimage"},"image":{"@id":"https:\/\/quehacerpolitico.mx\/?p=101667#primaryimage"},"thumbnailUrl":"https:\/\/quehacerpolitico.mx\/wp-content\/uploads\/2023\/06\/IMG_8252.jpeg","datePublished":"2023-06-06T04:04:12+00:00","dateModified":"2023-06-06T04:04:17+00:00","author":{"@id":"https:\/\/quehacerpolitico.mx\/#\/schema\/person\/496d8ad2d1d3f8036101dca7ee39e585"},"breadcrumb":{"@id":"https:\/\/quehacerpolitico.mx\/?p=101667#breadcrumb"},"inLanguage":"es","potentialAction":[{"@type":"ReadAction","target":["https:\/\/quehacerpolitico.mx\/?p=101667"]}]},{"@type":"ImageObject","inLanguage":"es","@id":"https:\/\/quehacerpolitico.mx\/?p=101667#primaryimage","url":"https:\/\/quehacerpolitico.mx\/wp-content\/uploads\/2023\/06\/IMG_8252.jpeg","contentUrl":"https:\/\/quehacerpolitico.mx\/wp-content\/uploads\/2023\/06\/IMG_8252.jpeg","width":1620,"height":1080},{"@type":"BreadcrumbList","@id":"https:\/\/quehacerpolitico.mx\/?p=101667#breadcrumb","itemListElement":[{"@type":"ListItem","position":1,"name":"Inicio","item":"https:\/\/quehacerpolitico.mx\/"},{"@type":"ListItem","position":2,"name":"26 de junio Va por M\u00e9xico dar\u00e1 a conocer el m\u00e9todo para nombrar a su candidato a la presidencia"}]},{"@type":"WebSite","@id":"https:\/\/quehacerpolitico.mx\/#website","url":"https:\/\/quehacerpolitico.mx\/","name":"","description":"","potentialAction":[{"@type":"SearchAction","target":{"@type":"EntryPoint","urlTemplate":"https:\/\/quehacerpolitico.mx\/?s={search_term_string}"},"query-input":{"@type":"PropertyValueSpecification","valueRequired":true,"valueName":"search_term_string"}}],"inLanguage":"es"},{"@type":"Person","@id":"https:\/\/quehacerpolitico.mx\/#\/schema\/person\/496d8ad2d1d3f8036101dca7ee39e585","name":"Redacci\u00f3n QP","image":{"@type":"ImageObject","inLanguage":"es","@id":"https:\/\/secure.gravatar.com\/avatar\/c7164ed6fdec453195284ad24a5ae5b6e1eed2b848477fa2a4787ba9adf39a41?s=96&d=mm&r=g","url":"https:\/\/secure.gravatar.com\/avatar\/c7164ed6fdec453195284ad24a5ae5b6e1eed2b848477fa2a4787ba9adf39a41?s=96&d=mm&r=g","contentUrl":"https:\/\/secure.gravatar.com\/avatar\/c7164ed6fdec453195284ad24a5ae5b6e1eed2b848477fa2a4787ba9adf39a41?s=96&d=mm&r=g","caption":"Redacci\u00f3n QP"},"url":"https:\/\/quehacerpolitico.mx\/?author=2"}]}},"featured_image_urls":{"full":["https:\/\/quehacerpolitico.mx\/wp-content\/uploads\/2023\/06\/IMG_8252.jpeg",1620,1080,false],"thumbnail":["https:\/\/quehacerpolitico.mx\/wp-content\/uploads\/2023\/06\/IMG_8252-150x150.jpeg",150,150,true],"medium":["https:\/\/quehacerpolitico.mx\/wp-content\/uploads\/2023\/06\/IMG_8252-300x200.jpeg",300,200,true],"medium_large":["https:\/\/quehacerpolitico.mx\/wp-content\/uploads\/2023\/06\/IMG_8252-768x512.jpeg",640,427,true],"large":["https:\/\/quehacerpolitico.mx\/wp-content\/uploads\/2023\/06\/IMG_8252-1024x683.jpeg",640,427,true],"1536x1536":["https:\/\/quehacerpolitico.mx\/wp-content\/uploads\/2023\/06\/IMG_8252-1536x1024.jpeg",1536,1024,true],"2048x2048":["https:\/\/quehacerpolitico.mx\/wp-content\/uploads\/2023\/06\/IMG_8252.jpeg",1620,1080,false],"covernews-featured":["https:\/\/quehacerpolitico.mx\/wp-content\/uploads\/2023\/06\/IMG_8252.jpeg",1024,683,false],"covernews-medium":["https:\/\/quehacerpolitico.mx\/wp-content\/uploads\/2023\/06\/IMG_8252.jpeg",510,340,false]},"author_info":{"display_name":"Redacci\u00f3n QP","author_link":"https:\/\/quehacerpolitico.mx\/?author=2"},"category_info":"<a href=\"https:\/\/quehacerpolitico.mx\/?cat=2\" rel=\"category\">Noticias<\/a>","tag_info":"Noticias","comment_count":"0","_links":{"self":[{"href":"https:\/\/quehacerpolitico.mx\/index.php?rest_route=\/wp\/v2\/posts\/101667","targetHints":{"allow":["GET"]}}],"collection":[{"href":"https:\/\/quehacerpolitico.mx\/index.php?rest_route=\/wp\/v2\/posts"}],"about":[{"href":"https:\/\/quehacerpolitico.mx\/index.php?rest_route=\/wp\/v2\/types\/post"}],"author":[{"embeddable":true,"href":"https:\/\/quehacerpolitico.mx\/index.php?rest_route=\/wp\/v2\/users\/2"}],"replies":[{"embeddable":true,"href":"https:\/\/quehacerpolitico.mx\/index.php?rest_route=%2Fwp%2Fv2%2Fcomments&post=101667"}],"version-history":[{"count":1,"href":"https:\/\/quehacerpolitico.mx\/index.php?rest_route=\/wp\/v2\/posts\/101667\/revisions"}],"predecessor-version":[{"id":101671,"href":"https:\/\/quehacerpolitico.mx\/index.php?rest_route=\/wp\/v2\/posts\/101667\/revisions\/101671"}],"wp:featuredmedia":[{"embeddable":true,"href":"https:\/\/quehacerpolitico.mx\/index.php?rest_route=\/wp\/v2\/media\/101668"}],"wp:attachment":[{"href":"https:\/\/quehacerpolitico.mx\/index.php?rest_route=%2Fwp%2Fv2%2Fmedia&parent=101667"}],"wp:term":[{"taxonomy":"category","embeddable":true,"href":"https:\/\/quehacerpolitico.mx\/index.php?rest_route=%2Fwp%2Fv2%2Fcategories&post=101667"},{"taxonomy":"post_tag","embeddable":true,"href":"https:\/\/quehacerpolitico.mx\/index.php?rest_route=%2Fwp%2Fv2%2Ftags&post=101667"}],"curies":[{"name":"wp","href":"https:\/\/api.w.org\/{rel}","templated":true}]}}