{"id":101664,"date":"2023-06-06T03:36:36","date_gmt":"2023-06-06T03:36:36","guid":{"rendered":"https:\/\/quehacerpolitico.mx\/?p=101664"},"modified":"2023-06-06T03:36:39","modified_gmt":"2023-06-06T03:36:39","slug":"desde-1917-la-constitucion-otorga-importancia-central-al-medio-ambiente-y-a-la-conservacion-de-la-naturaleza-ministra-presidenta-norma-lucia-pina-hernandez","status":"publish","type":"post","link":"https:\/\/quehacerpolitico.mx\/?p=101664","title":{"rendered":"DESDE 1917, LA CONSTITUCI\u00d3N OTORGA IMPORTANCIA CENTRAL AL MEDIO AMBIENTE Y A LA CONSERVACI\u00d3N DE LA NATURALEZA:\u00a0Ministra Presidenta Norma Lucia Pi\u00f1a Hern\u00e1ndez"},"content":{"rendered":"\n<p>Por Redacci\u00f3n QP<\/p>\n\n\n\n<ul class=\"wp-block-list\">\n<li>La ministra presidenta resalt\u00f3 que la suscripci\u00f3n del Acuerdo de Escaz\u00fa marca un antes y un despu\u00e9s en el acceso a la justicia ambiental que, a su vez, depende de la protecci\u00f3n de los derechos de acceso a la informaci\u00f3n ambiental y de participaci\u00f3n p\u00fablica en estos asuntos.<\/li>\n<\/ul>\n\n\n\n<p>En el evento conmemorativo del D\u00eda Mundial del Medio Ambiente:&nbsp;<em>Acceso a la justicia, protecci\u00f3n a la naturaleza y derechos humanos<\/em>, la ministra Norma Luc\u00eda Pi\u00f1a Hern\u00e1ndez, presidenta del Poder Judicial de la Federaci\u00f3n (PJF), se\u00f1al\u00f3 que no podemos, ni debemos, construir un pa\u00eds pensando s\u00f3lo en nuestro bienestar y desarrollo, sino en el de las siguientes generaciones \u201cporque con nuestras acciones hoy, estamos decidiendo su futuro. Sabemos ya que no podr\u00e1n tener una vida digna, con libertad de opciones y seguridad, en un mundo amenazado por la contaminaci\u00f3n y el cambio clim\u00e1tico. Por eso, debemos pensar con equidad intergeneracional\u201d.<\/p>\n\n\n\n<p>Acompa\u00f1ada de la ministra Ana Margarita R\u00edos Farjat, as\u00ed como de los ministros Luis Mar\u00eda Aguilar Morales, Alfredo Guti\u00e9rrez Ortiz Mena, Juan Luis Gonz\u00e1lez Alc\u00e1ntara Carranc\u00e1 y Javier Laynez Potisek, la ministra presidenta resalt\u00f3 que la firma por parte de M\u00e9xico del&nbsp;<em>Acuerdo&nbsp;Regional sobre el Acceso a la Informaci\u00f3n, la Participaci\u00f3n P\u00fablica y la Justicia en Asuntos Ambientales&nbsp;<\/em>(Acuerdo de Escaz\u00fa) en 2018, signific\u00f3 \u201cun claro refrendo al compromiso hist\u00f3rico con la protecci\u00f3n de la naturaleza y los derechos ambientales\u201d.<\/p>\n\n\n\n<p>Destac\u00f3 que \u201cincluso antes que entrara a nuestro orden jur\u00eddico el Acuerdo de Escaz\u00fa,\u00a0la jurisprudencia de esta Suprema Corte hab\u00eda venido ampliando, desde hace a\u00f1os, las posibilidades para que m\u00e1s personas, comunidades y organizaciones no gubernamentales interesadas en la defensa del territorio, la naturaleza y el medio ambiente, puedan recurrir al PJF para su tutela\u201d.<\/p>\n\n\n\n<ul class=\"wp-block-list\">\n<li>La ministra presidenta resalt\u00f3 que la suscripci\u00f3n del Acuerdo de Escaz\u00fa marca un antes y un despu\u00e9s en el acceso a la justicia ambiental que, a su vez, depende de la protecci\u00f3n de los derechos de acceso a la informaci\u00f3n ambiental y de participaci\u00f3n p\u00fablica en estos asuntos.<\/li>\n<\/ul>\n\n\n\n<p>En el evento conmemorativo del D\u00eda Mundial del Medio Ambiente:&nbsp;<em>Acceso a la justicia, protecci\u00f3n a la naturaleza y derechos humanos<\/em>, la ministra Norma Luc\u00eda Pi\u00f1a Hern\u00e1ndez, presidenta del Poder Judicial de la Federaci\u00f3n (PJF), se\u00f1al\u00f3 que no podemos, ni debemos, construir un pa\u00eds pensando s\u00f3lo en nuestro bienestar y desarrollo, sino en el de las siguientes generaciones \u201cporque con nuestras acciones hoy, estamos decidiendo su futuro. Sabemos ya que no podr\u00e1n tener una vida digna, con libertad de opciones y seguridad, en un mundo amenazado por la contaminaci\u00f3n y el cambio clim\u00e1tico. Por eso, debemos pensar con equidad intergeneracional\u201d.<\/p>\n\n\n\n<p>Acompa\u00f1ada de la ministra Ana Margarita R\u00edos Farjat, as\u00ed como de los ministros Luis Mar\u00eda Aguilar Morales, Alfredo Guti\u00e9rrez Ortiz Mena, Juan Luis Gonz\u00e1lez Alc\u00e1ntara Carranc\u00e1 y Javier Laynez Potisek, la ministra presidenta resalt\u00f3 que la firma por parte de M\u00e9xico del\u00a0<em>Acuerdo\u00a0Regional sobre el Acceso a la Informaci\u00f3n, la Participaci\u00f3n P\u00fablica y la Justicia en Asuntos Ambientales\u00a0<\/em>(Acuerdo de Escaz\u00fa) en 2018, signific\u00f3 \u201cun claro refrendo al compromiso hist\u00f3rico con la protecci\u00f3n de la naturaleza y los derechos ambientales\u201d.<\/p>\n\n\n\n<figure class=\"wp-block-embed is-type-video is-provider-youtube wp-block-embed-youtube wp-embed-aspect-16-9 wp-has-aspect-ratio\"><div class=\"wp-block-embed__wrapper\">\nhttps:\/\/www.youtube.com\/live\/fOjPy789EeQ?feature=share\n<\/div><\/figure>\n\n\n\n<p>Destac\u00f3 que \u201cincluso antes que entrara a nuestro orden jur\u00eddico el Acuerdo de Escaz\u00fa,&nbsp;la jurisprudencia de esta Suprema Corte hab\u00eda venido ampliando, desde hace a\u00f1os, las posibilidades para que m\u00e1s personas, comunidades y organizaciones no gubernamentales interesadas en la defensa del territorio, la naturaleza y el medio ambiente, puedan recurrir al PJF para su tutela\u201d.<\/p>\n\n\n\n<p>Asimismo, la ministra Pi\u00f1a se\u00f1al\u00f3 que \u201cnuestra jurisprudencia constitucional ha reafirmado que es indispensable que todas las personas podamos acceder a la informaci\u00f3n cierta y oportuna sobre los beneficios, los riesgos y las consecuencias de las pol\u00edticas, decisiones y acciones que puedan impactar al medio ambiente y a la naturaleza\u201d, ya que \u201csi se trata de nuestro patrimonio natural com\u00fan, entonces su defensa se convierte en una cuesti\u00f3n de inter\u00e9s colectivo\u201d.<\/p>\n\n\n\n<p>Ante personas juzgadoras federales, especialistas en la materia e invitados especiales, el acad\u00e9mico Jos\u00e9 Sarukh\u00e1n Kermez destac\u00f3 que la conmemoraci\u00f3n de esta fecha ya no ser\u00e1 una cosa eventual, sino que ya tiene un espacio propio en el organismo.<\/p>\n\n\n\n<p>\u201cNo es nada m\u00e1s conmemorar el d\u00eda del medio ambiente, hay necesidad de actuar, todos somos la palanca m\u00e1s importante para el cambio ambiental en el planeta, en un mundo del consumismo bestial, rodeado de anuncios, si nos informamos de la seriedad del problema en el que estamos, reflexionaremos sobre las cosas que compramos\u201d.<\/p>\n\n\n\n<p>Durante su participaci\u00f3n, David Boyd, relator especial de la ONU sobre derechos humanos y medio ambiente, felicit\u00f3 a la Corte de M\u00e9xico por su amplia interpretaci\u00f3n para proteger el derecho a la salud y al medio ambiente: \u201cel cambio clim\u00e1tico pone en riesgo los derechos al medio ambiente y queremos alentarles a seguir profundizando y fomentar que esos est\u00e1ndares se pongan a la altura de la dignidad humana y emergencia que estamos viviendo\u201d.<\/p>\n\n\n\n<p>Por su parte, Soledad Garc\u00eda Mu\u00f1oz, relatora especial sobre Derechos Econ\u00f3micos, Sociales, Culturales y Ambientales de la Comisi\u00f3n Interamericana de Derechos Humanos, se sum\u00f3 a este reconocimiento e invit\u00f3 al Poder Judicial mexicano a \u201cque sigan aplicando el control de convencionalidad con toda la altura que requieren las circunstancias de crisis ambiental y crisis clim\u00e1tica\u201d.<\/p>\n\n\n\n<p>Dirigido por el Programa de las Naciones Unidas para el Medio Ambiente (PNUMA) y celebrado cada 5 de junio desde 1973, el D\u00eda Mundial del Medio Ambiente es la plataforma mundial m\u00e1s grande para la divulgaci\u00f3n ambiental y se conmemora en todo el mundo.<\/p>\n\n\n\n<p>Asimismo, la ministra Pi\u00f1a se\u00f1al\u00f3 que \u201cnuestra jurisprudencia constitucional ha reafirmado que es indispensable que todas las personas podamos acceder a la informaci\u00f3n cierta y oportuna sobre los beneficios, los riesgos y las consecuencias de las pol\u00edticas, decisiones y acciones que puedan impactar al medio ambiente y a la naturaleza\u201d, ya que \u201csi se trata de nuestro patrimonio natural com\u00fan, entonces su defensa se convierte en una cuesti\u00f3n de inter\u00e9s colectivo\u201d.<\/p>\n\n\n\n<p>Ante personas juzgadoras federales, especialistas en la materia e invitados especiales, el acad\u00e9mico Jos\u00e9 Sarukh\u00e1n Kermez destac\u00f3 que la conmemoraci\u00f3n de esta fecha ya no ser\u00e1 una cosa eventual, sino que ya tiene un espacio propio en el organismo.<\/p>\n\n\n\n<p>\u201cNo es nada m\u00e1s conmemorar el d\u00eda del medio ambiente, hay necesidad de actuar, todos somos la palanca m\u00e1s importante para el cambio ambiental en el planeta, en un mundo del consumismo bestial, rodeado de anuncios, si nos informamos de la seriedad del problema en el que estamos, reflexionaremos sobre las cosas que compramos\u201d.<\/p>\n\n\n\n<p>Durante su participaci\u00f3n, David Boyd, relator especial de la ONU sobre derechos humanos y medio ambiente, felicit\u00f3 a la Corte de M\u00e9xico por su amplia interpretaci\u00f3n para proteger el derecho a la salud y al medio ambiente: \u201cel cambio clim\u00e1tico pone en riesgo los derechos al medio ambiente y queremos alentarles a seguir profundizando y fomentar que esos est\u00e1ndares se pongan a la altura de la dignidad humana y emergencia que estamos viviendo\u201d.<\/p>\n\n\n\n<p>Por su parte, Soledad Garc\u00eda Mu\u00f1oz, relatora especial sobre Derechos Econ\u00f3micos, Sociales, Culturales y Ambientales de la Comisi\u00f3n Interamericana de Derechos Humanos, se sum\u00f3 a este reconocimiento e invit\u00f3 al Poder Judicial mexicano a \u201cque sigan aplicando el control de convencionalidad con toda la altura que requieren las circunstancias de crisis ambiental y crisis clim\u00e1tica\u201d.<\/p>\n\n\n\n<p>Dirigido por el Programa de las Naciones Unidas para el Medio Ambiente (PNUMA) y celebrado cada 5 de junio desde 1973, el D\u00eda Mundial del Medio Ambiente es la plataforma mundial m\u00e1s grande para la divulgaci\u00f3n ambiental y se conmemora en todo el mundo.<\/p>\n","protected":false},"excerpt":{"rendered":"<p>Por Redacci\u00f3n QP En el evento conmemorativo del D\u00eda Mundial del Medio Ambiente:&nbsp;Acceso a la&#8230;<\/p>\n","protected":false},"author":2,"featured_media":101665,"comment_status":"open","ping_status":"open","sticky":false,"template":"","format":"standard","meta":{"_monsterinsights_skip_tracking":false,"_monsterinsights_sitenote_active":false,"_monsterinsights_sitenote_note":"","_monsterinsights_sitenote_category":0,"footnotes":""},"categories":[2],"tags":[],"class_list":["post-101664","post","type-post","status-publish","format-standard","has-post-thumbnail","hentry","category-noticias"],"yoast_head":"<!-- This site is optimized with the Yoast SEO plugin v27.3 - https:\/\/yoast.com\/product\/yoast-seo-wordpress\/ -->\n<title>DESDE 1917, LA CONSTITUCI\u00d3N OTORGA IMPORTANCIA CENTRAL AL MEDIO AMBIENTE Y A LA CONSERVACI\u00d3N DE LA NATURALEZA:\u00a0Ministra Presidenta Norma Lucia Pi\u00f1a Hern\u00e1ndez -<\/title>\n<meta name=\"robots\" content=\"index, follow, max-snippet:-1, max-image-preview:large, max-video-preview:-1\" \/>\n<link rel=\"canonical\" href=\"https:\/\/quehacerpolitico.mx\/?p=101664\" \/>\n<meta property=\"og:locale\" content=\"es_MX\" \/>\n<meta property=\"og:type\" content=\"article\" \/>\n<meta property=\"og:title\" content=\"DESDE 1917, LA CONSTITUCI\u00d3N OTORGA IMPORTANCIA CENTRAL AL MEDIO AMBIENTE Y A LA CONSERVACI\u00d3N DE LA NATURALEZA:\u00a0Ministra Presidenta Norma Lucia Pi\u00f1a Hern\u00e1ndez -\" \/>\n<meta property=\"og:description\" content=\"Por Redacci\u00f3n QP En el evento conmemorativo del D\u00eda Mundial del Medio Ambiente:&nbsp;Acceso a la...\" \/>\n<meta property=\"og:url\" content=\"https:\/\/quehacerpolitico.mx\/?p=101664\" \/>\n<meta property=\"article:published_time\" content=\"2023-06-06T03:36:36+00:00\" \/>\n<meta property=\"article:modified_time\" content=\"2023-06-06T03:36:39+00:00\" \/>\n<meta property=\"og:image\" content=\"https:\/\/quehacerpolitico.mx\/wp-content\/uploads\/2023\/06\/IMG_8251.jpeg\" \/>\n\t<meta property=\"og:image:width\" content=\"1284\" \/>\n\t<meta property=\"og:image:height\" content=\"704\" \/>\n\t<meta property=\"og:image:type\" content=\"image\/jpeg\" \/>\n<meta name=\"author\" content=\"Redacci\u00f3n QP\" \/>\n<meta name=\"twitter:card\" content=\"summary_large_image\" \/>\n<meta name=\"twitter:label1\" content=\"Escrito por\" \/>\n\t<meta name=\"twitter:data1\" content=\"Redacci\u00f3n QP\" \/>\n\t<meta name=\"twitter:label2\" content=\"Tiempo de lectura\" \/>\n\t<meta name=\"twitter:data2\" content=\"7 minutos\" \/>\n<script type=\"application\/ld+json\" class=\"yoast-schema-graph\">{\"@context\":\"https:\\\/\\\/schema.org\",\"@graph\":[{\"@type\":\"Article\",\"@id\":\"https:\\\/\\\/quehacerpolitico.mx\\\/?p=101664#article\",\"isPartOf\":{\"@id\":\"https:\\\/\\\/quehacerpolitico.mx\\\/?p=101664\"},\"author\":{\"name\":\"Redacci\u00f3n QP\",\"@id\":\"https:\\\/\\\/quehacerpolitico.mx\\\/#\\\/schema\\\/person\\\/496d8ad2d1d3f8036101dca7ee39e585\"},\"headline\":\"DESDE 1917, LA CONSTITUCI\u00d3N OTORGA IMPORTANCIA CENTRAL AL MEDIO AMBIENTE Y A LA CONSERVACI\u00d3N DE LA NATURALEZA:\u00a0Ministra Presidenta Norma Lucia Pi\u00f1a Hern\u00e1ndez\",\"datePublished\":\"2023-06-06T03:36:36+00:00\",\"dateModified\":\"2023-06-06T03:36:39+00:00\",\"mainEntityOfPage\":{\"@id\":\"https:\\\/\\\/quehacerpolitico.mx\\\/?p=101664\"},\"wordCount\":1401,\"commentCount\":0,\"image\":{\"@id\":\"https:\\\/\\\/quehacerpolitico.mx\\\/?p=101664#primaryimage\"},\"thumbnailUrl\":\"https:\\\/\\\/quehacerpolitico.mx\\\/wp-content\\\/uploads\\\/2023\\\/06\\\/IMG_8251.jpeg\",\"articleSection\":[\"Noticias\"],\"inLanguage\":\"es\",\"potentialAction\":[{\"@type\":\"CommentAction\",\"name\":\"Comment\",\"target\":[\"https:\\\/\\\/quehacerpolitico.mx\\\/?p=101664#respond\"]}]},{\"@type\":\"WebPage\",\"@id\":\"https:\\\/\\\/quehacerpolitico.mx\\\/?p=101664\",\"url\":\"https:\\\/\\\/quehacerpolitico.mx\\\/?p=101664\",\"name\":\"DESDE 1917, LA CONSTITUCI\u00d3N OTORGA IMPORTANCIA CENTRAL AL MEDIO AMBIENTE Y A LA CONSERVACI\u00d3N DE LA NATURALEZA:\u00a0Ministra Presidenta Norma Lucia Pi\u00f1a Hern\u00e1ndez -\",\"isPartOf\":{\"@id\":\"https:\\\/\\\/quehacerpolitico.mx\\\/#website\"},\"primaryImageOfPage\":{\"@id\":\"https:\\\/\\\/quehacerpolitico.mx\\\/?p=101664#primaryimage\"},\"image\":{\"@id\":\"https:\\\/\\\/quehacerpolitico.mx\\\/?p=101664#primaryimage\"},\"thumbnailUrl\":\"https:\\\/\\\/quehacerpolitico.mx\\\/wp-content\\\/uploads\\\/2023\\\/06\\\/IMG_8251.jpeg\",\"datePublished\":\"2023-06-06T03:36:36+00:00\",\"dateModified\":\"2023-06-06T03:36:39+00:00\",\"author\":{\"@id\":\"https:\\\/\\\/quehacerpolitico.mx\\\/#\\\/schema\\\/person\\\/496d8ad2d1d3f8036101dca7ee39e585\"},\"breadcrumb\":{\"@id\":\"https:\\\/\\\/quehacerpolitico.mx\\\/?p=101664#breadcrumb\"},\"inLanguage\":\"es\",\"potentialAction\":[{\"@type\":\"ReadAction\",\"target\":[\"https:\\\/\\\/quehacerpolitico.mx\\\/?p=101664\"]}]},{\"@type\":\"ImageObject\",\"inLanguage\":\"es\",\"@id\":\"https:\\\/\\\/quehacerpolitico.mx\\\/?p=101664#primaryimage\",\"url\":\"https:\\\/\\\/quehacerpolitico.mx\\\/wp-content\\\/uploads\\\/2023\\\/06\\\/IMG_8251.jpeg\",\"contentUrl\":\"https:\\\/\\\/quehacerpolitico.mx\\\/wp-content\\\/uploads\\\/2023\\\/06\\\/IMG_8251.jpeg\",\"width\":1284,\"height\":704},{\"@type\":\"BreadcrumbList\",\"@id\":\"https:\\\/\\\/quehacerpolitico.mx\\\/?p=101664#breadcrumb\",\"itemListElement\":[{\"@type\":\"ListItem\",\"position\":1,\"name\":\"Inicio\",\"item\":\"https:\\\/\\\/quehacerpolitico.mx\\\/\"},{\"@type\":\"ListItem\",\"position\":2,\"name\":\"DESDE 1917, LA CONSTITUCI\u00d3N OTORGA IMPORTANCIA CENTRAL AL MEDIO AMBIENTE Y A LA CONSERVACI\u00d3N DE LA NATURALEZA:\u00a0Ministra Presidenta Norma Lucia Pi\u00f1a Hern\u00e1ndez\"}]},{\"@type\":\"WebSite\",\"@id\":\"https:\\\/\\\/quehacerpolitico.mx\\\/#website\",\"url\":\"https:\\\/\\\/quehacerpolitico.mx\\\/\",\"name\":\"\",\"description\":\"\",\"potentialAction\":[{\"@type\":\"SearchAction\",\"target\":{\"@type\":\"EntryPoint\",\"urlTemplate\":\"https:\\\/\\\/quehacerpolitico.mx\\\/?s={search_term_string}\"},\"query-input\":{\"@type\":\"PropertyValueSpecification\",\"valueRequired\":true,\"valueName\":\"search_term_string\"}}],\"inLanguage\":\"es\"},{\"@type\":\"Person\",\"@id\":\"https:\\\/\\\/quehacerpolitico.mx\\\/#\\\/schema\\\/person\\\/496d8ad2d1d3f8036101dca7ee39e585\",\"name\":\"Redacci\u00f3n QP\",\"image\":{\"@type\":\"ImageObject\",\"inLanguage\":\"es\",\"@id\":\"https:\\\/\\\/secure.gravatar.com\\\/avatar\\\/c7164ed6fdec453195284ad24a5ae5b6e1eed2b848477fa2a4787ba9adf39a41?s=96&d=mm&r=g\",\"url\":\"https:\\\/\\\/secure.gravatar.com\\\/avatar\\\/c7164ed6fdec453195284ad24a5ae5b6e1eed2b848477fa2a4787ba9adf39a41?s=96&d=mm&r=g\",\"contentUrl\":\"https:\\\/\\\/secure.gravatar.com\\\/avatar\\\/c7164ed6fdec453195284ad24a5ae5b6e1eed2b848477fa2a4787ba9adf39a41?s=96&d=mm&r=g\",\"caption\":\"Redacci\u00f3n QP\"},\"url\":\"https:\\\/\\\/quehacerpolitico.mx\\\/?author=2\"}]}<\/script>\n<!-- \/ Yoast SEO plugin. -->","yoast_head_json":{"title":"DESDE 1917, LA CONSTITUCI\u00d3N OTORGA IMPORTANCIA CENTRAL AL MEDIO AMBIENTE Y A LA CONSERVACI\u00d3N DE LA NATURALEZA:\u00a0Ministra Presidenta Norma Lucia Pi\u00f1a Hern\u00e1ndez -","robots":{"index":"index","follow":"follow","max-snippet":"max-snippet:-1","max-image-preview":"max-image-preview:large","max-video-preview":"max-video-preview:-1"},"canonical":"https:\/\/quehacerpolitico.mx\/?p=101664","og_locale":"es_MX","og_type":"article","og_title":"DESDE 1917, LA CONSTITUCI\u00d3N OTORGA IMPORTANCIA CENTRAL AL MEDIO AMBIENTE Y A LA CONSERVACI\u00d3N DE LA NATURALEZA:\u00a0Ministra Presidenta Norma Lucia Pi\u00f1a Hern\u00e1ndez -","og_description":"Por Redacci\u00f3n QP En el evento conmemorativo del D\u00eda Mundial del Medio Ambiente:&nbsp;Acceso a la...","og_url":"https:\/\/quehacerpolitico.mx\/?p=101664","article_published_time":"2023-06-06T03:36:36+00:00","article_modified_time":"2023-06-06T03:36:39+00:00","og_image":[{"width":1284,"height":704,"url":"https:\/\/quehacerpolitico.mx\/wp-content\/uploads\/2023\/06\/IMG_8251.jpeg","type":"image\/jpeg"}],"author":"Redacci\u00f3n QP","twitter_card":"summary_large_image","twitter_misc":{"Escrito por":"Redacci\u00f3n QP","Tiempo de lectura":"7 minutos"},"schema":{"@context":"https:\/\/schema.org","@graph":[{"@type":"Article","@id":"https:\/\/quehacerpolitico.mx\/?p=101664#article","isPartOf":{"@id":"https:\/\/quehacerpolitico.mx\/?p=101664"},"author":{"name":"Redacci\u00f3n QP","@id":"https:\/\/quehacerpolitico.mx\/#\/schema\/person\/496d8ad2d1d3f8036101dca7ee39e585"},"headline":"DESDE 1917, LA CONSTITUCI\u00d3N OTORGA IMPORTANCIA CENTRAL AL MEDIO AMBIENTE Y A LA CONSERVACI\u00d3N DE LA NATURALEZA:\u00a0Ministra Presidenta Norma Lucia Pi\u00f1a Hern\u00e1ndez","datePublished":"2023-06-06T03:36:36+00:00","dateModified":"2023-06-06T03:36:39+00:00","mainEntityOfPage":{"@id":"https:\/\/quehacerpolitico.mx\/?p=101664"},"wordCount":1401,"commentCount":0,"image":{"@id":"https:\/\/quehacerpolitico.mx\/?p=101664#primaryimage"},"thumbnailUrl":"https:\/\/quehacerpolitico.mx\/wp-content\/uploads\/2023\/06\/IMG_8251.jpeg","articleSection":["Noticias"],"inLanguage":"es","potentialAction":[{"@type":"CommentAction","name":"Comment","target":["https:\/\/quehacerpolitico.mx\/?p=101664#respond"]}]},{"@type":"WebPage","@id":"https:\/\/quehacerpolitico.mx\/?p=101664","url":"https:\/\/quehacerpolitico.mx\/?p=101664","name":"DESDE 1917, LA CONSTITUCI\u00d3N OTORGA IMPORTANCIA CENTRAL AL MEDIO AMBIENTE Y A LA CONSERVACI\u00d3N DE LA NATURALEZA:\u00a0Ministra Presidenta Norma Lucia Pi\u00f1a Hern\u00e1ndez -","isPartOf":{"@id":"https:\/\/quehacerpolitico.mx\/#website"},"primaryImageOfPage":{"@id":"https:\/\/quehacerpolitico.mx\/?p=101664#primaryimage"},"image":{"@id":"https:\/\/quehacerpolitico.mx\/?p=101664#primaryimage"},"thumbnailUrl":"https:\/\/quehacerpolitico.mx\/wp-content\/uploads\/2023\/06\/IMG_8251.jpeg","datePublished":"2023-06-06T03:36:36+00:00","dateModified":"2023-06-06T03:36:39+00:00","author":{"@id":"https:\/\/quehacerpolitico.mx\/#\/schema\/person\/496d8ad2d1d3f8036101dca7ee39e585"},"breadcrumb":{"@id":"https:\/\/quehacerpolitico.mx\/?p=101664#breadcrumb"},"inLanguage":"es","potentialAction":[{"@type":"ReadAction","target":["https:\/\/quehacerpolitico.mx\/?p=101664"]}]},{"@type":"ImageObject","inLanguage":"es","@id":"https:\/\/quehacerpolitico.mx\/?p=101664#primaryimage","url":"https:\/\/quehacerpolitico.mx\/wp-content\/uploads\/2023\/06\/IMG_8251.jpeg","contentUrl":"https:\/\/quehacerpolitico.mx\/wp-content\/uploads\/2023\/06\/IMG_8251.jpeg","width":1284,"height":704},{"@type":"BreadcrumbList","@id":"https:\/\/quehacerpolitico.mx\/?p=101664#breadcrumb","itemListElement":[{"@type":"ListItem","position":1,"name":"Inicio","item":"https:\/\/quehacerpolitico.mx\/"},{"@type":"ListItem","position":2,"name":"DESDE 1917, LA CONSTITUCI\u00d3N OTORGA IMPORTANCIA CENTRAL AL MEDIO AMBIENTE Y A LA CONSERVACI\u00d3N DE LA NATURALEZA:\u00a0Ministra Presidenta Norma Lucia Pi\u00f1a Hern\u00e1ndez"}]},{"@type":"WebSite","@id":"https:\/\/quehacerpolitico.mx\/#website","url":"https:\/\/quehacerpolitico.mx\/","name":"","description":"","potentialAction":[{"@type":"SearchAction","target":{"@type":"EntryPoint","urlTemplate":"https:\/\/quehacerpolitico.mx\/?s={search_term_string}"},"query-input":{"@type":"PropertyValueSpecification","valueRequired":true,"valueName":"search_term_string"}}],"inLanguage":"es"},{"@type":"Person","@id":"https:\/\/quehacerpolitico.mx\/#\/schema\/person\/496d8ad2d1d3f8036101dca7ee39e585","name":"Redacci\u00f3n QP","image":{"@type":"ImageObject","inLanguage":"es","@id":"https:\/\/secure.gravatar.com\/avatar\/c7164ed6fdec453195284ad24a5ae5b6e1eed2b848477fa2a4787ba9adf39a41?s=96&d=mm&r=g","url":"https:\/\/secure.gravatar.com\/avatar\/c7164ed6fdec453195284ad24a5ae5b6e1eed2b848477fa2a4787ba9adf39a41?s=96&d=mm&r=g","contentUrl":"https:\/\/secure.gravatar.com\/avatar\/c7164ed6fdec453195284ad24a5ae5b6e1eed2b848477fa2a4787ba9adf39a41?s=96&d=mm&r=g","caption":"Redacci\u00f3n QP"},"url":"https:\/\/quehacerpolitico.mx\/?author=2"}]}},"featured_image_urls":{"full":["https:\/\/quehacerpolitico.mx\/wp-content\/uploads\/2023\/06\/IMG_8251.jpeg",1284,704,false],"thumbnail":["https:\/\/quehacerpolitico.mx\/wp-content\/uploads\/2023\/06\/IMG_8251-150x150.jpeg",150,150,true],"medium":["https:\/\/quehacerpolitico.mx\/wp-content\/uploads\/2023\/06\/IMG_8251-300x164.jpeg",300,164,true],"medium_large":["https:\/\/quehacerpolitico.mx\/wp-content\/uploads\/2023\/06\/IMG_8251-768x421.jpeg",640,351,true],"large":["https:\/\/quehacerpolitico.mx\/wp-content\/uploads\/2023\/06\/IMG_8251-1024x561.jpeg",640,351,true],"1536x1536":["https:\/\/quehacerpolitico.mx\/wp-content\/uploads\/2023\/06\/IMG_8251.jpeg",1284,704,false],"2048x2048":["https:\/\/quehacerpolitico.mx\/wp-content\/uploads\/2023\/06\/IMG_8251.jpeg",1284,704,false],"covernews-featured":["https:\/\/quehacerpolitico.mx\/wp-content\/uploads\/2023\/06\/IMG_8251.jpeg",1024,561,false],"covernews-medium":["https:\/\/quehacerpolitico.mx\/wp-content\/uploads\/2023\/06\/IMG_8251.jpeg",540,296,false]},"author_info":{"display_name":"Redacci\u00f3n QP","author_link":"https:\/\/quehacerpolitico.mx\/?author=2"},"category_info":"<a href=\"https:\/\/quehacerpolitico.mx\/?cat=2\" rel=\"category\">Noticias<\/a>","tag_info":"Noticias","comment_count":"0","_links":{"self":[{"href":"https:\/\/quehacerpolitico.mx\/index.php?rest_route=\/wp\/v2\/posts\/101664","targetHints":{"allow":["GET"]}}],"collection":[{"href":"https:\/\/quehacerpolitico.mx\/index.php?rest_route=\/wp\/v2\/posts"}],"about":[{"href":"https:\/\/quehacerpolitico.mx\/index.php?rest_route=\/wp\/v2\/types\/post"}],"author":[{"embeddable":true,"href":"https:\/\/quehacerpolitico.mx\/index.php?rest_route=\/wp\/v2\/users\/2"}],"replies":[{"embeddable":true,"href":"https:\/\/quehacerpolitico.mx\/index.php?rest_route=%2Fwp%2Fv2%2Fcomments&post=101664"}],"version-history":[{"count":1,"href":"https:\/\/quehacerpolitico.mx\/index.php?rest_route=\/wp\/v2\/posts\/101664\/revisions"}],"predecessor-version":[{"id":101666,"href":"https:\/\/quehacerpolitico.mx\/index.php?rest_route=\/wp\/v2\/posts\/101664\/revisions\/101666"}],"wp:featuredmedia":[{"embeddable":true,"href":"https:\/\/quehacerpolitico.mx\/index.php?rest_route=\/wp\/v2\/media\/101665"}],"wp:attachment":[{"href":"https:\/\/quehacerpolitico.mx\/index.php?rest_route=%2Fwp%2Fv2%2Fmedia&parent=101664"}],"wp:term":[{"taxonomy":"category","embeddable":true,"href":"https:\/\/quehacerpolitico.mx\/index.php?rest_route=%2Fwp%2Fv2%2Fcategories&post=101664"},{"taxonomy":"post_tag","embeddable":true,"href":"https:\/\/quehacerpolitico.mx\/index.php?rest_route=%2Fwp%2Fv2%2Ftags&post=101664"}],"curies":[{"name":"wp","href":"https:\/\/api.w.org\/{rel}","templated":true}]}}