{"id":101638,"date":"2023-06-05T16:34:26","date_gmt":"2023-06-05T16:34:26","guid":{"rendered":"https:\/\/quehacerpolitico.mx\/?p=101638"},"modified":"2023-06-05T16:34:32","modified_gmt":"2023-06-05T16:34:32","slug":"el-presidente-lopez-obrador-felicito-a-los-ciudadanos-del-edomex-y-de-coahuila-por-su-participacion-en-las-elecciones2023","status":"publish","type":"post","link":"https:\/\/quehacerpolitico.mx\/?p=101638","title":{"rendered":"El presidente Lopez Obrador felicit\u00f3 a los ciudadanos del #Edomex y de #Coahuila por su participaci\u00f3n en las #Elecciones2023"},"content":{"rendered":"\n<p>Por Redacci\u00f3n QP<\/p>\n\n\n\n<p>L\u00f3pez Obrador felicit\u00f3 a poblaci\u00f3n de Coahuila y Edomex \u201cpor ejercer derecho a elegir libremente a sus autoridades\u201d en elecciones del domingo<\/p>\n\n\n\n<p>El presidente de M\u00e9xico,\u00a0<strong>Andres Manuel\u00a0L\u00f3pez Obrador<\/strong>, felicit\u00f3 a la poblaci\u00f3n de\u00a0<strong>Coahuila<\/strong>\u00a0y el\u00a0<strong>Estado de M\u00e9xico<\/strong>\u00a0\u201cpor ejercer su derecho a elegir libremente a sus autoridades\u201d, tras las\u00a0<strong>elecciones<\/strong>\u00a0del<strong>\u00a0domingo 4 de junio<\/strong>.<\/p>\n\n\n\n<figure class=\"wp-block-embed is-type-rich is-provider-twitter wp-block-embed-twitter\"><div class=\"wp-block-embed__wrapper\">\n<blockquote class=\"twitter-tweet\" data-width=\"550\" data-dnt=\"true\"><p lang=\"es\" dir=\"ltr\">\u00bfPor qu\u00e9 andar\u00e1 tan de buenas el presidente? <a href=\"https:\/\/t.co\/WWNAwwtcpf\">pic.twitter.com\/WWNAwwtcpf<\/a><\/p>&mdash; Ruido en la Red (@RuidoEnLaRed) <a href=\"https:\/\/twitter.com\/RuidoEnLaRed\/status\/1665741593725345793?ref_src=twsrc%5Etfw\">June 5, 2023<\/a><\/blockquote><script async src=\"https:\/\/platform.twitter.com\/widgets.js\" charset=\"utf-8\"><\/script>\n<\/div><\/figure>\n\n\n\n<p>En la conferencia matutina de Palacio Nacional, L\u00f3pez Obrador destac\u00f3 que no hubo problemas mayores en los comicios ni conflictos postelectorales, debido a que los perdedores de dicha elecci\u00f3n salieron a reconocer su derrota. Tambi\u00e9n felicit\u00f3 a los dos ganadores:\u00a0Manolo Jim\u00e9nez en\u00a0<strong>Coahuila<\/strong>, y\u00a0Delfina Gomez, en el\u00a0<strong>Estado de M\u00e9xico<\/strong>.<\/p>\n\n\n\n<p>Felicitar a la gente que particip\u00f3 ayer a los ciudadanos en Coahuila y el Estado de M\u00e9xico porque ejercieron su derecho, a elegir libremente a sus autoridades, b\u00e1sicamente dos gubernaturas\u201d, indic\u00f3.<\/p>\n\n\n\n<p>\u201cNo hubo problemas mayores, la gente particip\u00f3 y no hubo protestas postelectorales aunque todav\u00eda pueden presentarse legalmente denuncias, pero en los dos casos, los segundos lugares salieron a reconocer a quien obtuvo m\u00e1s votos, lo hizo la candidata del PRI y el PAN en el Edomex y lo hizo tambi\u00e9n Guadiana, candidato de Morena\u201d, subray\u00f3<\/p>\n\n\n\n<p>Muy bien, felicidades a la gente y a quienes triunfaron, Manolo Jim\u00e9nez en Coahuila y la maestra Delfina (G\u00f3mez, en el Edomex)\u201d, puntualiz\u00f3.<\/p>\n\n\n\n<figure class=\"wp-block-embed is-type-rich is-provider-twitter wp-block-embed-twitter\"><div class=\"wp-block-embed__wrapper\">\n<blockquote class=\"twitter-tweet\" data-width=\"550\" data-dnt=\"true\"><p lang=\"es\" dir=\"ltr\">El presidente <a href=\"https:\/\/twitter.com\/lopezobrador_?ref_src=twsrc%5Etfw\">@lopezobrador_<\/a> felicit\u00f3 a los ciudadanos del <a href=\"https:\/\/twitter.com\/hashtag\/Edomex?src=hash&amp;ref_src=twsrc%5Etfw\">#Edomex<\/a> y de <a href=\"https:\/\/twitter.com\/hashtag\/Coahuila?src=hash&amp;ref_src=twsrc%5Etfw\">#Coahuila<\/a> por su participaci\u00f3n en las <a href=\"https:\/\/twitter.com\/hashtag\/Elecciones2023?src=hash&amp;ref_src=twsrc%5Etfw\">#Elecciones2023<\/a>. <br><br>Adem\u00e1s, reconoci\u00f3 que los &quot;segundos lugares&quot; hayan aceptado sus derrotas ante Delfina G\u00f3mez y Manolo Jim\u00e9nez <a href=\"https:\/\/t.co\/nGVcnPPQPR\">pic.twitter.com\/nGVcnPPQPR<\/a><\/p>&mdash; Ruido en la Red (@RuidoEnLaRed) <a href=\"https:\/\/twitter.com\/RuidoEnLaRed\/status\/1665745291646058498?ref_src=twsrc%5Etfw\">June 5, 2023<\/a><\/blockquote><script async src=\"https:\/\/platform.twitter.com\/widgets.js\" charset=\"utf-8\"><\/script>\n<\/div><\/figure>\n\n\n\n<p>Las elecciones en los estados de Coahuila y el Edomex, el m\u00e1s poblado del pa\u00eds, celebradas este domingo confirmaron el auge del gobernante Movimiento Regeneraci\u00f3n Nacional (Morena), el partido del presidente L\u00f3pez Obrador.<\/p>\n\n\n\n<p>Morena derrib\u00f3 al otrora poderoso Partido Revolucionario Institucional (PRI) en su terreno m\u00e1s preciado, el Estado de M\u00e9xico, en el que viven 17 millones de habitantes y que no hab\u00eda perdido una elecci\u00f3n en 94 a\u00f1os.<\/p>\n\n\n\n<p>Si bien en la jornada, el PRI rescat\u00f3 los muebles qued\u00e1ndose con el control de Coahuila, esa victoria result\u00f3 simb\u00f3lica ante la derrota en el Estado de M\u00e9xico.<\/p>\n\n\n\n<p>La morenista Delfina G\u00f3mez, quien por segunda ocasi\u00f3n consecutiva contend\u00eda por la gubernatura del Estado de M\u00e9xico, lider\u00f3 la coalici\u00f3n \u201cJuntos Hacemos Historia\u201d, integrada por los partidos Morena, Verde Ecologista de M\u00e9xico (PVEM) y del Trabajo (PT), venci\u00f3 a<strong>&nbsp;Alejandra del Moral<\/strong>, de la coalici\u00f3n \u201cVa por el Estado de M\u00e9xico\u201d,<\/p>\n\n\n\n<p>En tanto, en Coahuila, Manolo Jim\u00e9nez fue el representante de la Alianza Ciudadana por la Seguridad, integrada por los partidos PRI, Acci\u00f3n Nacional (PAN) y de la Revoluci\u00f3n Democr\u00e1tica (PRD), quien gan\u00f3 ampliamente a&nbsp;<strong>Armando Guadiana<\/strong>, candidato de Morena, su principal adversario.<\/p>\n","protected":false},"excerpt":{"rendered":"<p>Por Redacci\u00f3n QP L\u00f3pez Obrador felicit\u00f3 a poblaci\u00f3n de Coahuila y Edomex \u201cpor ejercer derecho&#8230;<\/p>\n","protected":false},"author":2,"featured_media":101639,"comment_status":"open","ping_status":"open","sticky":false,"template":"","format":"standard","meta":{"_monsterinsights_skip_tracking":false,"_monsterinsights_sitenote_active":false,"_monsterinsights_sitenote_note":"","_monsterinsights_sitenote_category":0,"footnotes":""},"categories":[2],"tags":[],"class_list":["post-101638","post","type-post","status-publish","format-standard","has-post-thumbnail","hentry","category-noticias"],"yoast_head":"<!-- This site is optimized with the Yoast SEO plugin v27.3 - https:\/\/yoast.com\/product\/yoast-seo-wordpress\/ -->\n<title>El presidente Lopez Obrador felicit\u00f3 a los ciudadanos del #Edomex y de #Coahuila por su participaci\u00f3n en las #Elecciones2023 -<\/title>\n<meta name=\"robots\" content=\"index, follow, max-snippet:-1, max-image-preview:large, max-video-preview:-1\" \/>\n<link rel=\"canonical\" href=\"https:\/\/quehacerpolitico.mx\/?p=101638\" \/>\n<meta property=\"og:locale\" content=\"es_MX\" \/>\n<meta property=\"og:type\" content=\"article\" \/>\n<meta property=\"og:title\" content=\"El presidente Lopez Obrador felicit\u00f3 a los ciudadanos del #Edomex y de #Coahuila por su participaci\u00f3n en las #Elecciones2023 -\" \/>\n<meta property=\"og:description\" content=\"Por Redacci\u00f3n QP L\u00f3pez Obrador felicit\u00f3 a poblaci\u00f3n de Coahuila y Edomex \u201cpor ejercer derecho...\" \/>\n<meta property=\"og:url\" content=\"https:\/\/quehacerpolitico.mx\/?p=101638\" \/>\n<meta property=\"article:published_time\" content=\"2023-06-05T16:34:26+00:00\" \/>\n<meta property=\"article:modified_time\" content=\"2023-06-05T16:34:32+00:00\" \/>\n<meta property=\"og:image\" content=\"https:\/\/quehacerpolitico.mx\/wp-content\/uploads\/2023\/06\/IMG_8234.jpeg\" \/>\n\t<meta property=\"og:image:width\" content=\"1284\" \/>\n\t<meta property=\"og:image:height\" content=\"691\" \/>\n\t<meta property=\"og:image:type\" content=\"image\/jpeg\" \/>\n<meta name=\"author\" content=\"Redacci\u00f3n QP\" \/>\n<meta name=\"twitter:card\" content=\"summary_large_image\" \/>\n<meta name=\"twitter:label1\" content=\"Escrito por\" \/>\n\t<meta name=\"twitter:data1\" content=\"Redacci\u00f3n QP\" \/>\n\t<meta name=\"twitter:label2\" content=\"Tiempo de lectura\" \/>\n\t<meta name=\"twitter:data2\" content=\"2 minutos\" \/>\n<script type=\"application\/ld+json\" class=\"yoast-schema-graph\">{\"@context\":\"https:\\\/\\\/schema.org\",\"@graph\":[{\"@type\":\"Article\",\"@id\":\"https:\\\/\\\/quehacerpolitico.mx\\\/?p=101638#article\",\"isPartOf\":{\"@id\":\"https:\\\/\\\/quehacerpolitico.mx\\\/?p=101638\"},\"author\":{\"name\":\"Redacci\u00f3n QP\",\"@id\":\"https:\\\/\\\/quehacerpolitico.mx\\\/#\\\/schema\\\/person\\\/496d8ad2d1d3f8036101dca7ee39e585\"},\"headline\":\"El presidente Lopez Obrador felicit\u00f3 a los ciudadanos del #Edomex y de #Coahuila por su participaci\u00f3n en las #Elecciones2023\",\"datePublished\":\"2023-06-05T16:34:26+00:00\",\"dateModified\":\"2023-06-05T16:34:32+00:00\",\"mainEntityOfPage\":{\"@id\":\"https:\\\/\\\/quehacerpolitico.mx\\\/?p=101638\"},\"wordCount\":497,\"commentCount\":0,\"image\":{\"@id\":\"https:\\\/\\\/quehacerpolitico.mx\\\/?p=101638#primaryimage\"},\"thumbnailUrl\":\"https:\\\/\\\/quehacerpolitico.mx\\\/wp-content\\\/uploads\\\/2023\\\/06\\\/IMG_8234.jpeg\",\"articleSection\":[\"Noticias\"],\"inLanguage\":\"es\",\"potentialAction\":[{\"@type\":\"CommentAction\",\"name\":\"Comment\",\"target\":[\"https:\\\/\\\/quehacerpolitico.mx\\\/?p=101638#respond\"]}]},{\"@type\":\"WebPage\",\"@id\":\"https:\\\/\\\/quehacerpolitico.mx\\\/?p=101638\",\"url\":\"https:\\\/\\\/quehacerpolitico.mx\\\/?p=101638\",\"name\":\"El presidente Lopez Obrador felicit\u00f3 a los ciudadanos del #Edomex y de #Coahuila por su participaci\u00f3n en las #Elecciones2023 -\",\"isPartOf\":{\"@id\":\"https:\\\/\\\/quehacerpolitico.mx\\\/#website\"},\"primaryImageOfPage\":{\"@id\":\"https:\\\/\\\/quehacerpolitico.mx\\\/?p=101638#primaryimage\"},\"image\":{\"@id\":\"https:\\\/\\\/quehacerpolitico.mx\\\/?p=101638#primaryimage\"},\"thumbnailUrl\":\"https:\\\/\\\/quehacerpolitico.mx\\\/wp-content\\\/uploads\\\/2023\\\/06\\\/IMG_8234.jpeg\",\"datePublished\":\"2023-06-05T16:34:26+00:00\",\"dateModified\":\"2023-06-05T16:34:32+00:00\",\"author\":{\"@id\":\"https:\\\/\\\/quehacerpolitico.mx\\\/#\\\/schema\\\/person\\\/496d8ad2d1d3f8036101dca7ee39e585\"},\"breadcrumb\":{\"@id\":\"https:\\\/\\\/quehacerpolitico.mx\\\/?p=101638#breadcrumb\"},\"inLanguage\":\"es\",\"potentialAction\":[{\"@type\":\"ReadAction\",\"target\":[\"https:\\\/\\\/quehacerpolitico.mx\\\/?p=101638\"]}]},{\"@type\":\"ImageObject\",\"inLanguage\":\"es\",\"@id\":\"https:\\\/\\\/quehacerpolitico.mx\\\/?p=101638#primaryimage\",\"url\":\"https:\\\/\\\/quehacerpolitico.mx\\\/wp-content\\\/uploads\\\/2023\\\/06\\\/IMG_8234.jpeg\",\"contentUrl\":\"https:\\\/\\\/quehacerpolitico.mx\\\/wp-content\\\/uploads\\\/2023\\\/06\\\/IMG_8234.jpeg\",\"width\":1284,\"height\":691},{\"@type\":\"BreadcrumbList\",\"@id\":\"https:\\\/\\\/quehacerpolitico.mx\\\/?p=101638#breadcrumb\",\"itemListElement\":[{\"@type\":\"ListItem\",\"position\":1,\"name\":\"Inicio\",\"item\":\"https:\\\/\\\/quehacerpolitico.mx\\\/\"},{\"@type\":\"ListItem\",\"position\":2,\"name\":\"El presidente Lopez Obrador felicit\u00f3 a los ciudadanos del #Edomex y de #Coahuila por su participaci\u00f3n en las #Elecciones2023\"}]},{\"@type\":\"WebSite\",\"@id\":\"https:\\\/\\\/quehacerpolitico.mx\\\/#website\",\"url\":\"https:\\\/\\\/quehacerpolitico.mx\\\/\",\"name\":\"\",\"description\":\"\",\"potentialAction\":[{\"@type\":\"SearchAction\",\"target\":{\"@type\":\"EntryPoint\",\"urlTemplate\":\"https:\\\/\\\/quehacerpolitico.mx\\\/?s={search_term_string}\"},\"query-input\":{\"@type\":\"PropertyValueSpecification\",\"valueRequired\":true,\"valueName\":\"search_term_string\"}}],\"inLanguage\":\"es\"},{\"@type\":\"Person\",\"@id\":\"https:\\\/\\\/quehacerpolitico.mx\\\/#\\\/schema\\\/person\\\/496d8ad2d1d3f8036101dca7ee39e585\",\"name\":\"Redacci\u00f3n QP\",\"image\":{\"@type\":\"ImageObject\",\"inLanguage\":\"es\",\"@id\":\"https:\\\/\\\/secure.gravatar.com\\\/avatar\\\/c7164ed6fdec453195284ad24a5ae5b6e1eed2b848477fa2a4787ba9adf39a41?s=96&d=mm&r=g\",\"url\":\"https:\\\/\\\/secure.gravatar.com\\\/avatar\\\/c7164ed6fdec453195284ad24a5ae5b6e1eed2b848477fa2a4787ba9adf39a41?s=96&d=mm&r=g\",\"contentUrl\":\"https:\\\/\\\/secure.gravatar.com\\\/avatar\\\/c7164ed6fdec453195284ad24a5ae5b6e1eed2b848477fa2a4787ba9adf39a41?s=96&d=mm&r=g\",\"caption\":\"Redacci\u00f3n QP\"},\"url\":\"https:\\\/\\\/quehacerpolitico.mx\\\/?author=2\"}]}<\/script>\n<!-- \/ Yoast SEO plugin. -->","yoast_head_json":{"title":"El presidente Lopez Obrador felicit\u00f3 a los ciudadanos del #Edomex y de #Coahuila por su participaci\u00f3n en las #Elecciones2023 -","robots":{"index":"index","follow":"follow","max-snippet":"max-snippet:-1","max-image-preview":"max-image-preview:large","max-video-preview":"max-video-preview:-1"},"canonical":"https:\/\/quehacerpolitico.mx\/?p=101638","og_locale":"es_MX","og_type":"article","og_title":"El presidente Lopez Obrador felicit\u00f3 a los ciudadanos del #Edomex y de #Coahuila por su participaci\u00f3n en las #Elecciones2023 -","og_description":"Por Redacci\u00f3n QP L\u00f3pez Obrador felicit\u00f3 a poblaci\u00f3n de Coahuila y Edomex \u201cpor ejercer derecho...","og_url":"https:\/\/quehacerpolitico.mx\/?p=101638","article_published_time":"2023-06-05T16:34:26+00:00","article_modified_time":"2023-06-05T16:34:32+00:00","og_image":[{"width":1284,"height":691,"url":"https:\/\/quehacerpolitico.mx\/wp-content\/uploads\/2023\/06\/IMG_8234.jpeg","type":"image\/jpeg"}],"author":"Redacci\u00f3n QP","twitter_card":"summary_large_image","twitter_misc":{"Escrito por":"Redacci\u00f3n QP","Tiempo de lectura":"2 minutos"},"schema":{"@context":"https:\/\/schema.org","@graph":[{"@type":"Article","@id":"https:\/\/quehacerpolitico.mx\/?p=101638#article","isPartOf":{"@id":"https:\/\/quehacerpolitico.mx\/?p=101638"},"author":{"name":"Redacci\u00f3n QP","@id":"https:\/\/quehacerpolitico.mx\/#\/schema\/person\/496d8ad2d1d3f8036101dca7ee39e585"},"headline":"El presidente Lopez Obrador felicit\u00f3 a los ciudadanos del #Edomex y de #Coahuila por su participaci\u00f3n en las #Elecciones2023","datePublished":"2023-06-05T16:34:26+00:00","dateModified":"2023-06-05T16:34:32+00:00","mainEntityOfPage":{"@id":"https:\/\/quehacerpolitico.mx\/?p=101638"},"wordCount":497,"commentCount":0,"image":{"@id":"https:\/\/quehacerpolitico.mx\/?p=101638#primaryimage"},"thumbnailUrl":"https:\/\/quehacerpolitico.mx\/wp-content\/uploads\/2023\/06\/IMG_8234.jpeg","articleSection":["Noticias"],"inLanguage":"es","potentialAction":[{"@type":"CommentAction","name":"Comment","target":["https:\/\/quehacerpolitico.mx\/?p=101638#respond"]}]},{"@type":"WebPage","@id":"https:\/\/quehacerpolitico.mx\/?p=101638","url":"https:\/\/quehacerpolitico.mx\/?p=101638","name":"El presidente Lopez Obrador felicit\u00f3 a los ciudadanos del #Edomex y de #Coahuila por su participaci\u00f3n en las #Elecciones2023 -","isPartOf":{"@id":"https:\/\/quehacerpolitico.mx\/#website"},"primaryImageOfPage":{"@id":"https:\/\/quehacerpolitico.mx\/?p=101638#primaryimage"},"image":{"@id":"https:\/\/quehacerpolitico.mx\/?p=101638#primaryimage"},"thumbnailUrl":"https:\/\/quehacerpolitico.mx\/wp-content\/uploads\/2023\/06\/IMG_8234.jpeg","datePublished":"2023-06-05T16:34:26+00:00","dateModified":"2023-06-05T16:34:32+00:00","author":{"@id":"https:\/\/quehacerpolitico.mx\/#\/schema\/person\/496d8ad2d1d3f8036101dca7ee39e585"},"breadcrumb":{"@id":"https:\/\/quehacerpolitico.mx\/?p=101638#breadcrumb"},"inLanguage":"es","potentialAction":[{"@type":"ReadAction","target":["https:\/\/quehacerpolitico.mx\/?p=101638"]}]},{"@type":"ImageObject","inLanguage":"es","@id":"https:\/\/quehacerpolitico.mx\/?p=101638#primaryimage","url":"https:\/\/quehacerpolitico.mx\/wp-content\/uploads\/2023\/06\/IMG_8234.jpeg","contentUrl":"https:\/\/quehacerpolitico.mx\/wp-content\/uploads\/2023\/06\/IMG_8234.jpeg","width":1284,"height":691},{"@type":"BreadcrumbList","@id":"https:\/\/quehacerpolitico.mx\/?p=101638#breadcrumb","itemListElement":[{"@type":"ListItem","position":1,"name":"Inicio","item":"https:\/\/quehacerpolitico.mx\/"},{"@type":"ListItem","position":2,"name":"El presidente Lopez Obrador felicit\u00f3 a los ciudadanos del #Edomex y de #Coahuila por su participaci\u00f3n en las #Elecciones2023"}]},{"@type":"WebSite","@id":"https:\/\/quehacerpolitico.mx\/#website","url":"https:\/\/quehacerpolitico.mx\/","name":"","description":"","potentialAction":[{"@type":"SearchAction","target":{"@type":"EntryPoint","urlTemplate":"https:\/\/quehacerpolitico.mx\/?s={search_term_string}"},"query-input":{"@type":"PropertyValueSpecification","valueRequired":true,"valueName":"search_term_string"}}],"inLanguage":"es"},{"@type":"Person","@id":"https:\/\/quehacerpolitico.mx\/#\/schema\/person\/496d8ad2d1d3f8036101dca7ee39e585","name":"Redacci\u00f3n QP","image":{"@type":"ImageObject","inLanguage":"es","@id":"https:\/\/secure.gravatar.com\/avatar\/c7164ed6fdec453195284ad24a5ae5b6e1eed2b848477fa2a4787ba9adf39a41?s=96&d=mm&r=g","url":"https:\/\/secure.gravatar.com\/avatar\/c7164ed6fdec453195284ad24a5ae5b6e1eed2b848477fa2a4787ba9adf39a41?s=96&d=mm&r=g","contentUrl":"https:\/\/secure.gravatar.com\/avatar\/c7164ed6fdec453195284ad24a5ae5b6e1eed2b848477fa2a4787ba9adf39a41?s=96&d=mm&r=g","caption":"Redacci\u00f3n QP"},"url":"https:\/\/quehacerpolitico.mx\/?author=2"}]}},"featured_image_urls":{"full":["https:\/\/quehacerpolitico.mx\/wp-content\/uploads\/2023\/06\/IMG_8234.jpeg",1284,691,false],"thumbnail":["https:\/\/quehacerpolitico.mx\/wp-content\/uploads\/2023\/06\/IMG_8234-150x150.jpeg",150,150,true],"medium":["https:\/\/quehacerpolitico.mx\/wp-content\/uploads\/2023\/06\/IMG_8234-300x161.jpeg",300,161,true],"medium_large":["https:\/\/quehacerpolitico.mx\/wp-content\/uploads\/2023\/06\/IMG_8234-768x413.jpeg",640,344,true],"large":["https:\/\/quehacerpolitico.mx\/wp-content\/uploads\/2023\/06\/IMG_8234-1024x551.jpeg",640,344,true],"1536x1536":["https:\/\/quehacerpolitico.mx\/wp-content\/uploads\/2023\/06\/IMG_8234.jpeg",1284,691,false],"2048x2048":["https:\/\/quehacerpolitico.mx\/wp-content\/uploads\/2023\/06\/IMG_8234.jpeg",1284,691,false],"covernews-featured":["https:\/\/quehacerpolitico.mx\/wp-content\/uploads\/2023\/06\/IMG_8234.jpeg",1024,551,false],"covernews-medium":["https:\/\/quehacerpolitico.mx\/wp-content\/uploads\/2023\/06\/IMG_8234.jpeg",540,291,false]},"author_info":{"display_name":"Redacci\u00f3n QP","author_link":"https:\/\/quehacerpolitico.mx\/?author=2"},"category_info":"<a href=\"https:\/\/quehacerpolitico.mx\/?cat=2\" rel=\"category\">Noticias<\/a>","tag_info":"Noticias","comment_count":"0","_links":{"self":[{"href":"https:\/\/quehacerpolitico.mx\/index.php?rest_route=\/wp\/v2\/posts\/101638","targetHints":{"allow":["GET"]}}],"collection":[{"href":"https:\/\/quehacerpolitico.mx\/index.php?rest_route=\/wp\/v2\/posts"}],"about":[{"href":"https:\/\/quehacerpolitico.mx\/index.php?rest_route=\/wp\/v2\/types\/post"}],"author":[{"embeddable":true,"href":"https:\/\/quehacerpolitico.mx\/index.php?rest_route=\/wp\/v2\/users\/2"}],"replies":[{"embeddable":true,"href":"https:\/\/quehacerpolitico.mx\/index.php?rest_route=%2Fwp%2Fv2%2Fcomments&post=101638"}],"version-history":[{"count":1,"href":"https:\/\/quehacerpolitico.mx\/index.php?rest_route=\/wp\/v2\/posts\/101638\/revisions"}],"predecessor-version":[{"id":101640,"href":"https:\/\/quehacerpolitico.mx\/index.php?rest_route=\/wp\/v2\/posts\/101638\/revisions\/101640"}],"wp:featuredmedia":[{"embeddable":true,"href":"https:\/\/quehacerpolitico.mx\/index.php?rest_route=\/wp\/v2\/media\/101639"}],"wp:attachment":[{"href":"https:\/\/quehacerpolitico.mx\/index.php?rest_route=%2Fwp%2Fv2%2Fmedia&parent=101638"}],"wp:term":[{"taxonomy":"category","embeddable":true,"href":"https:\/\/quehacerpolitico.mx\/index.php?rest_route=%2Fwp%2Fv2%2Fcategories&post=101638"},{"taxonomy":"post_tag","embeddable":true,"href":"https:\/\/quehacerpolitico.mx\/index.php?rest_route=%2Fwp%2Fv2%2Ftags&post=101638"}],"curies":[{"name":"wp","href":"https:\/\/api.w.org\/{rel}","templated":true}]}}