{"id":101613,"date":"2023-06-04T23:14:43","date_gmt":"2023-06-04T23:14:43","guid":{"rendered":"https:\/\/quehacerpolitico.mx\/?p=101613"},"modified":"2023-06-04T23:14:47","modified_gmt":"2023-06-04T23:14:47","slug":"seleccion-mexicana-femenil-se-corona-en-el-premundial-sub-20-de-concacaf","status":"publish","type":"post","link":"https:\/\/quehacerpolitico.mx\/?p=101613","title":{"rendered":"Selecci\u00f3n Mexicana femenil se corona en el Premundial Sub-20 de Concacaf"},"content":{"rendered":"\n<p>Por Redacci\u00f3n QP<\/p>\n\n\n\n<p>En los \u00faltimos minutos de partido, el conjunto tricolor femenil\u00a0conquist\u00f3 el premundial al conseguir una victoria 2-1 sobre Estados Unidos<\/p>\n\n\n\n<p><strong>La Selecci\u00f3n Mexicana Femenil Sub-20 logr\u00f3 los dos objetivos en el premundial de Concacaf,<\/strong>obtener el boleto al Mundial y proclamarse campeonas del certamen.<\/p>\n\n\n\n<p>La escuadra que dirige por Ana Galindo conquist\u00f3 el premundial al conseguir una victoria 2-1 sobre Estados Unidos en los \u00faltimos minutos del partido.<\/p>\n\n\n\n<figure class=\"wp-block-embed is-type-rich is-provider-twitter wp-block-embed-twitter\"><div class=\"wp-block-embed__wrapper\">\n<blockquote class=\"twitter-tweet\" data-width=\"550\" data-dnt=\"true\"><p lang=\"es\" dir=\"ltr\">\ud83d\udc40 \u00a1No te pierdas las mejores jugadas de la Final <a href=\"https:\/\/twitter.com\/hashtag\/CWU20C?src=hash&amp;ref_src=twsrc%5Etfw\">#CWU20C<\/a>, donde <a href=\"https:\/\/twitter.com\/Miseleccionfem?ref_src=twsrc%5Etfw\">@Miseleccionfem<\/a> \ud83c\uddf2\ud83c\uddfd se coron\u00f3 campeona del certamen al derrotar a <a href=\"https:\/\/twitter.com\/USYNT?ref_src=twsrc%5Etfw\">@USYNT<\/a> \ud83c\uddfa\ud83c\uddf8! \ud83d\udcfa<br><br>\ud83d\udcf0 Cr\u00f3nica del partido <a href=\"https:\/\/t.co\/XahBvQNiDL\">https:\/\/t.co\/XahBvQNiDL<\/a> \ud83d\udc48 <a href=\"https:\/\/t.co\/NrZFEJZfxY\">pic.twitter.com\/NrZFEJZfxY<\/a><\/p>&mdash; Concacaf W (@ConcacafW) <a href=\"https:\/\/twitter.com\/ConcacafW\/status\/1665489127452835840?ref_src=twsrc%5Etfw\">June 4, 2023<\/a><\/blockquote><script async src=\"https:\/\/platform.twitter.com\/widgets.js\" charset=\"utf-8\"><\/script>\n<\/div><\/figure>\n\n\n\n<p>La arquera mexicana Iztel Velasco hab\u00eda sido la figura del partido, esto tras parar un penalti al minuto 52.<\/p>\n\n\n\n<p><strong>A los 71 minutos del encuentro Mailin Orozco abri\u00f3 el marcador para M\u00e9xico,<\/strong>&nbsp;luego de un pase filtrado pudo definir entre cuatro rivales.<\/p>\n\n\n\n<p>Posteriormente, llegaron los momentos de nerviosismo, porque al minuto 80 lleg\u00f3 el empate de Estados Unidos.<\/p>\n\n\n\n<figure class=\"wp-block-image size-large\"><img loading=\"lazy\" decoding=\"async\" width=\"1024\" height=\"982\" src=\"https:\/\/quehacerpolitico.mx\/wp-content\/uploads\/2023\/06\/image-19-1024x982.jpeg\" alt=\"\" class=\"wp-image-101616\" srcset=\"https:\/\/quehacerpolitico.mx\/wp-content\/uploads\/2023\/06\/image-19-1024x982.jpeg 1024w, https:\/\/quehacerpolitico.mx\/wp-content\/uploads\/2023\/06\/image-19-300x288.jpeg 300w, https:\/\/quehacerpolitico.mx\/wp-content\/uploads\/2023\/06\/image-19-768x736.jpeg 768w, https:\/\/quehacerpolitico.mx\/wp-content\/uploads\/2023\/06\/image-19-1536x1472.jpeg 1536w, https:\/\/quehacerpolitico.mx\/wp-content\/uploads\/2023\/06\/image-19-152x146.jpeg 152w, https:\/\/quehacerpolitico.mx\/wp-content\/uploads\/2023\/06\/image-19-50x48.jpeg 50w, https:\/\/quehacerpolitico.mx\/wp-content\/uploads\/2023\/06\/image-19-78x75.jpeg 78w, https:\/\/quehacerpolitico.mx\/wp-content\/uploads\/2023\/06\/image-19.jpeg 2048w\" sizes=\"auto, (max-width: 1024px) 100vw, 1024px\" \/><\/figure>\n\n\n\n<figure class=\"wp-block-image size-full\"><img loading=\"lazy\" decoding=\"async\" width=\"355\" height=\"223\" src=\"https:\/\/quehacerpolitico.mx\/wp-content\/uploads\/2023\/06\/image-18.jpeg\" alt=\"\" class=\"wp-image-101615\" srcset=\"https:\/\/quehacerpolitico.mx\/wp-content\/uploads\/2023\/06\/image-18.jpeg 355w, https:\/\/quehacerpolitico.mx\/wp-content\/uploads\/2023\/06\/image-18-300x188.jpeg 300w, https:\/\/quehacerpolitico.mx\/wp-content\/uploads\/2023\/06\/image-18-232x146.jpeg 232w, https:\/\/quehacerpolitico.mx\/wp-content\/uploads\/2023\/06\/image-18-50x31.jpeg 50w, https:\/\/quehacerpolitico.mx\/wp-content\/uploads\/2023\/06\/image-18-119x75.jpeg 119w\" sizes=\"auto, (max-width: 355px) 100vw, 355px\" \/><\/figure>\n\n\n\n<p>Fue la capitana F\u00e1tima Serv\u00edn quien se encarg\u00f3 de concretar la victoria 2-1 del Tricolor sobre la escuadra de Las Barras y las Estrellas, luego de una serie de rebotes en el \u00e1rea le cay\u00f3 el bal\u00f3n y remat\u00f3 para concretar la victoria. Al final del encuentro, F\u00e1tima explic\u00f3 c\u00f3mo llegaron a este resultado.<\/p>\n\n\n\n<p><strong>&#8220;Al final las piernas ya no daban, lo dimos todo, creo que el coraz\u00f3n fue lo que sac\u00f3 esto.<\/strong>\u00a0Esto es M\u00e9xico, M\u00e9xico deja todo y aqu\u00ed se demostr\u00f3&#8221;, expres\u00f3 la capitana de la Selecci\u00f3n Mexicana.<\/p>\n\n\n\n<figure class=\"wp-block-embed is-type-rich is-provider-twitter wp-block-embed-twitter\"><div class=\"wp-block-embed__wrapper\">\n<blockquote class=\"twitter-tweet\" data-width=\"550\" data-dnt=\"true\"><p lang=\"es\" dir=\"ltr\"><a href=\"https:\/\/twitter.com\/hashtag\/Sub20Fem?src=hash&amp;ref_src=twsrc%5Etfw\">#Sub20Fem<\/a> \u00a1M\u00e9xico, somos CAMPEONAS del Campeonato Femenino de Concacaf! \ud83c\udfc6 \ud83c\uddf2\ud83c\uddfd<a href=\"https:\/\/twitter.com\/hashtag\/TuCanchaLaEligesT%C3%BA?src=hash&amp;ref_src=twsrc%5Etfw\">#TuCanchaLaEligesT\u00fa<\/a> I <a href=\"https:\/\/twitter.com\/hashtag\/CWU20C?src=hash&amp;ref_src=twsrc%5Etfw\">#CWU20C<\/a> <a href=\"https:\/\/t.co\/Y7oAL8qGpD\">https:\/\/t.co\/Y7oAL8qGpD<\/a><\/p>&mdash; Selecci\u00f3n Nacional de M\u00e9xico Femenil (@Miseleccionfem) <a href=\"https:\/\/twitter.com\/Miseleccionfem\/status\/1665475441866555392?ref_src=twsrc%5Etfw\">June 4, 2023<\/a><\/blockquote><script async src=\"https:\/\/platform.twitter.com\/widgets.js\" charset=\"utf-8\"><\/script>\n<\/div><\/figure>\n\n\n\n<p>Esta es la segunda ocasi\u00f3n que M\u00e9xico consigue ganar el premundial Sub-20, la primera ocasi\u00f3n ocurri\u00f3 en 2018.<\/p>\n\n\n\n<p>Con informaci\u00f3n de SUN <\/p>\n","protected":false},"excerpt":{"rendered":"<p>Por Redacci\u00f3n QP En los \u00faltimos minutos de partido, el conjunto tricolor femenil\u00a0conquist\u00f3 el premundial&#8230;<\/p>\n","protected":false},"author":2,"featured_media":101614,"comment_status":"open","ping_status":"open","sticky":false,"template":"","format":"standard","meta":{"_monsterinsights_skip_tracking":false,"_monsterinsights_sitenote_active":false,"_monsterinsights_sitenote_note":"","_monsterinsights_sitenote_category":0,"footnotes":""},"categories":[54],"tags":[],"class_list":["post-101613","post","type-post","status-publish","format-standard","has-post-thumbnail","hentry","category-deportes"],"yoast_head":"<!-- This site is optimized with the Yoast SEO plugin v27.3 - https:\/\/yoast.com\/product\/yoast-seo-wordpress\/ -->\n<title>Selecci\u00f3n Mexicana femenil se corona en el Premundial Sub-20 de Concacaf -<\/title>\n<meta name=\"robots\" content=\"index, follow, max-snippet:-1, max-image-preview:large, max-video-preview:-1\" \/>\n<link rel=\"canonical\" href=\"https:\/\/quehacerpolitico.mx\/?p=101613\" \/>\n<meta property=\"og:locale\" content=\"es_MX\" \/>\n<meta property=\"og:type\" content=\"article\" \/>\n<meta property=\"og:title\" content=\"Selecci\u00f3n Mexicana femenil se corona en el Premundial Sub-20 de Concacaf -\" \/>\n<meta property=\"og:description\" content=\"Por Redacci\u00f3n QP En los \u00faltimos minutos de partido, el conjunto tricolor femenil\u00a0conquist\u00f3 el premundial...\" \/>\n<meta property=\"og:url\" content=\"https:\/\/quehacerpolitico.mx\/?p=101613\" \/>\n<meta property=\"article:published_time\" content=\"2023-06-04T23:14:43+00:00\" \/>\n<meta property=\"article:modified_time\" content=\"2023-06-04T23:14:47+00:00\" \/>\n<meta property=\"og:image\" content=\"https:\/\/quehacerpolitico.mx\/wp-content\/uploads\/2023\/06\/IMG_8226.jpeg\" \/>\n\t<meta property=\"og:image:width\" content=\"2048\" \/>\n\t<meta property=\"og:image:height\" content=\"1366\" \/>\n\t<meta property=\"og:image:type\" content=\"image\/jpeg\" \/>\n<meta name=\"author\" content=\"Redacci\u00f3n QP\" \/>\n<meta name=\"twitter:card\" content=\"summary_large_image\" \/>\n<meta name=\"twitter:label1\" content=\"Escrito por\" \/>\n\t<meta name=\"twitter:data1\" content=\"Redacci\u00f3n QP\" \/>\n\t<meta name=\"twitter:label2\" content=\"Tiempo de lectura\" \/>\n\t<meta name=\"twitter:data2\" content=\"1 minuto\" \/>\n<script type=\"application\/ld+json\" class=\"yoast-schema-graph\">{\"@context\":\"https:\\\/\\\/schema.org\",\"@graph\":[{\"@type\":\"Article\",\"@id\":\"https:\\\/\\\/quehacerpolitico.mx\\\/?p=101613#article\",\"isPartOf\":{\"@id\":\"https:\\\/\\\/quehacerpolitico.mx\\\/?p=101613\"},\"author\":{\"name\":\"Redacci\u00f3n QP\",\"@id\":\"https:\\\/\\\/quehacerpolitico.mx\\\/#\\\/schema\\\/person\\\/496d8ad2d1d3f8036101dca7ee39e585\"},\"headline\":\"Selecci\u00f3n Mexicana femenil se corona en el Premundial Sub-20 de Concacaf\",\"datePublished\":\"2023-06-04T23:14:43+00:00\",\"dateModified\":\"2023-06-04T23:14:47+00:00\",\"mainEntityOfPage\":{\"@id\":\"https:\\\/\\\/quehacerpolitico.mx\\\/?p=101613\"},\"wordCount\":290,\"commentCount\":0,\"image\":{\"@id\":\"https:\\\/\\\/quehacerpolitico.mx\\\/?p=101613#primaryimage\"},\"thumbnailUrl\":\"https:\\\/\\\/quehacerpolitico.mx\\\/wp-content\\\/uploads\\\/2023\\\/06\\\/IMG_8226.jpeg\",\"articleSection\":[\"Deportes\"],\"inLanguage\":\"es\",\"potentialAction\":[{\"@type\":\"CommentAction\",\"name\":\"Comment\",\"target\":[\"https:\\\/\\\/quehacerpolitico.mx\\\/?p=101613#respond\"]}]},{\"@type\":\"WebPage\",\"@id\":\"https:\\\/\\\/quehacerpolitico.mx\\\/?p=101613\",\"url\":\"https:\\\/\\\/quehacerpolitico.mx\\\/?p=101613\",\"name\":\"Selecci\u00f3n Mexicana femenil se corona en el Premundial Sub-20 de Concacaf -\",\"isPartOf\":{\"@id\":\"https:\\\/\\\/quehacerpolitico.mx\\\/#website\"},\"primaryImageOfPage\":{\"@id\":\"https:\\\/\\\/quehacerpolitico.mx\\\/?p=101613#primaryimage\"},\"image\":{\"@id\":\"https:\\\/\\\/quehacerpolitico.mx\\\/?p=101613#primaryimage\"},\"thumbnailUrl\":\"https:\\\/\\\/quehacerpolitico.mx\\\/wp-content\\\/uploads\\\/2023\\\/06\\\/IMG_8226.jpeg\",\"datePublished\":\"2023-06-04T23:14:43+00:00\",\"dateModified\":\"2023-06-04T23:14:47+00:00\",\"author\":{\"@id\":\"https:\\\/\\\/quehacerpolitico.mx\\\/#\\\/schema\\\/person\\\/496d8ad2d1d3f8036101dca7ee39e585\"},\"breadcrumb\":{\"@id\":\"https:\\\/\\\/quehacerpolitico.mx\\\/?p=101613#breadcrumb\"},\"inLanguage\":\"es\",\"potentialAction\":[{\"@type\":\"ReadAction\",\"target\":[\"https:\\\/\\\/quehacerpolitico.mx\\\/?p=101613\"]}]},{\"@type\":\"ImageObject\",\"inLanguage\":\"es\",\"@id\":\"https:\\\/\\\/quehacerpolitico.mx\\\/?p=101613#primaryimage\",\"url\":\"https:\\\/\\\/quehacerpolitico.mx\\\/wp-content\\\/uploads\\\/2023\\\/06\\\/IMG_8226.jpeg\",\"contentUrl\":\"https:\\\/\\\/quehacerpolitico.mx\\\/wp-content\\\/uploads\\\/2023\\\/06\\\/IMG_8226.jpeg\",\"width\":2048,\"height\":1366},{\"@type\":\"BreadcrumbList\",\"@id\":\"https:\\\/\\\/quehacerpolitico.mx\\\/?p=101613#breadcrumb\",\"itemListElement\":[{\"@type\":\"ListItem\",\"position\":1,\"name\":\"Inicio\",\"item\":\"https:\\\/\\\/quehacerpolitico.mx\\\/\"},{\"@type\":\"ListItem\",\"position\":2,\"name\":\"Selecci\u00f3n Mexicana femenil se corona en el Premundial Sub-20 de Concacaf\"}]},{\"@type\":\"WebSite\",\"@id\":\"https:\\\/\\\/quehacerpolitico.mx\\\/#website\",\"url\":\"https:\\\/\\\/quehacerpolitico.mx\\\/\",\"name\":\"\",\"description\":\"\",\"potentialAction\":[{\"@type\":\"SearchAction\",\"target\":{\"@type\":\"EntryPoint\",\"urlTemplate\":\"https:\\\/\\\/quehacerpolitico.mx\\\/?s={search_term_string}\"},\"query-input\":{\"@type\":\"PropertyValueSpecification\",\"valueRequired\":true,\"valueName\":\"search_term_string\"}}],\"inLanguage\":\"es\"},{\"@type\":\"Person\",\"@id\":\"https:\\\/\\\/quehacerpolitico.mx\\\/#\\\/schema\\\/person\\\/496d8ad2d1d3f8036101dca7ee39e585\",\"name\":\"Redacci\u00f3n QP\",\"image\":{\"@type\":\"ImageObject\",\"inLanguage\":\"es\",\"@id\":\"https:\\\/\\\/secure.gravatar.com\\\/avatar\\\/c7164ed6fdec453195284ad24a5ae5b6e1eed2b848477fa2a4787ba9adf39a41?s=96&d=mm&r=g\",\"url\":\"https:\\\/\\\/secure.gravatar.com\\\/avatar\\\/c7164ed6fdec453195284ad24a5ae5b6e1eed2b848477fa2a4787ba9adf39a41?s=96&d=mm&r=g\",\"contentUrl\":\"https:\\\/\\\/secure.gravatar.com\\\/avatar\\\/c7164ed6fdec453195284ad24a5ae5b6e1eed2b848477fa2a4787ba9adf39a41?s=96&d=mm&r=g\",\"caption\":\"Redacci\u00f3n QP\"},\"url\":\"https:\\\/\\\/quehacerpolitico.mx\\\/?author=2\"}]}<\/script>\n<!-- \/ Yoast SEO plugin. -->","yoast_head_json":{"title":"Selecci\u00f3n Mexicana femenil se corona en el Premundial Sub-20 de Concacaf -","robots":{"index":"index","follow":"follow","max-snippet":"max-snippet:-1","max-image-preview":"max-image-preview:large","max-video-preview":"max-video-preview:-1"},"canonical":"https:\/\/quehacerpolitico.mx\/?p=101613","og_locale":"es_MX","og_type":"article","og_title":"Selecci\u00f3n Mexicana femenil se corona en el Premundial Sub-20 de Concacaf -","og_description":"Por Redacci\u00f3n QP En los \u00faltimos minutos de partido, el conjunto tricolor femenil\u00a0conquist\u00f3 el premundial...","og_url":"https:\/\/quehacerpolitico.mx\/?p=101613","article_published_time":"2023-06-04T23:14:43+00:00","article_modified_time":"2023-06-04T23:14:47+00:00","og_image":[{"width":2048,"height":1366,"url":"https:\/\/quehacerpolitico.mx\/wp-content\/uploads\/2023\/06\/IMG_8226.jpeg","type":"image\/jpeg"}],"author":"Redacci\u00f3n QP","twitter_card":"summary_large_image","twitter_misc":{"Escrito por":"Redacci\u00f3n QP","Tiempo de lectura":"1 minuto"},"schema":{"@context":"https:\/\/schema.org","@graph":[{"@type":"Article","@id":"https:\/\/quehacerpolitico.mx\/?p=101613#article","isPartOf":{"@id":"https:\/\/quehacerpolitico.mx\/?p=101613"},"author":{"name":"Redacci\u00f3n QP","@id":"https:\/\/quehacerpolitico.mx\/#\/schema\/person\/496d8ad2d1d3f8036101dca7ee39e585"},"headline":"Selecci\u00f3n Mexicana femenil se corona en el Premundial Sub-20 de Concacaf","datePublished":"2023-06-04T23:14:43+00:00","dateModified":"2023-06-04T23:14:47+00:00","mainEntityOfPage":{"@id":"https:\/\/quehacerpolitico.mx\/?p=101613"},"wordCount":290,"commentCount":0,"image":{"@id":"https:\/\/quehacerpolitico.mx\/?p=101613#primaryimage"},"thumbnailUrl":"https:\/\/quehacerpolitico.mx\/wp-content\/uploads\/2023\/06\/IMG_8226.jpeg","articleSection":["Deportes"],"inLanguage":"es","potentialAction":[{"@type":"CommentAction","name":"Comment","target":["https:\/\/quehacerpolitico.mx\/?p=101613#respond"]}]},{"@type":"WebPage","@id":"https:\/\/quehacerpolitico.mx\/?p=101613","url":"https:\/\/quehacerpolitico.mx\/?p=101613","name":"Selecci\u00f3n Mexicana femenil se corona en el Premundial Sub-20 de Concacaf -","isPartOf":{"@id":"https:\/\/quehacerpolitico.mx\/#website"},"primaryImageOfPage":{"@id":"https:\/\/quehacerpolitico.mx\/?p=101613#primaryimage"},"image":{"@id":"https:\/\/quehacerpolitico.mx\/?p=101613#primaryimage"},"thumbnailUrl":"https:\/\/quehacerpolitico.mx\/wp-content\/uploads\/2023\/06\/IMG_8226.jpeg","datePublished":"2023-06-04T23:14:43+00:00","dateModified":"2023-06-04T23:14:47+00:00","author":{"@id":"https:\/\/quehacerpolitico.mx\/#\/schema\/person\/496d8ad2d1d3f8036101dca7ee39e585"},"breadcrumb":{"@id":"https:\/\/quehacerpolitico.mx\/?p=101613#breadcrumb"},"inLanguage":"es","potentialAction":[{"@type":"ReadAction","target":["https:\/\/quehacerpolitico.mx\/?p=101613"]}]},{"@type":"ImageObject","inLanguage":"es","@id":"https:\/\/quehacerpolitico.mx\/?p=101613#primaryimage","url":"https:\/\/quehacerpolitico.mx\/wp-content\/uploads\/2023\/06\/IMG_8226.jpeg","contentUrl":"https:\/\/quehacerpolitico.mx\/wp-content\/uploads\/2023\/06\/IMG_8226.jpeg","width":2048,"height":1366},{"@type":"BreadcrumbList","@id":"https:\/\/quehacerpolitico.mx\/?p=101613#breadcrumb","itemListElement":[{"@type":"ListItem","position":1,"name":"Inicio","item":"https:\/\/quehacerpolitico.mx\/"},{"@type":"ListItem","position":2,"name":"Selecci\u00f3n Mexicana femenil se corona en el Premundial Sub-20 de Concacaf"}]},{"@type":"WebSite","@id":"https:\/\/quehacerpolitico.mx\/#website","url":"https:\/\/quehacerpolitico.mx\/","name":"","description":"","potentialAction":[{"@type":"SearchAction","target":{"@type":"EntryPoint","urlTemplate":"https:\/\/quehacerpolitico.mx\/?s={search_term_string}"},"query-input":{"@type":"PropertyValueSpecification","valueRequired":true,"valueName":"search_term_string"}}],"inLanguage":"es"},{"@type":"Person","@id":"https:\/\/quehacerpolitico.mx\/#\/schema\/person\/496d8ad2d1d3f8036101dca7ee39e585","name":"Redacci\u00f3n QP","image":{"@type":"ImageObject","inLanguage":"es","@id":"https:\/\/secure.gravatar.com\/avatar\/c7164ed6fdec453195284ad24a5ae5b6e1eed2b848477fa2a4787ba9adf39a41?s=96&d=mm&r=g","url":"https:\/\/secure.gravatar.com\/avatar\/c7164ed6fdec453195284ad24a5ae5b6e1eed2b848477fa2a4787ba9adf39a41?s=96&d=mm&r=g","contentUrl":"https:\/\/secure.gravatar.com\/avatar\/c7164ed6fdec453195284ad24a5ae5b6e1eed2b848477fa2a4787ba9adf39a41?s=96&d=mm&r=g","caption":"Redacci\u00f3n QP"},"url":"https:\/\/quehacerpolitico.mx\/?author=2"}]}},"featured_image_urls":{"full":["https:\/\/quehacerpolitico.mx\/wp-content\/uploads\/2023\/06\/IMG_8226.jpeg",2048,1366,false],"thumbnail":["https:\/\/quehacerpolitico.mx\/wp-content\/uploads\/2023\/06\/IMG_8226-150x150.jpeg",150,150,true],"medium":["https:\/\/quehacerpolitico.mx\/wp-content\/uploads\/2023\/06\/IMG_8226-300x200.jpeg",300,200,true],"medium_large":["https:\/\/quehacerpolitico.mx\/wp-content\/uploads\/2023\/06\/IMG_8226-768x512.jpeg",640,427,true],"large":["https:\/\/quehacerpolitico.mx\/wp-content\/uploads\/2023\/06\/IMG_8226-1024x683.jpeg",640,427,true],"1536x1536":["https:\/\/quehacerpolitico.mx\/wp-content\/uploads\/2023\/06\/IMG_8226-1536x1025.jpeg",1536,1025,true],"2048x2048":["https:\/\/quehacerpolitico.mx\/wp-content\/uploads\/2023\/06\/IMG_8226.jpeg",2048,1366,false],"covernews-featured":["https:\/\/quehacerpolitico.mx\/wp-content\/uploads\/2023\/06\/IMG_8226.jpeg",1024,683,false],"covernews-medium":["https:\/\/quehacerpolitico.mx\/wp-content\/uploads\/2023\/06\/IMG_8226.jpeg",510,340,false]},"author_info":{"display_name":"Redacci\u00f3n QP","author_link":"https:\/\/quehacerpolitico.mx\/?author=2"},"category_info":"<a href=\"https:\/\/quehacerpolitico.mx\/?cat=54\" rel=\"category\">Deportes<\/a>","tag_info":"Deportes","comment_count":"0","_links":{"self":[{"href":"https:\/\/quehacerpolitico.mx\/index.php?rest_route=\/wp\/v2\/posts\/101613","targetHints":{"allow":["GET"]}}],"collection":[{"href":"https:\/\/quehacerpolitico.mx\/index.php?rest_route=\/wp\/v2\/posts"}],"about":[{"href":"https:\/\/quehacerpolitico.mx\/index.php?rest_route=\/wp\/v2\/types\/post"}],"author":[{"embeddable":true,"href":"https:\/\/quehacerpolitico.mx\/index.php?rest_route=\/wp\/v2\/users\/2"}],"replies":[{"embeddable":true,"href":"https:\/\/quehacerpolitico.mx\/index.php?rest_route=%2Fwp%2Fv2%2Fcomments&post=101613"}],"version-history":[{"count":1,"href":"https:\/\/quehacerpolitico.mx\/index.php?rest_route=\/wp\/v2\/posts\/101613\/revisions"}],"predecessor-version":[{"id":101617,"href":"https:\/\/quehacerpolitico.mx\/index.php?rest_route=\/wp\/v2\/posts\/101613\/revisions\/101617"}],"wp:featuredmedia":[{"embeddable":true,"href":"https:\/\/quehacerpolitico.mx\/index.php?rest_route=\/wp\/v2\/media\/101614"}],"wp:attachment":[{"href":"https:\/\/quehacerpolitico.mx\/index.php?rest_route=%2Fwp%2Fv2%2Fmedia&parent=101613"}],"wp:term":[{"taxonomy":"category","embeddable":true,"href":"https:\/\/quehacerpolitico.mx\/index.php?rest_route=%2Fwp%2Fv2%2Fcategories&post=101613"},{"taxonomy":"post_tag","embeddable":true,"href":"https:\/\/quehacerpolitico.mx\/index.php?rest_route=%2Fwp%2Fv2%2Ftags&post=101613"}],"curies":[{"name":"wp","href":"https:\/\/api.w.org\/{rel}","templated":true}]}}