{"id":101609,"date":"2023-06-04T22:45:17","date_gmt":"2023-06-04T22:45:17","guid":{"rendered":"https:\/\/quehacerpolitico.mx\/?p=101609"},"modified":"2023-06-04T22:45:20","modified_gmt":"2023-06-04T22:45:20","slug":"zlatan-ibrahimovic-se-retira-ante-fanaticos-en-el-estadio-del-ac-milan","status":"publish","type":"post","link":"https:\/\/quehacerpolitico.mx\/?p=101609","title":{"rendered":"Zlatan Ibrahimovi\u0107 se retira ante fan\u00e1ticos en el estadio del AC Milan"},"content":{"rendered":"\n<p>Por Redacci\u00f3n QP<\/p>\n\n\n\n<p>Uno de los mejores futbolistas del mundo ha colgado los botines en una emotiva y \u00e9pica despedida<\/p>\n\n\n\n<p>Hoy es un d\u00eda triste para el futbol mundial, pues se retira una de las m\u00e1ximas leyendas de los \u00faltimos tiempos: Zlatan Ibrahimovi\u0107. Un delantero que le meti\u00f3 gol a los mejores porteros, que visti\u00f3 los colores y port\u00f3 los escudos de los mejores clubes del mundo. Que fue compa\u00f1ero de Lionel Messi y fue referente en cada equipo en el que milit\u00f3.<\/p>\n\n\n\n<p>El futbolista sueco de 41 a\u00f1os podr\u00eda haberse convertido, al cierre de su carrera, en el m\u00e1s longevo en disputar la UEFA Champions League, sin embargo, no fue registrado a tiempo. Uno de los pocos que volvi\u00f3 a la \u00e9lite porque el futbol norteamericano le qued\u00f3 chico. As\u00ed, como los grandes, se despide del futbol el mejor delantero que ha nacido Suecia.<\/p>\n\n\n\n<p>Zlatan Ibrahimovi\u0107 se retira del futbol profesional frente a los aficionados del AC Milan El artillero que port\u00f3 el n\u00famero 11 en su \u00faltima aventura en el AC Milan, logr\u00f3 convertirse en uno de los delanteros hist\u00f3ricos no s\u00f3lo de Italia, sino del deporte en toda su historia. Zlatan debut\u00f3 en el Malm\u00f6 F. F. y pronto el futbol profesional sueco le qued\u00f3 chico, migrando a Ajax r\u00e1pidamente. Ah\u00ed, comenz\u00f3 a deslumbrar a toda Europa, siendo un delantero cuyas habilidades estaban fuera de lo visto hasta entonces. Despu\u00e9s de eso, visti\u00f3 varias de las mejores camisetas del mundo, siendo Juventus, Inter de Mil\u00e1n, FC Barcelona, AC Milan, PSG y Manchester United sus pr\u00f3ximas casas. Luego de demostrar durante a\u00f1os su val\u00eda, lleg\u00f3 al LA Galaxy para convertirse en una de sus m\u00e1s grandes figuras, un nivel que le vali\u00f3 el poder retornar al futbol de \u00e9lite, algo que ni el propio David Beckham o Andr\u00e9s Iniesta pudieron conseguir. As\u00ed, con toda esta trayectoria a sus espaldas, Zlatan se despidi\u00f3 en el Estadio Giuseppe Meazza de San Siro con la cabeza en alto, como uno de los m\u00e1s grandes de la historia: &#8220;Es el momento de decir adi\u00f3s al futbol, pero no a ustedes&#8221;, se\u00f1al\u00f3 al micr\u00f3fono. &#8220;Es muy dif\u00edcil, son muchas emociones las que siento&#8221;. &#8220;Fuerza Milan y adi\u00f3s&#8221;, finaliz\u00f3, mientras sus compa\u00f1eros de equipo y todo el estadio lo ovacionaron de pie.<\/p>\n\n\n\n<figure class=\"wp-block-embed is-type-rich is-provider-twitter wp-block-embed-twitter\"><div class=\"wp-block-embed__wrapper\">\n<blockquote class=\"twitter-tweet\" data-width=\"550\" data-dnt=\"true\"><p lang=\"en\" dir=\"ltr\">Zlatan Ibrahimovi\u0107:<br><br>&quot;The time has arrived to say goodbye&quot;.<br><br>We will miss you, forever and \ud835\udc00\ud835\udc0b\ud835\udc16\ud835\udc00\ud835\udc08\ud835\udc19\u2764\ufe0f\ud83d\udda4<br><br>Good luck in retirement \ud83d\udc4f <a href=\"https:\/\/t.co\/vF0w3kCKU9\">pic.twitter.com\/vF0w3kCKU9<\/a><\/p>&mdash; Lega Serie A (@SerieA_EN) <a href=\"https:\/\/twitter.com\/SerieA_EN\/status\/1665471058319908865?ref_src=twsrc%5Etfw\">June 4, 2023<\/a><\/blockquote><script async src=\"https:\/\/platform.twitter.com\/widgets.js\" charset=\"utf-8\"><\/script>\n<\/div><\/figure>\n\n\n\n<p>Con Informaci\u00f3n de Medio Tiempo<\/p>\n","protected":false},"excerpt":{"rendered":"<p>Por Redacci\u00f3n QP Uno de los mejores futbolistas del mundo ha colgado los botines en&#8230;<\/p>\n","protected":false},"author":2,"featured_media":101611,"comment_status":"open","ping_status":"open","sticky":false,"template":"","format":"standard","meta":{"_monsterinsights_skip_tracking":false,"_monsterinsights_sitenote_active":false,"_monsterinsights_sitenote_note":"","_monsterinsights_sitenote_category":0,"footnotes":""},"categories":[54],"tags":[],"class_list":["post-101609","post","type-post","status-publish","format-standard","has-post-thumbnail","hentry","category-deportes"],"yoast_head":"<!-- This site is optimized with the Yoast SEO plugin v27.3 - https:\/\/yoast.com\/product\/yoast-seo-wordpress\/ -->\n<title>Zlatan Ibrahimovi\u0107 se retira ante fan\u00e1ticos en el estadio del AC Milan -<\/title>\n<meta name=\"robots\" content=\"index, follow, max-snippet:-1, max-image-preview:large, max-video-preview:-1\" \/>\n<link rel=\"canonical\" href=\"https:\/\/quehacerpolitico.mx\/?p=101609\" \/>\n<meta property=\"og:locale\" content=\"es_MX\" \/>\n<meta property=\"og:type\" content=\"article\" \/>\n<meta property=\"og:title\" content=\"Zlatan Ibrahimovi\u0107 se retira ante fan\u00e1ticos en el estadio del AC Milan -\" \/>\n<meta property=\"og:description\" content=\"Por Redacci\u00f3n QP Uno de los mejores futbolistas del mundo ha colgado los botines en...\" \/>\n<meta property=\"og:url\" content=\"https:\/\/quehacerpolitico.mx\/?p=101609\" \/>\n<meta property=\"article:published_time\" content=\"2023-06-04T22:45:17+00:00\" \/>\n<meta property=\"article:modified_time\" content=\"2023-06-04T22:45:20+00:00\" \/>\n<meta property=\"og:image\" content=\"https:\/\/quehacerpolitico.mx\/wp-content\/uploads\/2023\/06\/IMG_8224-1.jpeg\" \/>\n\t<meta property=\"og:image:width\" content=\"1284\" \/>\n\t<meta property=\"og:image:height\" content=\"707\" \/>\n\t<meta property=\"og:image:type\" content=\"image\/jpeg\" \/>\n<meta name=\"author\" content=\"Redacci\u00f3n QP\" \/>\n<meta name=\"twitter:card\" content=\"summary_large_image\" \/>\n<meta name=\"twitter:label1\" content=\"Escrito por\" \/>\n\t<meta name=\"twitter:data1\" content=\"Redacci\u00f3n QP\" \/>\n\t<meta name=\"twitter:label2\" content=\"Tiempo de lectura\" \/>\n\t<meta name=\"twitter:data2\" content=\"2 minutos\" \/>\n<script type=\"application\/ld+json\" class=\"yoast-schema-graph\">{\"@context\":\"https:\\\/\\\/schema.org\",\"@graph\":[{\"@type\":\"Article\",\"@id\":\"https:\\\/\\\/quehacerpolitico.mx\\\/?p=101609#article\",\"isPartOf\":{\"@id\":\"https:\\\/\\\/quehacerpolitico.mx\\\/?p=101609\"},\"author\":{\"name\":\"Redacci\u00f3n QP\",\"@id\":\"https:\\\/\\\/quehacerpolitico.mx\\\/#\\\/schema\\\/person\\\/496d8ad2d1d3f8036101dca7ee39e585\"},\"headline\":\"Zlatan Ibrahimovi\u0107 se retira ante fan\u00e1ticos en el estadio del AC Milan\",\"datePublished\":\"2023-06-04T22:45:17+00:00\",\"dateModified\":\"2023-06-04T22:45:20+00:00\",\"mainEntityOfPage\":{\"@id\":\"https:\\\/\\\/quehacerpolitico.mx\\\/?p=101609\"},\"wordCount\":432,\"commentCount\":0,\"image\":{\"@id\":\"https:\\\/\\\/quehacerpolitico.mx\\\/?p=101609#primaryimage\"},\"thumbnailUrl\":\"https:\\\/\\\/quehacerpolitico.mx\\\/wp-content\\\/uploads\\\/2023\\\/06\\\/IMG_8224-1.jpeg\",\"articleSection\":[\"Deportes\"],\"inLanguage\":\"es\",\"potentialAction\":[{\"@type\":\"CommentAction\",\"name\":\"Comment\",\"target\":[\"https:\\\/\\\/quehacerpolitico.mx\\\/?p=101609#respond\"]}]},{\"@type\":\"WebPage\",\"@id\":\"https:\\\/\\\/quehacerpolitico.mx\\\/?p=101609\",\"url\":\"https:\\\/\\\/quehacerpolitico.mx\\\/?p=101609\",\"name\":\"Zlatan Ibrahimovi\u0107 se retira ante fan\u00e1ticos en el estadio del AC Milan -\",\"isPartOf\":{\"@id\":\"https:\\\/\\\/quehacerpolitico.mx\\\/#website\"},\"primaryImageOfPage\":{\"@id\":\"https:\\\/\\\/quehacerpolitico.mx\\\/?p=101609#primaryimage\"},\"image\":{\"@id\":\"https:\\\/\\\/quehacerpolitico.mx\\\/?p=101609#primaryimage\"},\"thumbnailUrl\":\"https:\\\/\\\/quehacerpolitico.mx\\\/wp-content\\\/uploads\\\/2023\\\/06\\\/IMG_8224-1.jpeg\",\"datePublished\":\"2023-06-04T22:45:17+00:00\",\"dateModified\":\"2023-06-04T22:45:20+00:00\",\"author\":{\"@id\":\"https:\\\/\\\/quehacerpolitico.mx\\\/#\\\/schema\\\/person\\\/496d8ad2d1d3f8036101dca7ee39e585\"},\"breadcrumb\":{\"@id\":\"https:\\\/\\\/quehacerpolitico.mx\\\/?p=101609#breadcrumb\"},\"inLanguage\":\"es\",\"potentialAction\":[{\"@type\":\"ReadAction\",\"target\":[\"https:\\\/\\\/quehacerpolitico.mx\\\/?p=101609\"]}]},{\"@type\":\"ImageObject\",\"inLanguage\":\"es\",\"@id\":\"https:\\\/\\\/quehacerpolitico.mx\\\/?p=101609#primaryimage\",\"url\":\"https:\\\/\\\/quehacerpolitico.mx\\\/wp-content\\\/uploads\\\/2023\\\/06\\\/IMG_8224-1.jpeg\",\"contentUrl\":\"https:\\\/\\\/quehacerpolitico.mx\\\/wp-content\\\/uploads\\\/2023\\\/06\\\/IMG_8224-1.jpeg\",\"width\":1284,\"height\":707},{\"@type\":\"BreadcrumbList\",\"@id\":\"https:\\\/\\\/quehacerpolitico.mx\\\/?p=101609#breadcrumb\",\"itemListElement\":[{\"@type\":\"ListItem\",\"position\":1,\"name\":\"Inicio\",\"item\":\"https:\\\/\\\/quehacerpolitico.mx\\\/\"},{\"@type\":\"ListItem\",\"position\":2,\"name\":\"Zlatan Ibrahimovi\u0107 se retira ante fan\u00e1ticos en el estadio del AC Milan\"}]},{\"@type\":\"WebSite\",\"@id\":\"https:\\\/\\\/quehacerpolitico.mx\\\/#website\",\"url\":\"https:\\\/\\\/quehacerpolitico.mx\\\/\",\"name\":\"\",\"description\":\"\",\"potentialAction\":[{\"@type\":\"SearchAction\",\"target\":{\"@type\":\"EntryPoint\",\"urlTemplate\":\"https:\\\/\\\/quehacerpolitico.mx\\\/?s={search_term_string}\"},\"query-input\":{\"@type\":\"PropertyValueSpecification\",\"valueRequired\":true,\"valueName\":\"search_term_string\"}}],\"inLanguage\":\"es\"},{\"@type\":\"Person\",\"@id\":\"https:\\\/\\\/quehacerpolitico.mx\\\/#\\\/schema\\\/person\\\/496d8ad2d1d3f8036101dca7ee39e585\",\"name\":\"Redacci\u00f3n QP\",\"image\":{\"@type\":\"ImageObject\",\"inLanguage\":\"es\",\"@id\":\"https:\\\/\\\/secure.gravatar.com\\\/avatar\\\/c7164ed6fdec453195284ad24a5ae5b6e1eed2b848477fa2a4787ba9adf39a41?s=96&d=mm&r=g\",\"url\":\"https:\\\/\\\/secure.gravatar.com\\\/avatar\\\/c7164ed6fdec453195284ad24a5ae5b6e1eed2b848477fa2a4787ba9adf39a41?s=96&d=mm&r=g\",\"contentUrl\":\"https:\\\/\\\/secure.gravatar.com\\\/avatar\\\/c7164ed6fdec453195284ad24a5ae5b6e1eed2b848477fa2a4787ba9adf39a41?s=96&d=mm&r=g\",\"caption\":\"Redacci\u00f3n QP\"},\"url\":\"https:\\\/\\\/quehacerpolitico.mx\\\/?author=2\"}]}<\/script>\n<!-- \/ Yoast SEO plugin. -->","yoast_head_json":{"title":"Zlatan Ibrahimovi\u0107 se retira ante fan\u00e1ticos en el estadio del AC Milan -","robots":{"index":"index","follow":"follow","max-snippet":"max-snippet:-1","max-image-preview":"max-image-preview:large","max-video-preview":"max-video-preview:-1"},"canonical":"https:\/\/quehacerpolitico.mx\/?p=101609","og_locale":"es_MX","og_type":"article","og_title":"Zlatan Ibrahimovi\u0107 se retira ante fan\u00e1ticos en el estadio del AC Milan -","og_description":"Por Redacci\u00f3n QP Uno de los mejores futbolistas del mundo ha colgado los botines en...","og_url":"https:\/\/quehacerpolitico.mx\/?p=101609","article_published_time":"2023-06-04T22:45:17+00:00","article_modified_time":"2023-06-04T22:45:20+00:00","og_image":[{"width":1284,"height":707,"url":"https:\/\/quehacerpolitico.mx\/wp-content\/uploads\/2023\/06\/IMG_8224-1.jpeg","type":"image\/jpeg"}],"author":"Redacci\u00f3n QP","twitter_card":"summary_large_image","twitter_misc":{"Escrito por":"Redacci\u00f3n QP","Tiempo de lectura":"2 minutos"},"schema":{"@context":"https:\/\/schema.org","@graph":[{"@type":"Article","@id":"https:\/\/quehacerpolitico.mx\/?p=101609#article","isPartOf":{"@id":"https:\/\/quehacerpolitico.mx\/?p=101609"},"author":{"name":"Redacci\u00f3n QP","@id":"https:\/\/quehacerpolitico.mx\/#\/schema\/person\/496d8ad2d1d3f8036101dca7ee39e585"},"headline":"Zlatan Ibrahimovi\u0107 se retira ante fan\u00e1ticos en el estadio del AC Milan","datePublished":"2023-06-04T22:45:17+00:00","dateModified":"2023-06-04T22:45:20+00:00","mainEntityOfPage":{"@id":"https:\/\/quehacerpolitico.mx\/?p=101609"},"wordCount":432,"commentCount":0,"image":{"@id":"https:\/\/quehacerpolitico.mx\/?p=101609#primaryimage"},"thumbnailUrl":"https:\/\/quehacerpolitico.mx\/wp-content\/uploads\/2023\/06\/IMG_8224-1.jpeg","articleSection":["Deportes"],"inLanguage":"es","potentialAction":[{"@type":"CommentAction","name":"Comment","target":["https:\/\/quehacerpolitico.mx\/?p=101609#respond"]}]},{"@type":"WebPage","@id":"https:\/\/quehacerpolitico.mx\/?p=101609","url":"https:\/\/quehacerpolitico.mx\/?p=101609","name":"Zlatan Ibrahimovi\u0107 se retira ante fan\u00e1ticos en el estadio del AC Milan -","isPartOf":{"@id":"https:\/\/quehacerpolitico.mx\/#website"},"primaryImageOfPage":{"@id":"https:\/\/quehacerpolitico.mx\/?p=101609#primaryimage"},"image":{"@id":"https:\/\/quehacerpolitico.mx\/?p=101609#primaryimage"},"thumbnailUrl":"https:\/\/quehacerpolitico.mx\/wp-content\/uploads\/2023\/06\/IMG_8224-1.jpeg","datePublished":"2023-06-04T22:45:17+00:00","dateModified":"2023-06-04T22:45:20+00:00","author":{"@id":"https:\/\/quehacerpolitico.mx\/#\/schema\/person\/496d8ad2d1d3f8036101dca7ee39e585"},"breadcrumb":{"@id":"https:\/\/quehacerpolitico.mx\/?p=101609#breadcrumb"},"inLanguage":"es","potentialAction":[{"@type":"ReadAction","target":["https:\/\/quehacerpolitico.mx\/?p=101609"]}]},{"@type":"ImageObject","inLanguage":"es","@id":"https:\/\/quehacerpolitico.mx\/?p=101609#primaryimage","url":"https:\/\/quehacerpolitico.mx\/wp-content\/uploads\/2023\/06\/IMG_8224-1.jpeg","contentUrl":"https:\/\/quehacerpolitico.mx\/wp-content\/uploads\/2023\/06\/IMG_8224-1.jpeg","width":1284,"height":707},{"@type":"BreadcrumbList","@id":"https:\/\/quehacerpolitico.mx\/?p=101609#breadcrumb","itemListElement":[{"@type":"ListItem","position":1,"name":"Inicio","item":"https:\/\/quehacerpolitico.mx\/"},{"@type":"ListItem","position":2,"name":"Zlatan Ibrahimovi\u0107 se retira ante fan\u00e1ticos en el estadio del AC Milan"}]},{"@type":"WebSite","@id":"https:\/\/quehacerpolitico.mx\/#website","url":"https:\/\/quehacerpolitico.mx\/","name":"","description":"","potentialAction":[{"@type":"SearchAction","target":{"@type":"EntryPoint","urlTemplate":"https:\/\/quehacerpolitico.mx\/?s={search_term_string}"},"query-input":{"@type":"PropertyValueSpecification","valueRequired":true,"valueName":"search_term_string"}}],"inLanguage":"es"},{"@type":"Person","@id":"https:\/\/quehacerpolitico.mx\/#\/schema\/person\/496d8ad2d1d3f8036101dca7ee39e585","name":"Redacci\u00f3n QP","image":{"@type":"ImageObject","inLanguage":"es","@id":"https:\/\/secure.gravatar.com\/avatar\/c7164ed6fdec453195284ad24a5ae5b6e1eed2b848477fa2a4787ba9adf39a41?s=96&d=mm&r=g","url":"https:\/\/secure.gravatar.com\/avatar\/c7164ed6fdec453195284ad24a5ae5b6e1eed2b848477fa2a4787ba9adf39a41?s=96&d=mm&r=g","contentUrl":"https:\/\/secure.gravatar.com\/avatar\/c7164ed6fdec453195284ad24a5ae5b6e1eed2b848477fa2a4787ba9adf39a41?s=96&d=mm&r=g","caption":"Redacci\u00f3n QP"},"url":"https:\/\/quehacerpolitico.mx\/?author=2"}]}},"featured_image_urls":{"full":["https:\/\/quehacerpolitico.mx\/wp-content\/uploads\/2023\/06\/IMG_8224-1.jpeg",1284,707,false],"thumbnail":["https:\/\/quehacerpolitico.mx\/wp-content\/uploads\/2023\/06\/IMG_8224-1-150x150.jpeg",150,150,true],"medium":["https:\/\/quehacerpolitico.mx\/wp-content\/uploads\/2023\/06\/IMG_8224-1-300x165.jpeg",300,165,true],"medium_large":["https:\/\/quehacerpolitico.mx\/wp-content\/uploads\/2023\/06\/IMG_8224-1-768x423.jpeg",640,353,true],"large":["https:\/\/quehacerpolitico.mx\/wp-content\/uploads\/2023\/06\/IMG_8224-1-1024x564.jpeg",640,353,true],"1536x1536":["https:\/\/quehacerpolitico.mx\/wp-content\/uploads\/2023\/06\/IMG_8224-1.jpeg",1284,707,false],"2048x2048":["https:\/\/quehacerpolitico.mx\/wp-content\/uploads\/2023\/06\/IMG_8224-1.jpeg",1284,707,false],"covernews-featured":["https:\/\/quehacerpolitico.mx\/wp-content\/uploads\/2023\/06\/IMG_8224-1.jpeg",1024,564,false],"covernews-medium":["https:\/\/quehacerpolitico.mx\/wp-content\/uploads\/2023\/06\/IMG_8224-1.jpeg",540,297,false]},"author_info":{"display_name":"Redacci\u00f3n QP","author_link":"https:\/\/quehacerpolitico.mx\/?author=2"},"category_info":"<a href=\"https:\/\/quehacerpolitico.mx\/?cat=54\" rel=\"category\">Deportes<\/a>","tag_info":"Deportes","comment_count":"0","_links":{"self":[{"href":"https:\/\/quehacerpolitico.mx\/index.php?rest_route=\/wp\/v2\/posts\/101609","targetHints":{"allow":["GET"]}}],"collection":[{"href":"https:\/\/quehacerpolitico.mx\/index.php?rest_route=\/wp\/v2\/posts"}],"about":[{"href":"https:\/\/quehacerpolitico.mx\/index.php?rest_route=\/wp\/v2\/types\/post"}],"author":[{"embeddable":true,"href":"https:\/\/quehacerpolitico.mx\/index.php?rest_route=\/wp\/v2\/users\/2"}],"replies":[{"embeddable":true,"href":"https:\/\/quehacerpolitico.mx\/index.php?rest_route=%2Fwp%2Fv2%2Fcomments&post=101609"}],"version-history":[{"count":1,"href":"https:\/\/quehacerpolitico.mx\/index.php?rest_route=\/wp\/v2\/posts\/101609\/revisions"}],"predecessor-version":[{"id":101612,"href":"https:\/\/quehacerpolitico.mx\/index.php?rest_route=\/wp\/v2\/posts\/101609\/revisions\/101612"}],"wp:featuredmedia":[{"embeddable":true,"href":"https:\/\/quehacerpolitico.mx\/index.php?rest_route=\/wp\/v2\/media\/101611"}],"wp:attachment":[{"href":"https:\/\/quehacerpolitico.mx\/index.php?rest_route=%2Fwp%2Fv2%2Fmedia&parent=101609"}],"wp:term":[{"taxonomy":"category","embeddable":true,"href":"https:\/\/quehacerpolitico.mx\/index.php?rest_route=%2Fwp%2Fv2%2Fcategories&post=101609"},{"taxonomy":"post_tag","embeddable":true,"href":"https:\/\/quehacerpolitico.mx\/index.php?rest_route=%2Fwp%2Fv2%2Ftags&post=101609"}],"curies":[{"name":"wp","href":"https:\/\/api.w.org\/{rel}","templated":true}]}}