{"id":101597,"date":"2023-06-04T21:24:50","date_gmt":"2023-06-04T21:24:50","guid":{"rendered":"https:\/\/quehacerpolitico.mx\/?p=101597"},"modified":"2023-06-04T21:24:54","modified_gmt":"2023-06-04T21:24:54","slug":"fabulosos-cadillacs-abarrotan-el-zocalo-de-la-cdmx","status":"publish","type":"post","link":"https:\/\/quehacerpolitico.mx\/?p=101597","title":{"rendered":"Fabulosos Cadillacs abarrotan el Z\u00f3calo de la CDMX\u00a0"},"content":{"rendered":"\n<p>Por Redacci\u00f3n QP<\/p>\n\n\n\n<p>No import\u00f3 el mal clima ni la espera, fans de los Fabulosos Cadillacs no defraudaron y abarrotaron el Z\u00f3calo de la CDMX<\/p>\n\n\n\n<p>La noche de este s\u00e1bado, la banda de ska argentina &#8220;Los Fabulosos Cadillacs&#8221; llen\u00f3 la plancha del Z\u00f3calo capitalino\u00a0<strong>con miles de personas que esperaron varias horas\u00a0<\/strong>e incluso se mojaron por la lluvia para verlos.<\/p>\n\n\n\n<figure class=\"wp-block-embed is-type-video is-provider-youtube wp-block-embed-youtube wp-embed-aspect-16-9 wp-has-aspect-ratio\"><div class=\"wp-block-embed__wrapper\">\n<iframe loading=\"lazy\" title=\"LFC EN VIVO ZOCALO CDMX (COMPLETO)\" width=\"640\" height=\"360\" src=\"https:\/\/www.youtube.com\/embed\/byc03-pzUzo?feature=oembed\" frameborder=\"0\" allow=\"accelerometer; autoplay; clipboard-write; encrypted-media; gyroscope; picture-in-picture; web-share\" referrerpolicy=\"strict-origin-when-cross-origin\" allowfullscreen><\/iframe>\n<\/div><\/figure>\n\n\n\n<p>La afluencia de gente fue tal, que la jefa de gobierno Claudia Sheinbaum Pardo public\u00f3 un tuit en el que instaba a las personas a ver el espect\u00e1culo desde las calles aleda\u00f1as o desde sus casas porque ya no hab\u00eda cupo.<\/p>\n\n\n\n<p><strong>&#8220;El Z\u00f3calo est\u00e1 al 100% de su capacidad.\u00a0<\/strong>Recomendamos a los asistentes al concierto de Los Fabulosos Cadillacs que disfruten el concierto en las pantallas que hemos instalado en calles aleda\u00f1as, as\u00ed como a trav\u00e9s de @Capital21&#8243;, detall\u00f3.<\/p>\n\n\n\n<p>Pese a que entonaron varios temas que fueron un \u00e9xito en sus m\u00e1s de 30 a\u00f1os de carrera, hubo varios que los asistentes corearon a todo pulm\u00f3n.<\/p>\n\n\n\n<figure class=\"wp-block-image size-large\"><img loading=\"lazy\" decoding=\"async\" width=\"1024\" height=\"575\" src=\"https:\/\/quehacerpolitico.mx\/wp-content\/uploads\/2023\/06\/image-17-1024x575.jpeg\" alt=\"\" class=\"wp-image-101600\" srcset=\"https:\/\/quehacerpolitico.mx\/wp-content\/uploads\/2023\/06\/image-17-1024x575.jpeg 1024w, https:\/\/quehacerpolitico.mx\/wp-content\/uploads\/2023\/06\/image-17-300x168.jpeg 300w, https:\/\/quehacerpolitico.mx\/wp-content\/uploads\/2023\/06\/image-17-768x431.jpeg 768w, https:\/\/quehacerpolitico.mx\/wp-content\/uploads\/2023\/06\/image-17-1536x863.jpeg 1536w, https:\/\/quehacerpolitico.mx\/wp-content\/uploads\/2023\/06\/image-17-260x146.jpeg 260w, https:\/\/quehacerpolitico.mx\/wp-content\/uploads\/2023\/06\/image-17-50x28.jpeg 50w, https:\/\/quehacerpolitico.mx\/wp-content\/uploads\/2023\/06\/image-17-134x75.jpeg 134w, https:\/\/quehacerpolitico.mx\/wp-content\/uploads\/2023\/06\/image-17-1200x675.jpeg 1200w, https:\/\/quehacerpolitico.mx\/wp-content\/uploads\/2023\/06\/image-17.jpeg 2048w\" sizes=\"auto, (max-width: 1024px) 100vw, 1024px\" \/><\/figure>\n\n\n\n<figure class=\"wp-block-image size-large\"><img loading=\"lazy\" decoding=\"async\" width=\"1024\" height=\"575\" src=\"https:\/\/quehacerpolitico.mx\/wp-content\/uploads\/2023\/06\/image-16-1024x575.jpeg\" alt=\"\" class=\"wp-image-101599\" srcset=\"https:\/\/quehacerpolitico.mx\/wp-content\/uploads\/2023\/06\/image-16-1024x575.jpeg 1024w, https:\/\/quehacerpolitico.mx\/wp-content\/uploads\/2023\/06\/image-16-300x168.jpeg 300w, https:\/\/quehacerpolitico.mx\/wp-content\/uploads\/2023\/06\/image-16-768x431.jpeg 768w, https:\/\/quehacerpolitico.mx\/wp-content\/uploads\/2023\/06\/image-16-1536x863.jpeg 1536w, https:\/\/quehacerpolitico.mx\/wp-content\/uploads\/2023\/06\/image-16-260x146.jpeg 260w, https:\/\/quehacerpolitico.mx\/wp-content\/uploads\/2023\/06\/image-16-50x28.jpeg 50w, https:\/\/quehacerpolitico.mx\/wp-content\/uploads\/2023\/06\/image-16-134x75.jpeg 134w, https:\/\/quehacerpolitico.mx\/wp-content\/uploads\/2023\/06\/image-16-1200x675.jpeg 1200w, https:\/\/quehacerpolitico.mx\/wp-content\/uploads\/2023\/06\/image-16.jpeg 2048w\" sizes=\"auto, (max-width: 1024px) 100vw, 1024px\" \/><\/figure>\n\n\n\n<figure class=\"wp-block-image size-large\"><img loading=\"lazy\" decoding=\"async\" width=\"1024\" height=\"575\" src=\"https:\/\/quehacerpolitico.mx\/wp-content\/uploads\/2023\/06\/image-15-1024x575.jpeg\" alt=\"\" class=\"wp-image-101598\" srcset=\"https:\/\/quehacerpolitico.mx\/wp-content\/uploads\/2023\/06\/image-15-1024x575.jpeg 1024w, https:\/\/quehacerpolitico.mx\/wp-content\/uploads\/2023\/06\/image-15-300x168.jpeg 300w, https:\/\/quehacerpolitico.mx\/wp-content\/uploads\/2023\/06\/image-15-768x431.jpeg 768w, https:\/\/quehacerpolitico.mx\/wp-content\/uploads\/2023\/06\/image-15-1536x863.jpeg 1536w, https:\/\/quehacerpolitico.mx\/wp-content\/uploads\/2023\/06\/image-15-260x146.jpeg 260w, https:\/\/quehacerpolitico.mx\/wp-content\/uploads\/2023\/06\/image-15-50x28.jpeg 50w, https:\/\/quehacerpolitico.mx\/wp-content\/uploads\/2023\/06\/image-15-134x75.jpeg 134w, https:\/\/quehacerpolitico.mx\/wp-content\/uploads\/2023\/06\/image-15-1200x675.jpeg 1200w, https:\/\/quehacerpolitico.mx\/wp-content\/uploads\/2023\/06\/image-15.jpeg 2048w\" sizes=\"auto, (max-width: 1024px) 100vw, 1024px\" \/><\/figure>\n\n\n\n<p>Una fue &#8220;Calaveras y diablitos&#8221;, que incluso Vicentico, el vocalista, permiti\u00f3 corear al p\u00fablico por unos minutos y aprovech\u00f3 para agradecerles su asistencia.<\/p>\n\n\n\n<p>Otra melod\u00eda que las miles de personas que estuvieron presentes hicieron resonar en la m\u00edstica noche fue &#8220;Siguiendo la Luna&#8221;, que a pesar de haberse lanzado en los noventas, sigue siendo uno de los \u00e9xitos de la banda.<\/p>\n\n\n\n<p>Por otra parte, los fan\u00e1ticos de la banda de ska gritaron y bailaron con &#8220;V Centenario&#8221;, &#8220;Carnaval toda la vida&#8221;, &#8220;Mal Bicho&#8221; , &#8220;Matador&#8221; y &#8220;Vasos vac\u00edos&#8221;. Los tambores resonaban, las trompetas se escuchaban a kil\u00f3metros, as\u00ed como los gritos de las miles de personas que luc\u00edan emocionadas por presenciar el espect\u00e1culo de la legendaria banda argentina.<\/p>\n\n\n\n<p>Sin duda, el concierto quedar\u00e1 en la memoria de muchos; pues se notaba la felicidad en la expresi\u00f3n de las personas.<\/p>\n\n\n\n<figure class=\"wp-block-embed is-type-rich is-provider-twitter wp-block-embed-twitter\"><div class=\"wp-block-embed__wrapper\">\n<blockquote class=\"twitter-tweet\" data-width=\"550\" data-dnt=\"true\"><p lang=\"es\" dir=\"ltr\">Quiero contarles que el concierto de Los Fabulosos Cadillacs en el Z\u00f3calo fue algo impresionante.<br><br>Gracias nuevamente a los asistentes, se portaron de 10; y otra buena noticia, de acuerdo con c\u00e1lculos de la <a href=\"https:\/\/twitter.com\/SedecoCDMX?ref_src=twsrc%5Etfw\">@SedecoCDMX<\/a> el concierto gener\u00f3 una derrama econ\u00f3mica de cerca de 980\u2026 <a href=\"https:\/\/t.co\/fmV6yMRrul\">pic.twitter.com\/fmV6yMRrul<\/a><\/p>&mdash; Claudia Sheinbaum Pardo (@Claudiashein) <a href=\"https:\/\/twitter.com\/Claudiashein\/status\/1665411185745747969?ref_src=twsrc%5Etfw\">June 4, 2023<\/a><\/blockquote><script async src=\"https:\/\/platform.twitter.com\/widgets.js\" charset=\"utf-8\"><\/script>\n<\/div><\/figure>\n\n\n\n<p>Con informaci\u00f3n de SUN <\/p>\n","protected":false},"excerpt":{"rendered":"<p>Por Redacci\u00f3n QP No import\u00f3 el mal clima ni la espera, fans de los Fabulosos&#8230;<\/p>\n","protected":false},"author":2,"featured_media":101601,"comment_status":"open","ping_status":"open","sticky":false,"template":"","format":"standard","meta":{"_monsterinsights_skip_tracking":false,"_monsterinsights_sitenote_active":false,"_monsterinsights_sitenote_note":"","_monsterinsights_sitenote_category":0,"footnotes":""},"categories":[58],"tags":[],"class_list":["post-101597","post","type-post","status-publish","format-standard","has-post-thumbnail","hentry","category-cultura"],"yoast_head":"<!-- This site is optimized with the Yoast SEO plugin v27.3 - https:\/\/yoast.com\/product\/yoast-seo-wordpress\/ -->\n<title>Fabulosos Cadillacs abarrotan el Z\u00f3calo de la CDMX\u00a0 -<\/title>\n<meta name=\"robots\" content=\"index, follow, max-snippet:-1, max-image-preview:large, max-video-preview:-1\" \/>\n<link rel=\"canonical\" href=\"https:\/\/quehacerpolitico.mx\/?p=101597\" \/>\n<meta property=\"og:locale\" content=\"es_MX\" \/>\n<meta property=\"og:type\" content=\"article\" \/>\n<meta property=\"og:title\" content=\"Fabulosos Cadillacs abarrotan el Z\u00f3calo de la CDMX\u00a0 -\" \/>\n<meta property=\"og:description\" content=\"Por Redacci\u00f3n QP No import\u00f3 el mal clima ni la espera, fans de los Fabulosos...\" \/>\n<meta property=\"og:url\" content=\"https:\/\/quehacerpolitico.mx\/?p=101597\" \/>\n<meta property=\"article:published_time\" content=\"2023-06-04T21:24:50+00:00\" \/>\n<meta property=\"article:modified_time\" content=\"2023-06-04T21:24:54+00:00\" \/>\n<meta property=\"og:image\" content=\"https:\/\/quehacerpolitico.mx\/wp-content\/uploads\/2023\/06\/IMG_8216.jpeg\" \/>\n\t<meta property=\"og:image:width\" content=\"2048\" \/>\n\t<meta property=\"og:image:height\" content=\"1150\" \/>\n\t<meta property=\"og:image:type\" content=\"image\/jpeg\" \/>\n<meta name=\"author\" content=\"Redacci\u00f3n QP\" \/>\n<meta name=\"twitter:card\" content=\"summary_large_image\" \/>\n<meta name=\"twitter:label1\" content=\"Escrito por\" \/>\n\t<meta name=\"twitter:data1\" content=\"Redacci\u00f3n QP\" \/>\n\t<meta name=\"twitter:label2\" content=\"Tiempo de lectura\" \/>\n\t<meta name=\"twitter:data2\" content=\"2 minutos\" \/>\n<script type=\"application\/ld+json\" class=\"yoast-schema-graph\">{\"@context\":\"https:\\\/\\\/schema.org\",\"@graph\":[{\"@type\":\"Article\",\"@id\":\"https:\\\/\\\/quehacerpolitico.mx\\\/?p=101597#article\",\"isPartOf\":{\"@id\":\"https:\\\/\\\/quehacerpolitico.mx\\\/?p=101597\"},\"author\":{\"name\":\"Redacci\u00f3n QP\",\"@id\":\"https:\\\/\\\/quehacerpolitico.mx\\\/#\\\/schema\\\/person\\\/496d8ad2d1d3f8036101dca7ee39e585\"},\"headline\":\"Fabulosos Cadillacs abarrotan el Z\u00f3calo de la CDMX\u00a0\",\"datePublished\":\"2023-06-04T21:24:50+00:00\",\"dateModified\":\"2023-06-04T21:24:54+00:00\",\"mainEntityOfPage\":{\"@id\":\"https:\\\/\\\/quehacerpolitico.mx\\\/?p=101597\"},\"wordCount\":355,\"commentCount\":0,\"image\":{\"@id\":\"https:\\\/\\\/quehacerpolitico.mx\\\/?p=101597#primaryimage\"},\"thumbnailUrl\":\"https:\\\/\\\/quehacerpolitico.mx\\\/wp-content\\\/uploads\\\/2023\\\/06\\\/IMG_8216.jpeg\",\"articleSection\":[\"Cultura y Entretenimiento\"],\"inLanguage\":\"es\",\"potentialAction\":[{\"@type\":\"CommentAction\",\"name\":\"Comment\",\"target\":[\"https:\\\/\\\/quehacerpolitico.mx\\\/?p=101597#respond\"]}]},{\"@type\":\"WebPage\",\"@id\":\"https:\\\/\\\/quehacerpolitico.mx\\\/?p=101597\",\"url\":\"https:\\\/\\\/quehacerpolitico.mx\\\/?p=101597\",\"name\":\"Fabulosos Cadillacs abarrotan el Z\u00f3calo de la CDMX\u00a0 -\",\"isPartOf\":{\"@id\":\"https:\\\/\\\/quehacerpolitico.mx\\\/#website\"},\"primaryImageOfPage\":{\"@id\":\"https:\\\/\\\/quehacerpolitico.mx\\\/?p=101597#primaryimage\"},\"image\":{\"@id\":\"https:\\\/\\\/quehacerpolitico.mx\\\/?p=101597#primaryimage\"},\"thumbnailUrl\":\"https:\\\/\\\/quehacerpolitico.mx\\\/wp-content\\\/uploads\\\/2023\\\/06\\\/IMG_8216.jpeg\",\"datePublished\":\"2023-06-04T21:24:50+00:00\",\"dateModified\":\"2023-06-04T21:24:54+00:00\",\"author\":{\"@id\":\"https:\\\/\\\/quehacerpolitico.mx\\\/#\\\/schema\\\/person\\\/496d8ad2d1d3f8036101dca7ee39e585\"},\"breadcrumb\":{\"@id\":\"https:\\\/\\\/quehacerpolitico.mx\\\/?p=101597#breadcrumb\"},\"inLanguage\":\"es\",\"potentialAction\":[{\"@type\":\"ReadAction\",\"target\":[\"https:\\\/\\\/quehacerpolitico.mx\\\/?p=101597\"]}]},{\"@type\":\"ImageObject\",\"inLanguage\":\"es\",\"@id\":\"https:\\\/\\\/quehacerpolitico.mx\\\/?p=101597#primaryimage\",\"url\":\"https:\\\/\\\/quehacerpolitico.mx\\\/wp-content\\\/uploads\\\/2023\\\/06\\\/IMG_8216.jpeg\",\"contentUrl\":\"https:\\\/\\\/quehacerpolitico.mx\\\/wp-content\\\/uploads\\\/2023\\\/06\\\/IMG_8216.jpeg\",\"width\":2048,\"height\":1150},{\"@type\":\"BreadcrumbList\",\"@id\":\"https:\\\/\\\/quehacerpolitico.mx\\\/?p=101597#breadcrumb\",\"itemListElement\":[{\"@type\":\"ListItem\",\"position\":1,\"name\":\"Inicio\",\"item\":\"https:\\\/\\\/quehacerpolitico.mx\\\/\"},{\"@type\":\"ListItem\",\"position\":2,\"name\":\"Fabulosos Cadillacs abarrotan el Z\u00f3calo de la CDMX\u00a0\"}]},{\"@type\":\"WebSite\",\"@id\":\"https:\\\/\\\/quehacerpolitico.mx\\\/#website\",\"url\":\"https:\\\/\\\/quehacerpolitico.mx\\\/\",\"name\":\"\",\"description\":\"\",\"potentialAction\":[{\"@type\":\"SearchAction\",\"target\":{\"@type\":\"EntryPoint\",\"urlTemplate\":\"https:\\\/\\\/quehacerpolitico.mx\\\/?s={search_term_string}\"},\"query-input\":{\"@type\":\"PropertyValueSpecification\",\"valueRequired\":true,\"valueName\":\"search_term_string\"}}],\"inLanguage\":\"es\"},{\"@type\":\"Person\",\"@id\":\"https:\\\/\\\/quehacerpolitico.mx\\\/#\\\/schema\\\/person\\\/496d8ad2d1d3f8036101dca7ee39e585\",\"name\":\"Redacci\u00f3n QP\",\"image\":{\"@type\":\"ImageObject\",\"inLanguage\":\"es\",\"@id\":\"https:\\\/\\\/secure.gravatar.com\\\/avatar\\\/c7164ed6fdec453195284ad24a5ae5b6e1eed2b848477fa2a4787ba9adf39a41?s=96&d=mm&r=g\",\"url\":\"https:\\\/\\\/secure.gravatar.com\\\/avatar\\\/c7164ed6fdec453195284ad24a5ae5b6e1eed2b848477fa2a4787ba9adf39a41?s=96&d=mm&r=g\",\"contentUrl\":\"https:\\\/\\\/secure.gravatar.com\\\/avatar\\\/c7164ed6fdec453195284ad24a5ae5b6e1eed2b848477fa2a4787ba9adf39a41?s=96&d=mm&r=g\",\"caption\":\"Redacci\u00f3n QP\"},\"url\":\"https:\\\/\\\/quehacerpolitico.mx\\\/?author=2\"}]}<\/script>\n<!-- \/ Yoast SEO plugin. -->","yoast_head_json":{"title":"Fabulosos Cadillacs abarrotan el Z\u00f3calo de la CDMX\u00a0 -","robots":{"index":"index","follow":"follow","max-snippet":"max-snippet:-1","max-image-preview":"max-image-preview:large","max-video-preview":"max-video-preview:-1"},"canonical":"https:\/\/quehacerpolitico.mx\/?p=101597","og_locale":"es_MX","og_type":"article","og_title":"Fabulosos Cadillacs abarrotan el Z\u00f3calo de la CDMX\u00a0 -","og_description":"Por Redacci\u00f3n QP No import\u00f3 el mal clima ni la espera, fans de los Fabulosos...","og_url":"https:\/\/quehacerpolitico.mx\/?p=101597","article_published_time":"2023-06-04T21:24:50+00:00","article_modified_time":"2023-06-04T21:24:54+00:00","og_image":[{"width":2048,"height":1150,"url":"https:\/\/quehacerpolitico.mx\/wp-content\/uploads\/2023\/06\/IMG_8216.jpeg","type":"image\/jpeg"}],"author":"Redacci\u00f3n QP","twitter_card":"summary_large_image","twitter_misc":{"Escrito por":"Redacci\u00f3n QP","Tiempo de lectura":"2 minutos"},"schema":{"@context":"https:\/\/schema.org","@graph":[{"@type":"Article","@id":"https:\/\/quehacerpolitico.mx\/?p=101597#article","isPartOf":{"@id":"https:\/\/quehacerpolitico.mx\/?p=101597"},"author":{"name":"Redacci\u00f3n QP","@id":"https:\/\/quehacerpolitico.mx\/#\/schema\/person\/496d8ad2d1d3f8036101dca7ee39e585"},"headline":"Fabulosos Cadillacs abarrotan el Z\u00f3calo de la CDMX\u00a0","datePublished":"2023-06-04T21:24:50+00:00","dateModified":"2023-06-04T21:24:54+00:00","mainEntityOfPage":{"@id":"https:\/\/quehacerpolitico.mx\/?p=101597"},"wordCount":355,"commentCount":0,"image":{"@id":"https:\/\/quehacerpolitico.mx\/?p=101597#primaryimage"},"thumbnailUrl":"https:\/\/quehacerpolitico.mx\/wp-content\/uploads\/2023\/06\/IMG_8216.jpeg","articleSection":["Cultura y Entretenimiento"],"inLanguage":"es","potentialAction":[{"@type":"CommentAction","name":"Comment","target":["https:\/\/quehacerpolitico.mx\/?p=101597#respond"]}]},{"@type":"WebPage","@id":"https:\/\/quehacerpolitico.mx\/?p=101597","url":"https:\/\/quehacerpolitico.mx\/?p=101597","name":"Fabulosos Cadillacs abarrotan el Z\u00f3calo de la CDMX\u00a0 -","isPartOf":{"@id":"https:\/\/quehacerpolitico.mx\/#website"},"primaryImageOfPage":{"@id":"https:\/\/quehacerpolitico.mx\/?p=101597#primaryimage"},"image":{"@id":"https:\/\/quehacerpolitico.mx\/?p=101597#primaryimage"},"thumbnailUrl":"https:\/\/quehacerpolitico.mx\/wp-content\/uploads\/2023\/06\/IMG_8216.jpeg","datePublished":"2023-06-04T21:24:50+00:00","dateModified":"2023-06-04T21:24:54+00:00","author":{"@id":"https:\/\/quehacerpolitico.mx\/#\/schema\/person\/496d8ad2d1d3f8036101dca7ee39e585"},"breadcrumb":{"@id":"https:\/\/quehacerpolitico.mx\/?p=101597#breadcrumb"},"inLanguage":"es","potentialAction":[{"@type":"ReadAction","target":["https:\/\/quehacerpolitico.mx\/?p=101597"]}]},{"@type":"ImageObject","inLanguage":"es","@id":"https:\/\/quehacerpolitico.mx\/?p=101597#primaryimage","url":"https:\/\/quehacerpolitico.mx\/wp-content\/uploads\/2023\/06\/IMG_8216.jpeg","contentUrl":"https:\/\/quehacerpolitico.mx\/wp-content\/uploads\/2023\/06\/IMG_8216.jpeg","width":2048,"height":1150},{"@type":"BreadcrumbList","@id":"https:\/\/quehacerpolitico.mx\/?p=101597#breadcrumb","itemListElement":[{"@type":"ListItem","position":1,"name":"Inicio","item":"https:\/\/quehacerpolitico.mx\/"},{"@type":"ListItem","position":2,"name":"Fabulosos Cadillacs abarrotan el Z\u00f3calo de la CDMX\u00a0"}]},{"@type":"WebSite","@id":"https:\/\/quehacerpolitico.mx\/#website","url":"https:\/\/quehacerpolitico.mx\/","name":"","description":"","potentialAction":[{"@type":"SearchAction","target":{"@type":"EntryPoint","urlTemplate":"https:\/\/quehacerpolitico.mx\/?s={search_term_string}"},"query-input":{"@type":"PropertyValueSpecification","valueRequired":true,"valueName":"search_term_string"}}],"inLanguage":"es"},{"@type":"Person","@id":"https:\/\/quehacerpolitico.mx\/#\/schema\/person\/496d8ad2d1d3f8036101dca7ee39e585","name":"Redacci\u00f3n QP","image":{"@type":"ImageObject","inLanguage":"es","@id":"https:\/\/secure.gravatar.com\/avatar\/c7164ed6fdec453195284ad24a5ae5b6e1eed2b848477fa2a4787ba9adf39a41?s=96&d=mm&r=g","url":"https:\/\/secure.gravatar.com\/avatar\/c7164ed6fdec453195284ad24a5ae5b6e1eed2b848477fa2a4787ba9adf39a41?s=96&d=mm&r=g","contentUrl":"https:\/\/secure.gravatar.com\/avatar\/c7164ed6fdec453195284ad24a5ae5b6e1eed2b848477fa2a4787ba9adf39a41?s=96&d=mm&r=g","caption":"Redacci\u00f3n QP"},"url":"https:\/\/quehacerpolitico.mx\/?author=2"}]}},"featured_image_urls":{"full":["https:\/\/quehacerpolitico.mx\/wp-content\/uploads\/2023\/06\/IMG_8216.jpeg",2048,1150,false],"thumbnail":["https:\/\/quehacerpolitico.mx\/wp-content\/uploads\/2023\/06\/IMG_8216-150x150.jpeg",150,150,true],"medium":["https:\/\/quehacerpolitico.mx\/wp-content\/uploads\/2023\/06\/IMG_8216-300x168.jpeg",300,168,true],"medium_large":["https:\/\/quehacerpolitico.mx\/wp-content\/uploads\/2023\/06\/IMG_8216-768x431.jpeg",640,359,true],"large":["https:\/\/quehacerpolitico.mx\/wp-content\/uploads\/2023\/06\/IMG_8216-1024x575.jpeg",640,359,true],"1536x1536":["https:\/\/quehacerpolitico.mx\/wp-content\/uploads\/2023\/06\/IMG_8216-1536x863.jpeg",1536,863,true],"2048x2048":["https:\/\/quehacerpolitico.mx\/wp-content\/uploads\/2023\/06\/IMG_8216.jpeg",2048,1150,false],"covernews-featured":["https:\/\/quehacerpolitico.mx\/wp-content\/uploads\/2023\/06\/IMG_8216.jpeg",1024,575,false],"covernews-medium":["https:\/\/quehacerpolitico.mx\/wp-content\/uploads\/2023\/06\/IMG_8216.jpeg",540,303,false]},"author_info":{"display_name":"Redacci\u00f3n QP","author_link":"https:\/\/quehacerpolitico.mx\/?author=2"},"category_info":"<a href=\"https:\/\/quehacerpolitico.mx\/?cat=58\" rel=\"category\">Cultura y Entretenimiento<\/a>","tag_info":"Cultura y Entretenimiento","comment_count":"0","_links":{"self":[{"href":"https:\/\/quehacerpolitico.mx\/index.php?rest_route=\/wp\/v2\/posts\/101597","targetHints":{"allow":["GET"]}}],"collection":[{"href":"https:\/\/quehacerpolitico.mx\/index.php?rest_route=\/wp\/v2\/posts"}],"about":[{"href":"https:\/\/quehacerpolitico.mx\/index.php?rest_route=\/wp\/v2\/types\/post"}],"author":[{"embeddable":true,"href":"https:\/\/quehacerpolitico.mx\/index.php?rest_route=\/wp\/v2\/users\/2"}],"replies":[{"embeddable":true,"href":"https:\/\/quehacerpolitico.mx\/index.php?rest_route=%2Fwp%2Fv2%2Fcomments&post=101597"}],"version-history":[{"count":1,"href":"https:\/\/quehacerpolitico.mx\/index.php?rest_route=\/wp\/v2\/posts\/101597\/revisions"}],"predecessor-version":[{"id":101602,"href":"https:\/\/quehacerpolitico.mx\/index.php?rest_route=\/wp\/v2\/posts\/101597\/revisions\/101602"}],"wp:featuredmedia":[{"embeddable":true,"href":"https:\/\/quehacerpolitico.mx\/index.php?rest_route=\/wp\/v2\/media\/101601"}],"wp:attachment":[{"href":"https:\/\/quehacerpolitico.mx\/index.php?rest_route=%2Fwp%2Fv2%2Fmedia&parent=101597"}],"wp:term":[{"taxonomy":"category","embeddable":true,"href":"https:\/\/quehacerpolitico.mx\/index.php?rest_route=%2Fwp%2Fv2%2Fcategories&post=101597"},{"taxonomy":"post_tag","embeddable":true,"href":"https:\/\/quehacerpolitico.mx\/index.php?rest_route=%2Fwp%2Fv2%2Ftags&post=101597"}],"curies":[{"name":"wp","href":"https:\/\/api.w.org\/{rel}","templated":true}]}}