{"id":101571,"date":"2023-06-03T20:11:46","date_gmt":"2023-06-03T20:11:46","guid":{"rendered":"https:\/\/quehacerpolitico.mx\/?p=101571"},"modified":"2023-06-03T20:11:49","modified_gmt":"2023-06-03T20:11:49","slug":"la-escritora-leticia-martin-es-galardonada-con-el-premio-lumen-de-novela-2023-por-su-obra-valdimir","status":"publish","type":"post","link":"https:\/\/quehacerpolitico.mx\/?p=101571","title":{"rendered":"La escritora Leticia Mart\u00edn es galardonada con el Premio Lumen de Novela 2023 por su obra \u201cValdimir\u201d"},"content":{"rendered":"\n<p>Por Redacci\u00f3n QP<\/p>\n\n\n\n<p>La escritora argentina se llev\u00f3 el\u00a0Premio Lumen de Novela 2023 por su novela \u201cValdimir\u201d<\/p>\n\n\n\n<p>Como heredero de una iniciativa que persigue descubrir el talento literario entre las mujeres, el\u00a0<strong>Premio Lumen de novela ha retornado este 2023<\/strong> con el compromiso de alentar la creatividad y continuar dando protagonismo a las escritoras en todo el \u00e1mbito del espa\u00f1ol; as\u00ed, el fallo fue dado a conocer este jueves 1 de junio y ha reca\u00eddo en la escritora argentina<strong>\u00a0Leticia Mart\u00edn<\/strong>, por su novela\u00a0<strong>\u201cValdimir\u201d<\/strong>, con lo que se ha hecho acreedora a\u00a0<strong>30 mil euros\u00a0<\/strong>y la publicaci\u00f3n del libro en todo el territorio de habla hispana.<\/p>\n\n\n\n<p>El sello Lumen, fundado en Barcelona en 1960 por&nbsp;<strong>Esther Tusquets<\/strong>, fue pionero lanz\u00f3 la convocatoria del Premio Femenino Lumen durante los a\u00f1os 1994-1999; en esta edici\u00f3n, se recibieron en total&nbsp;<strong>407 manuscritos procedentes de Argentina (33), Colombia (23), Chile (10), Espa\u00f1a (272), Estados Unidos (18), M\u00e9xico (37), Per\u00fa (7) y Uruguay (7).<\/strong><\/p>\n\n\n\n<p>La decisi\u00f3n estuvo a cargo de un jurado compuesto por las escritoras\u00a0<strong>\u00c1ngeles Gonz\u00e1lez-Sinde, Luna Miguel y Clara Obligado<\/strong>; acompa\u00f1adas por\u00a0<strong>Lola Larumbe,<\/strong>\u00a0directora de la librer\u00eda\u00a0<strong>Rafael Alberti en Madrid, y Mar\u00eda Fasce<\/strong>, directora literaria de Lumen, quienes eligieron \u201cpor mayor\u00eda\u201d el libro de Leticia Mart\u00edn, \u201cuna novela pol\u00e9mica sobre los l\u00edmites del deseo\u201d que revisita el cl\u00e1sico\u00a0<strong>\u201cLolita\u201d, de Nabokov,\u00a0<\/strong>pero en \u201cclave invertida de g\u00e9nero\u201d al abordar la \u201crelaci\u00f3n er\u00f3tica entre una mujer madura y un joven\u201d.<\/p>\n\n\n\n<h2 class=\"wp-block-heading\">Clave invertida<\/h2>\n\n\n\n<p>As\u00ed, el sello editorial Lumen, que se ha caracterizado por dar protagonismo a la literatura escrita por mujeres y descubrir libros revolucionarios en su momento y ahora vigentes, acerc\u00f3 a la ganadora a los medios de comunicaci\u00f3n del continente; y Leticia Mart\u00edn&nbsp;<strong>destac\u00f3 que le interes\u00f3 acercarse al libro de&nbsp;Nabokov&nbsp;desde que se trata de \u201cun libro prohibido\u201d que resultaba interesante pensarlo \u201cen clave invertida de g\u00e9nero\u201d, para explorar \u201cqu\u00e9 es posible decir hoy y qu\u00e9 no\u201d.<\/strong><\/p>\n\n\n\n<p>De igual forma, para la narradora argentina el\u00a0<strong>\u201creto est\u00e9tico\u201d signific\u00f3 narrar \u201cla escena er\u00f3tica\u201d,<\/strong>\u00a0algo que fue \u201cun desaf\u00edo consciente, porque no quer\u00eda convertir la novela en una sucesi\u00f3n de escenas er\u00f3ticas, sino hacer crecer otras l\u00edneas de la trama\u201d para, de esa manera, ahondar \u201cen los l\u00edmites de lo humano\u201d.<\/p>\n\n\n\n<h2 class=\"wp-block-heading\">Escribir y que se lea bien<\/h2>\n\n\n\n<p>Con todo, no fue Nabokov la \u00fanica referencia \u2013determinante en el nombre del libro como homenaje\u2013, tambi\u00e9n destac\u00f3 Mart\u00edn a la novela<strong>&nbsp;\u201cEl lector\u201d, de Bernard Schlink<\/strong>, donde \u201cencontr\u00e9 personajes en desconexi\u00f3n con el mundo\u201d, adem\u00e1s, para darles forma tambi\u00e9n debi\u00f3 la autora \u201cbuscar en lo m\u00e1s oscuro de mi propia personalidad, aquello que ten\u00eda m\u00e1s cerca, para establecer una relaci\u00f3n entre los personajes\u201d.<\/p>\n\n\n\n<p>Ahora bien, aunque la argentina admite que<strong>\u00a0\u201cuno escribe para ser le\u00eddo\u201d\u00a0<\/strong>y que no es para nada<strong>\u201cingenuidad\u201d el elegir \u201cel tema y dar vuelta a los roles\u201d<\/strong>, en el fondo la cuesti\u00f3n es \u201cescribir cada vez mejor y que se lea bien. No quiero ser recordada como una autora pol\u00e9mica; puedo servirme de ciertos temas, pero prefiero alejarme de las coyunturas\u201d.<\/p>\n\n\n\n<p>Reconoci\u00f3, empero, que<strong>&nbsp;\u201cel poder y su uso\u201d son temas presentes \u201cen mis otras novelas\u201d,&nbsp;<\/strong>pero la escritora rescata que \u201cel deseo tambi\u00e9n se halla presente en cada una de mis historias. Trato de no casarme con ning\u00fan paradigma, pero reconozco que no s\u00e9 hacia d\u00f3nde camina el mundo\u201d.<\/p>\n\n\n\n<h2 class=\"wp-block-heading\">Conflicto adentro<\/h2>\n\n\n\n<p>Finalmente, Mart\u00edn asever\u00f3 que la novela \u201cno habr\u00eda podido escribirla\u201d sin haber vivido por su parte una relaci\u00f3n \u201ccon un hombre menor\u201d; de manera que \u201clo que me atraves\u00f3 como inter\u00e9s\u201d para el libro \u201cfue a partir de esa relaci\u00f3n\u201d; y por otra parte, en una contexto de \u201cfeminismos diversos\u201d,&nbsp;<strong>la narradora indic\u00f3 que su deseo es \u201cinterrogar ese espacio donde soy mi propia machista, explorar conflicto adentro\u201d.<\/strong><\/p>\n\n\n\n<p>Y para concluir, la novelista hizo \u00e9nfasis en que vale la pena&nbsp;<strong>\u201crevisitar obras pasadas\u201d,<\/strong>&nbsp;porque \u201cno s\u00e9 si entendimos de verdad nada de lo que le\u00edmos\u201d; adem\u00e1s, \u201cen la sociedad de la inmediatez, revisitar obras del pasado siglo parecer\u00eda pesado, pero yo encuentro gran valor en eso, porque nos pone a estudiar conflictos humanos que no se resuelven\u201d.<\/p>\n\n\n\n<p>\u201cVladimir\u201d, el libro ganador, se publicar\u00e1 en Espa\u00f1a el mes de septiembre de 2023.<\/p>\n\n\n\n<h2 class=\"wp-block-heading\">Ganadoras \/ Premio Femenino Lumen (1994-1999)<\/h2>\n\n\n\n<ul class=\"wp-block-list\">\n<li>\u00c1ngeles de Irisarri\/ \u201cErmessenda: Condesa de Barcelona\u201d (1994)<\/li>\n\n\n\n<li>Ana Rodr\u00edguez Fischer\/ \u201cObjetos extraviados\u201d (1995)<\/li>\n\n\n\n<li>Clara Obligado\/ \u201cLa hija de Marx\u201d (1996)<\/li>\n\n\n\n<li>Alicia Gim\u00e9nez Bartlett\/ \u201cUna habitaci\u00f3n ajena\u201d (1997)<\/li>\n\n\n\n<li>Clara Us\u00f3n\/&nbsp; \u201cLa noche de San Juan\u201d (1998)<\/li>\n<\/ul>\n\n\n\n<p><strong>Nueva \u00e9poca<\/strong><\/p>\n\n\n\n<ul class=\"wp-block-list\">\n<li>Leticia Mart\u00edn\/ \u201cVadimir\u201d (2023)<\/li>\n<\/ul>\n\n\n\n<h2 class=\"wp-block-heading\">Leticia Martin (Buenos Aires, 1975)<\/h2>\n\n\n\n<p>Narradora, poeta y cr\u00edtica cultural. Obtuvo la Licenciatura en Ciencias de la Comunicaci\u00f3n (UBA) y el Posgrado Internacional en Gesti\u00f3n Cultural y Pol\u00edticas de Comunicaci\u00f3n (FLACSO). Public\u00f3 el libro de ensayos \u201cFeminismos\u201d (2017), y las novelas \u201cEl gusto\u201d (2012), \u201cEstr\u00f3genos\u201d (2016), con edici\u00f3n espa\u00f1ola (2019), \u201cTopadoras oxidadas\u201d (2019) y \u201cUn ruido nuevo\u201d (2020), con ediciones en Uruguay (2021) y en Espa\u00f1a (2022). Tambi\u00e9n es autora de una serie extensa de libros de poes\u00eda. El volumen de cuentos titulado \u201cTodo lo que no es boca en mi cuerpo grita\u201d aparecer\u00e1 en fecha pr\u00f3xima en Argentina.<\/p>\n","protected":false},"excerpt":{"rendered":"<p>Por Redacci\u00f3n QP La escritora argentina se llev\u00f3 el\u00a0Premio Lumen de Novela 2023 por su&#8230;<\/p>\n","protected":false},"author":2,"featured_media":101572,"comment_status":"open","ping_status":"open","sticky":false,"template":"","format":"standard","meta":{"_monsterinsights_skip_tracking":false,"_monsterinsights_sitenote_active":false,"_monsterinsights_sitenote_note":"","_monsterinsights_sitenote_category":0,"footnotes":""},"categories":[58],"tags":[],"class_list":["post-101571","post","type-post","status-publish","format-standard","has-post-thumbnail","hentry","category-cultura"],"yoast_head":"<!-- This site is optimized with the Yoast SEO plugin v27.3 - https:\/\/yoast.com\/product\/yoast-seo-wordpress\/ -->\n<title>La escritora Leticia Mart\u00edn es galardonada con el Premio Lumen de Novela 2023 por su obra \u201cValdimir\u201d -<\/title>\n<meta name=\"robots\" content=\"index, follow, max-snippet:-1, max-image-preview:large, max-video-preview:-1\" \/>\n<link rel=\"canonical\" href=\"https:\/\/quehacerpolitico.mx\/?p=101571\" \/>\n<meta property=\"og:locale\" content=\"es_MX\" \/>\n<meta property=\"og:type\" content=\"article\" \/>\n<meta property=\"og:title\" content=\"La escritora Leticia Mart\u00edn es galardonada con el Premio Lumen de Novela 2023 por su obra \u201cValdimir\u201d -\" \/>\n<meta property=\"og:description\" content=\"Por Redacci\u00f3n QP La escritora argentina se llev\u00f3 el\u00a0Premio Lumen de Novela 2023 por su...\" \/>\n<meta property=\"og:url\" content=\"https:\/\/quehacerpolitico.mx\/?p=101571\" \/>\n<meta property=\"article:published_time\" content=\"2023-06-03T20:11:46+00:00\" \/>\n<meta property=\"article:modified_time\" content=\"2023-06-03T20:11:49+00:00\" \/>\n<meta property=\"og:image\" content=\"https:\/\/quehacerpolitico.mx\/wp-content\/uploads\/2023\/06\/IMG_8205.jpeg\" \/>\n\t<meta property=\"og:image:width\" content=\"375\" \/>\n\t<meta property=\"og:image:height\" content=\"184\" \/>\n\t<meta property=\"og:image:type\" content=\"image\/jpeg\" \/>\n<meta name=\"author\" content=\"Redacci\u00f3n QP\" \/>\n<meta name=\"twitter:card\" content=\"summary_large_image\" \/>\n<meta name=\"twitter:label1\" content=\"Escrito por\" \/>\n\t<meta name=\"twitter:data1\" content=\"Redacci\u00f3n QP\" \/>\n\t<meta name=\"twitter:label2\" content=\"Tiempo de lectura\" \/>\n\t<meta name=\"twitter:data2\" content=\"5 minutos\" \/>\n<script type=\"application\/ld+json\" class=\"yoast-schema-graph\">{\"@context\":\"https:\\\/\\\/schema.org\",\"@graph\":[{\"@type\":\"Article\",\"@id\":\"https:\\\/\\\/quehacerpolitico.mx\\\/?p=101571#article\",\"isPartOf\":{\"@id\":\"https:\\\/\\\/quehacerpolitico.mx\\\/?p=101571\"},\"author\":{\"name\":\"Redacci\u00f3n QP\",\"@id\":\"https:\\\/\\\/quehacerpolitico.mx\\\/#\\\/schema\\\/person\\\/496d8ad2d1d3f8036101dca7ee39e585\"},\"headline\":\"La escritora Leticia Mart\u00edn es galardonada con el Premio Lumen de Novela 2023 por su obra \u201cValdimir\u201d\",\"datePublished\":\"2023-06-03T20:11:46+00:00\",\"dateModified\":\"2023-06-03T20:11:49+00:00\",\"mainEntityOfPage\":{\"@id\":\"https:\\\/\\\/quehacerpolitico.mx\\\/?p=101571\"},\"wordCount\":918,\"commentCount\":0,\"image\":{\"@id\":\"https:\\\/\\\/quehacerpolitico.mx\\\/?p=101571#primaryimage\"},\"thumbnailUrl\":\"https:\\\/\\\/quehacerpolitico.mx\\\/wp-content\\\/uploads\\\/2023\\\/06\\\/IMG_8205.jpeg\",\"articleSection\":[\"Cultura y Entretenimiento\"],\"inLanguage\":\"es\",\"potentialAction\":[{\"@type\":\"CommentAction\",\"name\":\"Comment\",\"target\":[\"https:\\\/\\\/quehacerpolitico.mx\\\/?p=101571#respond\"]}]},{\"@type\":\"WebPage\",\"@id\":\"https:\\\/\\\/quehacerpolitico.mx\\\/?p=101571\",\"url\":\"https:\\\/\\\/quehacerpolitico.mx\\\/?p=101571\",\"name\":\"La escritora Leticia Mart\u00edn es galardonada con el Premio Lumen de Novela 2023 por su obra \u201cValdimir\u201d -\",\"isPartOf\":{\"@id\":\"https:\\\/\\\/quehacerpolitico.mx\\\/#website\"},\"primaryImageOfPage\":{\"@id\":\"https:\\\/\\\/quehacerpolitico.mx\\\/?p=101571#primaryimage\"},\"image\":{\"@id\":\"https:\\\/\\\/quehacerpolitico.mx\\\/?p=101571#primaryimage\"},\"thumbnailUrl\":\"https:\\\/\\\/quehacerpolitico.mx\\\/wp-content\\\/uploads\\\/2023\\\/06\\\/IMG_8205.jpeg\",\"datePublished\":\"2023-06-03T20:11:46+00:00\",\"dateModified\":\"2023-06-03T20:11:49+00:00\",\"author\":{\"@id\":\"https:\\\/\\\/quehacerpolitico.mx\\\/#\\\/schema\\\/person\\\/496d8ad2d1d3f8036101dca7ee39e585\"},\"breadcrumb\":{\"@id\":\"https:\\\/\\\/quehacerpolitico.mx\\\/?p=101571#breadcrumb\"},\"inLanguage\":\"es\",\"potentialAction\":[{\"@type\":\"ReadAction\",\"target\":[\"https:\\\/\\\/quehacerpolitico.mx\\\/?p=101571\"]}]},{\"@type\":\"ImageObject\",\"inLanguage\":\"es\",\"@id\":\"https:\\\/\\\/quehacerpolitico.mx\\\/?p=101571#primaryimage\",\"url\":\"https:\\\/\\\/quehacerpolitico.mx\\\/wp-content\\\/uploads\\\/2023\\\/06\\\/IMG_8205.jpeg\",\"contentUrl\":\"https:\\\/\\\/quehacerpolitico.mx\\\/wp-content\\\/uploads\\\/2023\\\/06\\\/IMG_8205.jpeg\",\"width\":375,\"height\":184},{\"@type\":\"BreadcrumbList\",\"@id\":\"https:\\\/\\\/quehacerpolitico.mx\\\/?p=101571#breadcrumb\",\"itemListElement\":[{\"@type\":\"ListItem\",\"position\":1,\"name\":\"Inicio\",\"item\":\"https:\\\/\\\/quehacerpolitico.mx\\\/\"},{\"@type\":\"ListItem\",\"position\":2,\"name\":\"La escritora Leticia Mart\u00edn es galardonada con el Premio Lumen de Novela 2023 por su obra \u201cValdimir\u201d\"}]},{\"@type\":\"WebSite\",\"@id\":\"https:\\\/\\\/quehacerpolitico.mx\\\/#website\",\"url\":\"https:\\\/\\\/quehacerpolitico.mx\\\/\",\"name\":\"\",\"description\":\"\",\"potentialAction\":[{\"@type\":\"SearchAction\",\"target\":{\"@type\":\"EntryPoint\",\"urlTemplate\":\"https:\\\/\\\/quehacerpolitico.mx\\\/?s={search_term_string}\"},\"query-input\":{\"@type\":\"PropertyValueSpecification\",\"valueRequired\":true,\"valueName\":\"search_term_string\"}}],\"inLanguage\":\"es\"},{\"@type\":\"Person\",\"@id\":\"https:\\\/\\\/quehacerpolitico.mx\\\/#\\\/schema\\\/person\\\/496d8ad2d1d3f8036101dca7ee39e585\",\"name\":\"Redacci\u00f3n QP\",\"image\":{\"@type\":\"ImageObject\",\"inLanguage\":\"es\",\"@id\":\"https:\\\/\\\/secure.gravatar.com\\\/avatar\\\/c7164ed6fdec453195284ad24a5ae5b6e1eed2b848477fa2a4787ba9adf39a41?s=96&d=mm&r=g\",\"url\":\"https:\\\/\\\/secure.gravatar.com\\\/avatar\\\/c7164ed6fdec453195284ad24a5ae5b6e1eed2b848477fa2a4787ba9adf39a41?s=96&d=mm&r=g\",\"contentUrl\":\"https:\\\/\\\/secure.gravatar.com\\\/avatar\\\/c7164ed6fdec453195284ad24a5ae5b6e1eed2b848477fa2a4787ba9adf39a41?s=96&d=mm&r=g\",\"caption\":\"Redacci\u00f3n QP\"},\"url\":\"https:\\\/\\\/quehacerpolitico.mx\\\/?author=2\"}]}<\/script>\n<!-- \/ Yoast SEO plugin. -->","yoast_head_json":{"title":"La escritora Leticia Mart\u00edn es galardonada con el Premio Lumen de Novela 2023 por su obra \u201cValdimir\u201d -","robots":{"index":"index","follow":"follow","max-snippet":"max-snippet:-1","max-image-preview":"max-image-preview:large","max-video-preview":"max-video-preview:-1"},"canonical":"https:\/\/quehacerpolitico.mx\/?p=101571","og_locale":"es_MX","og_type":"article","og_title":"La escritora Leticia Mart\u00edn es galardonada con el Premio Lumen de Novela 2023 por su obra \u201cValdimir\u201d -","og_description":"Por Redacci\u00f3n QP La escritora argentina se llev\u00f3 el\u00a0Premio Lumen de Novela 2023 por su...","og_url":"https:\/\/quehacerpolitico.mx\/?p=101571","article_published_time":"2023-06-03T20:11:46+00:00","article_modified_time":"2023-06-03T20:11:49+00:00","og_image":[{"width":375,"height":184,"url":"https:\/\/quehacerpolitico.mx\/wp-content\/uploads\/2023\/06\/IMG_8205.jpeg","type":"image\/jpeg"}],"author":"Redacci\u00f3n QP","twitter_card":"summary_large_image","twitter_misc":{"Escrito por":"Redacci\u00f3n QP","Tiempo de lectura":"5 minutos"},"schema":{"@context":"https:\/\/schema.org","@graph":[{"@type":"Article","@id":"https:\/\/quehacerpolitico.mx\/?p=101571#article","isPartOf":{"@id":"https:\/\/quehacerpolitico.mx\/?p=101571"},"author":{"name":"Redacci\u00f3n QP","@id":"https:\/\/quehacerpolitico.mx\/#\/schema\/person\/496d8ad2d1d3f8036101dca7ee39e585"},"headline":"La escritora Leticia Mart\u00edn es galardonada con el Premio Lumen de Novela 2023 por su obra \u201cValdimir\u201d","datePublished":"2023-06-03T20:11:46+00:00","dateModified":"2023-06-03T20:11:49+00:00","mainEntityOfPage":{"@id":"https:\/\/quehacerpolitico.mx\/?p=101571"},"wordCount":918,"commentCount":0,"image":{"@id":"https:\/\/quehacerpolitico.mx\/?p=101571#primaryimage"},"thumbnailUrl":"https:\/\/quehacerpolitico.mx\/wp-content\/uploads\/2023\/06\/IMG_8205.jpeg","articleSection":["Cultura y Entretenimiento"],"inLanguage":"es","potentialAction":[{"@type":"CommentAction","name":"Comment","target":["https:\/\/quehacerpolitico.mx\/?p=101571#respond"]}]},{"@type":"WebPage","@id":"https:\/\/quehacerpolitico.mx\/?p=101571","url":"https:\/\/quehacerpolitico.mx\/?p=101571","name":"La escritora Leticia Mart\u00edn es galardonada con el Premio Lumen de Novela 2023 por su obra \u201cValdimir\u201d -","isPartOf":{"@id":"https:\/\/quehacerpolitico.mx\/#website"},"primaryImageOfPage":{"@id":"https:\/\/quehacerpolitico.mx\/?p=101571#primaryimage"},"image":{"@id":"https:\/\/quehacerpolitico.mx\/?p=101571#primaryimage"},"thumbnailUrl":"https:\/\/quehacerpolitico.mx\/wp-content\/uploads\/2023\/06\/IMG_8205.jpeg","datePublished":"2023-06-03T20:11:46+00:00","dateModified":"2023-06-03T20:11:49+00:00","author":{"@id":"https:\/\/quehacerpolitico.mx\/#\/schema\/person\/496d8ad2d1d3f8036101dca7ee39e585"},"breadcrumb":{"@id":"https:\/\/quehacerpolitico.mx\/?p=101571#breadcrumb"},"inLanguage":"es","potentialAction":[{"@type":"ReadAction","target":["https:\/\/quehacerpolitico.mx\/?p=101571"]}]},{"@type":"ImageObject","inLanguage":"es","@id":"https:\/\/quehacerpolitico.mx\/?p=101571#primaryimage","url":"https:\/\/quehacerpolitico.mx\/wp-content\/uploads\/2023\/06\/IMG_8205.jpeg","contentUrl":"https:\/\/quehacerpolitico.mx\/wp-content\/uploads\/2023\/06\/IMG_8205.jpeg","width":375,"height":184},{"@type":"BreadcrumbList","@id":"https:\/\/quehacerpolitico.mx\/?p=101571#breadcrumb","itemListElement":[{"@type":"ListItem","position":1,"name":"Inicio","item":"https:\/\/quehacerpolitico.mx\/"},{"@type":"ListItem","position":2,"name":"La escritora Leticia Mart\u00edn es galardonada con el Premio Lumen de Novela 2023 por su obra \u201cValdimir\u201d"}]},{"@type":"WebSite","@id":"https:\/\/quehacerpolitico.mx\/#website","url":"https:\/\/quehacerpolitico.mx\/","name":"","description":"","potentialAction":[{"@type":"SearchAction","target":{"@type":"EntryPoint","urlTemplate":"https:\/\/quehacerpolitico.mx\/?s={search_term_string}"},"query-input":{"@type":"PropertyValueSpecification","valueRequired":true,"valueName":"search_term_string"}}],"inLanguage":"es"},{"@type":"Person","@id":"https:\/\/quehacerpolitico.mx\/#\/schema\/person\/496d8ad2d1d3f8036101dca7ee39e585","name":"Redacci\u00f3n QP","image":{"@type":"ImageObject","inLanguage":"es","@id":"https:\/\/secure.gravatar.com\/avatar\/c7164ed6fdec453195284ad24a5ae5b6e1eed2b848477fa2a4787ba9adf39a41?s=96&d=mm&r=g","url":"https:\/\/secure.gravatar.com\/avatar\/c7164ed6fdec453195284ad24a5ae5b6e1eed2b848477fa2a4787ba9adf39a41?s=96&d=mm&r=g","contentUrl":"https:\/\/secure.gravatar.com\/avatar\/c7164ed6fdec453195284ad24a5ae5b6e1eed2b848477fa2a4787ba9adf39a41?s=96&d=mm&r=g","caption":"Redacci\u00f3n QP"},"url":"https:\/\/quehacerpolitico.mx\/?author=2"}]}},"featured_image_urls":{"full":["https:\/\/quehacerpolitico.mx\/wp-content\/uploads\/2023\/06\/IMG_8205.jpeg",375,184,false],"thumbnail":["https:\/\/quehacerpolitico.mx\/wp-content\/uploads\/2023\/06\/IMG_8205-150x150.jpeg",150,150,true],"medium":["https:\/\/quehacerpolitico.mx\/wp-content\/uploads\/2023\/06\/IMG_8205-300x147.jpeg",300,147,true],"medium_large":["https:\/\/quehacerpolitico.mx\/wp-content\/uploads\/2023\/06\/IMG_8205.jpeg",375,184,false],"large":["https:\/\/quehacerpolitico.mx\/wp-content\/uploads\/2023\/06\/IMG_8205.jpeg",375,184,false],"1536x1536":["https:\/\/quehacerpolitico.mx\/wp-content\/uploads\/2023\/06\/IMG_8205.jpeg",375,184,false],"2048x2048":["https:\/\/quehacerpolitico.mx\/wp-content\/uploads\/2023\/06\/IMG_8205.jpeg",375,184,false],"covernews-featured":["https:\/\/quehacerpolitico.mx\/wp-content\/uploads\/2023\/06\/IMG_8205.jpeg",375,184,false],"covernews-medium":["https:\/\/quehacerpolitico.mx\/wp-content\/uploads\/2023\/06\/IMG_8205.jpeg",375,184,false]},"author_info":{"display_name":"Redacci\u00f3n QP","author_link":"https:\/\/quehacerpolitico.mx\/?author=2"},"category_info":"<a href=\"https:\/\/quehacerpolitico.mx\/?cat=58\" rel=\"category\">Cultura y Entretenimiento<\/a>","tag_info":"Cultura y Entretenimiento","comment_count":"0","_links":{"self":[{"href":"https:\/\/quehacerpolitico.mx\/index.php?rest_route=\/wp\/v2\/posts\/101571","targetHints":{"allow":["GET"]}}],"collection":[{"href":"https:\/\/quehacerpolitico.mx\/index.php?rest_route=\/wp\/v2\/posts"}],"about":[{"href":"https:\/\/quehacerpolitico.mx\/index.php?rest_route=\/wp\/v2\/types\/post"}],"author":[{"embeddable":true,"href":"https:\/\/quehacerpolitico.mx\/index.php?rest_route=\/wp\/v2\/users\/2"}],"replies":[{"embeddable":true,"href":"https:\/\/quehacerpolitico.mx\/index.php?rest_route=%2Fwp%2Fv2%2Fcomments&post=101571"}],"version-history":[{"count":1,"href":"https:\/\/quehacerpolitico.mx\/index.php?rest_route=\/wp\/v2\/posts\/101571\/revisions"}],"predecessor-version":[{"id":101573,"href":"https:\/\/quehacerpolitico.mx\/index.php?rest_route=\/wp\/v2\/posts\/101571\/revisions\/101573"}],"wp:featuredmedia":[{"embeddable":true,"href":"https:\/\/quehacerpolitico.mx\/index.php?rest_route=\/wp\/v2\/media\/101572"}],"wp:attachment":[{"href":"https:\/\/quehacerpolitico.mx\/index.php?rest_route=%2Fwp%2Fv2%2Fmedia&parent=101571"}],"wp:term":[{"taxonomy":"category","embeddable":true,"href":"https:\/\/quehacerpolitico.mx\/index.php?rest_route=%2Fwp%2Fv2%2Fcategories&post=101571"},{"taxonomy":"post_tag","embeddable":true,"href":"https:\/\/quehacerpolitico.mx\/index.php?rest_route=%2Fwp%2Fv2%2Ftags&post=101571"}],"curies":[{"name":"wp","href":"https:\/\/api.w.org\/{rel}","templated":true}]}}