{"id":101539,"date":"2023-06-03T01:36:50","date_gmt":"2023-06-03T01:36:50","guid":{"rendered":"https:\/\/quehacerpolitico.mx\/?p=101539"},"modified":"2023-06-03T01:36:55","modified_gmt":"2023-06-03T01:36:55","slug":"fabricaban-coca-cola-hechiza-en-el-edomex","status":"publish","type":"post","link":"https:\/\/quehacerpolitico.mx\/?p=101539","title":{"rendered":"Fabricaban Coca Cola hechiza en el Edomex"},"content":{"rendered":"\n<p>Por Redacci\u00f3n QP<\/p>\n\n\n\n<p>Luego del hallazgo de una nueva f\u00e1brica de refrescos \u201cpirata\u201d en el municipio de Los Reyes La Paz, Edomex<\/p>\n\n\n\n<p>Ayer, se dio a conocer que la Fiscal\u00eda General de Justicia del Estado de M\u00e9xico (FGJEM) encontr\u00f3\u00a0<strong>una nueva f\u00e1brica de refrescos de la marca Coca Cola \u201cpirata\u201d, pero esta ocasi\u00f3n lo hizo en el municipio de Los Reyes La Paz<\/strong>;\u00a0el segundo evento, luego de que<strong>\u00a0el pasado 4 de mayo se hiciera el hallazgo de otra, pero en la alcald\u00eda Iztapalapa, de la Ciudad de M\u00e9xico<\/strong>.<\/p>\n\n\n\n<p>La fiscal\u00eda mexiquense difundi\u00f3 un video en el que se observan<strong>\u00a0rejas de refresco, botellas vac\u00edas, de las que aseguraron 20 mil; as\u00ed como refrescos \u201cpiratas\u201d, 4 mil en total, as\u00ed como tinacos y maquinaria<\/strong>.<\/p>\n\n\n\n<figure class=\"wp-block-embed is-type-rich is-provider-twitter wp-block-embed-twitter\"><div class=\"wp-block-embed__wrapper\">\n<blockquote class=\"twitter-tweet\" data-width=\"550\" data-dnt=\"true\"><p lang=\"es\" dir=\"ltr\">Desarticula la <a href=\"https:\/\/twitter.com\/FiscaliaEdomex?ref_src=twsrc%5Etfw\">@FiscaliaEdomex<\/a> laboratorio clandestino de refresco de cola en La Paz; en el operativo a cargo del Mtro. Elohim D\u00edaz Jim\u00e9nez, Fiscal Regional de Nezahualc\u00f3yotl, particip\u00f3 la <a href=\"https:\/\/twitter.com\/GN_MEXICO_?ref_src=twsrc%5Etfw\">@GN_MEXICO_<\/a> y <a href=\"https:\/\/twitter.com\/SEDENAmx?ref_src=twsrc%5Etfw\">@SEDENAmx<\/a>; aseguraron 20 mil botellas vac\u00edas, 4 mil refrescos alterados. \ud83c\udfa5\ud83d\udc47\ud83c\udffd <a href=\"https:\/\/t.co\/7cpYeJGi6k\">pic.twitter.com\/7cpYeJGi6k<\/a><\/p>&mdash; JORGE BECERRIL JB\/8 (@MrElDiablo8) <a href=\"https:\/\/twitter.com\/MrElDiablo8\/status\/1664702672413380619?ref_src=twsrc%5Etfw\">June 2, 2023<\/a><\/blockquote><script async src=\"https:\/\/platform.twitter.com\/widgets.js\" charset=\"utf-8\"><\/script>\n<\/div><\/figure>\n\n\n\n<p>Tambi\u00e9n compartieron una fotograf\u00eda con\u00a0<strong>los detenidos<\/strong>, en la que se observan diez, pero se inform\u00f3 que en total\u00a0<strong>fueron 15<\/strong>.<\/p>\n\n\n\n<p>El operativo se realiz\u00f3 con el apoyo de 20 elementos de la Fiscal\u00eda mexiquense, que realizaron la inspecci\u00f3n, acompa\u00f1ados de personal del Ej\u00e9rcito Mexicano y de la Guardia Nacional.<\/p>\n\n\n\n<figure class=\"wp-block-image size-large\"><img loading=\"lazy\" decoding=\"async\" width=\"1024\" height=\"577\" src=\"https:\/\/quehacerpolitico.mx\/wp-content\/uploads\/2023\/06\/image-10-1024x577.jpeg\" alt=\"\" class=\"wp-image-101540\" srcset=\"https:\/\/quehacerpolitico.mx\/wp-content\/uploads\/2023\/06\/image-10-1024x577.jpeg 1024w, https:\/\/quehacerpolitico.mx\/wp-content\/uploads\/2023\/06\/image-10-300x169.jpeg 300w, https:\/\/quehacerpolitico.mx\/wp-content\/uploads\/2023\/06\/image-10-768x432.jpeg 768w, https:\/\/quehacerpolitico.mx\/wp-content\/uploads\/2023\/06\/image-10-260x146.jpeg 260w, https:\/\/quehacerpolitico.mx\/wp-content\/uploads\/2023\/06\/image-10-50x28.jpeg 50w, https:\/\/quehacerpolitico.mx\/wp-content\/uploads\/2023\/06\/image-10-133x75.jpeg 133w, https:\/\/quehacerpolitico.mx\/wp-content\/uploads\/2023\/06\/image-10-1280x723.jpeg 1280w, https:\/\/quehacerpolitico.mx\/wp-content\/uploads\/2023\/06\/image-10-1200x675.jpeg 1200w, https:\/\/quehacerpolitico.mx\/wp-content\/uploads\/2023\/06\/image-10.jpeg 1284w\" sizes=\"auto, (max-width: 1024px) 100vw, 1024px\" \/><\/figure>\n\n\n\n<p>El lugar ubicado en la calle Hiedra<strong>&nbsp;qued\u00f3 clausurado&nbsp;<\/strong>mientras se llevan a cabo las averiguaciones correspondientes. Mientras que l<strong>os detenidos fueron puestos a disposici\u00f3n de las autoridades<\/strong>.<\/p>\n","protected":false},"excerpt":{"rendered":"<p>Por Redacci\u00f3n QP Luego del hallazgo de una nueva f\u00e1brica de refrescos \u201cpirata\u201d en el&#8230;<\/p>\n","protected":false},"author":2,"featured_media":101541,"comment_status":"open","ping_status":"open","sticky":false,"template":"","format":"standard","meta":{"_monsterinsights_skip_tracking":false,"_monsterinsights_sitenote_active":false,"_monsterinsights_sitenote_note":"","_monsterinsights_sitenote_category":0,"footnotes":""},"categories":[2],"tags":[],"class_list":["post-101539","post","type-post","status-publish","format-standard","has-post-thumbnail","hentry","category-noticias"],"yoast_head":"<!-- This site is optimized with the Yoast SEO plugin v27.3 - https:\/\/yoast.com\/product\/yoast-seo-wordpress\/ -->\n<title>Fabricaban Coca Cola hechiza en el Edomex -<\/title>\n<meta name=\"robots\" content=\"index, follow, max-snippet:-1, max-image-preview:large, max-video-preview:-1\" \/>\n<link rel=\"canonical\" href=\"https:\/\/quehacerpolitico.mx\/?p=101539\" \/>\n<meta property=\"og:locale\" content=\"es_MX\" \/>\n<meta property=\"og:type\" content=\"article\" \/>\n<meta property=\"og:title\" content=\"Fabricaban Coca Cola hechiza en el Edomex -\" \/>\n<meta property=\"og:description\" content=\"Por Redacci\u00f3n QP Luego del hallazgo de una nueva f\u00e1brica de refrescos \u201cpirata\u201d en el...\" \/>\n<meta property=\"og:url\" content=\"https:\/\/quehacerpolitico.mx\/?p=101539\" \/>\n<meta property=\"article:published_time\" content=\"2023-06-03T01:36:50+00:00\" \/>\n<meta property=\"article:modified_time\" content=\"2023-06-03T01:36:55+00:00\" \/>\n<meta property=\"og:image\" content=\"https:\/\/quehacerpolitico.mx\/wp-content\/uploads\/2023\/06\/IMG_8189.jpeg\" \/>\n\t<meta property=\"og:image:width\" content=\"1284\" \/>\n\t<meta property=\"og:image:height\" content=\"696\" \/>\n\t<meta property=\"og:image:type\" content=\"image\/jpeg\" \/>\n<meta name=\"author\" content=\"Redacci\u00f3n QP\" \/>\n<meta name=\"twitter:card\" content=\"summary_large_image\" \/>\n<meta name=\"twitter:label1\" content=\"Escrito por\" \/>\n\t<meta name=\"twitter:data1\" content=\"Redacci\u00f3n QP\" \/>\n\t<meta name=\"twitter:label2\" content=\"Tiempo de lectura\" \/>\n\t<meta name=\"twitter:data2\" content=\"1 minuto\" \/>\n<script type=\"application\/ld+json\" class=\"yoast-schema-graph\">{\"@context\":\"https:\\\/\\\/schema.org\",\"@graph\":[{\"@type\":\"Article\",\"@id\":\"https:\\\/\\\/quehacerpolitico.mx\\\/?p=101539#article\",\"isPartOf\":{\"@id\":\"https:\\\/\\\/quehacerpolitico.mx\\\/?p=101539\"},\"author\":{\"name\":\"Redacci\u00f3n QP\",\"@id\":\"https:\\\/\\\/quehacerpolitico.mx\\\/#\\\/schema\\\/person\\\/496d8ad2d1d3f8036101dca7ee39e585\"},\"headline\":\"Fabricaban Coca Cola hechiza en el Edomex\",\"datePublished\":\"2023-06-03T01:36:50+00:00\",\"dateModified\":\"2023-06-03T01:36:55+00:00\",\"mainEntityOfPage\":{\"@id\":\"https:\\\/\\\/quehacerpolitico.mx\\\/?p=101539\"},\"wordCount\":235,\"commentCount\":0,\"image\":{\"@id\":\"https:\\\/\\\/quehacerpolitico.mx\\\/?p=101539#primaryimage\"},\"thumbnailUrl\":\"https:\\\/\\\/quehacerpolitico.mx\\\/wp-content\\\/uploads\\\/2023\\\/06\\\/IMG_8189.jpeg\",\"articleSection\":[\"Noticias\"],\"inLanguage\":\"es\",\"potentialAction\":[{\"@type\":\"CommentAction\",\"name\":\"Comment\",\"target\":[\"https:\\\/\\\/quehacerpolitico.mx\\\/?p=101539#respond\"]}]},{\"@type\":\"WebPage\",\"@id\":\"https:\\\/\\\/quehacerpolitico.mx\\\/?p=101539\",\"url\":\"https:\\\/\\\/quehacerpolitico.mx\\\/?p=101539\",\"name\":\"Fabricaban Coca Cola hechiza en el Edomex -\",\"isPartOf\":{\"@id\":\"https:\\\/\\\/quehacerpolitico.mx\\\/#website\"},\"primaryImageOfPage\":{\"@id\":\"https:\\\/\\\/quehacerpolitico.mx\\\/?p=101539#primaryimage\"},\"image\":{\"@id\":\"https:\\\/\\\/quehacerpolitico.mx\\\/?p=101539#primaryimage\"},\"thumbnailUrl\":\"https:\\\/\\\/quehacerpolitico.mx\\\/wp-content\\\/uploads\\\/2023\\\/06\\\/IMG_8189.jpeg\",\"datePublished\":\"2023-06-03T01:36:50+00:00\",\"dateModified\":\"2023-06-03T01:36:55+00:00\",\"author\":{\"@id\":\"https:\\\/\\\/quehacerpolitico.mx\\\/#\\\/schema\\\/person\\\/496d8ad2d1d3f8036101dca7ee39e585\"},\"breadcrumb\":{\"@id\":\"https:\\\/\\\/quehacerpolitico.mx\\\/?p=101539#breadcrumb\"},\"inLanguage\":\"es\",\"potentialAction\":[{\"@type\":\"ReadAction\",\"target\":[\"https:\\\/\\\/quehacerpolitico.mx\\\/?p=101539\"]}]},{\"@type\":\"ImageObject\",\"inLanguage\":\"es\",\"@id\":\"https:\\\/\\\/quehacerpolitico.mx\\\/?p=101539#primaryimage\",\"url\":\"https:\\\/\\\/quehacerpolitico.mx\\\/wp-content\\\/uploads\\\/2023\\\/06\\\/IMG_8189.jpeg\",\"contentUrl\":\"https:\\\/\\\/quehacerpolitico.mx\\\/wp-content\\\/uploads\\\/2023\\\/06\\\/IMG_8189.jpeg\",\"width\":1284,\"height\":696},{\"@type\":\"BreadcrumbList\",\"@id\":\"https:\\\/\\\/quehacerpolitico.mx\\\/?p=101539#breadcrumb\",\"itemListElement\":[{\"@type\":\"ListItem\",\"position\":1,\"name\":\"Inicio\",\"item\":\"https:\\\/\\\/quehacerpolitico.mx\\\/\"},{\"@type\":\"ListItem\",\"position\":2,\"name\":\"Fabricaban Coca Cola hechiza en el Edomex\"}]},{\"@type\":\"WebSite\",\"@id\":\"https:\\\/\\\/quehacerpolitico.mx\\\/#website\",\"url\":\"https:\\\/\\\/quehacerpolitico.mx\\\/\",\"name\":\"\",\"description\":\"\",\"potentialAction\":[{\"@type\":\"SearchAction\",\"target\":{\"@type\":\"EntryPoint\",\"urlTemplate\":\"https:\\\/\\\/quehacerpolitico.mx\\\/?s={search_term_string}\"},\"query-input\":{\"@type\":\"PropertyValueSpecification\",\"valueRequired\":true,\"valueName\":\"search_term_string\"}}],\"inLanguage\":\"es\"},{\"@type\":\"Person\",\"@id\":\"https:\\\/\\\/quehacerpolitico.mx\\\/#\\\/schema\\\/person\\\/496d8ad2d1d3f8036101dca7ee39e585\",\"name\":\"Redacci\u00f3n QP\",\"image\":{\"@type\":\"ImageObject\",\"inLanguage\":\"es\",\"@id\":\"https:\\\/\\\/secure.gravatar.com\\\/avatar\\\/c7164ed6fdec453195284ad24a5ae5b6e1eed2b848477fa2a4787ba9adf39a41?s=96&d=mm&r=g\",\"url\":\"https:\\\/\\\/secure.gravatar.com\\\/avatar\\\/c7164ed6fdec453195284ad24a5ae5b6e1eed2b848477fa2a4787ba9adf39a41?s=96&d=mm&r=g\",\"contentUrl\":\"https:\\\/\\\/secure.gravatar.com\\\/avatar\\\/c7164ed6fdec453195284ad24a5ae5b6e1eed2b848477fa2a4787ba9adf39a41?s=96&d=mm&r=g\",\"caption\":\"Redacci\u00f3n QP\"},\"url\":\"https:\\\/\\\/quehacerpolitico.mx\\\/?author=2\"}]}<\/script>\n<!-- \/ Yoast SEO plugin. -->","yoast_head_json":{"title":"Fabricaban Coca Cola hechiza en el Edomex -","robots":{"index":"index","follow":"follow","max-snippet":"max-snippet:-1","max-image-preview":"max-image-preview:large","max-video-preview":"max-video-preview:-1"},"canonical":"https:\/\/quehacerpolitico.mx\/?p=101539","og_locale":"es_MX","og_type":"article","og_title":"Fabricaban Coca Cola hechiza en el Edomex -","og_description":"Por Redacci\u00f3n QP Luego del hallazgo de una nueva f\u00e1brica de refrescos \u201cpirata\u201d en el...","og_url":"https:\/\/quehacerpolitico.mx\/?p=101539","article_published_time":"2023-06-03T01:36:50+00:00","article_modified_time":"2023-06-03T01:36:55+00:00","og_image":[{"width":1284,"height":696,"url":"https:\/\/quehacerpolitico.mx\/wp-content\/uploads\/2023\/06\/IMG_8189.jpeg","type":"image\/jpeg"}],"author":"Redacci\u00f3n QP","twitter_card":"summary_large_image","twitter_misc":{"Escrito por":"Redacci\u00f3n QP","Tiempo de lectura":"1 minuto"},"schema":{"@context":"https:\/\/schema.org","@graph":[{"@type":"Article","@id":"https:\/\/quehacerpolitico.mx\/?p=101539#article","isPartOf":{"@id":"https:\/\/quehacerpolitico.mx\/?p=101539"},"author":{"name":"Redacci\u00f3n QP","@id":"https:\/\/quehacerpolitico.mx\/#\/schema\/person\/496d8ad2d1d3f8036101dca7ee39e585"},"headline":"Fabricaban Coca Cola hechiza en el Edomex","datePublished":"2023-06-03T01:36:50+00:00","dateModified":"2023-06-03T01:36:55+00:00","mainEntityOfPage":{"@id":"https:\/\/quehacerpolitico.mx\/?p=101539"},"wordCount":235,"commentCount":0,"image":{"@id":"https:\/\/quehacerpolitico.mx\/?p=101539#primaryimage"},"thumbnailUrl":"https:\/\/quehacerpolitico.mx\/wp-content\/uploads\/2023\/06\/IMG_8189.jpeg","articleSection":["Noticias"],"inLanguage":"es","potentialAction":[{"@type":"CommentAction","name":"Comment","target":["https:\/\/quehacerpolitico.mx\/?p=101539#respond"]}]},{"@type":"WebPage","@id":"https:\/\/quehacerpolitico.mx\/?p=101539","url":"https:\/\/quehacerpolitico.mx\/?p=101539","name":"Fabricaban Coca Cola hechiza en el Edomex -","isPartOf":{"@id":"https:\/\/quehacerpolitico.mx\/#website"},"primaryImageOfPage":{"@id":"https:\/\/quehacerpolitico.mx\/?p=101539#primaryimage"},"image":{"@id":"https:\/\/quehacerpolitico.mx\/?p=101539#primaryimage"},"thumbnailUrl":"https:\/\/quehacerpolitico.mx\/wp-content\/uploads\/2023\/06\/IMG_8189.jpeg","datePublished":"2023-06-03T01:36:50+00:00","dateModified":"2023-06-03T01:36:55+00:00","author":{"@id":"https:\/\/quehacerpolitico.mx\/#\/schema\/person\/496d8ad2d1d3f8036101dca7ee39e585"},"breadcrumb":{"@id":"https:\/\/quehacerpolitico.mx\/?p=101539#breadcrumb"},"inLanguage":"es","potentialAction":[{"@type":"ReadAction","target":["https:\/\/quehacerpolitico.mx\/?p=101539"]}]},{"@type":"ImageObject","inLanguage":"es","@id":"https:\/\/quehacerpolitico.mx\/?p=101539#primaryimage","url":"https:\/\/quehacerpolitico.mx\/wp-content\/uploads\/2023\/06\/IMG_8189.jpeg","contentUrl":"https:\/\/quehacerpolitico.mx\/wp-content\/uploads\/2023\/06\/IMG_8189.jpeg","width":1284,"height":696},{"@type":"BreadcrumbList","@id":"https:\/\/quehacerpolitico.mx\/?p=101539#breadcrumb","itemListElement":[{"@type":"ListItem","position":1,"name":"Inicio","item":"https:\/\/quehacerpolitico.mx\/"},{"@type":"ListItem","position":2,"name":"Fabricaban Coca Cola hechiza en el Edomex"}]},{"@type":"WebSite","@id":"https:\/\/quehacerpolitico.mx\/#website","url":"https:\/\/quehacerpolitico.mx\/","name":"","description":"","potentialAction":[{"@type":"SearchAction","target":{"@type":"EntryPoint","urlTemplate":"https:\/\/quehacerpolitico.mx\/?s={search_term_string}"},"query-input":{"@type":"PropertyValueSpecification","valueRequired":true,"valueName":"search_term_string"}}],"inLanguage":"es"},{"@type":"Person","@id":"https:\/\/quehacerpolitico.mx\/#\/schema\/person\/496d8ad2d1d3f8036101dca7ee39e585","name":"Redacci\u00f3n QP","image":{"@type":"ImageObject","inLanguage":"es","@id":"https:\/\/secure.gravatar.com\/avatar\/c7164ed6fdec453195284ad24a5ae5b6e1eed2b848477fa2a4787ba9adf39a41?s=96&d=mm&r=g","url":"https:\/\/secure.gravatar.com\/avatar\/c7164ed6fdec453195284ad24a5ae5b6e1eed2b848477fa2a4787ba9adf39a41?s=96&d=mm&r=g","contentUrl":"https:\/\/secure.gravatar.com\/avatar\/c7164ed6fdec453195284ad24a5ae5b6e1eed2b848477fa2a4787ba9adf39a41?s=96&d=mm&r=g","caption":"Redacci\u00f3n QP"},"url":"https:\/\/quehacerpolitico.mx\/?author=2"}]}},"featured_image_urls":{"full":["https:\/\/quehacerpolitico.mx\/wp-content\/uploads\/2023\/06\/IMG_8189.jpeg",1284,696,false],"thumbnail":["https:\/\/quehacerpolitico.mx\/wp-content\/uploads\/2023\/06\/IMG_8189-150x150.jpeg",150,150,true],"medium":["https:\/\/quehacerpolitico.mx\/wp-content\/uploads\/2023\/06\/IMG_8189-300x163.jpeg",300,163,true],"medium_large":["https:\/\/quehacerpolitico.mx\/wp-content\/uploads\/2023\/06\/IMG_8189-768x416.jpeg",640,347,true],"large":["https:\/\/quehacerpolitico.mx\/wp-content\/uploads\/2023\/06\/IMG_8189-1024x555.jpeg",640,347,true],"1536x1536":["https:\/\/quehacerpolitico.mx\/wp-content\/uploads\/2023\/06\/IMG_8189.jpeg",1284,696,false],"2048x2048":["https:\/\/quehacerpolitico.mx\/wp-content\/uploads\/2023\/06\/IMG_8189.jpeg",1284,696,false],"covernews-featured":["https:\/\/quehacerpolitico.mx\/wp-content\/uploads\/2023\/06\/IMG_8189.jpeg",1024,555,false],"covernews-medium":["https:\/\/quehacerpolitico.mx\/wp-content\/uploads\/2023\/06\/IMG_8189.jpeg",540,293,false]},"author_info":{"display_name":"Redacci\u00f3n QP","author_link":"https:\/\/quehacerpolitico.mx\/?author=2"},"category_info":"<a href=\"https:\/\/quehacerpolitico.mx\/?cat=2\" rel=\"category\">Noticias<\/a>","tag_info":"Noticias","comment_count":"0","_links":{"self":[{"href":"https:\/\/quehacerpolitico.mx\/index.php?rest_route=\/wp\/v2\/posts\/101539","targetHints":{"allow":["GET"]}}],"collection":[{"href":"https:\/\/quehacerpolitico.mx\/index.php?rest_route=\/wp\/v2\/posts"}],"about":[{"href":"https:\/\/quehacerpolitico.mx\/index.php?rest_route=\/wp\/v2\/types\/post"}],"author":[{"embeddable":true,"href":"https:\/\/quehacerpolitico.mx\/index.php?rest_route=\/wp\/v2\/users\/2"}],"replies":[{"embeddable":true,"href":"https:\/\/quehacerpolitico.mx\/index.php?rest_route=%2Fwp%2Fv2%2Fcomments&post=101539"}],"version-history":[{"count":1,"href":"https:\/\/quehacerpolitico.mx\/index.php?rest_route=\/wp\/v2\/posts\/101539\/revisions"}],"predecessor-version":[{"id":101542,"href":"https:\/\/quehacerpolitico.mx\/index.php?rest_route=\/wp\/v2\/posts\/101539\/revisions\/101542"}],"wp:featuredmedia":[{"embeddable":true,"href":"https:\/\/quehacerpolitico.mx\/index.php?rest_route=\/wp\/v2\/media\/101541"}],"wp:attachment":[{"href":"https:\/\/quehacerpolitico.mx\/index.php?rest_route=%2Fwp%2Fv2%2Fmedia&parent=101539"}],"wp:term":[{"taxonomy":"category","embeddable":true,"href":"https:\/\/quehacerpolitico.mx\/index.php?rest_route=%2Fwp%2Fv2%2Fcategories&post=101539"},{"taxonomy":"post_tag","embeddable":true,"href":"https:\/\/quehacerpolitico.mx\/index.php?rest_route=%2Fwp%2Fv2%2Ftags&post=101539"}],"curies":[{"name":"wp","href":"https:\/\/api.w.org\/{rel}","templated":true}]}}