{"id":101512,"date":"2023-06-02T01:59:31","date_gmt":"2023-06-02T01:59:31","guid":{"rendered":"https:\/\/quehacerpolitico.mx\/?p=101512"},"modified":"2023-06-02T01:59:34","modified_gmt":"2023-06-02T01:59:34","slug":"alexa-moreno-y-jorge-cardenas-seran-abanderados-de-mexico-en-juegos-centroamericanos-y-del-caribe","status":"publish","type":"post","link":"https:\/\/quehacerpolitico.mx\/?p=101512","title":{"rendered":"Alexa Moreno y Jorge C\u00e1rdenas ser\u00e1n abanderados de M\u00e9xico en Juegos Centroamericanos y del Caribe"},"content":{"rendered":"\n<p>Por Redacci\u00f3n QP<\/p>\n\n\n\n<p>La gimnasta y el halterista fueron elegidos para representar al pa\u00eds debido a sus destacados m\u00e9ritos deportivos en competencias internacionales.<\/p>\n\n\n\n<p>El Comit\u00e9 Ol\u00edmpico Mexicano dio a conocer de manera oficial a los atletas mexicanos que tendr\u00e1n el honor de ser los abanderados durante los Juegos Centroamericanos y del Caribe en San Salvador. La gimnasta Alexa Moreno y el halterista Jorge C\u00e1rdenas fueron elegidos debido a sus m\u00e9ritos deportivos en competencias alrededor del mundo.<\/p>\n\n\n\n<p>La presidenta del Comit\u00e9 Ol\u00edmpico Mexicano (COM), Mar\u00eda Jos\u00e9 Alcal\u00e1 tambi\u00e9n inform\u00f3 que Moreno y C\u00e1rdenas desfilar\u00e1n el pr\u00f3ximo 23 de junio en la inauguraci\u00f3n de los juegos, en el Estadio Nacional Jorge &#8220;El M\u00e1gico&#8221; Gonz\u00e1lez&#8221; en El Salvador.<\/p>\n\n\n\n<p>\u00bfQui\u00e9nes son Alexa Moreno y Jorge C\u00e1rdenas? Alexa Moreno, oriunda de Mexicali, Baja California, naci\u00f3 el 8 de agosto de 1994 y se desempe\u00f1a como gimnasta especialista en salto de caballo. Debut\u00f3 en los Juegos Ol\u00edmpicos de R\u00edo 2016, sin embargo, cuatro a\u00f1os despu\u00e9s brill\u00f3 en Tokio al obtener el cuarto lugar en su disciplina. Del mismo modo ha brillado en ediciones de la Copa del Mundo como en Qatar 2018 donde obtuvo la medalla de bronce y en Portugal 2016 donde alcanz\u00f3 la plata. Por su parte, Jorge C\u00e1rdenas de Culiac\u00e1n, Sinaloa naci\u00f3 el 21 de abril de 1997 e impresion\u00f3 con su destacada actuaci\u00f3n en los Juegos Ol\u00edmpicos de Tokio donde termin\u00f3 en la plaza n\u00famero 11 de la categor\u00eda de los 73 kilogramos. De igual manera, se colg\u00f3 la plata en el Campeonato Panamericano de Bogot\u00e1 2022 y un bronce en Bariloche 2023. Sumado a ello, tuvo participaci\u00f3n en el Campeonato Sudamericano, Iberoamericano y en el Open de levantamiento, obteniendo tres preseas de plata y otras tres de bronce.<\/p>\n\n\n\n<figure class=\"wp-block-embed is-type-rich is-provider-twitter wp-block-embed-twitter\"><div class=\"wp-block-embed__wrapper\">\n<blockquote class=\"twitter-tweet\" data-width=\"550\" data-dnt=\"true\"><p lang=\"es\" dir=\"ltr\">Ser\u00e1 <a href=\"https:\/\/twitter.com\/alexa_moreno_mx?ref_src=twsrc%5Etfw\">@alexa_moreno_mx<\/a> junto con Jorge C\u00e1rdenas de halterofilia los abanderados de M\u00e9xico para Centroamericanos en San Salvador <a href=\"https:\/\/t.co\/VtaVW9qK0G\">pic.twitter.com\/VtaVW9qK0G<\/a><\/p>&mdash; FERNANDO SCHWARTZ #nuncabajolosbrazos (@fersch_4) <a href=\"https:\/\/twitter.com\/fersch_4\/status\/1664351512217133060?ref_src=twsrc%5Etfw\">June 1, 2023<\/a><\/blockquote><script async src=\"https:\/\/platform.twitter.com\/widgets.js\" charset=\"utf-8\"><\/script>\n<\/div><\/figure>\n\n\n\n<p>El enfoque est\u00e1 en Panamericanos Cabe destacar que la titular de la Comisi\u00f3n Nacional de Cultura F\u00edsica y Deporte (CONADE), Ana Gabriela Guevara recalc\u00f3 en noviembre de 2022 que el enfoque de la delegaci\u00f3n mexicana estar\u00e1 principalmente en los Juegos Panamericanos de Santiago de Chile, mismos que se llevar\u00e1n a cabo en octubre del presente a\u00f1o. Por lo que el representativo nacional en Centroamericanos estar\u00e1 conformado en su mayor\u00eda por atletas juveniles.<\/p>\n\n\n\n<p>Con Informaci\u00f3n de Medio Tiempo<\/p>\n","protected":false},"excerpt":{"rendered":"<p>Por Redacci\u00f3n QP La gimnasta y el halterista fueron elegidos para representar al pa\u00eds debido&#8230;<\/p>\n","protected":false},"author":2,"featured_media":101513,"comment_status":"open","ping_status":"open","sticky":false,"template":"","format":"standard","meta":{"_monsterinsights_skip_tracking":false,"_monsterinsights_sitenote_active":false,"_monsterinsights_sitenote_note":"","_monsterinsights_sitenote_category":0,"footnotes":""},"categories":[54],"tags":[],"class_list":["post-101512","post","type-post","status-publish","format-standard","has-post-thumbnail","hentry","category-deportes"],"yoast_head":"<!-- This site is optimized with the Yoast SEO plugin v27.3 - https:\/\/yoast.com\/product\/yoast-seo-wordpress\/ -->\n<title>Alexa Moreno y Jorge C\u00e1rdenas ser\u00e1n abanderados de M\u00e9xico en Juegos Centroamericanos y del Caribe -<\/title>\n<meta name=\"robots\" content=\"index, follow, max-snippet:-1, max-image-preview:large, max-video-preview:-1\" \/>\n<link rel=\"canonical\" href=\"https:\/\/quehacerpolitico.mx\/?p=101512\" \/>\n<meta property=\"og:locale\" content=\"es_MX\" \/>\n<meta property=\"og:type\" content=\"article\" \/>\n<meta property=\"og:title\" content=\"Alexa Moreno y Jorge C\u00e1rdenas ser\u00e1n abanderados de M\u00e9xico en Juegos Centroamericanos y del Caribe -\" \/>\n<meta property=\"og:description\" content=\"Por Redacci\u00f3n QP La gimnasta y el halterista fueron elegidos para representar al pa\u00eds debido...\" \/>\n<meta property=\"og:url\" content=\"https:\/\/quehacerpolitico.mx\/?p=101512\" \/>\n<meta property=\"article:published_time\" content=\"2023-06-02T01:59:31+00:00\" \/>\n<meta property=\"article:modified_time\" content=\"2023-06-02T01:59:34+00:00\" \/>\n<meta property=\"og:image\" content=\"https:\/\/quehacerpolitico.mx\/wp-content\/uploads\/2023\/06\/IMG_8167.jpeg\" \/>\n\t<meta property=\"og:image:width\" content=\"689\" \/>\n\t<meta property=\"og:image:height\" content=\"445\" \/>\n\t<meta property=\"og:image:type\" content=\"image\/jpeg\" \/>\n<meta name=\"author\" content=\"Redacci\u00f3n QP\" \/>\n<meta name=\"twitter:card\" content=\"summary_large_image\" \/>\n<meta name=\"twitter:label1\" content=\"Escrito por\" \/>\n\t<meta name=\"twitter:data1\" content=\"Redacci\u00f3n QP\" \/>\n\t<meta name=\"twitter:label2\" content=\"Tiempo de lectura\" \/>\n\t<meta name=\"twitter:data2\" content=\"2 minutos\" \/>\n<script type=\"application\/ld+json\" class=\"yoast-schema-graph\">{\"@context\":\"https:\\\/\\\/schema.org\",\"@graph\":[{\"@type\":\"Article\",\"@id\":\"https:\\\/\\\/quehacerpolitico.mx\\\/?p=101512#article\",\"isPartOf\":{\"@id\":\"https:\\\/\\\/quehacerpolitico.mx\\\/?p=101512\"},\"author\":{\"name\":\"Redacci\u00f3n QP\",\"@id\":\"https:\\\/\\\/quehacerpolitico.mx\\\/#\\\/schema\\\/person\\\/496d8ad2d1d3f8036101dca7ee39e585\"},\"headline\":\"Alexa Moreno y Jorge C\u00e1rdenas ser\u00e1n abanderados de M\u00e9xico en Juegos Centroamericanos y del Caribe\",\"datePublished\":\"2023-06-02T01:59:31+00:00\",\"dateModified\":\"2023-06-02T01:59:34+00:00\",\"mainEntityOfPage\":{\"@id\":\"https:\\\/\\\/quehacerpolitico.mx\\\/?p=101512\"},\"wordCount\":417,\"commentCount\":0,\"image\":{\"@id\":\"https:\\\/\\\/quehacerpolitico.mx\\\/?p=101512#primaryimage\"},\"thumbnailUrl\":\"https:\\\/\\\/quehacerpolitico.mx\\\/wp-content\\\/uploads\\\/2023\\\/06\\\/IMG_8167.jpeg\",\"articleSection\":[\"Deportes\"],\"inLanguage\":\"es\",\"potentialAction\":[{\"@type\":\"CommentAction\",\"name\":\"Comment\",\"target\":[\"https:\\\/\\\/quehacerpolitico.mx\\\/?p=101512#respond\"]}]},{\"@type\":\"WebPage\",\"@id\":\"https:\\\/\\\/quehacerpolitico.mx\\\/?p=101512\",\"url\":\"https:\\\/\\\/quehacerpolitico.mx\\\/?p=101512\",\"name\":\"Alexa Moreno y Jorge C\u00e1rdenas ser\u00e1n abanderados de M\u00e9xico en Juegos Centroamericanos y del Caribe -\",\"isPartOf\":{\"@id\":\"https:\\\/\\\/quehacerpolitico.mx\\\/#website\"},\"primaryImageOfPage\":{\"@id\":\"https:\\\/\\\/quehacerpolitico.mx\\\/?p=101512#primaryimage\"},\"image\":{\"@id\":\"https:\\\/\\\/quehacerpolitico.mx\\\/?p=101512#primaryimage\"},\"thumbnailUrl\":\"https:\\\/\\\/quehacerpolitico.mx\\\/wp-content\\\/uploads\\\/2023\\\/06\\\/IMG_8167.jpeg\",\"datePublished\":\"2023-06-02T01:59:31+00:00\",\"dateModified\":\"2023-06-02T01:59:34+00:00\",\"author\":{\"@id\":\"https:\\\/\\\/quehacerpolitico.mx\\\/#\\\/schema\\\/person\\\/496d8ad2d1d3f8036101dca7ee39e585\"},\"breadcrumb\":{\"@id\":\"https:\\\/\\\/quehacerpolitico.mx\\\/?p=101512#breadcrumb\"},\"inLanguage\":\"es\",\"potentialAction\":[{\"@type\":\"ReadAction\",\"target\":[\"https:\\\/\\\/quehacerpolitico.mx\\\/?p=101512\"]}]},{\"@type\":\"ImageObject\",\"inLanguage\":\"es\",\"@id\":\"https:\\\/\\\/quehacerpolitico.mx\\\/?p=101512#primaryimage\",\"url\":\"https:\\\/\\\/quehacerpolitico.mx\\\/wp-content\\\/uploads\\\/2023\\\/06\\\/IMG_8167.jpeg\",\"contentUrl\":\"https:\\\/\\\/quehacerpolitico.mx\\\/wp-content\\\/uploads\\\/2023\\\/06\\\/IMG_8167.jpeg\",\"width\":689,\"height\":445},{\"@type\":\"BreadcrumbList\",\"@id\":\"https:\\\/\\\/quehacerpolitico.mx\\\/?p=101512#breadcrumb\",\"itemListElement\":[{\"@type\":\"ListItem\",\"position\":1,\"name\":\"Inicio\",\"item\":\"https:\\\/\\\/quehacerpolitico.mx\\\/\"},{\"@type\":\"ListItem\",\"position\":2,\"name\":\"Alexa Moreno y Jorge C\u00e1rdenas ser\u00e1n abanderados de M\u00e9xico en Juegos Centroamericanos y del Caribe\"}]},{\"@type\":\"WebSite\",\"@id\":\"https:\\\/\\\/quehacerpolitico.mx\\\/#website\",\"url\":\"https:\\\/\\\/quehacerpolitico.mx\\\/\",\"name\":\"\",\"description\":\"\",\"potentialAction\":[{\"@type\":\"SearchAction\",\"target\":{\"@type\":\"EntryPoint\",\"urlTemplate\":\"https:\\\/\\\/quehacerpolitico.mx\\\/?s={search_term_string}\"},\"query-input\":{\"@type\":\"PropertyValueSpecification\",\"valueRequired\":true,\"valueName\":\"search_term_string\"}}],\"inLanguage\":\"es\"},{\"@type\":\"Person\",\"@id\":\"https:\\\/\\\/quehacerpolitico.mx\\\/#\\\/schema\\\/person\\\/496d8ad2d1d3f8036101dca7ee39e585\",\"name\":\"Redacci\u00f3n QP\",\"image\":{\"@type\":\"ImageObject\",\"inLanguage\":\"es\",\"@id\":\"https:\\\/\\\/secure.gravatar.com\\\/avatar\\\/c7164ed6fdec453195284ad24a5ae5b6e1eed2b848477fa2a4787ba9adf39a41?s=96&d=mm&r=g\",\"url\":\"https:\\\/\\\/secure.gravatar.com\\\/avatar\\\/c7164ed6fdec453195284ad24a5ae5b6e1eed2b848477fa2a4787ba9adf39a41?s=96&d=mm&r=g\",\"contentUrl\":\"https:\\\/\\\/secure.gravatar.com\\\/avatar\\\/c7164ed6fdec453195284ad24a5ae5b6e1eed2b848477fa2a4787ba9adf39a41?s=96&d=mm&r=g\",\"caption\":\"Redacci\u00f3n QP\"},\"url\":\"https:\\\/\\\/quehacerpolitico.mx\\\/?author=2\"}]}<\/script>\n<!-- \/ Yoast SEO plugin. -->","yoast_head_json":{"title":"Alexa Moreno y Jorge C\u00e1rdenas ser\u00e1n abanderados de M\u00e9xico en Juegos Centroamericanos y del Caribe -","robots":{"index":"index","follow":"follow","max-snippet":"max-snippet:-1","max-image-preview":"max-image-preview:large","max-video-preview":"max-video-preview:-1"},"canonical":"https:\/\/quehacerpolitico.mx\/?p=101512","og_locale":"es_MX","og_type":"article","og_title":"Alexa Moreno y Jorge C\u00e1rdenas ser\u00e1n abanderados de M\u00e9xico en Juegos Centroamericanos y del Caribe -","og_description":"Por Redacci\u00f3n QP La gimnasta y el halterista fueron elegidos para representar al pa\u00eds debido...","og_url":"https:\/\/quehacerpolitico.mx\/?p=101512","article_published_time":"2023-06-02T01:59:31+00:00","article_modified_time":"2023-06-02T01:59:34+00:00","og_image":[{"width":689,"height":445,"url":"https:\/\/quehacerpolitico.mx\/wp-content\/uploads\/2023\/06\/IMG_8167.jpeg","type":"image\/jpeg"}],"author":"Redacci\u00f3n QP","twitter_card":"summary_large_image","twitter_misc":{"Escrito por":"Redacci\u00f3n QP","Tiempo de lectura":"2 minutos"},"schema":{"@context":"https:\/\/schema.org","@graph":[{"@type":"Article","@id":"https:\/\/quehacerpolitico.mx\/?p=101512#article","isPartOf":{"@id":"https:\/\/quehacerpolitico.mx\/?p=101512"},"author":{"name":"Redacci\u00f3n QP","@id":"https:\/\/quehacerpolitico.mx\/#\/schema\/person\/496d8ad2d1d3f8036101dca7ee39e585"},"headline":"Alexa Moreno y Jorge C\u00e1rdenas ser\u00e1n abanderados de M\u00e9xico en Juegos Centroamericanos y del Caribe","datePublished":"2023-06-02T01:59:31+00:00","dateModified":"2023-06-02T01:59:34+00:00","mainEntityOfPage":{"@id":"https:\/\/quehacerpolitico.mx\/?p=101512"},"wordCount":417,"commentCount":0,"image":{"@id":"https:\/\/quehacerpolitico.mx\/?p=101512#primaryimage"},"thumbnailUrl":"https:\/\/quehacerpolitico.mx\/wp-content\/uploads\/2023\/06\/IMG_8167.jpeg","articleSection":["Deportes"],"inLanguage":"es","potentialAction":[{"@type":"CommentAction","name":"Comment","target":["https:\/\/quehacerpolitico.mx\/?p=101512#respond"]}]},{"@type":"WebPage","@id":"https:\/\/quehacerpolitico.mx\/?p=101512","url":"https:\/\/quehacerpolitico.mx\/?p=101512","name":"Alexa Moreno y Jorge C\u00e1rdenas ser\u00e1n abanderados de M\u00e9xico en Juegos Centroamericanos y del Caribe -","isPartOf":{"@id":"https:\/\/quehacerpolitico.mx\/#website"},"primaryImageOfPage":{"@id":"https:\/\/quehacerpolitico.mx\/?p=101512#primaryimage"},"image":{"@id":"https:\/\/quehacerpolitico.mx\/?p=101512#primaryimage"},"thumbnailUrl":"https:\/\/quehacerpolitico.mx\/wp-content\/uploads\/2023\/06\/IMG_8167.jpeg","datePublished":"2023-06-02T01:59:31+00:00","dateModified":"2023-06-02T01:59:34+00:00","author":{"@id":"https:\/\/quehacerpolitico.mx\/#\/schema\/person\/496d8ad2d1d3f8036101dca7ee39e585"},"breadcrumb":{"@id":"https:\/\/quehacerpolitico.mx\/?p=101512#breadcrumb"},"inLanguage":"es","potentialAction":[{"@type":"ReadAction","target":["https:\/\/quehacerpolitico.mx\/?p=101512"]}]},{"@type":"ImageObject","inLanguage":"es","@id":"https:\/\/quehacerpolitico.mx\/?p=101512#primaryimage","url":"https:\/\/quehacerpolitico.mx\/wp-content\/uploads\/2023\/06\/IMG_8167.jpeg","contentUrl":"https:\/\/quehacerpolitico.mx\/wp-content\/uploads\/2023\/06\/IMG_8167.jpeg","width":689,"height":445},{"@type":"BreadcrumbList","@id":"https:\/\/quehacerpolitico.mx\/?p=101512#breadcrumb","itemListElement":[{"@type":"ListItem","position":1,"name":"Inicio","item":"https:\/\/quehacerpolitico.mx\/"},{"@type":"ListItem","position":2,"name":"Alexa Moreno y Jorge C\u00e1rdenas ser\u00e1n abanderados de M\u00e9xico en Juegos Centroamericanos y del Caribe"}]},{"@type":"WebSite","@id":"https:\/\/quehacerpolitico.mx\/#website","url":"https:\/\/quehacerpolitico.mx\/","name":"","description":"","potentialAction":[{"@type":"SearchAction","target":{"@type":"EntryPoint","urlTemplate":"https:\/\/quehacerpolitico.mx\/?s={search_term_string}"},"query-input":{"@type":"PropertyValueSpecification","valueRequired":true,"valueName":"search_term_string"}}],"inLanguage":"es"},{"@type":"Person","@id":"https:\/\/quehacerpolitico.mx\/#\/schema\/person\/496d8ad2d1d3f8036101dca7ee39e585","name":"Redacci\u00f3n QP","image":{"@type":"ImageObject","inLanguage":"es","@id":"https:\/\/secure.gravatar.com\/avatar\/c7164ed6fdec453195284ad24a5ae5b6e1eed2b848477fa2a4787ba9adf39a41?s=96&d=mm&r=g","url":"https:\/\/secure.gravatar.com\/avatar\/c7164ed6fdec453195284ad24a5ae5b6e1eed2b848477fa2a4787ba9adf39a41?s=96&d=mm&r=g","contentUrl":"https:\/\/secure.gravatar.com\/avatar\/c7164ed6fdec453195284ad24a5ae5b6e1eed2b848477fa2a4787ba9adf39a41?s=96&d=mm&r=g","caption":"Redacci\u00f3n QP"},"url":"https:\/\/quehacerpolitico.mx\/?author=2"}]}},"featured_image_urls":{"full":["https:\/\/quehacerpolitico.mx\/wp-content\/uploads\/2023\/06\/IMG_8167.jpeg",689,445,false],"thumbnail":["https:\/\/quehacerpolitico.mx\/wp-content\/uploads\/2023\/06\/IMG_8167-150x150.jpeg",150,150,true],"medium":["https:\/\/quehacerpolitico.mx\/wp-content\/uploads\/2023\/06\/IMG_8167-300x194.jpeg",300,194,true],"medium_large":["https:\/\/quehacerpolitico.mx\/wp-content\/uploads\/2023\/06\/IMG_8167.jpeg",640,413,false],"large":["https:\/\/quehacerpolitico.mx\/wp-content\/uploads\/2023\/06\/IMG_8167.jpeg",640,413,false],"1536x1536":["https:\/\/quehacerpolitico.mx\/wp-content\/uploads\/2023\/06\/IMG_8167.jpeg",689,445,false],"2048x2048":["https:\/\/quehacerpolitico.mx\/wp-content\/uploads\/2023\/06\/IMG_8167.jpeg",689,445,false],"covernews-featured":["https:\/\/quehacerpolitico.mx\/wp-content\/uploads\/2023\/06\/IMG_8167.jpeg",689,445,false],"covernews-medium":["https:\/\/quehacerpolitico.mx\/wp-content\/uploads\/2023\/06\/IMG_8167.jpeg",526,340,false]},"author_info":{"display_name":"Redacci\u00f3n QP","author_link":"https:\/\/quehacerpolitico.mx\/?author=2"},"category_info":"<a href=\"https:\/\/quehacerpolitico.mx\/?cat=54\" rel=\"category\">Deportes<\/a>","tag_info":"Deportes","comment_count":"0","_links":{"self":[{"href":"https:\/\/quehacerpolitico.mx\/index.php?rest_route=\/wp\/v2\/posts\/101512","targetHints":{"allow":["GET"]}}],"collection":[{"href":"https:\/\/quehacerpolitico.mx\/index.php?rest_route=\/wp\/v2\/posts"}],"about":[{"href":"https:\/\/quehacerpolitico.mx\/index.php?rest_route=\/wp\/v2\/types\/post"}],"author":[{"embeddable":true,"href":"https:\/\/quehacerpolitico.mx\/index.php?rest_route=\/wp\/v2\/users\/2"}],"replies":[{"embeddable":true,"href":"https:\/\/quehacerpolitico.mx\/index.php?rest_route=%2Fwp%2Fv2%2Fcomments&post=101512"}],"version-history":[{"count":1,"href":"https:\/\/quehacerpolitico.mx\/index.php?rest_route=\/wp\/v2\/posts\/101512\/revisions"}],"predecessor-version":[{"id":101514,"href":"https:\/\/quehacerpolitico.mx\/index.php?rest_route=\/wp\/v2\/posts\/101512\/revisions\/101514"}],"wp:featuredmedia":[{"embeddable":true,"href":"https:\/\/quehacerpolitico.mx\/index.php?rest_route=\/wp\/v2\/media\/101513"}],"wp:attachment":[{"href":"https:\/\/quehacerpolitico.mx\/index.php?rest_route=%2Fwp%2Fv2%2Fmedia&parent=101512"}],"wp:term":[{"taxonomy":"category","embeddable":true,"href":"https:\/\/quehacerpolitico.mx\/index.php?rest_route=%2Fwp%2Fv2%2Fcategories&post=101512"},{"taxonomy":"post_tag","embeddable":true,"href":"https:\/\/quehacerpolitico.mx\/index.php?rest_route=%2Fwp%2Fv2%2Ftags&post=101512"}],"curies":[{"name":"wp","href":"https:\/\/api.w.org\/{rel}","templated":true}]}}