{"id":101509,"date":"2023-06-02T01:29:59","date_gmt":"2023-06-02T01:29:59","guid":{"rendered":"https:\/\/quehacerpolitico.mx\/?p=101509"},"modified":"2023-06-02T01:30:02","modified_gmt":"2023-06-02T01:30:02","slug":"me-gustaria-ser-la-proxima-secretaria-de-seguridad-ciudadana-conozco-el-origen-del-crimen-sandra-cuevas","status":"publish","type":"post","link":"https:\/\/quehacerpolitico.mx\/?p=101509","title":{"rendered":"ME GUSTAR\u00cdA SER LA PR\u00d3XIMA SECRETARIA DE SEGURIDAD CIUDADANA, CONOZCO EL ORIGEN DEL CRIMEN: SANDRA CUEVAS"},"content":{"rendered":"\n<p>Por Redacci\u00f3n QP<\/p>\n\n\n\n<p>Sandra Cuevas, Alcaldesa de Cuauht\u00e9moc asegur\u00f3 que apoyar\u00e1 a Santiago Taboada o Adri\u00e1n Rubalcava como candidatos a la Jefatura de Gobierno de la Ciudad de M\u00e9xico y dijo que \u201cme gustar\u00eda ser la pr\u00f3xima Secretaria de Seguridad Ciudadana, conozco el origen del crimen\u201d.<\/p>\n\n\n\n<p>En entrevista televisiva, reiter\u00f3 que&nbsp;mantendr\u00e1 el mismo ritmo de trabajo, en la demarcaci\u00f3n, en lo que resta su administraci\u00f3n para demostrarle a Morena lo que no supo hacer en su momento.<\/p>\n\n\n\n<p>Indic\u00f3 que en 2024 apoyar\u00e1 a la Alianza opositora &nbsp;\u201cporque est\u00e1 ganar\u00e1 la Ciudad de M\u00e9xico\u201d.<\/p>\n\n\n\n<p>Por lo anterior ratific\u00f3 que apoyar\u00e1 con todo y agreg\u00f3: \u201cme gustar\u00e1 que fuera Santiago Taboada, Alcalde de Benito Ju\u00e1rez o Adri\u00e1n Rubalcava, Alcalde de Cuajimalpa, por ser dos seres bien hechos que saben lo que est\u00e1 pasando en la Ciudad y tendr\u00edamos una ciudad de primer mundo\u201d.<\/p>\n\n\n\n<p>\u201cMe gustar\u00eda apoyarlos y estar con cualquiera de ellos en el tema de seguridad\u201d, recalc\u00f3.<\/p>\n\n\n\n<figure class=\"wp-block-embed is-type-rich is-provider-twitter wp-block-embed-twitter\"><div class=\"wp-block-embed__wrapper\">\n<blockquote class=\"twitter-tweet\" data-width=\"550\" data-dnt=\"true\"><p lang=\"es\" dir=\"ltr\">En el <a href=\"https:\/\/twitter.com\/heraldodemexico?ref_src=twsrc%5Etfw\">@heraldodemexico<\/a>, refrend\u00e9 mi apoyo total a la alianza PAN-PRI-PRD, a sus legisladores, a mis compa\u00f1eros alcaldes de la <a href=\"https:\/\/twitter.com\/hashtag\/UNA?src=hash&amp;ref_src=twsrc%5Etfw\">#UNA<\/a>: 9 de 16. Es el momento de la alternancia en la <a href=\"https:\/\/twitter.com\/hashtag\/CDMX?src=hash&amp;ref_src=twsrc%5Etfw\">#CDMX<\/a>. Me compromet\u00ed a continuar dando resultados, tienen alcaldesa de 24 horas y <a href=\"https:\/\/twitter.com\/hashtag\/VamosPorM%C3%A1s?src=hash&amp;ref_src=twsrc%5Etfw\">#VamosPorM\u00e1s<\/a>. <a href=\"https:\/\/twitter.com\/hashtag\/SCA?src=hash&amp;ref_src=twsrc%5Etfw\">#SCA<\/a> <a href=\"https:\/\/t.co\/pSl7XMttd8\">pic.twitter.com\/pSl7XMttd8<\/a><\/p>&mdash; Sandra Cuevas (@SandraCuevas_) <a href=\"https:\/\/twitter.com\/SandraCuevas_\/status\/1664086900930498560?ref_src=twsrc%5Etfw\">June 1, 2023<\/a><\/blockquote><script async src=\"https:\/\/platform.twitter.com\/widgets.js\" charset=\"utf-8\"><\/script>\n<\/div><\/figure>\n\n\n\n<p>La Alcaldesa coment\u00f3 que \u201csi tuviera la posibilidad de tomar una decisi\u00f3n, ahorita, me gustar\u00eda la Secretar\u00eda de Seguridad Ciudadana y entrarle con todo en materia de seguridad\u201d.<\/p>\n\n\n\n<p>Dijo: \u201ccuento con la capacidad para acabar con los delincuentes, con lo que le hace tanto da\u00f1o a la ciudad y adem\u00e1s no me tiembla la mano para hacer absolutamente nada\u201d.<\/p>\n","protected":false},"excerpt":{"rendered":"<p>Por Redacci\u00f3n QP Sandra Cuevas, Alcaldesa de Cuauht\u00e9moc asegur\u00f3 que apoyar\u00e1 a Santiago Taboada o&#8230;<\/p>\n","protected":false},"author":2,"featured_media":101510,"comment_status":"open","ping_status":"open","sticky":false,"template":"","format":"standard","meta":{"_monsterinsights_skip_tracking":false,"_monsterinsights_sitenote_active":false,"_monsterinsights_sitenote_note":"","_monsterinsights_sitenote_category":0,"footnotes":""},"categories":[55],"tags":[],"class_list":["post-101509","post","type-post","status-publish","format-standard","has-post-thumbnail","hentry","category-cdmx"],"yoast_head":"<!-- This site is optimized with the Yoast SEO plugin v27.3 - https:\/\/yoast.com\/product\/yoast-seo-wordpress\/ -->\n<title>ME GUSTAR\u00cdA SER LA PR\u00d3XIMA SECRETARIA DE SEGURIDAD CIUDADANA, CONOZCO EL ORIGEN DEL CRIMEN: SANDRA CUEVAS -<\/title>\n<meta name=\"robots\" content=\"index, follow, max-snippet:-1, max-image-preview:large, max-video-preview:-1\" \/>\n<link rel=\"canonical\" href=\"https:\/\/quehacerpolitico.mx\/?p=101509\" \/>\n<meta property=\"og:locale\" content=\"es_MX\" \/>\n<meta property=\"og:type\" content=\"article\" \/>\n<meta property=\"og:title\" content=\"ME GUSTAR\u00cdA SER LA PR\u00d3XIMA SECRETARIA DE SEGURIDAD CIUDADANA, CONOZCO EL ORIGEN DEL CRIMEN: SANDRA CUEVAS -\" \/>\n<meta property=\"og:description\" content=\"Por Redacci\u00f3n QP Sandra Cuevas, Alcaldesa de Cuauht\u00e9moc asegur\u00f3 que apoyar\u00e1 a Santiago Taboada o...\" \/>\n<meta property=\"og:url\" content=\"https:\/\/quehacerpolitico.mx\/?p=101509\" \/>\n<meta property=\"article:published_time\" content=\"2023-06-02T01:29:59+00:00\" \/>\n<meta property=\"article:modified_time\" content=\"2023-06-02T01:30:02+00:00\" \/>\n<meta property=\"og:image\" content=\"https:\/\/quehacerpolitico.mx\/wp-content\/uploads\/2023\/06\/c0879665-5fb0-4006-aaa8-2c6f12a36eab.jpeg\" \/>\n\t<meta property=\"og:image:width\" content=\"842\" \/>\n\t<meta property=\"og:image:height\" content=\"900\" \/>\n\t<meta property=\"og:image:type\" content=\"image\/jpeg\" \/>\n<meta name=\"author\" content=\"Redacci\u00f3n QP\" \/>\n<meta name=\"twitter:card\" content=\"summary_large_image\" \/>\n<meta name=\"twitter:label1\" content=\"Escrito por\" \/>\n\t<meta name=\"twitter:data1\" content=\"Redacci\u00f3n QP\" \/>\n\t<meta name=\"twitter:label2\" content=\"Tiempo de lectura\" \/>\n\t<meta name=\"twitter:data2\" content=\"1 minuto\" \/>\n<script type=\"application\/ld+json\" class=\"yoast-schema-graph\">{\"@context\":\"https:\\\/\\\/schema.org\",\"@graph\":[{\"@type\":\"Article\",\"@id\":\"https:\\\/\\\/quehacerpolitico.mx\\\/?p=101509#article\",\"isPartOf\":{\"@id\":\"https:\\\/\\\/quehacerpolitico.mx\\\/?p=101509\"},\"author\":{\"name\":\"Redacci\u00f3n QP\",\"@id\":\"https:\\\/\\\/quehacerpolitico.mx\\\/#\\\/schema\\\/person\\\/496d8ad2d1d3f8036101dca7ee39e585\"},\"headline\":\"ME GUSTAR\u00cdA SER LA PR\u00d3XIMA SECRETARIA DE SEGURIDAD CIUDADANA, CONOZCO EL ORIGEN DEL CRIMEN: SANDRA CUEVAS\",\"datePublished\":\"2023-06-02T01:29:59+00:00\",\"dateModified\":\"2023-06-02T01:30:02+00:00\",\"mainEntityOfPage\":{\"@id\":\"https:\\\/\\\/quehacerpolitico.mx\\\/?p=101509\"},\"wordCount\":264,\"commentCount\":0,\"image\":{\"@id\":\"https:\\\/\\\/quehacerpolitico.mx\\\/?p=101509#primaryimage\"},\"thumbnailUrl\":\"https:\\\/\\\/quehacerpolitico.mx\\\/wp-content\\\/uploads\\\/2023\\\/06\\\/c0879665-5fb0-4006-aaa8-2c6f12a36eab.jpeg\",\"articleSection\":[\"CDMX\"],\"inLanguage\":\"es\",\"potentialAction\":[{\"@type\":\"CommentAction\",\"name\":\"Comment\",\"target\":[\"https:\\\/\\\/quehacerpolitico.mx\\\/?p=101509#respond\"]}]},{\"@type\":\"WebPage\",\"@id\":\"https:\\\/\\\/quehacerpolitico.mx\\\/?p=101509\",\"url\":\"https:\\\/\\\/quehacerpolitico.mx\\\/?p=101509\",\"name\":\"ME GUSTAR\u00cdA SER LA PR\u00d3XIMA SECRETARIA DE SEGURIDAD CIUDADANA, CONOZCO EL ORIGEN DEL CRIMEN: SANDRA CUEVAS -\",\"isPartOf\":{\"@id\":\"https:\\\/\\\/quehacerpolitico.mx\\\/#website\"},\"primaryImageOfPage\":{\"@id\":\"https:\\\/\\\/quehacerpolitico.mx\\\/?p=101509#primaryimage\"},\"image\":{\"@id\":\"https:\\\/\\\/quehacerpolitico.mx\\\/?p=101509#primaryimage\"},\"thumbnailUrl\":\"https:\\\/\\\/quehacerpolitico.mx\\\/wp-content\\\/uploads\\\/2023\\\/06\\\/c0879665-5fb0-4006-aaa8-2c6f12a36eab.jpeg\",\"datePublished\":\"2023-06-02T01:29:59+00:00\",\"dateModified\":\"2023-06-02T01:30:02+00:00\",\"author\":{\"@id\":\"https:\\\/\\\/quehacerpolitico.mx\\\/#\\\/schema\\\/person\\\/496d8ad2d1d3f8036101dca7ee39e585\"},\"breadcrumb\":{\"@id\":\"https:\\\/\\\/quehacerpolitico.mx\\\/?p=101509#breadcrumb\"},\"inLanguage\":\"es\",\"potentialAction\":[{\"@type\":\"ReadAction\",\"target\":[\"https:\\\/\\\/quehacerpolitico.mx\\\/?p=101509\"]}]},{\"@type\":\"ImageObject\",\"inLanguage\":\"es\",\"@id\":\"https:\\\/\\\/quehacerpolitico.mx\\\/?p=101509#primaryimage\",\"url\":\"https:\\\/\\\/quehacerpolitico.mx\\\/wp-content\\\/uploads\\\/2023\\\/06\\\/c0879665-5fb0-4006-aaa8-2c6f12a36eab.jpeg\",\"contentUrl\":\"https:\\\/\\\/quehacerpolitico.mx\\\/wp-content\\\/uploads\\\/2023\\\/06\\\/c0879665-5fb0-4006-aaa8-2c6f12a36eab.jpeg\",\"width\":842,\"height\":900},{\"@type\":\"BreadcrumbList\",\"@id\":\"https:\\\/\\\/quehacerpolitico.mx\\\/?p=101509#breadcrumb\",\"itemListElement\":[{\"@type\":\"ListItem\",\"position\":1,\"name\":\"Inicio\",\"item\":\"https:\\\/\\\/quehacerpolitico.mx\\\/\"},{\"@type\":\"ListItem\",\"position\":2,\"name\":\"ME GUSTAR\u00cdA SER LA PR\u00d3XIMA SECRETARIA DE SEGURIDAD CIUDADANA, CONOZCO EL ORIGEN DEL CRIMEN: SANDRA CUEVAS\"}]},{\"@type\":\"WebSite\",\"@id\":\"https:\\\/\\\/quehacerpolitico.mx\\\/#website\",\"url\":\"https:\\\/\\\/quehacerpolitico.mx\\\/\",\"name\":\"\",\"description\":\"\",\"potentialAction\":[{\"@type\":\"SearchAction\",\"target\":{\"@type\":\"EntryPoint\",\"urlTemplate\":\"https:\\\/\\\/quehacerpolitico.mx\\\/?s={search_term_string}\"},\"query-input\":{\"@type\":\"PropertyValueSpecification\",\"valueRequired\":true,\"valueName\":\"search_term_string\"}}],\"inLanguage\":\"es\"},{\"@type\":\"Person\",\"@id\":\"https:\\\/\\\/quehacerpolitico.mx\\\/#\\\/schema\\\/person\\\/496d8ad2d1d3f8036101dca7ee39e585\",\"name\":\"Redacci\u00f3n QP\",\"image\":{\"@type\":\"ImageObject\",\"inLanguage\":\"es\",\"@id\":\"https:\\\/\\\/secure.gravatar.com\\\/avatar\\\/c7164ed6fdec453195284ad24a5ae5b6e1eed2b848477fa2a4787ba9adf39a41?s=96&d=mm&r=g\",\"url\":\"https:\\\/\\\/secure.gravatar.com\\\/avatar\\\/c7164ed6fdec453195284ad24a5ae5b6e1eed2b848477fa2a4787ba9adf39a41?s=96&d=mm&r=g\",\"contentUrl\":\"https:\\\/\\\/secure.gravatar.com\\\/avatar\\\/c7164ed6fdec453195284ad24a5ae5b6e1eed2b848477fa2a4787ba9adf39a41?s=96&d=mm&r=g\",\"caption\":\"Redacci\u00f3n QP\"},\"url\":\"https:\\\/\\\/quehacerpolitico.mx\\\/?author=2\"}]}<\/script>\n<!-- \/ Yoast SEO plugin. -->","yoast_head_json":{"title":"ME GUSTAR\u00cdA SER LA PR\u00d3XIMA SECRETARIA DE SEGURIDAD CIUDADANA, CONOZCO EL ORIGEN DEL CRIMEN: SANDRA CUEVAS -","robots":{"index":"index","follow":"follow","max-snippet":"max-snippet:-1","max-image-preview":"max-image-preview:large","max-video-preview":"max-video-preview:-1"},"canonical":"https:\/\/quehacerpolitico.mx\/?p=101509","og_locale":"es_MX","og_type":"article","og_title":"ME GUSTAR\u00cdA SER LA PR\u00d3XIMA SECRETARIA DE SEGURIDAD CIUDADANA, CONOZCO EL ORIGEN DEL CRIMEN: SANDRA CUEVAS -","og_description":"Por Redacci\u00f3n QP Sandra Cuevas, Alcaldesa de Cuauht\u00e9moc asegur\u00f3 que apoyar\u00e1 a Santiago Taboada o...","og_url":"https:\/\/quehacerpolitico.mx\/?p=101509","article_published_time":"2023-06-02T01:29:59+00:00","article_modified_time":"2023-06-02T01:30:02+00:00","og_image":[{"width":842,"height":900,"url":"https:\/\/quehacerpolitico.mx\/wp-content\/uploads\/2023\/06\/c0879665-5fb0-4006-aaa8-2c6f12a36eab.jpeg","type":"image\/jpeg"}],"author":"Redacci\u00f3n QP","twitter_card":"summary_large_image","twitter_misc":{"Escrito por":"Redacci\u00f3n QP","Tiempo de lectura":"1 minuto"},"schema":{"@context":"https:\/\/schema.org","@graph":[{"@type":"Article","@id":"https:\/\/quehacerpolitico.mx\/?p=101509#article","isPartOf":{"@id":"https:\/\/quehacerpolitico.mx\/?p=101509"},"author":{"name":"Redacci\u00f3n QP","@id":"https:\/\/quehacerpolitico.mx\/#\/schema\/person\/496d8ad2d1d3f8036101dca7ee39e585"},"headline":"ME GUSTAR\u00cdA SER LA PR\u00d3XIMA SECRETARIA DE SEGURIDAD CIUDADANA, CONOZCO EL ORIGEN DEL CRIMEN: SANDRA CUEVAS","datePublished":"2023-06-02T01:29:59+00:00","dateModified":"2023-06-02T01:30:02+00:00","mainEntityOfPage":{"@id":"https:\/\/quehacerpolitico.mx\/?p=101509"},"wordCount":264,"commentCount":0,"image":{"@id":"https:\/\/quehacerpolitico.mx\/?p=101509#primaryimage"},"thumbnailUrl":"https:\/\/quehacerpolitico.mx\/wp-content\/uploads\/2023\/06\/c0879665-5fb0-4006-aaa8-2c6f12a36eab.jpeg","articleSection":["CDMX"],"inLanguage":"es","potentialAction":[{"@type":"CommentAction","name":"Comment","target":["https:\/\/quehacerpolitico.mx\/?p=101509#respond"]}]},{"@type":"WebPage","@id":"https:\/\/quehacerpolitico.mx\/?p=101509","url":"https:\/\/quehacerpolitico.mx\/?p=101509","name":"ME GUSTAR\u00cdA SER LA PR\u00d3XIMA SECRETARIA DE SEGURIDAD CIUDADANA, CONOZCO EL ORIGEN DEL CRIMEN: SANDRA CUEVAS -","isPartOf":{"@id":"https:\/\/quehacerpolitico.mx\/#website"},"primaryImageOfPage":{"@id":"https:\/\/quehacerpolitico.mx\/?p=101509#primaryimage"},"image":{"@id":"https:\/\/quehacerpolitico.mx\/?p=101509#primaryimage"},"thumbnailUrl":"https:\/\/quehacerpolitico.mx\/wp-content\/uploads\/2023\/06\/c0879665-5fb0-4006-aaa8-2c6f12a36eab.jpeg","datePublished":"2023-06-02T01:29:59+00:00","dateModified":"2023-06-02T01:30:02+00:00","author":{"@id":"https:\/\/quehacerpolitico.mx\/#\/schema\/person\/496d8ad2d1d3f8036101dca7ee39e585"},"breadcrumb":{"@id":"https:\/\/quehacerpolitico.mx\/?p=101509#breadcrumb"},"inLanguage":"es","potentialAction":[{"@type":"ReadAction","target":["https:\/\/quehacerpolitico.mx\/?p=101509"]}]},{"@type":"ImageObject","inLanguage":"es","@id":"https:\/\/quehacerpolitico.mx\/?p=101509#primaryimage","url":"https:\/\/quehacerpolitico.mx\/wp-content\/uploads\/2023\/06\/c0879665-5fb0-4006-aaa8-2c6f12a36eab.jpeg","contentUrl":"https:\/\/quehacerpolitico.mx\/wp-content\/uploads\/2023\/06\/c0879665-5fb0-4006-aaa8-2c6f12a36eab.jpeg","width":842,"height":900},{"@type":"BreadcrumbList","@id":"https:\/\/quehacerpolitico.mx\/?p=101509#breadcrumb","itemListElement":[{"@type":"ListItem","position":1,"name":"Inicio","item":"https:\/\/quehacerpolitico.mx\/"},{"@type":"ListItem","position":2,"name":"ME GUSTAR\u00cdA SER LA PR\u00d3XIMA SECRETARIA DE SEGURIDAD CIUDADANA, CONOZCO EL ORIGEN DEL CRIMEN: SANDRA CUEVAS"}]},{"@type":"WebSite","@id":"https:\/\/quehacerpolitico.mx\/#website","url":"https:\/\/quehacerpolitico.mx\/","name":"","description":"","potentialAction":[{"@type":"SearchAction","target":{"@type":"EntryPoint","urlTemplate":"https:\/\/quehacerpolitico.mx\/?s={search_term_string}"},"query-input":{"@type":"PropertyValueSpecification","valueRequired":true,"valueName":"search_term_string"}}],"inLanguage":"es"},{"@type":"Person","@id":"https:\/\/quehacerpolitico.mx\/#\/schema\/person\/496d8ad2d1d3f8036101dca7ee39e585","name":"Redacci\u00f3n QP","image":{"@type":"ImageObject","inLanguage":"es","@id":"https:\/\/secure.gravatar.com\/avatar\/c7164ed6fdec453195284ad24a5ae5b6e1eed2b848477fa2a4787ba9adf39a41?s=96&d=mm&r=g","url":"https:\/\/secure.gravatar.com\/avatar\/c7164ed6fdec453195284ad24a5ae5b6e1eed2b848477fa2a4787ba9adf39a41?s=96&d=mm&r=g","contentUrl":"https:\/\/secure.gravatar.com\/avatar\/c7164ed6fdec453195284ad24a5ae5b6e1eed2b848477fa2a4787ba9adf39a41?s=96&d=mm&r=g","caption":"Redacci\u00f3n QP"},"url":"https:\/\/quehacerpolitico.mx\/?author=2"}]}},"featured_image_urls":{"full":["https:\/\/quehacerpolitico.mx\/wp-content\/uploads\/2023\/06\/c0879665-5fb0-4006-aaa8-2c6f12a36eab.jpeg",842,900,false],"thumbnail":["https:\/\/quehacerpolitico.mx\/wp-content\/uploads\/2023\/06\/c0879665-5fb0-4006-aaa8-2c6f12a36eab-150x150.jpeg",150,150,true],"medium":["https:\/\/quehacerpolitico.mx\/wp-content\/uploads\/2023\/06\/c0879665-5fb0-4006-aaa8-2c6f12a36eab-281x300.jpeg",281,300,true],"medium_large":["https:\/\/quehacerpolitico.mx\/wp-content\/uploads\/2023\/06\/c0879665-5fb0-4006-aaa8-2c6f12a36eab-768x821.jpeg",640,684,true],"large":["https:\/\/quehacerpolitico.mx\/wp-content\/uploads\/2023\/06\/c0879665-5fb0-4006-aaa8-2c6f12a36eab.jpeg",640,684,false],"1536x1536":["https:\/\/quehacerpolitico.mx\/wp-content\/uploads\/2023\/06\/c0879665-5fb0-4006-aaa8-2c6f12a36eab.jpeg",842,900,false],"2048x2048":["https:\/\/quehacerpolitico.mx\/wp-content\/uploads\/2023\/06\/c0879665-5fb0-4006-aaa8-2c6f12a36eab.jpeg",842,900,false],"covernews-featured":["https:\/\/quehacerpolitico.mx\/wp-content\/uploads\/2023\/06\/c0879665-5fb0-4006-aaa8-2c6f12a36eab.jpeg",842,900,false],"covernews-medium":["https:\/\/quehacerpolitico.mx\/wp-content\/uploads\/2023\/06\/c0879665-5fb0-4006-aaa8-2c6f12a36eab.jpeg",318,340,false]},"author_info":{"display_name":"Redacci\u00f3n QP","author_link":"https:\/\/quehacerpolitico.mx\/?author=2"},"category_info":"<a href=\"https:\/\/quehacerpolitico.mx\/?cat=55\" rel=\"category\">CDMX<\/a>","tag_info":"CDMX","comment_count":"0","_links":{"self":[{"href":"https:\/\/quehacerpolitico.mx\/index.php?rest_route=\/wp\/v2\/posts\/101509","targetHints":{"allow":["GET"]}}],"collection":[{"href":"https:\/\/quehacerpolitico.mx\/index.php?rest_route=\/wp\/v2\/posts"}],"about":[{"href":"https:\/\/quehacerpolitico.mx\/index.php?rest_route=\/wp\/v2\/types\/post"}],"author":[{"embeddable":true,"href":"https:\/\/quehacerpolitico.mx\/index.php?rest_route=\/wp\/v2\/users\/2"}],"replies":[{"embeddable":true,"href":"https:\/\/quehacerpolitico.mx\/index.php?rest_route=%2Fwp%2Fv2%2Fcomments&post=101509"}],"version-history":[{"count":1,"href":"https:\/\/quehacerpolitico.mx\/index.php?rest_route=\/wp\/v2\/posts\/101509\/revisions"}],"predecessor-version":[{"id":101511,"href":"https:\/\/quehacerpolitico.mx\/index.php?rest_route=\/wp\/v2\/posts\/101509\/revisions\/101511"}],"wp:featuredmedia":[{"embeddable":true,"href":"https:\/\/quehacerpolitico.mx\/index.php?rest_route=\/wp\/v2\/media\/101510"}],"wp:attachment":[{"href":"https:\/\/quehacerpolitico.mx\/index.php?rest_route=%2Fwp%2Fv2%2Fmedia&parent=101509"}],"wp:term":[{"taxonomy":"category","embeddable":true,"href":"https:\/\/quehacerpolitico.mx\/index.php?rest_route=%2Fwp%2Fv2%2Fcategories&post=101509"},{"taxonomy":"post_tag","embeddable":true,"href":"https:\/\/quehacerpolitico.mx\/index.php?rest_route=%2Fwp%2Fv2%2Ftags&post=101509"}],"curies":[{"name":"wp","href":"https:\/\/api.w.org\/{rel}","templated":true}]}}