{"id":101476,"date":"2023-06-01T02:52:33","date_gmt":"2023-06-01T02:52:33","guid":{"rendered":"https:\/\/quehacerpolitico.mx\/?p=101476"},"modified":"2023-06-01T02:52:36","modified_gmt":"2023-06-01T02:52:36","slug":"encuesta-pone-arriba-a-alejandra-del-moral-en-eleccion-del-edomex","status":"publish","type":"post","link":"https:\/\/quehacerpolitico.mx\/?p=101476","title":{"rendered":"Encuesta pone arriba a Alejandra del Moral en elecci\u00f3n del Edomex"},"content":{"rendered":"\n<p>Por Redacci\u00f3n QP<\/p>\n\n\n\n<p><em>Se prev\u00e9 una muy alta participaci\u00f3n ciudadana en las elecciones de este domingo 4 de junio en el Edomex<\/em><\/p>\n\n\n\n<p>De acuerdo con un sondeo realizado por la empresa&nbsp;<strong>P\u00farpura Analytics<\/strong>, se prev\u00e9 una muy alta participaci\u00f3n ciudadana en las elecciones de este domingo<strong>&nbsp;4 de junio<\/strong>&nbsp;en el Estado de M\u00e9xico, en donde se renovar\u00e1 la gubernatura.<\/p>\n\n\n\n<p>El estudio, el cual fue realizado entre&nbsp;<strong>mil 824 habitantes<\/strong>, se destaca que se prev\u00e9 que m\u00e1s del&nbsp;<strong>80 por ciento<\/strong>&nbsp;de los entrevistados asegur\u00f3 que es \u201c<em>Muy seguro<\/em>\u201d y \u201c<em>Probable<\/em>\u201d acudir a votar este fin de semana.<\/p>\n\n\n\n<p>El documento refiere que s\u00f3lo tomando en cuenta las respuestas de aquellos encuestados que manifiestan que \u201c<em>es seguro que acudan a votar<\/em>\u201d, los resultados quedan dentro del margen de error de 2.29 por ciento, es decir, un empate t\u00e9cnico, en el que\u00a0<strong>Alejandra del Moral<\/strong>\u00a0tendr\u00eda una ventaja de 1.48 por ciento sobre\u00a0<strong>Delfina G\u00f3mez \u00c1lvarez.<\/strong><\/p>\n\n\n\n<figure class=\"wp-block-embed is-type-rich is-provider-twitter wp-block-embed-twitter\"><div class=\"wp-block-embed__wrapper\">\n<blockquote class=\"twitter-tweet\" data-width=\"550\" data-dnt=\"true\"><p lang=\"es\" dir=\"ltr\">Entre m\u00e1s mexiquenses salgan a votar, m\u00e1s clara ser\u00e1 nuestra victoria. Tu voto es tu voz y con el cambiar\u00e1s tu futuro y el de millones de mexiquenses. \u00a1Haz que se te escuche, con fuerza y determinaci\u00f3n! El futuro del Estado de M\u00e9xico est\u00e1 en tus manos. <a href=\"https:\/\/twitter.com\/hashtag\/VotALE?src=hash&amp;ref_src=twsrc%5Etfw\">#VotALE<\/a> <a href=\"https:\/\/twitter.com\/hashtag\/AleGobernadora?src=hash&amp;ref_src=twsrc%5Etfw\">#AleGobernadora<\/a>\u2026 <a href=\"https:\/\/t.co\/bgdrxG6KfL\">pic.twitter.com\/bgdrxG6KfL<\/a><\/p>&mdash; Alejandra Del Moral (@AlejandraDMV) <a href=\"https:\/\/twitter.com\/AlejandraDMV\/status\/1664068177200832513?ref_src=twsrc%5Etfw\">June 1, 2023<\/a><\/blockquote><script async src=\"https:\/\/platform.twitter.com\/widgets.js\" charset=\"utf-8\"><\/script>\n<\/div><\/figure>\n\n\n\n<p>Tomando en cuenta las respuestas de todos los ciudadanos consultados, 38.60% indic\u00f3 que preferir\u00eda votar por Delfina G\u00f3mez y 35.58 por ciento por Alejandra del Moral, es decir, una diferencia menor a 3 por ciento.<\/p>\n\n\n\n<p>El segundo dato a destacar de la encuestadora, es la popularidad entre la poblaci\u00f3n, donde tanto la abanderada opositora presenta un nivel de conocimiento por arriba de&nbsp;<strong>86 por ciento<\/strong>&nbsp;y se ha mantenido al alza durante la contienda, mientras que la candidata de la coalici\u00f3n \u201c<em>Juntos Hacemos Historia<\/em>\u201d, ha mantenido estable sus cifras durante las \u00faltimas semanas.<\/p>\n\n\n\n<p>La empresa explic\u00f3 que es un estudio de entrevistas domiciliarias hechas de cara en la vivienda particular de los encuestados, realizado del 26 al 28 de mayo de este a\u00f1o. El procedimiento fue un muestreo estratificado proporcionado.<\/p>\n\n\n\n<figure class=\"wp-block-embed is-type-video is-provider-youtube wp-block-embed-youtube wp-embed-aspect-16-9 wp-has-aspect-ratio\"><div class=\"wp-block-embed__wrapper\">\n<iframe loading=\"lazy\" title=\"Delfina G\u00f3mez tendr\u00eda una ligera ventaja de 4%: P\u00farpura Analytics\" width=\"640\" height=\"360\" src=\"https:\/\/www.youtube.com\/embed\/m1KN1sQ-Z58?feature=oembed\" frameborder=\"0\" allow=\"accelerometer; autoplay; clipboard-write; encrypted-media; gyroscope; picture-in-picture; web-share\" referrerpolicy=\"strict-origin-when-cross-origin\" allowfullscreen><\/iframe>\n<\/div><\/figure>\n\n\n\n<p>En \u00e9ste se tom\u00f3 como primer estrato el Estado de M\u00e9xico y como segundo estrato los municipios mexiquenses que conforman al menos\u00a0<strong>80 por ciento<\/strong> de la lista nominal del mismo, y ya que el tama\u00f1o de los estratos es diferente entre s\u00ed el tama\u00f1o de la muestra fue distribuido proporcionalmente de acuerdo con el listado nominal vigente para cada uno.<\/p>\n\n\n\n<p>El procedimiento del muestreo en campo fue el salto sistem\u00e1tico, es decir, se seleccion\u00f3 de manera aleatoria y directa una vivienda y a partir de una regla determin\u00edstica se eligieron las dem\u00e1s a encuestar dentro del estrato. La calidad de la estimaci\u00f3n es de 99 por ciento de confianza y un error m\u00e1ximo de&nbsp;<strong>2.29 por ciento.<\/strong><\/p>\n\n\n\n<p>Con informaci\u00f3n de El Universal y noventagrados.com.mx<\/p>\n","protected":false},"excerpt":{"rendered":"<p>Por Redacci\u00f3n QP Se prev\u00e9 una muy alta participaci\u00f3n ciudadana en las elecciones de este&#8230;<\/p>\n","protected":false},"author":2,"featured_media":101477,"comment_status":"open","ping_status":"open","sticky":false,"template":"","format":"standard","meta":{"_monsterinsights_skip_tracking":false,"_monsterinsights_sitenote_active":false,"_monsterinsights_sitenote_note":"","_monsterinsights_sitenote_category":0,"footnotes":""},"categories":[2],"tags":[],"class_list":["post-101476","post","type-post","status-publish","format-standard","has-post-thumbnail","hentry","category-noticias"],"yoast_head":"<!-- This site is optimized with the Yoast SEO plugin v27.3 - https:\/\/yoast.com\/product\/yoast-seo-wordpress\/ -->\n<title>Encuesta pone arriba a Alejandra del Moral en elecci\u00f3n del Edomex -<\/title>\n<meta name=\"robots\" content=\"index, follow, max-snippet:-1, max-image-preview:large, max-video-preview:-1\" \/>\n<link rel=\"canonical\" href=\"https:\/\/quehacerpolitico.mx\/?p=101476\" \/>\n<meta property=\"og:locale\" content=\"es_MX\" \/>\n<meta property=\"og:type\" content=\"article\" \/>\n<meta property=\"og:title\" content=\"Encuesta pone arriba a Alejandra del Moral en elecci\u00f3n del Edomex -\" \/>\n<meta property=\"og:description\" content=\"Por Redacci\u00f3n QP Se prev\u00e9 una muy alta participaci\u00f3n ciudadana en las elecciones de este...\" \/>\n<meta property=\"og:url\" content=\"https:\/\/quehacerpolitico.mx\/?p=101476\" \/>\n<meta property=\"article:published_time\" content=\"2023-06-01T02:52:33+00:00\" \/>\n<meta property=\"article:modified_time\" content=\"2023-06-01T02:52:36+00:00\" \/>\n<meta property=\"og:image\" content=\"https:\/\/quehacerpolitico.mx\/wp-content\/uploads\/2023\/06\/IMG_8140.jpeg\" \/>\n\t<meta property=\"og:image:width\" content=\"1284\" \/>\n\t<meta property=\"og:image:height\" content=\"1136\" \/>\n\t<meta property=\"og:image:type\" content=\"image\/jpeg\" \/>\n<meta name=\"author\" content=\"Redacci\u00f3n QP\" \/>\n<meta name=\"twitter:card\" content=\"summary_large_image\" \/>\n<meta name=\"twitter:label1\" content=\"Escrito por\" \/>\n\t<meta name=\"twitter:data1\" content=\"Redacci\u00f3n QP\" \/>\n\t<meta name=\"twitter:label2\" content=\"Tiempo de lectura\" \/>\n\t<meta name=\"twitter:data2\" content=\"2 minutos\" \/>\n<script type=\"application\/ld+json\" class=\"yoast-schema-graph\">{\"@context\":\"https:\\\/\\\/schema.org\",\"@graph\":[{\"@type\":\"Article\",\"@id\":\"https:\\\/\\\/quehacerpolitico.mx\\\/?p=101476#article\",\"isPartOf\":{\"@id\":\"https:\\\/\\\/quehacerpolitico.mx\\\/?p=101476\"},\"author\":{\"name\":\"Redacci\u00f3n QP\",\"@id\":\"https:\\\/\\\/quehacerpolitico.mx\\\/#\\\/schema\\\/person\\\/496d8ad2d1d3f8036101dca7ee39e585\"},\"headline\":\"Encuesta pone arriba a Alejandra del Moral en elecci\u00f3n del Edomex\",\"datePublished\":\"2023-06-01T02:52:33+00:00\",\"dateModified\":\"2023-06-01T02:52:36+00:00\",\"mainEntityOfPage\":{\"@id\":\"https:\\\/\\\/quehacerpolitico.mx\\\/?p=101476\"},\"wordCount\":458,\"commentCount\":0,\"image\":{\"@id\":\"https:\\\/\\\/quehacerpolitico.mx\\\/?p=101476#primaryimage\"},\"thumbnailUrl\":\"https:\\\/\\\/quehacerpolitico.mx\\\/wp-content\\\/uploads\\\/2023\\\/06\\\/IMG_8140.jpeg\",\"articleSection\":[\"Noticias\"],\"inLanguage\":\"es\",\"potentialAction\":[{\"@type\":\"CommentAction\",\"name\":\"Comment\",\"target\":[\"https:\\\/\\\/quehacerpolitico.mx\\\/?p=101476#respond\"]}]},{\"@type\":\"WebPage\",\"@id\":\"https:\\\/\\\/quehacerpolitico.mx\\\/?p=101476\",\"url\":\"https:\\\/\\\/quehacerpolitico.mx\\\/?p=101476\",\"name\":\"Encuesta pone arriba a Alejandra del Moral en elecci\u00f3n del Edomex -\",\"isPartOf\":{\"@id\":\"https:\\\/\\\/quehacerpolitico.mx\\\/#website\"},\"primaryImageOfPage\":{\"@id\":\"https:\\\/\\\/quehacerpolitico.mx\\\/?p=101476#primaryimage\"},\"image\":{\"@id\":\"https:\\\/\\\/quehacerpolitico.mx\\\/?p=101476#primaryimage\"},\"thumbnailUrl\":\"https:\\\/\\\/quehacerpolitico.mx\\\/wp-content\\\/uploads\\\/2023\\\/06\\\/IMG_8140.jpeg\",\"datePublished\":\"2023-06-01T02:52:33+00:00\",\"dateModified\":\"2023-06-01T02:52:36+00:00\",\"author\":{\"@id\":\"https:\\\/\\\/quehacerpolitico.mx\\\/#\\\/schema\\\/person\\\/496d8ad2d1d3f8036101dca7ee39e585\"},\"breadcrumb\":{\"@id\":\"https:\\\/\\\/quehacerpolitico.mx\\\/?p=101476#breadcrumb\"},\"inLanguage\":\"es\",\"potentialAction\":[{\"@type\":\"ReadAction\",\"target\":[\"https:\\\/\\\/quehacerpolitico.mx\\\/?p=101476\"]}]},{\"@type\":\"ImageObject\",\"inLanguage\":\"es\",\"@id\":\"https:\\\/\\\/quehacerpolitico.mx\\\/?p=101476#primaryimage\",\"url\":\"https:\\\/\\\/quehacerpolitico.mx\\\/wp-content\\\/uploads\\\/2023\\\/06\\\/IMG_8140.jpeg\",\"contentUrl\":\"https:\\\/\\\/quehacerpolitico.mx\\\/wp-content\\\/uploads\\\/2023\\\/06\\\/IMG_8140.jpeg\",\"width\":1284,\"height\":1136},{\"@type\":\"BreadcrumbList\",\"@id\":\"https:\\\/\\\/quehacerpolitico.mx\\\/?p=101476#breadcrumb\",\"itemListElement\":[{\"@type\":\"ListItem\",\"position\":1,\"name\":\"Inicio\",\"item\":\"https:\\\/\\\/quehacerpolitico.mx\\\/\"},{\"@type\":\"ListItem\",\"position\":2,\"name\":\"Encuesta pone arriba a Alejandra del Moral en elecci\u00f3n del Edomex\"}]},{\"@type\":\"WebSite\",\"@id\":\"https:\\\/\\\/quehacerpolitico.mx\\\/#website\",\"url\":\"https:\\\/\\\/quehacerpolitico.mx\\\/\",\"name\":\"\",\"description\":\"\",\"potentialAction\":[{\"@type\":\"SearchAction\",\"target\":{\"@type\":\"EntryPoint\",\"urlTemplate\":\"https:\\\/\\\/quehacerpolitico.mx\\\/?s={search_term_string}\"},\"query-input\":{\"@type\":\"PropertyValueSpecification\",\"valueRequired\":true,\"valueName\":\"search_term_string\"}}],\"inLanguage\":\"es\"},{\"@type\":\"Person\",\"@id\":\"https:\\\/\\\/quehacerpolitico.mx\\\/#\\\/schema\\\/person\\\/496d8ad2d1d3f8036101dca7ee39e585\",\"name\":\"Redacci\u00f3n QP\",\"image\":{\"@type\":\"ImageObject\",\"inLanguage\":\"es\",\"@id\":\"https:\\\/\\\/secure.gravatar.com\\\/avatar\\\/c7164ed6fdec453195284ad24a5ae5b6e1eed2b848477fa2a4787ba9adf39a41?s=96&d=mm&r=g\",\"url\":\"https:\\\/\\\/secure.gravatar.com\\\/avatar\\\/c7164ed6fdec453195284ad24a5ae5b6e1eed2b848477fa2a4787ba9adf39a41?s=96&d=mm&r=g\",\"contentUrl\":\"https:\\\/\\\/secure.gravatar.com\\\/avatar\\\/c7164ed6fdec453195284ad24a5ae5b6e1eed2b848477fa2a4787ba9adf39a41?s=96&d=mm&r=g\",\"caption\":\"Redacci\u00f3n QP\"},\"url\":\"https:\\\/\\\/quehacerpolitico.mx\\\/?author=2\"}]}<\/script>\n<!-- \/ Yoast SEO plugin. -->","yoast_head_json":{"title":"Encuesta pone arriba a Alejandra del Moral en elecci\u00f3n del Edomex -","robots":{"index":"index","follow":"follow","max-snippet":"max-snippet:-1","max-image-preview":"max-image-preview:large","max-video-preview":"max-video-preview:-1"},"canonical":"https:\/\/quehacerpolitico.mx\/?p=101476","og_locale":"es_MX","og_type":"article","og_title":"Encuesta pone arriba a Alejandra del Moral en elecci\u00f3n del Edomex -","og_description":"Por Redacci\u00f3n QP Se prev\u00e9 una muy alta participaci\u00f3n ciudadana en las elecciones de este...","og_url":"https:\/\/quehacerpolitico.mx\/?p=101476","article_published_time":"2023-06-01T02:52:33+00:00","article_modified_time":"2023-06-01T02:52:36+00:00","og_image":[{"width":1284,"height":1136,"url":"https:\/\/quehacerpolitico.mx\/wp-content\/uploads\/2023\/06\/IMG_8140.jpeg","type":"image\/jpeg"}],"author":"Redacci\u00f3n QP","twitter_card":"summary_large_image","twitter_misc":{"Escrito por":"Redacci\u00f3n QP","Tiempo de lectura":"2 minutos"},"schema":{"@context":"https:\/\/schema.org","@graph":[{"@type":"Article","@id":"https:\/\/quehacerpolitico.mx\/?p=101476#article","isPartOf":{"@id":"https:\/\/quehacerpolitico.mx\/?p=101476"},"author":{"name":"Redacci\u00f3n QP","@id":"https:\/\/quehacerpolitico.mx\/#\/schema\/person\/496d8ad2d1d3f8036101dca7ee39e585"},"headline":"Encuesta pone arriba a Alejandra del Moral en elecci\u00f3n del Edomex","datePublished":"2023-06-01T02:52:33+00:00","dateModified":"2023-06-01T02:52:36+00:00","mainEntityOfPage":{"@id":"https:\/\/quehacerpolitico.mx\/?p=101476"},"wordCount":458,"commentCount":0,"image":{"@id":"https:\/\/quehacerpolitico.mx\/?p=101476#primaryimage"},"thumbnailUrl":"https:\/\/quehacerpolitico.mx\/wp-content\/uploads\/2023\/06\/IMG_8140.jpeg","articleSection":["Noticias"],"inLanguage":"es","potentialAction":[{"@type":"CommentAction","name":"Comment","target":["https:\/\/quehacerpolitico.mx\/?p=101476#respond"]}]},{"@type":"WebPage","@id":"https:\/\/quehacerpolitico.mx\/?p=101476","url":"https:\/\/quehacerpolitico.mx\/?p=101476","name":"Encuesta pone arriba a Alejandra del Moral en elecci\u00f3n del Edomex -","isPartOf":{"@id":"https:\/\/quehacerpolitico.mx\/#website"},"primaryImageOfPage":{"@id":"https:\/\/quehacerpolitico.mx\/?p=101476#primaryimage"},"image":{"@id":"https:\/\/quehacerpolitico.mx\/?p=101476#primaryimage"},"thumbnailUrl":"https:\/\/quehacerpolitico.mx\/wp-content\/uploads\/2023\/06\/IMG_8140.jpeg","datePublished":"2023-06-01T02:52:33+00:00","dateModified":"2023-06-01T02:52:36+00:00","author":{"@id":"https:\/\/quehacerpolitico.mx\/#\/schema\/person\/496d8ad2d1d3f8036101dca7ee39e585"},"breadcrumb":{"@id":"https:\/\/quehacerpolitico.mx\/?p=101476#breadcrumb"},"inLanguage":"es","potentialAction":[{"@type":"ReadAction","target":["https:\/\/quehacerpolitico.mx\/?p=101476"]}]},{"@type":"ImageObject","inLanguage":"es","@id":"https:\/\/quehacerpolitico.mx\/?p=101476#primaryimage","url":"https:\/\/quehacerpolitico.mx\/wp-content\/uploads\/2023\/06\/IMG_8140.jpeg","contentUrl":"https:\/\/quehacerpolitico.mx\/wp-content\/uploads\/2023\/06\/IMG_8140.jpeg","width":1284,"height":1136},{"@type":"BreadcrumbList","@id":"https:\/\/quehacerpolitico.mx\/?p=101476#breadcrumb","itemListElement":[{"@type":"ListItem","position":1,"name":"Inicio","item":"https:\/\/quehacerpolitico.mx\/"},{"@type":"ListItem","position":2,"name":"Encuesta pone arriba a Alejandra del Moral en elecci\u00f3n del Edomex"}]},{"@type":"WebSite","@id":"https:\/\/quehacerpolitico.mx\/#website","url":"https:\/\/quehacerpolitico.mx\/","name":"","description":"","potentialAction":[{"@type":"SearchAction","target":{"@type":"EntryPoint","urlTemplate":"https:\/\/quehacerpolitico.mx\/?s={search_term_string}"},"query-input":{"@type":"PropertyValueSpecification","valueRequired":true,"valueName":"search_term_string"}}],"inLanguage":"es"},{"@type":"Person","@id":"https:\/\/quehacerpolitico.mx\/#\/schema\/person\/496d8ad2d1d3f8036101dca7ee39e585","name":"Redacci\u00f3n QP","image":{"@type":"ImageObject","inLanguage":"es","@id":"https:\/\/secure.gravatar.com\/avatar\/c7164ed6fdec453195284ad24a5ae5b6e1eed2b848477fa2a4787ba9adf39a41?s=96&d=mm&r=g","url":"https:\/\/secure.gravatar.com\/avatar\/c7164ed6fdec453195284ad24a5ae5b6e1eed2b848477fa2a4787ba9adf39a41?s=96&d=mm&r=g","contentUrl":"https:\/\/secure.gravatar.com\/avatar\/c7164ed6fdec453195284ad24a5ae5b6e1eed2b848477fa2a4787ba9adf39a41?s=96&d=mm&r=g","caption":"Redacci\u00f3n QP"},"url":"https:\/\/quehacerpolitico.mx\/?author=2"}]}},"featured_image_urls":{"full":["https:\/\/quehacerpolitico.mx\/wp-content\/uploads\/2023\/06\/IMG_8140.jpeg",1284,1136,false],"thumbnail":["https:\/\/quehacerpolitico.mx\/wp-content\/uploads\/2023\/06\/IMG_8140-150x150.jpeg",150,150,true],"medium":["https:\/\/quehacerpolitico.mx\/wp-content\/uploads\/2023\/06\/IMG_8140-300x265.jpeg",300,265,true],"medium_large":["https:\/\/quehacerpolitico.mx\/wp-content\/uploads\/2023\/06\/IMG_8140-768x679.jpeg",640,566,true],"large":["https:\/\/quehacerpolitico.mx\/wp-content\/uploads\/2023\/06\/IMG_8140-1024x906.jpeg",640,566,true],"1536x1536":["https:\/\/quehacerpolitico.mx\/wp-content\/uploads\/2023\/06\/IMG_8140.jpeg",1284,1136,false],"2048x2048":["https:\/\/quehacerpolitico.mx\/wp-content\/uploads\/2023\/06\/IMG_8140.jpeg",1284,1136,false],"covernews-featured":["https:\/\/quehacerpolitico.mx\/wp-content\/uploads\/2023\/06\/IMG_8140.jpeg",1024,906,false],"covernews-medium":["https:\/\/quehacerpolitico.mx\/wp-content\/uploads\/2023\/06\/IMG_8140.jpeg",384,340,false]},"author_info":{"display_name":"Redacci\u00f3n QP","author_link":"https:\/\/quehacerpolitico.mx\/?author=2"},"category_info":"<a href=\"https:\/\/quehacerpolitico.mx\/?cat=2\" rel=\"category\">Noticias<\/a>","tag_info":"Noticias","comment_count":"0","_links":{"self":[{"href":"https:\/\/quehacerpolitico.mx\/index.php?rest_route=\/wp\/v2\/posts\/101476","targetHints":{"allow":["GET"]}}],"collection":[{"href":"https:\/\/quehacerpolitico.mx\/index.php?rest_route=\/wp\/v2\/posts"}],"about":[{"href":"https:\/\/quehacerpolitico.mx\/index.php?rest_route=\/wp\/v2\/types\/post"}],"author":[{"embeddable":true,"href":"https:\/\/quehacerpolitico.mx\/index.php?rest_route=\/wp\/v2\/users\/2"}],"replies":[{"embeddable":true,"href":"https:\/\/quehacerpolitico.mx\/index.php?rest_route=%2Fwp%2Fv2%2Fcomments&post=101476"}],"version-history":[{"count":1,"href":"https:\/\/quehacerpolitico.mx\/index.php?rest_route=\/wp\/v2\/posts\/101476\/revisions"}],"predecessor-version":[{"id":101478,"href":"https:\/\/quehacerpolitico.mx\/index.php?rest_route=\/wp\/v2\/posts\/101476\/revisions\/101478"}],"wp:featuredmedia":[{"embeddable":true,"href":"https:\/\/quehacerpolitico.mx\/index.php?rest_route=\/wp\/v2\/media\/101477"}],"wp:attachment":[{"href":"https:\/\/quehacerpolitico.mx\/index.php?rest_route=%2Fwp%2Fv2%2Fmedia&parent=101476"}],"wp:term":[{"taxonomy":"category","embeddable":true,"href":"https:\/\/quehacerpolitico.mx\/index.php?rest_route=%2Fwp%2Fv2%2Fcategories&post=101476"},{"taxonomy":"post_tag","embeddable":true,"href":"https:\/\/quehacerpolitico.mx\/index.php?rest_route=%2Fwp%2Fv2%2Ftags&post=101476"}],"curies":[{"name":"wp","href":"https:\/\/api.w.org\/{rel}","templated":true}]}}