{"id":101390,"date":"2023-05-30T15:54:02","date_gmt":"2023-05-30T15:54:02","guid":{"rendered":"https:\/\/quehacerpolitico.mx\/?p=101390"},"modified":"2023-05-30T15:54:06","modified_gmt":"2023-05-30T15:54:06","slug":"el-presidente-lopez-obrador-mando-desde-su-palacio-un-mensaje-a-quienes-se-manifiestan-afuera-de-la-suprema-corte-de-justiciaanimo-no-estan-solos","status":"publish","type":"post","link":"https:\/\/quehacerpolitico.mx\/?p=101390","title":{"rendered":"El presidente L\u00f3pez Obrador mand\u00f3, desde su Palacio, un mensaje a quienes se manifiestan afuera de la Suprema Corte de Justicia\u201c\u00a1\u00c1nimo, no est\u00e1n solos!\u201d"},"content":{"rendered":"\n<p>Por Redacci\u00f3n QP<\/p>\n\n\n\n<p>El presidente L\u00f3pez Obrador pidi\u00f3 a integrantes del plant\u00f3n en la Corte que no caigan en provocaciones tras lo ocurrido el pasado domingo<\/p>\n\n\n\n<p>El presidente\u00a0<strong>Andr\u00e9s Manuel\u00a0L\u00f3pez Obrador<\/strong>\u00a0mand\u00f3 \u201c\u00e1nimo\u201d a los\u00a0<strong>manifestantes<\/strong>\u00a0que mantienen un\u00a0<strong>plant\u00f3n<\/strong>\u00a0en la puerta principal del edificio de la\u00a0<strong>Suprema Corte de Justicia de la Naci\u00f3n<\/strong>\u00a0(<strong>SCJN<\/strong>).<\/p>\n\n\n\n<p>En la conferencia matutina de Palacio Nacional, L\u00f3pez Obrador pidi\u00f3 a los integrantes del plant\u00f3n que no caigan en provocaciones de quienes no quieren que se reforme el<strong>\u00a0Poder Judicial<\/strong>\u00a0y que mantengan su resistencia civil pac\u00edfica.<\/p>\n\n\n\n<figure class=\"wp-block-embed is-type-rich is-provider-twitter wp-block-embed-twitter\"><div class=\"wp-block-embed__wrapper\">\n<blockquote class=\"twitter-tweet\" data-width=\"550\" data-dnt=\"true\"><p lang=\"es\" dir=\"ltr\">\u201c\u00a1\u00c1nimo, no est\u00e1n solos!\u201d<br><br>El presidente L\u00f3pez Obrador mand\u00f3, desde su Palacio, un mensaje a quienes se manifiestan afuera de la Suprema Corte de Justicia: <a href=\"https:\/\/t.co\/N2h82OhYO4\">pic.twitter.com\/N2h82OhYO4<\/a><\/p>&mdash; Ruido en la Red (@RuidoEnLaRed) <a href=\"https:\/\/twitter.com\/RuidoEnLaRed\/status\/1663565958374367232?ref_src=twsrc%5Etfw\">May 30, 2023<\/a><\/blockquote><script async src=\"https:\/\/platform.twitter.com\/widgets.js\" charset=\"utf-8\"><\/script>\n<\/div><\/figure>\n\n\n\n<p>\u201cEs una lucha lo m\u00e1s importante es la no violencia, no caer en provocaciones, solo usan la fuerza los que no tienen la raz\u00f3n. Estos actos tienen que ver con la desesperaci\u00f3n, con el no defender causas justas, sino querer imponerse por la fuerza, hay que seguir luchando y siempre por la v\u00eda pac\u00edfica, no caer en provocaciones y pensar en lo que dec\u00eda Ponciano Arriaga: \u2018entre m\u00e1s me golpean, m\u00e1s digno me siento\u2019. Cuando se lucha por una causa justa hay que resistir&#8217;\u201d, refiri\u00f3.<\/p>\n\n\n\n<p>No hay que responder a la violencia con violencia y decirles que \u00e1nimo, que no est\u00e1n solos, hay mucha gente que quiere que se reforme el Poder Judicial, que ellos no caigan en provocaciones y que mantengan su resistencia pac\u00edfica, que se manifiesten sin violencia, dir\u00eda que sin violencia verbal y se puede hacer\u201d, dijo.<\/p>\n\n\n\n<p>El mandatario mexicano tambi\u00e9n les pidi\u00f3 a quienes est\u00e1n en contra del actual Poder Judicial no quemar figuras de ning\u00fan ministro de la Corte.<\/p>\n\n\n\n<p>\u201cNo solo no caer en violencia f\u00edsica sino verbal., por ejemplo no quemar figuras de ning\u00fan ministro, nada de eso, pero s\u00ed por ejemplo, si ten\u00edan las cruces de ni\u00f1as y ni\u00f1os de (la guarder\u00eda) ABC y estaban autorizados par eso por los familiares, eso s\u00ed\u201d, argument\u00f3.<\/p>\n\n\n\n<figure class=\"wp-block-embed is-type-rich is-provider-twitter wp-block-embed-twitter\"><div class=\"wp-block-embed__wrapper\">\n<blockquote class=\"twitter-tweet\" data-width=\"550\" data-dnt=\"true\"><p lang=\"es\" dir=\"ltr\">Ac\u00e1 en la cobertura. Volvi\u00f3 el plant\u00f3n de <a href=\"https:\/\/twitter.com\/PartidoMorenaMx?ref_src=twsrc%5Etfw\">@PartidoMorenaMx<\/a> a la puerta de la <a href=\"https:\/\/twitter.com\/SCJN?ref_src=twsrc%5Etfw\">@SCJN<\/a> luego de <a href=\"https:\/\/twitter.com\/ChalecosMxAC?ref_src=twsrc%5Etfw\">@ChalecosMxAC<\/a> los corrieran y destruyeran su campamento. <a href=\"https:\/\/t.co\/jm8oVx90FA\">pic.twitter.com\/jm8oVx90FA<\/a><\/p>&mdash; El Funes (@LuisBaladez) <a href=\"https:\/\/twitter.com\/LuisBaladez\/status\/1663399880151166977?ref_src=twsrc%5Etfw\">May 30, 2023<\/a><\/blockquote><script async src=\"https:\/\/platform.twitter.com\/widgets.js\" charset=\"utf-8\"><\/script>\n<\/div><\/figure>\n\n\n\n<p>\u201cA todos que se serenen, en la democracia, es el pueblo el que decide, el que manda. Ahora van a haber elecciones este domingo, \u00bfqui\u00e9n va decidir? El Pueblo, los ciudadanos, ese es el sistema pol\u00edtico y tambi\u00e9n la forma de vida m\u00e1s buena, m\u00e1s eficaz: la democracia\u201d, expuso.<\/p>\n\n\n\n<p>La tarde de este domingo se realiz\u00f3 una marcha en apoyo a la\u00a0<strong>Suprema Corte,<\/strong>\u00a0en el Centro Hist\u00f3rico de la Ciudad de M\u00e9xico.<\/p>\n\n\n\n<p>Durante la marcha, algunos de los manifestantes llegaron hasta el edificio de SCJN, ubicado entre las calles de Jos\u00e9 Mar\u00eda Pino Su\u00e1rez y Corregidora, y retiraron un plant\u00f3n que se hab\u00eda instalado frente a la Corte.<\/p>\n\n\n\n<figure class=\"wp-block-embed is-type-rich is-provider-twitter wp-block-embed-twitter\"><div class=\"wp-block-embed__wrapper\">\n<blockquote class=\"twitter-tweet\" data-width=\"550\" data-dnt=\"true\"><p lang=\"es\" dir=\"ltr\">Manifestantes a favor de la Suprema Corte retiran plant\u00f3n frente a la sede de la SCJN entre las calles de Jos\u00e9 Mar\u00eda Pino Su\u00e1rez y Corregidora.<br><br>Video: <a href=\"https:\/\/twitter.com\/Radio_Formula?ref_src=twsrc%5Etfw\">@Radio_Formula<\/a> <a href=\"https:\/\/t.co\/N8vfqETxFZ\">pic.twitter.com\/N8vfqETxFZ<\/a><\/p>&mdash; Joaqu\u00edn L\u00f3pez-D\u00f3riga (@lopezdoriga) <a href=\"https:\/\/twitter.com\/lopezdoriga\/status\/1662890975658647552?ref_src=twsrc%5Etfw\">May 28, 2023<\/a><\/blockquote><script async src=\"https:\/\/platform.twitter.com\/widgets.js\" charset=\"utf-8\"><\/script>\n<\/div><\/figure>\n\n\n\n<p>Esta marcha se da ante los constantes ataques por parte del&nbsp;<strong>Gobierno federal<\/strong>, encabezado por el presidente<strong>&nbsp;L\u00f3pez Obrador<\/strong>, y figuras de Morena contra la&nbsp;<strong>Suprema Corte<\/strong>&nbsp;y el&nbsp;<strong>Poder Judicial<\/strong>.<\/p>\n\n\n\n<p>Las acusaciones de privilegios y conflictos de inter\u00e9s se han intensificado tras la anulaci\u00f3n de la primera parte del \u2018Plan B\u2019 de la Reforma Electoral.<\/p>\n","protected":false},"excerpt":{"rendered":"<p>Por Redacci\u00f3n QP El presidente L\u00f3pez Obrador pidi\u00f3 a integrantes del plant\u00f3n en la Corte&#8230;<\/p>\n","protected":false},"author":2,"featured_media":101391,"comment_status":"open","ping_status":"open","sticky":false,"template":"","format":"standard","meta":{"_monsterinsights_skip_tracking":false,"_monsterinsights_sitenote_active":false,"_monsterinsights_sitenote_note":"","_monsterinsights_sitenote_category":0,"footnotes":""},"categories":[2],"tags":[],"class_list":["post-101390","post","type-post","status-publish","format-standard","has-post-thumbnail","hentry","category-noticias"],"yoast_head":"<!-- This site is optimized with the Yoast SEO plugin v27.3 - https:\/\/yoast.com\/product\/yoast-seo-wordpress\/ -->\n<title>El presidente L\u00f3pez Obrador mand\u00f3, desde su Palacio, un mensaje a quienes se manifiestan afuera de la Suprema Corte de Justicia\u201c\u00a1\u00c1nimo, no est\u00e1n solos!\u201d -<\/title>\n<meta name=\"robots\" content=\"index, follow, max-snippet:-1, max-image-preview:large, max-video-preview:-1\" \/>\n<link rel=\"canonical\" href=\"https:\/\/quehacerpolitico.mx\/?p=101390\" \/>\n<meta property=\"og:locale\" content=\"es_MX\" \/>\n<meta property=\"og:type\" content=\"article\" \/>\n<meta property=\"og:title\" content=\"El presidente L\u00f3pez Obrador mand\u00f3, desde su Palacio, un mensaje a quienes se manifiestan afuera de la Suprema Corte de Justicia\u201c\u00a1\u00c1nimo, no est\u00e1n solos!\u201d -\" \/>\n<meta property=\"og:description\" content=\"Por Redacci\u00f3n QP El presidente L\u00f3pez Obrador pidi\u00f3 a integrantes del plant\u00f3n en la Corte...\" \/>\n<meta property=\"og:url\" content=\"https:\/\/quehacerpolitico.mx\/?p=101390\" \/>\n<meta property=\"article:published_time\" content=\"2023-05-30T15:54:02+00:00\" \/>\n<meta property=\"article:modified_time\" content=\"2023-05-30T15:54:06+00:00\" \/>\n<meta property=\"og:image\" content=\"https:\/\/quehacerpolitico.mx\/wp-content\/uploads\/2023\/05\/IMG_8088.jpeg\" \/>\n\t<meta property=\"og:image:width\" content=\"728\" \/>\n\t<meta property=\"og:image:height\" content=\"421\" \/>\n\t<meta property=\"og:image:type\" content=\"image\/jpeg\" \/>\n<meta name=\"author\" content=\"Redacci\u00f3n QP\" \/>\n<meta name=\"twitter:card\" content=\"summary_large_image\" \/>\n<meta name=\"twitter:label1\" content=\"Escrito por\" \/>\n\t<meta name=\"twitter:data1\" content=\"Redacci\u00f3n QP\" \/>\n\t<meta name=\"twitter:label2\" content=\"Tiempo de lectura\" \/>\n\t<meta name=\"twitter:data2\" content=\"3 minutos\" \/>\n<script type=\"application\/ld+json\" class=\"yoast-schema-graph\">{\"@context\":\"https:\\\/\\\/schema.org\",\"@graph\":[{\"@type\":\"Article\",\"@id\":\"https:\\\/\\\/quehacerpolitico.mx\\\/?p=101390#article\",\"isPartOf\":{\"@id\":\"https:\\\/\\\/quehacerpolitico.mx\\\/?p=101390\"},\"author\":{\"name\":\"Redacci\u00f3n QP\",\"@id\":\"https:\\\/\\\/quehacerpolitico.mx\\\/#\\\/schema\\\/person\\\/496d8ad2d1d3f8036101dca7ee39e585\"},\"headline\":\"El presidente L\u00f3pez Obrador mand\u00f3, desde su Palacio, un mensaje a quienes se manifiestan afuera de la Suprema Corte de Justicia\u201c\u00a1\u00c1nimo, no est\u00e1n solos!\u201d\",\"datePublished\":\"2023-05-30T15:54:02+00:00\",\"dateModified\":\"2023-05-30T15:54:06+00:00\",\"mainEntityOfPage\":{\"@id\":\"https:\\\/\\\/quehacerpolitico.mx\\\/?p=101390\"},\"wordCount\":579,\"commentCount\":0,\"image\":{\"@id\":\"https:\\\/\\\/quehacerpolitico.mx\\\/?p=101390#primaryimage\"},\"thumbnailUrl\":\"https:\\\/\\\/quehacerpolitico.mx\\\/wp-content\\\/uploads\\\/2023\\\/05\\\/IMG_8088.jpeg\",\"articleSection\":[\"Noticias\"],\"inLanguage\":\"es\",\"potentialAction\":[{\"@type\":\"CommentAction\",\"name\":\"Comment\",\"target\":[\"https:\\\/\\\/quehacerpolitico.mx\\\/?p=101390#respond\"]}]},{\"@type\":\"WebPage\",\"@id\":\"https:\\\/\\\/quehacerpolitico.mx\\\/?p=101390\",\"url\":\"https:\\\/\\\/quehacerpolitico.mx\\\/?p=101390\",\"name\":\"El presidente L\u00f3pez Obrador mand\u00f3, desde su Palacio, un mensaje a quienes se manifiestan afuera de la Suprema Corte de Justicia\u201c\u00a1\u00c1nimo, no est\u00e1n solos!\u201d -\",\"isPartOf\":{\"@id\":\"https:\\\/\\\/quehacerpolitico.mx\\\/#website\"},\"primaryImageOfPage\":{\"@id\":\"https:\\\/\\\/quehacerpolitico.mx\\\/?p=101390#primaryimage\"},\"image\":{\"@id\":\"https:\\\/\\\/quehacerpolitico.mx\\\/?p=101390#primaryimage\"},\"thumbnailUrl\":\"https:\\\/\\\/quehacerpolitico.mx\\\/wp-content\\\/uploads\\\/2023\\\/05\\\/IMG_8088.jpeg\",\"datePublished\":\"2023-05-30T15:54:02+00:00\",\"dateModified\":\"2023-05-30T15:54:06+00:00\",\"author\":{\"@id\":\"https:\\\/\\\/quehacerpolitico.mx\\\/#\\\/schema\\\/person\\\/496d8ad2d1d3f8036101dca7ee39e585\"},\"breadcrumb\":{\"@id\":\"https:\\\/\\\/quehacerpolitico.mx\\\/?p=101390#breadcrumb\"},\"inLanguage\":\"es\",\"potentialAction\":[{\"@type\":\"ReadAction\",\"target\":[\"https:\\\/\\\/quehacerpolitico.mx\\\/?p=101390\"]}]},{\"@type\":\"ImageObject\",\"inLanguage\":\"es\",\"@id\":\"https:\\\/\\\/quehacerpolitico.mx\\\/?p=101390#primaryimage\",\"url\":\"https:\\\/\\\/quehacerpolitico.mx\\\/wp-content\\\/uploads\\\/2023\\\/05\\\/IMG_8088.jpeg\",\"contentUrl\":\"https:\\\/\\\/quehacerpolitico.mx\\\/wp-content\\\/uploads\\\/2023\\\/05\\\/IMG_8088.jpeg\",\"width\":728,\"height\":421},{\"@type\":\"BreadcrumbList\",\"@id\":\"https:\\\/\\\/quehacerpolitico.mx\\\/?p=101390#breadcrumb\",\"itemListElement\":[{\"@type\":\"ListItem\",\"position\":1,\"name\":\"Inicio\",\"item\":\"https:\\\/\\\/quehacerpolitico.mx\\\/\"},{\"@type\":\"ListItem\",\"position\":2,\"name\":\"El presidente L\u00f3pez Obrador mand\u00f3, desde su Palacio, un mensaje a quienes se manifiestan afuera de la Suprema Corte de Justicia\u201c\u00a1\u00c1nimo, no est\u00e1n solos!\u201d\"}]},{\"@type\":\"WebSite\",\"@id\":\"https:\\\/\\\/quehacerpolitico.mx\\\/#website\",\"url\":\"https:\\\/\\\/quehacerpolitico.mx\\\/\",\"name\":\"\",\"description\":\"\",\"potentialAction\":[{\"@type\":\"SearchAction\",\"target\":{\"@type\":\"EntryPoint\",\"urlTemplate\":\"https:\\\/\\\/quehacerpolitico.mx\\\/?s={search_term_string}\"},\"query-input\":{\"@type\":\"PropertyValueSpecification\",\"valueRequired\":true,\"valueName\":\"search_term_string\"}}],\"inLanguage\":\"es\"},{\"@type\":\"Person\",\"@id\":\"https:\\\/\\\/quehacerpolitico.mx\\\/#\\\/schema\\\/person\\\/496d8ad2d1d3f8036101dca7ee39e585\",\"name\":\"Redacci\u00f3n QP\",\"image\":{\"@type\":\"ImageObject\",\"inLanguage\":\"es\",\"@id\":\"https:\\\/\\\/secure.gravatar.com\\\/avatar\\\/c7164ed6fdec453195284ad24a5ae5b6e1eed2b848477fa2a4787ba9adf39a41?s=96&d=mm&r=g\",\"url\":\"https:\\\/\\\/secure.gravatar.com\\\/avatar\\\/c7164ed6fdec453195284ad24a5ae5b6e1eed2b848477fa2a4787ba9adf39a41?s=96&d=mm&r=g\",\"contentUrl\":\"https:\\\/\\\/secure.gravatar.com\\\/avatar\\\/c7164ed6fdec453195284ad24a5ae5b6e1eed2b848477fa2a4787ba9adf39a41?s=96&d=mm&r=g\",\"caption\":\"Redacci\u00f3n QP\"},\"url\":\"https:\\\/\\\/quehacerpolitico.mx\\\/?author=2\"}]}<\/script>\n<!-- \/ Yoast SEO plugin. -->","yoast_head_json":{"title":"El presidente L\u00f3pez Obrador mand\u00f3, desde su Palacio, un mensaje a quienes se manifiestan afuera de la Suprema Corte de Justicia\u201c\u00a1\u00c1nimo, no est\u00e1n solos!\u201d -","robots":{"index":"index","follow":"follow","max-snippet":"max-snippet:-1","max-image-preview":"max-image-preview:large","max-video-preview":"max-video-preview:-1"},"canonical":"https:\/\/quehacerpolitico.mx\/?p=101390","og_locale":"es_MX","og_type":"article","og_title":"El presidente L\u00f3pez Obrador mand\u00f3, desde su Palacio, un mensaje a quienes se manifiestan afuera de la Suprema Corte de Justicia\u201c\u00a1\u00c1nimo, no est\u00e1n solos!\u201d -","og_description":"Por Redacci\u00f3n QP El presidente L\u00f3pez Obrador pidi\u00f3 a integrantes del plant\u00f3n en la Corte...","og_url":"https:\/\/quehacerpolitico.mx\/?p=101390","article_published_time":"2023-05-30T15:54:02+00:00","article_modified_time":"2023-05-30T15:54:06+00:00","og_image":[{"width":728,"height":421,"url":"https:\/\/quehacerpolitico.mx\/wp-content\/uploads\/2023\/05\/IMG_8088.jpeg","type":"image\/jpeg"}],"author":"Redacci\u00f3n QP","twitter_card":"summary_large_image","twitter_misc":{"Escrito por":"Redacci\u00f3n QP","Tiempo de lectura":"3 minutos"},"schema":{"@context":"https:\/\/schema.org","@graph":[{"@type":"Article","@id":"https:\/\/quehacerpolitico.mx\/?p=101390#article","isPartOf":{"@id":"https:\/\/quehacerpolitico.mx\/?p=101390"},"author":{"name":"Redacci\u00f3n QP","@id":"https:\/\/quehacerpolitico.mx\/#\/schema\/person\/496d8ad2d1d3f8036101dca7ee39e585"},"headline":"El presidente L\u00f3pez Obrador mand\u00f3, desde su Palacio, un mensaje a quienes se manifiestan afuera de la Suprema Corte de Justicia\u201c\u00a1\u00c1nimo, no est\u00e1n solos!\u201d","datePublished":"2023-05-30T15:54:02+00:00","dateModified":"2023-05-30T15:54:06+00:00","mainEntityOfPage":{"@id":"https:\/\/quehacerpolitico.mx\/?p=101390"},"wordCount":579,"commentCount":0,"image":{"@id":"https:\/\/quehacerpolitico.mx\/?p=101390#primaryimage"},"thumbnailUrl":"https:\/\/quehacerpolitico.mx\/wp-content\/uploads\/2023\/05\/IMG_8088.jpeg","articleSection":["Noticias"],"inLanguage":"es","potentialAction":[{"@type":"CommentAction","name":"Comment","target":["https:\/\/quehacerpolitico.mx\/?p=101390#respond"]}]},{"@type":"WebPage","@id":"https:\/\/quehacerpolitico.mx\/?p=101390","url":"https:\/\/quehacerpolitico.mx\/?p=101390","name":"El presidente L\u00f3pez Obrador mand\u00f3, desde su Palacio, un mensaje a quienes se manifiestan afuera de la Suprema Corte de Justicia\u201c\u00a1\u00c1nimo, no est\u00e1n solos!\u201d -","isPartOf":{"@id":"https:\/\/quehacerpolitico.mx\/#website"},"primaryImageOfPage":{"@id":"https:\/\/quehacerpolitico.mx\/?p=101390#primaryimage"},"image":{"@id":"https:\/\/quehacerpolitico.mx\/?p=101390#primaryimage"},"thumbnailUrl":"https:\/\/quehacerpolitico.mx\/wp-content\/uploads\/2023\/05\/IMG_8088.jpeg","datePublished":"2023-05-30T15:54:02+00:00","dateModified":"2023-05-30T15:54:06+00:00","author":{"@id":"https:\/\/quehacerpolitico.mx\/#\/schema\/person\/496d8ad2d1d3f8036101dca7ee39e585"},"breadcrumb":{"@id":"https:\/\/quehacerpolitico.mx\/?p=101390#breadcrumb"},"inLanguage":"es","potentialAction":[{"@type":"ReadAction","target":["https:\/\/quehacerpolitico.mx\/?p=101390"]}]},{"@type":"ImageObject","inLanguage":"es","@id":"https:\/\/quehacerpolitico.mx\/?p=101390#primaryimage","url":"https:\/\/quehacerpolitico.mx\/wp-content\/uploads\/2023\/05\/IMG_8088.jpeg","contentUrl":"https:\/\/quehacerpolitico.mx\/wp-content\/uploads\/2023\/05\/IMG_8088.jpeg","width":728,"height":421},{"@type":"BreadcrumbList","@id":"https:\/\/quehacerpolitico.mx\/?p=101390#breadcrumb","itemListElement":[{"@type":"ListItem","position":1,"name":"Inicio","item":"https:\/\/quehacerpolitico.mx\/"},{"@type":"ListItem","position":2,"name":"El presidente L\u00f3pez Obrador mand\u00f3, desde su Palacio, un mensaje a quienes se manifiestan afuera de la Suprema Corte de Justicia\u201c\u00a1\u00c1nimo, no est\u00e1n solos!\u201d"}]},{"@type":"WebSite","@id":"https:\/\/quehacerpolitico.mx\/#website","url":"https:\/\/quehacerpolitico.mx\/","name":"","description":"","potentialAction":[{"@type":"SearchAction","target":{"@type":"EntryPoint","urlTemplate":"https:\/\/quehacerpolitico.mx\/?s={search_term_string}"},"query-input":{"@type":"PropertyValueSpecification","valueRequired":true,"valueName":"search_term_string"}}],"inLanguage":"es"},{"@type":"Person","@id":"https:\/\/quehacerpolitico.mx\/#\/schema\/person\/496d8ad2d1d3f8036101dca7ee39e585","name":"Redacci\u00f3n QP","image":{"@type":"ImageObject","inLanguage":"es","@id":"https:\/\/secure.gravatar.com\/avatar\/c7164ed6fdec453195284ad24a5ae5b6e1eed2b848477fa2a4787ba9adf39a41?s=96&d=mm&r=g","url":"https:\/\/secure.gravatar.com\/avatar\/c7164ed6fdec453195284ad24a5ae5b6e1eed2b848477fa2a4787ba9adf39a41?s=96&d=mm&r=g","contentUrl":"https:\/\/secure.gravatar.com\/avatar\/c7164ed6fdec453195284ad24a5ae5b6e1eed2b848477fa2a4787ba9adf39a41?s=96&d=mm&r=g","caption":"Redacci\u00f3n QP"},"url":"https:\/\/quehacerpolitico.mx\/?author=2"}]}},"featured_image_urls":{"full":["https:\/\/quehacerpolitico.mx\/wp-content\/uploads\/2023\/05\/IMG_8088.jpeg",728,421,false],"thumbnail":["https:\/\/quehacerpolitico.mx\/wp-content\/uploads\/2023\/05\/IMG_8088-150x150.jpeg",150,150,true],"medium":["https:\/\/quehacerpolitico.mx\/wp-content\/uploads\/2023\/05\/IMG_8088-300x173.jpeg",300,173,true],"medium_large":["https:\/\/quehacerpolitico.mx\/wp-content\/uploads\/2023\/05\/IMG_8088.jpeg",640,370,false],"large":["https:\/\/quehacerpolitico.mx\/wp-content\/uploads\/2023\/05\/IMG_8088.jpeg",640,370,false],"1536x1536":["https:\/\/quehacerpolitico.mx\/wp-content\/uploads\/2023\/05\/IMG_8088.jpeg",728,421,false],"2048x2048":["https:\/\/quehacerpolitico.mx\/wp-content\/uploads\/2023\/05\/IMG_8088.jpeg",728,421,false],"covernews-featured":["https:\/\/quehacerpolitico.mx\/wp-content\/uploads\/2023\/05\/IMG_8088.jpeg",728,421,false],"covernews-medium":["https:\/\/quehacerpolitico.mx\/wp-content\/uploads\/2023\/05\/IMG_8088.jpeg",540,312,false]},"author_info":{"display_name":"Redacci\u00f3n QP","author_link":"https:\/\/quehacerpolitico.mx\/?author=2"},"category_info":"<a href=\"https:\/\/quehacerpolitico.mx\/?cat=2\" rel=\"category\">Noticias<\/a>","tag_info":"Noticias","comment_count":"0","_links":{"self":[{"href":"https:\/\/quehacerpolitico.mx\/index.php?rest_route=\/wp\/v2\/posts\/101390","targetHints":{"allow":["GET"]}}],"collection":[{"href":"https:\/\/quehacerpolitico.mx\/index.php?rest_route=\/wp\/v2\/posts"}],"about":[{"href":"https:\/\/quehacerpolitico.mx\/index.php?rest_route=\/wp\/v2\/types\/post"}],"author":[{"embeddable":true,"href":"https:\/\/quehacerpolitico.mx\/index.php?rest_route=\/wp\/v2\/users\/2"}],"replies":[{"embeddable":true,"href":"https:\/\/quehacerpolitico.mx\/index.php?rest_route=%2Fwp%2Fv2%2Fcomments&post=101390"}],"version-history":[{"count":1,"href":"https:\/\/quehacerpolitico.mx\/index.php?rest_route=\/wp\/v2\/posts\/101390\/revisions"}],"predecessor-version":[{"id":101392,"href":"https:\/\/quehacerpolitico.mx\/index.php?rest_route=\/wp\/v2\/posts\/101390\/revisions\/101392"}],"wp:featuredmedia":[{"embeddable":true,"href":"https:\/\/quehacerpolitico.mx\/index.php?rest_route=\/wp\/v2\/media\/101391"}],"wp:attachment":[{"href":"https:\/\/quehacerpolitico.mx\/index.php?rest_route=%2Fwp%2Fv2%2Fmedia&parent=101390"}],"wp:term":[{"taxonomy":"category","embeddable":true,"href":"https:\/\/quehacerpolitico.mx\/index.php?rest_route=%2Fwp%2Fv2%2Fcategories&post=101390"},{"taxonomy":"post_tag","embeddable":true,"href":"https:\/\/quehacerpolitico.mx\/index.php?rest_route=%2Fwp%2Fv2%2Ftags&post=101390"}],"curies":[{"name":"wp","href":"https:\/\/api.w.org\/{rel}","templated":true}]}}