{"id":101387,"date":"2023-05-30T15:36:00","date_gmt":"2023-05-30T15:36:00","guid":{"rendered":"https:\/\/quehacerpolitico.mx\/?p=101387"},"modified":"2023-05-30T15:36:04","modified_gmt":"2023-05-30T15:36:04","slug":"en-la-mananera-tienen-una-nueva-seccion-llamada-los-jueces-que-favorecen-a-delincuentes-y-adivinen-a-quien-acusaron-ahi-a-norma-pina","status":"publish","type":"post","link":"https:\/\/quehacerpolitico.mx\/?p=101387","title":{"rendered":"En la ma\u00f1anera tienen una nueva secci\u00f3n llamada \u201clos jueces que favorecen a delincuentes\u201d, y \u00bfadivinen a qui\u00e9n acusaron ah\u00ed? A Norma Pi\u00f1a"},"content":{"rendered":"\n<p>Por Redacci\u00f3n QP<\/p>\n\n\n\n<p>Exhiben a la presidenta de la SCJN por &#8220;sostener criterios parciales&#8221; que benefician a presuntos responsables en la desaparici\u00f3n de un pepenador<\/p>\n\n\n\n<p>Al continuar con las cr\u00edticas del Gobierno federal al Poder Judicial, esta ma\u00f1ana Luis Rodr\u00edguez Bucio, subsecretario de Seguridad P\u00fablica (SSPC),<strong>\u00a0ubic\u00f3 a la ministra Norma Pi\u00f1a Hern\u00e1ndez, presidenta de la Suprema Corte de Justicia de la Naci\u00f3n (SCJN) en la lista de &#8220;Jueces que Favorecen a Delincuentes&#8221;.<\/strong><\/p>\n\n\n\n<p>Al presentar el Informe de &#8220;Cero Impunidad&#8221; y frente al Presidente L\u00f3pez Obrador, el subsecretario se\u00f1al\u00f3 a la ministra Pi\u00f1a Hern\u00e1ndez en su calidad de presidenta del Consejo de la Judicatura Federal (CJF) y a la magistrada Mar\u00eda Gabriela Rol\u00f3n Monta\u00f1o, secretaria Ejecutiva de Disciplina del CJF\u00a0<strong>por &#8220;sostener criterios parciales&#8221; que benefician a cuatro presuntos responsables en el caso de desaparici\u00f3n de Francisco &#8220;N&#8221;,<\/strong>\u00a0pepenador detenido en diciembre de 2018 por elementos de la Fiscal\u00eda de Aguascalientes y escoltas del gobernador de esa Entidad, Mart\u00edn Orozco.<\/p>\n\n\n\n<figure class=\"wp-block-embed is-type-rich is-provider-twitter wp-block-embed-twitter\"><div class=\"wp-block-embed__wrapper\">\n<blockquote class=\"twitter-tweet\" data-width=\"550\" data-dnt=\"true\"><p lang=\"es\" dir=\"ltr\">En la ma\u00f1anera tienen una nueva secci\u00f3n llamada \u201clos jueces que favorecen a delincuentes\u201d, y \u00bfadivinen a qui\u00e9n acusaron ah\u00ed?<br><br>Claro, a la la ministra presidenta de la <a href=\"https:\/\/twitter.com\/SCJN?ref_src=twsrc%5Etfw\">@SCJN<\/a>, Norma Pi\u00f1a, por desechar una queja administrativa contra una jueza favoreciendo a cuatro personas acusadas\u2026 <a href=\"https:\/\/t.co\/fN8CRnildx\">pic.twitter.com\/fN8CRnildx<\/a><\/p>&mdash; Ruido en la Red (@RuidoEnLaRed) <a href=\"https:\/\/twitter.com\/RuidoEnLaRed\/status\/1663551640274890762?ref_src=twsrc%5Etfw\">May 30, 2023<\/a><\/blockquote><script async src=\"https:\/\/platform.twitter.com\/widgets.js\" charset=\"utf-8\"><\/script>\n<\/div><\/figure>\n\n\n\n<p>&#8220;Tenemos el caos de\u00a0la ministra Norma Luc\u00eda Pi\u00f1a Hern\u00e1ndez pero en su calidad de presidenta del Consejo de la Judicatura Federal (CFJ) y la magistrada Mar\u00eda Gabriela Rol\u00f3n Monta\u00f1o, ella es secretaria ejecutiva de Disciplina del CJF. El caso es una queja contra la juez de distrito Beatriz Eugenia \u00c1lvarez Rodr\u00edguez en el estado de Aguascalientes, es un caso de desaparici\u00f3n de Jos\u00e9 Francisco &#8216;N&#8217;, era un pepenador que fue detenido en diciembre del 2018, por elementos de la Fiscal\u00eda General de Justicia de Aguascalientes y que en ese tiempo se desempe\u00f1aba como escolta del gobernador Mart\u00edn Orozco&#8221;.<\/p>\n\n\n\n<p>En Palacio Nacional, Luis Rodr\u00edguez Bucio detall\u00f3 que el pasado 17 de mayo tanto la ministra Pi\u00f1a como la magistrada Rol\u00f3n,&nbsp;<strong>desecharon una queja administrativa promovida en contra de la jueza Beatriz Eugenia \u00c1lvarez Rodr\u00edguez&nbsp;<\/strong>quien, acus\u00f3, ha sostenido criterios parciales que benefician a los cuatro presuntos responsables de la desaparecido forzada de Jos\u00e9 Francisco &#8220;N&#8221;.<\/p>\n\n\n\n<p>&#8220;En este caso hubo otro detenido, Jaime &#8216;N&#8217;, que se suicid\u00f3 de manera dudosa en diciembre en 2019 en una celda del Cereso de Aguascalientes y a\u00fan contin\u00faa una persona m\u00e1s por detener por estos hechos&#8221;.<\/p>\n\n\n\n<p>&#8220;Las actuaciones en este caso, las actuaciones de la jueza \u00c1lvarez Rodr\u00edguez podr\u00edan absolver a los procesados del delito de desaparici\u00f3n forzada de Jos\u00e9 Francisco &#8216;N&#8217; &#8220;, se\u00f1al\u00f3.<\/p>\n\n\n\n<p>Con Informaci\u00f3n de SUN <\/p>\n","protected":false},"excerpt":{"rendered":"<p>Por Redacci\u00f3n QP Exhiben a la presidenta de la SCJN por &#8220;sostener criterios parciales&#8221; que&#8230;<\/p>\n","protected":false},"author":2,"featured_media":101388,"comment_status":"open","ping_status":"open","sticky":false,"template":"","format":"standard","meta":{"_monsterinsights_skip_tracking":false,"_monsterinsights_sitenote_active":false,"_monsterinsights_sitenote_note":"","_monsterinsights_sitenote_category":0,"footnotes":""},"categories":[2],"tags":[],"class_list":["post-101387","post","type-post","status-publish","format-standard","has-post-thumbnail","hentry","category-noticias"],"yoast_head":"<!-- This site is optimized with the Yoast SEO plugin v27.3 - https:\/\/yoast.com\/product\/yoast-seo-wordpress\/ -->\n<title>En la ma\u00f1anera tienen una nueva secci\u00f3n llamada \u201clos jueces que favorecen a delincuentes\u201d, y \u00bfadivinen a qui\u00e9n acusaron ah\u00ed? A Norma Pi\u00f1a -<\/title>\n<meta name=\"robots\" content=\"index, follow, max-snippet:-1, max-image-preview:large, max-video-preview:-1\" \/>\n<link rel=\"canonical\" href=\"https:\/\/quehacerpolitico.mx\/?p=101387\" \/>\n<meta property=\"og:locale\" content=\"es_MX\" \/>\n<meta property=\"og:type\" content=\"article\" \/>\n<meta property=\"og:title\" content=\"En la ma\u00f1anera tienen una nueva secci\u00f3n llamada \u201clos jueces que favorecen a delincuentes\u201d, y \u00bfadivinen a qui\u00e9n acusaron ah\u00ed? A Norma Pi\u00f1a -\" \/>\n<meta property=\"og:description\" content=\"Por Redacci\u00f3n QP Exhiben a la presidenta de la SCJN por &#8220;sostener criterios parciales&#8221; que...\" \/>\n<meta property=\"og:url\" content=\"https:\/\/quehacerpolitico.mx\/?p=101387\" \/>\n<meta property=\"article:published_time\" content=\"2023-05-30T15:36:00+00:00\" \/>\n<meta property=\"article:modified_time\" content=\"2023-05-30T15:36:04+00:00\" \/>\n<meta property=\"og:image\" content=\"https:\/\/quehacerpolitico.mx\/wp-content\/uploads\/2023\/05\/IMG_8087.jpeg\" \/>\n\t<meta property=\"og:image:width\" content=\"1284\" \/>\n\t<meta property=\"og:image:height\" content=\"679\" \/>\n\t<meta property=\"og:image:type\" content=\"image\/jpeg\" \/>\n<meta name=\"author\" content=\"Redacci\u00f3n QP\" \/>\n<meta name=\"twitter:card\" content=\"summary_large_image\" \/>\n<meta name=\"twitter:label1\" content=\"Escrito por\" \/>\n\t<meta name=\"twitter:data1\" content=\"Redacci\u00f3n QP\" \/>\n\t<meta name=\"twitter:label2\" content=\"Tiempo de lectura\" \/>\n\t<meta name=\"twitter:data2\" content=\"2 minutos\" \/>\n<script type=\"application\/ld+json\" class=\"yoast-schema-graph\">{\"@context\":\"https:\\\/\\\/schema.org\",\"@graph\":[{\"@type\":\"Article\",\"@id\":\"https:\\\/\\\/quehacerpolitico.mx\\\/?p=101387#article\",\"isPartOf\":{\"@id\":\"https:\\\/\\\/quehacerpolitico.mx\\\/?p=101387\"},\"author\":{\"name\":\"Redacci\u00f3n QP\",\"@id\":\"https:\\\/\\\/quehacerpolitico.mx\\\/#\\\/schema\\\/person\\\/496d8ad2d1d3f8036101dca7ee39e585\"},\"headline\":\"En la ma\u00f1anera tienen una nueva secci\u00f3n llamada \u201clos jueces que favorecen a delincuentes\u201d, y \u00bfadivinen a qui\u00e9n acusaron ah\u00ed? A Norma Pi\u00f1a\",\"datePublished\":\"2023-05-30T15:36:00+00:00\",\"dateModified\":\"2023-05-30T15:36:04+00:00\",\"mainEntityOfPage\":{\"@id\":\"https:\\\/\\\/quehacerpolitico.mx\\\/?p=101387\"},\"wordCount\":460,\"commentCount\":0,\"image\":{\"@id\":\"https:\\\/\\\/quehacerpolitico.mx\\\/?p=101387#primaryimage\"},\"thumbnailUrl\":\"https:\\\/\\\/quehacerpolitico.mx\\\/wp-content\\\/uploads\\\/2023\\\/05\\\/IMG_8087.jpeg\",\"articleSection\":[\"Noticias\"],\"inLanguage\":\"es\",\"potentialAction\":[{\"@type\":\"CommentAction\",\"name\":\"Comment\",\"target\":[\"https:\\\/\\\/quehacerpolitico.mx\\\/?p=101387#respond\"]}]},{\"@type\":\"WebPage\",\"@id\":\"https:\\\/\\\/quehacerpolitico.mx\\\/?p=101387\",\"url\":\"https:\\\/\\\/quehacerpolitico.mx\\\/?p=101387\",\"name\":\"En la ma\u00f1anera tienen una nueva secci\u00f3n llamada \u201clos jueces que favorecen a delincuentes\u201d, y \u00bfadivinen a qui\u00e9n acusaron ah\u00ed? A Norma Pi\u00f1a -\",\"isPartOf\":{\"@id\":\"https:\\\/\\\/quehacerpolitico.mx\\\/#website\"},\"primaryImageOfPage\":{\"@id\":\"https:\\\/\\\/quehacerpolitico.mx\\\/?p=101387#primaryimage\"},\"image\":{\"@id\":\"https:\\\/\\\/quehacerpolitico.mx\\\/?p=101387#primaryimage\"},\"thumbnailUrl\":\"https:\\\/\\\/quehacerpolitico.mx\\\/wp-content\\\/uploads\\\/2023\\\/05\\\/IMG_8087.jpeg\",\"datePublished\":\"2023-05-30T15:36:00+00:00\",\"dateModified\":\"2023-05-30T15:36:04+00:00\",\"author\":{\"@id\":\"https:\\\/\\\/quehacerpolitico.mx\\\/#\\\/schema\\\/person\\\/496d8ad2d1d3f8036101dca7ee39e585\"},\"breadcrumb\":{\"@id\":\"https:\\\/\\\/quehacerpolitico.mx\\\/?p=101387#breadcrumb\"},\"inLanguage\":\"es\",\"potentialAction\":[{\"@type\":\"ReadAction\",\"target\":[\"https:\\\/\\\/quehacerpolitico.mx\\\/?p=101387\"]}]},{\"@type\":\"ImageObject\",\"inLanguage\":\"es\",\"@id\":\"https:\\\/\\\/quehacerpolitico.mx\\\/?p=101387#primaryimage\",\"url\":\"https:\\\/\\\/quehacerpolitico.mx\\\/wp-content\\\/uploads\\\/2023\\\/05\\\/IMG_8087.jpeg\",\"contentUrl\":\"https:\\\/\\\/quehacerpolitico.mx\\\/wp-content\\\/uploads\\\/2023\\\/05\\\/IMG_8087.jpeg\",\"width\":1284,\"height\":679},{\"@type\":\"BreadcrumbList\",\"@id\":\"https:\\\/\\\/quehacerpolitico.mx\\\/?p=101387#breadcrumb\",\"itemListElement\":[{\"@type\":\"ListItem\",\"position\":1,\"name\":\"Inicio\",\"item\":\"https:\\\/\\\/quehacerpolitico.mx\\\/\"},{\"@type\":\"ListItem\",\"position\":2,\"name\":\"En la ma\u00f1anera tienen una nueva secci\u00f3n llamada \u201clos jueces que favorecen a delincuentes\u201d, y \u00bfadivinen a qui\u00e9n acusaron ah\u00ed? A Norma Pi\u00f1a\"}]},{\"@type\":\"WebSite\",\"@id\":\"https:\\\/\\\/quehacerpolitico.mx\\\/#website\",\"url\":\"https:\\\/\\\/quehacerpolitico.mx\\\/\",\"name\":\"\",\"description\":\"\",\"potentialAction\":[{\"@type\":\"SearchAction\",\"target\":{\"@type\":\"EntryPoint\",\"urlTemplate\":\"https:\\\/\\\/quehacerpolitico.mx\\\/?s={search_term_string}\"},\"query-input\":{\"@type\":\"PropertyValueSpecification\",\"valueRequired\":true,\"valueName\":\"search_term_string\"}}],\"inLanguage\":\"es\"},{\"@type\":\"Person\",\"@id\":\"https:\\\/\\\/quehacerpolitico.mx\\\/#\\\/schema\\\/person\\\/496d8ad2d1d3f8036101dca7ee39e585\",\"name\":\"Redacci\u00f3n QP\",\"image\":{\"@type\":\"ImageObject\",\"inLanguage\":\"es\",\"@id\":\"https:\\\/\\\/secure.gravatar.com\\\/avatar\\\/c7164ed6fdec453195284ad24a5ae5b6e1eed2b848477fa2a4787ba9adf39a41?s=96&d=mm&r=g\",\"url\":\"https:\\\/\\\/secure.gravatar.com\\\/avatar\\\/c7164ed6fdec453195284ad24a5ae5b6e1eed2b848477fa2a4787ba9adf39a41?s=96&d=mm&r=g\",\"contentUrl\":\"https:\\\/\\\/secure.gravatar.com\\\/avatar\\\/c7164ed6fdec453195284ad24a5ae5b6e1eed2b848477fa2a4787ba9adf39a41?s=96&d=mm&r=g\",\"caption\":\"Redacci\u00f3n QP\"},\"url\":\"https:\\\/\\\/quehacerpolitico.mx\\\/?author=2\"}]}<\/script>\n<!-- \/ Yoast SEO plugin. -->","yoast_head_json":{"title":"En la ma\u00f1anera tienen una nueva secci\u00f3n llamada \u201clos jueces que favorecen a delincuentes\u201d, y \u00bfadivinen a qui\u00e9n acusaron ah\u00ed? A Norma Pi\u00f1a -","robots":{"index":"index","follow":"follow","max-snippet":"max-snippet:-1","max-image-preview":"max-image-preview:large","max-video-preview":"max-video-preview:-1"},"canonical":"https:\/\/quehacerpolitico.mx\/?p=101387","og_locale":"es_MX","og_type":"article","og_title":"En la ma\u00f1anera tienen una nueva secci\u00f3n llamada \u201clos jueces que favorecen a delincuentes\u201d, y \u00bfadivinen a qui\u00e9n acusaron ah\u00ed? A Norma Pi\u00f1a -","og_description":"Por Redacci\u00f3n QP Exhiben a la presidenta de la SCJN por &#8220;sostener criterios parciales&#8221; que...","og_url":"https:\/\/quehacerpolitico.mx\/?p=101387","article_published_time":"2023-05-30T15:36:00+00:00","article_modified_time":"2023-05-30T15:36:04+00:00","og_image":[{"width":1284,"height":679,"url":"https:\/\/quehacerpolitico.mx\/wp-content\/uploads\/2023\/05\/IMG_8087.jpeg","type":"image\/jpeg"}],"author":"Redacci\u00f3n QP","twitter_card":"summary_large_image","twitter_misc":{"Escrito por":"Redacci\u00f3n QP","Tiempo de lectura":"2 minutos"},"schema":{"@context":"https:\/\/schema.org","@graph":[{"@type":"Article","@id":"https:\/\/quehacerpolitico.mx\/?p=101387#article","isPartOf":{"@id":"https:\/\/quehacerpolitico.mx\/?p=101387"},"author":{"name":"Redacci\u00f3n QP","@id":"https:\/\/quehacerpolitico.mx\/#\/schema\/person\/496d8ad2d1d3f8036101dca7ee39e585"},"headline":"En la ma\u00f1anera tienen una nueva secci\u00f3n llamada \u201clos jueces que favorecen a delincuentes\u201d, y \u00bfadivinen a qui\u00e9n acusaron ah\u00ed? A Norma Pi\u00f1a","datePublished":"2023-05-30T15:36:00+00:00","dateModified":"2023-05-30T15:36:04+00:00","mainEntityOfPage":{"@id":"https:\/\/quehacerpolitico.mx\/?p=101387"},"wordCount":460,"commentCount":0,"image":{"@id":"https:\/\/quehacerpolitico.mx\/?p=101387#primaryimage"},"thumbnailUrl":"https:\/\/quehacerpolitico.mx\/wp-content\/uploads\/2023\/05\/IMG_8087.jpeg","articleSection":["Noticias"],"inLanguage":"es","potentialAction":[{"@type":"CommentAction","name":"Comment","target":["https:\/\/quehacerpolitico.mx\/?p=101387#respond"]}]},{"@type":"WebPage","@id":"https:\/\/quehacerpolitico.mx\/?p=101387","url":"https:\/\/quehacerpolitico.mx\/?p=101387","name":"En la ma\u00f1anera tienen una nueva secci\u00f3n llamada \u201clos jueces que favorecen a delincuentes\u201d, y \u00bfadivinen a qui\u00e9n acusaron ah\u00ed? A Norma Pi\u00f1a -","isPartOf":{"@id":"https:\/\/quehacerpolitico.mx\/#website"},"primaryImageOfPage":{"@id":"https:\/\/quehacerpolitico.mx\/?p=101387#primaryimage"},"image":{"@id":"https:\/\/quehacerpolitico.mx\/?p=101387#primaryimage"},"thumbnailUrl":"https:\/\/quehacerpolitico.mx\/wp-content\/uploads\/2023\/05\/IMG_8087.jpeg","datePublished":"2023-05-30T15:36:00+00:00","dateModified":"2023-05-30T15:36:04+00:00","author":{"@id":"https:\/\/quehacerpolitico.mx\/#\/schema\/person\/496d8ad2d1d3f8036101dca7ee39e585"},"breadcrumb":{"@id":"https:\/\/quehacerpolitico.mx\/?p=101387#breadcrumb"},"inLanguage":"es","potentialAction":[{"@type":"ReadAction","target":["https:\/\/quehacerpolitico.mx\/?p=101387"]}]},{"@type":"ImageObject","inLanguage":"es","@id":"https:\/\/quehacerpolitico.mx\/?p=101387#primaryimage","url":"https:\/\/quehacerpolitico.mx\/wp-content\/uploads\/2023\/05\/IMG_8087.jpeg","contentUrl":"https:\/\/quehacerpolitico.mx\/wp-content\/uploads\/2023\/05\/IMG_8087.jpeg","width":1284,"height":679},{"@type":"BreadcrumbList","@id":"https:\/\/quehacerpolitico.mx\/?p=101387#breadcrumb","itemListElement":[{"@type":"ListItem","position":1,"name":"Inicio","item":"https:\/\/quehacerpolitico.mx\/"},{"@type":"ListItem","position":2,"name":"En la ma\u00f1anera tienen una nueva secci\u00f3n llamada \u201clos jueces que favorecen a delincuentes\u201d, y \u00bfadivinen a qui\u00e9n acusaron ah\u00ed? A Norma Pi\u00f1a"}]},{"@type":"WebSite","@id":"https:\/\/quehacerpolitico.mx\/#website","url":"https:\/\/quehacerpolitico.mx\/","name":"","description":"","potentialAction":[{"@type":"SearchAction","target":{"@type":"EntryPoint","urlTemplate":"https:\/\/quehacerpolitico.mx\/?s={search_term_string}"},"query-input":{"@type":"PropertyValueSpecification","valueRequired":true,"valueName":"search_term_string"}}],"inLanguage":"es"},{"@type":"Person","@id":"https:\/\/quehacerpolitico.mx\/#\/schema\/person\/496d8ad2d1d3f8036101dca7ee39e585","name":"Redacci\u00f3n QP","image":{"@type":"ImageObject","inLanguage":"es","@id":"https:\/\/secure.gravatar.com\/avatar\/c7164ed6fdec453195284ad24a5ae5b6e1eed2b848477fa2a4787ba9adf39a41?s=96&d=mm&r=g","url":"https:\/\/secure.gravatar.com\/avatar\/c7164ed6fdec453195284ad24a5ae5b6e1eed2b848477fa2a4787ba9adf39a41?s=96&d=mm&r=g","contentUrl":"https:\/\/secure.gravatar.com\/avatar\/c7164ed6fdec453195284ad24a5ae5b6e1eed2b848477fa2a4787ba9adf39a41?s=96&d=mm&r=g","caption":"Redacci\u00f3n QP"},"url":"https:\/\/quehacerpolitico.mx\/?author=2"}]}},"featured_image_urls":{"full":["https:\/\/quehacerpolitico.mx\/wp-content\/uploads\/2023\/05\/IMG_8087.jpeg",1284,679,false],"thumbnail":["https:\/\/quehacerpolitico.mx\/wp-content\/uploads\/2023\/05\/IMG_8087-150x150.jpeg",150,150,true],"medium":["https:\/\/quehacerpolitico.mx\/wp-content\/uploads\/2023\/05\/IMG_8087-300x159.jpeg",300,159,true],"medium_large":["https:\/\/quehacerpolitico.mx\/wp-content\/uploads\/2023\/05\/IMG_8087-768x406.jpeg",640,338,true],"large":["https:\/\/quehacerpolitico.mx\/wp-content\/uploads\/2023\/05\/IMG_8087-1024x542.jpeg",640,339,true],"1536x1536":["https:\/\/quehacerpolitico.mx\/wp-content\/uploads\/2023\/05\/IMG_8087.jpeg",1284,679,false],"2048x2048":["https:\/\/quehacerpolitico.mx\/wp-content\/uploads\/2023\/05\/IMG_8087.jpeg",1284,679,false],"covernews-featured":["https:\/\/quehacerpolitico.mx\/wp-content\/uploads\/2023\/05\/IMG_8087.jpeg",1024,542,false],"covernews-medium":["https:\/\/quehacerpolitico.mx\/wp-content\/uploads\/2023\/05\/IMG_8087.jpeg",540,286,false]},"author_info":{"display_name":"Redacci\u00f3n QP","author_link":"https:\/\/quehacerpolitico.mx\/?author=2"},"category_info":"<a href=\"https:\/\/quehacerpolitico.mx\/?cat=2\" rel=\"category\">Noticias<\/a>","tag_info":"Noticias","comment_count":"0","_links":{"self":[{"href":"https:\/\/quehacerpolitico.mx\/index.php?rest_route=\/wp\/v2\/posts\/101387","targetHints":{"allow":["GET"]}}],"collection":[{"href":"https:\/\/quehacerpolitico.mx\/index.php?rest_route=\/wp\/v2\/posts"}],"about":[{"href":"https:\/\/quehacerpolitico.mx\/index.php?rest_route=\/wp\/v2\/types\/post"}],"author":[{"embeddable":true,"href":"https:\/\/quehacerpolitico.mx\/index.php?rest_route=\/wp\/v2\/users\/2"}],"replies":[{"embeddable":true,"href":"https:\/\/quehacerpolitico.mx\/index.php?rest_route=%2Fwp%2Fv2%2Fcomments&post=101387"}],"version-history":[{"count":1,"href":"https:\/\/quehacerpolitico.mx\/index.php?rest_route=\/wp\/v2\/posts\/101387\/revisions"}],"predecessor-version":[{"id":101389,"href":"https:\/\/quehacerpolitico.mx\/index.php?rest_route=\/wp\/v2\/posts\/101387\/revisions\/101389"}],"wp:featuredmedia":[{"embeddable":true,"href":"https:\/\/quehacerpolitico.mx\/index.php?rest_route=\/wp\/v2\/media\/101388"}],"wp:attachment":[{"href":"https:\/\/quehacerpolitico.mx\/index.php?rest_route=%2Fwp%2Fv2%2Fmedia&parent=101387"}],"wp:term":[{"taxonomy":"category","embeddable":true,"href":"https:\/\/quehacerpolitico.mx\/index.php?rest_route=%2Fwp%2Fv2%2Fcategories&post=101387"},{"taxonomy":"post_tag","embeddable":true,"href":"https:\/\/quehacerpolitico.mx\/index.php?rest_route=%2Fwp%2Fv2%2Ftags&post=101387"}],"curies":[{"name":"wp","href":"https:\/\/api.w.org\/{rel}","templated":true}]}}