{"id":101324,"date":"2023-05-29T17:08:52","date_gmt":"2023-05-29T17:08:52","guid":{"rendered":"https:\/\/quehacerpolitico.mx\/?p=101324"},"modified":"2023-05-29T17:09:00","modified_gmt":"2023-05-29T17:09:00","slug":"lopez-obrador-pide-mostrar-videos-de-incendio-que-dejo-40-migrantes-muertos","status":"publish","type":"post","link":"https:\/\/quehacerpolitico.mx\/?p=101324","title":{"rendered":"L\u00f3pez Obrador pide mostrar videos de incendio que dej\u00f3 40 migrantes muertos"},"content":{"rendered":"\n<p>Por Redacci\u00f3n QP<\/p>\n\n\n\n<p>El Presidente mostr\u00f3 su desacuerdo con ocultar las grabaciones, y prometi\u00f3 que habr\u00e1 justicia a dos meses del hecho<\/p>\n\n\n\n<p>El Presidente Andr\u00e9s Manuel L\u00f3pez Obrador\u00a0<strong>afirm\u00f3 estar en desacuerdo con ocultar los videos sobre el incendio que mat\u00f3 a 40 migrantes\u00a0<\/strong>en una estaci\u00f3n del Gobierno de Ciudad Ju\u00e1rez, Chihuahua, y prometi\u00f3 que habr\u00e1 justicia a dos meses del hecho.<\/p>\n\n\n\n<p><strong>&#8220;No soy partidario de que se oculte la informaci\u00f3n, no s\u00e9 por qu\u00e9 lo hicieron,\u00a0<\/strong>voy a preguntar para que se permita toda la informaci\u00f3n&#8221;, se\u00f1al\u00f3 el Mandatario durante su rueda de prensa matutina.<\/p>\n\n\n\n<p>L\u00f3pez Obrador record\u00f3 que\u00a0<strong>&#8220;se est\u00e1 haciendo la investigaci\u00f3n&#8221; de los hechos, y que ya hay detenidos.<\/strong><\/p>\n\n\n\n<p>&#8220;Hay personas que est\u00e1n siendo procesadas, no s\u00e9 exactamente cu\u00e1ntos ahora est\u00e1n ya en la c\u00e1rcel, cu\u00e1ntos est\u00e1n siendo procesados&#8221;, indic\u00f3.<\/p>\n\n\n\n<p>Sin embargo,<strong>\u00a0garantiz\u00f3 que &#8220;ya se est\u00e1 castigando a los responsables<\/strong>&#8220;, tanto a los que iniciaron el fuego como a las autoridades responsables de la tragedia.<\/p>\n\n\n\n<p>El Presidente dijo desconocer que se hab\u00edan ocultado videos sobre lo ocurrido aquel d\u00eda previo al incendio, pero asegur\u00f3 ser &#8220;partidario siempre que se d\u00e9 a conocer la informaci\u00f3n, que no se oculte nada&#8221;.<\/p>\n\n\n\n<p>Tras la tragedia, una decena de personas han sido detenidas, mientras que el director del INM, Francisco Gardu\u00f1o, fue vinculado a proceso porque la Fiscal\u00eda General de la Rep\u00fablica (FGR) lo acusa de omisi\u00f3n de funciones por su rol en los hechos, pero se mantiene en libertad y sin renunciar a su cargo.&nbsp;<\/p>\n\n\n\n<p>L\u00f3pez Obrador asever\u00f3 que el incendio ocurrido el pasado 27 de marzo en una estaci\u00f3n del Instituto Nacional de Migraci\u00f3n (INM) en Ciudad Ju\u00e1rez, donde murieron 40 migrantes que protestaban para que mejoraran sus condiciones dentro del centro de detenci\u00f3n y contra su posible deportaci\u00f3n,\u00a0<strong>fue una &#8220;tragedia muy lamentable&#8221;.<\/strong><\/p>\n\n\n\n<p>Sin embargo,<strong>\u00a0garantiz\u00f3 que &#8220;ya se est\u00e1 castigando a los responsables<\/strong>&#8220;, tanto a los que iniciaron el fuego como a las autoridades responsables de la tragedia.<\/p>\n\n\n\n<figure class=\"wp-block-embed is-type-rich is-provider-twitter wp-block-embed-twitter\"><div class=\"wp-block-embed__wrapper\">\n<blockquote class=\"twitter-tweet\" data-width=\"550\" data-dnt=\"true\"><p lang=\"es\" dir=\"ltr\"><a href=\"https:\/\/twitter.com\/hashtag\/Ma%C3%B1anera?src=hash&amp;ref_src=twsrc%5Etfw\">#Ma\u00f1anera<\/a> | Desconoce <a href=\"https:\/\/twitter.com\/hashtag\/AMLO?src=hash&amp;ref_src=twsrc%5Etfw\">#AMLO<\/a> la decisi\u00f3n de reservar los videos del incendio en la estaci\u00f3n migratoria de Ciudad Ju\u00e1rez, Chihuahua, donde murieron 40 personas. <a href=\"https:\/\/t.co\/7Zpf9WTxs7\">pic.twitter.com\/7Zpf9WTxs7<\/a><\/p>&mdash; Adela Micha (@Adela_Micha) <a href=\"https:\/\/twitter.com\/Adela_Micha\/status\/1663207847595745282?ref_src=twsrc%5Etfw\">May 29, 2023<\/a><\/blockquote><script async src=\"https:\/\/platform.twitter.com\/widgets.js\" charset=\"utf-8\"><\/script>\n<\/div><\/figure>\n\n\n\n<p>El Presidente dijo desconocer que se hab\u00edan ocultado videos sobre lo ocurrido aquel d\u00eda previo al incendio, pero asegur\u00f3 ser &#8220;partidario siempre que se d\u00e9 a conocer la informaci\u00f3n, que no se oculte nada&#8221;.<\/p>\n\n\n\n<p>Tras la tragedia, una decena de personas han sido detenidas, mientras que el director del INM, Francisco Gardu\u00f1o, fue vinculado a proceso porque la Fiscal\u00eda General de la Rep\u00fablica (FGR) lo acusa de omisi\u00f3n de funciones por su rol en los hechos, pero se mantiene en libertad y sin renunciar a su cargo.<\/p>\n\n\n\n<p>Con Informaci\u00f3n de EFE<\/p>\n","protected":false},"excerpt":{"rendered":"<p>Por Redacci\u00f3n QP El Presidente mostr\u00f3 su desacuerdo con ocultar las grabaciones, y prometi\u00f3 que&#8230;<\/p>\n","protected":false},"author":2,"featured_media":101325,"comment_status":"open","ping_status":"open","sticky":false,"template":"","format":"standard","meta":{"_monsterinsights_skip_tracking":false,"_monsterinsights_sitenote_active":false,"_monsterinsights_sitenote_note":"","_monsterinsights_sitenote_category":0,"footnotes":""},"categories":[2],"tags":[],"class_list":["post-101324","post","type-post","status-publish","format-standard","has-post-thumbnail","hentry","category-noticias"],"yoast_head":"<!-- This site is optimized with the Yoast SEO plugin v27.3 - https:\/\/yoast.com\/product\/yoast-seo-wordpress\/ -->\n<title>L\u00f3pez Obrador pide mostrar videos de incendio que dej\u00f3 40 migrantes muertos -<\/title>\n<meta name=\"robots\" content=\"index, follow, max-snippet:-1, max-image-preview:large, max-video-preview:-1\" \/>\n<link rel=\"canonical\" href=\"https:\/\/quehacerpolitico.mx\/?p=101324\" \/>\n<meta property=\"og:locale\" content=\"es_MX\" \/>\n<meta property=\"og:type\" content=\"article\" \/>\n<meta property=\"og:title\" content=\"L\u00f3pez Obrador pide mostrar videos de incendio que dej\u00f3 40 migrantes muertos -\" \/>\n<meta property=\"og:description\" content=\"Por Redacci\u00f3n QP El Presidente mostr\u00f3 su desacuerdo con ocultar las grabaciones, y prometi\u00f3 que...\" \/>\n<meta property=\"og:url\" content=\"https:\/\/quehacerpolitico.mx\/?p=101324\" \/>\n<meta property=\"article:published_time\" content=\"2023-05-29T17:08:52+00:00\" \/>\n<meta property=\"article:modified_time\" content=\"2023-05-29T17:09:00+00:00\" \/>\n<meta property=\"og:image\" content=\"https:\/\/quehacerpolitico.mx\/wp-content\/uploads\/2023\/05\/IMG_8058.jpeg\" \/>\n\t<meta property=\"og:image:width\" content=\"926\" \/>\n\t<meta property=\"og:image:height\" content=\"514\" \/>\n\t<meta property=\"og:image:type\" content=\"image\/jpeg\" \/>\n<meta name=\"author\" content=\"Redacci\u00f3n QP\" \/>\n<meta name=\"twitter:card\" content=\"summary_large_image\" \/>\n<meta name=\"twitter:label1\" content=\"Escrito por\" \/>\n\t<meta name=\"twitter:data1\" content=\"Redacci\u00f3n QP\" \/>\n\t<meta name=\"twitter:label2\" content=\"Tiempo de lectura\" \/>\n\t<meta name=\"twitter:data2\" content=\"2 minutos\" \/>\n<script type=\"application\/ld+json\" class=\"yoast-schema-graph\">{\"@context\":\"https:\\\/\\\/schema.org\",\"@graph\":[{\"@type\":\"Article\",\"@id\":\"https:\\\/\\\/quehacerpolitico.mx\\\/?p=101324#article\",\"isPartOf\":{\"@id\":\"https:\\\/\\\/quehacerpolitico.mx\\\/?p=101324\"},\"author\":{\"name\":\"Redacci\u00f3n QP\",\"@id\":\"https:\\\/\\\/quehacerpolitico.mx\\\/#\\\/schema\\\/person\\\/496d8ad2d1d3f8036101dca7ee39e585\"},\"headline\":\"L\u00f3pez Obrador pide mostrar videos de incendio que dej\u00f3 40 migrantes muertos\",\"datePublished\":\"2023-05-29T17:08:52+00:00\",\"dateModified\":\"2023-05-29T17:09:00+00:00\",\"mainEntityOfPage\":{\"@id\":\"https:\\\/\\\/quehacerpolitico.mx\\\/?p=101324\"},\"wordCount\":474,\"commentCount\":0,\"image\":{\"@id\":\"https:\\\/\\\/quehacerpolitico.mx\\\/?p=101324#primaryimage\"},\"thumbnailUrl\":\"https:\\\/\\\/quehacerpolitico.mx\\\/wp-content\\\/uploads\\\/2023\\\/05\\\/IMG_8058.jpeg\",\"articleSection\":[\"Noticias\"],\"inLanguage\":\"es\",\"potentialAction\":[{\"@type\":\"CommentAction\",\"name\":\"Comment\",\"target\":[\"https:\\\/\\\/quehacerpolitico.mx\\\/?p=101324#respond\"]}]},{\"@type\":\"WebPage\",\"@id\":\"https:\\\/\\\/quehacerpolitico.mx\\\/?p=101324\",\"url\":\"https:\\\/\\\/quehacerpolitico.mx\\\/?p=101324\",\"name\":\"L\u00f3pez Obrador pide mostrar videos de incendio que dej\u00f3 40 migrantes muertos -\",\"isPartOf\":{\"@id\":\"https:\\\/\\\/quehacerpolitico.mx\\\/#website\"},\"primaryImageOfPage\":{\"@id\":\"https:\\\/\\\/quehacerpolitico.mx\\\/?p=101324#primaryimage\"},\"image\":{\"@id\":\"https:\\\/\\\/quehacerpolitico.mx\\\/?p=101324#primaryimage\"},\"thumbnailUrl\":\"https:\\\/\\\/quehacerpolitico.mx\\\/wp-content\\\/uploads\\\/2023\\\/05\\\/IMG_8058.jpeg\",\"datePublished\":\"2023-05-29T17:08:52+00:00\",\"dateModified\":\"2023-05-29T17:09:00+00:00\",\"author\":{\"@id\":\"https:\\\/\\\/quehacerpolitico.mx\\\/#\\\/schema\\\/person\\\/496d8ad2d1d3f8036101dca7ee39e585\"},\"breadcrumb\":{\"@id\":\"https:\\\/\\\/quehacerpolitico.mx\\\/?p=101324#breadcrumb\"},\"inLanguage\":\"es\",\"potentialAction\":[{\"@type\":\"ReadAction\",\"target\":[\"https:\\\/\\\/quehacerpolitico.mx\\\/?p=101324\"]}]},{\"@type\":\"ImageObject\",\"inLanguage\":\"es\",\"@id\":\"https:\\\/\\\/quehacerpolitico.mx\\\/?p=101324#primaryimage\",\"url\":\"https:\\\/\\\/quehacerpolitico.mx\\\/wp-content\\\/uploads\\\/2023\\\/05\\\/IMG_8058.jpeg\",\"contentUrl\":\"https:\\\/\\\/quehacerpolitico.mx\\\/wp-content\\\/uploads\\\/2023\\\/05\\\/IMG_8058.jpeg\",\"width\":926,\"height\":514},{\"@type\":\"BreadcrumbList\",\"@id\":\"https:\\\/\\\/quehacerpolitico.mx\\\/?p=101324#breadcrumb\",\"itemListElement\":[{\"@type\":\"ListItem\",\"position\":1,\"name\":\"Inicio\",\"item\":\"https:\\\/\\\/quehacerpolitico.mx\\\/\"},{\"@type\":\"ListItem\",\"position\":2,\"name\":\"L\u00f3pez Obrador pide mostrar videos de incendio que dej\u00f3 40 migrantes muertos\"}]},{\"@type\":\"WebSite\",\"@id\":\"https:\\\/\\\/quehacerpolitico.mx\\\/#website\",\"url\":\"https:\\\/\\\/quehacerpolitico.mx\\\/\",\"name\":\"\",\"description\":\"\",\"potentialAction\":[{\"@type\":\"SearchAction\",\"target\":{\"@type\":\"EntryPoint\",\"urlTemplate\":\"https:\\\/\\\/quehacerpolitico.mx\\\/?s={search_term_string}\"},\"query-input\":{\"@type\":\"PropertyValueSpecification\",\"valueRequired\":true,\"valueName\":\"search_term_string\"}}],\"inLanguage\":\"es\"},{\"@type\":\"Person\",\"@id\":\"https:\\\/\\\/quehacerpolitico.mx\\\/#\\\/schema\\\/person\\\/496d8ad2d1d3f8036101dca7ee39e585\",\"name\":\"Redacci\u00f3n QP\",\"image\":{\"@type\":\"ImageObject\",\"inLanguage\":\"es\",\"@id\":\"https:\\\/\\\/secure.gravatar.com\\\/avatar\\\/c7164ed6fdec453195284ad24a5ae5b6e1eed2b848477fa2a4787ba9adf39a41?s=96&d=mm&r=g\",\"url\":\"https:\\\/\\\/secure.gravatar.com\\\/avatar\\\/c7164ed6fdec453195284ad24a5ae5b6e1eed2b848477fa2a4787ba9adf39a41?s=96&d=mm&r=g\",\"contentUrl\":\"https:\\\/\\\/secure.gravatar.com\\\/avatar\\\/c7164ed6fdec453195284ad24a5ae5b6e1eed2b848477fa2a4787ba9adf39a41?s=96&d=mm&r=g\",\"caption\":\"Redacci\u00f3n QP\"},\"url\":\"https:\\\/\\\/quehacerpolitico.mx\\\/?author=2\"}]}<\/script>\n<!-- \/ Yoast SEO plugin. -->","yoast_head_json":{"title":"L\u00f3pez Obrador pide mostrar videos de incendio que dej\u00f3 40 migrantes muertos -","robots":{"index":"index","follow":"follow","max-snippet":"max-snippet:-1","max-image-preview":"max-image-preview:large","max-video-preview":"max-video-preview:-1"},"canonical":"https:\/\/quehacerpolitico.mx\/?p=101324","og_locale":"es_MX","og_type":"article","og_title":"L\u00f3pez Obrador pide mostrar videos de incendio que dej\u00f3 40 migrantes muertos -","og_description":"Por Redacci\u00f3n QP El Presidente mostr\u00f3 su desacuerdo con ocultar las grabaciones, y prometi\u00f3 que...","og_url":"https:\/\/quehacerpolitico.mx\/?p=101324","article_published_time":"2023-05-29T17:08:52+00:00","article_modified_time":"2023-05-29T17:09:00+00:00","og_image":[{"width":926,"height":514,"url":"https:\/\/quehacerpolitico.mx\/wp-content\/uploads\/2023\/05\/IMG_8058.jpeg","type":"image\/jpeg"}],"author":"Redacci\u00f3n QP","twitter_card":"summary_large_image","twitter_misc":{"Escrito por":"Redacci\u00f3n QP","Tiempo de lectura":"2 minutos"},"schema":{"@context":"https:\/\/schema.org","@graph":[{"@type":"Article","@id":"https:\/\/quehacerpolitico.mx\/?p=101324#article","isPartOf":{"@id":"https:\/\/quehacerpolitico.mx\/?p=101324"},"author":{"name":"Redacci\u00f3n QP","@id":"https:\/\/quehacerpolitico.mx\/#\/schema\/person\/496d8ad2d1d3f8036101dca7ee39e585"},"headline":"L\u00f3pez Obrador pide mostrar videos de incendio que dej\u00f3 40 migrantes muertos","datePublished":"2023-05-29T17:08:52+00:00","dateModified":"2023-05-29T17:09:00+00:00","mainEntityOfPage":{"@id":"https:\/\/quehacerpolitico.mx\/?p=101324"},"wordCount":474,"commentCount":0,"image":{"@id":"https:\/\/quehacerpolitico.mx\/?p=101324#primaryimage"},"thumbnailUrl":"https:\/\/quehacerpolitico.mx\/wp-content\/uploads\/2023\/05\/IMG_8058.jpeg","articleSection":["Noticias"],"inLanguage":"es","potentialAction":[{"@type":"CommentAction","name":"Comment","target":["https:\/\/quehacerpolitico.mx\/?p=101324#respond"]}]},{"@type":"WebPage","@id":"https:\/\/quehacerpolitico.mx\/?p=101324","url":"https:\/\/quehacerpolitico.mx\/?p=101324","name":"L\u00f3pez Obrador pide mostrar videos de incendio que dej\u00f3 40 migrantes muertos -","isPartOf":{"@id":"https:\/\/quehacerpolitico.mx\/#website"},"primaryImageOfPage":{"@id":"https:\/\/quehacerpolitico.mx\/?p=101324#primaryimage"},"image":{"@id":"https:\/\/quehacerpolitico.mx\/?p=101324#primaryimage"},"thumbnailUrl":"https:\/\/quehacerpolitico.mx\/wp-content\/uploads\/2023\/05\/IMG_8058.jpeg","datePublished":"2023-05-29T17:08:52+00:00","dateModified":"2023-05-29T17:09:00+00:00","author":{"@id":"https:\/\/quehacerpolitico.mx\/#\/schema\/person\/496d8ad2d1d3f8036101dca7ee39e585"},"breadcrumb":{"@id":"https:\/\/quehacerpolitico.mx\/?p=101324#breadcrumb"},"inLanguage":"es","potentialAction":[{"@type":"ReadAction","target":["https:\/\/quehacerpolitico.mx\/?p=101324"]}]},{"@type":"ImageObject","inLanguage":"es","@id":"https:\/\/quehacerpolitico.mx\/?p=101324#primaryimage","url":"https:\/\/quehacerpolitico.mx\/wp-content\/uploads\/2023\/05\/IMG_8058.jpeg","contentUrl":"https:\/\/quehacerpolitico.mx\/wp-content\/uploads\/2023\/05\/IMG_8058.jpeg","width":926,"height":514},{"@type":"BreadcrumbList","@id":"https:\/\/quehacerpolitico.mx\/?p=101324#breadcrumb","itemListElement":[{"@type":"ListItem","position":1,"name":"Inicio","item":"https:\/\/quehacerpolitico.mx\/"},{"@type":"ListItem","position":2,"name":"L\u00f3pez Obrador pide mostrar videos de incendio que dej\u00f3 40 migrantes muertos"}]},{"@type":"WebSite","@id":"https:\/\/quehacerpolitico.mx\/#website","url":"https:\/\/quehacerpolitico.mx\/","name":"","description":"","potentialAction":[{"@type":"SearchAction","target":{"@type":"EntryPoint","urlTemplate":"https:\/\/quehacerpolitico.mx\/?s={search_term_string}"},"query-input":{"@type":"PropertyValueSpecification","valueRequired":true,"valueName":"search_term_string"}}],"inLanguage":"es"},{"@type":"Person","@id":"https:\/\/quehacerpolitico.mx\/#\/schema\/person\/496d8ad2d1d3f8036101dca7ee39e585","name":"Redacci\u00f3n QP","image":{"@type":"ImageObject","inLanguage":"es","@id":"https:\/\/secure.gravatar.com\/avatar\/c7164ed6fdec453195284ad24a5ae5b6e1eed2b848477fa2a4787ba9adf39a41?s=96&d=mm&r=g","url":"https:\/\/secure.gravatar.com\/avatar\/c7164ed6fdec453195284ad24a5ae5b6e1eed2b848477fa2a4787ba9adf39a41?s=96&d=mm&r=g","contentUrl":"https:\/\/secure.gravatar.com\/avatar\/c7164ed6fdec453195284ad24a5ae5b6e1eed2b848477fa2a4787ba9adf39a41?s=96&d=mm&r=g","caption":"Redacci\u00f3n QP"},"url":"https:\/\/quehacerpolitico.mx\/?author=2"}]}},"featured_image_urls":{"full":["https:\/\/quehacerpolitico.mx\/wp-content\/uploads\/2023\/05\/IMG_8058.jpeg",926,514,false],"thumbnail":["https:\/\/quehacerpolitico.mx\/wp-content\/uploads\/2023\/05\/IMG_8058-150x150.jpeg",150,150,true],"medium":["https:\/\/quehacerpolitico.mx\/wp-content\/uploads\/2023\/05\/IMG_8058-300x167.jpeg",300,167,true],"medium_large":["https:\/\/quehacerpolitico.mx\/wp-content\/uploads\/2023\/05\/IMG_8058-768x426.jpeg",640,355,true],"large":["https:\/\/quehacerpolitico.mx\/wp-content\/uploads\/2023\/05\/IMG_8058.jpeg",640,355,false],"1536x1536":["https:\/\/quehacerpolitico.mx\/wp-content\/uploads\/2023\/05\/IMG_8058.jpeg",926,514,false],"2048x2048":["https:\/\/quehacerpolitico.mx\/wp-content\/uploads\/2023\/05\/IMG_8058.jpeg",926,514,false],"covernews-featured":["https:\/\/quehacerpolitico.mx\/wp-content\/uploads\/2023\/05\/IMG_8058.jpeg",926,514,false],"covernews-medium":["https:\/\/quehacerpolitico.mx\/wp-content\/uploads\/2023\/05\/IMG_8058.jpeg",540,300,false]},"author_info":{"display_name":"Redacci\u00f3n QP","author_link":"https:\/\/quehacerpolitico.mx\/?author=2"},"category_info":"<a href=\"https:\/\/quehacerpolitico.mx\/?cat=2\" rel=\"category\">Noticias<\/a>","tag_info":"Noticias","comment_count":"0","_links":{"self":[{"href":"https:\/\/quehacerpolitico.mx\/index.php?rest_route=\/wp\/v2\/posts\/101324","targetHints":{"allow":["GET"]}}],"collection":[{"href":"https:\/\/quehacerpolitico.mx\/index.php?rest_route=\/wp\/v2\/posts"}],"about":[{"href":"https:\/\/quehacerpolitico.mx\/index.php?rest_route=\/wp\/v2\/types\/post"}],"author":[{"embeddable":true,"href":"https:\/\/quehacerpolitico.mx\/index.php?rest_route=\/wp\/v2\/users\/2"}],"replies":[{"embeddable":true,"href":"https:\/\/quehacerpolitico.mx\/index.php?rest_route=%2Fwp%2Fv2%2Fcomments&post=101324"}],"version-history":[{"count":1,"href":"https:\/\/quehacerpolitico.mx\/index.php?rest_route=\/wp\/v2\/posts\/101324\/revisions"}],"predecessor-version":[{"id":101326,"href":"https:\/\/quehacerpolitico.mx\/index.php?rest_route=\/wp\/v2\/posts\/101324\/revisions\/101326"}],"wp:featuredmedia":[{"embeddable":true,"href":"https:\/\/quehacerpolitico.mx\/index.php?rest_route=\/wp\/v2\/media\/101325"}],"wp:attachment":[{"href":"https:\/\/quehacerpolitico.mx\/index.php?rest_route=%2Fwp%2Fv2%2Fmedia&parent=101324"}],"wp:term":[{"taxonomy":"category","embeddable":true,"href":"https:\/\/quehacerpolitico.mx\/index.php?rest_route=%2Fwp%2Fv2%2Fcategories&post=101324"},{"taxonomy":"post_tag","embeddable":true,"href":"https:\/\/quehacerpolitico.mx\/index.php?rest_route=%2Fwp%2Fv2%2Ftags&post=101324"}],"curies":[{"name":"wp","href":"https:\/\/api.w.org\/{rel}","templated":true}]}}