{"id":101321,"date":"2023-05-29T16:56:06","date_gmt":"2023-05-29T16:56:06","guid":{"rendered":"https:\/\/quehacerpolitico.mx\/?p=101321"},"modified":"2023-05-29T16:56:09","modified_gmt":"2023-05-29T16:56:09","slug":"canciller-peruana-afirma-que-conducta-de-lopez-obrador-linda-con-lo-irracional","status":"publish","type":"post","link":"https:\/\/quehacerpolitico.mx\/?p=101321","title":{"rendered":"Canciller peruana afirma que conducta de L\u00f3pez Obrador &#8220;linda con lo irracional&#8221;"},"content":{"rendered":"\n<p>Por Redacci\u00f3n QP<\/p>\n\n\n\n<p>Ana Cecilia Gervasi enfatiza que por sus dichos, el ejecutivo y el legislativo peruano han &#8220;condenado categ\u00f3ricamente sus posiciones injerencistas e irresponsables&#8221;<\/p>\n\n\n\n<p>La canciller de\u00a0Peru, Ana Cecilia Gervasi, afirm\u00f3 que el presidente de M\u00e9xico,\u00a0Andres Manuel Lopez Obrador, mantiene &#8220;una conducta tan ideologizada que linda con lo irracional&#8221; al rechazar la legitimidad de la jefa de Estado peruana, Dina Boluarte.<\/p>\n\n\n\n<p>&#8220;El se\u00f1or L\u00f3pez insiste, insensatamente, en desconocer el golpe de estado de Pedro Castillo, pese a que la comunidad internacional en su conjunto ha expresado su rechazo al quiebre del orden constitucional en el Per\u00fa y su apoyo a la sucesi\u00f3n constitucional de la presidenta Dina Boluarte&#8221;, sostuvo Gervasi en una entrevista publicada este lunes por el diario\u00a0<em>El Comercio<\/em>.<\/p>\n\n\n\n<p>La ministra de Relaciones Exteriores peruana enfatiz\u00f3 que, por ese motivo, el ejecutivo y el legislativo peruano han\u00a0<mark><strong>&#8220;condenado categ\u00f3ricamente sus posiciones injerencistas e irresponsables&#8221;.<\/strong><\/mark><\/p>\n\n\n\n<p>El pleno del Congreso de Per\u00fa declar\u00f3 el jueves pasado &#8220;persona non grata&#8221; a L\u00f3pez Obrador por sus repetidas declaraciones sobre asuntos internos y la negativa a transferir al pa\u00eds andino la presidencia de la\u00a0Alianza del Pacifico<\/p>\n\n\n\n<p>El Gobernante Mexicano calific\u00f3 la semana pasada de &#8220;usurpadora&#8221; a Boluarte y dijo que deber\u00eda dejarle &#8220;la Presidencia al que gan\u00f3 en una elecci\u00f3n libre y democr\u00e1tica, a\u00a0<strong>Pedro Castillo<\/strong>&#8220;, quien est\u00e1 preso desde el pasado 7 de diciembre tras ser destituido por el Congreso peruano luego de intentar dar un golpe de Estado.<\/p>\n\n\n\n<p>Reiter\u00f3, adem\u00e1s, que M\u00e9xico no le entregar\u00e1 la Presidencia de la Alianza del Pac\u00edfico &#8220;porque ella no es legal y leg\u00edtimamente presidenta del Per\u00fa&#8221;.<\/p>\n\n\n\n<p>Tras la decisi\u00f3n del Congreso peruano, L\u00f3pez Obrador anunci\u00f3 el viernes que el Gobierno que encabeza no quiere tener &#8220;relaciones econ\u00f3micas ni comerciales con el Per\u00fa&#8221; y calific\u00f3 nuevamente a Boluarte de &#8220;usurpadora&#8221; del cargo.<\/p>\n\n\n\n<p>Sobre la entrega de la presidencia pro t\u00e9mpore de la Alianza del Pac\u00edfico, el Mandatario Mexicano dijo que se la podr\u00eda entregar al gobierno de Chile, pese a que le corresponde a Per\u00fa.<\/p>\n\n\n\n<h2 class=\"wp-block-heading\">Las relaciones comerciales tras dichos de L\u00f3pez Obrador<\/h2>\n\n\n\n<p>En respuesta, Gervasi afirm\u00f3 que las relaciones econ\u00f3micas y comerciales entre los pa\u00edses&nbsp;<mark><strong>&#8220;son impulsadas por los empresarios, las pymes y otros actores de la sociedad civil de ambos pa\u00edses, y no por los gobiernos&#8221;.<\/strong><\/mark><\/p>\n\n\n\n<p>&#8220;Las muy importantes inversiones mexicanas en el Per\u00fa y las nuestras en M\u00e9xico continuar\u00e1n m\u00e1s all\u00e1 de expresiones como estas; nuestro intercambio comercial supera los dos mil millones de d\u00f3lares&#8221;, enfatiz\u00f3.<\/p>\n\n\n\n<p>Consider\u00f3, sin embargo, &#8220;inconcebible&#8221; que M\u00e9xico &#8220;retroceda 12 a\u00f1os de sus trabajos en un mecanismo como la Alianza del Pac\u00edfico&#8221; que, se\u00f1al\u00f3,&nbsp;<mark><strong>&#8220;no es un foro pol\u00edtico, sino uno de los m\u00e1s exitosos mecanismos econ\u00f3micos-comerciales que tiene la regi\u00f3n&#8221;.<\/strong><\/mark><\/p>\n\n\n\n<p>A pesar de ello, la canciller dijo que el gobierno de Boluarte mantendr\u00e1 su &#8220;posici\u00f3n de apertura al di\u00e1logo para encontrar una alternativa&#8221; que le permita asumir la presidencia de la Alianza y agradeci\u00f3 el respaldo que ha recibido ese derecho de parte del canciller de Chile, Alberto van Klaveren, y la subsecretaria de\u00a0Chile de Relaciones Exteriores, Gloria de la Fuente.<\/p>\n\n\n\n<p>&#8220;Nosotros continuaremos con la mejor disposici\u00f3n para buscar que prontamente se concrete una alternativa consensuada que salvaguarde los 12 a\u00f1os de logros de la Alianza del Pac\u00edfico y asegure su proyecci\u00f3n futura&#8221;, concluy\u00f3.<\/p>\n\n\n\n<p>En medio del enfrentamiento con el gobierno de L\u00f3pez Obrador, Per\u00fa\u00a0<mark><strong>anunci\u00f3 a fines de febrero pasado el retiro permanente de su embajador en M\u00e9xico y se\u00f1al\u00f3 que la relaci\u00f3n bilateral quedaba reducida a encargados de negocios.<\/strong><\/mark><\/p>\n\n\n\n<p>Con Informaci\u00f3n de EFE<\/p>\n","protected":false},"excerpt":{"rendered":"<p>Por Redacci\u00f3n QP Ana Cecilia Gervasi enfatiza que por sus dichos, el ejecutivo y el&#8230;<\/p>\n","protected":false},"author":2,"featured_media":101322,"comment_status":"open","ping_status":"open","sticky":false,"template":"","format":"standard","meta":{"_monsterinsights_skip_tracking":false,"_monsterinsights_sitenote_active":false,"_monsterinsights_sitenote_note":"","_monsterinsights_sitenote_category":0,"footnotes":""},"categories":[2],"tags":[],"class_list":["post-101321","post","type-post","status-publish","format-standard","has-post-thumbnail","hentry","category-noticias"],"yoast_head":"<!-- This site is optimized with the Yoast SEO plugin v27.3 - https:\/\/yoast.com\/product\/yoast-seo-wordpress\/ -->\n<title>Canciller peruana afirma que conducta de L\u00f3pez Obrador &quot;linda con lo irracional&quot; -<\/title>\n<meta name=\"robots\" content=\"index, follow, max-snippet:-1, max-image-preview:large, max-video-preview:-1\" \/>\n<link rel=\"canonical\" href=\"https:\/\/quehacerpolitico.mx\/?p=101321\" \/>\n<meta property=\"og:locale\" content=\"es_MX\" \/>\n<meta property=\"og:type\" content=\"article\" \/>\n<meta property=\"og:title\" content=\"Canciller peruana afirma que conducta de L\u00f3pez Obrador &quot;linda con lo irracional&quot; -\" \/>\n<meta property=\"og:description\" content=\"Por Redacci\u00f3n QP Ana Cecilia Gervasi enfatiza que por sus dichos, el ejecutivo y el...\" \/>\n<meta property=\"og:url\" content=\"https:\/\/quehacerpolitico.mx\/?p=101321\" \/>\n<meta property=\"article:published_time\" content=\"2023-05-29T16:56:06+00:00\" \/>\n<meta property=\"article:modified_time\" content=\"2023-05-29T16:56:09+00:00\" \/>\n<meta property=\"og:image\" content=\"https:\/\/quehacerpolitico.mx\/wp-content\/uploads\/2023\/05\/IMG_8057.jpeg\" \/>\n\t<meta property=\"og:image:width\" content=\"645\" \/>\n\t<meta property=\"og:image:height\" content=\"363\" \/>\n\t<meta property=\"og:image:type\" content=\"image\/jpeg\" \/>\n<meta name=\"author\" content=\"Redacci\u00f3n QP\" \/>\n<meta name=\"twitter:card\" content=\"summary_large_image\" \/>\n<meta name=\"twitter:label1\" content=\"Escrito por\" \/>\n\t<meta name=\"twitter:data1\" content=\"Redacci\u00f3n QP\" \/>\n\t<meta name=\"twitter:label2\" content=\"Tiempo de lectura\" \/>\n\t<meta name=\"twitter:data2\" content=\"3 minutos\" \/>\n<script type=\"application\/ld+json\" class=\"yoast-schema-graph\">{\"@context\":\"https:\\\/\\\/schema.org\",\"@graph\":[{\"@type\":\"Article\",\"@id\":\"https:\\\/\\\/quehacerpolitico.mx\\\/?p=101321#article\",\"isPartOf\":{\"@id\":\"https:\\\/\\\/quehacerpolitico.mx\\\/?p=101321\"},\"author\":{\"name\":\"Redacci\u00f3n QP\",\"@id\":\"https:\\\/\\\/quehacerpolitico.mx\\\/#\\\/schema\\\/person\\\/496d8ad2d1d3f8036101dca7ee39e585\"},\"headline\":\"Canciller peruana afirma que conducta de L\u00f3pez Obrador &#8220;linda con lo irracional&#8221;\",\"datePublished\":\"2023-05-29T16:56:06+00:00\",\"dateModified\":\"2023-05-29T16:56:09+00:00\",\"mainEntityOfPage\":{\"@id\":\"https:\\\/\\\/quehacerpolitico.mx\\\/?p=101321\"},\"wordCount\":643,\"commentCount\":0,\"image\":{\"@id\":\"https:\\\/\\\/quehacerpolitico.mx\\\/?p=101321#primaryimage\"},\"thumbnailUrl\":\"https:\\\/\\\/quehacerpolitico.mx\\\/wp-content\\\/uploads\\\/2023\\\/05\\\/IMG_8057.jpeg\",\"articleSection\":[\"Noticias\"],\"inLanguage\":\"es\",\"potentialAction\":[{\"@type\":\"CommentAction\",\"name\":\"Comment\",\"target\":[\"https:\\\/\\\/quehacerpolitico.mx\\\/?p=101321#respond\"]}]},{\"@type\":\"WebPage\",\"@id\":\"https:\\\/\\\/quehacerpolitico.mx\\\/?p=101321\",\"url\":\"https:\\\/\\\/quehacerpolitico.mx\\\/?p=101321\",\"name\":\"Canciller peruana afirma que conducta de L\u00f3pez Obrador \\\"linda con lo irracional\\\" -\",\"isPartOf\":{\"@id\":\"https:\\\/\\\/quehacerpolitico.mx\\\/#website\"},\"primaryImageOfPage\":{\"@id\":\"https:\\\/\\\/quehacerpolitico.mx\\\/?p=101321#primaryimage\"},\"image\":{\"@id\":\"https:\\\/\\\/quehacerpolitico.mx\\\/?p=101321#primaryimage\"},\"thumbnailUrl\":\"https:\\\/\\\/quehacerpolitico.mx\\\/wp-content\\\/uploads\\\/2023\\\/05\\\/IMG_8057.jpeg\",\"datePublished\":\"2023-05-29T16:56:06+00:00\",\"dateModified\":\"2023-05-29T16:56:09+00:00\",\"author\":{\"@id\":\"https:\\\/\\\/quehacerpolitico.mx\\\/#\\\/schema\\\/person\\\/496d8ad2d1d3f8036101dca7ee39e585\"},\"breadcrumb\":{\"@id\":\"https:\\\/\\\/quehacerpolitico.mx\\\/?p=101321#breadcrumb\"},\"inLanguage\":\"es\",\"potentialAction\":[{\"@type\":\"ReadAction\",\"target\":[\"https:\\\/\\\/quehacerpolitico.mx\\\/?p=101321\"]}]},{\"@type\":\"ImageObject\",\"inLanguage\":\"es\",\"@id\":\"https:\\\/\\\/quehacerpolitico.mx\\\/?p=101321#primaryimage\",\"url\":\"https:\\\/\\\/quehacerpolitico.mx\\\/wp-content\\\/uploads\\\/2023\\\/05\\\/IMG_8057.jpeg\",\"contentUrl\":\"https:\\\/\\\/quehacerpolitico.mx\\\/wp-content\\\/uploads\\\/2023\\\/05\\\/IMG_8057.jpeg\",\"width\":645,\"height\":363},{\"@type\":\"BreadcrumbList\",\"@id\":\"https:\\\/\\\/quehacerpolitico.mx\\\/?p=101321#breadcrumb\",\"itemListElement\":[{\"@type\":\"ListItem\",\"position\":1,\"name\":\"Inicio\",\"item\":\"https:\\\/\\\/quehacerpolitico.mx\\\/\"},{\"@type\":\"ListItem\",\"position\":2,\"name\":\"Canciller peruana afirma que conducta de L\u00f3pez Obrador &#8220;linda con lo irracional&#8221;\"}]},{\"@type\":\"WebSite\",\"@id\":\"https:\\\/\\\/quehacerpolitico.mx\\\/#website\",\"url\":\"https:\\\/\\\/quehacerpolitico.mx\\\/\",\"name\":\"\",\"description\":\"\",\"potentialAction\":[{\"@type\":\"SearchAction\",\"target\":{\"@type\":\"EntryPoint\",\"urlTemplate\":\"https:\\\/\\\/quehacerpolitico.mx\\\/?s={search_term_string}\"},\"query-input\":{\"@type\":\"PropertyValueSpecification\",\"valueRequired\":true,\"valueName\":\"search_term_string\"}}],\"inLanguage\":\"es\"},{\"@type\":\"Person\",\"@id\":\"https:\\\/\\\/quehacerpolitico.mx\\\/#\\\/schema\\\/person\\\/496d8ad2d1d3f8036101dca7ee39e585\",\"name\":\"Redacci\u00f3n QP\",\"image\":{\"@type\":\"ImageObject\",\"inLanguage\":\"es\",\"@id\":\"https:\\\/\\\/secure.gravatar.com\\\/avatar\\\/c7164ed6fdec453195284ad24a5ae5b6e1eed2b848477fa2a4787ba9adf39a41?s=96&d=mm&r=g\",\"url\":\"https:\\\/\\\/secure.gravatar.com\\\/avatar\\\/c7164ed6fdec453195284ad24a5ae5b6e1eed2b848477fa2a4787ba9adf39a41?s=96&d=mm&r=g\",\"contentUrl\":\"https:\\\/\\\/secure.gravatar.com\\\/avatar\\\/c7164ed6fdec453195284ad24a5ae5b6e1eed2b848477fa2a4787ba9adf39a41?s=96&d=mm&r=g\",\"caption\":\"Redacci\u00f3n QP\"},\"url\":\"https:\\\/\\\/quehacerpolitico.mx\\\/?author=2\"}]}<\/script>\n<!-- \/ Yoast SEO plugin. -->","yoast_head_json":{"title":"Canciller peruana afirma que conducta de L\u00f3pez Obrador \"linda con lo irracional\" -","robots":{"index":"index","follow":"follow","max-snippet":"max-snippet:-1","max-image-preview":"max-image-preview:large","max-video-preview":"max-video-preview:-1"},"canonical":"https:\/\/quehacerpolitico.mx\/?p=101321","og_locale":"es_MX","og_type":"article","og_title":"Canciller peruana afirma que conducta de L\u00f3pez Obrador \"linda con lo irracional\" -","og_description":"Por Redacci\u00f3n QP Ana Cecilia Gervasi enfatiza que por sus dichos, el ejecutivo y el...","og_url":"https:\/\/quehacerpolitico.mx\/?p=101321","article_published_time":"2023-05-29T16:56:06+00:00","article_modified_time":"2023-05-29T16:56:09+00:00","og_image":[{"width":645,"height":363,"url":"https:\/\/quehacerpolitico.mx\/wp-content\/uploads\/2023\/05\/IMG_8057.jpeg","type":"image\/jpeg"}],"author":"Redacci\u00f3n QP","twitter_card":"summary_large_image","twitter_misc":{"Escrito por":"Redacci\u00f3n QP","Tiempo de lectura":"3 minutos"},"schema":{"@context":"https:\/\/schema.org","@graph":[{"@type":"Article","@id":"https:\/\/quehacerpolitico.mx\/?p=101321#article","isPartOf":{"@id":"https:\/\/quehacerpolitico.mx\/?p=101321"},"author":{"name":"Redacci\u00f3n QP","@id":"https:\/\/quehacerpolitico.mx\/#\/schema\/person\/496d8ad2d1d3f8036101dca7ee39e585"},"headline":"Canciller peruana afirma que conducta de L\u00f3pez Obrador &#8220;linda con lo irracional&#8221;","datePublished":"2023-05-29T16:56:06+00:00","dateModified":"2023-05-29T16:56:09+00:00","mainEntityOfPage":{"@id":"https:\/\/quehacerpolitico.mx\/?p=101321"},"wordCount":643,"commentCount":0,"image":{"@id":"https:\/\/quehacerpolitico.mx\/?p=101321#primaryimage"},"thumbnailUrl":"https:\/\/quehacerpolitico.mx\/wp-content\/uploads\/2023\/05\/IMG_8057.jpeg","articleSection":["Noticias"],"inLanguage":"es","potentialAction":[{"@type":"CommentAction","name":"Comment","target":["https:\/\/quehacerpolitico.mx\/?p=101321#respond"]}]},{"@type":"WebPage","@id":"https:\/\/quehacerpolitico.mx\/?p=101321","url":"https:\/\/quehacerpolitico.mx\/?p=101321","name":"Canciller peruana afirma que conducta de L\u00f3pez Obrador \"linda con lo irracional\" -","isPartOf":{"@id":"https:\/\/quehacerpolitico.mx\/#website"},"primaryImageOfPage":{"@id":"https:\/\/quehacerpolitico.mx\/?p=101321#primaryimage"},"image":{"@id":"https:\/\/quehacerpolitico.mx\/?p=101321#primaryimage"},"thumbnailUrl":"https:\/\/quehacerpolitico.mx\/wp-content\/uploads\/2023\/05\/IMG_8057.jpeg","datePublished":"2023-05-29T16:56:06+00:00","dateModified":"2023-05-29T16:56:09+00:00","author":{"@id":"https:\/\/quehacerpolitico.mx\/#\/schema\/person\/496d8ad2d1d3f8036101dca7ee39e585"},"breadcrumb":{"@id":"https:\/\/quehacerpolitico.mx\/?p=101321#breadcrumb"},"inLanguage":"es","potentialAction":[{"@type":"ReadAction","target":["https:\/\/quehacerpolitico.mx\/?p=101321"]}]},{"@type":"ImageObject","inLanguage":"es","@id":"https:\/\/quehacerpolitico.mx\/?p=101321#primaryimage","url":"https:\/\/quehacerpolitico.mx\/wp-content\/uploads\/2023\/05\/IMG_8057.jpeg","contentUrl":"https:\/\/quehacerpolitico.mx\/wp-content\/uploads\/2023\/05\/IMG_8057.jpeg","width":645,"height":363},{"@type":"BreadcrumbList","@id":"https:\/\/quehacerpolitico.mx\/?p=101321#breadcrumb","itemListElement":[{"@type":"ListItem","position":1,"name":"Inicio","item":"https:\/\/quehacerpolitico.mx\/"},{"@type":"ListItem","position":2,"name":"Canciller peruana afirma que conducta de L\u00f3pez Obrador &#8220;linda con lo irracional&#8221;"}]},{"@type":"WebSite","@id":"https:\/\/quehacerpolitico.mx\/#website","url":"https:\/\/quehacerpolitico.mx\/","name":"","description":"","potentialAction":[{"@type":"SearchAction","target":{"@type":"EntryPoint","urlTemplate":"https:\/\/quehacerpolitico.mx\/?s={search_term_string}"},"query-input":{"@type":"PropertyValueSpecification","valueRequired":true,"valueName":"search_term_string"}}],"inLanguage":"es"},{"@type":"Person","@id":"https:\/\/quehacerpolitico.mx\/#\/schema\/person\/496d8ad2d1d3f8036101dca7ee39e585","name":"Redacci\u00f3n QP","image":{"@type":"ImageObject","inLanguage":"es","@id":"https:\/\/secure.gravatar.com\/avatar\/c7164ed6fdec453195284ad24a5ae5b6e1eed2b848477fa2a4787ba9adf39a41?s=96&d=mm&r=g","url":"https:\/\/secure.gravatar.com\/avatar\/c7164ed6fdec453195284ad24a5ae5b6e1eed2b848477fa2a4787ba9adf39a41?s=96&d=mm&r=g","contentUrl":"https:\/\/secure.gravatar.com\/avatar\/c7164ed6fdec453195284ad24a5ae5b6e1eed2b848477fa2a4787ba9adf39a41?s=96&d=mm&r=g","caption":"Redacci\u00f3n QP"},"url":"https:\/\/quehacerpolitico.mx\/?author=2"}]}},"featured_image_urls":{"full":["https:\/\/quehacerpolitico.mx\/wp-content\/uploads\/2023\/05\/IMG_8057.jpeg",645,363,false],"thumbnail":["https:\/\/quehacerpolitico.mx\/wp-content\/uploads\/2023\/05\/IMG_8057-150x150.jpeg",150,150,true],"medium":["https:\/\/quehacerpolitico.mx\/wp-content\/uploads\/2023\/05\/IMG_8057-300x169.jpeg",300,169,true],"medium_large":["https:\/\/quehacerpolitico.mx\/wp-content\/uploads\/2023\/05\/IMG_8057.jpeg",640,360,false],"large":["https:\/\/quehacerpolitico.mx\/wp-content\/uploads\/2023\/05\/IMG_8057.jpeg",640,360,false],"1536x1536":["https:\/\/quehacerpolitico.mx\/wp-content\/uploads\/2023\/05\/IMG_8057.jpeg",645,363,false],"2048x2048":["https:\/\/quehacerpolitico.mx\/wp-content\/uploads\/2023\/05\/IMG_8057.jpeg",645,363,false],"covernews-featured":["https:\/\/quehacerpolitico.mx\/wp-content\/uploads\/2023\/05\/IMG_8057.jpeg",645,363,false],"covernews-medium":["https:\/\/quehacerpolitico.mx\/wp-content\/uploads\/2023\/05\/IMG_8057.jpeg",540,304,false]},"author_info":{"display_name":"Redacci\u00f3n QP","author_link":"https:\/\/quehacerpolitico.mx\/?author=2"},"category_info":"<a href=\"https:\/\/quehacerpolitico.mx\/?cat=2\" rel=\"category\">Noticias<\/a>","tag_info":"Noticias","comment_count":"0","_links":{"self":[{"href":"https:\/\/quehacerpolitico.mx\/index.php?rest_route=\/wp\/v2\/posts\/101321","targetHints":{"allow":["GET"]}}],"collection":[{"href":"https:\/\/quehacerpolitico.mx\/index.php?rest_route=\/wp\/v2\/posts"}],"about":[{"href":"https:\/\/quehacerpolitico.mx\/index.php?rest_route=\/wp\/v2\/types\/post"}],"author":[{"embeddable":true,"href":"https:\/\/quehacerpolitico.mx\/index.php?rest_route=\/wp\/v2\/users\/2"}],"replies":[{"embeddable":true,"href":"https:\/\/quehacerpolitico.mx\/index.php?rest_route=%2Fwp%2Fv2%2Fcomments&post=101321"}],"version-history":[{"count":1,"href":"https:\/\/quehacerpolitico.mx\/index.php?rest_route=\/wp\/v2\/posts\/101321\/revisions"}],"predecessor-version":[{"id":101323,"href":"https:\/\/quehacerpolitico.mx\/index.php?rest_route=\/wp\/v2\/posts\/101321\/revisions\/101323"}],"wp:featuredmedia":[{"embeddable":true,"href":"https:\/\/quehacerpolitico.mx\/index.php?rest_route=\/wp\/v2\/media\/101322"}],"wp:attachment":[{"href":"https:\/\/quehacerpolitico.mx\/index.php?rest_route=%2Fwp%2Fv2%2Fmedia&parent=101321"}],"wp:term":[{"taxonomy":"category","embeddable":true,"href":"https:\/\/quehacerpolitico.mx\/index.php?rest_route=%2Fwp%2Fv2%2Fcategories&post=101321"},{"taxonomy":"post_tag","embeddable":true,"href":"https:\/\/quehacerpolitico.mx\/index.php?rest_route=%2Fwp%2Fv2%2Ftags&post=101321"}],"curies":[{"name":"wp","href":"https:\/\/api.w.org\/{rel}","templated":true}]}}