{"id":101304,"date":"2023-05-29T15:12:08","date_gmt":"2023-05-29T15:12:08","guid":{"rendered":"https:\/\/quehacerpolitico.mx\/?p=101304"},"modified":"2023-05-29T15:12:12","modified_gmt":"2023-05-29T15:12:12","slug":"la-opinion-lic-monserrat-cortes-arrona-cierres-de-campana-en-el-edomex-entre-arropamiento-y-la-zozobra","status":"publish","type":"post","link":"https:\/\/quehacerpolitico.mx\/?p=101304","title":{"rendered":"La Opini\u00f3n\/\/\/Lic Monserrat Cort\u00e9s Arrona\/\/\/Cierres de campa\u00f1a en el EdoMex entre arropamiento y la zozobra"},"content":{"rendered":"\n<p>Por Lic. Monserrat Cort\u00e9s Arrona<\/p>\n\n\n\n<p>Analista<\/p>\n\n\n\n<p>Delfina G\u00f3mez, abanderada de Morena, indica que arrasar\u00e1n en las urnas y asegura que llegar\u00e1 la esperada alternancia<\/p>\n\n\n\n<p>La candidata a la gubernatura del Estado de M\u00e9xico de la Alianza Juntos Hacemos Historia,\u00a0Delfina G\u00f3mez \u00c1lvarez, dijo que en casi 100 a\u00f1os el pueblo mexiquense elegir\u00e1 libremente a un Gobierno del pueblo, para el pueblo y con el pueblo, por lo que el cambio llegar\u00e1 a la entidad movida por el amor y el deseo de que las cosas mejoren, pues los habitantes aguantaron un siglo de abandono.<\/p>\n\n\n\n<p>\u201cEl pueblo de M\u00e9xico, el pueblo del Estado de M\u00e9xico es grande por sus pueblos originarios, por sus mujeres, por sus hombres, por sus j\u00f3venes, el pueblo mexiquense merece un homenaje por su resistencia y lo heroica, porque aguantamos un mont\u00f3n, pero hay que reconocer que a pesar de todo el da\u00f1o que nos hicieron este pueblo no guarda rencor en su coraz\u00f3n ni odio, ni de venganza\u201d, dijo en la capital del Estado de M\u00e9xico.<\/p>\n\n\n\n<p>Ante miles simpatizantes de Morena, Partido del Trabajo y Partido Verde Ecologista de M\u00e9xico, los cuales integran la alianza Juntos Hacemos Historia,\u00a0<strong>la senadora con licencia dijo sentirse emocionada por las muestras de afecto que recibi\u00f3 desde que fue designada como la abanderada de la 4T en la Entidad mexiquense y que lleg\u00f3 la hora de mejorar la situaci\u00f3n de los habitantes el pr\u00f3ximo domingo<\/strong>.<\/p>\n\n\n\n<figure class=\"wp-block-image size-large\"><img loading=\"lazy\" decoding=\"async\" width=\"1024\" height=\"575\" src=\"https:\/\/quehacerpolitico.mx\/wp-content\/uploads\/2023\/05\/image-117-1024x575.jpeg\" alt=\"\" class=\"wp-image-101311\" srcset=\"https:\/\/quehacerpolitico.mx\/wp-content\/uploads\/2023\/05\/image-117-1024x575.jpeg 1024w, https:\/\/quehacerpolitico.mx\/wp-content\/uploads\/2023\/05\/image-117-300x169.jpeg 300w, https:\/\/quehacerpolitico.mx\/wp-content\/uploads\/2023\/05\/image-117-768x431.jpeg 768w, https:\/\/quehacerpolitico.mx\/wp-content\/uploads\/2023\/05\/image-117-260x146.jpeg 260w, https:\/\/quehacerpolitico.mx\/wp-content\/uploads\/2023\/05\/image-117-50x28.jpeg 50w, https:\/\/quehacerpolitico.mx\/wp-content\/uploads\/2023\/05\/image-117-134x75.jpeg 134w, https:\/\/quehacerpolitico.mx\/wp-content\/uploads\/2023\/05\/image-117-1200x675.jpeg 1200w, https:\/\/quehacerpolitico.mx\/wp-content\/uploads\/2023\/05\/image-117.jpeg 1280w\" sizes=\"auto, (max-width: 1024px) 100vw, 1024px\" \/><\/figure>\n\n\n\n<figure class=\"wp-block-image size-large\"><img loading=\"lazy\" decoding=\"async\" width=\"1024\" height=\"682\" src=\"https:\/\/quehacerpolitico.mx\/wp-content\/uploads\/2023\/05\/image-116-1024x682.jpeg\" alt=\"\" class=\"wp-image-101310\" srcset=\"https:\/\/quehacerpolitico.mx\/wp-content\/uploads\/2023\/05\/image-116-1024x682.jpeg 1024w, https:\/\/quehacerpolitico.mx\/wp-content\/uploads\/2023\/05\/image-116-300x200.jpeg 300w, https:\/\/quehacerpolitico.mx\/wp-content\/uploads\/2023\/05\/image-116-768x512.jpeg 768w, https:\/\/quehacerpolitico.mx\/wp-content\/uploads\/2023\/05\/image-116-219x146.jpeg 219w, https:\/\/quehacerpolitico.mx\/wp-content\/uploads\/2023\/05\/image-116-50x33.jpeg 50w, https:\/\/quehacerpolitico.mx\/wp-content\/uploads\/2023\/05\/image-116-113x75.jpeg 113w, https:\/\/quehacerpolitico.mx\/wp-content\/uploads\/2023\/05\/image-116.jpeg 1280w\" sizes=\"auto, (max-width: 1024px) 100vw, 1024px\" \/><\/figure>\n\n\n\n<p>En el mitin expres\u00f3 que la transformaci\u00f3n ya estaba en el coraz\u00f3n de los mexiquenses desde hace varios a\u00f1os, pero el neoliberalismo segu\u00eda en la Entidad y su \u00faltima maniobra fue en el 2017 cuando cometieron un fraude electoral que impidi\u00f3 que el cambio se gestara, pero en el 2018 la brisa de la transformaci\u00f3n, la esperanza y sobre todo con dignidad en el pa\u00eds inici\u00f3 \u201ccon ya saben qui\u00e9n\u201d.<\/p>\n\n\n\n<h4 class=\"wp-block-heading\"><strong>Lleg\u00f3 la hora final del Grupo Atlacomulco: Mario Delgado<\/strong><\/h4>\n\n\n\n<p>El dirigente nacional morenista, Mario Delgado, afirm\u00f3 que lleg\u00f3 la hora final del Grupo Atlacomulco y que se vaya al basurero de la historia.<\/p>\n\n\n\n<p>\u201cTenemos que salir todos de manera masiva a votar, que no haya margen para que intenten robarse la elecci\u00f3n, tiene que ser una gran fiesta democr\u00e1tica, pac\u00edfica, pero tenemos que encabezarla nosotros, depende de todos y cada uno de ustedes, no hay que confiarnos, gracias a todas y todos quienes van a cuidar el voto, quienes van a estar en una casilla, quienes van a salir a promover que la gente vote, tenemos que hacer realidad lo que quiere el Estado de M\u00e9xico, que haya ese gran cambio\u201d, dijo.<\/p>\n\n\n\n<p>El l\u00edder morenista se\u00f1al\u00f3 que el gran secreto que tienen para ganar varias gubernaturas del pa\u00eds es la organizaci\u00f3n del pueblo y la unidad que ha prevalecido para conseguir triunfos electorales, lo que ocurr\u00eda en el Estado de M\u00e9xico el domingo pr\u00f3ximo, pues\u00a0<strong>la maestra lleva una delantera en la preferencia de m\u00e1s del 20 por ciento<\/strong>.<\/p>\n\n\n\n<h4 class=\"wp-block-heading\"><strong>\u201cCorcholatas\u201d arropan a Delfina<\/strong>&nbsp;<\/h4>\n\n\n\n<p>Las \u201cCorcholatas\u201d del Presidente Andr\u00e9s Manuel L\u00f3pez Obrador cerraron filas y respaldaron a la candidata de Juntos Hacemos Historia, Delfina G\u00f3mez, al Gobierno del Estado de M\u00e9xico.<\/p>\n\n\n\n<p>Claudia Sheinbaum, Marcelo Ebrard, Ad\u00e1n Augusto L\u00f3pez, Ricardo Monreal y Gerardo Fern\u00e1ndez Noro\u00f1a asistieron a dos de los cuatro cierres de campa\u00f1a regionales que tendr\u00e1 la candidata.<\/p>\n\n\n\n<p>En su\u00a0<strong>primer evento de cierre de campa\u00f1a en Toluca<\/strong>, Delfina estuvo arropada por Ad\u00e1n Augusto L\u00f3pez, Ricardo Monreal y Gerardo Fern\u00e1ndez Noro\u00f1a.<\/p>\n\n\n\n<figure class=\"wp-block-image size-large\"><img loading=\"lazy\" decoding=\"async\" width=\"1024\" height=\"576\" src=\"https:\/\/quehacerpolitico.mx\/wp-content\/uploads\/2023\/05\/image-119-1024x576.jpeg\" alt=\"\" class=\"wp-image-101313\" srcset=\"https:\/\/quehacerpolitico.mx\/wp-content\/uploads\/2023\/05\/image-119-1024x576.jpeg 1024w, https:\/\/quehacerpolitico.mx\/wp-content\/uploads\/2023\/05\/image-119-300x169.jpeg 300w, https:\/\/quehacerpolitico.mx\/wp-content\/uploads\/2023\/05\/image-119-768x432.jpeg 768w, https:\/\/quehacerpolitico.mx\/wp-content\/uploads\/2023\/05\/image-119-260x146.jpeg 260w, https:\/\/quehacerpolitico.mx\/wp-content\/uploads\/2023\/05\/image-119-50x28.jpeg 50w, https:\/\/quehacerpolitico.mx\/wp-content\/uploads\/2023\/05\/image-119-133x75.jpeg 133w, https:\/\/quehacerpolitico.mx\/wp-content\/uploads\/2023\/05\/image-119-1200x675.jpeg 1200w, https:\/\/quehacerpolitico.mx\/wp-content\/uploads\/2023\/05\/image-119.jpeg 1280w\" sizes=\"auto, (max-width: 1024px) 100vw, 1024px\" \/><\/figure>\n\n\n\n<figure class=\"wp-block-image size-large\"><img loading=\"lazy\" decoding=\"async\" width=\"1024\" height=\"816\" src=\"https:\/\/quehacerpolitico.mx\/wp-content\/uploads\/2023\/05\/image-118-1024x816.jpeg\" alt=\"\" class=\"wp-image-101312\" srcset=\"https:\/\/quehacerpolitico.mx\/wp-content\/uploads\/2023\/05\/image-118-1024x816.jpeg 1024w, https:\/\/quehacerpolitico.mx\/wp-content\/uploads\/2023\/05\/image-118-300x239.jpeg 300w, https:\/\/quehacerpolitico.mx\/wp-content\/uploads\/2023\/05\/image-118-768x612.jpeg 768w, https:\/\/quehacerpolitico.mx\/wp-content\/uploads\/2023\/05\/image-118-183x146.jpeg 183w, https:\/\/quehacerpolitico.mx\/wp-content\/uploads\/2023\/05\/image-118-50x40.jpeg 50w, https:\/\/quehacerpolitico.mx\/wp-content\/uploads\/2023\/05\/image-118-94x75.jpeg 94w, https:\/\/quehacerpolitico.mx\/wp-content\/uploads\/2023\/05\/image-118.jpeg 1205w\" sizes=\"auto, (max-width: 1024px) 100vw, 1024px\" \/><\/figure>\n\n\n\n<p>Mientras tanto, Marcelo Ebrard y Claudia Sheinbaum respaldaron a la candidata de Morena en Valle de Chalco, donde la senadora con licencia llev\u00f3 a cabo su\u00a0<strong>segundo cierre regional de campa\u00f1a<\/strong>\u00a0donde estuvo arropada, adem\u00e1s, por titular del Instituto Mexicano del Seguro Social (IMSS), Zo\u00e9 Robledo, la secretaria del Trabajo y Previsi\u00f3n Social, Luisa Mar\u00eda Alcalde; la titular de la Secretar\u00eda de Cultura del Gobierno de M\u00e9xico, Alejandra Frausto; as\u00ed como de diputados federales, locales y alcaldes.<\/p>\n\n\n\n<h4 class=\"wp-block-heading\"><strong>\u201cSe gana con votos, no con encuestas\u201d, Alejandra del Moral&nbsp;<\/strong><\/h4>\n\n\n\n<p>Frente a m\u00e1s de 30 mil personas, Alejandra del Moral Vela, candidata a la gubernatura del Estado de M\u00e9xico por la coalici\u00f3n Va por el Estado de M\u00e9xico, afirm\u00f3:&nbsp;<strong>\u201ccontra viento y marea, contra todo pron\u00f3stico, este arroz ya se coci\u00f3 y el 4 de junio ser\u00e1 como lo visualizamos desde el primer minuto. \u00a1Vamos a ganar!\u201d<\/strong>.<\/p>\n\n\n\n<p>Arropada por la militancia de los partidos PRI, PAN, PRD y Nueva Alianza, llam\u00f3 a la gente a no bajar la guardia, no ceder un mil\u00edmetro, pues en 55 d\u00edas de campa\u00f1a sin descanso, han construido el triunfo, que asegur\u00f3, no es cerrado sino contundente, un logro que simplemente no tiene duda, vamos por votos, votos y votos.<\/p>\n\n\n\n<figure class=\"wp-block-image size-large\"><img loading=\"lazy\" decoding=\"async\" width=\"1024\" height=\"576\" src=\"https:\/\/quehacerpolitico.mx\/wp-content\/uploads\/2023\/05\/image-113-1024x576.jpeg\" alt=\"\" class=\"wp-image-101307\" srcset=\"https:\/\/quehacerpolitico.mx\/wp-content\/uploads\/2023\/05\/image-113-1024x576.jpeg 1024w, https:\/\/quehacerpolitico.mx\/wp-content\/uploads\/2023\/05\/image-113-300x169.jpeg 300w, https:\/\/quehacerpolitico.mx\/wp-content\/uploads\/2023\/05\/image-113-768x432.jpeg 768w, https:\/\/quehacerpolitico.mx\/wp-content\/uploads\/2023\/05\/image-113-1536x864.jpeg 1536w, https:\/\/quehacerpolitico.mx\/wp-content\/uploads\/2023\/05\/image-113-260x146.jpeg 260w, https:\/\/quehacerpolitico.mx\/wp-content\/uploads\/2023\/05\/image-113-50x28.jpeg 50w, https:\/\/quehacerpolitico.mx\/wp-content\/uploads\/2023\/05\/image-113-133x75.jpeg 133w, https:\/\/quehacerpolitico.mx\/wp-content\/uploads\/2023\/05\/image-113-1200x675.jpeg 1200w, https:\/\/quehacerpolitico.mx\/wp-content\/uploads\/2023\/05\/image-113.jpeg 1920w\" sizes=\"auto, (max-width: 1024px) 100vw, 1024px\" \/><\/figure>\n\n\n\n<figure class=\"wp-block-image size-large\"><img loading=\"lazy\" decoding=\"async\" width=\"1024\" height=\"576\" src=\"https:\/\/quehacerpolitico.mx\/wp-content\/uploads\/2023\/05\/image-112-1024x576.jpeg\" alt=\"\" class=\"wp-image-101306\" srcset=\"https:\/\/quehacerpolitico.mx\/wp-content\/uploads\/2023\/05\/image-112-1024x576.jpeg 1024w, https:\/\/quehacerpolitico.mx\/wp-content\/uploads\/2023\/05\/image-112-300x169.jpeg 300w, https:\/\/quehacerpolitico.mx\/wp-content\/uploads\/2023\/05\/image-112-768x432.jpeg 768w, https:\/\/quehacerpolitico.mx\/wp-content\/uploads\/2023\/05\/image-112-1536x864.jpeg 1536w, https:\/\/quehacerpolitico.mx\/wp-content\/uploads\/2023\/05\/image-112-260x146.jpeg 260w, https:\/\/quehacerpolitico.mx\/wp-content\/uploads\/2023\/05\/image-112-50x28.jpeg 50w, https:\/\/quehacerpolitico.mx\/wp-content\/uploads\/2023\/05\/image-112-133x75.jpeg 133w, https:\/\/quehacerpolitico.mx\/wp-content\/uploads\/2023\/05\/image-112-1200x675.jpeg 1200w, https:\/\/quehacerpolitico.mx\/wp-content\/uploads\/2023\/05\/image-112.jpeg 1920w\" sizes=\"auto, (max-width: 1024px) 100vw, 1024px\" \/><\/figure>\n\n\n\n<p>\u201cSaben c\u00f3mo hacerlo, salgan a hacer lo que saben hacer y defiendan est\u00e1 tierra mexiquense\u201d, enfatiz\u00f3 ante los ex gobernadores Mexiquenses Eruviel \u00c1vila, Emilio Chuyaffet, C\u00e9sar Camacho, gobernadores y alcaldes panistas de otras entidades, tambi\u00e9n militancia perredista, los dirigentes de los partidos estatal y nacional del PRI, Alejandro Moreno y Eric Sevilla, del PAN Marko Cort\u00e9s y Anuar Azar, del PRD Jes\u00fas Zambrano y Agust\u00edn Barrera.<\/p>\n\n\n\n<p><strong>Del Moral afirm\u00f3 que \u201ctenemos una tendencia ganadora y nuestros adversarios lo saben y por eso est\u00e1n enojados, ahora acusan de fraude porque saben que van a perder la elecci\u00f3n\u201d.<\/strong><\/p>\n\n\n\n<p>\u201cMi primera palabra desde lo m\u00e1s profundo de mi coraz\u00f3n es gracias, gracias y gracias por estar hoy aqu\u00ed, que acudiste al llamado a este compromiso que nos hace nuestra patria chica. Saludo a maestras y maestros, a los integrantes del Suteym, colectivos que luchan por una mejor sociedad, a todas y todos los hombres aqu\u00ed presentes, gracias a la maravillosa militancia panista, a la perredista, a la aliancista, a la militancia del PRI\u201d, se\u00f1al\u00f3.<\/p>\n\n\n\n<figure class=\"wp-block-image size-large\"><img loading=\"lazy\" decoding=\"async\" width=\"1024\" height=\"576\" src=\"https:\/\/quehacerpolitico.mx\/wp-content\/uploads\/2023\/05\/image-115-1024x576.jpeg\" alt=\"\" class=\"wp-image-101309\" srcset=\"https:\/\/quehacerpolitico.mx\/wp-content\/uploads\/2023\/05\/image-115-1024x576.jpeg 1024w, https:\/\/quehacerpolitico.mx\/wp-content\/uploads\/2023\/05\/image-115-300x169.jpeg 300w, https:\/\/quehacerpolitico.mx\/wp-content\/uploads\/2023\/05\/image-115-768x432.jpeg 768w, https:\/\/quehacerpolitico.mx\/wp-content\/uploads\/2023\/05\/image-115-1536x864.jpeg 1536w, https:\/\/quehacerpolitico.mx\/wp-content\/uploads\/2023\/05\/image-115-260x146.jpeg 260w, https:\/\/quehacerpolitico.mx\/wp-content\/uploads\/2023\/05\/image-115-50x28.jpeg 50w, https:\/\/quehacerpolitico.mx\/wp-content\/uploads\/2023\/05\/image-115-133x75.jpeg 133w, https:\/\/quehacerpolitico.mx\/wp-content\/uploads\/2023\/05\/image-115-1200x675.jpeg 1200w, https:\/\/quehacerpolitico.mx\/wp-content\/uploads\/2023\/05\/image-115.jpeg 1920w\" sizes=\"auto, (max-width: 1024px) 100vw, 1024px\" \/><\/figure>\n\n\n\n<figure class=\"wp-block-image size-large\"><img loading=\"lazy\" decoding=\"async\" width=\"1024\" height=\"576\" src=\"https:\/\/quehacerpolitico.mx\/wp-content\/uploads\/2023\/05\/image-114-1024x576.jpeg\" alt=\"\" class=\"wp-image-101308\" srcset=\"https:\/\/quehacerpolitico.mx\/wp-content\/uploads\/2023\/05\/image-114-1024x576.jpeg 1024w, https:\/\/quehacerpolitico.mx\/wp-content\/uploads\/2023\/05\/image-114-300x169.jpeg 300w, https:\/\/quehacerpolitico.mx\/wp-content\/uploads\/2023\/05\/image-114-768x432.jpeg 768w, https:\/\/quehacerpolitico.mx\/wp-content\/uploads\/2023\/05\/image-114-1536x864.jpeg 1536w, https:\/\/quehacerpolitico.mx\/wp-content\/uploads\/2023\/05\/image-114-260x146.jpeg 260w, https:\/\/quehacerpolitico.mx\/wp-content\/uploads\/2023\/05\/image-114-50x28.jpeg 50w, https:\/\/quehacerpolitico.mx\/wp-content\/uploads\/2023\/05\/image-114-133x75.jpeg 133w, https:\/\/quehacerpolitico.mx\/wp-content\/uploads\/2023\/05\/image-114-1200x675.jpeg 1200w, https:\/\/quehacerpolitico.mx\/wp-content\/uploads\/2023\/05\/image-114.jpeg 1920w\" sizes=\"auto, (max-width: 1024px) 100vw, 1024px\" \/><\/figure>\n\n\n\n<h4 class=\"wp-block-heading\"><strong>Perredistas y priistas se lanzan sillas<\/strong><\/h4>\n\n\n\n<p>Presuntos simpatizantes del Partido Revolucionario Institucional (PRI) y del Partido de la Revoluci\u00f3n Democr\u00e1tica (PRD) protagonizaron un pleito previo al inicio del evento de cierre organizado&nbsp;en Toluca de la candidata a gobernadora, Alejandra del Moral Vela.<\/p>\n\n\n\n<p>De acuerdo con un video que circula en redes sociales, a la Plaza de los M\u00e1rtires, llegaron los simpatizantes de la aspirante a gobernar la Entidad, cuando se observa que militantes del PRI y del PRD se pelean y toman las sillas instaladas para el evento.\u00a0<strong>Los amenizadores llamaron a la calma, se tranquilizaron y el mitin se desarroll\u00f3 de forma normal.<\/strong><\/p>\n\n\n\n<p>As\u00ed el Quehacer Pol\u00edtico en mi Opini\u00f3n.Es cuanto.<\/p>\n","protected":false},"excerpt":{"rendered":"<p>Por Lic. Monserrat Cort\u00e9s Arrona Analista Delfina G\u00f3mez, abanderada de Morena, indica que arrasar\u00e1n en&#8230;<\/p>\n","protected":false},"author":2,"featured_media":101305,"comment_status":"open","ping_status":"open","sticky":false,"template":"","format":"standard","meta":{"_monsterinsights_skip_tracking":false,"_monsterinsights_sitenote_active":false,"_monsterinsights_sitenote_note":"","_monsterinsights_sitenote_category":0,"footnotes":""},"categories":[2],"tags":[],"class_list":["post-101304","post","type-post","status-publish","format-standard","has-post-thumbnail","hentry","category-noticias"],"yoast_head":"<!-- This site is optimized with the Yoast SEO plugin v27.3 - https:\/\/yoast.com\/product\/yoast-seo-wordpress\/ -->\n<title>La Opini\u00f3n\/\/\/Lic Monserrat Cort\u00e9s Arrona\/\/\/Cierres de campa\u00f1a en el EdoMex entre arropamiento y la zozobra -<\/title>\n<meta name=\"robots\" content=\"index, follow, max-snippet:-1, max-image-preview:large, max-video-preview:-1\" \/>\n<link rel=\"canonical\" href=\"https:\/\/quehacerpolitico.mx\/?p=101304\" \/>\n<meta property=\"og:locale\" content=\"es_MX\" \/>\n<meta property=\"og:type\" content=\"article\" \/>\n<meta property=\"og:title\" content=\"La Opini\u00f3n\/\/\/Lic Monserrat Cort\u00e9s Arrona\/\/\/Cierres de campa\u00f1a en el EdoMex entre arropamiento y la zozobra -\" \/>\n<meta property=\"og:description\" content=\"Por Lic. Monserrat Cort\u00e9s Arrona Analista Delfina G\u00f3mez, abanderada de Morena, indica que arrasar\u00e1n en...\" \/>\n<meta property=\"og:url\" content=\"https:\/\/quehacerpolitico.mx\/?p=101304\" \/>\n<meta property=\"article:published_time\" content=\"2023-05-29T15:12:08+00:00\" \/>\n<meta property=\"article:modified_time\" content=\"2023-05-29T15:12:12+00:00\" \/>\n<meta property=\"og:image\" content=\"https:\/\/quehacerpolitico.mx\/wp-content\/uploads\/2023\/05\/043faf37-7307-4673-9e08-2ba65edc8441-4.jpeg\" \/>\n\t<meta property=\"og:image:width\" content=\"962\" \/>\n\t<meta property=\"og:image:height\" content=\"493\" \/>\n\t<meta property=\"og:image:type\" content=\"image\/jpeg\" \/>\n<meta name=\"author\" content=\"Redacci\u00f3n QP\" \/>\n<meta name=\"twitter:card\" content=\"summary_large_image\" \/>\n<meta name=\"twitter:label1\" content=\"Escrito por\" \/>\n\t<meta name=\"twitter:data1\" content=\"Redacci\u00f3n QP\" \/>\n\t<meta name=\"twitter:label2\" content=\"Tiempo de lectura\" \/>\n\t<meta name=\"twitter:data2\" content=\"6 minutos\" \/>\n<script type=\"application\/ld+json\" class=\"yoast-schema-graph\">{\"@context\":\"https:\\\/\\\/schema.org\",\"@graph\":[{\"@type\":\"Article\",\"@id\":\"https:\\\/\\\/quehacerpolitico.mx\\\/?p=101304#article\",\"isPartOf\":{\"@id\":\"https:\\\/\\\/quehacerpolitico.mx\\\/?p=101304\"},\"author\":{\"name\":\"Redacci\u00f3n QP\",\"@id\":\"https:\\\/\\\/quehacerpolitico.mx\\\/#\\\/schema\\\/person\\\/496d8ad2d1d3f8036101dca7ee39e585\"},\"headline\":\"La Opini\u00f3n\\\/\\\/\\\/Lic Monserrat Cort\u00e9s Arrona\\\/\\\/\\\/Cierres de campa\u00f1a en el EdoMex entre arropamiento y la zozobra\",\"datePublished\":\"2023-05-29T15:12:08+00:00\",\"dateModified\":\"2023-05-29T15:12:12+00:00\",\"mainEntityOfPage\":{\"@id\":\"https:\\\/\\\/quehacerpolitico.mx\\\/?p=101304\"},\"wordCount\":1148,\"commentCount\":0,\"image\":{\"@id\":\"https:\\\/\\\/quehacerpolitico.mx\\\/?p=101304#primaryimage\"},\"thumbnailUrl\":\"https:\\\/\\\/quehacerpolitico.mx\\\/wp-content\\\/uploads\\\/2023\\\/05\\\/043faf37-7307-4673-9e08-2ba65edc8441-4.jpeg\",\"articleSection\":[\"Noticias\"],\"inLanguage\":\"es\",\"potentialAction\":[{\"@type\":\"CommentAction\",\"name\":\"Comment\",\"target\":[\"https:\\\/\\\/quehacerpolitico.mx\\\/?p=101304#respond\"]}]},{\"@type\":\"WebPage\",\"@id\":\"https:\\\/\\\/quehacerpolitico.mx\\\/?p=101304\",\"url\":\"https:\\\/\\\/quehacerpolitico.mx\\\/?p=101304\",\"name\":\"La Opini\u00f3n\\\/\\\/\\\/Lic Monserrat Cort\u00e9s Arrona\\\/\\\/\\\/Cierres de campa\u00f1a en el EdoMex entre arropamiento y la zozobra -\",\"isPartOf\":{\"@id\":\"https:\\\/\\\/quehacerpolitico.mx\\\/#website\"},\"primaryImageOfPage\":{\"@id\":\"https:\\\/\\\/quehacerpolitico.mx\\\/?p=101304#primaryimage\"},\"image\":{\"@id\":\"https:\\\/\\\/quehacerpolitico.mx\\\/?p=101304#primaryimage\"},\"thumbnailUrl\":\"https:\\\/\\\/quehacerpolitico.mx\\\/wp-content\\\/uploads\\\/2023\\\/05\\\/043faf37-7307-4673-9e08-2ba65edc8441-4.jpeg\",\"datePublished\":\"2023-05-29T15:12:08+00:00\",\"dateModified\":\"2023-05-29T15:12:12+00:00\",\"author\":{\"@id\":\"https:\\\/\\\/quehacerpolitico.mx\\\/#\\\/schema\\\/person\\\/496d8ad2d1d3f8036101dca7ee39e585\"},\"breadcrumb\":{\"@id\":\"https:\\\/\\\/quehacerpolitico.mx\\\/?p=101304#breadcrumb\"},\"inLanguage\":\"es\",\"potentialAction\":[{\"@type\":\"ReadAction\",\"target\":[\"https:\\\/\\\/quehacerpolitico.mx\\\/?p=101304\"]}]},{\"@type\":\"ImageObject\",\"inLanguage\":\"es\",\"@id\":\"https:\\\/\\\/quehacerpolitico.mx\\\/?p=101304#primaryimage\",\"url\":\"https:\\\/\\\/quehacerpolitico.mx\\\/wp-content\\\/uploads\\\/2023\\\/05\\\/043faf37-7307-4673-9e08-2ba65edc8441-4.jpeg\",\"contentUrl\":\"https:\\\/\\\/quehacerpolitico.mx\\\/wp-content\\\/uploads\\\/2023\\\/05\\\/043faf37-7307-4673-9e08-2ba65edc8441-4.jpeg\",\"width\":962,\"height\":493},{\"@type\":\"BreadcrumbList\",\"@id\":\"https:\\\/\\\/quehacerpolitico.mx\\\/?p=101304#breadcrumb\",\"itemListElement\":[{\"@type\":\"ListItem\",\"position\":1,\"name\":\"Inicio\",\"item\":\"https:\\\/\\\/quehacerpolitico.mx\\\/\"},{\"@type\":\"ListItem\",\"position\":2,\"name\":\"La Opini\u00f3n\\\/\\\/\\\/Lic Monserrat Cort\u00e9s Arrona\\\/\\\/\\\/Cierres de campa\u00f1a en el EdoMex entre arropamiento y la zozobra\"}]},{\"@type\":\"WebSite\",\"@id\":\"https:\\\/\\\/quehacerpolitico.mx\\\/#website\",\"url\":\"https:\\\/\\\/quehacerpolitico.mx\\\/\",\"name\":\"\",\"description\":\"\",\"potentialAction\":[{\"@type\":\"SearchAction\",\"target\":{\"@type\":\"EntryPoint\",\"urlTemplate\":\"https:\\\/\\\/quehacerpolitico.mx\\\/?s={search_term_string}\"},\"query-input\":{\"@type\":\"PropertyValueSpecification\",\"valueRequired\":true,\"valueName\":\"search_term_string\"}}],\"inLanguage\":\"es\"},{\"@type\":\"Person\",\"@id\":\"https:\\\/\\\/quehacerpolitico.mx\\\/#\\\/schema\\\/person\\\/496d8ad2d1d3f8036101dca7ee39e585\",\"name\":\"Redacci\u00f3n QP\",\"image\":{\"@type\":\"ImageObject\",\"inLanguage\":\"es\",\"@id\":\"https:\\\/\\\/secure.gravatar.com\\\/avatar\\\/c7164ed6fdec453195284ad24a5ae5b6e1eed2b848477fa2a4787ba9adf39a41?s=96&d=mm&r=g\",\"url\":\"https:\\\/\\\/secure.gravatar.com\\\/avatar\\\/c7164ed6fdec453195284ad24a5ae5b6e1eed2b848477fa2a4787ba9adf39a41?s=96&d=mm&r=g\",\"contentUrl\":\"https:\\\/\\\/secure.gravatar.com\\\/avatar\\\/c7164ed6fdec453195284ad24a5ae5b6e1eed2b848477fa2a4787ba9adf39a41?s=96&d=mm&r=g\",\"caption\":\"Redacci\u00f3n QP\"},\"url\":\"https:\\\/\\\/quehacerpolitico.mx\\\/?author=2\"}]}<\/script>\n<!-- \/ Yoast SEO plugin. -->","yoast_head_json":{"title":"La Opini\u00f3n\/\/\/Lic Monserrat Cort\u00e9s Arrona\/\/\/Cierres de campa\u00f1a en el EdoMex entre arropamiento y la zozobra -","robots":{"index":"index","follow":"follow","max-snippet":"max-snippet:-1","max-image-preview":"max-image-preview:large","max-video-preview":"max-video-preview:-1"},"canonical":"https:\/\/quehacerpolitico.mx\/?p=101304","og_locale":"es_MX","og_type":"article","og_title":"La Opini\u00f3n\/\/\/Lic Monserrat Cort\u00e9s Arrona\/\/\/Cierres de campa\u00f1a en el EdoMex entre arropamiento y la zozobra -","og_description":"Por Lic. Monserrat Cort\u00e9s Arrona Analista Delfina G\u00f3mez, abanderada de Morena, indica que arrasar\u00e1n en...","og_url":"https:\/\/quehacerpolitico.mx\/?p=101304","article_published_time":"2023-05-29T15:12:08+00:00","article_modified_time":"2023-05-29T15:12:12+00:00","og_image":[{"width":962,"height":493,"url":"https:\/\/quehacerpolitico.mx\/wp-content\/uploads\/2023\/05\/043faf37-7307-4673-9e08-2ba65edc8441-4.jpeg","type":"image\/jpeg"}],"author":"Redacci\u00f3n QP","twitter_card":"summary_large_image","twitter_misc":{"Escrito por":"Redacci\u00f3n QP","Tiempo de lectura":"6 minutos"},"schema":{"@context":"https:\/\/schema.org","@graph":[{"@type":"Article","@id":"https:\/\/quehacerpolitico.mx\/?p=101304#article","isPartOf":{"@id":"https:\/\/quehacerpolitico.mx\/?p=101304"},"author":{"name":"Redacci\u00f3n QP","@id":"https:\/\/quehacerpolitico.mx\/#\/schema\/person\/496d8ad2d1d3f8036101dca7ee39e585"},"headline":"La Opini\u00f3n\/\/\/Lic Monserrat Cort\u00e9s Arrona\/\/\/Cierres de campa\u00f1a en el EdoMex entre arropamiento y la zozobra","datePublished":"2023-05-29T15:12:08+00:00","dateModified":"2023-05-29T15:12:12+00:00","mainEntityOfPage":{"@id":"https:\/\/quehacerpolitico.mx\/?p=101304"},"wordCount":1148,"commentCount":0,"image":{"@id":"https:\/\/quehacerpolitico.mx\/?p=101304#primaryimage"},"thumbnailUrl":"https:\/\/quehacerpolitico.mx\/wp-content\/uploads\/2023\/05\/043faf37-7307-4673-9e08-2ba65edc8441-4.jpeg","articleSection":["Noticias"],"inLanguage":"es","potentialAction":[{"@type":"CommentAction","name":"Comment","target":["https:\/\/quehacerpolitico.mx\/?p=101304#respond"]}]},{"@type":"WebPage","@id":"https:\/\/quehacerpolitico.mx\/?p=101304","url":"https:\/\/quehacerpolitico.mx\/?p=101304","name":"La Opini\u00f3n\/\/\/Lic Monserrat Cort\u00e9s Arrona\/\/\/Cierres de campa\u00f1a en el EdoMex entre arropamiento y la zozobra -","isPartOf":{"@id":"https:\/\/quehacerpolitico.mx\/#website"},"primaryImageOfPage":{"@id":"https:\/\/quehacerpolitico.mx\/?p=101304#primaryimage"},"image":{"@id":"https:\/\/quehacerpolitico.mx\/?p=101304#primaryimage"},"thumbnailUrl":"https:\/\/quehacerpolitico.mx\/wp-content\/uploads\/2023\/05\/043faf37-7307-4673-9e08-2ba65edc8441-4.jpeg","datePublished":"2023-05-29T15:12:08+00:00","dateModified":"2023-05-29T15:12:12+00:00","author":{"@id":"https:\/\/quehacerpolitico.mx\/#\/schema\/person\/496d8ad2d1d3f8036101dca7ee39e585"},"breadcrumb":{"@id":"https:\/\/quehacerpolitico.mx\/?p=101304#breadcrumb"},"inLanguage":"es","potentialAction":[{"@type":"ReadAction","target":["https:\/\/quehacerpolitico.mx\/?p=101304"]}]},{"@type":"ImageObject","inLanguage":"es","@id":"https:\/\/quehacerpolitico.mx\/?p=101304#primaryimage","url":"https:\/\/quehacerpolitico.mx\/wp-content\/uploads\/2023\/05\/043faf37-7307-4673-9e08-2ba65edc8441-4.jpeg","contentUrl":"https:\/\/quehacerpolitico.mx\/wp-content\/uploads\/2023\/05\/043faf37-7307-4673-9e08-2ba65edc8441-4.jpeg","width":962,"height":493},{"@type":"BreadcrumbList","@id":"https:\/\/quehacerpolitico.mx\/?p=101304#breadcrumb","itemListElement":[{"@type":"ListItem","position":1,"name":"Inicio","item":"https:\/\/quehacerpolitico.mx\/"},{"@type":"ListItem","position":2,"name":"La Opini\u00f3n\/\/\/Lic Monserrat Cort\u00e9s Arrona\/\/\/Cierres de campa\u00f1a en el EdoMex entre arropamiento y la zozobra"}]},{"@type":"WebSite","@id":"https:\/\/quehacerpolitico.mx\/#website","url":"https:\/\/quehacerpolitico.mx\/","name":"","description":"","potentialAction":[{"@type":"SearchAction","target":{"@type":"EntryPoint","urlTemplate":"https:\/\/quehacerpolitico.mx\/?s={search_term_string}"},"query-input":{"@type":"PropertyValueSpecification","valueRequired":true,"valueName":"search_term_string"}}],"inLanguage":"es"},{"@type":"Person","@id":"https:\/\/quehacerpolitico.mx\/#\/schema\/person\/496d8ad2d1d3f8036101dca7ee39e585","name":"Redacci\u00f3n QP","image":{"@type":"ImageObject","inLanguage":"es","@id":"https:\/\/secure.gravatar.com\/avatar\/c7164ed6fdec453195284ad24a5ae5b6e1eed2b848477fa2a4787ba9adf39a41?s=96&d=mm&r=g","url":"https:\/\/secure.gravatar.com\/avatar\/c7164ed6fdec453195284ad24a5ae5b6e1eed2b848477fa2a4787ba9adf39a41?s=96&d=mm&r=g","contentUrl":"https:\/\/secure.gravatar.com\/avatar\/c7164ed6fdec453195284ad24a5ae5b6e1eed2b848477fa2a4787ba9adf39a41?s=96&d=mm&r=g","caption":"Redacci\u00f3n QP"},"url":"https:\/\/quehacerpolitico.mx\/?author=2"}]}},"featured_image_urls":{"full":["https:\/\/quehacerpolitico.mx\/wp-content\/uploads\/2023\/05\/043faf37-7307-4673-9e08-2ba65edc8441-4.jpeg",962,493,false],"thumbnail":["https:\/\/quehacerpolitico.mx\/wp-content\/uploads\/2023\/05\/043faf37-7307-4673-9e08-2ba65edc8441-4-150x150.jpeg",150,150,true],"medium":["https:\/\/quehacerpolitico.mx\/wp-content\/uploads\/2023\/05\/043faf37-7307-4673-9e08-2ba65edc8441-4-300x154.jpeg",300,154,true],"medium_large":["https:\/\/quehacerpolitico.mx\/wp-content\/uploads\/2023\/05\/043faf37-7307-4673-9e08-2ba65edc8441-4-768x394.jpeg",640,328,true],"large":["https:\/\/quehacerpolitico.mx\/wp-content\/uploads\/2023\/05\/043faf37-7307-4673-9e08-2ba65edc8441-4.jpeg",640,328,false],"1536x1536":["https:\/\/quehacerpolitico.mx\/wp-content\/uploads\/2023\/05\/043faf37-7307-4673-9e08-2ba65edc8441-4.jpeg",962,493,false],"2048x2048":["https:\/\/quehacerpolitico.mx\/wp-content\/uploads\/2023\/05\/043faf37-7307-4673-9e08-2ba65edc8441-4.jpeg",962,493,false],"covernews-featured":["https:\/\/quehacerpolitico.mx\/wp-content\/uploads\/2023\/05\/043faf37-7307-4673-9e08-2ba65edc8441-4.jpeg",962,493,false],"covernews-medium":["https:\/\/quehacerpolitico.mx\/wp-content\/uploads\/2023\/05\/043faf37-7307-4673-9e08-2ba65edc8441-4.jpeg",540,277,false]},"author_info":{"display_name":"Redacci\u00f3n QP","author_link":"https:\/\/quehacerpolitico.mx\/?author=2"},"category_info":"<a href=\"https:\/\/quehacerpolitico.mx\/?cat=2\" rel=\"category\">Noticias<\/a>","tag_info":"Noticias","comment_count":"0","_links":{"self":[{"href":"https:\/\/quehacerpolitico.mx\/index.php?rest_route=\/wp\/v2\/posts\/101304","targetHints":{"allow":["GET"]}}],"collection":[{"href":"https:\/\/quehacerpolitico.mx\/index.php?rest_route=\/wp\/v2\/posts"}],"about":[{"href":"https:\/\/quehacerpolitico.mx\/index.php?rest_route=\/wp\/v2\/types\/post"}],"author":[{"embeddable":true,"href":"https:\/\/quehacerpolitico.mx\/index.php?rest_route=\/wp\/v2\/users\/2"}],"replies":[{"embeddable":true,"href":"https:\/\/quehacerpolitico.mx\/index.php?rest_route=%2Fwp%2Fv2%2Fcomments&post=101304"}],"version-history":[{"count":1,"href":"https:\/\/quehacerpolitico.mx\/index.php?rest_route=\/wp\/v2\/posts\/101304\/revisions"}],"predecessor-version":[{"id":101314,"href":"https:\/\/quehacerpolitico.mx\/index.php?rest_route=\/wp\/v2\/posts\/101304\/revisions\/101314"}],"wp:featuredmedia":[{"embeddable":true,"href":"https:\/\/quehacerpolitico.mx\/index.php?rest_route=\/wp\/v2\/media\/101305"}],"wp:attachment":[{"href":"https:\/\/quehacerpolitico.mx\/index.php?rest_route=%2Fwp%2Fv2%2Fmedia&parent=101304"}],"wp:term":[{"taxonomy":"category","embeddable":true,"href":"https:\/\/quehacerpolitico.mx\/index.php?rest_route=%2Fwp%2Fv2%2Fcategories&post=101304"},{"taxonomy":"post_tag","embeddable":true,"href":"https:\/\/quehacerpolitico.mx\/index.php?rest_route=%2Fwp%2Fv2%2Ftags&post=101304"}],"curies":[{"name":"wp","href":"https:\/\/api.w.org\/{rel}","templated":true}]}}