{"id":101284,"date":"2023-05-28T20:14:33","date_gmt":"2023-05-28T20:14:33","guid":{"rendered":"https:\/\/quehacerpolitico.mx\/?p=101284"},"modified":"2023-05-28T20:14:36","modified_gmt":"2023-05-28T20:14:36","slug":"no-voy-a-declinar-en-coahuila-no-aceptamos-las-imposiciones-del-centro-del-paislenin-perez","status":"publish","type":"post","link":"https:\/\/quehacerpolitico.mx\/?p=101284","title":{"rendered":"NO VOY A DECLINAR, EN COAHUILA NO ACEPTAMOS LAS IMPOSICIONES DEL CENTRO DEL PA\u00cdS:LENIN P\u00c9REZ"},"content":{"rendered":"\n<p>Por Redacci\u00f3n QP<\/p>\n\n\n\n<p><em>A poco m\u00e1s de una semana para los comicios, la &#8220;rebeli\u00f3n&#8221; que se vive en Coahuila ya exhibi\u00f3 a la dirigencia del Partido Verde Ecologista de M\u00e9xico<\/em><\/p>\n\n\n\n<p>La \u201crebeli\u00f3n\u201d que se vive en&nbsp;<strong>Coahuila<\/strong>&nbsp;ya exhibi\u00f3 a la dirigencia del Partido Verde Ecologista de M\u00e9xico (<strong>PVEM<\/strong>).<\/p>\n\n\n\n<p>Faltando casi una semana para las elecciones, la dirigencia nacional del Partido Verde revir\u00f3 ayer y anunci\u00f3 que apoyar\u00e1 al candidato de Morena a la gubernatura de Coahuila,<strong>\u00a0Armando Guadiana<\/strong>.<\/p>\n\n\n\n<p>Sin embargo,&nbsp;<strong>Lenin P\u00e9rez,<\/strong>&nbsp;registrado como candidato de la alianza del Verde con el partido&nbsp;<strong>Unidad Democr\u00e1tica de Coahuila (UDC),<\/strong>&nbsp;descart\u00f3 declinar y, de hecho, su nombre aparecer\u00e1 en la boletas del pr\u00f3ximo domingo, ya impresas.<\/p>\n\n\n\n<p>Tampoco el PVEM, dirigido a nivel nacional por Karen Castrej\u00f3n, puede transferir a Guadiana los votos que reciba en Coahuila.<\/p>\n\n\n\n<p>En un acto no programado, Castrej\u00f3n y<strong>&nbsp;Manuel Velasco<\/strong>, l\u00edder de los senadores verdes, acompa\u00f1ados por Mario Delgado, presidente nacional de Morena, expresaron su respaldo a Guadiana.<\/p>\n\n\n\n<p>El evento se dio apenas dos d\u00edas despu\u00e9s de que el Presidente Andr\u00e9s Manuel L\u00f3pez Obrador reiter\u00f3 su apoyo p\u00fablico a Guadiana y demand\u00f3 a Ricardo Mej\u00eda, candidato del PT \u2014otro partido aliado de la 4T que no apoy\u00f3 a Morena en Coahuila\u2014, a no usar su imagen.<\/p>\n\n\n\n<p>Horas despu\u00e9s, P\u00e9rez, que es l\u00edder de UDC, afirm\u00f3 que continuar\u00e1 hasta los comicios.<\/p>\n\n\n\n<p><em>\u201cNo me van a doblar, no voy a declinar\u201d,<\/em>&nbsp;afirm\u00f3 el candidato oficial del Verde-UDC.<\/p>\n\n\n\n<h3 class=\"wp-block-heading\"><strong>\u201cRebeli\u00f3n\u201d en Coahuila exhibe a dirigencia del Partido del Verde<\/strong><\/h3>\n\n\n\n<p>Seg\u00fan&nbsp;<em>Reforma,<\/em>&nbsp;el acuerdo por el cual el Partido Verde Ecologista de M\u00e9xico desech\u00f3 su alianza con el partido estatal UDC para plegarse al candidato de Morena a la gubernatura de Coahuila, Armando Guadiana, fue a cambio de espacios para candidatos verdes a diputaciones locales, federales, senadur\u00edas y alcald\u00edas.<\/p>\n\n\n\n<p>A la rueda de prensa arrib\u00f3 el senador verde y exgobernador de Chiapas, Manuel Velasco, seguido de Castrej\u00f3n y Delgado, junto con la secretaria general morenista Citlali Hern\u00e1ndez y Guadiana.<\/p>\n\n\n\n<p><em>\u201cEl Partido Verde, privilegiando a la gente del estado de Coahuila, m\u00e1s que a los candidatos, decidi\u00f3 avanzar y consolidar la Cuarta Transformaci\u00f3n aqu\u00ed en este estado\u201d<\/em>, anunci\u00f3 Castrej\u00f3n, \u201cen ese sentido, apoyamos a la candidatura a gobernador de Armando Guadiana\u201d.<\/p>\n\n\n\n<p>Los presentes, morenistas y verdes, aplaudieron el anuncio que rompi\u00f3 de facto la alianza del PVEM con UDC que postul\u00f3 a Lenin P\u00e9rez.<\/p>\n\n\n\n<p><em>\u201c\u00c9l es el que verdaderamente apoyar\u00e1 a la gente de abajo, la que menos tiene, (para) poder lograr esos principios que hoy se requieren para que tambi\u00e9n llegue la Cuarta Transformaci\u00f3n en el estado; en ese sentido, hacer el llamado a nuestra militancia, a nuestros simpatizantes, que trabajaremos en conjunto tambi\u00e9n\u201d.<\/em><\/p>\n\n\n\n<h3 class=\"wp-block-heading\"><strong>Declinaci\u00f3n ya defini\u00f3 intereses del Verde en el 2024&nbsp;<\/strong><\/h3>\n\n\n\n<p>Asimismo, la dirigente verde perfil\u00f3 que el apoyar a Guadiana en Coahuila tendr\u00e1 repercusiones en la elecci\u00f3n federal del pr\u00f3ximo a\u00f1o.<\/p>\n\n\n\n<p><em>\u201cLe tomaremos la palabra al compa\u00f1ero Delgado para poder consolidar y poder trabajar en un proyecto conjunto para 2024, en donde nuestros candidatos a diputados federales tendr\u00e1n ese espacio y tendr\u00e1n esa oportunidad para que formen parte del pr\u00f3ximo proyecto\u201d,<\/em>&nbsp;indic\u00f3 Castrej\u00f3n.<\/p>\n\n\n\n<p><em>\u201cTambi\u00e9n buscamos tener esa mayor\u00eda en el Estado de Coahuila, pero trabajaremos en conjunto con Morena ese acuerdo, y no s\u00f3lo para las senadur\u00edas y diputaciones federales, sino tambi\u00e9n para las diputaciones locales y las alcald\u00edas\u201d.<\/em><\/p>\n\n\n\n<h3 class=\"wp-block-heading\"><strong>Di\u00e1logo con Morena dur\u00f3 semanas, Velasco&nbsp;<\/strong><\/h3>\n\n\n\n<p>De acuerdo con Manuel Velasco, si bien la decisi\u00f3n se tom\u00f3 a ocho d\u00edas de la elecci\u00f3n, el di\u00e1logo con Morena dur\u00f3 semanas.<\/p>\n\n\n\n<p><em>\u201cEn pr\u00e1cticamente todas las elecciones en que hemos hecho alianza para Gobernador, el Partido Verde, el PT y Morena, hemos tenido un \u00edndice de efectividad de m\u00e1s del 90 por ciento\u201d,<\/em>&nbsp;explic\u00f3.<\/p>\n\n\n\n<p><em>\u201cPor eso dialogamos mucho con Mario y con Citlali para no dividir el voto en Coahuila, que fu\u00e9ramos unificados en la elecci\u00f3n despu\u00e9s de muchas semanas y d\u00edas de dialogar\u201d.<\/em><\/p>\n\n\n\n<p>Durante el anuncio, Delgado advirti\u00f3 que, al igual que en 2017, las alianzas del PT y Verde con Morena en Coahuila y el Estado de M\u00e9xico definieron la elecci\u00f3n federal de 2018, de igual manera las acciones de ambos partidos en 2023 tendr\u00e1n una repercusi\u00f3n en la elecci\u00f3n de 2024.<\/p>\n\n\n\n<p><em>\u201cAhorita estamos anunciando ya que a nivel nacional vamos con el Verde en 2024\u201d,<\/em>&nbsp;afirm\u00f3.<\/p>\n\n\n\n<p>A poco m\u00e1s de una semana para los comicios, la \u201crebeli\u00f3n\u201d que se vive en Coahuila ya exhibi\u00f3 a la dirigencia del Partido Verde Ecologista de M\u00e9xico (PVEM).<\/p>\n\n\n\n<figure class=\"wp-block-embed is-type-rich is-provider-twitter wp-block-embed-twitter\"><div class=\"wp-block-embed__wrapper\">\n<blockquote class=\"twitter-tweet\" data-width=\"550\" data-dnt=\"true\"><p lang=\"es\" dir=\"ltr\">Que el Partido Verde nacional haga sus acuerdos desde CDMX como se le d\u00e9 la gana, ellos son libres de ser los achichincles de Morena\u2026 Aqu\u00ed en Coahuila es diferente, aqu\u00ed seguimos juntos y seguimos fuertes.<br><br>Nuestras convicciones y lealtad por Coahuila no se venden.\u2026 <a href=\"https:\/\/t.co\/gUt9AGaWuP\">pic.twitter.com\/gUt9AGaWuP<\/a><\/p>&mdash; Lenin P\u00e9rez (@leninperezr) <a href=\"https:\/\/twitter.com\/leninperezr\/status\/1662587616502468609?ref_src=twsrc%5Etfw\">May 27, 2023<\/a><\/blockquote><script async src=\"https:\/\/platform.twitter.com\/widgets.js\" charset=\"utf-8\"><\/script>\n<\/div><\/figure>\n\n\n\n<figure class=\"wp-block-embed is-type-rich is-provider-twitter wp-block-embed-twitter\"><div class=\"wp-block-embed__wrapper\">\n<blockquote class=\"twitter-tweet\" data-width=\"550\" data-dnt=\"true\"><p lang=\"es\" dir=\"ltr\">NO VOY A DECLINAR, EN COAHUILA NO ACEPTAMOS LAS IMPOSICIONES DEL CENTRO DEL PA\u00cdS.<a href=\"https:\/\/twitter.com\/hashtag\/S%C3%ADHayOtroCamino?src=hash&amp;ref_src=twsrc%5Etfw\">#S\u00edHayOtroCamino<\/a><a href=\"https:\/\/twitter.com\/hashtag\/YoConLenin?src=hash&amp;ref_src=twsrc%5Etfw\">#YoConLenin<\/a> <a href=\"https:\/\/t.co\/TyJ0zMbKFF\">pic.twitter.com\/TyJ0zMbKFF<\/a><\/p>&mdash; Lenin P\u00e9rez (@leninperezr) <a href=\"https:\/\/twitter.com\/leninperezr\/status\/1662546259381571590?ref_src=twsrc%5Etfw\">May 27, 2023<\/a><\/blockquote><script async src=\"https:\/\/platform.twitter.com\/widgets.js\" charset=\"utf-8\"><\/script>\n<\/div><\/figure>\n\n\n\n<p>Con informaci\u00f3n de\u00a0Reforma<\/p>\n","protected":false},"excerpt":{"rendered":"<p>Por Redacci\u00f3n QP A poco m\u00e1s de una semana para los comicios, la &#8220;rebeli\u00f3n&#8221; que&#8230;<\/p>\n","protected":false},"author":2,"featured_media":101285,"comment_status":"open","ping_status":"open","sticky":false,"template":"","format":"standard","meta":{"_monsterinsights_skip_tracking":false,"_monsterinsights_sitenote_active":false,"_monsterinsights_sitenote_note":"","_monsterinsights_sitenote_category":0,"footnotes":""},"categories":[2],"tags":[],"class_list":["post-101284","post","type-post","status-publish","format-standard","has-post-thumbnail","hentry","category-noticias"],"yoast_head":"<!-- This site is optimized with the Yoast SEO plugin v27.3 - https:\/\/yoast.com\/product\/yoast-seo-wordpress\/ -->\n<title>NO VOY A DECLINAR, EN COAHUILA NO ACEPTAMOS LAS IMPOSICIONES DEL CENTRO DEL PA\u00cdS:LENIN P\u00c9REZ -<\/title>\n<meta name=\"robots\" content=\"index, follow, max-snippet:-1, max-image-preview:large, max-video-preview:-1\" \/>\n<link rel=\"canonical\" href=\"https:\/\/quehacerpolitico.mx\/?p=101284\" \/>\n<meta property=\"og:locale\" content=\"es_MX\" \/>\n<meta property=\"og:type\" content=\"article\" \/>\n<meta property=\"og:title\" content=\"NO VOY A DECLINAR, EN COAHUILA NO ACEPTAMOS LAS IMPOSICIONES DEL CENTRO DEL PA\u00cdS:LENIN P\u00c9REZ -\" \/>\n<meta property=\"og:description\" content=\"Por Redacci\u00f3n QP A poco m\u00e1s de una semana para los comicios, la &#8220;rebeli\u00f3n&#8221; que...\" \/>\n<meta property=\"og:url\" content=\"https:\/\/quehacerpolitico.mx\/?p=101284\" \/>\n<meta property=\"article:published_time\" content=\"2023-05-28T20:14:33+00:00\" \/>\n<meta property=\"article:modified_time\" content=\"2023-05-28T20:14:36+00:00\" \/>\n<meta property=\"og:image\" content=\"https:\/\/quehacerpolitico.mx\/wp-content\/uploads\/2023\/05\/IMG_8029.jpeg\" \/>\n\t<meta property=\"og:image:width\" content=\"1280\" \/>\n\t<meta property=\"og:image:height\" content=\"853\" \/>\n\t<meta property=\"og:image:type\" content=\"image\/jpeg\" \/>\n<meta name=\"author\" content=\"Redacci\u00f3n QP\" \/>\n<meta name=\"twitter:card\" content=\"summary_large_image\" \/>\n<meta name=\"twitter:label1\" content=\"Escrito por\" \/>\n\t<meta name=\"twitter:data1\" content=\"Redacci\u00f3n QP\" \/>\n\t<meta name=\"twitter:label2\" content=\"Tiempo de lectura\" \/>\n\t<meta name=\"twitter:data2\" content=\"4 minutos\" \/>\n<script type=\"application\/ld+json\" class=\"yoast-schema-graph\">{\"@context\":\"https:\\\/\\\/schema.org\",\"@graph\":[{\"@type\":\"Article\",\"@id\":\"https:\\\/\\\/quehacerpolitico.mx\\\/?p=101284#article\",\"isPartOf\":{\"@id\":\"https:\\\/\\\/quehacerpolitico.mx\\\/?p=101284\"},\"author\":{\"name\":\"Redacci\u00f3n QP\",\"@id\":\"https:\\\/\\\/quehacerpolitico.mx\\\/#\\\/schema\\\/person\\\/496d8ad2d1d3f8036101dca7ee39e585\"},\"headline\":\"NO VOY A DECLINAR, EN COAHUILA NO ACEPTAMOS LAS IMPOSICIONES DEL CENTRO DEL PA\u00cdS:LENIN P\u00c9REZ\",\"datePublished\":\"2023-05-28T20:14:33+00:00\",\"dateModified\":\"2023-05-28T20:14:36+00:00\",\"mainEntityOfPage\":{\"@id\":\"https:\\\/\\\/quehacerpolitico.mx\\\/?p=101284\"},\"wordCount\":857,\"commentCount\":0,\"image\":{\"@id\":\"https:\\\/\\\/quehacerpolitico.mx\\\/?p=101284#primaryimage\"},\"thumbnailUrl\":\"https:\\\/\\\/quehacerpolitico.mx\\\/wp-content\\\/uploads\\\/2023\\\/05\\\/IMG_8029.jpeg\",\"articleSection\":[\"Noticias\"],\"inLanguage\":\"es\",\"potentialAction\":[{\"@type\":\"CommentAction\",\"name\":\"Comment\",\"target\":[\"https:\\\/\\\/quehacerpolitico.mx\\\/?p=101284#respond\"]}]},{\"@type\":\"WebPage\",\"@id\":\"https:\\\/\\\/quehacerpolitico.mx\\\/?p=101284\",\"url\":\"https:\\\/\\\/quehacerpolitico.mx\\\/?p=101284\",\"name\":\"NO VOY A DECLINAR, EN COAHUILA NO ACEPTAMOS LAS IMPOSICIONES DEL CENTRO DEL PA\u00cdS:LENIN P\u00c9REZ -\",\"isPartOf\":{\"@id\":\"https:\\\/\\\/quehacerpolitico.mx\\\/#website\"},\"primaryImageOfPage\":{\"@id\":\"https:\\\/\\\/quehacerpolitico.mx\\\/?p=101284#primaryimage\"},\"image\":{\"@id\":\"https:\\\/\\\/quehacerpolitico.mx\\\/?p=101284#primaryimage\"},\"thumbnailUrl\":\"https:\\\/\\\/quehacerpolitico.mx\\\/wp-content\\\/uploads\\\/2023\\\/05\\\/IMG_8029.jpeg\",\"datePublished\":\"2023-05-28T20:14:33+00:00\",\"dateModified\":\"2023-05-28T20:14:36+00:00\",\"author\":{\"@id\":\"https:\\\/\\\/quehacerpolitico.mx\\\/#\\\/schema\\\/person\\\/496d8ad2d1d3f8036101dca7ee39e585\"},\"breadcrumb\":{\"@id\":\"https:\\\/\\\/quehacerpolitico.mx\\\/?p=101284#breadcrumb\"},\"inLanguage\":\"es\",\"potentialAction\":[{\"@type\":\"ReadAction\",\"target\":[\"https:\\\/\\\/quehacerpolitico.mx\\\/?p=101284\"]}]},{\"@type\":\"ImageObject\",\"inLanguage\":\"es\",\"@id\":\"https:\\\/\\\/quehacerpolitico.mx\\\/?p=101284#primaryimage\",\"url\":\"https:\\\/\\\/quehacerpolitico.mx\\\/wp-content\\\/uploads\\\/2023\\\/05\\\/IMG_8029.jpeg\",\"contentUrl\":\"https:\\\/\\\/quehacerpolitico.mx\\\/wp-content\\\/uploads\\\/2023\\\/05\\\/IMG_8029.jpeg\",\"width\":1280,\"height\":853},{\"@type\":\"BreadcrumbList\",\"@id\":\"https:\\\/\\\/quehacerpolitico.mx\\\/?p=101284#breadcrumb\",\"itemListElement\":[{\"@type\":\"ListItem\",\"position\":1,\"name\":\"Inicio\",\"item\":\"https:\\\/\\\/quehacerpolitico.mx\\\/\"},{\"@type\":\"ListItem\",\"position\":2,\"name\":\"NO VOY A DECLINAR, EN COAHUILA NO ACEPTAMOS LAS IMPOSICIONES DEL CENTRO DEL PA\u00cdS:LENIN P\u00c9REZ\"}]},{\"@type\":\"WebSite\",\"@id\":\"https:\\\/\\\/quehacerpolitico.mx\\\/#website\",\"url\":\"https:\\\/\\\/quehacerpolitico.mx\\\/\",\"name\":\"\",\"description\":\"\",\"potentialAction\":[{\"@type\":\"SearchAction\",\"target\":{\"@type\":\"EntryPoint\",\"urlTemplate\":\"https:\\\/\\\/quehacerpolitico.mx\\\/?s={search_term_string}\"},\"query-input\":{\"@type\":\"PropertyValueSpecification\",\"valueRequired\":true,\"valueName\":\"search_term_string\"}}],\"inLanguage\":\"es\"},{\"@type\":\"Person\",\"@id\":\"https:\\\/\\\/quehacerpolitico.mx\\\/#\\\/schema\\\/person\\\/496d8ad2d1d3f8036101dca7ee39e585\",\"name\":\"Redacci\u00f3n QP\",\"image\":{\"@type\":\"ImageObject\",\"inLanguage\":\"es\",\"@id\":\"https:\\\/\\\/secure.gravatar.com\\\/avatar\\\/c7164ed6fdec453195284ad24a5ae5b6e1eed2b848477fa2a4787ba9adf39a41?s=96&d=mm&r=g\",\"url\":\"https:\\\/\\\/secure.gravatar.com\\\/avatar\\\/c7164ed6fdec453195284ad24a5ae5b6e1eed2b848477fa2a4787ba9adf39a41?s=96&d=mm&r=g\",\"contentUrl\":\"https:\\\/\\\/secure.gravatar.com\\\/avatar\\\/c7164ed6fdec453195284ad24a5ae5b6e1eed2b848477fa2a4787ba9adf39a41?s=96&d=mm&r=g\",\"caption\":\"Redacci\u00f3n QP\"},\"url\":\"https:\\\/\\\/quehacerpolitico.mx\\\/?author=2\"}]}<\/script>\n<!-- \/ Yoast SEO plugin. -->","yoast_head_json":{"title":"NO VOY A DECLINAR, EN COAHUILA NO ACEPTAMOS LAS IMPOSICIONES DEL CENTRO DEL PA\u00cdS:LENIN P\u00c9REZ -","robots":{"index":"index","follow":"follow","max-snippet":"max-snippet:-1","max-image-preview":"max-image-preview:large","max-video-preview":"max-video-preview:-1"},"canonical":"https:\/\/quehacerpolitico.mx\/?p=101284","og_locale":"es_MX","og_type":"article","og_title":"NO VOY A DECLINAR, EN COAHUILA NO ACEPTAMOS LAS IMPOSICIONES DEL CENTRO DEL PA\u00cdS:LENIN P\u00c9REZ -","og_description":"Por Redacci\u00f3n QP A poco m\u00e1s de una semana para los comicios, la &#8220;rebeli\u00f3n&#8221; que...","og_url":"https:\/\/quehacerpolitico.mx\/?p=101284","article_published_time":"2023-05-28T20:14:33+00:00","article_modified_time":"2023-05-28T20:14:36+00:00","og_image":[{"width":1280,"height":853,"url":"https:\/\/quehacerpolitico.mx\/wp-content\/uploads\/2023\/05\/IMG_8029.jpeg","type":"image\/jpeg"}],"author":"Redacci\u00f3n QP","twitter_card":"summary_large_image","twitter_misc":{"Escrito por":"Redacci\u00f3n QP","Tiempo de lectura":"4 minutos"},"schema":{"@context":"https:\/\/schema.org","@graph":[{"@type":"Article","@id":"https:\/\/quehacerpolitico.mx\/?p=101284#article","isPartOf":{"@id":"https:\/\/quehacerpolitico.mx\/?p=101284"},"author":{"name":"Redacci\u00f3n QP","@id":"https:\/\/quehacerpolitico.mx\/#\/schema\/person\/496d8ad2d1d3f8036101dca7ee39e585"},"headline":"NO VOY A DECLINAR, EN COAHUILA NO ACEPTAMOS LAS IMPOSICIONES DEL CENTRO DEL PA\u00cdS:LENIN P\u00c9REZ","datePublished":"2023-05-28T20:14:33+00:00","dateModified":"2023-05-28T20:14:36+00:00","mainEntityOfPage":{"@id":"https:\/\/quehacerpolitico.mx\/?p=101284"},"wordCount":857,"commentCount":0,"image":{"@id":"https:\/\/quehacerpolitico.mx\/?p=101284#primaryimage"},"thumbnailUrl":"https:\/\/quehacerpolitico.mx\/wp-content\/uploads\/2023\/05\/IMG_8029.jpeg","articleSection":["Noticias"],"inLanguage":"es","potentialAction":[{"@type":"CommentAction","name":"Comment","target":["https:\/\/quehacerpolitico.mx\/?p=101284#respond"]}]},{"@type":"WebPage","@id":"https:\/\/quehacerpolitico.mx\/?p=101284","url":"https:\/\/quehacerpolitico.mx\/?p=101284","name":"NO VOY A DECLINAR, EN COAHUILA NO ACEPTAMOS LAS IMPOSICIONES DEL CENTRO DEL PA\u00cdS:LENIN P\u00c9REZ -","isPartOf":{"@id":"https:\/\/quehacerpolitico.mx\/#website"},"primaryImageOfPage":{"@id":"https:\/\/quehacerpolitico.mx\/?p=101284#primaryimage"},"image":{"@id":"https:\/\/quehacerpolitico.mx\/?p=101284#primaryimage"},"thumbnailUrl":"https:\/\/quehacerpolitico.mx\/wp-content\/uploads\/2023\/05\/IMG_8029.jpeg","datePublished":"2023-05-28T20:14:33+00:00","dateModified":"2023-05-28T20:14:36+00:00","author":{"@id":"https:\/\/quehacerpolitico.mx\/#\/schema\/person\/496d8ad2d1d3f8036101dca7ee39e585"},"breadcrumb":{"@id":"https:\/\/quehacerpolitico.mx\/?p=101284#breadcrumb"},"inLanguage":"es","potentialAction":[{"@type":"ReadAction","target":["https:\/\/quehacerpolitico.mx\/?p=101284"]}]},{"@type":"ImageObject","inLanguage":"es","@id":"https:\/\/quehacerpolitico.mx\/?p=101284#primaryimage","url":"https:\/\/quehacerpolitico.mx\/wp-content\/uploads\/2023\/05\/IMG_8029.jpeg","contentUrl":"https:\/\/quehacerpolitico.mx\/wp-content\/uploads\/2023\/05\/IMG_8029.jpeg","width":1280,"height":853},{"@type":"BreadcrumbList","@id":"https:\/\/quehacerpolitico.mx\/?p=101284#breadcrumb","itemListElement":[{"@type":"ListItem","position":1,"name":"Inicio","item":"https:\/\/quehacerpolitico.mx\/"},{"@type":"ListItem","position":2,"name":"NO VOY A DECLINAR, EN COAHUILA NO ACEPTAMOS LAS IMPOSICIONES DEL CENTRO DEL PA\u00cdS:LENIN P\u00c9REZ"}]},{"@type":"WebSite","@id":"https:\/\/quehacerpolitico.mx\/#website","url":"https:\/\/quehacerpolitico.mx\/","name":"","description":"","potentialAction":[{"@type":"SearchAction","target":{"@type":"EntryPoint","urlTemplate":"https:\/\/quehacerpolitico.mx\/?s={search_term_string}"},"query-input":{"@type":"PropertyValueSpecification","valueRequired":true,"valueName":"search_term_string"}}],"inLanguage":"es"},{"@type":"Person","@id":"https:\/\/quehacerpolitico.mx\/#\/schema\/person\/496d8ad2d1d3f8036101dca7ee39e585","name":"Redacci\u00f3n QP","image":{"@type":"ImageObject","inLanguage":"es","@id":"https:\/\/secure.gravatar.com\/avatar\/c7164ed6fdec453195284ad24a5ae5b6e1eed2b848477fa2a4787ba9adf39a41?s=96&d=mm&r=g","url":"https:\/\/secure.gravatar.com\/avatar\/c7164ed6fdec453195284ad24a5ae5b6e1eed2b848477fa2a4787ba9adf39a41?s=96&d=mm&r=g","contentUrl":"https:\/\/secure.gravatar.com\/avatar\/c7164ed6fdec453195284ad24a5ae5b6e1eed2b848477fa2a4787ba9adf39a41?s=96&d=mm&r=g","caption":"Redacci\u00f3n QP"},"url":"https:\/\/quehacerpolitico.mx\/?author=2"}]}},"featured_image_urls":{"full":["https:\/\/quehacerpolitico.mx\/wp-content\/uploads\/2023\/05\/IMG_8029.jpeg",1280,853,false],"thumbnail":["https:\/\/quehacerpolitico.mx\/wp-content\/uploads\/2023\/05\/IMG_8029-150x150.jpeg",150,150,true],"medium":["https:\/\/quehacerpolitico.mx\/wp-content\/uploads\/2023\/05\/IMG_8029-300x200.jpeg",300,200,true],"medium_large":["https:\/\/quehacerpolitico.mx\/wp-content\/uploads\/2023\/05\/IMG_8029-768x512.jpeg",640,427,true],"large":["https:\/\/quehacerpolitico.mx\/wp-content\/uploads\/2023\/05\/IMG_8029-1024x682.jpeg",640,426,true],"1536x1536":["https:\/\/quehacerpolitico.mx\/wp-content\/uploads\/2023\/05\/IMG_8029.jpeg",1280,853,false],"2048x2048":["https:\/\/quehacerpolitico.mx\/wp-content\/uploads\/2023\/05\/IMG_8029.jpeg",1280,853,false],"covernews-featured":["https:\/\/quehacerpolitico.mx\/wp-content\/uploads\/2023\/05\/IMG_8029.jpeg",1024,682,false],"covernews-medium":["https:\/\/quehacerpolitico.mx\/wp-content\/uploads\/2023\/05\/IMG_8029.jpeg",510,340,false]},"author_info":{"display_name":"Redacci\u00f3n QP","author_link":"https:\/\/quehacerpolitico.mx\/?author=2"},"category_info":"<a href=\"https:\/\/quehacerpolitico.mx\/?cat=2\" rel=\"category\">Noticias<\/a>","tag_info":"Noticias","comment_count":"0","_links":{"self":[{"href":"https:\/\/quehacerpolitico.mx\/index.php?rest_route=\/wp\/v2\/posts\/101284","targetHints":{"allow":["GET"]}}],"collection":[{"href":"https:\/\/quehacerpolitico.mx\/index.php?rest_route=\/wp\/v2\/posts"}],"about":[{"href":"https:\/\/quehacerpolitico.mx\/index.php?rest_route=\/wp\/v2\/types\/post"}],"author":[{"embeddable":true,"href":"https:\/\/quehacerpolitico.mx\/index.php?rest_route=\/wp\/v2\/users\/2"}],"replies":[{"embeddable":true,"href":"https:\/\/quehacerpolitico.mx\/index.php?rest_route=%2Fwp%2Fv2%2Fcomments&post=101284"}],"version-history":[{"count":1,"href":"https:\/\/quehacerpolitico.mx\/index.php?rest_route=\/wp\/v2\/posts\/101284\/revisions"}],"predecessor-version":[{"id":101286,"href":"https:\/\/quehacerpolitico.mx\/index.php?rest_route=\/wp\/v2\/posts\/101284\/revisions\/101286"}],"wp:featuredmedia":[{"embeddable":true,"href":"https:\/\/quehacerpolitico.mx\/index.php?rest_route=\/wp\/v2\/media\/101285"}],"wp:attachment":[{"href":"https:\/\/quehacerpolitico.mx\/index.php?rest_route=%2Fwp%2Fv2%2Fmedia&parent=101284"}],"wp:term":[{"taxonomy":"category","embeddable":true,"href":"https:\/\/quehacerpolitico.mx\/index.php?rest_route=%2Fwp%2Fv2%2Fcategories&post=101284"},{"taxonomy":"post_tag","embeddable":true,"href":"https:\/\/quehacerpolitico.mx\/index.php?rest_route=%2Fwp%2Fv2%2Ftags&post=101284"}],"curies":[{"name":"wp","href":"https:\/\/api.w.org\/{rel}","templated":true}]}}