{"id":101281,"date":"2023-05-28T19:53:46","date_gmt":"2023-05-28T19:53:46","guid":{"rendered":"https:\/\/quehacerpolitico.mx\/?p=101281"},"modified":"2023-05-28T19:53:50","modified_gmt":"2023-05-28T19:53:50","slug":"miles-de-personas-se-concentran-en-el-zocalo-de-la-cdmx-para-apoyar-con-determinacion-a-la-scjn","status":"publish","type":"post","link":"https:\/\/quehacerpolitico.mx\/?p=101281","title":{"rendered":"Miles de personas se concentran en el #Z\u00f3calo de la CDMX para apoyar con determinaci\u00f3n a la SCJN"},"content":{"rendered":"\n<p>Por Redacci\u00f3n QP<\/p>\n\n\n\n<p>Manifestantes marchan en el centro de la Ciudad de M\u00e9xico en apoyo a la Suprema Corte de Justicia de la Naci\u00f3n<\/p>\n\n\n\n<p>La tarde de este domingo se realiza la marcha en apoyo a la&nbsp;<strong>Suprema Corte de Justicia de la Naci\u00f3n<\/strong>&nbsp;(<strong>SCJN<\/strong>) en la zona Centro de la Ciudad de M\u00e9xico.<\/p>\n\n\n\n<p>Hay presencia de manifestantes cerca del&nbsp;<strong>Monumento a la Revoluci\u00f3n<\/strong>&nbsp;y en el&nbsp;<strong>Centro Hist\u00f3rico<\/strong>.<\/p>\n\n\n\n<p>Los manifestantes marchan hacia el\u00a0<strong>Z\u00f3calo<\/strong>\u00a0de la\u00a0<strong>Ciudad de M\u00e9xico<\/strong>, frente a\u00a0<strong>Palacio Nacional<\/strong>.<\/p>\n\n\n\n<figure class=\"wp-block-embed is-type-rich is-provider-twitter wp-block-embed-twitter\"><div class=\"wp-block-embed__wrapper\">\n<blockquote class=\"twitter-tweet\" data-width=\"550\" data-dnt=\"true\"><p lang=\"es\" dir=\"ltr\">Los contingentes de la marcha en apoyo a la Suprema Corte avanzan hacia el Z\u00f3calo de la Ciudad de M\u00e9xico.<br><br>M\u00e1s en: <a href=\"https:\/\/t.co\/KN4eY5JunP\">https:\/\/t.co\/KN4eY5JunP<\/a> <a href=\"https:\/\/t.co\/YFikFAd1CK\">pic.twitter.com\/YFikFAd1CK<\/a><\/p>&mdash; Joaqu\u00edn L\u00f3pez-D\u00f3riga (@lopezdoriga) <a href=\"https:\/\/twitter.com\/lopezdoriga\/status\/1662886959352537088?ref_src=twsrc%5Etfw\">May 28, 2023<\/a><\/blockquote><script async src=\"https:\/\/platform.twitter.com\/widgets.js\" charset=\"utf-8\"><\/script>\n<\/div><\/figure>\n\n\n\n<p>Durante la marcha, algunos de los manifestantes llegaron hasta el edificio de la\u00a0<strong>Suprema Corte de Justicia de la Naci\u00f3n<\/strong>\u00a0y retiraron un plant\u00f3n que se hab\u00eda instalado frente a la sede.<\/p>\n\n\n\n<p>Esta marcha se da ante los constantes ataques por parte del\u00a0<strong>Gobierno federal<\/strong>, encabezado por el presidente\u00a0<strong>Andr\u00e9s Manuel L\u00f3pez Obrador<\/strong>, y figuras de Morena contra la\u00a0<strong>Suprema Corte<\/strong>\u00a0y el\u00a0<strong>Poder Judicial<\/strong>.<\/p>\n\n\n\n<figure class=\"wp-block-embed is-type-rich is-provider-twitter wp-block-embed-twitter\"><div class=\"wp-block-embed__wrapper\">\n<blockquote class=\"twitter-tweet\" data-width=\"550\" data-dnt=\"true\"><p lang=\"es\" dir=\"ltr\">As\u00ed retiraron los manifestantes las casas de campa\u00f1a instaladas frente a la sede de la Suprema Corte (<a href=\"https:\/\/twitter.com\/SCJN?ref_src=twsrc%5Etfw\">@SCJN<\/a>).<br><br>Video: <a href=\"https:\/\/twitter.com\/Radio_Formula?ref_src=twsrc%5Etfw\">@Radio_Formula<\/a><br><br>Detalles: <a href=\"https:\/\/t.co\/KN4eY5JunP\">https:\/\/t.co\/KN4eY5JunP<\/a> <a href=\"https:\/\/t.co\/zy4MegRUgi\">pic.twitter.com\/zy4MegRUgi<\/a><\/p>&mdash; Joaqu\u00edn L\u00f3pez-D\u00f3riga (@lopezdoriga) <a href=\"https:\/\/twitter.com\/lopezdoriga\/status\/1662891478618603522?ref_src=twsrc%5Etfw\">May 28, 2023<\/a><\/blockquote><script async src=\"https:\/\/platform.twitter.com\/widgets.js\" charset=\"utf-8\"><\/script>\n<\/div><\/figure>\n\n\n\n<p>Las acusaciones de privilegios y conflictos de inter\u00e9s se han intensificado tras la anulaci\u00f3n de la primera parte del \u2018Plan B\u2019 de la Reforma Electoral.<\/p>\n\n\n\n<p>Ante esto, desde Morena y el gobierno mexicano se ha llamado a aprobar una reforma para que los ministros de la Suprema Corte y los jueces sean elegidos por voto popular.<\/p>\n\n\n\n<figure class=\"wp-block-embed is-type-rich is-provider-twitter wp-block-embed-twitter\"><div class=\"wp-block-embed__wrapper\">\n<blockquote class=\"twitter-tweet\" data-width=\"550\" data-dnt=\"true\"><p lang=\"es\" dir=\"ltr\">\u00a1Norma Pi\u00f1a, no est\u00e1s sola!<br>\u00a1Norma Pi\u00f1a, no est\u00e1s sola!<br>\u00a1Norma Pi\u00f1a, no est\u00e1s sola!<br>\u00a1Norma Pi\u00f1a, no est\u00e1s sola!<br>\u00a1Norma Pi\u00f1a, no est\u00e1s sola!<a href=\"https:\/\/twitter.com\/hashtag\/LaCorteNoSeToca?src=hash&amp;ref_src=twsrc%5Etfw\">#LaCorteNoSeToca<\/a> \u2696\ufe0f<br><br>En defensa de:<br><br>\u2022 La Constituci\u00f3n.<br>\u2022 La divisi\u00f3n de poderes.<br>\u2022 La <a href=\"https:\/\/twitter.com\/SCJN?ref_src=twsrc%5Etfw\">@SCJN<\/a>.<br>\u2022 La democracia constitucional. <a href=\"https:\/\/t.co\/skKIHSxu5X\">pic.twitter.com\/skKIHSxu5X<\/a><\/p>&mdash; Francisco Burgoa (@FranciscoBurgoa) <a href=\"https:\/\/twitter.com\/FranciscoBurgoa\/status\/1662888284903682051?ref_src=twsrc%5Etfw\">May 28, 2023<\/a><\/blockquote><script async src=\"https:\/\/platform.twitter.com\/widgets.js\" charset=\"utf-8\"><\/script>\n<\/div><\/figure>\n\n\n\n<h3 class=\"wp-block-heading\"><strong>En CDMX, ciudadanos marchan en defensa de la Suprema Corte<\/strong><\/h3>\n\n\n\n<p>Mor\u00e1n Ram\u00edrez detall\u00f3 que esperan una movilizaci\u00f3n en 20 ciudades entre ellas: Ciudad de M\u00e9xico, Toluca, Estado de M\u00e9xico; Monterrey, Nuevo Le\u00f3n; Guadalajara, Jalisco; Quer\u00e9taro, Quer\u00e9taro; Torre\u00f3n, Coahuila y Acapulco, Guerrero.<\/p>\n\n\n\n<p>Indic\u00f3 que la organizaci\u00f3n comprende varias causas: seguridad, salud, educaci\u00f3n y empleo, pero ahora es el respeto a la ley, a la Constituci\u00f3n, as\u00ed como la divisi\u00f3n de poderes.<\/p>\n\n\n\n<p>Adem\u00e1s, enfatiz\u00f3 que son ciudadanos comunes de a pie y consideran que las manifestaciones no son para derrocar un gobierno, es para despertar hacia el voto.<\/p>\n\n\n\n<figure class=\"wp-block-embed is-type-rich is-provider-twitter wp-block-embed-twitter\"><div class=\"wp-block-embed__wrapper\">\n<blockquote class=\"twitter-tweet\" data-width=\"550\" data-dnt=\"true\"><p lang=\"es\" dir=\"ltr\">&quot;La ley es la ley&quot;, gritan manifestantes en defensa de la Corte esta ma\u00f1ana en el Monumento a la Revoluci\u00f3n<br><br>Video: Daniela Wachauf <a href=\"https:\/\/t.co\/50ihFnVKAk\">pic.twitter.com\/50ihFnVKAk<\/a><\/p>&mdash; El Universal (@El_Universal_Mx) <a href=\"https:\/\/twitter.com\/El_Universal_Mx\/status\/1662859579124772869?ref_src=twsrc%5Etfw\">May 28, 2023<\/a><\/blockquote><script async src=\"https:\/\/platform.twitter.com\/widgets.js\" charset=\"utf-8\"><\/script>\n<\/div><\/figure>\n\n\n\n<p>La representante de Chalecos M\u00e9xico adelant\u00f3 que no habr\u00e1 discursos, ni pasarela de personajes p\u00fablicos, influencers de redes sociales ni pol\u00edticos, ser\u00e1 un ejercicio ciudadano que mostrar\u00e1 el descontento por los recientes sucesos en torno a los ataques a la Corte y a sus ministros.<\/p>\n\n\n\n<p>Al finalizar tienen previsto entonar el himno nacional. Tambi\u00e9n coment\u00f3 que estar\u00e1n llamando a los ciudadanos a ejercer el voto masivo en el\u00a0<strong>Estado de M\u00e9xico<\/strong>\u00a0y<strong>\u00a0Coahuila<\/strong>\u00a0en favor de los candidatos de la alianza<strong>\u00a0Va por M\u00e9xico.<\/strong><\/p>\n\n\n\n<figure class=\"wp-block-embed is-type-rich is-provider-twitter wp-block-embed-twitter\"><div class=\"wp-block-embed__wrapper\">\n<blockquote class=\"twitter-tweet\" data-width=\"550\" data-dnt=\"true\"><p lang=\"es\" dir=\"ltr\">En las inmediaciones del Caballito, los  simpatizantes de la ministra presidenta gritan &quot;Norma Pi\u00f1a no est\u00e1 sola&quot;, &quot;La Corte no se toca&quot;<br><br>Video: Daniela Wachauf <a href=\"https:\/\/t.co\/p3J0IyNBci\">pic.twitter.com\/p3J0IyNBci<\/a><\/p>&mdash; El Universal (@El_Universal_Mx) <a href=\"https:\/\/twitter.com\/El_Universal_Mx\/status\/1662865530896654342?ref_src=twsrc%5Etfw\">May 28, 2023<\/a><\/blockquote><script async src=\"https:\/\/platform.twitter.com\/widgets.js\" charset=\"utf-8\"><\/script>\n<\/div><\/figure>\n\n\n\n<h3 class=\"wp-block-heading\"><strong>No solo defienden al INE, tambi\u00e9n a la Corte&nbsp;<\/strong><\/h3>\n\n\n\n<p>Por otra parte, Jaime Sandoval, activista de la sociedad civil, asever\u00f3 que a ra\u00edz que la gente se uni\u00f3 con la Marea Rosa para defender al&nbsp;<strong>INE,<\/strong>&nbsp;hay personas dentro de los mismos grupos que consideraron levantar la voz y hacer patente que la ciudadan\u00eda est\u00e1 al pendiente y atenta para defender a la Corte.<\/p>\n\n\n\n<p><em>\u201cVamos a tener algunas agrupaciones que van a hacer sus manifiestos en varias ciudades. #LaCorteNoSeToca y tambi\u00e9n la defensa del<strong>&nbsp;INAI,<\/strong>posiblemente sea de menor impacto y tama\u00f1o, las agrupaciones grandes est\u00e1n trabajando en las elecciones del Estado de M\u00e9xico y Coahuila\u201d,<\/em>puntualiz\u00f3.<\/p>\n\n\n\n<p>Despu\u00e9s de lo que ocurri\u00f3 con la Marea Rosa, en la Ciudad de M\u00e9xico (CDMX), ciudadanos marchan en defensa de la Suprema Corte de Justicia de la Naci\u00f3n (SCJN).<\/p>\n\n\n\n<figure class=\"wp-block-embed is-type-rich is-provider-twitter wp-block-embed-twitter\"><div class=\"wp-block-embed__wrapper\">\n<blockquote class=\"twitter-tweet\" data-width=\"550\" data-dnt=\"true\"><p lang=\"es\" dir=\"ltr\">Una persona disfrazada de Miguel Hidalgo se presenta en la marcha a favor de la Corte con la consigna &quot;Patria y Libertad&quot; <br><br>Video: Yalina Ruiz <a href=\"https:\/\/t.co\/cuKNhszcg4\">pic.twitter.com\/cuKNhszcg4<\/a><\/p>&mdash; El Universal (@El_Universal_Mx) <a href=\"https:\/\/twitter.com\/El_Universal_Mx\/status\/1662870285714898945?ref_src=twsrc%5Etfw\">May 28, 2023<\/a><\/blockquote><script async src=\"https:\/\/platform.twitter.com\/widgets.js\" charset=\"utf-8\"><\/script>\n<\/div><\/figure>\n","protected":false},"excerpt":{"rendered":"<p>Por Redacci\u00f3n QP Manifestantes marchan en el centro de la Ciudad de M\u00e9xico en apoyo&#8230;<\/p>\n","protected":false},"author":2,"featured_media":101282,"comment_status":"open","ping_status":"open","sticky":false,"template":"","format":"standard","meta":{"_monsterinsights_skip_tracking":false,"_monsterinsights_sitenote_active":false,"_monsterinsights_sitenote_note":"","_monsterinsights_sitenote_category":0,"footnotes":""},"categories":[55,2],"tags":[],"class_list":["post-101281","post","type-post","status-publish","format-standard","has-post-thumbnail","hentry","category-cdmx","category-noticias"],"yoast_head":"<!-- This site is optimized with the Yoast SEO plugin v27.3 - https:\/\/yoast.com\/product\/yoast-seo-wordpress\/ -->\n<title>Miles de personas se concentran en el #Z\u00f3calo de la CDMX para apoyar con determinaci\u00f3n a la SCJN -<\/title>\n<meta name=\"robots\" content=\"index, follow, max-snippet:-1, max-image-preview:large, max-video-preview:-1\" \/>\n<link rel=\"canonical\" href=\"https:\/\/quehacerpolitico.mx\/?p=101281\" \/>\n<meta property=\"og:locale\" content=\"es_MX\" \/>\n<meta property=\"og:type\" content=\"article\" \/>\n<meta property=\"og:title\" content=\"Miles de personas se concentran en el #Z\u00f3calo de la CDMX para apoyar con determinaci\u00f3n a la SCJN -\" \/>\n<meta property=\"og:description\" content=\"Por Redacci\u00f3n QP Manifestantes marchan en el centro de la Ciudad de M\u00e9xico en apoyo...\" \/>\n<meta property=\"og:url\" content=\"https:\/\/quehacerpolitico.mx\/?p=101281\" \/>\n<meta property=\"article:published_time\" content=\"2023-05-28T19:53:46+00:00\" \/>\n<meta property=\"article:modified_time\" content=\"2023-05-28T19:53:50+00:00\" \/>\n<meta property=\"og:image\" content=\"https:\/\/quehacerpolitico.mx\/wp-content\/uploads\/2023\/05\/IMG_8028.jpeg\" \/>\n\t<meta property=\"og:image:width\" content=\"1284\" \/>\n\t<meta property=\"og:image:height\" content=\"699\" \/>\n\t<meta property=\"og:image:type\" content=\"image\/jpeg\" \/>\n<meta name=\"author\" content=\"Redacci\u00f3n QP\" \/>\n<meta name=\"twitter:card\" content=\"summary_large_image\" \/>\n<meta name=\"twitter:label1\" content=\"Escrito por\" \/>\n\t<meta name=\"twitter:data1\" content=\"Redacci\u00f3n QP\" \/>\n\t<meta name=\"twitter:label2\" content=\"Tiempo de lectura\" \/>\n\t<meta name=\"twitter:data2\" content=\"3 minutos\" \/>\n<script type=\"application\/ld+json\" class=\"yoast-schema-graph\">{\"@context\":\"https:\\\/\\\/schema.org\",\"@graph\":[{\"@type\":\"Article\",\"@id\":\"https:\\\/\\\/quehacerpolitico.mx\\\/?p=101281#article\",\"isPartOf\":{\"@id\":\"https:\\\/\\\/quehacerpolitico.mx\\\/?p=101281\"},\"author\":{\"name\":\"Redacci\u00f3n QP\",\"@id\":\"https:\\\/\\\/quehacerpolitico.mx\\\/#\\\/schema\\\/person\\\/496d8ad2d1d3f8036101dca7ee39e585\"},\"headline\":\"Miles de personas se concentran en el #Z\u00f3calo de la CDMX para apoyar con determinaci\u00f3n a la SCJN\",\"datePublished\":\"2023-05-28T19:53:46+00:00\",\"dateModified\":\"2023-05-28T19:53:50+00:00\",\"mainEntityOfPage\":{\"@id\":\"https:\\\/\\\/quehacerpolitico.mx\\\/?p=101281\"},\"wordCount\":668,\"commentCount\":0,\"image\":{\"@id\":\"https:\\\/\\\/quehacerpolitico.mx\\\/?p=101281#primaryimage\"},\"thumbnailUrl\":\"https:\\\/\\\/quehacerpolitico.mx\\\/wp-content\\\/uploads\\\/2023\\\/05\\\/IMG_8028.jpeg\",\"articleSection\":[\"CDMX\",\"Noticias\"],\"inLanguage\":\"es\",\"potentialAction\":[{\"@type\":\"CommentAction\",\"name\":\"Comment\",\"target\":[\"https:\\\/\\\/quehacerpolitico.mx\\\/?p=101281#respond\"]}]},{\"@type\":\"WebPage\",\"@id\":\"https:\\\/\\\/quehacerpolitico.mx\\\/?p=101281\",\"url\":\"https:\\\/\\\/quehacerpolitico.mx\\\/?p=101281\",\"name\":\"Miles de personas se concentran en el #Z\u00f3calo de la CDMX para apoyar con determinaci\u00f3n a la SCJN -\",\"isPartOf\":{\"@id\":\"https:\\\/\\\/quehacerpolitico.mx\\\/#website\"},\"primaryImageOfPage\":{\"@id\":\"https:\\\/\\\/quehacerpolitico.mx\\\/?p=101281#primaryimage\"},\"image\":{\"@id\":\"https:\\\/\\\/quehacerpolitico.mx\\\/?p=101281#primaryimage\"},\"thumbnailUrl\":\"https:\\\/\\\/quehacerpolitico.mx\\\/wp-content\\\/uploads\\\/2023\\\/05\\\/IMG_8028.jpeg\",\"datePublished\":\"2023-05-28T19:53:46+00:00\",\"dateModified\":\"2023-05-28T19:53:50+00:00\",\"author\":{\"@id\":\"https:\\\/\\\/quehacerpolitico.mx\\\/#\\\/schema\\\/person\\\/496d8ad2d1d3f8036101dca7ee39e585\"},\"breadcrumb\":{\"@id\":\"https:\\\/\\\/quehacerpolitico.mx\\\/?p=101281#breadcrumb\"},\"inLanguage\":\"es\",\"potentialAction\":[{\"@type\":\"ReadAction\",\"target\":[\"https:\\\/\\\/quehacerpolitico.mx\\\/?p=101281\"]}]},{\"@type\":\"ImageObject\",\"inLanguage\":\"es\",\"@id\":\"https:\\\/\\\/quehacerpolitico.mx\\\/?p=101281#primaryimage\",\"url\":\"https:\\\/\\\/quehacerpolitico.mx\\\/wp-content\\\/uploads\\\/2023\\\/05\\\/IMG_8028.jpeg\",\"contentUrl\":\"https:\\\/\\\/quehacerpolitico.mx\\\/wp-content\\\/uploads\\\/2023\\\/05\\\/IMG_8028.jpeg\",\"width\":1284,\"height\":699},{\"@type\":\"BreadcrumbList\",\"@id\":\"https:\\\/\\\/quehacerpolitico.mx\\\/?p=101281#breadcrumb\",\"itemListElement\":[{\"@type\":\"ListItem\",\"position\":1,\"name\":\"Inicio\",\"item\":\"https:\\\/\\\/quehacerpolitico.mx\\\/\"},{\"@type\":\"ListItem\",\"position\":2,\"name\":\"Miles de personas se concentran en el #Z\u00f3calo de la CDMX para apoyar con determinaci\u00f3n a la SCJN\"}]},{\"@type\":\"WebSite\",\"@id\":\"https:\\\/\\\/quehacerpolitico.mx\\\/#website\",\"url\":\"https:\\\/\\\/quehacerpolitico.mx\\\/\",\"name\":\"\",\"description\":\"\",\"potentialAction\":[{\"@type\":\"SearchAction\",\"target\":{\"@type\":\"EntryPoint\",\"urlTemplate\":\"https:\\\/\\\/quehacerpolitico.mx\\\/?s={search_term_string}\"},\"query-input\":{\"@type\":\"PropertyValueSpecification\",\"valueRequired\":true,\"valueName\":\"search_term_string\"}}],\"inLanguage\":\"es\"},{\"@type\":\"Person\",\"@id\":\"https:\\\/\\\/quehacerpolitico.mx\\\/#\\\/schema\\\/person\\\/496d8ad2d1d3f8036101dca7ee39e585\",\"name\":\"Redacci\u00f3n QP\",\"image\":{\"@type\":\"ImageObject\",\"inLanguage\":\"es\",\"@id\":\"https:\\\/\\\/secure.gravatar.com\\\/avatar\\\/c7164ed6fdec453195284ad24a5ae5b6e1eed2b848477fa2a4787ba9adf39a41?s=96&d=mm&r=g\",\"url\":\"https:\\\/\\\/secure.gravatar.com\\\/avatar\\\/c7164ed6fdec453195284ad24a5ae5b6e1eed2b848477fa2a4787ba9adf39a41?s=96&d=mm&r=g\",\"contentUrl\":\"https:\\\/\\\/secure.gravatar.com\\\/avatar\\\/c7164ed6fdec453195284ad24a5ae5b6e1eed2b848477fa2a4787ba9adf39a41?s=96&d=mm&r=g\",\"caption\":\"Redacci\u00f3n QP\"},\"url\":\"https:\\\/\\\/quehacerpolitico.mx\\\/?author=2\"}]}<\/script>\n<!-- \/ Yoast SEO plugin. -->","yoast_head_json":{"title":"Miles de personas se concentran en el #Z\u00f3calo de la CDMX para apoyar con determinaci\u00f3n a la SCJN -","robots":{"index":"index","follow":"follow","max-snippet":"max-snippet:-1","max-image-preview":"max-image-preview:large","max-video-preview":"max-video-preview:-1"},"canonical":"https:\/\/quehacerpolitico.mx\/?p=101281","og_locale":"es_MX","og_type":"article","og_title":"Miles de personas se concentran en el #Z\u00f3calo de la CDMX para apoyar con determinaci\u00f3n a la SCJN -","og_description":"Por Redacci\u00f3n QP Manifestantes marchan en el centro de la Ciudad de M\u00e9xico en apoyo...","og_url":"https:\/\/quehacerpolitico.mx\/?p=101281","article_published_time":"2023-05-28T19:53:46+00:00","article_modified_time":"2023-05-28T19:53:50+00:00","og_image":[{"width":1284,"height":699,"url":"https:\/\/quehacerpolitico.mx\/wp-content\/uploads\/2023\/05\/IMG_8028.jpeg","type":"image\/jpeg"}],"author":"Redacci\u00f3n QP","twitter_card":"summary_large_image","twitter_misc":{"Escrito por":"Redacci\u00f3n QP","Tiempo de lectura":"3 minutos"},"schema":{"@context":"https:\/\/schema.org","@graph":[{"@type":"Article","@id":"https:\/\/quehacerpolitico.mx\/?p=101281#article","isPartOf":{"@id":"https:\/\/quehacerpolitico.mx\/?p=101281"},"author":{"name":"Redacci\u00f3n QP","@id":"https:\/\/quehacerpolitico.mx\/#\/schema\/person\/496d8ad2d1d3f8036101dca7ee39e585"},"headline":"Miles de personas se concentran en el #Z\u00f3calo de la CDMX para apoyar con determinaci\u00f3n a la SCJN","datePublished":"2023-05-28T19:53:46+00:00","dateModified":"2023-05-28T19:53:50+00:00","mainEntityOfPage":{"@id":"https:\/\/quehacerpolitico.mx\/?p=101281"},"wordCount":668,"commentCount":0,"image":{"@id":"https:\/\/quehacerpolitico.mx\/?p=101281#primaryimage"},"thumbnailUrl":"https:\/\/quehacerpolitico.mx\/wp-content\/uploads\/2023\/05\/IMG_8028.jpeg","articleSection":["CDMX","Noticias"],"inLanguage":"es","potentialAction":[{"@type":"CommentAction","name":"Comment","target":["https:\/\/quehacerpolitico.mx\/?p=101281#respond"]}]},{"@type":"WebPage","@id":"https:\/\/quehacerpolitico.mx\/?p=101281","url":"https:\/\/quehacerpolitico.mx\/?p=101281","name":"Miles de personas se concentran en el #Z\u00f3calo de la CDMX para apoyar con determinaci\u00f3n a la SCJN -","isPartOf":{"@id":"https:\/\/quehacerpolitico.mx\/#website"},"primaryImageOfPage":{"@id":"https:\/\/quehacerpolitico.mx\/?p=101281#primaryimage"},"image":{"@id":"https:\/\/quehacerpolitico.mx\/?p=101281#primaryimage"},"thumbnailUrl":"https:\/\/quehacerpolitico.mx\/wp-content\/uploads\/2023\/05\/IMG_8028.jpeg","datePublished":"2023-05-28T19:53:46+00:00","dateModified":"2023-05-28T19:53:50+00:00","author":{"@id":"https:\/\/quehacerpolitico.mx\/#\/schema\/person\/496d8ad2d1d3f8036101dca7ee39e585"},"breadcrumb":{"@id":"https:\/\/quehacerpolitico.mx\/?p=101281#breadcrumb"},"inLanguage":"es","potentialAction":[{"@type":"ReadAction","target":["https:\/\/quehacerpolitico.mx\/?p=101281"]}]},{"@type":"ImageObject","inLanguage":"es","@id":"https:\/\/quehacerpolitico.mx\/?p=101281#primaryimage","url":"https:\/\/quehacerpolitico.mx\/wp-content\/uploads\/2023\/05\/IMG_8028.jpeg","contentUrl":"https:\/\/quehacerpolitico.mx\/wp-content\/uploads\/2023\/05\/IMG_8028.jpeg","width":1284,"height":699},{"@type":"BreadcrumbList","@id":"https:\/\/quehacerpolitico.mx\/?p=101281#breadcrumb","itemListElement":[{"@type":"ListItem","position":1,"name":"Inicio","item":"https:\/\/quehacerpolitico.mx\/"},{"@type":"ListItem","position":2,"name":"Miles de personas se concentran en el #Z\u00f3calo de la CDMX para apoyar con determinaci\u00f3n a la SCJN"}]},{"@type":"WebSite","@id":"https:\/\/quehacerpolitico.mx\/#website","url":"https:\/\/quehacerpolitico.mx\/","name":"","description":"","potentialAction":[{"@type":"SearchAction","target":{"@type":"EntryPoint","urlTemplate":"https:\/\/quehacerpolitico.mx\/?s={search_term_string}"},"query-input":{"@type":"PropertyValueSpecification","valueRequired":true,"valueName":"search_term_string"}}],"inLanguage":"es"},{"@type":"Person","@id":"https:\/\/quehacerpolitico.mx\/#\/schema\/person\/496d8ad2d1d3f8036101dca7ee39e585","name":"Redacci\u00f3n QP","image":{"@type":"ImageObject","inLanguage":"es","@id":"https:\/\/secure.gravatar.com\/avatar\/c7164ed6fdec453195284ad24a5ae5b6e1eed2b848477fa2a4787ba9adf39a41?s=96&d=mm&r=g","url":"https:\/\/secure.gravatar.com\/avatar\/c7164ed6fdec453195284ad24a5ae5b6e1eed2b848477fa2a4787ba9adf39a41?s=96&d=mm&r=g","contentUrl":"https:\/\/secure.gravatar.com\/avatar\/c7164ed6fdec453195284ad24a5ae5b6e1eed2b848477fa2a4787ba9adf39a41?s=96&d=mm&r=g","caption":"Redacci\u00f3n QP"},"url":"https:\/\/quehacerpolitico.mx\/?author=2"}]}},"featured_image_urls":{"full":["https:\/\/quehacerpolitico.mx\/wp-content\/uploads\/2023\/05\/IMG_8028.jpeg",1284,699,false],"thumbnail":["https:\/\/quehacerpolitico.mx\/wp-content\/uploads\/2023\/05\/IMG_8028-150x150.jpeg",150,150,true],"medium":["https:\/\/quehacerpolitico.mx\/wp-content\/uploads\/2023\/05\/IMG_8028-300x163.jpeg",300,163,true],"medium_large":["https:\/\/quehacerpolitico.mx\/wp-content\/uploads\/2023\/05\/IMG_8028-768x418.jpeg",640,348,true],"large":["https:\/\/quehacerpolitico.mx\/wp-content\/uploads\/2023\/05\/IMG_8028-1024x557.jpeg",640,348,true],"1536x1536":["https:\/\/quehacerpolitico.mx\/wp-content\/uploads\/2023\/05\/IMG_8028.jpeg",1284,699,false],"2048x2048":["https:\/\/quehacerpolitico.mx\/wp-content\/uploads\/2023\/05\/IMG_8028.jpeg",1284,699,false],"covernews-featured":["https:\/\/quehacerpolitico.mx\/wp-content\/uploads\/2023\/05\/IMG_8028.jpeg",1024,557,false],"covernews-medium":["https:\/\/quehacerpolitico.mx\/wp-content\/uploads\/2023\/05\/IMG_8028.jpeg",540,294,false]},"author_info":{"display_name":"Redacci\u00f3n QP","author_link":"https:\/\/quehacerpolitico.mx\/?author=2"},"category_info":"<a href=\"https:\/\/quehacerpolitico.mx\/?cat=55\" rel=\"category\">CDMX<\/a> <a href=\"https:\/\/quehacerpolitico.mx\/?cat=2\" rel=\"category\">Noticias<\/a>","tag_info":"Noticias","comment_count":"0","_links":{"self":[{"href":"https:\/\/quehacerpolitico.mx\/index.php?rest_route=\/wp\/v2\/posts\/101281","targetHints":{"allow":["GET"]}}],"collection":[{"href":"https:\/\/quehacerpolitico.mx\/index.php?rest_route=\/wp\/v2\/posts"}],"about":[{"href":"https:\/\/quehacerpolitico.mx\/index.php?rest_route=\/wp\/v2\/types\/post"}],"author":[{"embeddable":true,"href":"https:\/\/quehacerpolitico.mx\/index.php?rest_route=\/wp\/v2\/users\/2"}],"replies":[{"embeddable":true,"href":"https:\/\/quehacerpolitico.mx\/index.php?rest_route=%2Fwp%2Fv2%2Fcomments&post=101281"}],"version-history":[{"count":1,"href":"https:\/\/quehacerpolitico.mx\/index.php?rest_route=\/wp\/v2\/posts\/101281\/revisions"}],"predecessor-version":[{"id":101283,"href":"https:\/\/quehacerpolitico.mx\/index.php?rest_route=\/wp\/v2\/posts\/101281\/revisions\/101283"}],"wp:featuredmedia":[{"embeddable":true,"href":"https:\/\/quehacerpolitico.mx\/index.php?rest_route=\/wp\/v2\/media\/101282"}],"wp:attachment":[{"href":"https:\/\/quehacerpolitico.mx\/index.php?rest_route=%2Fwp%2Fv2%2Fmedia&parent=101281"}],"wp:term":[{"taxonomy":"category","embeddable":true,"href":"https:\/\/quehacerpolitico.mx\/index.php?rest_route=%2Fwp%2Fv2%2Fcategories&post=101281"},{"taxonomy":"post_tag","embeddable":true,"href":"https:\/\/quehacerpolitico.mx\/index.php?rest_route=%2Fwp%2Fv2%2Ftags&post=101281"}],"curies":[{"name":"wp","href":"https:\/\/api.w.org\/{rel}","templated":true}]}}