{"id":101255,"date":"2023-05-27T17:57:38","date_gmt":"2023-05-27T17:57:38","guid":{"rendered":"https:\/\/quehacerpolitico.mx\/?p=101255"},"modified":"2023-05-27T17:57:42","modified_gmt":"2023-05-27T17:57:42","slug":"a-diario-desaparecen-14-menores-de-edad-en-mexico","status":"publish","type":"post","link":"https:\/\/quehacerpolitico.mx\/?p=101255","title":{"rendered":"A diario desaparecen 14 menores de edad en M\u00e9xico"},"content":{"rendered":"\n<p>Por Redacci\u00f3n QP<\/p>\n\n\n\n<p>A diario se reporta la desaparici\u00f3n de 14 ni\u00f1as, ni\u00f1os y adolescentes seg\u00fan la Red de los Derechos de la Infancia en M\u00e9xico<\/p>\n\n\n\n<p><strong>Activistas y senadores destacaron que diariamente en el pa\u00eds son secuestrados o sustra\u00eddos ilegalmente alrededor de 14 menores de edad.<\/strong><\/p>\n\n\n\n<p>En el 60\u202f% de los casos los responsables son algunos de los padres o exparejas, por lo que es necesario fortalecer el marco legal para sancionar este tipo de delitos y agilizar mecanismos como la Alerta Amber.<\/p>\n\n\n\n<figure class=\"wp-block-embed is-type-video is-provider-youtube wp-block-embed-youtube wp-embed-aspect-16-9 wp-has-aspect-ratio\"><div class=\"wp-block-embed__wrapper\">\n<iframe loading=\"lazy\" title=\"M\u00e9xico tiene m\u00e1s de 18 mil ni\u00f1os desaparecidos. Adem\u00e1s miles m\u00e1s buscan a su familia\" width=\"640\" height=\"360\" src=\"https:\/\/www.youtube.com\/embed\/9MszvRFZ4Ro?feature=oembed\" frameborder=\"0\" allow=\"accelerometer; autoplay; clipboard-write; encrypted-media; gyroscope; picture-in-picture; web-share\" referrerpolicy=\"strict-origin-when-cross-origin\" allowfullscreen><\/iframe>\n<\/div><\/figure>\n\n\n\n<p>La activista y promotora de la llamada &#8220;Ley Camila&#8221;, Cynthia Bravo Moore, impulsora de la Ley Camila,\u00a0<strong>refiri\u00f3 el rescate a finales de abril de dos menores que hab\u00eda sido sustra\u00eddas ilegalmente<\/strong> por su padre y los manten\u00eda encerradas e incomunicadas.<\/p>\n\n\n\n<p>En rueda de prensa en el Senado, dijo que desafortunadamente este no es un caso aislado porque diariamente\u00a0<strong>se reporta la desaparici\u00f3n de 14 ni\u00f1as, ni\u00f1os y adolescentes seg\u00fan la Red de los Derechos de la Infancia en M\u00e9xico<\/strong>, mientras que, en el caso de Estados Unidos, Missing Children Center estima que el 60% de desapariciones infantiles se trata de secuestros parentales cometidos por padres o familias extendidas.<\/p>\n\n\n\n<figure class=\"wp-block-image size-full\"><img loading=\"lazy\" decoding=\"async\" width=\"730\" height=\"420\" src=\"https:\/\/quehacerpolitico.mx\/wp-content\/uploads\/2023\/05\/image-104.jpeg\" alt=\"\" class=\"wp-image-101260\" srcset=\"https:\/\/quehacerpolitico.mx\/wp-content\/uploads\/2023\/05\/image-104.jpeg 730w, https:\/\/quehacerpolitico.mx\/wp-content\/uploads\/2023\/05\/image-104-300x173.jpeg 300w, https:\/\/quehacerpolitico.mx\/wp-content\/uploads\/2023\/05\/image-104-254x146.jpeg 254w, https:\/\/quehacerpolitico.mx\/wp-content\/uploads\/2023\/05\/image-104-50x29.jpeg 50w, https:\/\/quehacerpolitico.mx\/wp-content\/uploads\/2023\/05\/image-104-130x75.jpeg 130w\" sizes=\"auto, (max-width: 730px) 100vw, 730px\" \/><\/figure>\n\n\n\n<figure class=\"wp-block-image size-full\"><img loading=\"lazy\" decoding=\"async\" width=\"678\" height=\"452\" src=\"https:\/\/quehacerpolitico.mx\/wp-content\/uploads\/2023\/05\/image-101.jpeg\" alt=\"\" class=\"wp-image-101257\" srcset=\"https:\/\/quehacerpolitico.mx\/wp-content\/uploads\/2023\/05\/image-101.jpeg 678w, https:\/\/quehacerpolitico.mx\/wp-content\/uploads\/2023\/05\/image-101-300x200.jpeg 300w, https:\/\/quehacerpolitico.mx\/wp-content\/uploads\/2023\/05\/image-101-219x146.jpeg 219w, https:\/\/quehacerpolitico.mx\/wp-content\/uploads\/2023\/05\/image-101-50x33.jpeg 50w, https:\/\/quehacerpolitico.mx\/wp-content\/uploads\/2023\/05\/image-101-113x75.jpeg 113w\" sizes=\"auto, (max-width: 678px) 100vw, 678px\" \/><\/figure>\n\n\n\n<p>Dania Michelle Casillas Zea, dijo que su expareja Germ\u00e1n &#8220;N&#8221; sustrajo ilegalmente a sus hijas menores Leonora y Amelia, las cuales mantuvo escondidas con el apoyo de familiares y que finalmente con fallos del Tribunal de Justicia de la Ciudad de M\u00e9xico y\u00a0<strong>la intervenci\u00f3n de la fiscal\u00eda capitalina y del secretario de Seguridad P\u00fablica, Omar Garc\u00eda Harfuch, se lograron recuperar.<\/strong><\/p>\n\n\n\n<p>&#8220;Para m\u00ed fue una pesadilla. Todos los d\u00edas que yo las buscaba, que iba a la casa de sus abuelos en las noches a gritarles para que las pudieran asomar,&nbsp;<strong>los vecinos llamaban a la patrulla, me corr\u00edan, me dec\u00edan que me fuera a mi casa, que ellas estaban bien, y yo lo \u00fanico<\/strong>&nbsp;que les dec\u00eda: no van a estar bien hasta que yo las vea. Yo s\u00e9 la calidad de persona que es con la que est\u00e1n&#8221;.<\/p>\n\n\n\n<p>&#8220;Lo que fue capaz de hacerme a m\u00ed, que no haga a sus propias hijas. No es algo que pasa cuando se las llevan.\u00a0<strong>Esto ven\u00eda siendo desde a\u00f1os antes, pero nos da miedo, nos sentimos solas, la dependencia econ\u00f3mica, la dependencia emocional, el miedo que nos causan estas personas<\/strong>&#8220;, indic\u00f3 en la sede del Senado.<\/p>\n\n\n\n<figure class=\"wp-block-image size-full\"><img loading=\"lazy\" decoding=\"async\" width=\"664\" height=\"462\" src=\"https:\/\/quehacerpolitico.mx\/wp-content\/uploads\/2023\/05\/image-103.jpeg\" alt=\"\" class=\"wp-image-101259\" srcset=\"https:\/\/quehacerpolitico.mx\/wp-content\/uploads\/2023\/05\/image-103.jpeg 664w, https:\/\/quehacerpolitico.mx\/wp-content\/uploads\/2023\/05\/image-103-300x209.jpeg 300w, https:\/\/quehacerpolitico.mx\/wp-content\/uploads\/2023\/05\/image-103-210x146.jpeg 210w, https:\/\/quehacerpolitico.mx\/wp-content\/uploads\/2023\/05\/image-103-50x35.jpeg 50w, https:\/\/quehacerpolitico.mx\/wp-content\/uploads\/2023\/05\/image-103-108x75.jpeg 108w\" sizes=\"auto, (max-width: 664px) 100vw, 664px\" \/><\/figure>\n\n\n\n<figure class=\"wp-block-image size-full\"><img loading=\"lazy\" decoding=\"async\" width=\"678\" height=\"452\" src=\"https:\/\/quehacerpolitico.mx\/wp-content\/uploads\/2023\/05\/image-102.jpeg\" alt=\"\" class=\"wp-image-101258\" srcset=\"https:\/\/quehacerpolitico.mx\/wp-content\/uploads\/2023\/05\/image-102.jpeg 678w, https:\/\/quehacerpolitico.mx\/wp-content\/uploads\/2023\/05\/image-102-300x200.jpeg 300w, https:\/\/quehacerpolitico.mx\/wp-content\/uploads\/2023\/05\/image-102-219x146.jpeg 219w, https:\/\/quehacerpolitico.mx\/wp-content\/uploads\/2023\/05\/image-102-50x33.jpeg 50w, https:\/\/quehacerpolitico.mx\/wp-content\/uploads\/2023\/05\/image-102-113x75.jpeg 113w\" sizes=\"auto, (max-width: 678px) 100vw, 678px\" \/><\/figure>\n\n\n\n<p>&#8220;Todas las veces que nosotras queremos huir de ah\u00ed escuchamos el: &#8220;si te vas te voy a quitar a los ni\u00f1os&#8221;, \u00bfno? Y ese es nuestro mayor miedo que enfrentamos cuando decidimos romper con esta violencia que viene de a\u00f1os, o de una historia atr\u00e1s. Para m\u00ed fue un milagro poder volver a ver a mis hijas&#8221;, apunt\u00f3 acompa\u00f1ada de senadores.<\/p>\n\n\n\n<p><strong>El abogado Pablo Huerta, destac\u00f3 la labor de las autoridades de la Ciudad de M\u00e9xico en este caso y dijo que el acceso a la justicia no debe condicionarse a la capacidad econ\u00f3mica y que deben los abogados litigantes realizar un ejercicio \u00e9tico de la profesi\u00f3n y no lucrar con este tipo de situaciones.<\/strong><\/p>\n\n\n\n<p>Con Informaci\u00f3n de SUN <\/p>\n","protected":false},"excerpt":{"rendered":"<p>Por Redacci\u00f3n QP A diario se reporta la desaparici\u00f3n de 14 ni\u00f1as, ni\u00f1os y adolescentes&#8230;<\/p>\n","protected":false},"author":2,"featured_media":101256,"comment_status":"open","ping_status":"open","sticky":false,"template":"","format":"standard","meta":{"_monsterinsights_skip_tracking":false,"_monsterinsights_sitenote_active":false,"_monsterinsights_sitenote_note":"","_monsterinsights_sitenote_category":0,"footnotes":""},"categories":[2],"tags":[],"class_list":["post-101255","post","type-post","status-publish","format-standard","has-post-thumbnail","hentry","category-noticias"],"yoast_head":"<!-- This site is optimized with the Yoast SEO plugin v27.3 - https:\/\/yoast.com\/product\/yoast-seo-wordpress\/ -->\n<title>A diario desaparecen 14 menores de edad en M\u00e9xico -<\/title>\n<meta name=\"robots\" content=\"index, follow, max-snippet:-1, max-image-preview:large, max-video-preview:-1\" \/>\n<link rel=\"canonical\" href=\"https:\/\/quehacerpolitico.mx\/?p=101255\" \/>\n<meta property=\"og:locale\" content=\"es_MX\" \/>\n<meta property=\"og:type\" content=\"article\" \/>\n<meta property=\"og:title\" content=\"A diario desaparecen 14 menores de edad en M\u00e9xico -\" \/>\n<meta property=\"og:description\" content=\"Por Redacci\u00f3n QP A diario se reporta la desaparici\u00f3n de 14 ni\u00f1as, ni\u00f1os y adolescentes...\" \/>\n<meta property=\"og:url\" content=\"https:\/\/quehacerpolitico.mx\/?p=101255\" \/>\n<meta property=\"article:published_time\" content=\"2023-05-27T17:57:38+00:00\" \/>\n<meta property=\"article:modified_time\" content=\"2023-05-27T17:57:42+00:00\" \/>\n<meta property=\"og:image\" content=\"https:\/\/quehacerpolitico.mx\/wp-content\/uploads\/2023\/05\/IMG_8004.jpeg\" \/>\n\t<meta property=\"og:image:width\" content=\"350\" \/>\n\t<meta property=\"og:image:height\" content=\"250\" \/>\n\t<meta property=\"og:image:type\" content=\"image\/jpeg\" \/>\n<meta name=\"author\" content=\"Redacci\u00f3n QP\" \/>\n<meta name=\"twitter:card\" content=\"summary_large_image\" \/>\n<meta name=\"twitter:label1\" content=\"Escrito por\" \/>\n\t<meta name=\"twitter:data1\" content=\"Redacci\u00f3n QP\" \/>\n\t<meta name=\"twitter:label2\" content=\"Tiempo de lectura\" \/>\n\t<meta name=\"twitter:data2\" content=\"3 minutos\" \/>\n<script type=\"application\/ld+json\" class=\"yoast-schema-graph\">{\"@context\":\"https:\\\/\\\/schema.org\",\"@graph\":[{\"@type\":\"Article\",\"@id\":\"https:\\\/\\\/quehacerpolitico.mx\\\/?p=101255#article\",\"isPartOf\":{\"@id\":\"https:\\\/\\\/quehacerpolitico.mx\\\/?p=101255\"},\"author\":{\"name\":\"Redacci\u00f3n QP\",\"@id\":\"https:\\\/\\\/quehacerpolitico.mx\\\/#\\\/schema\\\/person\\\/496d8ad2d1d3f8036101dca7ee39e585\"},\"headline\":\"A diario desaparecen 14 menores de edad en M\u00e9xico\",\"datePublished\":\"2023-05-27T17:57:38+00:00\",\"dateModified\":\"2023-05-27T17:57:42+00:00\",\"mainEntityOfPage\":{\"@id\":\"https:\\\/\\\/quehacerpolitico.mx\\\/?p=101255\"},\"wordCount\":556,\"commentCount\":0,\"image\":{\"@id\":\"https:\\\/\\\/quehacerpolitico.mx\\\/?p=101255#primaryimage\"},\"thumbnailUrl\":\"https:\\\/\\\/quehacerpolitico.mx\\\/wp-content\\\/uploads\\\/2023\\\/05\\\/IMG_8004.jpeg\",\"articleSection\":[\"Noticias\"],\"inLanguage\":\"es\",\"potentialAction\":[{\"@type\":\"CommentAction\",\"name\":\"Comment\",\"target\":[\"https:\\\/\\\/quehacerpolitico.mx\\\/?p=101255#respond\"]}]},{\"@type\":\"WebPage\",\"@id\":\"https:\\\/\\\/quehacerpolitico.mx\\\/?p=101255\",\"url\":\"https:\\\/\\\/quehacerpolitico.mx\\\/?p=101255\",\"name\":\"A diario desaparecen 14 menores de edad en M\u00e9xico -\",\"isPartOf\":{\"@id\":\"https:\\\/\\\/quehacerpolitico.mx\\\/#website\"},\"primaryImageOfPage\":{\"@id\":\"https:\\\/\\\/quehacerpolitico.mx\\\/?p=101255#primaryimage\"},\"image\":{\"@id\":\"https:\\\/\\\/quehacerpolitico.mx\\\/?p=101255#primaryimage\"},\"thumbnailUrl\":\"https:\\\/\\\/quehacerpolitico.mx\\\/wp-content\\\/uploads\\\/2023\\\/05\\\/IMG_8004.jpeg\",\"datePublished\":\"2023-05-27T17:57:38+00:00\",\"dateModified\":\"2023-05-27T17:57:42+00:00\",\"author\":{\"@id\":\"https:\\\/\\\/quehacerpolitico.mx\\\/#\\\/schema\\\/person\\\/496d8ad2d1d3f8036101dca7ee39e585\"},\"breadcrumb\":{\"@id\":\"https:\\\/\\\/quehacerpolitico.mx\\\/?p=101255#breadcrumb\"},\"inLanguage\":\"es\",\"potentialAction\":[{\"@type\":\"ReadAction\",\"target\":[\"https:\\\/\\\/quehacerpolitico.mx\\\/?p=101255\"]}]},{\"@type\":\"ImageObject\",\"inLanguage\":\"es\",\"@id\":\"https:\\\/\\\/quehacerpolitico.mx\\\/?p=101255#primaryimage\",\"url\":\"https:\\\/\\\/quehacerpolitico.mx\\\/wp-content\\\/uploads\\\/2023\\\/05\\\/IMG_8004.jpeg\",\"contentUrl\":\"https:\\\/\\\/quehacerpolitico.mx\\\/wp-content\\\/uploads\\\/2023\\\/05\\\/IMG_8004.jpeg\",\"width\":350,\"height\":250},{\"@type\":\"BreadcrumbList\",\"@id\":\"https:\\\/\\\/quehacerpolitico.mx\\\/?p=101255#breadcrumb\",\"itemListElement\":[{\"@type\":\"ListItem\",\"position\":1,\"name\":\"Inicio\",\"item\":\"https:\\\/\\\/quehacerpolitico.mx\\\/\"},{\"@type\":\"ListItem\",\"position\":2,\"name\":\"A diario desaparecen 14 menores de edad en M\u00e9xico\"}]},{\"@type\":\"WebSite\",\"@id\":\"https:\\\/\\\/quehacerpolitico.mx\\\/#website\",\"url\":\"https:\\\/\\\/quehacerpolitico.mx\\\/\",\"name\":\"\",\"description\":\"\",\"potentialAction\":[{\"@type\":\"SearchAction\",\"target\":{\"@type\":\"EntryPoint\",\"urlTemplate\":\"https:\\\/\\\/quehacerpolitico.mx\\\/?s={search_term_string}\"},\"query-input\":{\"@type\":\"PropertyValueSpecification\",\"valueRequired\":true,\"valueName\":\"search_term_string\"}}],\"inLanguage\":\"es\"},{\"@type\":\"Person\",\"@id\":\"https:\\\/\\\/quehacerpolitico.mx\\\/#\\\/schema\\\/person\\\/496d8ad2d1d3f8036101dca7ee39e585\",\"name\":\"Redacci\u00f3n QP\",\"image\":{\"@type\":\"ImageObject\",\"inLanguage\":\"es\",\"@id\":\"https:\\\/\\\/secure.gravatar.com\\\/avatar\\\/c7164ed6fdec453195284ad24a5ae5b6e1eed2b848477fa2a4787ba9adf39a41?s=96&d=mm&r=g\",\"url\":\"https:\\\/\\\/secure.gravatar.com\\\/avatar\\\/c7164ed6fdec453195284ad24a5ae5b6e1eed2b848477fa2a4787ba9adf39a41?s=96&d=mm&r=g\",\"contentUrl\":\"https:\\\/\\\/secure.gravatar.com\\\/avatar\\\/c7164ed6fdec453195284ad24a5ae5b6e1eed2b848477fa2a4787ba9adf39a41?s=96&d=mm&r=g\",\"caption\":\"Redacci\u00f3n QP\"},\"url\":\"https:\\\/\\\/quehacerpolitico.mx\\\/?author=2\"}]}<\/script>\n<!-- \/ Yoast SEO plugin. -->","yoast_head_json":{"title":"A diario desaparecen 14 menores de edad en M\u00e9xico -","robots":{"index":"index","follow":"follow","max-snippet":"max-snippet:-1","max-image-preview":"max-image-preview:large","max-video-preview":"max-video-preview:-1"},"canonical":"https:\/\/quehacerpolitico.mx\/?p=101255","og_locale":"es_MX","og_type":"article","og_title":"A diario desaparecen 14 menores de edad en M\u00e9xico -","og_description":"Por Redacci\u00f3n QP A diario se reporta la desaparici\u00f3n de 14 ni\u00f1as, ni\u00f1os y adolescentes...","og_url":"https:\/\/quehacerpolitico.mx\/?p=101255","article_published_time":"2023-05-27T17:57:38+00:00","article_modified_time":"2023-05-27T17:57:42+00:00","og_image":[{"width":350,"height":250,"url":"https:\/\/quehacerpolitico.mx\/wp-content\/uploads\/2023\/05\/IMG_8004.jpeg","type":"image\/jpeg"}],"author":"Redacci\u00f3n QP","twitter_card":"summary_large_image","twitter_misc":{"Escrito por":"Redacci\u00f3n QP","Tiempo de lectura":"3 minutos"},"schema":{"@context":"https:\/\/schema.org","@graph":[{"@type":"Article","@id":"https:\/\/quehacerpolitico.mx\/?p=101255#article","isPartOf":{"@id":"https:\/\/quehacerpolitico.mx\/?p=101255"},"author":{"name":"Redacci\u00f3n QP","@id":"https:\/\/quehacerpolitico.mx\/#\/schema\/person\/496d8ad2d1d3f8036101dca7ee39e585"},"headline":"A diario desaparecen 14 menores de edad en M\u00e9xico","datePublished":"2023-05-27T17:57:38+00:00","dateModified":"2023-05-27T17:57:42+00:00","mainEntityOfPage":{"@id":"https:\/\/quehacerpolitico.mx\/?p=101255"},"wordCount":556,"commentCount":0,"image":{"@id":"https:\/\/quehacerpolitico.mx\/?p=101255#primaryimage"},"thumbnailUrl":"https:\/\/quehacerpolitico.mx\/wp-content\/uploads\/2023\/05\/IMG_8004.jpeg","articleSection":["Noticias"],"inLanguage":"es","potentialAction":[{"@type":"CommentAction","name":"Comment","target":["https:\/\/quehacerpolitico.mx\/?p=101255#respond"]}]},{"@type":"WebPage","@id":"https:\/\/quehacerpolitico.mx\/?p=101255","url":"https:\/\/quehacerpolitico.mx\/?p=101255","name":"A diario desaparecen 14 menores de edad en M\u00e9xico -","isPartOf":{"@id":"https:\/\/quehacerpolitico.mx\/#website"},"primaryImageOfPage":{"@id":"https:\/\/quehacerpolitico.mx\/?p=101255#primaryimage"},"image":{"@id":"https:\/\/quehacerpolitico.mx\/?p=101255#primaryimage"},"thumbnailUrl":"https:\/\/quehacerpolitico.mx\/wp-content\/uploads\/2023\/05\/IMG_8004.jpeg","datePublished":"2023-05-27T17:57:38+00:00","dateModified":"2023-05-27T17:57:42+00:00","author":{"@id":"https:\/\/quehacerpolitico.mx\/#\/schema\/person\/496d8ad2d1d3f8036101dca7ee39e585"},"breadcrumb":{"@id":"https:\/\/quehacerpolitico.mx\/?p=101255#breadcrumb"},"inLanguage":"es","potentialAction":[{"@type":"ReadAction","target":["https:\/\/quehacerpolitico.mx\/?p=101255"]}]},{"@type":"ImageObject","inLanguage":"es","@id":"https:\/\/quehacerpolitico.mx\/?p=101255#primaryimage","url":"https:\/\/quehacerpolitico.mx\/wp-content\/uploads\/2023\/05\/IMG_8004.jpeg","contentUrl":"https:\/\/quehacerpolitico.mx\/wp-content\/uploads\/2023\/05\/IMG_8004.jpeg","width":350,"height":250},{"@type":"BreadcrumbList","@id":"https:\/\/quehacerpolitico.mx\/?p=101255#breadcrumb","itemListElement":[{"@type":"ListItem","position":1,"name":"Inicio","item":"https:\/\/quehacerpolitico.mx\/"},{"@type":"ListItem","position":2,"name":"A diario desaparecen 14 menores de edad en M\u00e9xico"}]},{"@type":"WebSite","@id":"https:\/\/quehacerpolitico.mx\/#website","url":"https:\/\/quehacerpolitico.mx\/","name":"","description":"","potentialAction":[{"@type":"SearchAction","target":{"@type":"EntryPoint","urlTemplate":"https:\/\/quehacerpolitico.mx\/?s={search_term_string}"},"query-input":{"@type":"PropertyValueSpecification","valueRequired":true,"valueName":"search_term_string"}}],"inLanguage":"es"},{"@type":"Person","@id":"https:\/\/quehacerpolitico.mx\/#\/schema\/person\/496d8ad2d1d3f8036101dca7ee39e585","name":"Redacci\u00f3n QP","image":{"@type":"ImageObject","inLanguage":"es","@id":"https:\/\/secure.gravatar.com\/avatar\/c7164ed6fdec453195284ad24a5ae5b6e1eed2b848477fa2a4787ba9adf39a41?s=96&d=mm&r=g","url":"https:\/\/secure.gravatar.com\/avatar\/c7164ed6fdec453195284ad24a5ae5b6e1eed2b848477fa2a4787ba9adf39a41?s=96&d=mm&r=g","contentUrl":"https:\/\/secure.gravatar.com\/avatar\/c7164ed6fdec453195284ad24a5ae5b6e1eed2b848477fa2a4787ba9adf39a41?s=96&d=mm&r=g","caption":"Redacci\u00f3n QP"},"url":"https:\/\/quehacerpolitico.mx\/?author=2"}]}},"featured_image_urls":{"full":["https:\/\/quehacerpolitico.mx\/wp-content\/uploads\/2023\/05\/IMG_8004.jpeg",350,250,false],"thumbnail":["https:\/\/quehacerpolitico.mx\/wp-content\/uploads\/2023\/05\/IMG_8004-150x150.jpeg",150,150,true],"medium":["https:\/\/quehacerpolitico.mx\/wp-content\/uploads\/2023\/05\/IMG_8004-300x214.jpeg",300,214,true],"medium_large":["https:\/\/quehacerpolitico.mx\/wp-content\/uploads\/2023\/05\/IMG_8004.jpeg",350,250,false],"large":["https:\/\/quehacerpolitico.mx\/wp-content\/uploads\/2023\/05\/IMG_8004.jpeg",350,250,false],"1536x1536":["https:\/\/quehacerpolitico.mx\/wp-content\/uploads\/2023\/05\/IMG_8004.jpeg",350,250,false],"2048x2048":["https:\/\/quehacerpolitico.mx\/wp-content\/uploads\/2023\/05\/IMG_8004.jpeg",350,250,false],"covernews-featured":["https:\/\/quehacerpolitico.mx\/wp-content\/uploads\/2023\/05\/IMG_8004.jpeg",350,250,false],"covernews-medium":["https:\/\/quehacerpolitico.mx\/wp-content\/uploads\/2023\/05\/IMG_8004.jpeg",350,250,false]},"author_info":{"display_name":"Redacci\u00f3n QP","author_link":"https:\/\/quehacerpolitico.mx\/?author=2"},"category_info":"<a href=\"https:\/\/quehacerpolitico.mx\/?cat=2\" rel=\"category\">Noticias<\/a>","tag_info":"Noticias","comment_count":"0","_links":{"self":[{"href":"https:\/\/quehacerpolitico.mx\/index.php?rest_route=\/wp\/v2\/posts\/101255","targetHints":{"allow":["GET"]}}],"collection":[{"href":"https:\/\/quehacerpolitico.mx\/index.php?rest_route=\/wp\/v2\/posts"}],"about":[{"href":"https:\/\/quehacerpolitico.mx\/index.php?rest_route=\/wp\/v2\/types\/post"}],"author":[{"embeddable":true,"href":"https:\/\/quehacerpolitico.mx\/index.php?rest_route=\/wp\/v2\/users\/2"}],"replies":[{"embeddable":true,"href":"https:\/\/quehacerpolitico.mx\/index.php?rest_route=%2Fwp%2Fv2%2Fcomments&post=101255"}],"version-history":[{"count":1,"href":"https:\/\/quehacerpolitico.mx\/index.php?rest_route=\/wp\/v2\/posts\/101255\/revisions"}],"predecessor-version":[{"id":101261,"href":"https:\/\/quehacerpolitico.mx\/index.php?rest_route=\/wp\/v2\/posts\/101255\/revisions\/101261"}],"wp:featuredmedia":[{"embeddable":true,"href":"https:\/\/quehacerpolitico.mx\/index.php?rest_route=\/wp\/v2\/media\/101256"}],"wp:attachment":[{"href":"https:\/\/quehacerpolitico.mx\/index.php?rest_route=%2Fwp%2Fv2%2Fmedia&parent=101255"}],"wp:term":[{"taxonomy":"category","embeddable":true,"href":"https:\/\/quehacerpolitico.mx\/index.php?rest_route=%2Fwp%2Fv2%2Fcategories&post=101255"},{"taxonomy":"post_tag","embeddable":true,"href":"https:\/\/quehacerpolitico.mx\/index.php?rest_route=%2Fwp%2Fv2%2Ftags&post=101255"}],"curies":[{"name":"wp","href":"https:\/\/api.w.org\/{rel}","templated":true}]}}