{"id":101197,"date":"2023-05-26T17:11:42","date_gmt":"2023-05-26T17:11:42","guid":{"rendered":"https:\/\/quehacerpolitico.mx\/?p=101197"},"modified":"2023-05-26T17:11:45","modified_gmt":"2023-05-26T17:11:45","slug":"marina-capta-impresionantes-imagenes-del-centro-del-popocatepetl-video","status":"publish","type":"post","link":"https:\/\/quehacerpolitico.mx\/?p=101197","title":{"rendered":"Marina capta impresionantes im\u00e1genes del centro del Popocat\u00e9petl (VIDEO)"},"content":{"rendered":"\n<p>Por Redacci\u00f3n QP<\/p>\n\n\n\n<p>La grabaci\u00f3n fue hecha este jueves 25 de mayo alrededor de las 10 de la ma\u00f1ana<\/p>\n\n\n\n<p><strong>La Secretar\u00eda de Marina\u00a0<\/strong>capt\u00f3 el cr\u00e1ter del\u00a0<strong>Popocat\u00e9petl\u00a0con un dron<\/strong>;\u00a0las im\u00e1genes, de la situaci\u00f3n actual, dejan ver, como pocas veces,\u00a0<strong>el coraz\u00f3n del volc\u00e1n<\/strong>.<\/p>\n\n\n\n<p>El video, de casi 3 minutos,\u00a0<strong>fue grabado este jueves\u00a0<\/strong>alrededor de las 10 de la ma\u00f1ana.<\/p>\n\n\n\n<p><strong>Un dron de la Semar sobrevol\u00f3<\/strong>\u00a0el cr\u00e1ter del\u00a0volc\u00e1n Popocat\u00e9petl,\u00a0por lo que\u00a0<strong>el gobernador<\/strong>\u00a0<strong>de Puebla<\/strong>,\u00a0Sergio Salom\u00f3n, inform\u00f3 que el sem\u00e1foro\u00a0<strong>se mantiene en\u00a0Amarillo Fase 3<\/strong>.<\/p>\n\n\n\n<figure class=\"wp-block-embed is-type-video is-provider-youtube wp-block-embed-youtube wp-embed-aspect-16-9 wp-has-aspect-ratio\"><div class=\"wp-block-embed__wrapper\">\n<iframe loading=\"lazy\" title=\"M\u00c9XICO: Un dron militar sobrevuela el cr\u00e1ter del volc\u00e1n Popocat\u00e9petl | EL PA\u00cdS\" width=\"640\" height=\"360\" src=\"https:\/\/www.youtube.com\/embed\/dLiM5D7dccc?feature=oembed\" frameborder=\"0\" allow=\"accelerometer; autoplay; clipboard-write; encrypted-media; gyroscope; picture-in-picture; web-share\" referrerpolicy=\"strict-origin-when-cross-origin\" allowfullscreen><\/iframe>\n<\/div><\/figure>\n\n\n\n<p>En el video&nbsp;<strong>se observa una de las exhalaciones del volc\u00e1n<\/strong>, mientras el dron se mantiene a distancia considerable para observar el cr\u00e1ter con&nbsp;<strong>c\u00e1mara t\u00e9rmica para identificar el avance de los gases<\/strong>volc\u00e1nicos.<\/p>\n\n\n\n<p><strong>El dron fue utilizado para poder analizar la estructura<\/strong>, tama\u00f1o de la\u00a0actividad volc\u00e1nica, para determinar el cambio de sem\u00e1foro y\u00a0<strong>tomar acciones preventivas<\/strong>, tras el an\u00e1lisis se observ\u00f3 el\u00a0<strong>decremento de la se\u00f1al s\u00edsmica\u00a0<\/strong>de tremor.<\/p>\n\n\n\n<p>De acuerdo con el reporte de la Coordinaci\u00f3n Nacional de Protecci\u00f3n Civil (CNPC)&nbsp;<strong>el volc\u00e1n a\u00fan presenta se\u00f1al de tremor,<\/strong>&nbsp;cuya amplitud contin\u00faa decreciendo, por lo que la alerta volc\u00e1nica se mantiene.<\/p>\n\n\n\n<p>Por el momento en la\u00a0actividad del volc\u00e1n<strong>\u00a0no hubo explosiones<\/strong>, de las 5:00 hasta las 15:00 se registr\u00f3 la disminuci\u00f3n en la amplitud de se\u00f1al s\u00edsmica\u00a0<strong>de tremor de alta frecuencia,<\/strong>\u00a0de acuerdo con la CNPC.<\/p>\n\n\n\n<p>A trav\u00e9s de los monitoreos&nbsp;<strong>se han detectado 19 exhalaciones<\/strong>&nbsp;con vapor de agua,&nbsp;gases volc\u00e1nicos&nbsp;y ceniza, adem\u00e1s se contabilizaron&nbsp;<strong>mil 089 minutos de tremor de alta frecuencia y de baja a moderada<\/strong>&nbsp;amplitud asociados a emisi\u00f3n continua de agua, vapor y ceniza.<\/p>\n\n\n\n<p><strong>Los estados sin ca\u00edda de ceniza por el momento son Morelos, Estado de M\u00e9xico, Tlaxcala y Ciudad de M\u00e9xico<\/strong>. La CNPC exhorta a la poblaci\u00f3n a seguir las recomendaciones de las autoridades por medio de sus cuentas oficiales.<\/p>\n\n\n\n<p>Con Informaci\u00f3n de SUN <\/p>\n","protected":false},"excerpt":{"rendered":"<p>Por Redacci\u00f3n QP La grabaci\u00f3n fue hecha este jueves 25 de mayo alrededor de las&#8230;<\/p>\n","protected":false},"author":2,"featured_media":101198,"comment_status":"open","ping_status":"open","sticky":false,"template":"","format":"standard","meta":{"_monsterinsights_skip_tracking":false,"_monsterinsights_sitenote_active":false,"_monsterinsights_sitenote_note":"","_monsterinsights_sitenote_category":0,"footnotes":""},"categories":[2],"tags":[],"class_list":["post-101197","post","type-post","status-publish","format-standard","has-post-thumbnail","hentry","category-noticias"],"yoast_head":"<!-- This site is optimized with the Yoast SEO plugin v27.3 - https:\/\/yoast.com\/product\/yoast-seo-wordpress\/ -->\n<title>Marina capta impresionantes im\u00e1genes del centro del Popocat\u00e9petl (VIDEO) -<\/title>\n<meta name=\"robots\" content=\"index, follow, max-snippet:-1, max-image-preview:large, max-video-preview:-1\" \/>\n<link rel=\"canonical\" href=\"https:\/\/quehacerpolitico.mx\/?p=101197\" \/>\n<meta property=\"og:locale\" content=\"es_MX\" \/>\n<meta property=\"og:type\" content=\"article\" \/>\n<meta property=\"og:title\" content=\"Marina capta impresionantes im\u00e1genes del centro del Popocat\u00e9petl (VIDEO) -\" \/>\n<meta property=\"og:description\" content=\"Por Redacci\u00f3n QP La grabaci\u00f3n fue hecha este jueves 25 de mayo alrededor de las...\" \/>\n<meta property=\"og:url\" content=\"https:\/\/quehacerpolitico.mx\/?p=101197\" \/>\n<meta property=\"article:published_time\" content=\"2023-05-26T17:11:42+00:00\" \/>\n<meta property=\"article:modified_time\" content=\"2023-05-26T17:11:45+00:00\" \/>\n<meta property=\"og:image\" content=\"https:\/\/quehacerpolitico.mx\/wp-content\/uploads\/2023\/05\/IMG_7974.jpeg\" \/>\n\t<meta property=\"og:image:width\" content=\"1284\" \/>\n\t<meta property=\"og:image:height\" content=\"648\" \/>\n\t<meta property=\"og:image:type\" content=\"image\/jpeg\" \/>\n<meta name=\"author\" content=\"Redacci\u00f3n QP\" \/>\n<meta name=\"twitter:card\" content=\"summary_large_image\" \/>\n<meta name=\"twitter:label1\" content=\"Escrito por\" \/>\n\t<meta name=\"twitter:data1\" content=\"Redacci\u00f3n QP\" \/>\n\t<meta name=\"twitter:label2\" content=\"Tiempo de lectura\" \/>\n\t<meta name=\"twitter:data2\" content=\"2 minutos\" \/>\n<script type=\"application\/ld+json\" class=\"yoast-schema-graph\">{\"@context\":\"https:\\\/\\\/schema.org\",\"@graph\":[{\"@type\":\"Article\",\"@id\":\"https:\\\/\\\/quehacerpolitico.mx\\\/?p=101197#article\",\"isPartOf\":{\"@id\":\"https:\\\/\\\/quehacerpolitico.mx\\\/?p=101197\"},\"author\":{\"name\":\"Redacci\u00f3n QP\",\"@id\":\"https:\\\/\\\/quehacerpolitico.mx\\\/#\\\/schema\\\/person\\\/496d8ad2d1d3f8036101dca7ee39e585\"},\"headline\":\"Marina capta impresionantes im\u00e1genes del centro del Popocat\u00e9petl (VIDEO)\",\"datePublished\":\"2023-05-26T17:11:42+00:00\",\"dateModified\":\"2023-05-26T17:11:45+00:00\",\"mainEntityOfPage\":{\"@id\":\"https:\\\/\\\/quehacerpolitico.mx\\\/?p=101197\"},\"wordCount\":383,\"commentCount\":0,\"image\":{\"@id\":\"https:\\\/\\\/quehacerpolitico.mx\\\/?p=101197#primaryimage\"},\"thumbnailUrl\":\"https:\\\/\\\/quehacerpolitico.mx\\\/wp-content\\\/uploads\\\/2023\\\/05\\\/IMG_7974.jpeg\",\"articleSection\":[\"Noticias\"],\"inLanguage\":\"es\",\"potentialAction\":[{\"@type\":\"CommentAction\",\"name\":\"Comment\",\"target\":[\"https:\\\/\\\/quehacerpolitico.mx\\\/?p=101197#respond\"]}]},{\"@type\":\"WebPage\",\"@id\":\"https:\\\/\\\/quehacerpolitico.mx\\\/?p=101197\",\"url\":\"https:\\\/\\\/quehacerpolitico.mx\\\/?p=101197\",\"name\":\"Marina capta impresionantes im\u00e1genes del centro del Popocat\u00e9petl (VIDEO) -\",\"isPartOf\":{\"@id\":\"https:\\\/\\\/quehacerpolitico.mx\\\/#website\"},\"primaryImageOfPage\":{\"@id\":\"https:\\\/\\\/quehacerpolitico.mx\\\/?p=101197#primaryimage\"},\"image\":{\"@id\":\"https:\\\/\\\/quehacerpolitico.mx\\\/?p=101197#primaryimage\"},\"thumbnailUrl\":\"https:\\\/\\\/quehacerpolitico.mx\\\/wp-content\\\/uploads\\\/2023\\\/05\\\/IMG_7974.jpeg\",\"datePublished\":\"2023-05-26T17:11:42+00:00\",\"dateModified\":\"2023-05-26T17:11:45+00:00\",\"author\":{\"@id\":\"https:\\\/\\\/quehacerpolitico.mx\\\/#\\\/schema\\\/person\\\/496d8ad2d1d3f8036101dca7ee39e585\"},\"breadcrumb\":{\"@id\":\"https:\\\/\\\/quehacerpolitico.mx\\\/?p=101197#breadcrumb\"},\"inLanguage\":\"es\",\"potentialAction\":[{\"@type\":\"ReadAction\",\"target\":[\"https:\\\/\\\/quehacerpolitico.mx\\\/?p=101197\"]}]},{\"@type\":\"ImageObject\",\"inLanguage\":\"es\",\"@id\":\"https:\\\/\\\/quehacerpolitico.mx\\\/?p=101197#primaryimage\",\"url\":\"https:\\\/\\\/quehacerpolitico.mx\\\/wp-content\\\/uploads\\\/2023\\\/05\\\/IMG_7974.jpeg\",\"contentUrl\":\"https:\\\/\\\/quehacerpolitico.mx\\\/wp-content\\\/uploads\\\/2023\\\/05\\\/IMG_7974.jpeg\",\"width\":1284,\"height\":648},{\"@type\":\"BreadcrumbList\",\"@id\":\"https:\\\/\\\/quehacerpolitico.mx\\\/?p=101197#breadcrumb\",\"itemListElement\":[{\"@type\":\"ListItem\",\"position\":1,\"name\":\"Inicio\",\"item\":\"https:\\\/\\\/quehacerpolitico.mx\\\/\"},{\"@type\":\"ListItem\",\"position\":2,\"name\":\"Marina capta impresionantes im\u00e1genes del centro del Popocat\u00e9petl (VIDEO)\"}]},{\"@type\":\"WebSite\",\"@id\":\"https:\\\/\\\/quehacerpolitico.mx\\\/#website\",\"url\":\"https:\\\/\\\/quehacerpolitico.mx\\\/\",\"name\":\"\",\"description\":\"\",\"potentialAction\":[{\"@type\":\"SearchAction\",\"target\":{\"@type\":\"EntryPoint\",\"urlTemplate\":\"https:\\\/\\\/quehacerpolitico.mx\\\/?s={search_term_string}\"},\"query-input\":{\"@type\":\"PropertyValueSpecification\",\"valueRequired\":true,\"valueName\":\"search_term_string\"}}],\"inLanguage\":\"es\"},{\"@type\":\"Person\",\"@id\":\"https:\\\/\\\/quehacerpolitico.mx\\\/#\\\/schema\\\/person\\\/496d8ad2d1d3f8036101dca7ee39e585\",\"name\":\"Redacci\u00f3n QP\",\"image\":{\"@type\":\"ImageObject\",\"inLanguage\":\"es\",\"@id\":\"https:\\\/\\\/secure.gravatar.com\\\/avatar\\\/c7164ed6fdec453195284ad24a5ae5b6e1eed2b848477fa2a4787ba9adf39a41?s=96&d=mm&r=g\",\"url\":\"https:\\\/\\\/secure.gravatar.com\\\/avatar\\\/c7164ed6fdec453195284ad24a5ae5b6e1eed2b848477fa2a4787ba9adf39a41?s=96&d=mm&r=g\",\"contentUrl\":\"https:\\\/\\\/secure.gravatar.com\\\/avatar\\\/c7164ed6fdec453195284ad24a5ae5b6e1eed2b848477fa2a4787ba9adf39a41?s=96&d=mm&r=g\",\"caption\":\"Redacci\u00f3n QP\"},\"url\":\"https:\\\/\\\/quehacerpolitico.mx\\\/?author=2\"}]}<\/script>\n<!-- \/ Yoast SEO plugin. -->","yoast_head_json":{"title":"Marina capta impresionantes im\u00e1genes del centro del Popocat\u00e9petl (VIDEO) -","robots":{"index":"index","follow":"follow","max-snippet":"max-snippet:-1","max-image-preview":"max-image-preview:large","max-video-preview":"max-video-preview:-1"},"canonical":"https:\/\/quehacerpolitico.mx\/?p=101197","og_locale":"es_MX","og_type":"article","og_title":"Marina capta impresionantes im\u00e1genes del centro del Popocat\u00e9petl (VIDEO) -","og_description":"Por Redacci\u00f3n QP La grabaci\u00f3n fue hecha este jueves 25 de mayo alrededor de las...","og_url":"https:\/\/quehacerpolitico.mx\/?p=101197","article_published_time":"2023-05-26T17:11:42+00:00","article_modified_time":"2023-05-26T17:11:45+00:00","og_image":[{"width":1284,"height":648,"url":"https:\/\/quehacerpolitico.mx\/wp-content\/uploads\/2023\/05\/IMG_7974.jpeg","type":"image\/jpeg"}],"author":"Redacci\u00f3n QP","twitter_card":"summary_large_image","twitter_misc":{"Escrito por":"Redacci\u00f3n QP","Tiempo de lectura":"2 minutos"},"schema":{"@context":"https:\/\/schema.org","@graph":[{"@type":"Article","@id":"https:\/\/quehacerpolitico.mx\/?p=101197#article","isPartOf":{"@id":"https:\/\/quehacerpolitico.mx\/?p=101197"},"author":{"name":"Redacci\u00f3n QP","@id":"https:\/\/quehacerpolitico.mx\/#\/schema\/person\/496d8ad2d1d3f8036101dca7ee39e585"},"headline":"Marina capta impresionantes im\u00e1genes del centro del Popocat\u00e9petl (VIDEO)","datePublished":"2023-05-26T17:11:42+00:00","dateModified":"2023-05-26T17:11:45+00:00","mainEntityOfPage":{"@id":"https:\/\/quehacerpolitico.mx\/?p=101197"},"wordCount":383,"commentCount":0,"image":{"@id":"https:\/\/quehacerpolitico.mx\/?p=101197#primaryimage"},"thumbnailUrl":"https:\/\/quehacerpolitico.mx\/wp-content\/uploads\/2023\/05\/IMG_7974.jpeg","articleSection":["Noticias"],"inLanguage":"es","potentialAction":[{"@type":"CommentAction","name":"Comment","target":["https:\/\/quehacerpolitico.mx\/?p=101197#respond"]}]},{"@type":"WebPage","@id":"https:\/\/quehacerpolitico.mx\/?p=101197","url":"https:\/\/quehacerpolitico.mx\/?p=101197","name":"Marina capta impresionantes im\u00e1genes del centro del Popocat\u00e9petl (VIDEO) -","isPartOf":{"@id":"https:\/\/quehacerpolitico.mx\/#website"},"primaryImageOfPage":{"@id":"https:\/\/quehacerpolitico.mx\/?p=101197#primaryimage"},"image":{"@id":"https:\/\/quehacerpolitico.mx\/?p=101197#primaryimage"},"thumbnailUrl":"https:\/\/quehacerpolitico.mx\/wp-content\/uploads\/2023\/05\/IMG_7974.jpeg","datePublished":"2023-05-26T17:11:42+00:00","dateModified":"2023-05-26T17:11:45+00:00","author":{"@id":"https:\/\/quehacerpolitico.mx\/#\/schema\/person\/496d8ad2d1d3f8036101dca7ee39e585"},"breadcrumb":{"@id":"https:\/\/quehacerpolitico.mx\/?p=101197#breadcrumb"},"inLanguage":"es","potentialAction":[{"@type":"ReadAction","target":["https:\/\/quehacerpolitico.mx\/?p=101197"]}]},{"@type":"ImageObject","inLanguage":"es","@id":"https:\/\/quehacerpolitico.mx\/?p=101197#primaryimage","url":"https:\/\/quehacerpolitico.mx\/wp-content\/uploads\/2023\/05\/IMG_7974.jpeg","contentUrl":"https:\/\/quehacerpolitico.mx\/wp-content\/uploads\/2023\/05\/IMG_7974.jpeg","width":1284,"height":648},{"@type":"BreadcrumbList","@id":"https:\/\/quehacerpolitico.mx\/?p=101197#breadcrumb","itemListElement":[{"@type":"ListItem","position":1,"name":"Inicio","item":"https:\/\/quehacerpolitico.mx\/"},{"@type":"ListItem","position":2,"name":"Marina capta impresionantes im\u00e1genes del centro del Popocat\u00e9petl (VIDEO)"}]},{"@type":"WebSite","@id":"https:\/\/quehacerpolitico.mx\/#website","url":"https:\/\/quehacerpolitico.mx\/","name":"","description":"","potentialAction":[{"@type":"SearchAction","target":{"@type":"EntryPoint","urlTemplate":"https:\/\/quehacerpolitico.mx\/?s={search_term_string}"},"query-input":{"@type":"PropertyValueSpecification","valueRequired":true,"valueName":"search_term_string"}}],"inLanguage":"es"},{"@type":"Person","@id":"https:\/\/quehacerpolitico.mx\/#\/schema\/person\/496d8ad2d1d3f8036101dca7ee39e585","name":"Redacci\u00f3n QP","image":{"@type":"ImageObject","inLanguage":"es","@id":"https:\/\/secure.gravatar.com\/avatar\/c7164ed6fdec453195284ad24a5ae5b6e1eed2b848477fa2a4787ba9adf39a41?s=96&d=mm&r=g","url":"https:\/\/secure.gravatar.com\/avatar\/c7164ed6fdec453195284ad24a5ae5b6e1eed2b848477fa2a4787ba9adf39a41?s=96&d=mm&r=g","contentUrl":"https:\/\/secure.gravatar.com\/avatar\/c7164ed6fdec453195284ad24a5ae5b6e1eed2b848477fa2a4787ba9adf39a41?s=96&d=mm&r=g","caption":"Redacci\u00f3n QP"},"url":"https:\/\/quehacerpolitico.mx\/?author=2"}]}},"featured_image_urls":{"full":["https:\/\/quehacerpolitico.mx\/wp-content\/uploads\/2023\/05\/IMG_7974.jpeg",1284,648,false],"thumbnail":["https:\/\/quehacerpolitico.mx\/wp-content\/uploads\/2023\/05\/IMG_7974-150x150.jpeg",150,150,true],"medium":["https:\/\/quehacerpolitico.mx\/wp-content\/uploads\/2023\/05\/IMG_7974-300x151.jpeg",300,151,true],"medium_large":["https:\/\/quehacerpolitico.mx\/wp-content\/uploads\/2023\/05\/IMG_7974-768x388.jpeg",640,323,true],"large":["https:\/\/quehacerpolitico.mx\/wp-content\/uploads\/2023\/05\/IMG_7974-1024x517.jpeg",640,323,true],"1536x1536":["https:\/\/quehacerpolitico.mx\/wp-content\/uploads\/2023\/05\/IMG_7974.jpeg",1284,648,false],"2048x2048":["https:\/\/quehacerpolitico.mx\/wp-content\/uploads\/2023\/05\/IMG_7974.jpeg",1284,648,false],"covernews-featured":["https:\/\/quehacerpolitico.mx\/wp-content\/uploads\/2023\/05\/IMG_7974.jpeg",1024,517,false],"covernews-medium":["https:\/\/quehacerpolitico.mx\/wp-content\/uploads\/2023\/05\/IMG_7974.jpeg",540,273,false]},"author_info":{"display_name":"Redacci\u00f3n QP","author_link":"https:\/\/quehacerpolitico.mx\/?author=2"},"category_info":"<a href=\"https:\/\/quehacerpolitico.mx\/?cat=2\" rel=\"category\">Noticias<\/a>","tag_info":"Noticias","comment_count":"0","_links":{"self":[{"href":"https:\/\/quehacerpolitico.mx\/index.php?rest_route=\/wp\/v2\/posts\/101197","targetHints":{"allow":["GET"]}}],"collection":[{"href":"https:\/\/quehacerpolitico.mx\/index.php?rest_route=\/wp\/v2\/posts"}],"about":[{"href":"https:\/\/quehacerpolitico.mx\/index.php?rest_route=\/wp\/v2\/types\/post"}],"author":[{"embeddable":true,"href":"https:\/\/quehacerpolitico.mx\/index.php?rest_route=\/wp\/v2\/users\/2"}],"replies":[{"embeddable":true,"href":"https:\/\/quehacerpolitico.mx\/index.php?rest_route=%2Fwp%2Fv2%2Fcomments&post=101197"}],"version-history":[{"count":1,"href":"https:\/\/quehacerpolitico.mx\/index.php?rest_route=\/wp\/v2\/posts\/101197\/revisions"}],"predecessor-version":[{"id":101199,"href":"https:\/\/quehacerpolitico.mx\/index.php?rest_route=\/wp\/v2\/posts\/101197\/revisions\/101199"}],"wp:featuredmedia":[{"embeddable":true,"href":"https:\/\/quehacerpolitico.mx\/index.php?rest_route=\/wp\/v2\/media\/101198"}],"wp:attachment":[{"href":"https:\/\/quehacerpolitico.mx\/index.php?rest_route=%2Fwp%2Fv2%2Fmedia&parent=101197"}],"wp:term":[{"taxonomy":"category","embeddable":true,"href":"https:\/\/quehacerpolitico.mx\/index.php?rest_route=%2Fwp%2Fv2%2Fcategories&post=101197"},{"taxonomy":"post_tag","embeddable":true,"href":"https:\/\/quehacerpolitico.mx\/index.php?rest_route=%2Fwp%2Fv2%2Ftags&post=101197"}],"curies":[{"name":"wp","href":"https:\/\/api.w.org\/{rel}","templated":true}]}}