{"id":101153,"date":"2023-05-25T05:04:39","date_gmt":"2023-05-25T05:04:39","guid":{"rendered":"https:\/\/quehacerpolitico.mx\/?p=101153"},"modified":"2023-05-25T05:04:42","modified_gmt":"2023-05-25T05:04:42","slug":"vamos-a-obradorizar-a-la-suprema-corte-de-justicia-al-poder-judicial-advierte-manuel-alejandro-robles-gomez-diputado-de-morena","status":"publish","type":"post","link":"https:\/\/quehacerpolitico.mx\/?p=101153","title":{"rendered":"Vamos a \u201cobradorizar\u201d a la Suprema Corte de Justicia al poder judicial advierte Manuel Alejandro Robles G\u00f3mez diputado de Morena"},"content":{"rendered":"\n<p>Por Redacci\u00f3n QP<\/p>\n\n\n\n<p><em>Los partidos de oposici\u00f3n acusaron que Morena quiere una SCJN \u201ca modo\u201d<\/em><\/p>\n\n\n\n<p>Las amenazas y ataques de la Cuarta Transformaci\u00f3n contra la Suprema Corte de Justicia de la Naci\u00f3n (<strong>SCJN<\/strong>) subieron nuevamente de tono, pues ahora los legisladores de Morena advirtieron que buscar\u00e1n \u201c<em>obradorizar<\/em>\u201d al Poder Judicial.<\/p>\n\n\n\n<p>En el marco del debate pactado en la Comisi\u00f3n Permanente del Congreso de la Uni\u00f3n, el diputado morenista\u00a0<strong>Manuel Alejandro Robles G\u00f3mez<\/strong> advirti\u00f3 que su partido no se conforma con una reforma profunda, sino que ir\u00e1 \u201c<em>m\u00e1s all\u00e1<\/em>\u201d y dar\u00e1 forma a la Constituci\u00f3n humanista que M\u00e9xico requiere.<\/p>\n\n\n\n<p>\u201c<em>Vamos a obradorizar el Poder Judicial, porque tienen que vivir en la justa median\u00eda (\u2026) Y por eso tendremos que llevar a un proceso de elecci\u00f3n a Ministros y Ministras para que tengan que dar la cara al pueblo de M\u00e9xico y no sigan en la oscuridad, en las resoluciones ininteligibles para nuestro pueblo<\/em>\u201d, declar\u00f3.<\/p>\n\n\n\n<h4 class=\"wp-block-heading\"><strong><em>\u201c\u00a1No me chinguen!, lo que quieren es una justicia a modo\u201d<\/em><\/strong><\/h4>\n\n\n\n<p>Estas declaraciones generaron burlas entre las bancadas de oposici\u00f3n, quienes acusaron que Morena quiere una Suprema Corte \u201ca modo\u201d.<\/p>\n\n\n\n<p>\u201c<em>\u00a1No me chinguen! El Poder Judicial de este pa\u00eds hay que obradorizalo, no me chinguen. No me chinguen, no puede ser esto, lo que no quieren ustedes es que se haga justicia, lo que quieren es que sea a modo, sino para que esta expresi\u00f3n. Obradorizar el Poder Judicial, h\u00e1ganme ustedes el favor. H\u00e1ganme ustedes el favor, obradorizar el Poder Judicial, nunca, ni en mis peores sue\u00f1os pens\u00e9 que oir\u00eda semejante tonter\u00eda<\/em>\u201d, fustig\u00f3 Julen Rementer\u00eda, coordinador de los senadores del PAN.<\/p>\n\n\n\n<figure class=\"wp-block-embed is-type-rich is-provider-twitter wp-block-embed-twitter\"><div class=\"wp-block-embed__wrapper\">\n<blockquote class=\"twitter-tweet\" data-width=\"550\" data-dnt=\"true\"><p lang=\"es\" dir=\"ltr\">El nivel de fanatismo en <a href=\"https:\/\/twitter.com\/hashtag\/Morena?src=hash&amp;ref_src=twsrc%5Etfw\">#Morena<\/a> no tiene l\u00edmites. Hoy en tribuna uno de sus legisladores manifest\u00f3 que van a &quot;obradorizar&quot; a la <a href=\"https:\/\/twitter.com\/SCJN?ref_src=twsrc%5Etfw\">@SCJN<\/a> y al PJF. <br><br>Porque lo que desean en el fondo, es un Poder Judicial sin independencia y sin autonom\u00eda&#8230; un ap\u00e9ndice del Ejecutivo Federal para\u2026 <a href=\"https:\/\/t.co\/aYOgvSDHq8\">pic.twitter.com\/aYOgvSDHq8<\/a><\/p>&mdash; Julen Rementeria (@julenrementeria) <a href=\"https:\/\/twitter.com\/julenrementeria\/status\/1661537061285900290?ref_src=twsrc%5Etfw\">May 25, 2023<\/a><\/blockquote><script async src=\"https:\/\/platform.twitter.com\/widgets.js\" charset=\"utf-8\"><\/script>\n<\/div><\/figure>\n\n\n\n<p>El debate&nbsp;<strong>subi\u00f3 de tono<\/strong>&nbsp;cuando el diputado morenista&nbsp;<strong>Sergio Guti\u00e9rrez Luna<\/strong>&nbsp;acus\u00f3 que el Poder Judicial pretende usurpar funciones del Poder Legislativo.<\/p>\n\n\n\n<p>\u201c<em>Es muy clara la intromisi\u00f3n, en lo pol\u00edtico la ministra presidenta Norma Pi\u00f1a amenaz\u00f3 al presidente de un poder, al presidente de este Poder Legislativo<\/em>\u201d, afirm\u00f3.<\/p>\n\n\n\n<p>En respuesta,\u00a0<strong>Pablo Angulo Brice\u00f1o<\/strong>, diputado del PRI, afirm\u00f3 que \u201c<em>la Corte no est\u00e1 para complacer a un l\u00edder o a un partido, sino que su \u00fanica obligaci\u00f3n es con la justicia y su \u00fanica lealtad es con la Constituci\u00f3n<\/em>\u201d.<\/p>\n\n\n\n<p>A su vez,&nbsp;<strong>Alejandro Robles G\u00f3mez<\/strong>, diputado de Morena, acus\u00f3 que el Poder Judicial es un poder al servicio de la delincuencia organizada, que se ha desnudado al subvertir el orden democr\u00e1tico y constitucional, que no obedece a la ley ni a la Constituci\u00f3n, mucho menos al pueblo de M\u00e9xico.<\/p>\n\n\n\n<p>Asever\u00f3 que la Corte \u201c<em>obedece a intereses bastardos y por eso tendremos que llevar a un proceso de elecci\u00f3n de ministros y ministras, para que tengan que dar la cara al pueblo de M\u00e9xico y no sigan en la oscuridad, en las resoluciones ininteligibles para nuestro pueblo de M\u00e9xico\u201d<\/em>.<\/p>\n\n\n\n<p>\u201c<em>Obedece a intereses bastardos y por eso tendremos que llevar a un proceso de elecci\u00f3n de ministros y ministras, para que tengan que dar la cara al pueblo de M\u00e9xico y no sigan en la oscuridad, en las resoluciones ininteligibles para nuestro pueblo de M\u00e9xico<\/em>\u201d, apunt\u00f3.<\/p>\n\n\n\n<p>Por su parte, la diputada del PRD,&nbsp;<strong>Elizabeth P\u00e9rez Valdez<\/strong>, se\u00f1al\u00f3 que la agenda pol\u00edtica de la Permanente, deber\u00eda ser utilizada para&nbsp;<strong>discutir<\/strong>&nbsp;las problem\u00e1ticas sociales, que en realidad son las necesidades de la poblaci\u00f3n y no \u00fanica y exclusivamente los temas que permiten,&nbsp;<strong>al servilismo,<\/strong>&nbsp;enaltecer las opiniones extraviadas de un poder.<\/p>\n\n\n\n<p>Con informaci\u00f3n de La Cr\u00f3nica y El Universal<\/p>\n","protected":false},"excerpt":{"rendered":"<p>Por Redacci\u00f3n QP Los partidos de oposici\u00f3n acusaron que Morena quiere una SCJN \u201ca modo\u201d&#8230;<\/p>\n","protected":false},"author":2,"featured_media":101154,"comment_status":"open","ping_status":"open","sticky":false,"template":"","format":"standard","meta":{"_monsterinsights_skip_tracking":false,"_monsterinsights_sitenote_active":false,"_monsterinsights_sitenote_note":"","_monsterinsights_sitenote_category":0,"footnotes":""},"categories":[2],"tags":[],"class_list":["post-101153","post","type-post","status-publish","format-standard","has-post-thumbnail","hentry","category-noticias"],"yoast_head":"<!-- This site is optimized with the Yoast SEO plugin v27.3 - https:\/\/yoast.com\/product\/yoast-seo-wordpress\/ -->\n<title>Vamos a \u201cobradorizar\u201d a la Suprema Corte de Justicia al poder judicial advierte Manuel Alejandro Robles G\u00f3mez diputado de Morena -<\/title>\n<meta name=\"robots\" content=\"index, follow, max-snippet:-1, max-image-preview:large, max-video-preview:-1\" \/>\n<link rel=\"canonical\" href=\"https:\/\/quehacerpolitico.mx\/?p=101153\" \/>\n<meta property=\"og:locale\" content=\"es_MX\" \/>\n<meta property=\"og:type\" content=\"article\" \/>\n<meta property=\"og:title\" content=\"Vamos a \u201cobradorizar\u201d a la Suprema Corte de Justicia al poder judicial advierte Manuel Alejandro Robles G\u00f3mez diputado de Morena -\" \/>\n<meta property=\"og:description\" content=\"Por Redacci\u00f3n QP Los partidos de oposici\u00f3n acusaron que Morena quiere una SCJN \u201ca modo\u201d...\" \/>\n<meta property=\"og:url\" content=\"https:\/\/quehacerpolitico.mx\/?p=101153\" \/>\n<meta property=\"article:published_time\" content=\"2023-05-25T05:04:39+00:00\" \/>\n<meta property=\"article:modified_time\" content=\"2023-05-25T05:04:42+00:00\" \/>\n<meta property=\"og:image\" content=\"https:\/\/quehacerpolitico.mx\/wp-content\/uploads\/2023\/05\/IMG_7944.jpeg\" \/>\n\t<meta property=\"og:image:width\" content=\"1134\" \/>\n\t<meta property=\"og:image:height\" content=\"558\" \/>\n\t<meta property=\"og:image:type\" content=\"image\/jpeg\" \/>\n<meta name=\"author\" content=\"Redacci\u00f3n QP\" \/>\n<meta name=\"twitter:card\" content=\"summary_large_image\" \/>\n<meta name=\"twitter:label1\" content=\"Escrito por\" \/>\n\t<meta name=\"twitter:data1\" content=\"Redacci\u00f3n QP\" \/>\n\t<meta name=\"twitter:label2\" content=\"Tiempo de lectura\" \/>\n\t<meta name=\"twitter:data2\" content=\"3 minutos\" \/>\n<script type=\"application\/ld+json\" class=\"yoast-schema-graph\">{\"@context\":\"https:\\\/\\\/schema.org\",\"@graph\":[{\"@type\":\"Article\",\"@id\":\"https:\\\/\\\/quehacerpolitico.mx\\\/?p=101153#article\",\"isPartOf\":{\"@id\":\"https:\\\/\\\/quehacerpolitico.mx\\\/?p=101153\"},\"author\":{\"name\":\"Redacci\u00f3n QP\",\"@id\":\"https:\\\/\\\/quehacerpolitico.mx\\\/#\\\/schema\\\/person\\\/496d8ad2d1d3f8036101dca7ee39e585\"},\"headline\":\"Vamos a \u201cobradorizar\u201d a la Suprema Corte de Justicia al poder judicial advierte Manuel Alejandro Robles G\u00f3mez diputado de Morena\",\"datePublished\":\"2023-05-25T05:04:39+00:00\",\"dateModified\":\"2023-05-25T05:04:42+00:00\",\"mainEntityOfPage\":{\"@id\":\"https:\\\/\\\/quehacerpolitico.mx\\\/?p=101153\"},\"wordCount\":649,\"commentCount\":0,\"image\":{\"@id\":\"https:\\\/\\\/quehacerpolitico.mx\\\/?p=101153#primaryimage\"},\"thumbnailUrl\":\"https:\\\/\\\/quehacerpolitico.mx\\\/wp-content\\\/uploads\\\/2023\\\/05\\\/IMG_7944.jpeg\",\"articleSection\":[\"Noticias\"],\"inLanguage\":\"es\",\"potentialAction\":[{\"@type\":\"CommentAction\",\"name\":\"Comment\",\"target\":[\"https:\\\/\\\/quehacerpolitico.mx\\\/?p=101153#respond\"]}]},{\"@type\":\"WebPage\",\"@id\":\"https:\\\/\\\/quehacerpolitico.mx\\\/?p=101153\",\"url\":\"https:\\\/\\\/quehacerpolitico.mx\\\/?p=101153\",\"name\":\"Vamos a \u201cobradorizar\u201d a la Suprema Corte de Justicia al poder judicial advierte Manuel Alejandro Robles G\u00f3mez diputado de Morena -\",\"isPartOf\":{\"@id\":\"https:\\\/\\\/quehacerpolitico.mx\\\/#website\"},\"primaryImageOfPage\":{\"@id\":\"https:\\\/\\\/quehacerpolitico.mx\\\/?p=101153#primaryimage\"},\"image\":{\"@id\":\"https:\\\/\\\/quehacerpolitico.mx\\\/?p=101153#primaryimage\"},\"thumbnailUrl\":\"https:\\\/\\\/quehacerpolitico.mx\\\/wp-content\\\/uploads\\\/2023\\\/05\\\/IMG_7944.jpeg\",\"datePublished\":\"2023-05-25T05:04:39+00:00\",\"dateModified\":\"2023-05-25T05:04:42+00:00\",\"author\":{\"@id\":\"https:\\\/\\\/quehacerpolitico.mx\\\/#\\\/schema\\\/person\\\/496d8ad2d1d3f8036101dca7ee39e585\"},\"breadcrumb\":{\"@id\":\"https:\\\/\\\/quehacerpolitico.mx\\\/?p=101153#breadcrumb\"},\"inLanguage\":\"es\",\"potentialAction\":[{\"@type\":\"ReadAction\",\"target\":[\"https:\\\/\\\/quehacerpolitico.mx\\\/?p=101153\"]}]},{\"@type\":\"ImageObject\",\"inLanguage\":\"es\",\"@id\":\"https:\\\/\\\/quehacerpolitico.mx\\\/?p=101153#primaryimage\",\"url\":\"https:\\\/\\\/quehacerpolitico.mx\\\/wp-content\\\/uploads\\\/2023\\\/05\\\/IMG_7944.jpeg\",\"contentUrl\":\"https:\\\/\\\/quehacerpolitico.mx\\\/wp-content\\\/uploads\\\/2023\\\/05\\\/IMG_7944.jpeg\",\"width\":1134,\"height\":558},{\"@type\":\"BreadcrumbList\",\"@id\":\"https:\\\/\\\/quehacerpolitico.mx\\\/?p=101153#breadcrumb\",\"itemListElement\":[{\"@type\":\"ListItem\",\"position\":1,\"name\":\"Inicio\",\"item\":\"https:\\\/\\\/quehacerpolitico.mx\\\/\"},{\"@type\":\"ListItem\",\"position\":2,\"name\":\"Vamos a \u201cobradorizar\u201d a la Suprema Corte de Justicia al poder judicial advierte Manuel Alejandro Robles G\u00f3mez diputado de Morena\"}]},{\"@type\":\"WebSite\",\"@id\":\"https:\\\/\\\/quehacerpolitico.mx\\\/#website\",\"url\":\"https:\\\/\\\/quehacerpolitico.mx\\\/\",\"name\":\"\",\"description\":\"\",\"potentialAction\":[{\"@type\":\"SearchAction\",\"target\":{\"@type\":\"EntryPoint\",\"urlTemplate\":\"https:\\\/\\\/quehacerpolitico.mx\\\/?s={search_term_string}\"},\"query-input\":{\"@type\":\"PropertyValueSpecification\",\"valueRequired\":true,\"valueName\":\"search_term_string\"}}],\"inLanguage\":\"es\"},{\"@type\":\"Person\",\"@id\":\"https:\\\/\\\/quehacerpolitico.mx\\\/#\\\/schema\\\/person\\\/496d8ad2d1d3f8036101dca7ee39e585\",\"name\":\"Redacci\u00f3n QP\",\"image\":{\"@type\":\"ImageObject\",\"inLanguage\":\"es\",\"@id\":\"https:\\\/\\\/secure.gravatar.com\\\/avatar\\\/c7164ed6fdec453195284ad24a5ae5b6e1eed2b848477fa2a4787ba9adf39a41?s=96&d=mm&r=g\",\"url\":\"https:\\\/\\\/secure.gravatar.com\\\/avatar\\\/c7164ed6fdec453195284ad24a5ae5b6e1eed2b848477fa2a4787ba9adf39a41?s=96&d=mm&r=g\",\"contentUrl\":\"https:\\\/\\\/secure.gravatar.com\\\/avatar\\\/c7164ed6fdec453195284ad24a5ae5b6e1eed2b848477fa2a4787ba9adf39a41?s=96&d=mm&r=g\",\"caption\":\"Redacci\u00f3n QP\"},\"url\":\"https:\\\/\\\/quehacerpolitico.mx\\\/?author=2\"}]}<\/script>\n<!-- \/ Yoast SEO plugin. -->","yoast_head_json":{"title":"Vamos a \u201cobradorizar\u201d a la Suprema Corte de Justicia al poder judicial advierte Manuel Alejandro Robles G\u00f3mez diputado de Morena -","robots":{"index":"index","follow":"follow","max-snippet":"max-snippet:-1","max-image-preview":"max-image-preview:large","max-video-preview":"max-video-preview:-1"},"canonical":"https:\/\/quehacerpolitico.mx\/?p=101153","og_locale":"es_MX","og_type":"article","og_title":"Vamos a \u201cobradorizar\u201d a la Suprema Corte de Justicia al poder judicial advierte Manuel Alejandro Robles G\u00f3mez diputado de Morena -","og_description":"Por Redacci\u00f3n QP Los partidos de oposici\u00f3n acusaron que Morena quiere una SCJN \u201ca modo\u201d...","og_url":"https:\/\/quehacerpolitico.mx\/?p=101153","article_published_time":"2023-05-25T05:04:39+00:00","article_modified_time":"2023-05-25T05:04:42+00:00","og_image":[{"width":1134,"height":558,"url":"https:\/\/quehacerpolitico.mx\/wp-content\/uploads\/2023\/05\/IMG_7944.jpeg","type":"image\/jpeg"}],"author":"Redacci\u00f3n QP","twitter_card":"summary_large_image","twitter_misc":{"Escrito por":"Redacci\u00f3n QP","Tiempo de lectura":"3 minutos"},"schema":{"@context":"https:\/\/schema.org","@graph":[{"@type":"Article","@id":"https:\/\/quehacerpolitico.mx\/?p=101153#article","isPartOf":{"@id":"https:\/\/quehacerpolitico.mx\/?p=101153"},"author":{"name":"Redacci\u00f3n QP","@id":"https:\/\/quehacerpolitico.mx\/#\/schema\/person\/496d8ad2d1d3f8036101dca7ee39e585"},"headline":"Vamos a \u201cobradorizar\u201d a la Suprema Corte de Justicia al poder judicial advierte Manuel Alejandro Robles G\u00f3mez diputado de Morena","datePublished":"2023-05-25T05:04:39+00:00","dateModified":"2023-05-25T05:04:42+00:00","mainEntityOfPage":{"@id":"https:\/\/quehacerpolitico.mx\/?p=101153"},"wordCount":649,"commentCount":0,"image":{"@id":"https:\/\/quehacerpolitico.mx\/?p=101153#primaryimage"},"thumbnailUrl":"https:\/\/quehacerpolitico.mx\/wp-content\/uploads\/2023\/05\/IMG_7944.jpeg","articleSection":["Noticias"],"inLanguage":"es","potentialAction":[{"@type":"CommentAction","name":"Comment","target":["https:\/\/quehacerpolitico.mx\/?p=101153#respond"]}]},{"@type":"WebPage","@id":"https:\/\/quehacerpolitico.mx\/?p=101153","url":"https:\/\/quehacerpolitico.mx\/?p=101153","name":"Vamos a \u201cobradorizar\u201d a la Suprema Corte de Justicia al poder judicial advierte Manuel Alejandro Robles G\u00f3mez diputado de Morena -","isPartOf":{"@id":"https:\/\/quehacerpolitico.mx\/#website"},"primaryImageOfPage":{"@id":"https:\/\/quehacerpolitico.mx\/?p=101153#primaryimage"},"image":{"@id":"https:\/\/quehacerpolitico.mx\/?p=101153#primaryimage"},"thumbnailUrl":"https:\/\/quehacerpolitico.mx\/wp-content\/uploads\/2023\/05\/IMG_7944.jpeg","datePublished":"2023-05-25T05:04:39+00:00","dateModified":"2023-05-25T05:04:42+00:00","author":{"@id":"https:\/\/quehacerpolitico.mx\/#\/schema\/person\/496d8ad2d1d3f8036101dca7ee39e585"},"breadcrumb":{"@id":"https:\/\/quehacerpolitico.mx\/?p=101153#breadcrumb"},"inLanguage":"es","potentialAction":[{"@type":"ReadAction","target":["https:\/\/quehacerpolitico.mx\/?p=101153"]}]},{"@type":"ImageObject","inLanguage":"es","@id":"https:\/\/quehacerpolitico.mx\/?p=101153#primaryimage","url":"https:\/\/quehacerpolitico.mx\/wp-content\/uploads\/2023\/05\/IMG_7944.jpeg","contentUrl":"https:\/\/quehacerpolitico.mx\/wp-content\/uploads\/2023\/05\/IMG_7944.jpeg","width":1134,"height":558},{"@type":"BreadcrumbList","@id":"https:\/\/quehacerpolitico.mx\/?p=101153#breadcrumb","itemListElement":[{"@type":"ListItem","position":1,"name":"Inicio","item":"https:\/\/quehacerpolitico.mx\/"},{"@type":"ListItem","position":2,"name":"Vamos a \u201cobradorizar\u201d a la Suprema Corte de Justicia al poder judicial advierte Manuel Alejandro Robles G\u00f3mez diputado de Morena"}]},{"@type":"WebSite","@id":"https:\/\/quehacerpolitico.mx\/#website","url":"https:\/\/quehacerpolitico.mx\/","name":"","description":"","potentialAction":[{"@type":"SearchAction","target":{"@type":"EntryPoint","urlTemplate":"https:\/\/quehacerpolitico.mx\/?s={search_term_string}"},"query-input":{"@type":"PropertyValueSpecification","valueRequired":true,"valueName":"search_term_string"}}],"inLanguage":"es"},{"@type":"Person","@id":"https:\/\/quehacerpolitico.mx\/#\/schema\/person\/496d8ad2d1d3f8036101dca7ee39e585","name":"Redacci\u00f3n QP","image":{"@type":"ImageObject","inLanguage":"es","@id":"https:\/\/secure.gravatar.com\/avatar\/c7164ed6fdec453195284ad24a5ae5b6e1eed2b848477fa2a4787ba9adf39a41?s=96&d=mm&r=g","url":"https:\/\/secure.gravatar.com\/avatar\/c7164ed6fdec453195284ad24a5ae5b6e1eed2b848477fa2a4787ba9adf39a41?s=96&d=mm&r=g","contentUrl":"https:\/\/secure.gravatar.com\/avatar\/c7164ed6fdec453195284ad24a5ae5b6e1eed2b848477fa2a4787ba9adf39a41?s=96&d=mm&r=g","caption":"Redacci\u00f3n QP"},"url":"https:\/\/quehacerpolitico.mx\/?author=2"}]}},"featured_image_urls":{"full":["https:\/\/quehacerpolitico.mx\/wp-content\/uploads\/2023\/05\/IMG_7944.jpeg",1134,558,false],"thumbnail":["https:\/\/quehacerpolitico.mx\/wp-content\/uploads\/2023\/05\/IMG_7944-150x150.jpeg",150,150,true],"medium":["https:\/\/quehacerpolitico.mx\/wp-content\/uploads\/2023\/05\/IMG_7944-300x148.jpeg",300,148,true],"medium_large":["https:\/\/quehacerpolitico.mx\/wp-content\/uploads\/2023\/05\/IMG_7944-768x378.jpeg",640,315,true],"large":["https:\/\/quehacerpolitico.mx\/wp-content\/uploads\/2023\/05\/IMG_7944-1024x504.jpeg",640,315,true],"1536x1536":["https:\/\/quehacerpolitico.mx\/wp-content\/uploads\/2023\/05\/IMG_7944.jpeg",1134,558,false],"2048x2048":["https:\/\/quehacerpolitico.mx\/wp-content\/uploads\/2023\/05\/IMG_7944.jpeg",1134,558,false],"covernews-featured":["https:\/\/quehacerpolitico.mx\/wp-content\/uploads\/2023\/05\/IMG_7944.jpeg",1024,504,false],"covernews-medium":["https:\/\/quehacerpolitico.mx\/wp-content\/uploads\/2023\/05\/IMG_7944.jpeg",540,266,false]},"author_info":{"display_name":"Redacci\u00f3n QP","author_link":"https:\/\/quehacerpolitico.mx\/?author=2"},"category_info":"<a href=\"https:\/\/quehacerpolitico.mx\/?cat=2\" rel=\"category\">Noticias<\/a>","tag_info":"Noticias","comment_count":"0","_links":{"self":[{"href":"https:\/\/quehacerpolitico.mx\/index.php?rest_route=\/wp\/v2\/posts\/101153","targetHints":{"allow":["GET"]}}],"collection":[{"href":"https:\/\/quehacerpolitico.mx\/index.php?rest_route=\/wp\/v2\/posts"}],"about":[{"href":"https:\/\/quehacerpolitico.mx\/index.php?rest_route=\/wp\/v2\/types\/post"}],"author":[{"embeddable":true,"href":"https:\/\/quehacerpolitico.mx\/index.php?rest_route=\/wp\/v2\/users\/2"}],"replies":[{"embeddable":true,"href":"https:\/\/quehacerpolitico.mx\/index.php?rest_route=%2Fwp%2Fv2%2Fcomments&post=101153"}],"version-history":[{"count":1,"href":"https:\/\/quehacerpolitico.mx\/index.php?rest_route=\/wp\/v2\/posts\/101153\/revisions"}],"predecessor-version":[{"id":101155,"href":"https:\/\/quehacerpolitico.mx\/index.php?rest_route=\/wp\/v2\/posts\/101153\/revisions\/101155"}],"wp:featuredmedia":[{"embeddable":true,"href":"https:\/\/quehacerpolitico.mx\/index.php?rest_route=\/wp\/v2\/media\/101154"}],"wp:attachment":[{"href":"https:\/\/quehacerpolitico.mx\/index.php?rest_route=%2Fwp%2Fv2%2Fmedia&parent=101153"}],"wp:term":[{"taxonomy":"category","embeddable":true,"href":"https:\/\/quehacerpolitico.mx\/index.php?rest_route=%2Fwp%2Fv2%2Fcategories&post=101153"},{"taxonomy":"post_tag","embeddable":true,"href":"https:\/\/quehacerpolitico.mx\/index.php?rest_route=%2Fwp%2Fv2%2Ftags&post=101153"}],"curies":[{"name":"wp","href":"https:\/\/api.w.org\/{rel}","templated":true}]}}