{"id":101110,"date":"2023-05-24T14:06:17","date_gmt":"2023-05-24T14:06:17","guid":{"rendered":"https:\/\/quehacerpolitico.mx\/?p=101110"},"modified":"2023-05-24T14:06:20","modified_gmt":"2023-05-24T14:06:20","slug":"citigroup-opto-por-desistir-en-su-intencion-de-vender-banamex-en-su-lugar-hara-una-oferta-publica-inicial-opi-para-el-ano-2025","status":"publish","type":"post","link":"https:\/\/quehacerpolitico.mx\/?p=101110","title":{"rendered":"Citigroup opt\u00f3 por desistir en su intenci\u00f3n de vender Banamex. En su lugar, har\u00e1 una oferta p\u00fablica inicial (OPI) para el a\u00f1o 2025"},"content":{"rendered":"\n<p>Por Redacci\u00f3n QP<\/p>\n\n\n\n<p>Citigroup detall\u00f3 en un comunicado que en lugar de vender Banamex, har\u00e1 una oferta p\u00fablica inicial (OPI) para el a\u00f1o 2025<\/p>\n\n\n\n<p><strong>Citigroup<\/strong>\u00a0opt\u00f3 por abandonar su intenci\u00f3n de vender\u00a0<strong>Banamex<\/strong> y, en su lugar, har\u00e1 una\u00a0<strong>oferta p\u00fablica inicial<\/strong>\u00a0(OPI) para el a\u00f1o\u00a0<strong>2025<\/strong>.<\/p>\n\n\n\n<p>Esta decisi\u00f3n permite a Citi reiniciar las recompras de acciones este trimestre, seg\u00fan ha explic\u00f3 la compa\u00f1\u00eda en un comunicado emitido este mi\u00e9rcoles.<\/p>\n\n\n\n<figure class=\"wp-block-embed is-type-rich is-provider-twitter wp-block-embed-twitter\"><div class=\"wp-block-embed__wrapper\">\n<blockquote class=\"twitter-tweet\" data-width=\"550\" data-dnt=\"true\"><p lang=\"en\" dir=\"ltr\">1\/2: Citi announced it will pursue an initial public offering (IPO) of its consumer, small business and middle-market banking operations in Mexico as it executes its strategy to simplify the firm and deliver value to shareholders. More: <a href=\"https:\/\/t.co\/KvqvBP5SOZ\">https:\/\/t.co\/KvqvBP5SOZ<\/a> <a href=\"https:\/\/t.co\/BnAUetllfe\">pic.twitter.com\/BnAUetllfe<\/a><\/p>&mdash; Citi (@Citi) <a href=\"https:\/\/twitter.com\/Citi\/status\/1661350857567289346?ref_src=twsrc%5Etfw\">May 24, 2023<\/a><\/blockquote><script async src=\"https:\/\/platform.twitter.com\/widgets.js\" charset=\"utf-8\"><\/script>\n<\/div><\/figure>\n\n\n\n<p>\u201cConcluimos que el camino \u00f3ptimo para maximizar el valor de Banamex para nuestros accionistas y avanzar en nuestro objetivo de simplificar nuestra empresa es pasar de nuestro enfoque de doble camino para enfocarnos \u00fanicamente en una oferta p\u00fablica inicial del negocio\u201d, dijo la directora general&nbsp;<strong>Jane Fraser.<\/strong><\/p>\n\n\n\n<p>Citigroup hab\u00eda estado retrasando las recompras de acciones porque se esperaba que una venta de Banamex afectara temporalmente a los niveles de capital de la entidad bancaria.<\/p>\n\n\n\n<figure class=\"wp-block-image size-large\"><img loading=\"lazy\" decoding=\"async\" width=\"845\" height=\"1024\" src=\"https:\/\/quehacerpolitico.mx\/wp-content\/uploads\/2023\/05\/image-79-845x1024.jpeg\" alt=\"\" class=\"wp-image-101112\" srcset=\"https:\/\/quehacerpolitico.mx\/wp-content\/uploads\/2023\/05\/image-79-845x1024.jpeg 845w, https:\/\/quehacerpolitico.mx\/wp-content\/uploads\/2023\/05\/image-79-247x300.jpeg 247w, https:\/\/quehacerpolitico.mx\/wp-content\/uploads\/2023\/05\/image-79-768x931.jpeg 768w, https:\/\/quehacerpolitico.mx\/wp-content\/uploads\/2023\/05\/image-79-1267x1536.jpeg 1267w, https:\/\/quehacerpolitico.mx\/wp-content\/uploads\/2023\/05\/image-79-120x146.jpeg 120w, https:\/\/quehacerpolitico.mx\/wp-content\/uploads\/2023\/05\/image-79-41x50.jpeg 41w, https:\/\/quehacerpolitico.mx\/wp-content\/uploads\/2023\/05\/image-79-62x75.jpeg 62w, https:\/\/quehacerpolitico.mx\/wp-content\/uploads\/2023\/05\/image-79.jpeg 1290w\" sizes=\"auto, (max-width: 845px) 100vw, 845px\" \/><\/figure>\n\n\n\n<figure class=\"wp-block-image size-large\"><img loading=\"lazy\" decoding=\"async\" width=\"819\" height=\"1024\" src=\"https:\/\/quehacerpolitico.mx\/wp-content\/uploads\/2023\/05\/image-78-819x1024.jpeg\" alt=\"\" class=\"wp-image-101111\" srcset=\"https:\/\/quehacerpolitico.mx\/wp-content\/uploads\/2023\/05\/image-78-819x1024.jpeg 819w, https:\/\/quehacerpolitico.mx\/wp-content\/uploads\/2023\/05\/image-78-240x300.jpeg 240w, https:\/\/quehacerpolitico.mx\/wp-content\/uploads\/2023\/05\/image-78-768x960.jpeg 768w, https:\/\/quehacerpolitico.mx\/wp-content\/uploads\/2023\/05\/image-78-1229x1536.jpeg 1229w, https:\/\/quehacerpolitico.mx\/wp-content\/uploads\/2023\/05\/image-78-117x146.jpeg 117w, https:\/\/quehacerpolitico.mx\/wp-content\/uploads\/2023\/05\/image-78-40x50.jpeg 40w, https:\/\/quehacerpolitico.mx\/wp-content\/uploads\/2023\/05\/image-78-60x75.jpeg 60w, https:\/\/quehacerpolitico.mx\/wp-content\/uploads\/2023\/05\/image-78.jpeg 1263w\" sizes=\"auto, (max-width: 819px) 100vw, 819px\" \/><\/figure>\n\n\n\n<p>Grupo M\u00e9xico propiedad de<strong>\u00a0Germ\u00e1n Larrea<\/strong>, hab\u00eda sido la empresa en M\u00e9xico que hab\u00eda estado m\u00e1s cerca de adquirir Banamex en las \u00faltimas semanas, seg\u00fan hab\u00edan detallado medios especializados.<\/p>\n\n\n\n<p>Se apunt\u00f3 que Banamex mantendr\u00e1 las tarjetas de cr\u00e9dito, la banca minorista, cr\u00e9dito al consumo, hipotecario, seguros, pensiones, afore, dep\u00f3sitos y una oferta completa de productos de Banca Empresarial.<\/p>\n\n\n\n<p>\u201cLos aproximadamente&nbsp;<strong>38 mil empleados<\/strong>&nbsp;que contribuyen al negocio, as\u00ed como la colecci\u00f3n de arte y los edificios hist\u00f3ricos, permanecer\u00e1n como parte de Banamex\u201d, se explic\u00f3.<\/p>\n\n\n\n<p>Citi apunt\u00f3 que el negocio continuar\u00e1 siendo reportado como parte de sus operaciones continuas hasta que la propiedad del mismo disminuya por debajo del 50 por ciento de los derechos de voto. A partir de ese momento, dejar\u00e1 de reportarlo dentro de sus estados financieros consolidados.<\/p>\n\n\n\n<p>En enero del a\u00f1o pasado, Citigroup anunci\u00f3 la venta de su negocio minorista Banamex y recientemente expres\u00f3 que pese a este proceso, el grupo financiero estadounidense mantendr\u00e1 su presencia en el pa\u00eds.<\/p>\n\n\n\n<p>Banamex, cuya venta ha causado expectativa en el sector financiero de M\u00e9xico, es considerado por especialistas como el tercer banco m\u00e1s grande del pa\u00eds con m\u00e1s de mil 200 sucursales y 23 millones de clientes.<\/p>\n","protected":false},"excerpt":{"rendered":"<p>Por Redacci\u00f3n QP Citigroup detall\u00f3 en un comunicado que en lugar de vender Banamex, har\u00e1&#8230;<\/p>\n","protected":false},"author":2,"featured_media":101113,"comment_status":"open","ping_status":"open","sticky":false,"template":"","format":"standard","meta":{"_monsterinsights_skip_tracking":false,"_monsterinsights_sitenote_active":false,"_monsterinsights_sitenote_note":"","_monsterinsights_sitenote_category":0,"footnotes":""},"categories":[56],"tags":[],"class_list":["post-101110","post","type-post","status-publish","format-standard","has-post-thumbnail","hentry","category-economia"],"yoast_head":"<!-- This site is optimized with the Yoast SEO plugin v27.3 - https:\/\/yoast.com\/product\/yoast-seo-wordpress\/ -->\n<title>Citigroup opt\u00f3 por desistir en su intenci\u00f3n de vender Banamex. En su lugar, har\u00e1 una oferta p\u00fablica inicial (OPI) para el a\u00f1o 2025 -<\/title>\n<meta name=\"robots\" content=\"index, follow, max-snippet:-1, max-image-preview:large, max-video-preview:-1\" \/>\n<link rel=\"canonical\" href=\"https:\/\/quehacerpolitico.mx\/?p=101110\" \/>\n<meta property=\"og:locale\" content=\"es_MX\" \/>\n<meta property=\"og:type\" content=\"article\" \/>\n<meta property=\"og:title\" content=\"Citigroup opt\u00f3 por desistir en su intenci\u00f3n de vender Banamex. En su lugar, har\u00e1 una oferta p\u00fablica inicial (OPI) para el a\u00f1o 2025 -\" \/>\n<meta property=\"og:description\" content=\"Por Redacci\u00f3n QP Citigroup detall\u00f3 en un comunicado que en lugar de vender Banamex, har\u00e1...\" \/>\n<meta property=\"og:url\" content=\"https:\/\/quehacerpolitico.mx\/?p=101110\" \/>\n<meta property=\"article:published_time\" content=\"2023-05-24T14:06:17+00:00\" \/>\n<meta property=\"article:modified_time\" content=\"2023-05-24T14:06:20+00:00\" \/>\n<meta property=\"og:image\" content=\"https:\/\/quehacerpolitico.mx\/wp-content\/uploads\/2023\/05\/IMG_7896.jpeg\" \/>\n\t<meta property=\"og:image:width\" content=\"640\" \/>\n\t<meta property=\"og:image:height\" content=\"360\" \/>\n\t<meta property=\"og:image:type\" content=\"image\/jpeg\" \/>\n<meta name=\"author\" content=\"Redacci\u00f3n QP\" \/>\n<meta name=\"twitter:card\" content=\"summary_large_image\" \/>\n<meta name=\"twitter:label1\" content=\"Escrito por\" \/>\n\t<meta name=\"twitter:data1\" content=\"Redacci\u00f3n QP\" \/>\n\t<meta name=\"twitter:label2\" content=\"Tiempo de lectura\" \/>\n\t<meta name=\"twitter:data2\" content=\"2 minutos\" \/>\n<script type=\"application\/ld+json\" class=\"yoast-schema-graph\">{\"@context\":\"https:\\\/\\\/schema.org\",\"@graph\":[{\"@type\":\"Article\",\"@id\":\"https:\\\/\\\/quehacerpolitico.mx\\\/?p=101110#article\",\"isPartOf\":{\"@id\":\"https:\\\/\\\/quehacerpolitico.mx\\\/?p=101110\"},\"author\":{\"name\":\"Redacci\u00f3n QP\",\"@id\":\"https:\\\/\\\/quehacerpolitico.mx\\\/#\\\/schema\\\/person\\\/496d8ad2d1d3f8036101dca7ee39e585\"},\"headline\":\"Citigroup opt\u00f3 por desistir en su intenci\u00f3n de vender Banamex. En su lugar, har\u00e1 una oferta p\u00fablica inicial (OPI) para el a\u00f1o 2025\",\"datePublished\":\"2023-05-24T14:06:17+00:00\",\"dateModified\":\"2023-05-24T14:06:20+00:00\",\"mainEntityOfPage\":{\"@id\":\"https:\\\/\\\/quehacerpolitico.mx\\\/?p=101110\"},\"wordCount\":406,\"commentCount\":0,\"image\":{\"@id\":\"https:\\\/\\\/quehacerpolitico.mx\\\/?p=101110#primaryimage\"},\"thumbnailUrl\":\"https:\\\/\\\/quehacerpolitico.mx\\\/wp-content\\\/uploads\\\/2023\\\/05\\\/IMG_7896.jpeg\",\"articleSection\":[\"Econom\u00eda\"],\"inLanguage\":\"es\",\"potentialAction\":[{\"@type\":\"CommentAction\",\"name\":\"Comment\",\"target\":[\"https:\\\/\\\/quehacerpolitico.mx\\\/?p=101110#respond\"]}]},{\"@type\":\"WebPage\",\"@id\":\"https:\\\/\\\/quehacerpolitico.mx\\\/?p=101110\",\"url\":\"https:\\\/\\\/quehacerpolitico.mx\\\/?p=101110\",\"name\":\"Citigroup opt\u00f3 por desistir en su intenci\u00f3n de vender Banamex. En su lugar, har\u00e1 una oferta p\u00fablica inicial (OPI) para el a\u00f1o 2025 -\",\"isPartOf\":{\"@id\":\"https:\\\/\\\/quehacerpolitico.mx\\\/#website\"},\"primaryImageOfPage\":{\"@id\":\"https:\\\/\\\/quehacerpolitico.mx\\\/?p=101110#primaryimage\"},\"image\":{\"@id\":\"https:\\\/\\\/quehacerpolitico.mx\\\/?p=101110#primaryimage\"},\"thumbnailUrl\":\"https:\\\/\\\/quehacerpolitico.mx\\\/wp-content\\\/uploads\\\/2023\\\/05\\\/IMG_7896.jpeg\",\"datePublished\":\"2023-05-24T14:06:17+00:00\",\"dateModified\":\"2023-05-24T14:06:20+00:00\",\"author\":{\"@id\":\"https:\\\/\\\/quehacerpolitico.mx\\\/#\\\/schema\\\/person\\\/496d8ad2d1d3f8036101dca7ee39e585\"},\"breadcrumb\":{\"@id\":\"https:\\\/\\\/quehacerpolitico.mx\\\/?p=101110#breadcrumb\"},\"inLanguage\":\"es\",\"potentialAction\":[{\"@type\":\"ReadAction\",\"target\":[\"https:\\\/\\\/quehacerpolitico.mx\\\/?p=101110\"]}]},{\"@type\":\"ImageObject\",\"inLanguage\":\"es\",\"@id\":\"https:\\\/\\\/quehacerpolitico.mx\\\/?p=101110#primaryimage\",\"url\":\"https:\\\/\\\/quehacerpolitico.mx\\\/wp-content\\\/uploads\\\/2023\\\/05\\\/IMG_7896.jpeg\",\"contentUrl\":\"https:\\\/\\\/quehacerpolitico.mx\\\/wp-content\\\/uploads\\\/2023\\\/05\\\/IMG_7896.jpeg\",\"width\":640,\"height\":360},{\"@type\":\"BreadcrumbList\",\"@id\":\"https:\\\/\\\/quehacerpolitico.mx\\\/?p=101110#breadcrumb\",\"itemListElement\":[{\"@type\":\"ListItem\",\"position\":1,\"name\":\"Inicio\",\"item\":\"https:\\\/\\\/quehacerpolitico.mx\\\/\"},{\"@type\":\"ListItem\",\"position\":2,\"name\":\"Citigroup opt\u00f3 por desistir en su intenci\u00f3n de vender Banamex. En su lugar, har\u00e1 una oferta p\u00fablica inicial (OPI) para el a\u00f1o 2025\"}]},{\"@type\":\"WebSite\",\"@id\":\"https:\\\/\\\/quehacerpolitico.mx\\\/#website\",\"url\":\"https:\\\/\\\/quehacerpolitico.mx\\\/\",\"name\":\"\",\"description\":\"\",\"potentialAction\":[{\"@type\":\"SearchAction\",\"target\":{\"@type\":\"EntryPoint\",\"urlTemplate\":\"https:\\\/\\\/quehacerpolitico.mx\\\/?s={search_term_string}\"},\"query-input\":{\"@type\":\"PropertyValueSpecification\",\"valueRequired\":true,\"valueName\":\"search_term_string\"}}],\"inLanguage\":\"es\"},{\"@type\":\"Person\",\"@id\":\"https:\\\/\\\/quehacerpolitico.mx\\\/#\\\/schema\\\/person\\\/496d8ad2d1d3f8036101dca7ee39e585\",\"name\":\"Redacci\u00f3n QP\",\"image\":{\"@type\":\"ImageObject\",\"inLanguage\":\"es\",\"@id\":\"https:\\\/\\\/secure.gravatar.com\\\/avatar\\\/c7164ed6fdec453195284ad24a5ae5b6e1eed2b848477fa2a4787ba9adf39a41?s=96&d=mm&r=g\",\"url\":\"https:\\\/\\\/secure.gravatar.com\\\/avatar\\\/c7164ed6fdec453195284ad24a5ae5b6e1eed2b848477fa2a4787ba9adf39a41?s=96&d=mm&r=g\",\"contentUrl\":\"https:\\\/\\\/secure.gravatar.com\\\/avatar\\\/c7164ed6fdec453195284ad24a5ae5b6e1eed2b848477fa2a4787ba9adf39a41?s=96&d=mm&r=g\",\"caption\":\"Redacci\u00f3n QP\"},\"url\":\"https:\\\/\\\/quehacerpolitico.mx\\\/?author=2\"}]}<\/script>\n<!-- \/ Yoast SEO plugin. -->","yoast_head_json":{"title":"Citigroup opt\u00f3 por desistir en su intenci\u00f3n de vender Banamex. En su lugar, har\u00e1 una oferta p\u00fablica inicial (OPI) para el a\u00f1o 2025 -","robots":{"index":"index","follow":"follow","max-snippet":"max-snippet:-1","max-image-preview":"max-image-preview:large","max-video-preview":"max-video-preview:-1"},"canonical":"https:\/\/quehacerpolitico.mx\/?p=101110","og_locale":"es_MX","og_type":"article","og_title":"Citigroup opt\u00f3 por desistir en su intenci\u00f3n de vender Banamex. En su lugar, har\u00e1 una oferta p\u00fablica inicial (OPI) para el a\u00f1o 2025 -","og_description":"Por Redacci\u00f3n QP Citigroup detall\u00f3 en un comunicado que en lugar de vender Banamex, har\u00e1...","og_url":"https:\/\/quehacerpolitico.mx\/?p=101110","article_published_time":"2023-05-24T14:06:17+00:00","article_modified_time":"2023-05-24T14:06:20+00:00","og_image":[{"width":640,"height":360,"url":"https:\/\/quehacerpolitico.mx\/wp-content\/uploads\/2023\/05\/IMG_7896.jpeg","type":"image\/jpeg"}],"author":"Redacci\u00f3n QP","twitter_card":"summary_large_image","twitter_misc":{"Escrito por":"Redacci\u00f3n QP","Tiempo de lectura":"2 minutos"},"schema":{"@context":"https:\/\/schema.org","@graph":[{"@type":"Article","@id":"https:\/\/quehacerpolitico.mx\/?p=101110#article","isPartOf":{"@id":"https:\/\/quehacerpolitico.mx\/?p=101110"},"author":{"name":"Redacci\u00f3n QP","@id":"https:\/\/quehacerpolitico.mx\/#\/schema\/person\/496d8ad2d1d3f8036101dca7ee39e585"},"headline":"Citigroup opt\u00f3 por desistir en su intenci\u00f3n de vender Banamex. En su lugar, har\u00e1 una oferta p\u00fablica inicial (OPI) para el a\u00f1o 2025","datePublished":"2023-05-24T14:06:17+00:00","dateModified":"2023-05-24T14:06:20+00:00","mainEntityOfPage":{"@id":"https:\/\/quehacerpolitico.mx\/?p=101110"},"wordCount":406,"commentCount":0,"image":{"@id":"https:\/\/quehacerpolitico.mx\/?p=101110#primaryimage"},"thumbnailUrl":"https:\/\/quehacerpolitico.mx\/wp-content\/uploads\/2023\/05\/IMG_7896.jpeg","articleSection":["Econom\u00eda"],"inLanguage":"es","potentialAction":[{"@type":"CommentAction","name":"Comment","target":["https:\/\/quehacerpolitico.mx\/?p=101110#respond"]}]},{"@type":"WebPage","@id":"https:\/\/quehacerpolitico.mx\/?p=101110","url":"https:\/\/quehacerpolitico.mx\/?p=101110","name":"Citigroup opt\u00f3 por desistir en su intenci\u00f3n de vender Banamex. En su lugar, har\u00e1 una oferta p\u00fablica inicial (OPI) para el a\u00f1o 2025 -","isPartOf":{"@id":"https:\/\/quehacerpolitico.mx\/#website"},"primaryImageOfPage":{"@id":"https:\/\/quehacerpolitico.mx\/?p=101110#primaryimage"},"image":{"@id":"https:\/\/quehacerpolitico.mx\/?p=101110#primaryimage"},"thumbnailUrl":"https:\/\/quehacerpolitico.mx\/wp-content\/uploads\/2023\/05\/IMG_7896.jpeg","datePublished":"2023-05-24T14:06:17+00:00","dateModified":"2023-05-24T14:06:20+00:00","author":{"@id":"https:\/\/quehacerpolitico.mx\/#\/schema\/person\/496d8ad2d1d3f8036101dca7ee39e585"},"breadcrumb":{"@id":"https:\/\/quehacerpolitico.mx\/?p=101110#breadcrumb"},"inLanguage":"es","potentialAction":[{"@type":"ReadAction","target":["https:\/\/quehacerpolitico.mx\/?p=101110"]}]},{"@type":"ImageObject","inLanguage":"es","@id":"https:\/\/quehacerpolitico.mx\/?p=101110#primaryimage","url":"https:\/\/quehacerpolitico.mx\/wp-content\/uploads\/2023\/05\/IMG_7896.jpeg","contentUrl":"https:\/\/quehacerpolitico.mx\/wp-content\/uploads\/2023\/05\/IMG_7896.jpeg","width":640,"height":360},{"@type":"BreadcrumbList","@id":"https:\/\/quehacerpolitico.mx\/?p=101110#breadcrumb","itemListElement":[{"@type":"ListItem","position":1,"name":"Inicio","item":"https:\/\/quehacerpolitico.mx\/"},{"@type":"ListItem","position":2,"name":"Citigroup opt\u00f3 por desistir en su intenci\u00f3n de vender Banamex. En su lugar, har\u00e1 una oferta p\u00fablica inicial (OPI) para el a\u00f1o 2025"}]},{"@type":"WebSite","@id":"https:\/\/quehacerpolitico.mx\/#website","url":"https:\/\/quehacerpolitico.mx\/","name":"","description":"","potentialAction":[{"@type":"SearchAction","target":{"@type":"EntryPoint","urlTemplate":"https:\/\/quehacerpolitico.mx\/?s={search_term_string}"},"query-input":{"@type":"PropertyValueSpecification","valueRequired":true,"valueName":"search_term_string"}}],"inLanguage":"es"},{"@type":"Person","@id":"https:\/\/quehacerpolitico.mx\/#\/schema\/person\/496d8ad2d1d3f8036101dca7ee39e585","name":"Redacci\u00f3n QP","image":{"@type":"ImageObject","inLanguage":"es","@id":"https:\/\/secure.gravatar.com\/avatar\/c7164ed6fdec453195284ad24a5ae5b6e1eed2b848477fa2a4787ba9adf39a41?s=96&d=mm&r=g","url":"https:\/\/secure.gravatar.com\/avatar\/c7164ed6fdec453195284ad24a5ae5b6e1eed2b848477fa2a4787ba9adf39a41?s=96&d=mm&r=g","contentUrl":"https:\/\/secure.gravatar.com\/avatar\/c7164ed6fdec453195284ad24a5ae5b6e1eed2b848477fa2a4787ba9adf39a41?s=96&d=mm&r=g","caption":"Redacci\u00f3n QP"},"url":"https:\/\/quehacerpolitico.mx\/?author=2"}]}},"featured_image_urls":{"full":["https:\/\/quehacerpolitico.mx\/wp-content\/uploads\/2023\/05\/IMG_7896.jpeg",640,360,false],"thumbnail":["https:\/\/quehacerpolitico.mx\/wp-content\/uploads\/2023\/05\/IMG_7896-150x150.jpeg",150,150,true],"medium":["https:\/\/quehacerpolitico.mx\/wp-content\/uploads\/2023\/05\/IMG_7896-300x169.jpeg",300,169,true],"medium_large":["https:\/\/quehacerpolitico.mx\/wp-content\/uploads\/2023\/05\/IMG_7896.jpeg",640,360,false],"large":["https:\/\/quehacerpolitico.mx\/wp-content\/uploads\/2023\/05\/IMG_7896.jpeg",640,360,false],"1536x1536":["https:\/\/quehacerpolitico.mx\/wp-content\/uploads\/2023\/05\/IMG_7896.jpeg",640,360,false],"2048x2048":["https:\/\/quehacerpolitico.mx\/wp-content\/uploads\/2023\/05\/IMG_7896.jpeg",640,360,false],"covernews-featured":["https:\/\/quehacerpolitico.mx\/wp-content\/uploads\/2023\/05\/IMG_7896.jpeg",640,360,false],"covernews-medium":["https:\/\/quehacerpolitico.mx\/wp-content\/uploads\/2023\/05\/IMG_7896.jpeg",540,304,false]},"author_info":{"display_name":"Redacci\u00f3n QP","author_link":"https:\/\/quehacerpolitico.mx\/?author=2"},"category_info":"<a href=\"https:\/\/quehacerpolitico.mx\/?cat=56\" rel=\"category\">Econom\u00eda<\/a>","tag_info":"Econom\u00eda","comment_count":"0","_links":{"self":[{"href":"https:\/\/quehacerpolitico.mx\/index.php?rest_route=\/wp\/v2\/posts\/101110","targetHints":{"allow":["GET"]}}],"collection":[{"href":"https:\/\/quehacerpolitico.mx\/index.php?rest_route=\/wp\/v2\/posts"}],"about":[{"href":"https:\/\/quehacerpolitico.mx\/index.php?rest_route=\/wp\/v2\/types\/post"}],"author":[{"embeddable":true,"href":"https:\/\/quehacerpolitico.mx\/index.php?rest_route=\/wp\/v2\/users\/2"}],"replies":[{"embeddable":true,"href":"https:\/\/quehacerpolitico.mx\/index.php?rest_route=%2Fwp%2Fv2%2Fcomments&post=101110"}],"version-history":[{"count":1,"href":"https:\/\/quehacerpolitico.mx\/index.php?rest_route=\/wp\/v2\/posts\/101110\/revisions"}],"predecessor-version":[{"id":101114,"href":"https:\/\/quehacerpolitico.mx\/index.php?rest_route=\/wp\/v2\/posts\/101110\/revisions\/101114"}],"wp:featuredmedia":[{"embeddable":true,"href":"https:\/\/quehacerpolitico.mx\/index.php?rest_route=\/wp\/v2\/media\/101113"}],"wp:attachment":[{"href":"https:\/\/quehacerpolitico.mx\/index.php?rest_route=%2Fwp%2Fv2%2Fmedia&parent=101110"}],"wp:term":[{"taxonomy":"category","embeddable":true,"href":"https:\/\/quehacerpolitico.mx\/index.php?rest_route=%2Fwp%2Fv2%2Fcategories&post=101110"},{"taxonomy":"post_tag","embeddable":true,"href":"https:\/\/quehacerpolitico.mx\/index.php?rest_route=%2Fwp%2Fv2%2Ftags&post=101110"}],"curies":[{"name":"wp","href":"https:\/\/api.w.org\/{rel}","templated":true}]}}