{"id":101080,"date":"2023-05-23T16:29:25","date_gmt":"2023-05-23T16:29:25","guid":{"rendered":"https:\/\/quehacerpolitico.mx\/?p=101080"},"modified":"2023-05-23T16:29:29","modified_gmt":"2023-05-23T16:29:29","slug":"amlo-defiende-a-la-sedena-al-hablar-sobre-el-supuesto-espionaje-con-el-programa-pegasus","status":"publish","type":"post","link":"https:\/\/quehacerpolitico.mx\/?p=101080","title":{"rendered":"AMLO defiende a la SEDENA al hablar sobre el supuesto espionaje con el programa Pegasus"},"content":{"rendered":"\n<p>Por Redacci\u00f3n QP<\/p>\n\n\n\n<p>El presidente L\u00f3pez Obrador pidi\u00f3 al subsecretario de Gobernaci\u00f3n, Alejandro Encinas, Rodr\u00edguez, \u201cno darle importancia\u201d al tema del espionaje<\/p>\n\n\n\n<p>El presidente\u00a0<strong>Andr\u00e9s Manuel L\u00f3pez Obrador<\/strong>\u00a0dej\u00f3 en claro que el subsecretario de Gobernaci\u00f3n (<strong>Segob<\/strong>),\u00a0<strong>Alejandro Encinas<\/strong>, s\u00ed fue v\u00edctima de\u00a0<strong>espionaje<\/strong>, tal y como lo se\u00f1al\u00f3 en una investigaci\u00f3n el medio estadounidense\u00a0The New York Times, aunque dej\u00f3 en claro que no fue la\u00a0<strong>Secretar\u00eda de la Defensa Nacional<\/strong>\u00a0(<strong>Sedena<\/strong>).<\/p>\n\n\n\n<p>En la conferencia matutina de\u00a0<strong>Palacio Nacional<\/strong>\u00a0este martes,\u00a0<strong>L\u00f3pez Obrador<\/strong>\u00a0pidi\u00f3 a\u00a0<strong>Encinas Rodr\u00edguez<\/strong>\u00a0no darle importancia al asunto.<\/p>\n\n\n\n<p>\u201cS\u00ed me lo coment\u00f3 (Encinas) y le dije que no le diera importancia, porque no hab\u00eda ninguna intenci\u00f3n de espiar a nadie. No s\u00e9 sabe qui\u00e9n, porque a ver las Guacamayas: \u00bfqui\u00e9n est\u00e1 financiando eso? \u00bfSon mexicanos? \u00bfSon extranjeros? \u00bfPor qu\u00e9 no se da a conocer la fuente? Hackearon tambi\u00e9n en otros pa\u00edses de Am\u00e9rica Latina las Guacamayas y a Ej\u00e9rcitos de otros pa\u00edses.\u201d, indic\u00f3.<\/p>\n\n\n\n<figure class=\"wp-block-embed is-type-rich is-provider-twitter wp-block-embed-twitter\"><div class=\"wp-block-embed__wrapper\">\n<blockquote class=\"twitter-tweet\" data-width=\"550\" data-dnt=\"true\"><p lang=\"es\" dir=\"ltr\">\ud83d\udea8<a href=\"https:\/\/twitter.com\/hashtag\/%C3%9ALTIMAHORA?src=hash&amp;ref_src=twsrc%5Etfw\">#\u00daLTIMAHORA<\/a> | AMLO defiende a la SEDENA <br><br>Al hablar sobre el supuesto espionaje el espionaje con el programa <a href=\"https:\/\/twitter.com\/hashtag\/Pegasus?src=hash&amp;ref_src=twsrc%5Etfw\">#Pegasus<\/a> a <a href=\"https:\/\/twitter.com\/A_Encinas_R?ref_src=twsrc%5Etfw\">@A_Encinas_R<\/a>, el presidente asegura que no fue la <a href=\"https:\/\/twitter.com\/SEDENAmx?ref_src=twsrc%5Etfw\">@SEDENAmx<\/a> <a href=\"https:\/\/t.co\/xTDyvpJcgH\">pic.twitter.com\/xTDyvpJcgH<\/a><\/p>&mdash; Ruido en la Red (@RuidoEnLaRed) <a href=\"https:\/\/twitter.com\/RuidoEnLaRed\/status\/1661026953099612160?ref_src=twsrc%5Etfw\">May 23, 2023<\/a><\/blockquote><script async src=\"https:\/\/platform.twitter.com\/widgets.js\" charset=\"utf-8\"><\/script>\n<\/div><\/figure>\n\n\n\n<p>\u201cLo que hay que estar muy consciente es de que no se debe de espiar a nadie, que eso se hac\u00eda antes en la \u00e9poca de Garc\u00eda Luna, cuando ni el New York Times o el Washington post o el Wall Street Journal, ninguno de esos dec\u00eda nada y los medios en M\u00e9xico menos\u201d, declar\u00f3.<\/p>\n\n\n\n<p>Es que nosotros no espiamos. No (fue la Sedena), nosotros no espiamos, no somos iguales. Y\u00a0no torturamos y en este Gobierno no hay masacres como hab\u00eda anteriormente y se respetan los derechos humanos\u201d, puntualiz\u00f3.<\/p>\n\n\n\n<p>El m\u00e1ximo responsable de Derechos Humanos en el Gobierno de M\u00e9xico,&nbsp;<strong>Alejandro Encinas<\/strong>, ha sido \u201cespiado repetidamente\u201d a trav\u00e9s del programa&nbsp;<strong>Pegasus<\/strong>, seg\u00fan una investigaci\u00f3n que public\u00f3 The New York Times con varias fuentes en contacto directo con \u00e9l.<\/p>\n\n\n\n<p>El subsecretario de Gobernaci\u00f3n es el m\u00e1s alto cargo espiado en el Gobierno de L\u00f3pez Obrador, con quien Encinas mantiene una amistad personal que no ha impedido que se produjeran entre ellos varios desencuentros, sobre todo por el papel de las Fuerzas Armadas en distintos abusos y atropellos.<\/p>\n\n\n\n<p>El diario estadounidense reconoce que no hay una prueba definitiva de qui\u00e9n llev\u00f3 a cabo la infiltraci\u00f3n en el tel\u00e9fono de Encinas, pero inmediatamente a\u00f1ade que el&nbsp;<strong>Ej\u00e9rcito mexicano<\/strong>\u201ces la \u00fanica entidad en M\u00e9xico con acceso a este programa de espionaje\u201d, y que ha espiado m\u00e1s tel\u00e9fonos que ning\u00fan otro cliente en el mundo.<\/p>\n\n\n\n<p>Solo las agencias gubernamentales, y no los individuos, pueden comprar Pegasus, una herramienta de software desarrollada por la empresa israel\u00ed NSO que permite infiltrar un tel\u00e9fono -desde una fotograf\u00eda, mensaje de correo electr\u00f3nico o WhatsApp- y desde ah\u00ed tener acceso al historial digital completo de un individuo, incluyendo todas sus conversaciones.<\/p>\n\n\n\n<p>La \u00faltima infiltraci\u00f3n en el tel\u00e9fono de Encinas se produjo al menos el pasado a\u00f1o, mientras dirig\u00eda una comisi\u00f3n de la verdad para esclarecer el secuestro y desaparici\u00f3n de 43 estudiantes en 2014, unos hechos que llevaron a Encinas a apuntar a la responsabilidad del Ej\u00e9rcito.<\/p>\n\n\n\n<p>El diario contact\u00f3 con la Presidencia mexicana, con el ministro de Defensa y con el propio Encinas, que declinaron pronunciarse sobre el presunto espionaje.<\/p>\n","protected":false},"excerpt":{"rendered":"<p>Por Redacci\u00f3n QP El presidente L\u00f3pez Obrador pidi\u00f3 al subsecretario de Gobernaci\u00f3n, Alejandro Encinas, Rodr\u00edguez,&#8230;<\/p>\n","protected":false},"author":2,"featured_media":101081,"comment_status":"open","ping_status":"open","sticky":false,"template":"","format":"standard","meta":{"_monsterinsights_skip_tracking":false,"_monsterinsights_sitenote_active":false,"_monsterinsights_sitenote_note":"","_monsterinsights_sitenote_category":0,"footnotes":""},"categories":[2],"tags":[],"class_list":["post-101080","post","type-post","status-publish","format-standard","has-post-thumbnail","hentry","category-noticias"],"yoast_head":"<!-- This site is optimized with the Yoast SEO plugin v27.3 - https:\/\/yoast.com\/product\/yoast-seo-wordpress\/ -->\n<title>AMLO defiende a la SEDENA al hablar sobre el supuesto espionaje con el programa Pegasus -<\/title>\n<meta name=\"robots\" content=\"index, follow, max-snippet:-1, max-image-preview:large, max-video-preview:-1\" \/>\n<link rel=\"canonical\" href=\"https:\/\/quehacerpolitico.mx\/?p=101080\" \/>\n<meta property=\"og:locale\" content=\"es_MX\" \/>\n<meta property=\"og:type\" content=\"article\" \/>\n<meta property=\"og:title\" content=\"AMLO defiende a la SEDENA al hablar sobre el supuesto espionaje con el programa Pegasus -\" \/>\n<meta property=\"og:description\" content=\"Por Redacci\u00f3n QP El presidente L\u00f3pez Obrador pidi\u00f3 al subsecretario de Gobernaci\u00f3n, Alejandro Encinas, Rodr\u00edguez,...\" \/>\n<meta property=\"og:url\" content=\"https:\/\/quehacerpolitico.mx\/?p=101080\" \/>\n<meta property=\"article:published_time\" content=\"2023-05-23T16:29:25+00:00\" \/>\n<meta property=\"article:modified_time\" content=\"2023-05-23T16:29:29+00:00\" \/>\n<meta property=\"og:image\" content=\"https:\/\/quehacerpolitico.mx\/wp-content\/uploads\/2023\/05\/IMG_7868.jpeg\" \/>\n\t<meta property=\"og:image:width\" content=\"1284\" \/>\n\t<meta property=\"og:image:height\" content=\"695\" \/>\n\t<meta property=\"og:image:type\" content=\"image\/jpeg\" \/>\n<meta name=\"author\" content=\"Redacci\u00f3n QP\" \/>\n<meta name=\"twitter:card\" content=\"summary_large_image\" \/>\n<meta name=\"twitter:label1\" content=\"Escrito por\" \/>\n\t<meta name=\"twitter:data1\" content=\"Redacci\u00f3n QP\" \/>\n\t<meta name=\"twitter:label2\" content=\"Tiempo de lectura\" \/>\n\t<meta name=\"twitter:data2\" content=\"3 minutos\" \/>\n<script type=\"application\/ld+json\" class=\"yoast-schema-graph\">{\"@context\":\"https:\\\/\\\/schema.org\",\"@graph\":[{\"@type\":\"Article\",\"@id\":\"https:\\\/\\\/quehacerpolitico.mx\\\/?p=101080#article\",\"isPartOf\":{\"@id\":\"https:\\\/\\\/quehacerpolitico.mx\\\/?p=101080\"},\"author\":{\"name\":\"Redacci\u00f3n QP\",\"@id\":\"https:\\\/\\\/quehacerpolitico.mx\\\/#\\\/schema\\\/person\\\/496d8ad2d1d3f8036101dca7ee39e585\"},\"headline\":\"AMLO defiende a la SEDENA al hablar sobre el supuesto espionaje con el programa Pegasus\",\"datePublished\":\"2023-05-23T16:29:25+00:00\",\"dateModified\":\"2023-05-23T16:29:29+00:00\",\"mainEntityOfPage\":{\"@id\":\"https:\\\/\\\/quehacerpolitico.mx\\\/?p=101080\"},\"wordCount\":592,\"commentCount\":0,\"image\":{\"@id\":\"https:\\\/\\\/quehacerpolitico.mx\\\/?p=101080#primaryimage\"},\"thumbnailUrl\":\"https:\\\/\\\/quehacerpolitico.mx\\\/wp-content\\\/uploads\\\/2023\\\/05\\\/IMG_7868.jpeg\",\"articleSection\":[\"Noticias\"],\"inLanguage\":\"es\",\"potentialAction\":[{\"@type\":\"CommentAction\",\"name\":\"Comment\",\"target\":[\"https:\\\/\\\/quehacerpolitico.mx\\\/?p=101080#respond\"]}]},{\"@type\":\"WebPage\",\"@id\":\"https:\\\/\\\/quehacerpolitico.mx\\\/?p=101080\",\"url\":\"https:\\\/\\\/quehacerpolitico.mx\\\/?p=101080\",\"name\":\"AMLO defiende a la SEDENA al hablar sobre el supuesto espionaje con el programa Pegasus -\",\"isPartOf\":{\"@id\":\"https:\\\/\\\/quehacerpolitico.mx\\\/#website\"},\"primaryImageOfPage\":{\"@id\":\"https:\\\/\\\/quehacerpolitico.mx\\\/?p=101080#primaryimage\"},\"image\":{\"@id\":\"https:\\\/\\\/quehacerpolitico.mx\\\/?p=101080#primaryimage\"},\"thumbnailUrl\":\"https:\\\/\\\/quehacerpolitico.mx\\\/wp-content\\\/uploads\\\/2023\\\/05\\\/IMG_7868.jpeg\",\"datePublished\":\"2023-05-23T16:29:25+00:00\",\"dateModified\":\"2023-05-23T16:29:29+00:00\",\"author\":{\"@id\":\"https:\\\/\\\/quehacerpolitico.mx\\\/#\\\/schema\\\/person\\\/496d8ad2d1d3f8036101dca7ee39e585\"},\"breadcrumb\":{\"@id\":\"https:\\\/\\\/quehacerpolitico.mx\\\/?p=101080#breadcrumb\"},\"inLanguage\":\"es\",\"potentialAction\":[{\"@type\":\"ReadAction\",\"target\":[\"https:\\\/\\\/quehacerpolitico.mx\\\/?p=101080\"]}]},{\"@type\":\"ImageObject\",\"inLanguage\":\"es\",\"@id\":\"https:\\\/\\\/quehacerpolitico.mx\\\/?p=101080#primaryimage\",\"url\":\"https:\\\/\\\/quehacerpolitico.mx\\\/wp-content\\\/uploads\\\/2023\\\/05\\\/IMG_7868.jpeg\",\"contentUrl\":\"https:\\\/\\\/quehacerpolitico.mx\\\/wp-content\\\/uploads\\\/2023\\\/05\\\/IMG_7868.jpeg\",\"width\":1284,\"height\":695},{\"@type\":\"BreadcrumbList\",\"@id\":\"https:\\\/\\\/quehacerpolitico.mx\\\/?p=101080#breadcrumb\",\"itemListElement\":[{\"@type\":\"ListItem\",\"position\":1,\"name\":\"Inicio\",\"item\":\"https:\\\/\\\/quehacerpolitico.mx\\\/\"},{\"@type\":\"ListItem\",\"position\":2,\"name\":\"AMLO defiende a la SEDENA al hablar sobre el supuesto espionaje con el programa Pegasus\"}]},{\"@type\":\"WebSite\",\"@id\":\"https:\\\/\\\/quehacerpolitico.mx\\\/#website\",\"url\":\"https:\\\/\\\/quehacerpolitico.mx\\\/\",\"name\":\"\",\"description\":\"\",\"potentialAction\":[{\"@type\":\"SearchAction\",\"target\":{\"@type\":\"EntryPoint\",\"urlTemplate\":\"https:\\\/\\\/quehacerpolitico.mx\\\/?s={search_term_string}\"},\"query-input\":{\"@type\":\"PropertyValueSpecification\",\"valueRequired\":true,\"valueName\":\"search_term_string\"}}],\"inLanguage\":\"es\"},{\"@type\":\"Person\",\"@id\":\"https:\\\/\\\/quehacerpolitico.mx\\\/#\\\/schema\\\/person\\\/496d8ad2d1d3f8036101dca7ee39e585\",\"name\":\"Redacci\u00f3n QP\",\"image\":{\"@type\":\"ImageObject\",\"inLanguage\":\"es\",\"@id\":\"https:\\\/\\\/secure.gravatar.com\\\/avatar\\\/c7164ed6fdec453195284ad24a5ae5b6e1eed2b848477fa2a4787ba9adf39a41?s=96&d=mm&r=g\",\"url\":\"https:\\\/\\\/secure.gravatar.com\\\/avatar\\\/c7164ed6fdec453195284ad24a5ae5b6e1eed2b848477fa2a4787ba9adf39a41?s=96&d=mm&r=g\",\"contentUrl\":\"https:\\\/\\\/secure.gravatar.com\\\/avatar\\\/c7164ed6fdec453195284ad24a5ae5b6e1eed2b848477fa2a4787ba9adf39a41?s=96&d=mm&r=g\",\"caption\":\"Redacci\u00f3n QP\"},\"url\":\"https:\\\/\\\/quehacerpolitico.mx\\\/?author=2\"}]}<\/script>\n<!-- \/ Yoast SEO plugin. -->","yoast_head_json":{"title":"AMLO defiende a la SEDENA al hablar sobre el supuesto espionaje con el programa Pegasus -","robots":{"index":"index","follow":"follow","max-snippet":"max-snippet:-1","max-image-preview":"max-image-preview:large","max-video-preview":"max-video-preview:-1"},"canonical":"https:\/\/quehacerpolitico.mx\/?p=101080","og_locale":"es_MX","og_type":"article","og_title":"AMLO defiende a la SEDENA al hablar sobre el supuesto espionaje con el programa Pegasus -","og_description":"Por Redacci\u00f3n QP El presidente L\u00f3pez Obrador pidi\u00f3 al subsecretario de Gobernaci\u00f3n, Alejandro Encinas, Rodr\u00edguez,...","og_url":"https:\/\/quehacerpolitico.mx\/?p=101080","article_published_time":"2023-05-23T16:29:25+00:00","article_modified_time":"2023-05-23T16:29:29+00:00","og_image":[{"width":1284,"height":695,"url":"https:\/\/quehacerpolitico.mx\/wp-content\/uploads\/2023\/05\/IMG_7868.jpeg","type":"image\/jpeg"}],"author":"Redacci\u00f3n QP","twitter_card":"summary_large_image","twitter_misc":{"Escrito por":"Redacci\u00f3n QP","Tiempo de lectura":"3 minutos"},"schema":{"@context":"https:\/\/schema.org","@graph":[{"@type":"Article","@id":"https:\/\/quehacerpolitico.mx\/?p=101080#article","isPartOf":{"@id":"https:\/\/quehacerpolitico.mx\/?p=101080"},"author":{"name":"Redacci\u00f3n QP","@id":"https:\/\/quehacerpolitico.mx\/#\/schema\/person\/496d8ad2d1d3f8036101dca7ee39e585"},"headline":"AMLO defiende a la SEDENA al hablar sobre el supuesto espionaje con el programa Pegasus","datePublished":"2023-05-23T16:29:25+00:00","dateModified":"2023-05-23T16:29:29+00:00","mainEntityOfPage":{"@id":"https:\/\/quehacerpolitico.mx\/?p=101080"},"wordCount":592,"commentCount":0,"image":{"@id":"https:\/\/quehacerpolitico.mx\/?p=101080#primaryimage"},"thumbnailUrl":"https:\/\/quehacerpolitico.mx\/wp-content\/uploads\/2023\/05\/IMG_7868.jpeg","articleSection":["Noticias"],"inLanguage":"es","potentialAction":[{"@type":"CommentAction","name":"Comment","target":["https:\/\/quehacerpolitico.mx\/?p=101080#respond"]}]},{"@type":"WebPage","@id":"https:\/\/quehacerpolitico.mx\/?p=101080","url":"https:\/\/quehacerpolitico.mx\/?p=101080","name":"AMLO defiende a la SEDENA al hablar sobre el supuesto espionaje con el programa Pegasus -","isPartOf":{"@id":"https:\/\/quehacerpolitico.mx\/#website"},"primaryImageOfPage":{"@id":"https:\/\/quehacerpolitico.mx\/?p=101080#primaryimage"},"image":{"@id":"https:\/\/quehacerpolitico.mx\/?p=101080#primaryimage"},"thumbnailUrl":"https:\/\/quehacerpolitico.mx\/wp-content\/uploads\/2023\/05\/IMG_7868.jpeg","datePublished":"2023-05-23T16:29:25+00:00","dateModified":"2023-05-23T16:29:29+00:00","author":{"@id":"https:\/\/quehacerpolitico.mx\/#\/schema\/person\/496d8ad2d1d3f8036101dca7ee39e585"},"breadcrumb":{"@id":"https:\/\/quehacerpolitico.mx\/?p=101080#breadcrumb"},"inLanguage":"es","potentialAction":[{"@type":"ReadAction","target":["https:\/\/quehacerpolitico.mx\/?p=101080"]}]},{"@type":"ImageObject","inLanguage":"es","@id":"https:\/\/quehacerpolitico.mx\/?p=101080#primaryimage","url":"https:\/\/quehacerpolitico.mx\/wp-content\/uploads\/2023\/05\/IMG_7868.jpeg","contentUrl":"https:\/\/quehacerpolitico.mx\/wp-content\/uploads\/2023\/05\/IMG_7868.jpeg","width":1284,"height":695},{"@type":"BreadcrumbList","@id":"https:\/\/quehacerpolitico.mx\/?p=101080#breadcrumb","itemListElement":[{"@type":"ListItem","position":1,"name":"Inicio","item":"https:\/\/quehacerpolitico.mx\/"},{"@type":"ListItem","position":2,"name":"AMLO defiende a la SEDENA al hablar sobre el supuesto espionaje con el programa Pegasus"}]},{"@type":"WebSite","@id":"https:\/\/quehacerpolitico.mx\/#website","url":"https:\/\/quehacerpolitico.mx\/","name":"","description":"","potentialAction":[{"@type":"SearchAction","target":{"@type":"EntryPoint","urlTemplate":"https:\/\/quehacerpolitico.mx\/?s={search_term_string}"},"query-input":{"@type":"PropertyValueSpecification","valueRequired":true,"valueName":"search_term_string"}}],"inLanguage":"es"},{"@type":"Person","@id":"https:\/\/quehacerpolitico.mx\/#\/schema\/person\/496d8ad2d1d3f8036101dca7ee39e585","name":"Redacci\u00f3n QP","image":{"@type":"ImageObject","inLanguage":"es","@id":"https:\/\/secure.gravatar.com\/avatar\/c7164ed6fdec453195284ad24a5ae5b6e1eed2b848477fa2a4787ba9adf39a41?s=96&d=mm&r=g","url":"https:\/\/secure.gravatar.com\/avatar\/c7164ed6fdec453195284ad24a5ae5b6e1eed2b848477fa2a4787ba9adf39a41?s=96&d=mm&r=g","contentUrl":"https:\/\/secure.gravatar.com\/avatar\/c7164ed6fdec453195284ad24a5ae5b6e1eed2b848477fa2a4787ba9adf39a41?s=96&d=mm&r=g","caption":"Redacci\u00f3n QP"},"url":"https:\/\/quehacerpolitico.mx\/?author=2"}]}},"featured_image_urls":{"full":["https:\/\/quehacerpolitico.mx\/wp-content\/uploads\/2023\/05\/IMG_7868.jpeg",1284,695,false],"thumbnail":["https:\/\/quehacerpolitico.mx\/wp-content\/uploads\/2023\/05\/IMG_7868-150x150.jpeg",150,150,true],"medium":["https:\/\/quehacerpolitico.mx\/wp-content\/uploads\/2023\/05\/IMG_7868-300x162.jpeg",300,162,true],"medium_large":["https:\/\/quehacerpolitico.mx\/wp-content\/uploads\/2023\/05\/IMG_7868-768x416.jpeg",640,347,true],"large":["https:\/\/quehacerpolitico.mx\/wp-content\/uploads\/2023\/05\/IMG_7868-1024x554.jpeg",640,346,true],"1536x1536":["https:\/\/quehacerpolitico.mx\/wp-content\/uploads\/2023\/05\/IMG_7868.jpeg",1284,695,false],"2048x2048":["https:\/\/quehacerpolitico.mx\/wp-content\/uploads\/2023\/05\/IMG_7868.jpeg",1284,695,false],"covernews-featured":["https:\/\/quehacerpolitico.mx\/wp-content\/uploads\/2023\/05\/IMG_7868.jpeg",1024,554,false],"covernews-medium":["https:\/\/quehacerpolitico.mx\/wp-content\/uploads\/2023\/05\/IMG_7868.jpeg",540,292,false]},"author_info":{"display_name":"Redacci\u00f3n QP","author_link":"https:\/\/quehacerpolitico.mx\/?author=2"},"category_info":"<a href=\"https:\/\/quehacerpolitico.mx\/?cat=2\" rel=\"category\">Noticias<\/a>","tag_info":"Noticias","comment_count":"0","_links":{"self":[{"href":"https:\/\/quehacerpolitico.mx\/index.php?rest_route=\/wp\/v2\/posts\/101080","targetHints":{"allow":["GET"]}}],"collection":[{"href":"https:\/\/quehacerpolitico.mx\/index.php?rest_route=\/wp\/v2\/posts"}],"about":[{"href":"https:\/\/quehacerpolitico.mx\/index.php?rest_route=\/wp\/v2\/types\/post"}],"author":[{"embeddable":true,"href":"https:\/\/quehacerpolitico.mx\/index.php?rest_route=\/wp\/v2\/users\/2"}],"replies":[{"embeddable":true,"href":"https:\/\/quehacerpolitico.mx\/index.php?rest_route=%2Fwp%2Fv2%2Fcomments&post=101080"}],"version-history":[{"count":1,"href":"https:\/\/quehacerpolitico.mx\/index.php?rest_route=\/wp\/v2\/posts\/101080\/revisions"}],"predecessor-version":[{"id":101082,"href":"https:\/\/quehacerpolitico.mx\/index.php?rest_route=\/wp\/v2\/posts\/101080\/revisions\/101082"}],"wp:featuredmedia":[{"embeddable":true,"href":"https:\/\/quehacerpolitico.mx\/index.php?rest_route=\/wp\/v2\/media\/101081"}],"wp:attachment":[{"href":"https:\/\/quehacerpolitico.mx\/index.php?rest_route=%2Fwp%2Fv2%2Fmedia&parent=101080"}],"wp:term":[{"taxonomy":"category","embeddable":true,"href":"https:\/\/quehacerpolitico.mx\/index.php?rest_route=%2Fwp%2Fv2%2Fcategories&post=101080"},{"taxonomy":"post_tag","embeddable":true,"href":"https:\/\/quehacerpolitico.mx\/index.php?rest_route=%2Fwp%2Fv2%2Ftags&post=101080"}],"curies":[{"name":"wp","href":"https:\/\/api.w.org\/{rel}","templated":true}]}}