{"id":101010,"date":"2023-05-22T16:09:17","date_gmt":"2023-05-22T16:09:17","guid":{"rendered":"https:\/\/quehacerpolitico.mx\/?p=101010"},"modified":"2023-05-22T16:09:20","modified_gmt":"2023-05-22T16:09:20","slug":"el-quehacer-politico-jose-alberto-prado-angeles-un-dia-comun","status":"publish","type":"post","link":"https:\/\/quehacerpolitico.mx\/?p=101010","title":{"rendered":"El Quehacer Pol\u00edtico\/\/\/Jos\u00e9 Alberto Prado Angeles\/\/\/Un d\u00eda com\u00fan"},"content":{"rendered":"\n<p>Por Jos\u00e9 Alberto Prado Angeles<\/p>\n\n\n\n<p>Editor y Director General <\/p>\n\n\n\n<p>Una capa gris cubriendo el cuerpo de la ciudad de M\u00e9xico. Las personas despiertan y se alistan con la ropa necesaria, previniendo los fuertes diluvios de lluvia, que han azotado durante semanas. Sombrillas en mano, botas de pl\u00e1stico, zapatos de dos tonos, cuerpos temblorosos, as\u00ed, a los transe\u00fantes se les percibe en las calles corriendo, como si fuera la \u00faltima vuelta de un marat\u00f3n.<br>Estos son los d\u00edas en esta gran ciudad, donde te percatas que alumnos de primaria, secundaria, preparatoria y universidad llegan a sus clases temprano. Trabajadores que llegan a su oficina o negocio, padres de familia que vienen de dejar a sus hijos en las escuelas, personas que viajan del estado a realizar sus actividades. Todos ellos se levantan en la madrugada para empezar su d\u00eda, sin saber que el estr\u00e9s de toda la gente que tiene que llegar temprano a sus destinos, puede desesperarlos.<br>Pero detr\u00e1s de todo esto, viene la verdad. EY\u00a1 Mu\u00e9vete\u00a1, hazte a un lado, br\u00edncame si quieres, te hubieras parado m\u00e1s temprano\u00a1, estos son los gritos a los que tenemos que estar acostumbrados d\u00eda con d\u00eda, por parte de los automovilistas, taxistas, camioneros, microbuceros, ya que por la gran cantidad de carros, camiones, motocicletas, tienden a provocar filas infinitas en las calles.<\/p>\n\n\n\n<p>M\u00e9xico, el extenso M\u00e9xico, tiene un gran problema. Calles inundadas por la gran cantidad de basura que permanece en el suelo por la mala educaci\u00f3n que existe, la cual provoca socavones en los pisos, ya que por d\u00edas permanecen con exceso de agua y tiende a debilitarse la tierra, que provoca que postes de luz se caigan, donde las casas y edificios tienen una electricidad nula, que por ende se encuentran calles cerradas. Esto ya es com\u00fan.<br>Tras dichos desastres, se puede observar a trabajadores de basura, recogiendo todos los desechos que nosotros mismos aventamos, polic\u00edas con silbatos desviando a los automovilistas para que se dirijan a otro camino, bomberos quienes observan y desalojan a la gente que pueda tener problemas por la ca\u00edda del piso. Todo esto es lo que ha provocado los desperdicios que no son tirados en el lugar correcto.<\/p>\n\n\n\n<p>Pero cabe destacar que esto, solo es hasta las 10 de la ma\u00f1ana donde todo vuelve a la \u201cnormalidad\u201d<br>Dan las tres de la tarde, el sol deslumbra tu vista, si, el clima volvi\u00f3 a cambiar dr\u00e1sticamente. Toda la capital es una historia, los famosos godines, compartiendo pl\u00e1ticas afuera de la empresa donde trabajan. Los alumnos de k\u00ednder, primaria y secundaria, esperando a sus padres para que pasen por ellos, los de preparatoria y universi- dad, se ven en grupos peque\u00f1os, dirigi\u00e9ndose a diferentes destinos. Los comerciantes atendiendo a toda la gente que requiere alimentarse o tomar una bebida, todo, para poder llegar temprano a casa.<br>Con el pasar de la horas, ya siendo las nueve o diez de la noche, el caos vuelve, porque como dijera Isaac Newton \u201cTodo lo que sube tiene que bajar\u201d y si, todas las personas se dirigen a casa, bares, o simplemente disfrutar de la familia pero con el \u00fanico detalle que el tr\u00e1fico es m\u00e1s complicado a esas horas, ya que la lluvia es el simple \u201cobst\u00e1culo\u201dcon el cual tenemos que acostumbrarnos. Por que somos un pa\u00eds que disfruta la vida nocturna.<\/p>\n\n\n\n<p>As\u00ed el Quehacer Pol\u00edtico Desde 1980, inquiriendo en la pol\u00edtica de M\u00e9xico, cuestionando, exponiendo, revelando y razonando.Es cuanto.<\/p>\n","protected":false},"excerpt":{"rendered":"<p>Por Jos\u00e9 Alberto Prado Angeles Editor y Director General Una capa gris cubriendo el cuerpo&#8230;<\/p>\n","protected":false},"author":2,"featured_media":101011,"comment_status":"open","ping_status":"open","sticky":false,"template":"","format":"standard","meta":{"_monsterinsights_skip_tracking":false,"_monsterinsights_sitenote_active":false,"_monsterinsights_sitenote_note":"","_monsterinsights_sitenote_category":0,"footnotes":""},"categories":[2],"tags":[],"class_list":["post-101010","post","type-post","status-publish","format-standard","has-post-thumbnail","hentry","category-noticias"],"yoast_head":"<!-- This site is optimized with the Yoast SEO plugin v27.3 - https:\/\/yoast.com\/product\/yoast-seo-wordpress\/ -->\n<title>El Quehacer Pol\u00edtico\/\/\/Jos\u00e9 Alberto Prado Angeles\/\/\/Un d\u00eda com\u00fan -<\/title>\n<meta name=\"robots\" content=\"index, follow, max-snippet:-1, max-image-preview:large, max-video-preview:-1\" \/>\n<link rel=\"canonical\" href=\"https:\/\/quehacerpolitico.mx\/?p=101010\" \/>\n<meta property=\"og:locale\" content=\"es_MX\" \/>\n<meta property=\"og:type\" content=\"article\" \/>\n<meta property=\"og:title\" content=\"El Quehacer Pol\u00edtico\/\/\/Jos\u00e9 Alberto Prado Angeles\/\/\/Un d\u00eda com\u00fan -\" \/>\n<meta property=\"og:description\" content=\"Por Jos\u00e9 Alberto Prado Angeles Editor y Director General Una capa gris cubriendo el cuerpo...\" \/>\n<meta property=\"og:url\" content=\"https:\/\/quehacerpolitico.mx\/?p=101010\" \/>\n<meta property=\"article:published_time\" content=\"2023-05-22T16:09:17+00:00\" \/>\n<meta property=\"article:modified_time\" content=\"2023-05-22T16:09:20+00:00\" \/>\n<meta property=\"og:image\" content=\"https:\/\/quehacerpolitico.mx\/wp-content\/uploads\/2023\/05\/511bc7b1-f34b-4418-b917-5120714f846d-5.jpeg\" \/>\n\t<meta property=\"og:image:width\" content=\"963\" \/>\n\t<meta property=\"og:image:height\" content=\"493\" \/>\n\t<meta property=\"og:image:type\" content=\"image\/jpeg\" \/>\n<meta name=\"author\" content=\"Redacci\u00f3n QP\" \/>\n<meta name=\"twitter:card\" content=\"summary_large_image\" \/>\n<meta name=\"twitter:label1\" content=\"Escrito por\" \/>\n\t<meta name=\"twitter:data1\" content=\"Redacci\u00f3n QP\" \/>\n\t<meta name=\"twitter:label2\" content=\"Tiempo de lectura\" \/>\n\t<meta name=\"twitter:data2\" content=\"3 minutos\" \/>\n<script type=\"application\/ld+json\" class=\"yoast-schema-graph\">{\"@context\":\"https:\\\/\\\/schema.org\",\"@graph\":[{\"@type\":\"Article\",\"@id\":\"https:\\\/\\\/quehacerpolitico.mx\\\/?p=101010#article\",\"isPartOf\":{\"@id\":\"https:\\\/\\\/quehacerpolitico.mx\\\/?p=101010\"},\"author\":{\"name\":\"Redacci\u00f3n QP\",\"@id\":\"https:\\\/\\\/quehacerpolitico.mx\\\/#\\\/schema\\\/person\\\/496d8ad2d1d3f8036101dca7ee39e585\"},\"headline\":\"El Quehacer Pol\u00edtico\\\/\\\/\\\/Jos\u00e9 Alberto Prado Angeles\\\/\\\/\\\/Un d\u00eda com\u00fan\",\"datePublished\":\"2023-05-22T16:09:17+00:00\",\"dateModified\":\"2023-05-22T16:09:20+00:00\",\"mainEntityOfPage\":{\"@id\":\"https:\\\/\\\/quehacerpolitico.mx\\\/?p=101010\"},\"wordCount\":615,\"commentCount\":0,\"image\":{\"@id\":\"https:\\\/\\\/quehacerpolitico.mx\\\/?p=101010#primaryimage\"},\"thumbnailUrl\":\"https:\\\/\\\/quehacerpolitico.mx\\\/wp-content\\\/uploads\\\/2023\\\/05\\\/511bc7b1-f34b-4418-b917-5120714f846d-5.jpeg\",\"articleSection\":[\"Noticias\"],\"inLanguage\":\"es\",\"potentialAction\":[{\"@type\":\"CommentAction\",\"name\":\"Comment\",\"target\":[\"https:\\\/\\\/quehacerpolitico.mx\\\/?p=101010#respond\"]}]},{\"@type\":\"WebPage\",\"@id\":\"https:\\\/\\\/quehacerpolitico.mx\\\/?p=101010\",\"url\":\"https:\\\/\\\/quehacerpolitico.mx\\\/?p=101010\",\"name\":\"El Quehacer Pol\u00edtico\\\/\\\/\\\/Jos\u00e9 Alberto Prado Angeles\\\/\\\/\\\/Un d\u00eda com\u00fan -\",\"isPartOf\":{\"@id\":\"https:\\\/\\\/quehacerpolitico.mx\\\/#website\"},\"primaryImageOfPage\":{\"@id\":\"https:\\\/\\\/quehacerpolitico.mx\\\/?p=101010#primaryimage\"},\"image\":{\"@id\":\"https:\\\/\\\/quehacerpolitico.mx\\\/?p=101010#primaryimage\"},\"thumbnailUrl\":\"https:\\\/\\\/quehacerpolitico.mx\\\/wp-content\\\/uploads\\\/2023\\\/05\\\/511bc7b1-f34b-4418-b917-5120714f846d-5.jpeg\",\"datePublished\":\"2023-05-22T16:09:17+00:00\",\"dateModified\":\"2023-05-22T16:09:20+00:00\",\"author\":{\"@id\":\"https:\\\/\\\/quehacerpolitico.mx\\\/#\\\/schema\\\/person\\\/496d8ad2d1d3f8036101dca7ee39e585\"},\"breadcrumb\":{\"@id\":\"https:\\\/\\\/quehacerpolitico.mx\\\/?p=101010#breadcrumb\"},\"inLanguage\":\"es\",\"potentialAction\":[{\"@type\":\"ReadAction\",\"target\":[\"https:\\\/\\\/quehacerpolitico.mx\\\/?p=101010\"]}]},{\"@type\":\"ImageObject\",\"inLanguage\":\"es\",\"@id\":\"https:\\\/\\\/quehacerpolitico.mx\\\/?p=101010#primaryimage\",\"url\":\"https:\\\/\\\/quehacerpolitico.mx\\\/wp-content\\\/uploads\\\/2023\\\/05\\\/511bc7b1-f34b-4418-b917-5120714f846d-5.jpeg\",\"contentUrl\":\"https:\\\/\\\/quehacerpolitico.mx\\\/wp-content\\\/uploads\\\/2023\\\/05\\\/511bc7b1-f34b-4418-b917-5120714f846d-5.jpeg\",\"width\":963,\"height\":493},{\"@type\":\"BreadcrumbList\",\"@id\":\"https:\\\/\\\/quehacerpolitico.mx\\\/?p=101010#breadcrumb\",\"itemListElement\":[{\"@type\":\"ListItem\",\"position\":1,\"name\":\"Inicio\",\"item\":\"https:\\\/\\\/quehacerpolitico.mx\\\/\"},{\"@type\":\"ListItem\",\"position\":2,\"name\":\"El Quehacer Pol\u00edtico\\\/\\\/\\\/Jos\u00e9 Alberto Prado Angeles\\\/\\\/\\\/Un d\u00eda com\u00fan\"}]},{\"@type\":\"WebSite\",\"@id\":\"https:\\\/\\\/quehacerpolitico.mx\\\/#website\",\"url\":\"https:\\\/\\\/quehacerpolitico.mx\\\/\",\"name\":\"\",\"description\":\"\",\"potentialAction\":[{\"@type\":\"SearchAction\",\"target\":{\"@type\":\"EntryPoint\",\"urlTemplate\":\"https:\\\/\\\/quehacerpolitico.mx\\\/?s={search_term_string}\"},\"query-input\":{\"@type\":\"PropertyValueSpecification\",\"valueRequired\":true,\"valueName\":\"search_term_string\"}}],\"inLanguage\":\"es\"},{\"@type\":\"Person\",\"@id\":\"https:\\\/\\\/quehacerpolitico.mx\\\/#\\\/schema\\\/person\\\/496d8ad2d1d3f8036101dca7ee39e585\",\"name\":\"Redacci\u00f3n QP\",\"image\":{\"@type\":\"ImageObject\",\"inLanguage\":\"es\",\"@id\":\"https:\\\/\\\/secure.gravatar.com\\\/avatar\\\/c7164ed6fdec453195284ad24a5ae5b6e1eed2b848477fa2a4787ba9adf39a41?s=96&d=mm&r=g\",\"url\":\"https:\\\/\\\/secure.gravatar.com\\\/avatar\\\/c7164ed6fdec453195284ad24a5ae5b6e1eed2b848477fa2a4787ba9adf39a41?s=96&d=mm&r=g\",\"contentUrl\":\"https:\\\/\\\/secure.gravatar.com\\\/avatar\\\/c7164ed6fdec453195284ad24a5ae5b6e1eed2b848477fa2a4787ba9adf39a41?s=96&d=mm&r=g\",\"caption\":\"Redacci\u00f3n QP\"},\"url\":\"https:\\\/\\\/quehacerpolitico.mx\\\/?author=2\"}]}<\/script>\n<!-- \/ Yoast SEO plugin. -->","yoast_head_json":{"title":"El Quehacer Pol\u00edtico\/\/\/Jos\u00e9 Alberto Prado Angeles\/\/\/Un d\u00eda com\u00fan -","robots":{"index":"index","follow":"follow","max-snippet":"max-snippet:-1","max-image-preview":"max-image-preview:large","max-video-preview":"max-video-preview:-1"},"canonical":"https:\/\/quehacerpolitico.mx\/?p=101010","og_locale":"es_MX","og_type":"article","og_title":"El Quehacer Pol\u00edtico\/\/\/Jos\u00e9 Alberto Prado Angeles\/\/\/Un d\u00eda com\u00fan -","og_description":"Por Jos\u00e9 Alberto Prado Angeles Editor y Director General Una capa gris cubriendo el cuerpo...","og_url":"https:\/\/quehacerpolitico.mx\/?p=101010","article_published_time":"2023-05-22T16:09:17+00:00","article_modified_time":"2023-05-22T16:09:20+00:00","og_image":[{"width":963,"height":493,"url":"https:\/\/quehacerpolitico.mx\/wp-content\/uploads\/2023\/05\/511bc7b1-f34b-4418-b917-5120714f846d-5.jpeg","type":"image\/jpeg"}],"author":"Redacci\u00f3n QP","twitter_card":"summary_large_image","twitter_misc":{"Escrito por":"Redacci\u00f3n QP","Tiempo de lectura":"3 minutos"},"schema":{"@context":"https:\/\/schema.org","@graph":[{"@type":"Article","@id":"https:\/\/quehacerpolitico.mx\/?p=101010#article","isPartOf":{"@id":"https:\/\/quehacerpolitico.mx\/?p=101010"},"author":{"name":"Redacci\u00f3n QP","@id":"https:\/\/quehacerpolitico.mx\/#\/schema\/person\/496d8ad2d1d3f8036101dca7ee39e585"},"headline":"El Quehacer Pol\u00edtico\/\/\/Jos\u00e9 Alberto Prado Angeles\/\/\/Un d\u00eda com\u00fan","datePublished":"2023-05-22T16:09:17+00:00","dateModified":"2023-05-22T16:09:20+00:00","mainEntityOfPage":{"@id":"https:\/\/quehacerpolitico.mx\/?p=101010"},"wordCount":615,"commentCount":0,"image":{"@id":"https:\/\/quehacerpolitico.mx\/?p=101010#primaryimage"},"thumbnailUrl":"https:\/\/quehacerpolitico.mx\/wp-content\/uploads\/2023\/05\/511bc7b1-f34b-4418-b917-5120714f846d-5.jpeg","articleSection":["Noticias"],"inLanguage":"es","potentialAction":[{"@type":"CommentAction","name":"Comment","target":["https:\/\/quehacerpolitico.mx\/?p=101010#respond"]}]},{"@type":"WebPage","@id":"https:\/\/quehacerpolitico.mx\/?p=101010","url":"https:\/\/quehacerpolitico.mx\/?p=101010","name":"El Quehacer Pol\u00edtico\/\/\/Jos\u00e9 Alberto Prado Angeles\/\/\/Un d\u00eda com\u00fan -","isPartOf":{"@id":"https:\/\/quehacerpolitico.mx\/#website"},"primaryImageOfPage":{"@id":"https:\/\/quehacerpolitico.mx\/?p=101010#primaryimage"},"image":{"@id":"https:\/\/quehacerpolitico.mx\/?p=101010#primaryimage"},"thumbnailUrl":"https:\/\/quehacerpolitico.mx\/wp-content\/uploads\/2023\/05\/511bc7b1-f34b-4418-b917-5120714f846d-5.jpeg","datePublished":"2023-05-22T16:09:17+00:00","dateModified":"2023-05-22T16:09:20+00:00","author":{"@id":"https:\/\/quehacerpolitico.mx\/#\/schema\/person\/496d8ad2d1d3f8036101dca7ee39e585"},"breadcrumb":{"@id":"https:\/\/quehacerpolitico.mx\/?p=101010#breadcrumb"},"inLanguage":"es","potentialAction":[{"@type":"ReadAction","target":["https:\/\/quehacerpolitico.mx\/?p=101010"]}]},{"@type":"ImageObject","inLanguage":"es","@id":"https:\/\/quehacerpolitico.mx\/?p=101010#primaryimage","url":"https:\/\/quehacerpolitico.mx\/wp-content\/uploads\/2023\/05\/511bc7b1-f34b-4418-b917-5120714f846d-5.jpeg","contentUrl":"https:\/\/quehacerpolitico.mx\/wp-content\/uploads\/2023\/05\/511bc7b1-f34b-4418-b917-5120714f846d-5.jpeg","width":963,"height":493},{"@type":"BreadcrumbList","@id":"https:\/\/quehacerpolitico.mx\/?p=101010#breadcrumb","itemListElement":[{"@type":"ListItem","position":1,"name":"Inicio","item":"https:\/\/quehacerpolitico.mx\/"},{"@type":"ListItem","position":2,"name":"El Quehacer Pol\u00edtico\/\/\/Jos\u00e9 Alberto Prado Angeles\/\/\/Un d\u00eda com\u00fan"}]},{"@type":"WebSite","@id":"https:\/\/quehacerpolitico.mx\/#website","url":"https:\/\/quehacerpolitico.mx\/","name":"","description":"","potentialAction":[{"@type":"SearchAction","target":{"@type":"EntryPoint","urlTemplate":"https:\/\/quehacerpolitico.mx\/?s={search_term_string}"},"query-input":{"@type":"PropertyValueSpecification","valueRequired":true,"valueName":"search_term_string"}}],"inLanguage":"es"},{"@type":"Person","@id":"https:\/\/quehacerpolitico.mx\/#\/schema\/person\/496d8ad2d1d3f8036101dca7ee39e585","name":"Redacci\u00f3n QP","image":{"@type":"ImageObject","inLanguage":"es","@id":"https:\/\/secure.gravatar.com\/avatar\/c7164ed6fdec453195284ad24a5ae5b6e1eed2b848477fa2a4787ba9adf39a41?s=96&d=mm&r=g","url":"https:\/\/secure.gravatar.com\/avatar\/c7164ed6fdec453195284ad24a5ae5b6e1eed2b848477fa2a4787ba9adf39a41?s=96&d=mm&r=g","contentUrl":"https:\/\/secure.gravatar.com\/avatar\/c7164ed6fdec453195284ad24a5ae5b6e1eed2b848477fa2a4787ba9adf39a41?s=96&d=mm&r=g","caption":"Redacci\u00f3n QP"},"url":"https:\/\/quehacerpolitico.mx\/?author=2"}]}},"featured_image_urls":{"full":["https:\/\/quehacerpolitico.mx\/wp-content\/uploads\/2023\/05\/511bc7b1-f34b-4418-b917-5120714f846d-5.jpeg",963,493,false],"thumbnail":["https:\/\/quehacerpolitico.mx\/wp-content\/uploads\/2023\/05\/511bc7b1-f34b-4418-b917-5120714f846d-5-150x150.jpeg",150,150,true],"medium":["https:\/\/quehacerpolitico.mx\/wp-content\/uploads\/2023\/05\/511bc7b1-f34b-4418-b917-5120714f846d-5-300x154.jpeg",300,154,true],"medium_large":["https:\/\/quehacerpolitico.mx\/wp-content\/uploads\/2023\/05\/511bc7b1-f34b-4418-b917-5120714f846d-5-768x393.jpeg",640,328,true],"large":["https:\/\/quehacerpolitico.mx\/wp-content\/uploads\/2023\/05\/511bc7b1-f34b-4418-b917-5120714f846d-5.jpeg",640,328,false],"1536x1536":["https:\/\/quehacerpolitico.mx\/wp-content\/uploads\/2023\/05\/511bc7b1-f34b-4418-b917-5120714f846d-5.jpeg",963,493,false],"2048x2048":["https:\/\/quehacerpolitico.mx\/wp-content\/uploads\/2023\/05\/511bc7b1-f34b-4418-b917-5120714f846d-5.jpeg",963,493,false],"covernews-featured":["https:\/\/quehacerpolitico.mx\/wp-content\/uploads\/2023\/05\/511bc7b1-f34b-4418-b917-5120714f846d-5.jpeg",963,493,false],"covernews-medium":["https:\/\/quehacerpolitico.mx\/wp-content\/uploads\/2023\/05\/511bc7b1-f34b-4418-b917-5120714f846d-5.jpeg",540,276,false]},"author_info":{"display_name":"Redacci\u00f3n QP","author_link":"https:\/\/quehacerpolitico.mx\/?author=2"},"category_info":"<a href=\"https:\/\/quehacerpolitico.mx\/?cat=2\" rel=\"category\">Noticias<\/a>","tag_info":"Noticias","comment_count":"0","_links":{"self":[{"href":"https:\/\/quehacerpolitico.mx\/index.php?rest_route=\/wp\/v2\/posts\/101010","targetHints":{"allow":["GET"]}}],"collection":[{"href":"https:\/\/quehacerpolitico.mx\/index.php?rest_route=\/wp\/v2\/posts"}],"about":[{"href":"https:\/\/quehacerpolitico.mx\/index.php?rest_route=\/wp\/v2\/types\/post"}],"author":[{"embeddable":true,"href":"https:\/\/quehacerpolitico.mx\/index.php?rest_route=\/wp\/v2\/users\/2"}],"replies":[{"embeddable":true,"href":"https:\/\/quehacerpolitico.mx\/index.php?rest_route=%2Fwp%2Fv2%2Fcomments&post=101010"}],"version-history":[{"count":1,"href":"https:\/\/quehacerpolitico.mx\/index.php?rest_route=\/wp\/v2\/posts\/101010\/revisions"}],"predecessor-version":[{"id":101012,"href":"https:\/\/quehacerpolitico.mx\/index.php?rest_route=\/wp\/v2\/posts\/101010\/revisions\/101012"}],"wp:featuredmedia":[{"embeddable":true,"href":"https:\/\/quehacerpolitico.mx\/index.php?rest_route=\/wp\/v2\/media\/101011"}],"wp:attachment":[{"href":"https:\/\/quehacerpolitico.mx\/index.php?rest_route=%2Fwp%2Fv2%2Fmedia&parent=101010"}],"wp:term":[{"taxonomy":"category","embeddable":true,"href":"https:\/\/quehacerpolitico.mx\/index.php?rest_route=%2Fwp%2Fv2%2Fcategories&post=101010"},{"taxonomy":"post_tag","embeddable":true,"href":"https:\/\/quehacerpolitico.mx\/index.php?rest_route=%2Fwp%2Fv2%2Ftags&post=101010"}],"curies":[{"name":"wp","href":"https:\/\/api.w.org\/{rel}","templated":true}]}}