{"id":100989,"date":"2023-05-20T23:57:37","date_gmt":"2023-05-20T23:57:37","guid":{"rendered":"https:\/\/quehacerpolitico.mx\/?p=100989"},"modified":"2023-05-20T23:57:40","modified_gmt":"2023-05-20T23:57:40","slug":"internacionales-carolina-alonso-romei-zelensky-llega-a-hiroshima-para-el-g7-mientras-lideres-sancionan-a-rusia","status":"publish","type":"post","link":"https:\/\/quehacerpolitico.mx\/?p=100989","title":{"rendered":"Internacionales\/\/\/Carolina Alonso Romei\/\/\/Zelensky\u00a0llega a Hiroshima para el G7 mientras l\u00edderes sancionan a Rusia"},"content":{"rendered":"\n<p>Por Carolina Alonso Romei<\/p>\n\n\n\n<p>Internacionalista <\/p>\n\n\n\n<p>El mandatario ha sido invitado a la cumbre para participar en dos sesiones el domingo, en la primera se hablar\u00e1 del conflicto armado y la segunda tendr\u00e1 como tema central\u00a0la paz y la estabilidad<\/p>\n\n\n\n<p>El presidente de Ucrania, Volodymyr Zelensky, lleg\u00f3 el s\u00e1bado a Jap\u00f3n para participar en una cumbre diplom\u00e1tica con los l\u00edderes de las democracias m\u00e1s poderosas del mundo, que endurecieron unas sanciones destinadas a castigar a Rusia y a cambiar el curso de su invasi\u00f3n tras 15 meses.<\/p>\n\n\n\n<p><strong>Jap\u00f3n indic\u00f3 que la decisi\u00f3n de Zelensky\u00a0de visitar Hiroshima se debe a su &#8220;firme deseo&#8221; de participar en conversaciones que influir\u00e1n en la defensa de su pa\u00eds frente a Mosc\u00fa.<\/strong><\/p>\n\n\n\n<figure class=\"wp-block-embed is-type-rich is-provider-twitter wp-block-embed-twitter\"><div class=\"wp-block-embed__wrapper\">\n<blockquote class=\"twitter-tweet\" data-width=\"550\" data-dnt=\"true\"><p lang=\"en\" dir=\"ltr\">Peace Formula. We attract as many countries and leaders as possible for the sake of Ukraine. Defense. Long-term support programs for Ukraine. Finance and economy. First day in Hiroshima ahead of the <a href=\"https:\/\/twitter.com\/hashtag\/G7?src=hash&amp;ref_src=twsrc%5Etfw\">#G7<\/a> is very powerful. The second day will be even more powerful. <a href=\"https:\/\/t.co\/67paT2NDOp\">pic.twitter.com\/67paT2NDOp<\/a><\/p>&mdash; Volodymyr Zelenskyy \/ \u0412\u043e\u043b\u043e\u0434\u0438\u043c\u0438\u0440 \u0417\u0435\u043b\u0435\u043d\u0441\u044c\u043a\u0438\u0439 (@ZelenskyyUa) <a href=\"https:\/\/twitter.com\/ZelenskyyUa\/status\/1659948353105395715?ref_src=twsrc%5Etfw\">May 20, 2023<\/a><\/blockquote><script async src=\"https:\/\/platform.twitter.com\/widgets.js\" charset=\"utf-8\"><\/script>\n<\/div><\/figure>\n\n\n\n<p>Reforzar el respaldo internacional es una prioridad clave de Ucrania, que se prepara para lo que se considera una gran ofensiva con la que buscar\u00e1 recuperar territorios capturados por las fuerzas rusas desde el inicio de la guerra en febrero del a\u00f1o pasado.\u00a0La visita del mandatario se produce horas despu\u00e9s de que Washington accediese a permitir la formaci\u00f3n en sus potentes aviones de combate, sentando las bases para posible el env\u00edo de cazas.<\/p>\n\n\n\n<p>&#8220;Jap\u00f3n. G7. Importantes reuniones con socios y amigos de Ucrania. Seguridad y cooperaci\u00f3n reforzada para nuestra victoria.\u00a0<strong>La paz estar\u00e1 m\u00e1s cerca hoy&#8221;, tuite\u00f3 Zelensky\u00a0a su llegada a Hiroshima en un avi\u00f3n facilitado por Francia.<\/strong><\/p>\n\n\n\n<figure class=\"wp-block-image size-large\"><img loading=\"lazy\" decoding=\"async\" width=\"1024\" height=\"569\" src=\"https:\/\/quehacerpolitico.mx\/wp-content\/uploads\/2023\/05\/image-69-1024x569.jpeg\" alt=\"\" class=\"wp-image-100990\" srcset=\"https:\/\/quehacerpolitico.mx\/wp-content\/uploads\/2023\/05\/image-69-1024x569.jpeg 1024w, https:\/\/quehacerpolitico.mx\/wp-content\/uploads\/2023\/05\/image-69-300x167.jpeg 300w, https:\/\/quehacerpolitico.mx\/wp-content\/uploads\/2023\/05\/image-69-768x427.jpeg 768w, https:\/\/quehacerpolitico.mx\/wp-content\/uploads\/2023\/05\/image-69-50x28.jpeg 50w, https:\/\/quehacerpolitico.mx\/wp-content\/uploads\/2023\/05\/image-69-135x75.jpeg 135w, https:\/\/quehacerpolitico.mx\/wp-content\/uploads\/2023\/05\/image-69.jpeg 1284w\" sizes=\"auto, (max-width: 1024px) 100vw, 1024px\" \/><\/figure>\n\n\n\n<p>Un funcionario de la Uni\u00f3n Europea, que habl\u00f3 bajo condici\u00f3n de anonimato para informar a los reporteros sobre las deliberaciones, explic\u00f3 que Zelensky\u00a0participar\u00e1 en dos sesiones separadas el domingo. La primera ser\u00e1 \u00fanicamente con miembros del G7 y se centrar\u00e1 en la guerra en Ucrania, mientras que a la otra asistir\u00e1n las dem\u00e1s naciones invitadas a la cumbre y se abordar\u00e1 la &#8220;la paz y la estabilidad&#8221;.<\/p>\n\n\n\n<figure class=\"wp-block-embed is-type-rich is-provider-twitter wp-block-embed-twitter\"><div class=\"wp-block-embed__wrapper\">\n<blockquote class=\"twitter-tweet\" data-width=\"550\" data-dnt=\"true\"><p lang=\"en\" dir=\"ltr\">We are adding strength to Ukraine. On the eve of the G7 Summit, I held meetings with <a href=\"https:\/\/twitter.com\/GiorgiaMeloni?ref_src=twsrc%5Etfw\">@GiorgiaMeloni<\/a> \ud83c\uddee\ud83c\uddf9, <a href=\"https:\/\/twitter.com\/RishiSunak?ref_src=twsrc%5Etfw\">@RishiSunak<\/a> \ud83c\uddec\ud83c\udde7, <a href=\"https:\/\/twitter.com\/narendramodi?ref_src=twsrc%5Etfw\">@narendramodi<\/a> \ud83c\uddee\ud83c\uddf3, <a href=\"https:\/\/twitter.com\/CharlesMichel?ref_src=twsrc%5Etfw\">@CharlesMichel<\/a> \ud83c\uddea\ud83c\uddfa, <a href=\"https:\/\/twitter.com\/EmmanuelMacron?ref_src=twsrc%5Etfw\">@EmmanuelMacron<\/a> \ud83c\uddeb\ud83c\uddf7, <a href=\"https:\/\/twitter.com\/OlafScholz?ref_src=twsrc%5Etfw\">@OlafScholz<\/a> \ud83c\udde9\ud83c\uddea. Peace Formula. Protection of people. Joint strengthening of international law.<br><br>\ud83c\uddfa\ud83c\udde6\ud83c\uddfa\ud83c\udde6\ud83c\uddfa\ud83c\udde6\u2026 <a href=\"https:\/\/t.co\/ZcNU96uhbu\">pic.twitter.com\/ZcNU96uhbu<\/a><\/p>&mdash; Volodymyr Zelenskyy \/ \u0412\u043e\u043b\u043e\u0434\u0438\u043c\u0438\u0440 \u0417\u0435\u043b\u0435\u043d\u0441\u044c\u043a\u0438\u0439 (@ZelenskyyUa) <a href=\"https:\/\/twitter.com\/ZelenskyyUa\/status\/1659934518810165253?ref_src=twsrc%5Etfw\">May 20, 2023<\/a><\/blockquote><script async src=\"https:\/\/platform.twitter.com\/widgets.js\" charset=\"utf-8\"><\/script>\n<\/div><\/figure>\n\n\n\n<p>El asesor de seguridad nacional de Estados Unidos, Jake Sullivan, dijo que el presidente Joe Biden y Zelensky&nbsp;mantendr\u00e1n contacto directo durante la cumbre.&nbsp;Biden anunci\u00f3 en la v\u00edspera su apoyo a la formaci\u00f3n de pilotos ucranianos en cazas F-16 de fabricaci\u00f3n estadounidense, como paso previo al suministro de esos aviones a la Fuerza A\u00e9rea ucraniana.<\/p>\n\n\n\n<p>En una declaraci\u00f3n conjunta el s\u00e1bado, el Grupo de los Siete prometi\u00f3 incrementar la presi\u00f3n.<\/p>\n\n\n\n<p>&#8220;La brutal guerra de agresi\u00f3n de Rusia representa una amenaza para todo el mundo y viola las normas, las reglas y los principios fundamentales de la comunidad internacional. Reafirmamos nuestro apoyo inquebrantable a Ucrania durante todo el tiempo que sea necesario para lograr una paz amplia, justa y duradera&#8221;, indic\u00f3 el comunicado.<\/p>\n\n\n\n<figure class=\"wp-block-image size-large\"><img loading=\"lazy\" decoding=\"async\" width=\"1024\" height=\"568\" src=\"https:\/\/quehacerpolitico.mx\/wp-content\/uploads\/2023\/05\/image-70-1024x568.jpeg\" alt=\"\" class=\"wp-image-100991\" srcset=\"https:\/\/quehacerpolitico.mx\/wp-content\/uploads\/2023\/05\/image-70-1024x568.jpeg 1024w, https:\/\/quehacerpolitico.mx\/wp-content\/uploads\/2023\/05\/image-70-300x166.jpeg 300w, https:\/\/quehacerpolitico.mx\/wp-content\/uploads\/2023\/05\/image-70-768x426.jpeg 768w, https:\/\/quehacerpolitico.mx\/wp-content\/uploads\/2023\/05\/image-70-260x144.jpeg 260w, https:\/\/quehacerpolitico.mx\/wp-content\/uploads\/2023\/05\/image-70-50x28.jpeg 50w, https:\/\/quehacerpolitico.mx\/wp-content\/uploads\/2023\/05\/image-70-135x75.jpeg 135w, https:\/\/quehacerpolitico.mx\/wp-content\/uploads\/2023\/05\/image-70.jpeg 1284w\" sizes=\"auto, (max-width: 1024px) 100vw, 1024px\" \/><\/figure>\n\n\n\n<p>Los l\u00edderes mundiales han tenido que hacer un ejercicio de equilibrio en la cumbre de Hiroshima para tratar una serie de preocupaciones globales que requieren atenci\u00f3n urgente, como&nbsp;el cambio clim\u00e1tico, la inteligencia artificial, la pobreza y la inestabilidad econ\u00f3mica, la proliferaci\u00f3n nuclear y, sobre todo, la guerra en Ucrania.<\/p>\n\n\n\n<p>China, la segunda econom\u00eda del mundo, es el nexo entre muchas de esas cuestiones.<\/p>\n\n\n\n<p>En Asia hay una preocupaci\u00f3n cada vez mayor porque Beijing, que ha desarrollando ininterrumpidamente su programa de armas nucleares, pueda tratar de tomar Taiw\u00e1n por la fuerza, lo que derivar\u00eda en un conflicto mayor. China reclama la isla aut\u00f3noma como parte de su territorio y realiza frecuentes patrullas mar\u00edtimas y a\u00e9reas en sus inmediaciones.<\/p>\n\n\n\n<figure class=\"wp-block-embed is-type-video is-provider-youtube wp-block-embed-youtube wp-embed-aspect-16-9 wp-has-aspect-ratio\"><div class=\"wp-block-embed__wrapper\">\n<iframe loading=\"lazy\" title=\"La llegada de Zelenski a Hiroshima eclipsa la segunda jornada del G7 centrada en China\" width=\"640\" height=\"360\" src=\"https:\/\/www.youtube.com\/embed\/BUmdht1VnYo?feature=oembed\" frameborder=\"0\" allow=\"accelerometer; autoplay; clipboard-write; encrypted-media; gyroscope; picture-in-picture; web-share\" referrerpolicy=\"strict-origin-when-cross-origin\" allowfullscreen><\/iframe>\n<\/div><\/figure>\n\n\n\n<p>En un comunicado, los l\u00edderes del G7 advirtieron que &#8220;la ampliaci\u00f3n (por parte de China) de su arsenal nuclear sin transparencia (ni) un dialogo significativo supone una preocupaci\u00f3n para la estabilidad global y regional&#8221;.<\/p>\n\n\n\n<p><strong>&#8220;Buscamos cooperar con China en cuestiones de inter\u00e9s mutuo&#8221;, afirm\u00f3 Sullivan. &#8220;Trabajaremos para abordar con China las importantes preocupaciones que tenemos en una serie de \u00e1reas&#8221;.<\/strong><\/p>\n\n\n\n<p>Corea del Norte, que ha probado misiles a un ritmo vertiginoso en un intento de perfeccionar un programa nuclear que busca poder alcanzar el territorio continental estadounidense, debe abandonar por completo su ambici\u00f3n de lograr una bomba nuclear, a\u00f1adi\u00f3 la declaraci\u00f3n, &#8220;incluyendo cualquier nueva prueba o lanzamiento que utilice tecnolog\u00eda de misiles bal\u00edsticos. Corea del Norte no puede tener ni tendr\u00e1 nunca estatus de estado con armas nucleares&#8221; en virtud de los tratados nucleares internacionales.<\/p>\n\n\n\n<p>El G7 ha presentado una nueva ronda de sanciones globales contra Mosc\u00fa, adem\u00e1s de otros planes para mejorar la eficacia de las medidas financieras ya existentes para mermar el esfuerzo b\u00e9lico del presidente ruso, Vlad\u00edmir Putin.<\/p>\n\n\n\n<p>Rusia es el pa\u00eds m\u00e1s sancionado del mundo, pero la eficacia de las penalizaciones genera dudas.<\/p>\n\n\n\n<p><strong>&#8220;Nuestro respaldo a Ucrania no flaquear\u00e1&#8221;, aseguraron los l\u00edderes del G7 en un comunicado luego de una reuni\u00f3n a puerta cerrada el viernes.<\/strong>Adem\u00e1s, dijeron que permanecer\u00e1n &#8220;unidos frente a la agresi\u00f3n ilegal, injustificable y no provocada de Rusia contra Ucrania&#8221;.<\/p>\n\n\n\n<p>&#8220;Rusia inici\u00f3 esta guerra y puede ponerle fin&#8221;, agreg\u00f3 la nota.<\/p>\n\n\n\n<p>Zelensky\u00a0ha pedido de forma recurrente aviones de combate occidentales para reforzar la defensa del pa\u00eds. Ante la mejora de su defensa antia\u00e9rea gracias a los sistemas suministrados por sus aliados, y mientras se prepara para la esperada contraofensiva, las autoridades creen que los cazas podr\u00edan ser esenciales para la seguridad de la naci\u00f3n europea en el largo plazo.<\/p>\n\n\n\n<p>Con Informaci\u00f3n de AP<\/p>\n","protected":false},"excerpt":{"rendered":"<p>Por Carolina Alonso Romei Internacionalista El mandatario ha sido invitado a la cumbre para participar&#8230;<\/p>\n","protected":false},"author":2,"featured_media":100992,"comment_status":"open","ping_status":"open","sticky":false,"template":"","format":"standard","meta":{"_monsterinsights_skip_tracking":false,"_monsterinsights_sitenote_active":false,"_monsterinsights_sitenote_note":"","_monsterinsights_sitenote_category":0,"footnotes":""},"categories":[1],"tags":[],"class_list":["post-100989","post","type-post","status-publish","format-standard","has-post-thumbnail","hentry","category-sin-categoria"],"yoast_head":"<!-- This site is optimized with the Yoast SEO plugin v27.3 - https:\/\/yoast.com\/product\/yoast-seo-wordpress\/ -->\n<title>Internacionales\/\/\/Carolina Alonso Romei\/\/\/Zelensky\u00a0llega a Hiroshima para el G7 mientras l\u00edderes sancionan a Rusia -<\/title>\n<meta name=\"robots\" content=\"index, follow, max-snippet:-1, max-image-preview:large, max-video-preview:-1\" \/>\n<link rel=\"canonical\" href=\"https:\/\/quehacerpolitico.mx\/?p=100989\" \/>\n<meta property=\"og:locale\" content=\"es_MX\" \/>\n<meta property=\"og:type\" content=\"article\" \/>\n<meta property=\"og:title\" content=\"Internacionales\/\/\/Carolina Alonso Romei\/\/\/Zelensky\u00a0llega a Hiroshima para el G7 mientras l\u00edderes sancionan a Rusia -\" \/>\n<meta property=\"og:description\" content=\"Por Carolina Alonso Romei Internacionalista El mandatario ha sido invitado a la cumbre para participar...\" \/>\n<meta property=\"og:url\" content=\"https:\/\/quehacerpolitico.mx\/?p=100989\" \/>\n<meta property=\"article:published_time\" content=\"2023-05-20T23:57:37+00:00\" \/>\n<meta property=\"article:modified_time\" content=\"2023-05-20T23:57:40+00:00\" \/>\n<meta property=\"og:image\" content=\"https:\/\/quehacerpolitico.mx\/wp-content\/uploads\/2023\/05\/IMG_7830.jpeg\" \/>\n\t<meta property=\"og:image:width\" content=\"1284\" \/>\n\t<meta property=\"og:image:height\" content=\"705\" \/>\n\t<meta property=\"og:image:type\" content=\"image\/jpeg\" \/>\n<meta name=\"author\" content=\"Redacci\u00f3n QP\" \/>\n<meta name=\"twitter:card\" content=\"summary_large_image\" \/>\n<meta name=\"twitter:label1\" content=\"Escrito por\" \/>\n\t<meta name=\"twitter:data1\" content=\"Redacci\u00f3n QP\" \/>\n\t<meta name=\"twitter:label2\" content=\"Tiempo de lectura\" \/>\n\t<meta name=\"twitter:data2\" content=\"5 minutos\" \/>\n<script type=\"application\/ld+json\" class=\"yoast-schema-graph\">{\"@context\":\"https:\\\/\\\/schema.org\",\"@graph\":[{\"@type\":\"Article\",\"@id\":\"https:\\\/\\\/quehacerpolitico.mx\\\/?p=100989#article\",\"isPartOf\":{\"@id\":\"https:\\\/\\\/quehacerpolitico.mx\\\/?p=100989\"},\"author\":{\"name\":\"Redacci\u00f3n QP\",\"@id\":\"https:\\\/\\\/quehacerpolitico.mx\\\/#\\\/schema\\\/person\\\/496d8ad2d1d3f8036101dca7ee39e585\"},\"headline\":\"Internacionales\\\/\\\/\\\/Carolina Alonso Romei\\\/\\\/\\\/Zelensky\u00a0llega a Hiroshima para el G7 mientras l\u00edderes sancionan a Rusia\",\"datePublished\":\"2023-05-20T23:57:37+00:00\",\"dateModified\":\"2023-05-20T23:57:40+00:00\",\"mainEntityOfPage\":{\"@id\":\"https:\\\/\\\/quehacerpolitico.mx\\\/?p=100989\"},\"wordCount\":952,\"commentCount\":0,\"image\":{\"@id\":\"https:\\\/\\\/quehacerpolitico.mx\\\/?p=100989#primaryimage\"},\"thumbnailUrl\":\"https:\\\/\\\/quehacerpolitico.mx\\\/wp-content\\\/uploads\\\/2023\\\/05\\\/IMG_7830.jpeg\",\"articleSection\":[\"Internacionales\"],\"inLanguage\":\"es\",\"potentialAction\":[{\"@type\":\"CommentAction\",\"name\":\"Comment\",\"target\":[\"https:\\\/\\\/quehacerpolitico.mx\\\/?p=100989#respond\"]}]},{\"@type\":\"WebPage\",\"@id\":\"https:\\\/\\\/quehacerpolitico.mx\\\/?p=100989\",\"url\":\"https:\\\/\\\/quehacerpolitico.mx\\\/?p=100989\",\"name\":\"Internacionales\\\/\\\/\\\/Carolina Alonso Romei\\\/\\\/\\\/Zelensky\u00a0llega a Hiroshima para el G7 mientras l\u00edderes sancionan a Rusia -\",\"isPartOf\":{\"@id\":\"https:\\\/\\\/quehacerpolitico.mx\\\/#website\"},\"primaryImageOfPage\":{\"@id\":\"https:\\\/\\\/quehacerpolitico.mx\\\/?p=100989#primaryimage\"},\"image\":{\"@id\":\"https:\\\/\\\/quehacerpolitico.mx\\\/?p=100989#primaryimage\"},\"thumbnailUrl\":\"https:\\\/\\\/quehacerpolitico.mx\\\/wp-content\\\/uploads\\\/2023\\\/05\\\/IMG_7830.jpeg\",\"datePublished\":\"2023-05-20T23:57:37+00:00\",\"dateModified\":\"2023-05-20T23:57:40+00:00\",\"author\":{\"@id\":\"https:\\\/\\\/quehacerpolitico.mx\\\/#\\\/schema\\\/person\\\/496d8ad2d1d3f8036101dca7ee39e585\"},\"breadcrumb\":{\"@id\":\"https:\\\/\\\/quehacerpolitico.mx\\\/?p=100989#breadcrumb\"},\"inLanguage\":\"es\",\"potentialAction\":[{\"@type\":\"ReadAction\",\"target\":[\"https:\\\/\\\/quehacerpolitico.mx\\\/?p=100989\"]}]},{\"@type\":\"ImageObject\",\"inLanguage\":\"es\",\"@id\":\"https:\\\/\\\/quehacerpolitico.mx\\\/?p=100989#primaryimage\",\"url\":\"https:\\\/\\\/quehacerpolitico.mx\\\/wp-content\\\/uploads\\\/2023\\\/05\\\/IMG_7830.jpeg\",\"contentUrl\":\"https:\\\/\\\/quehacerpolitico.mx\\\/wp-content\\\/uploads\\\/2023\\\/05\\\/IMG_7830.jpeg\",\"width\":1284,\"height\":705},{\"@type\":\"BreadcrumbList\",\"@id\":\"https:\\\/\\\/quehacerpolitico.mx\\\/?p=100989#breadcrumb\",\"itemListElement\":[{\"@type\":\"ListItem\",\"position\":1,\"name\":\"Inicio\",\"item\":\"https:\\\/\\\/quehacerpolitico.mx\\\/\"},{\"@type\":\"ListItem\",\"position\":2,\"name\":\"Internacionales\\\/\\\/\\\/Carolina Alonso Romei\\\/\\\/\\\/Zelensky\u00a0llega a Hiroshima para el G7 mientras l\u00edderes sancionan a Rusia\"}]},{\"@type\":\"WebSite\",\"@id\":\"https:\\\/\\\/quehacerpolitico.mx\\\/#website\",\"url\":\"https:\\\/\\\/quehacerpolitico.mx\\\/\",\"name\":\"\",\"description\":\"\",\"potentialAction\":[{\"@type\":\"SearchAction\",\"target\":{\"@type\":\"EntryPoint\",\"urlTemplate\":\"https:\\\/\\\/quehacerpolitico.mx\\\/?s={search_term_string}\"},\"query-input\":{\"@type\":\"PropertyValueSpecification\",\"valueRequired\":true,\"valueName\":\"search_term_string\"}}],\"inLanguage\":\"es\"},{\"@type\":\"Person\",\"@id\":\"https:\\\/\\\/quehacerpolitico.mx\\\/#\\\/schema\\\/person\\\/496d8ad2d1d3f8036101dca7ee39e585\",\"name\":\"Redacci\u00f3n QP\",\"image\":{\"@type\":\"ImageObject\",\"inLanguage\":\"es\",\"@id\":\"https:\\\/\\\/secure.gravatar.com\\\/avatar\\\/c7164ed6fdec453195284ad24a5ae5b6e1eed2b848477fa2a4787ba9adf39a41?s=96&d=mm&r=g\",\"url\":\"https:\\\/\\\/secure.gravatar.com\\\/avatar\\\/c7164ed6fdec453195284ad24a5ae5b6e1eed2b848477fa2a4787ba9adf39a41?s=96&d=mm&r=g\",\"contentUrl\":\"https:\\\/\\\/secure.gravatar.com\\\/avatar\\\/c7164ed6fdec453195284ad24a5ae5b6e1eed2b848477fa2a4787ba9adf39a41?s=96&d=mm&r=g\",\"caption\":\"Redacci\u00f3n QP\"},\"url\":\"https:\\\/\\\/quehacerpolitico.mx\\\/?author=2\"}]}<\/script>\n<!-- \/ Yoast SEO plugin. -->","yoast_head_json":{"title":"Internacionales\/\/\/Carolina Alonso Romei\/\/\/Zelensky\u00a0llega a Hiroshima para el G7 mientras l\u00edderes sancionan a Rusia -","robots":{"index":"index","follow":"follow","max-snippet":"max-snippet:-1","max-image-preview":"max-image-preview:large","max-video-preview":"max-video-preview:-1"},"canonical":"https:\/\/quehacerpolitico.mx\/?p=100989","og_locale":"es_MX","og_type":"article","og_title":"Internacionales\/\/\/Carolina Alonso Romei\/\/\/Zelensky\u00a0llega a Hiroshima para el G7 mientras l\u00edderes sancionan a Rusia -","og_description":"Por Carolina Alonso Romei Internacionalista El mandatario ha sido invitado a la cumbre para participar...","og_url":"https:\/\/quehacerpolitico.mx\/?p=100989","article_published_time":"2023-05-20T23:57:37+00:00","article_modified_time":"2023-05-20T23:57:40+00:00","og_image":[{"width":1284,"height":705,"url":"https:\/\/quehacerpolitico.mx\/wp-content\/uploads\/2023\/05\/IMG_7830.jpeg","type":"image\/jpeg"}],"author":"Redacci\u00f3n QP","twitter_card":"summary_large_image","twitter_misc":{"Escrito por":"Redacci\u00f3n QP","Tiempo de lectura":"5 minutos"},"schema":{"@context":"https:\/\/schema.org","@graph":[{"@type":"Article","@id":"https:\/\/quehacerpolitico.mx\/?p=100989#article","isPartOf":{"@id":"https:\/\/quehacerpolitico.mx\/?p=100989"},"author":{"name":"Redacci\u00f3n QP","@id":"https:\/\/quehacerpolitico.mx\/#\/schema\/person\/496d8ad2d1d3f8036101dca7ee39e585"},"headline":"Internacionales\/\/\/Carolina Alonso Romei\/\/\/Zelensky\u00a0llega a Hiroshima para el G7 mientras l\u00edderes sancionan a Rusia","datePublished":"2023-05-20T23:57:37+00:00","dateModified":"2023-05-20T23:57:40+00:00","mainEntityOfPage":{"@id":"https:\/\/quehacerpolitico.mx\/?p=100989"},"wordCount":952,"commentCount":0,"image":{"@id":"https:\/\/quehacerpolitico.mx\/?p=100989#primaryimage"},"thumbnailUrl":"https:\/\/quehacerpolitico.mx\/wp-content\/uploads\/2023\/05\/IMG_7830.jpeg","articleSection":["Internacionales"],"inLanguage":"es","potentialAction":[{"@type":"CommentAction","name":"Comment","target":["https:\/\/quehacerpolitico.mx\/?p=100989#respond"]}]},{"@type":"WebPage","@id":"https:\/\/quehacerpolitico.mx\/?p=100989","url":"https:\/\/quehacerpolitico.mx\/?p=100989","name":"Internacionales\/\/\/Carolina Alonso Romei\/\/\/Zelensky\u00a0llega a Hiroshima para el G7 mientras l\u00edderes sancionan a Rusia -","isPartOf":{"@id":"https:\/\/quehacerpolitico.mx\/#website"},"primaryImageOfPage":{"@id":"https:\/\/quehacerpolitico.mx\/?p=100989#primaryimage"},"image":{"@id":"https:\/\/quehacerpolitico.mx\/?p=100989#primaryimage"},"thumbnailUrl":"https:\/\/quehacerpolitico.mx\/wp-content\/uploads\/2023\/05\/IMG_7830.jpeg","datePublished":"2023-05-20T23:57:37+00:00","dateModified":"2023-05-20T23:57:40+00:00","author":{"@id":"https:\/\/quehacerpolitico.mx\/#\/schema\/person\/496d8ad2d1d3f8036101dca7ee39e585"},"breadcrumb":{"@id":"https:\/\/quehacerpolitico.mx\/?p=100989#breadcrumb"},"inLanguage":"es","potentialAction":[{"@type":"ReadAction","target":["https:\/\/quehacerpolitico.mx\/?p=100989"]}]},{"@type":"ImageObject","inLanguage":"es","@id":"https:\/\/quehacerpolitico.mx\/?p=100989#primaryimage","url":"https:\/\/quehacerpolitico.mx\/wp-content\/uploads\/2023\/05\/IMG_7830.jpeg","contentUrl":"https:\/\/quehacerpolitico.mx\/wp-content\/uploads\/2023\/05\/IMG_7830.jpeg","width":1284,"height":705},{"@type":"BreadcrumbList","@id":"https:\/\/quehacerpolitico.mx\/?p=100989#breadcrumb","itemListElement":[{"@type":"ListItem","position":1,"name":"Inicio","item":"https:\/\/quehacerpolitico.mx\/"},{"@type":"ListItem","position":2,"name":"Internacionales\/\/\/Carolina Alonso Romei\/\/\/Zelensky\u00a0llega a Hiroshima para el G7 mientras l\u00edderes sancionan a Rusia"}]},{"@type":"WebSite","@id":"https:\/\/quehacerpolitico.mx\/#website","url":"https:\/\/quehacerpolitico.mx\/","name":"","description":"","potentialAction":[{"@type":"SearchAction","target":{"@type":"EntryPoint","urlTemplate":"https:\/\/quehacerpolitico.mx\/?s={search_term_string}"},"query-input":{"@type":"PropertyValueSpecification","valueRequired":true,"valueName":"search_term_string"}}],"inLanguage":"es"},{"@type":"Person","@id":"https:\/\/quehacerpolitico.mx\/#\/schema\/person\/496d8ad2d1d3f8036101dca7ee39e585","name":"Redacci\u00f3n QP","image":{"@type":"ImageObject","inLanguage":"es","@id":"https:\/\/secure.gravatar.com\/avatar\/c7164ed6fdec453195284ad24a5ae5b6e1eed2b848477fa2a4787ba9adf39a41?s=96&d=mm&r=g","url":"https:\/\/secure.gravatar.com\/avatar\/c7164ed6fdec453195284ad24a5ae5b6e1eed2b848477fa2a4787ba9adf39a41?s=96&d=mm&r=g","contentUrl":"https:\/\/secure.gravatar.com\/avatar\/c7164ed6fdec453195284ad24a5ae5b6e1eed2b848477fa2a4787ba9adf39a41?s=96&d=mm&r=g","caption":"Redacci\u00f3n QP"},"url":"https:\/\/quehacerpolitico.mx\/?author=2"}]}},"featured_image_urls":{"full":["https:\/\/quehacerpolitico.mx\/wp-content\/uploads\/2023\/05\/IMG_7830.jpeg",1284,705,false],"thumbnail":["https:\/\/quehacerpolitico.mx\/wp-content\/uploads\/2023\/05\/IMG_7830-150x150.jpeg",150,150,true],"medium":["https:\/\/quehacerpolitico.mx\/wp-content\/uploads\/2023\/05\/IMG_7830-300x165.jpeg",300,165,true],"medium_large":["https:\/\/quehacerpolitico.mx\/wp-content\/uploads\/2023\/05\/IMG_7830-768x422.jpeg",640,352,true],"large":["https:\/\/quehacerpolitico.mx\/wp-content\/uploads\/2023\/05\/IMG_7830-1024x562.jpeg",640,351,true],"1536x1536":["https:\/\/quehacerpolitico.mx\/wp-content\/uploads\/2023\/05\/IMG_7830.jpeg",1284,705,false],"2048x2048":["https:\/\/quehacerpolitico.mx\/wp-content\/uploads\/2023\/05\/IMG_7830.jpeg",1284,705,false],"covernews-featured":["https:\/\/quehacerpolitico.mx\/wp-content\/uploads\/2023\/05\/IMG_7830.jpeg",1024,562,false],"covernews-medium":["https:\/\/quehacerpolitico.mx\/wp-content\/uploads\/2023\/05\/IMG_7830.jpeg",540,296,false]},"author_info":{"display_name":"Redacci\u00f3n QP","author_link":"https:\/\/quehacerpolitico.mx\/?author=2"},"category_info":"<a href=\"https:\/\/quehacerpolitico.mx\/?cat=1\" rel=\"category\">Internacionales<\/a>","tag_info":"Internacionales","comment_count":"0","_links":{"self":[{"href":"https:\/\/quehacerpolitico.mx\/index.php?rest_route=\/wp\/v2\/posts\/100989","targetHints":{"allow":["GET"]}}],"collection":[{"href":"https:\/\/quehacerpolitico.mx\/index.php?rest_route=\/wp\/v2\/posts"}],"about":[{"href":"https:\/\/quehacerpolitico.mx\/index.php?rest_route=\/wp\/v2\/types\/post"}],"author":[{"embeddable":true,"href":"https:\/\/quehacerpolitico.mx\/index.php?rest_route=\/wp\/v2\/users\/2"}],"replies":[{"embeddable":true,"href":"https:\/\/quehacerpolitico.mx\/index.php?rest_route=%2Fwp%2Fv2%2Fcomments&post=100989"}],"version-history":[{"count":1,"href":"https:\/\/quehacerpolitico.mx\/index.php?rest_route=\/wp\/v2\/posts\/100989\/revisions"}],"predecessor-version":[{"id":100993,"href":"https:\/\/quehacerpolitico.mx\/index.php?rest_route=\/wp\/v2\/posts\/100989\/revisions\/100993"}],"wp:featuredmedia":[{"embeddable":true,"href":"https:\/\/quehacerpolitico.mx\/index.php?rest_route=\/wp\/v2\/media\/100992"}],"wp:attachment":[{"href":"https:\/\/quehacerpolitico.mx\/index.php?rest_route=%2Fwp%2Fv2%2Fmedia&parent=100989"}],"wp:term":[{"taxonomy":"category","embeddable":true,"href":"https:\/\/quehacerpolitico.mx\/index.php?rest_route=%2Fwp%2Fv2%2Fcategories&post=100989"},{"taxonomy":"post_tag","embeddable":true,"href":"https:\/\/quehacerpolitico.mx\/index.php?rest_route=%2Fwp%2Fv2%2Ftags&post=100989"}],"curies":[{"name":"wp","href":"https:\/\/api.w.org\/{rel}","templated":true}]}}