{"id":100970,"date":"2023-05-20T21:43:57","date_gmt":"2023-05-20T21:43:57","guid":{"rendered":"https:\/\/quehacerpolitico.mx\/?p=100970"},"modified":"2023-05-20T21:44:00","modified_gmt":"2023-05-20T21:44:00","slug":"el-presidente-lopez-obrador-llevo-a-cabo-la-revision-de-avances-del-tramo-5-del-tren-maya","status":"publish","type":"post","link":"https:\/\/quehacerpolitico.mx\/?p=100970","title":{"rendered":"El presidente Lopez Obrador llev\u00f3 a cabo la revisi\u00f3n de avances del\u00a0Tramo 5 del Tren Maya"},"content":{"rendered":"\n<p>Por Redacci\u00f3n QP<\/p>\n\n\n\n<p>El presidente L\u00f3pez Obrador apunt\u00f3 que \u201cen diciembre ser\u00e1 posible volar hacia cualquier lugar de M\u00e9xico y del mundo\u201d<\/p>\n\n\n\n<p>El presidente\u00a0<strong>Andres Manuel L\u00f3pez Obrador<\/strong>\u00a0llev\u00f3 a cabo la evaluaci\u00f3n de avances en la construcci\u00f3n del\u00a0<strong>Tramo 5 del Tren Maya<\/strong>\u00a0en donde se construye el\u00a0<strong>Aeropuerto Internacional de Tulum<\/strong>.<\/p>\n\n\n\n<figure class=\"wp-block-embed is-type-rich is-provider-twitter wp-block-embed-twitter\"><div class=\"wp-block-embed__wrapper\">\n<blockquote class=\"twitter-tweet\" data-width=\"550\" data-dnt=\"true\"><p lang=\"es\" dir=\"ltr\">Estamos realizando por primera vez la evaluaci\u00f3n del tramo 5 del Tren Maya en donde se construye el Aeropuerto de Tulum, Felipe Carrillo Puerto, una nueva maravilla de la ingenier\u00eda civil-militar y del trabajo de los excepcionales obreros mexicanos. En diciembre ser\u00e1 posible\u2026 <a href=\"https:\/\/t.co\/4mewueD6t3\">pic.twitter.com\/4mewueD6t3<\/a><\/p>&mdash; Andr\u00e9s Manuel (@lopezobrador_) <a href=\"https:\/\/twitter.com\/lopezobrador_\/status\/1660009467088605185?ref_src=twsrc%5Etfw\">May 20, 2023<\/a><\/blockquote><script async src=\"https:\/\/platform.twitter.com\/widgets.js\" charset=\"utf-8\"><\/script>\n<\/div><\/figure>\n\n\n\n<p>Por medio de un mensaje en redes sociales, el mandatario mexicano apunt\u00f3 que \u201cen diciembre ser\u00e1 posible volar hacia cualquier lugar de M\u00e9xico y del mundo\u201d.<\/p>\n\n\n\n<p>\u201cEstamos realizando por primera vez la evaluaci\u00f3n del tramo 5 del Tren Maya en donde se construye el Aeropuerto de Tulum, Felipe Carrillo Puerto, una nueva maravilla de la ingenier\u00eda civil-militar y del trabajo de los excepcionales obreros mexicanos. En diciembre ser\u00e1 posible volar hacia cualquier lugar de M\u00e9xico y del mundo\u201d, dijo.<\/p>\n\n\n\n<p>El presidente L\u00f3pez Obrador\u00a0emiti\u00f3 el jueves pasado un decreto en el que se apunta que la construcci\u00f3n, funcionamiento y operaci\u00f3n de \u201cobras prioritarias\u201d como el Tren Maya, el Corredor Interoce\u00e1nico del Istmo y de tres aeropuertos, entre los que se encuentra el Tulum, son seguridad nacional e inter\u00e9s p\u00fablico.<\/p>\n\n\n\n<p>Este decreto fue pr\u00e1cticamente una respuesta a la&nbsp;<strong>Suprema Corte de Justicia de la Naci\u00f3n<\/strong>&nbsp;(<strong>SCJN<\/strong>) que horas antes hab\u00eda invalidado el decreto del presidente mexicano que declaraba sus obras prioritarias como de \u201cseguridad nacional\u201d, reservaba informaci\u00f3n e imped\u00eda cualquier obstrucci\u00f3n legal para frenarlas.<\/p>\n\n\n\n<p>Este jueves, en la edici\u00f3n vespertina del DOF, L\u00f3pez Obrador public\u00f3 el nuevo decreto.<\/p>\n\n\n\n<p>\u201cSon de seguridad nacional y de inter\u00e9s p\u00fablico la construcci\u00f3n, funcionamiento, mantenimiento, operaci\u00f3n, infraestructura, los espacios, bienes de inter\u00e9s p\u00fablico, ejecuci\u00f3n y administraci\u00f3n de la infraestructura de transportes, de servicios y polos de desarrollo para el bienestar y equipo tanto del Tren Maya como del Corredor Interoce\u00e1nico del Istmo de Tehuantepec\u201d, indic\u00f3 en una primera parte el texto.<\/p>\n\n\n\n<p>\u201cY los aeropuertos de Palenque, Chiapas; de Chetumal y de Tulum, Quintana Roo, en los t\u00e9rminos expresados en la parte considerativa de este decreto\u201d, a\u00f1adi\u00f3 el decreto.<\/p>\n","protected":false},"excerpt":{"rendered":"<p>Por Redacci\u00f3n QP El presidente L\u00f3pez Obrador apunt\u00f3 que \u201cen diciembre ser\u00e1 posible volar hacia&#8230;<\/p>\n","protected":false},"author":2,"featured_media":100971,"comment_status":"open","ping_status":"open","sticky":false,"template":"","format":"standard","meta":{"_monsterinsights_skip_tracking":false,"_monsterinsights_sitenote_active":false,"_monsterinsights_sitenote_note":"","_monsterinsights_sitenote_category":0,"footnotes":""},"categories":[2],"tags":[],"class_list":["post-100970","post","type-post","status-publish","format-standard","has-post-thumbnail","hentry","category-noticias"],"yoast_head":"<!-- This site is optimized with the Yoast SEO plugin v27.3 - https:\/\/yoast.com\/product\/yoast-seo-wordpress\/ -->\n<title>El presidente Lopez Obrador llev\u00f3 a cabo la revisi\u00f3n de avances del\u00a0Tramo 5 del Tren Maya -<\/title>\n<meta name=\"robots\" content=\"index, follow, max-snippet:-1, max-image-preview:large, max-video-preview:-1\" \/>\n<link rel=\"canonical\" href=\"https:\/\/quehacerpolitico.mx\/?p=100970\" \/>\n<meta property=\"og:locale\" content=\"es_MX\" \/>\n<meta property=\"og:type\" content=\"article\" \/>\n<meta property=\"og:title\" content=\"El presidente Lopez Obrador llev\u00f3 a cabo la revisi\u00f3n de avances del\u00a0Tramo 5 del Tren Maya -\" \/>\n<meta property=\"og:description\" content=\"Por Redacci\u00f3n QP El presidente L\u00f3pez Obrador apunt\u00f3 que \u201cen diciembre ser\u00e1 posible volar hacia...\" \/>\n<meta property=\"og:url\" content=\"https:\/\/quehacerpolitico.mx\/?p=100970\" \/>\n<meta property=\"article:published_time\" content=\"2023-05-20T21:43:57+00:00\" \/>\n<meta property=\"article:modified_time\" content=\"2023-05-20T21:44:00+00:00\" \/>\n<meta property=\"og:image\" content=\"https:\/\/quehacerpolitico.mx\/wp-content\/uploads\/2023\/05\/IMG_7819.jpeg\" \/>\n\t<meta property=\"og:image:width\" content=\"2048\" \/>\n\t<meta property=\"og:image:height\" content=\"1756\" \/>\n\t<meta property=\"og:image:type\" content=\"image\/jpeg\" \/>\n<meta name=\"author\" content=\"Redacci\u00f3n QP\" \/>\n<meta name=\"twitter:card\" content=\"summary_large_image\" \/>\n<meta name=\"twitter:label1\" content=\"Escrito por\" \/>\n\t<meta name=\"twitter:data1\" content=\"Redacci\u00f3n QP\" \/>\n\t<meta name=\"twitter:label2\" content=\"Tiempo de lectura\" \/>\n\t<meta name=\"twitter:data2\" content=\"2 minutos\" \/>\n<script type=\"application\/ld+json\" class=\"yoast-schema-graph\">{\"@context\":\"https:\\\/\\\/schema.org\",\"@graph\":[{\"@type\":\"Article\",\"@id\":\"https:\\\/\\\/quehacerpolitico.mx\\\/?p=100970#article\",\"isPartOf\":{\"@id\":\"https:\\\/\\\/quehacerpolitico.mx\\\/?p=100970\"},\"author\":{\"name\":\"Redacci\u00f3n QP\",\"@id\":\"https:\\\/\\\/quehacerpolitico.mx\\\/#\\\/schema\\\/person\\\/496d8ad2d1d3f8036101dca7ee39e585\"},\"headline\":\"El presidente Lopez Obrador llev\u00f3 a cabo la revisi\u00f3n de avances del\u00a0Tramo 5 del Tren Maya\",\"datePublished\":\"2023-05-20T21:43:57+00:00\",\"dateModified\":\"2023-05-20T21:44:00+00:00\",\"mainEntityOfPage\":{\"@id\":\"https:\\\/\\\/quehacerpolitico.mx\\\/?p=100970\"},\"wordCount\":388,\"commentCount\":0,\"image\":{\"@id\":\"https:\\\/\\\/quehacerpolitico.mx\\\/?p=100970#primaryimage\"},\"thumbnailUrl\":\"https:\\\/\\\/quehacerpolitico.mx\\\/wp-content\\\/uploads\\\/2023\\\/05\\\/IMG_7819.jpeg\",\"articleSection\":[\"Noticias\"],\"inLanguage\":\"es\",\"potentialAction\":[{\"@type\":\"CommentAction\",\"name\":\"Comment\",\"target\":[\"https:\\\/\\\/quehacerpolitico.mx\\\/?p=100970#respond\"]}]},{\"@type\":\"WebPage\",\"@id\":\"https:\\\/\\\/quehacerpolitico.mx\\\/?p=100970\",\"url\":\"https:\\\/\\\/quehacerpolitico.mx\\\/?p=100970\",\"name\":\"El presidente Lopez Obrador llev\u00f3 a cabo la revisi\u00f3n de avances del\u00a0Tramo 5 del Tren Maya -\",\"isPartOf\":{\"@id\":\"https:\\\/\\\/quehacerpolitico.mx\\\/#website\"},\"primaryImageOfPage\":{\"@id\":\"https:\\\/\\\/quehacerpolitico.mx\\\/?p=100970#primaryimage\"},\"image\":{\"@id\":\"https:\\\/\\\/quehacerpolitico.mx\\\/?p=100970#primaryimage\"},\"thumbnailUrl\":\"https:\\\/\\\/quehacerpolitico.mx\\\/wp-content\\\/uploads\\\/2023\\\/05\\\/IMG_7819.jpeg\",\"datePublished\":\"2023-05-20T21:43:57+00:00\",\"dateModified\":\"2023-05-20T21:44:00+00:00\",\"author\":{\"@id\":\"https:\\\/\\\/quehacerpolitico.mx\\\/#\\\/schema\\\/person\\\/496d8ad2d1d3f8036101dca7ee39e585\"},\"breadcrumb\":{\"@id\":\"https:\\\/\\\/quehacerpolitico.mx\\\/?p=100970#breadcrumb\"},\"inLanguage\":\"es\",\"potentialAction\":[{\"@type\":\"ReadAction\",\"target\":[\"https:\\\/\\\/quehacerpolitico.mx\\\/?p=100970\"]}]},{\"@type\":\"ImageObject\",\"inLanguage\":\"es\",\"@id\":\"https:\\\/\\\/quehacerpolitico.mx\\\/?p=100970#primaryimage\",\"url\":\"https:\\\/\\\/quehacerpolitico.mx\\\/wp-content\\\/uploads\\\/2023\\\/05\\\/IMG_7819.jpeg\",\"contentUrl\":\"https:\\\/\\\/quehacerpolitico.mx\\\/wp-content\\\/uploads\\\/2023\\\/05\\\/IMG_7819.jpeg\",\"width\":2048,\"height\":1756},{\"@type\":\"BreadcrumbList\",\"@id\":\"https:\\\/\\\/quehacerpolitico.mx\\\/?p=100970#breadcrumb\",\"itemListElement\":[{\"@type\":\"ListItem\",\"position\":1,\"name\":\"Inicio\",\"item\":\"https:\\\/\\\/quehacerpolitico.mx\\\/\"},{\"@type\":\"ListItem\",\"position\":2,\"name\":\"El presidente Lopez Obrador llev\u00f3 a cabo la revisi\u00f3n de avances del\u00a0Tramo 5 del Tren Maya\"}]},{\"@type\":\"WebSite\",\"@id\":\"https:\\\/\\\/quehacerpolitico.mx\\\/#website\",\"url\":\"https:\\\/\\\/quehacerpolitico.mx\\\/\",\"name\":\"\",\"description\":\"\",\"potentialAction\":[{\"@type\":\"SearchAction\",\"target\":{\"@type\":\"EntryPoint\",\"urlTemplate\":\"https:\\\/\\\/quehacerpolitico.mx\\\/?s={search_term_string}\"},\"query-input\":{\"@type\":\"PropertyValueSpecification\",\"valueRequired\":true,\"valueName\":\"search_term_string\"}}],\"inLanguage\":\"es\"},{\"@type\":\"Person\",\"@id\":\"https:\\\/\\\/quehacerpolitico.mx\\\/#\\\/schema\\\/person\\\/496d8ad2d1d3f8036101dca7ee39e585\",\"name\":\"Redacci\u00f3n QP\",\"image\":{\"@type\":\"ImageObject\",\"inLanguage\":\"es\",\"@id\":\"https:\\\/\\\/secure.gravatar.com\\\/avatar\\\/c7164ed6fdec453195284ad24a5ae5b6e1eed2b848477fa2a4787ba9adf39a41?s=96&d=mm&r=g\",\"url\":\"https:\\\/\\\/secure.gravatar.com\\\/avatar\\\/c7164ed6fdec453195284ad24a5ae5b6e1eed2b848477fa2a4787ba9adf39a41?s=96&d=mm&r=g\",\"contentUrl\":\"https:\\\/\\\/secure.gravatar.com\\\/avatar\\\/c7164ed6fdec453195284ad24a5ae5b6e1eed2b848477fa2a4787ba9adf39a41?s=96&d=mm&r=g\",\"caption\":\"Redacci\u00f3n QP\"},\"url\":\"https:\\\/\\\/quehacerpolitico.mx\\\/?author=2\"}]}<\/script>\n<!-- \/ Yoast SEO plugin. -->","yoast_head_json":{"title":"El presidente Lopez Obrador llev\u00f3 a cabo la revisi\u00f3n de avances del\u00a0Tramo 5 del Tren Maya -","robots":{"index":"index","follow":"follow","max-snippet":"max-snippet:-1","max-image-preview":"max-image-preview:large","max-video-preview":"max-video-preview:-1"},"canonical":"https:\/\/quehacerpolitico.mx\/?p=100970","og_locale":"es_MX","og_type":"article","og_title":"El presidente Lopez Obrador llev\u00f3 a cabo la revisi\u00f3n de avances del\u00a0Tramo 5 del Tren Maya -","og_description":"Por Redacci\u00f3n QP El presidente L\u00f3pez Obrador apunt\u00f3 que \u201cen diciembre ser\u00e1 posible volar hacia...","og_url":"https:\/\/quehacerpolitico.mx\/?p=100970","article_published_time":"2023-05-20T21:43:57+00:00","article_modified_time":"2023-05-20T21:44:00+00:00","og_image":[{"width":2048,"height":1756,"url":"https:\/\/quehacerpolitico.mx\/wp-content\/uploads\/2023\/05\/IMG_7819.jpeg","type":"image\/jpeg"}],"author":"Redacci\u00f3n QP","twitter_card":"summary_large_image","twitter_misc":{"Escrito por":"Redacci\u00f3n QP","Tiempo de lectura":"2 minutos"},"schema":{"@context":"https:\/\/schema.org","@graph":[{"@type":"Article","@id":"https:\/\/quehacerpolitico.mx\/?p=100970#article","isPartOf":{"@id":"https:\/\/quehacerpolitico.mx\/?p=100970"},"author":{"name":"Redacci\u00f3n QP","@id":"https:\/\/quehacerpolitico.mx\/#\/schema\/person\/496d8ad2d1d3f8036101dca7ee39e585"},"headline":"El presidente Lopez Obrador llev\u00f3 a cabo la revisi\u00f3n de avances del\u00a0Tramo 5 del Tren Maya","datePublished":"2023-05-20T21:43:57+00:00","dateModified":"2023-05-20T21:44:00+00:00","mainEntityOfPage":{"@id":"https:\/\/quehacerpolitico.mx\/?p=100970"},"wordCount":388,"commentCount":0,"image":{"@id":"https:\/\/quehacerpolitico.mx\/?p=100970#primaryimage"},"thumbnailUrl":"https:\/\/quehacerpolitico.mx\/wp-content\/uploads\/2023\/05\/IMG_7819.jpeg","articleSection":["Noticias"],"inLanguage":"es","potentialAction":[{"@type":"CommentAction","name":"Comment","target":["https:\/\/quehacerpolitico.mx\/?p=100970#respond"]}]},{"@type":"WebPage","@id":"https:\/\/quehacerpolitico.mx\/?p=100970","url":"https:\/\/quehacerpolitico.mx\/?p=100970","name":"El presidente Lopez Obrador llev\u00f3 a cabo la revisi\u00f3n de avances del\u00a0Tramo 5 del Tren Maya -","isPartOf":{"@id":"https:\/\/quehacerpolitico.mx\/#website"},"primaryImageOfPage":{"@id":"https:\/\/quehacerpolitico.mx\/?p=100970#primaryimage"},"image":{"@id":"https:\/\/quehacerpolitico.mx\/?p=100970#primaryimage"},"thumbnailUrl":"https:\/\/quehacerpolitico.mx\/wp-content\/uploads\/2023\/05\/IMG_7819.jpeg","datePublished":"2023-05-20T21:43:57+00:00","dateModified":"2023-05-20T21:44:00+00:00","author":{"@id":"https:\/\/quehacerpolitico.mx\/#\/schema\/person\/496d8ad2d1d3f8036101dca7ee39e585"},"breadcrumb":{"@id":"https:\/\/quehacerpolitico.mx\/?p=100970#breadcrumb"},"inLanguage":"es","potentialAction":[{"@type":"ReadAction","target":["https:\/\/quehacerpolitico.mx\/?p=100970"]}]},{"@type":"ImageObject","inLanguage":"es","@id":"https:\/\/quehacerpolitico.mx\/?p=100970#primaryimage","url":"https:\/\/quehacerpolitico.mx\/wp-content\/uploads\/2023\/05\/IMG_7819.jpeg","contentUrl":"https:\/\/quehacerpolitico.mx\/wp-content\/uploads\/2023\/05\/IMG_7819.jpeg","width":2048,"height":1756},{"@type":"BreadcrumbList","@id":"https:\/\/quehacerpolitico.mx\/?p=100970#breadcrumb","itemListElement":[{"@type":"ListItem","position":1,"name":"Inicio","item":"https:\/\/quehacerpolitico.mx\/"},{"@type":"ListItem","position":2,"name":"El presidente Lopez Obrador llev\u00f3 a cabo la revisi\u00f3n de avances del\u00a0Tramo 5 del Tren Maya"}]},{"@type":"WebSite","@id":"https:\/\/quehacerpolitico.mx\/#website","url":"https:\/\/quehacerpolitico.mx\/","name":"","description":"","potentialAction":[{"@type":"SearchAction","target":{"@type":"EntryPoint","urlTemplate":"https:\/\/quehacerpolitico.mx\/?s={search_term_string}"},"query-input":{"@type":"PropertyValueSpecification","valueRequired":true,"valueName":"search_term_string"}}],"inLanguage":"es"},{"@type":"Person","@id":"https:\/\/quehacerpolitico.mx\/#\/schema\/person\/496d8ad2d1d3f8036101dca7ee39e585","name":"Redacci\u00f3n QP","image":{"@type":"ImageObject","inLanguage":"es","@id":"https:\/\/secure.gravatar.com\/avatar\/c7164ed6fdec453195284ad24a5ae5b6e1eed2b848477fa2a4787ba9adf39a41?s=96&d=mm&r=g","url":"https:\/\/secure.gravatar.com\/avatar\/c7164ed6fdec453195284ad24a5ae5b6e1eed2b848477fa2a4787ba9adf39a41?s=96&d=mm&r=g","contentUrl":"https:\/\/secure.gravatar.com\/avatar\/c7164ed6fdec453195284ad24a5ae5b6e1eed2b848477fa2a4787ba9adf39a41?s=96&d=mm&r=g","caption":"Redacci\u00f3n QP"},"url":"https:\/\/quehacerpolitico.mx\/?author=2"}]}},"featured_image_urls":{"full":["https:\/\/quehacerpolitico.mx\/wp-content\/uploads\/2023\/05\/IMG_7819.jpeg",2048,1756,false],"thumbnail":["https:\/\/quehacerpolitico.mx\/wp-content\/uploads\/2023\/05\/IMG_7819-150x150.jpeg",150,150,true],"medium":["https:\/\/quehacerpolitico.mx\/wp-content\/uploads\/2023\/05\/IMG_7819-300x257.jpeg",300,257,true],"medium_large":["https:\/\/quehacerpolitico.mx\/wp-content\/uploads\/2023\/05\/IMG_7819-768x659.jpeg",640,549,true],"large":["https:\/\/quehacerpolitico.mx\/wp-content\/uploads\/2023\/05\/IMG_7819-1024x878.jpeg",640,549,true],"1536x1536":["https:\/\/quehacerpolitico.mx\/wp-content\/uploads\/2023\/05\/IMG_7819-1536x1317.jpeg",1536,1317,true],"2048x2048":["https:\/\/quehacerpolitico.mx\/wp-content\/uploads\/2023\/05\/IMG_7819.jpeg",2048,1756,false],"covernews-featured":["https:\/\/quehacerpolitico.mx\/wp-content\/uploads\/2023\/05\/IMG_7819.jpeg",1024,878,false],"covernews-medium":["https:\/\/quehacerpolitico.mx\/wp-content\/uploads\/2023\/05\/IMG_7819.jpeg",397,340,false]},"author_info":{"display_name":"Redacci\u00f3n QP","author_link":"https:\/\/quehacerpolitico.mx\/?author=2"},"category_info":"<a href=\"https:\/\/quehacerpolitico.mx\/?cat=2\" rel=\"category\">Noticias<\/a>","tag_info":"Noticias","comment_count":"0","_links":{"self":[{"href":"https:\/\/quehacerpolitico.mx\/index.php?rest_route=\/wp\/v2\/posts\/100970","targetHints":{"allow":["GET"]}}],"collection":[{"href":"https:\/\/quehacerpolitico.mx\/index.php?rest_route=\/wp\/v2\/posts"}],"about":[{"href":"https:\/\/quehacerpolitico.mx\/index.php?rest_route=\/wp\/v2\/types\/post"}],"author":[{"embeddable":true,"href":"https:\/\/quehacerpolitico.mx\/index.php?rest_route=\/wp\/v2\/users\/2"}],"replies":[{"embeddable":true,"href":"https:\/\/quehacerpolitico.mx\/index.php?rest_route=%2Fwp%2Fv2%2Fcomments&post=100970"}],"version-history":[{"count":1,"href":"https:\/\/quehacerpolitico.mx\/index.php?rest_route=\/wp\/v2\/posts\/100970\/revisions"}],"predecessor-version":[{"id":100972,"href":"https:\/\/quehacerpolitico.mx\/index.php?rest_route=\/wp\/v2\/posts\/100970\/revisions\/100972"}],"wp:featuredmedia":[{"embeddable":true,"href":"https:\/\/quehacerpolitico.mx\/index.php?rest_route=\/wp\/v2\/media\/100971"}],"wp:attachment":[{"href":"https:\/\/quehacerpolitico.mx\/index.php?rest_route=%2Fwp%2Fv2%2Fmedia&parent=100970"}],"wp:term":[{"taxonomy":"category","embeddable":true,"href":"https:\/\/quehacerpolitico.mx\/index.php?rest_route=%2Fwp%2Fv2%2Fcategories&post=100970"},{"taxonomy":"post_tag","embeddable":true,"href":"https:\/\/quehacerpolitico.mx\/index.php?rest_route=%2Fwp%2Fv2%2Ftags&post=100970"}],"curies":[{"name":"wp","href":"https:\/\/api.w.org\/{rel}","templated":true}]}}