{"id":100963,"date":"2023-05-20T20:45:17","date_gmt":"2023-05-20T20:45:17","guid":{"rendered":"https:\/\/quehacerpolitico.mx\/?p=100963"},"modified":"2023-05-20T20:45:19","modified_gmt":"2023-05-20T20:45:19","slug":"muere-el-escritor-martin-amis-murio-a-los-73-anos-de-edad-en-su-residencia-en-lake-worth-en-florida","status":"publish","type":"post","link":"https:\/\/quehacerpolitico.mx\/?p=100963","title":{"rendered":"Muere el escritor Martin Amis\u00a0muri\u00f3 a los 73 a\u00f1os de edad en su residencia en\u00a0Lake Worth, en\u00a0Florida"},"content":{"rendered":"\n<p>Por Redacci\u00f3n QP<\/p>\n\n\n\n<p>Martin Amis muri\u00f3 a los 73 a\u00f1os de edad en su residencia en Lake Worth, en Florida, inform\u00f3 el diario New York Times<\/p>\n\n\n\n<p>El escritor brit\u00e1nico\u00a0<strong>Martin Amis<\/strong>\u00a0muri\u00f3 a los 73 a\u00f1os de edad en su residencia en\u00a0<strong>Lake Worth<\/strong>, en\u00a0<strong>Florida<\/strong>, informa el diario\u00a0New York Times<\/p>\n\n\n\n<p>Seg\u00fan el rotativo, el autor de \u2018London Fields\u2019 muri\u00f3 de\u00a0<strong>c\u00e1nceresof\u00e1gico<\/strong>, seg\u00fan confirm\u00f3 su\u00a0<strong>esposa<\/strong>, la tambi\u00e9n escritora Isabel Fonseca.<\/p>\n\n\n\n<p>Su muerte ocurre un d\u00eda despu\u00e9s de la proyecci\u00f3n en el&nbsp;<strong>Festival de Cannes<\/strong>&nbsp;de \u2018The Zone of Interest\u2019, del director&nbsp;<strong>Jonathan Glazer<\/strong>, adaptaci\u00f3n cinematogr\u00e1fica del libro hom\u00f3nimo del&nbsp;<strong>brit\u00e1nico<\/strong>&nbsp;publicado en 2014.<\/p>\n\n\n\n<p>El escritor, nacido en Oxford (Reino Unido) en 1949, public\u00f3 15 novelas a lo largo de su carrera literaria, adem\u00e1s de relatos cortos, ensayos, algunos de los cuales suscitaron la pol\u00e9mica, y del aplaudido libro de memorias \u201cExperiencia\u201d (2000).<\/p>\n\n\n\n<p>Uno de los novelistas en ingl\u00e9s m\u00e1s influyentes de las \u00faltimas d\u00e9cadas, e hijo del tambi\u00e9n escritor Kingsley Amis, el brit\u00e1nico hizo su debut en las letras con la publicaci\u00f3n de \u201cEl libro de Raquel\u201d (1973), a la que le sigui\u00f3 \u201cNi\u00f1os muertos\u201d (1975), obras que lo colocaron como uno los autores j\u00f3venes que llamaron la atenci\u00f3n de p\u00fablico y cr\u00edtica.<\/p>\n\n\n\n<p>Punto cumbre de su trabajo es la llamada \u201cTrilog\u00eda de Londres\u201d, compuesta por las novelas \u201cDinero\u201d (1984), \u201cLa informaci\u00f3n\u201d (1995) y la mencionada \u201cCampos de Londres\u201d (1989), que se encuentran entre sus obras m\u00e1s celebradas.<\/p>\n\n\n\n<figure class=\"wp-block-embed is-type-rich is-provider-twitter wp-block-embed-twitter\"><div class=\"wp-block-embed__wrapper\">\n<blockquote class=\"twitter-tweet\" data-width=\"550\" data-dnt=\"true\"><p lang=\"en\" dir=\"ltr\">We are devastated at the death of our author and friend, Martin Amis. Our thoughts are with all his family and loved ones, especially his children and wife Isabel. He leaves a towering legacy and an indelible mark on the British cultural landscape, and will be missed enormously. <a href=\"https:\/\/t.co\/ql2tEOLl5q\">pic.twitter.com\/ql2tEOLl5q<\/a><\/p>&mdash; Penguin Books UK (@PenguinUKBooks) <a href=\"https:\/\/twitter.com\/PenguinUKBooks\/status\/1660015622409912323?ref_src=twsrc%5Etfw\">May 20, 2023<\/a><\/blockquote><script async src=\"https:\/\/platform.twitter.com\/widgets.js\" charset=\"utf-8\"><\/script>\n<\/div><\/figure>\n\n\n\n<p>En sus \u00faltimos trabajos, el escritor explor\u00f3 las atrocidades del gobernante de la extinta Uni\u00f3n Sovi\u00e9tica Joseph Stalin y las consecuencias del Holocausto, como es el caso de \u201cLa zona de inter\u00e9s\u201d y \u201cLa flecha del tiempo\u201d (1991).<\/p>\n\n\n\n<p>En \u201cLa Zona de Inter\u00e9s\u201d, el brit\u00e1nico se vali\u00f3 de la s\u00e1tira, como dijo tras su publicaci\u00f3n, \u201cpara destacar con desd\u00e9n lo grotesco del r\u00e9gimen nazi\u201d.<\/p>\n\n\n\n<p>Su \u00faltima obra fue \u201cDesde dentro\u201d (2021), novela de esp\u00edritu semiautobiogr\u00e1fico.<\/p>\n\n\n\n<p>Con informaci\u00f3n de EFE<\/p>\n","protected":false},"excerpt":{"rendered":"<p>Por Redacci\u00f3n QP Martin Amis muri\u00f3 a los 73 a\u00f1os de edad en su residencia&#8230;<\/p>\n","protected":false},"author":2,"featured_media":100964,"comment_status":"open","ping_status":"open","sticky":false,"template":"","format":"standard","meta":{"_monsterinsights_skip_tracking":false,"_monsterinsights_sitenote_active":false,"_monsterinsights_sitenote_note":"","_monsterinsights_sitenote_category":0,"footnotes":""},"categories":[58],"tags":[],"class_list":["post-100963","post","type-post","status-publish","format-standard","has-post-thumbnail","hentry","category-cultura"],"yoast_head":"<!-- This site is optimized with the Yoast SEO plugin v27.3 - https:\/\/yoast.com\/product\/yoast-seo-wordpress\/ -->\n<title>Muere el escritor Martin Amis\u00a0muri\u00f3 a los 73 a\u00f1os de edad en su residencia en\u00a0Lake Worth, en\u00a0Florida -<\/title>\n<meta name=\"robots\" content=\"index, follow, max-snippet:-1, max-image-preview:large, max-video-preview:-1\" \/>\n<link rel=\"canonical\" href=\"https:\/\/quehacerpolitico.mx\/?p=100963\" \/>\n<meta property=\"og:locale\" content=\"es_MX\" \/>\n<meta property=\"og:type\" content=\"article\" \/>\n<meta property=\"og:title\" content=\"Muere el escritor Martin Amis\u00a0muri\u00f3 a los 73 a\u00f1os de edad en su residencia en\u00a0Lake Worth, en\u00a0Florida -\" \/>\n<meta property=\"og:description\" content=\"Por Redacci\u00f3n QP Martin Amis muri\u00f3 a los 73 a\u00f1os de edad en su residencia...\" \/>\n<meta property=\"og:url\" content=\"https:\/\/quehacerpolitico.mx\/?p=100963\" \/>\n<meta property=\"article:published_time\" content=\"2023-05-20T20:45:17+00:00\" \/>\n<meta property=\"article:modified_time\" content=\"2023-05-20T20:45:19+00:00\" \/>\n<meta property=\"og:image\" content=\"https:\/\/quehacerpolitico.mx\/wp-content\/uploads\/2023\/05\/IMG_7816.jpeg\" \/>\n\t<meta property=\"og:image:width\" content=\"739\" \/>\n\t<meta property=\"og:image:height\" content=\"415\" \/>\n\t<meta property=\"og:image:type\" content=\"image\/jpeg\" \/>\n<meta name=\"author\" content=\"Redacci\u00f3n QP\" \/>\n<meta name=\"twitter:card\" content=\"summary_large_image\" \/>\n<meta name=\"twitter:label1\" content=\"Escrito por\" \/>\n\t<meta name=\"twitter:data1\" content=\"Redacci\u00f3n QP\" \/>\n\t<meta name=\"twitter:label2\" content=\"Tiempo de lectura\" \/>\n\t<meta name=\"twitter:data2\" content=\"2 minutos\" \/>\n<script type=\"application\/ld+json\" class=\"yoast-schema-graph\">{\"@context\":\"https:\\\/\\\/schema.org\",\"@graph\":[{\"@type\":\"Article\",\"@id\":\"https:\\\/\\\/quehacerpolitico.mx\\\/?p=100963#article\",\"isPartOf\":{\"@id\":\"https:\\\/\\\/quehacerpolitico.mx\\\/?p=100963\"},\"author\":{\"name\":\"Redacci\u00f3n QP\",\"@id\":\"https:\\\/\\\/quehacerpolitico.mx\\\/#\\\/schema\\\/person\\\/496d8ad2d1d3f8036101dca7ee39e585\"},\"headline\":\"Muere el escritor Martin Amis\u00a0muri\u00f3 a los 73 a\u00f1os de edad en su residencia en\u00a0Lake Worth, en\u00a0Florida\",\"datePublished\":\"2023-05-20T20:45:17+00:00\",\"dateModified\":\"2023-05-20T20:45:19+00:00\",\"mainEntityOfPage\":{\"@id\":\"https:\\\/\\\/quehacerpolitico.mx\\\/?p=100963\"},\"wordCount\":386,\"commentCount\":0,\"image\":{\"@id\":\"https:\\\/\\\/quehacerpolitico.mx\\\/?p=100963#primaryimage\"},\"thumbnailUrl\":\"https:\\\/\\\/quehacerpolitico.mx\\\/wp-content\\\/uploads\\\/2023\\\/05\\\/IMG_7816.jpeg\",\"articleSection\":[\"Cultura y Entretenimiento\"],\"inLanguage\":\"es\",\"potentialAction\":[{\"@type\":\"CommentAction\",\"name\":\"Comment\",\"target\":[\"https:\\\/\\\/quehacerpolitico.mx\\\/?p=100963#respond\"]}]},{\"@type\":\"WebPage\",\"@id\":\"https:\\\/\\\/quehacerpolitico.mx\\\/?p=100963\",\"url\":\"https:\\\/\\\/quehacerpolitico.mx\\\/?p=100963\",\"name\":\"Muere el escritor Martin Amis\u00a0muri\u00f3 a los 73 a\u00f1os de edad en su residencia en\u00a0Lake Worth, en\u00a0Florida -\",\"isPartOf\":{\"@id\":\"https:\\\/\\\/quehacerpolitico.mx\\\/#website\"},\"primaryImageOfPage\":{\"@id\":\"https:\\\/\\\/quehacerpolitico.mx\\\/?p=100963#primaryimage\"},\"image\":{\"@id\":\"https:\\\/\\\/quehacerpolitico.mx\\\/?p=100963#primaryimage\"},\"thumbnailUrl\":\"https:\\\/\\\/quehacerpolitico.mx\\\/wp-content\\\/uploads\\\/2023\\\/05\\\/IMG_7816.jpeg\",\"datePublished\":\"2023-05-20T20:45:17+00:00\",\"dateModified\":\"2023-05-20T20:45:19+00:00\",\"author\":{\"@id\":\"https:\\\/\\\/quehacerpolitico.mx\\\/#\\\/schema\\\/person\\\/496d8ad2d1d3f8036101dca7ee39e585\"},\"breadcrumb\":{\"@id\":\"https:\\\/\\\/quehacerpolitico.mx\\\/?p=100963#breadcrumb\"},\"inLanguage\":\"es\",\"potentialAction\":[{\"@type\":\"ReadAction\",\"target\":[\"https:\\\/\\\/quehacerpolitico.mx\\\/?p=100963\"]}]},{\"@type\":\"ImageObject\",\"inLanguage\":\"es\",\"@id\":\"https:\\\/\\\/quehacerpolitico.mx\\\/?p=100963#primaryimage\",\"url\":\"https:\\\/\\\/quehacerpolitico.mx\\\/wp-content\\\/uploads\\\/2023\\\/05\\\/IMG_7816.jpeg\",\"contentUrl\":\"https:\\\/\\\/quehacerpolitico.mx\\\/wp-content\\\/uploads\\\/2023\\\/05\\\/IMG_7816.jpeg\",\"width\":739,\"height\":415},{\"@type\":\"BreadcrumbList\",\"@id\":\"https:\\\/\\\/quehacerpolitico.mx\\\/?p=100963#breadcrumb\",\"itemListElement\":[{\"@type\":\"ListItem\",\"position\":1,\"name\":\"Inicio\",\"item\":\"https:\\\/\\\/quehacerpolitico.mx\\\/\"},{\"@type\":\"ListItem\",\"position\":2,\"name\":\"Muere el escritor Martin Amis\u00a0muri\u00f3 a los 73 a\u00f1os de edad en su residencia en\u00a0Lake Worth, en\u00a0Florida\"}]},{\"@type\":\"WebSite\",\"@id\":\"https:\\\/\\\/quehacerpolitico.mx\\\/#website\",\"url\":\"https:\\\/\\\/quehacerpolitico.mx\\\/\",\"name\":\"\",\"description\":\"\",\"potentialAction\":[{\"@type\":\"SearchAction\",\"target\":{\"@type\":\"EntryPoint\",\"urlTemplate\":\"https:\\\/\\\/quehacerpolitico.mx\\\/?s={search_term_string}\"},\"query-input\":{\"@type\":\"PropertyValueSpecification\",\"valueRequired\":true,\"valueName\":\"search_term_string\"}}],\"inLanguage\":\"es\"},{\"@type\":\"Person\",\"@id\":\"https:\\\/\\\/quehacerpolitico.mx\\\/#\\\/schema\\\/person\\\/496d8ad2d1d3f8036101dca7ee39e585\",\"name\":\"Redacci\u00f3n QP\",\"image\":{\"@type\":\"ImageObject\",\"inLanguage\":\"es\",\"@id\":\"https:\\\/\\\/secure.gravatar.com\\\/avatar\\\/c7164ed6fdec453195284ad24a5ae5b6e1eed2b848477fa2a4787ba9adf39a41?s=96&d=mm&r=g\",\"url\":\"https:\\\/\\\/secure.gravatar.com\\\/avatar\\\/c7164ed6fdec453195284ad24a5ae5b6e1eed2b848477fa2a4787ba9adf39a41?s=96&d=mm&r=g\",\"contentUrl\":\"https:\\\/\\\/secure.gravatar.com\\\/avatar\\\/c7164ed6fdec453195284ad24a5ae5b6e1eed2b848477fa2a4787ba9adf39a41?s=96&d=mm&r=g\",\"caption\":\"Redacci\u00f3n QP\"},\"url\":\"https:\\\/\\\/quehacerpolitico.mx\\\/?author=2\"}]}<\/script>\n<!-- \/ Yoast SEO plugin. -->","yoast_head_json":{"title":"Muere el escritor Martin Amis\u00a0muri\u00f3 a los 73 a\u00f1os de edad en su residencia en\u00a0Lake Worth, en\u00a0Florida -","robots":{"index":"index","follow":"follow","max-snippet":"max-snippet:-1","max-image-preview":"max-image-preview:large","max-video-preview":"max-video-preview:-1"},"canonical":"https:\/\/quehacerpolitico.mx\/?p=100963","og_locale":"es_MX","og_type":"article","og_title":"Muere el escritor Martin Amis\u00a0muri\u00f3 a los 73 a\u00f1os de edad en su residencia en\u00a0Lake Worth, en\u00a0Florida -","og_description":"Por Redacci\u00f3n QP Martin Amis muri\u00f3 a los 73 a\u00f1os de edad en su residencia...","og_url":"https:\/\/quehacerpolitico.mx\/?p=100963","article_published_time":"2023-05-20T20:45:17+00:00","article_modified_time":"2023-05-20T20:45:19+00:00","og_image":[{"width":739,"height":415,"url":"https:\/\/quehacerpolitico.mx\/wp-content\/uploads\/2023\/05\/IMG_7816.jpeg","type":"image\/jpeg"}],"author":"Redacci\u00f3n QP","twitter_card":"summary_large_image","twitter_misc":{"Escrito por":"Redacci\u00f3n QP","Tiempo de lectura":"2 minutos"},"schema":{"@context":"https:\/\/schema.org","@graph":[{"@type":"Article","@id":"https:\/\/quehacerpolitico.mx\/?p=100963#article","isPartOf":{"@id":"https:\/\/quehacerpolitico.mx\/?p=100963"},"author":{"name":"Redacci\u00f3n QP","@id":"https:\/\/quehacerpolitico.mx\/#\/schema\/person\/496d8ad2d1d3f8036101dca7ee39e585"},"headline":"Muere el escritor Martin Amis\u00a0muri\u00f3 a los 73 a\u00f1os de edad en su residencia en\u00a0Lake Worth, en\u00a0Florida","datePublished":"2023-05-20T20:45:17+00:00","dateModified":"2023-05-20T20:45:19+00:00","mainEntityOfPage":{"@id":"https:\/\/quehacerpolitico.mx\/?p=100963"},"wordCount":386,"commentCount":0,"image":{"@id":"https:\/\/quehacerpolitico.mx\/?p=100963#primaryimage"},"thumbnailUrl":"https:\/\/quehacerpolitico.mx\/wp-content\/uploads\/2023\/05\/IMG_7816.jpeg","articleSection":["Cultura y Entretenimiento"],"inLanguage":"es","potentialAction":[{"@type":"CommentAction","name":"Comment","target":["https:\/\/quehacerpolitico.mx\/?p=100963#respond"]}]},{"@type":"WebPage","@id":"https:\/\/quehacerpolitico.mx\/?p=100963","url":"https:\/\/quehacerpolitico.mx\/?p=100963","name":"Muere el escritor Martin Amis\u00a0muri\u00f3 a los 73 a\u00f1os de edad en su residencia en\u00a0Lake Worth, en\u00a0Florida -","isPartOf":{"@id":"https:\/\/quehacerpolitico.mx\/#website"},"primaryImageOfPage":{"@id":"https:\/\/quehacerpolitico.mx\/?p=100963#primaryimage"},"image":{"@id":"https:\/\/quehacerpolitico.mx\/?p=100963#primaryimage"},"thumbnailUrl":"https:\/\/quehacerpolitico.mx\/wp-content\/uploads\/2023\/05\/IMG_7816.jpeg","datePublished":"2023-05-20T20:45:17+00:00","dateModified":"2023-05-20T20:45:19+00:00","author":{"@id":"https:\/\/quehacerpolitico.mx\/#\/schema\/person\/496d8ad2d1d3f8036101dca7ee39e585"},"breadcrumb":{"@id":"https:\/\/quehacerpolitico.mx\/?p=100963#breadcrumb"},"inLanguage":"es","potentialAction":[{"@type":"ReadAction","target":["https:\/\/quehacerpolitico.mx\/?p=100963"]}]},{"@type":"ImageObject","inLanguage":"es","@id":"https:\/\/quehacerpolitico.mx\/?p=100963#primaryimage","url":"https:\/\/quehacerpolitico.mx\/wp-content\/uploads\/2023\/05\/IMG_7816.jpeg","contentUrl":"https:\/\/quehacerpolitico.mx\/wp-content\/uploads\/2023\/05\/IMG_7816.jpeg","width":739,"height":415},{"@type":"BreadcrumbList","@id":"https:\/\/quehacerpolitico.mx\/?p=100963#breadcrumb","itemListElement":[{"@type":"ListItem","position":1,"name":"Inicio","item":"https:\/\/quehacerpolitico.mx\/"},{"@type":"ListItem","position":2,"name":"Muere el escritor Martin Amis\u00a0muri\u00f3 a los 73 a\u00f1os de edad en su residencia en\u00a0Lake Worth, en\u00a0Florida"}]},{"@type":"WebSite","@id":"https:\/\/quehacerpolitico.mx\/#website","url":"https:\/\/quehacerpolitico.mx\/","name":"","description":"","potentialAction":[{"@type":"SearchAction","target":{"@type":"EntryPoint","urlTemplate":"https:\/\/quehacerpolitico.mx\/?s={search_term_string}"},"query-input":{"@type":"PropertyValueSpecification","valueRequired":true,"valueName":"search_term_string"}}],"inLanguage":"es"},{"@type":"Person","@id":"https:\/\/quehacerpolitico.mx\/#\/schema\/person\/496d8ad2d1d3f8036101dca7ee39e585","name":"Redacci\u00f3n QP","image":{"@type":"ImageObject","inLanguage":"es","@id":"https:\/\/secure.gravatar.com\/avatar\/c7164ed6fdec453195284ad24a5ae5b6e1eed2b848477fa2a4787ba9adf39a41?s=96&d=mm&r=g","url":"https:\/\/secure.gravatar.com\/avatar\/c7164ed6fdec453195284ad24a5ae5b6e1eed2b848477fa2a4787ba9adf39a41?s=96&d=mm&r=g","contentUrl":"https:\/\/secure.gravatar.com\/avatar\/c7164ed6fdec453195284ad24a5ae5b6e1eed2b848477fa2a4787ba9adf39a41?s=96&d=mm&r=g","caption":"Redacci\u00f3n QP"},"url":"https:\/\/quehacerpolitico.mx\/?author=2"}]}},"featured_image_urls":{"full":["https:\/\/quehacerpolitico.mx\/wp-content\/uploads\/2023\/05\/IMG_7816.jpeg",739,415,false],"thumbnail":["https:\/\/quehacerpolitico.mx\/wp-content\/uploads\/2023\/05\/IMG_7816-150x150.jpeg",150,150,true],"medium":["https:\/\/quehacerpolitico.mx\/wp-content\/uploads\/2023\/05\/IMG_7816-300x168.jpeg",300,168,true],"medium_large":["https:\/\/quehacerpolitico.mx\/wp-content\/uploads\/2023\/05\/IMG_7816.jpeg",640,359,false],"large":["https:\/\/quehacerpolitico.mx\/wp-content\/uploads\/2023\/05\/IMG_7816.jpeg",640,359,false],"1536x1536":["https:\/\/quehacerpolitico.mx\/wp-content\/uploads\/2023\/05\/IMG_7816.jpeg",739,415,false],"2048x2048":["https:\/\/quehacerpolitico.mx\/wp-content\/uploads\/2023\/05\/IMG_7816.jpeg",739,415,false],"covernews-featured":["https:\/\/quehacerpolitico.mx\/wp-content\/uploads\/2023\/05\/IMG_7816.jpeg",739,415,false],"covernews-medium":["https:\/\/quehacerpolitico.mx\/wp-content\/uploads\/2023\/05\/IMG_7816.jpeg",540,303,false]},"author_info":{"display_name":"Redacci\u00f3n QP","author_link":"https:\/\/quehacerpolitico.mx\/?author=2"},"category_info":"<a href=\"https:\/\/quehacerpolitico.mx\/?cat=58\" rel=\"category\">Cultura y Entretenimiento<\/a>","tag_info":"Cultura y Entretenimiento","comment_count":"0","_links":{"self":[{"href":"https:\/\/quehacerpolitico.mx\/index.php?rest_route=\/wp\/v2\/posts\/100963","targetHints":{"allow":["GET"]}}],"collection":[{"href":"https:\/\/quehacerpolitico.mx\/index.php?rest_route=\/wp\/v2\/posts"}],"about":[{"href":"https:\/\/quehacerpolitico.mx\/index.php?rest_route=\/wp\/v2\/types\/post"}],"author":[{"embeddable":true,"href":"https:\/\/quehacerpolitico.mx\/index.php?rest_route=\/wp\/v2\/users\/2"}],"replies":[{"embeddable":true,"href":"https:\/\/quehacerpolitico.mx\/index.php?rest_route=%2Fwp%2Fv2%2Fcomments&post=100963"}],"version-history":[{"count":1,"href":"https:\/\/quehacerpolitico.mx\/index.php?rest_route=\/wp\/v2\/posts\/100963\/revisions"}],"predecessor-version":[{"id":100965,"href":"https:\/\/quehacerpolitico.mx\/index.php?rest_route=\/wp\/v2\/posts\/100963\/revisions\/100965"}],"wp:featuredmedia":[{"embeddable":true,"href":"https:\/\/quehacerpolitico.mx\/index.php?rest_route=\/wp\/v2\/media\/100964"}],"wp:attachment":[{"href":"https:\/\/quehacerpolitico.mx\/index.php?rest_route=%2Fwp%2Fv2%2Fmedia&parent=100963"}],"wp:term":[{"taxonomy":"category","embeddable":true,"href":"https:\/\/quehacerpolitico.mx\/index.php?rest_route=%2Fwp%2Fv2%2Fcategories&post=100963"},{"taxonomy":"post_tag","embeddable":true,"href":"https:\/\/quehacerpolitico.mx\/index.php?rest_route=%2Fwp%2Fv2%2Ftags&post=100963"}],"curies":[{"name":"wp","href":"https:\/\/api.w.org\/{rel}","templated":true}]}}