{"id":100960,"date":"2023-05-20T18:35:31","date_gmt":"2023-05-20T18:35:31","guid":{"rendered":"https:\/\/quehacerpolitico.mx\/?p=100960"},"modified":"2023-05-20T18:35:34","modified_gmt":"2023-05-20T18:35:34","slug":"el-quehacer-politico-jose-alberto-prado-angeles-decreto-a-la-expropiacion-de-vias-ferreas-por-parte-de-lopez-obrador-golpea-y-vulnera-la-inversion","status":"publish","type":"post","link":"https:\/\/quehacerpolitico.mx\/?p=100960","title":{"rendered":"El Quehacer Pol\u00edtico\/\/\/Jos\u00e9 Alberto Prado \u00c1ngeles\/\/\/Decret\u00f3 a la expropiaci\u00f3n de v\u00edas f\u00e9rreas por parte de L\u00f3pez Obrador golpea y vulnera la inversi\u00f3n"},"content":{"rendered":"\n<p>Por Jos\u00e9 Alberto Prado Angeles<\/p>\n\n\n\n<p>Editor y Director General<\/p>\n\n\n\n<p>El\u00a0Presidente firm\u00f3 un decreto para ocupar tres tramos ferroviarios en Veracruz\u00a0y ser utilizadas en el Corredor Interoce\u00e1nico del Istmo de Tehuantepec, una de las obras prioritarias criticadas por sus adversarios<\/p>\n\n\n\n<p>La expropiaci\u00f3n de tres tramos ferroviarios de Grupo M\u00e9xico por el Gobierno de Andr\u00e9s Manuel L\u00f3pez Obrador (AMLO) en Veracruz es un golpe en la confianza de los inversionistas, coincidieron expertos.<\/p>\n\n\n\n<p><strong>Ayer, el Presidente firm\u00f3 un decreto para ocupar indefinidamente dichas v\u00edas para ser utilizadas en el Corredor Interoce\u00e1nico del Istmo de Tehuantepec.<\/strong><\/p>\n\n\n\n<p>Sin embargo, Gabriela Siller, directora de An\u00e1lisis Econ\u00f3mico y Financiero de Banco Base, dijo que la medida \u201cgenera desconfianza para los empresarios en un clima de negocios que ya estaba deteriorado, representa un golpe a la confianza de los inversionistas y puede generar un impacto negativo en la percepci\u00f3n de estabilidad y seguridad jur\u00eddica\u201d.<\/p>\n\n\n\n<p>Por su parte, el analista Carlos L\u00f3pez, de la firma Tendencias Econ\u00f3micas y Financieras, coincidi\u00f3 en que la acci\u00f3n de L\u00f3pez Obrador federal es delicada y significa un \u201cp\u00e9simo mensaje a la inversi\u00f3n p\u00fablica y privada\u201d.<\/p>\n\n\n\n<p>El jueves pasado,\u00a0<strong>L\u00f3pez Obrador emiti\u00f3 un decreto en el que se indica que la construcci\u00f3n, funcionamiento y operaci\u00f3n de \u201cobras prioritarias\u201d como el Tren Maya, el Corredor Interoce\u00e1nico del Istmo y tres aeropuertos son de seguridad nacional.<\/strong><\/p>\n\n\n\n<p>Esto fue una respuesta a la Suprema Corte de Justicia de la Naci\u00f3n (SCJN), que invalid\u00f3 el decreto de AMLO que declaraba sus obras prioritarias como de \u201cseguridad nacional\u201d, reservaba informaci\u00f3n e imped\u00eda cualquier obstrucci\u00f3n legal para frenarlas.<\/p>\n\n\n\n<h4 class=\"wp-block-heading\">Marina toma instalaciones de Ferrosur<\/h4>\n\n\n\n<p>Grupo M\u00e9xico Transportes inform\u00f3 que&nbsp;<strong>personal armado de la Marina ocup\u00f3 ayer las instalaciones de Ferrosur en el tramo Coatzacoalcos-Medias Aguas desde las 6:00 horas,<\/strong>&nbsp;tras el decreto que ordena la ocupaci\u00f3n temporal e inmediata del tramo ferroviario por parte del Ferrocarril del Istmo de Tehuantepec SA de CV.<\/p>\n\n\n\n<figure class=\"wp-block-image\"><img decoding=\"async\" src=\"https:\/\/www.informador.mx\/__export\/1684582685593\/sites\/elinformador\/img\/2023\/05\/20\/eum20230519nac15_x11345011x_crop1684582684505.jpg_70287019.jpg\" alt=\"\"\/><figcaption class=\"wp-element-caption\">Obras como el Tren Maya y el Corredor Interoce\u00e1nico del Istmo de Tehuantepec se han declarado como de seguridad nacional. SUN&nbsp;<\/figcaption><\/figure>\n\n\n\n<p>GRUPO M\u00c9XICO<\/p>\n\n\n\n<h4 class=\"wp-block-heading\">Choques entre Germ\u00e1n Larrea y L\u00f3pez Obrador<\/h4>\n\n\n\n<p>Si bien el Presidente Andr\u00e9s Manuel L\u00f3pez Obrador ha dado hasta el momento el \u201cvisto bueno\u201d a Germ\u00e1n Larrea para adquirir Banamex, por ser director ejecutivo del Grupo M\u00e9xico, estar al d\u00eda con sus impuestos, sugerencias que el Mandatario emiti\u00f3 para el proceso de venta del banco, adem\u00e1s de que no haya despidos,&nbsp;<strong>la relaci\u00f3n entre los dos personajes no ha sido cordial y ha tenido enfrentamientos por el negocio minero de Larrea, as\u00ed como por la construcci\u00f3n del Tren Maya.<\/strong><\/p>\n\n\n\n<p><strong>Larrea se uni\u00f3 a varios empresarios que llamaron a no votar por el Presidente L\u00f3pez Obrador a sus colaboradores en 2018.<\/strong><\/p>\n\n\n\n<p>A trav\u00e9s de una carta enviada al personal de sus empresas, el magnate pidi\u00f3 antes de las elecciones de julio de 2018 \u201crazonar y votar con inteligencia\u201d.<\/p>\n\n\n\n<p>En tanto,<strong>&nbsp;el Presidente L\u00f3pez Obrador le ha reclamado en reiteradas ocasiones por no haber rescatado los cuerpos de los mineros que perdieron la vida en el accidente de Pasta de Conchos,<\/strong>&nbsp;mina de la cual la firma ten\u00eda la concesi\u00f3n y la devolvi\u00f3 al Gobierno en 2020.<\/p>\n\n\n\n<p>El Gobierno de L\u00f3pez Obrador tambi\u00e9n se enfrent\u00f3 con Grupo M\u00e9xico ante la cancelaci\u00f3n anticipada de un contrato en la construcci\u00f3n del Tramo 5 del Tren Maya en 2022. De acuerdo con la empresa, se evit\u00f3 caer en incumplimento ante los tiempos solicitados por la autoridad, quien ped\u00eda completar el tramo en 11 meses y entregarlo en julio del presente a\u00f1o.<\/p>\n\n\n\n<p>Lo anterior provoc\u00f3 demandas por parte de la empresa y finalmente se lleg\u00f3 a un acuerdo con la administraci\u00f3n federal.<\/p>\n\n\n\n<p>Esta semana, el Presidente dio el visto bueno a que el empresario adquiera Banamex, dijo que las negociaciones van muy avanzadas y que hasta el momento el Gobierno mexicano est\u00e1 revisando la parte de impuestos que se deban de pagar por la transacci\u00f3n final.<\/p>\n\n\n\n<p>SUN<\/p>\n\n\n\n<h4 class=\"wp-block-heading\">\u201cDecretazo es para que no puedan frenar obras\u201d<\/h4>\n\n\n\n<p>Al manifestar que \u201ctenemos que proteger y blindar estas obras\u201d, el Presidente Andr\u00e9s Manuel L\u00f3pez Obrador asegur\u00f3 que su decisi\u00f3n de emitir un nuevo acuerdo en el que clasifica al Tren Maya, Tren Interoce\u00e1nico y las obras de los aeropuertos de Palenque, Chetumal y de Tulum, como de seguridad nacional e inter\u00e9s p\u00fablico es porque<strong>opositores \u201cfif\u00eds, insensatos, corruptos, antipatriotas\u201d buscan parar estas obras, pero afirm\u00f3 que no se tiene la intenci\u00f3n de ocultar informaci\u00f3n sobre contratos.<\/strong><\/p>\n\n\n\n<p>En conferencia de prensa matutina, el Mandatario acus\u00f3 que quienes han promovido estos amparos en contra de la construcci\u00f3n de estas obras son financiados por Estados Unidos.<\/p>\n\n\n\n<p>\u201cS\u00ed tenemos que proteger estas obras, porque esos insensatos irresponsables corruptos, adem\u00e1s muy antipatriotas, pueden parar las obras, como ha sido su intenci\u00f3n. No estoy inventando nada, no estoy hablando al tanteo y tenemos que proteger, blindar estas obras de inter\u00e9s nacional y de inter\u00e9s p\u00fablico\u201d, admiti\u00f3 el Ejecutivo.<\/p>\n\n\n\n<p>L\u00f3pez Obrador se\u00f1al\u00f3 que habr\u00eda una gran afectaci\u00f3n al desarrollo del sureste si se paran estas obras gubernamentales, debido a presiones de sus adversarios.<\/p>\n\n\n\n<p><strong>\u201cImaginen los beneficios para la gente del sureste, cancelarlos nada m\u00e1s por los caprichos de estos fif\u00eds corruptos.<\/strong>&nbsp;Entonces tomamos la decisi\u00f3n, el decretar todas estas obras de seguridad nacional y de inter\u00e9s p\u00fablico y eso fue lo que se hizo ayer (jueves), y porque nos preocupa y por eso se tom\u00f3 la decisi\u00f3n de convertir estas obras en acciones de seguridad nacional porque los que est\u00e1n promoviendo los amparos en contra de todas estas obras est\u00e1n financiados por Estados Unidos.<\/p>\n\n\n\n<p>\u201cEsto lo hemos estado haciendo con mucho esfuerzo y enfrentando a gente irresponsable, sectaria, mafiosa, que no quieren que no se hiciera nada, que nada m\u00e1s piensan en ellos, muy ego\u00edstas, corruptos, por eso ayer (jueves) se tom\u00f3 la decisi\u00f3n de enviar un decreto para que toda esta regi\u00f3n se convierta en una regi\u00f3n sobre todo los ferrocarriles, los puertos, aeropuertos en una zona de seguridad nacional y de inter\u00e9s p\u00fablico.<\/p>\n\n\n\n<p>\u201c\u00bfPor qu\u00e9? Dicen \u2018es que no quiere el Presidente que se sepa cu\u00e1nto se est\u00e1 invirtiendo en el Tren Maya porque hay negocios o hay corrupci\u00f3n\u2019. No, no somos iguales, nosotros no somos corruptos, yo lo que estimo m\u00e1s importante es la honestidad, adem\u00e1s enga\u00f1an a la gente porque son personas inmorales, sin escr\u00fapulos,&nbsp;<strong>el que se reserva una obra de estas como de seguridad nacional o de inter\u00e9s publica no significa que no se va a informar,<\/strong>&nbsp;pero enga\u00f1aron y como hay mucha gente que tiene ganas de que les digan mentiras sobre nosotros, que les digan en contra de nosotros aunque sean mentira: \u2018T\u00fa mi\u00e9nteme que me gusta si se trata de Andr\u00e9s Manuel, de AMLO, o del \u2018Peje\u2019, le creo todo lo que me digas\u2019\u201d.<\/p>\n\n\n\n<p>SUN<\/p>\n\n\n\n<h4 class=\"wp-block-heading\">AMLO rechaza que burle a SCJN<\/h4>\n\n\n\n<p>El Presidente Andr\u00e9s Manuel L\u00f3pez Obrador rechaz\u00f3 que el nuevo decreto para catalogar las obras del sureste como de seguridad nacional y de inter\u00e9s p\u00fablico sea para burlar la decisi\u00f3n de la SCJN de invalidar el decreto de noviembre de 2021 y&nbsp;<strong>advirti\u00f3 que si vuelve a ser impugnado se proceder\u00e1 conforme a la Ley.<\/strong><\/p>\n\n\n\n<p><strong>\u201cSon cosas distintas, aun cuando s\u00ed, es protegernos hasta de la Corte por lo que estamos viendo, porque no le tenemos confianza a la Corte\u201d.<\/strong><\/p>\n\n\n\n<p>L\u00f3pez Obrador explic\u00f3 que el decreto del jueves es distinto, porque el de 2021 era para la construcci\u00f3n de las obras, porque sus adversarios \u201cmet\u00edan y met\u00edan\u201d amparos para que no avanzaran.<\/p>\n\n\n\n<p>\u201cCon ese decreto se podr\u00eda avanzar y as\u00ed avanzamos, y ahora es para que todo sea de seguridad nacional aun cuando ya est\u00e1 por terminarse la obra. Es que hay una acci\u00f3n deliberada, de mala fe, antipopular, concertada, en la cual est\u00e1 coludida la Corte\u201d.<\/p>\n\n\n\n<p>Se\u00f1al\u00f3 que su Gobierno tiene que buscar de manera legal proteger esas obras como el Tren Maya, el Tren Interoce\u00e1nico, la construcci\u00f3n de los aeropuertos de Palenque, Chiapas; Chetumal y Tulum en Quintana Roo. Rechaz\u00f3 que se trate de un desacato a la Suprema Corte.&nbsp;<\/p>\n\n\n\n<p>\u201cNo tiene nada que ver, es otra cosa, es protegernos ante una acci\u00f3n arbitraria o legal, pero con prop\u00f3sitos politiqueros\u201d.<\/p>\n\n\n\n<figure class=\"wp-block-image\"><img decoding=\"async\" src=\"https:\/\/www.informador.mx\/__export\/1684581741769\/sites\/elinformador\/img\/2023\/05\/20\/eum20230519pol04_x11340442x_crop1684581739925.jpg_70287019.jpg\" alt=\"\"\/><figcaption class=\"wp-element-caption\">Tras la ma\u00f1anera, el Mandatario vol\u00f3 a Chiapas para ver el avance del Tramo 1 del Tren Maya, que corre de Palenque a Esc\u00e1rcega, en Campeche. SUN\/C. Mej\u00eda&nbsp;<\/figcaption><\/figure>\n\n\n\n<h4 class=\"wp-block-heading\"><strong>El Presidente acusa que la SCJN est\u00e1 en contra de la transformaci\u00f3n del pa\u00eds<\/strong><\/h4>\n\n\n\n<p>El Presidente Andr\u00e9s Manuel L\u00f3pez Obrador acus\u00f3 que la Suprema Corte de Justicia de la Naci\u00f3n (SCJN) est\u00e1 en contra de su Gobierno y de la transformaci\u00f3n del pa\u00eds porque forma parte del mismo grupo corrupto del empresario Claudio X. Gonz\u00e1lez. Critic\u00f3 que junto con algunos periodistas y comunicadores, ahora se les suman \u201clas ni\u00f1as y los ni\u00f1os h\u00e9roes\u201d de la Corte.<\/p>\n\n\n\n<p><strong>\u201cNosotros por el voto llegamos aqu\u00ed (a la Presidencia), pero el Poder Judicial se hered\u00f3 del antiguo r\u00e9gimen y est\u00e1 intacto, es el Poder Judicial de siempre y hay que renovarlo,<\/strong>&nbsp;como obedece a los intereses del antiguo r\u00e9gimen es un poder para proteger privilegios de una minor\u00eda, no para proteger al pueblo, y para defender a delincuentes de cuello blanco y de la delincuencia organizada\u201d.<\/p>\n\n\n\n<p>Cuestion\u00f3 que cu\u00e1ndo la Corte va a resolver de conformidad con la Ley, con apego al Estado de derecho, si forman parte de un grupo de intereses creados, \u201csi existe una relaci\u00f3n de componendas y forman parte de ese agrupamiento conservador corrupto\u201d.<\/p>\n\n\n\n<p>SUN<\/p>\n\n\n\n<h4 class=\"wp-block-heading\">Desesperaci\u00f3n por ocultar la corrupci\u00f3n: PAN<\/h4>\n\n\n\n<p>La vicecoordinadora del PAN en el Senado, Kenia L\u00f3pez, dijo ayer que el Presidente L\u00f3pez Obrador est\u00e1 desesperado por ocultar la enorme corrupci\u00f3n en su Gobierno y sus mega obras.<\/p>\n\n\n\n<p>\u201cDespu\u00e9s de la resoluci\u00f3n de la Suprema Corte de Justicia de la Naci\u00f3n por la que se invalida el decreto del Presidente L\u00f3pez Obrador para blindar sus obras, nuevamente el Gobierno gener\u00f3 otro decretazo para impedir que los mexicanos sepan c\u00f3mo se ha gastado el dinero en sus elefantes blancos.<\/p>\n\n\n\n<p>\u201cLa desesperaci\u00f3n de L\u00f3pez Obrador por ocultar la corrupci\u00f3n en la que est\u00e1 metido su Gobierno, es enorme. Est\u00e1n actuando de manera irracional.<\/p>\n\n\n\n<p>\u201cSin duda este decreto es la muestra clara de que cuando L\u00f3pez Obrador no gana, lo arrebata. Seguro as\u00ed lo va a querer hacer en las elecciones, por eso su insistencia en cometer actos anticipados de campa\u00f1a, porque no quiere que se sepa el cochinero que tiene en su administraci\u00f3n.&nbsp;<strong>Es muy primitivo por parte de la Presidencia pensar que puede repetir un acto que ha sido declarado inv\u00e1lido. Estoy segura que la Corte revertir\u00e1 de nueva cuenta este decreto\u201d.<\/strong><\/p>\n\n\n\n<p>SUN<\/p>\n\n\n\n<h4 class=\"wp-block-heading\">Analiza IMCO confrontaci\u00f3n entre Ejecutivo y Judicial<\/h4>\n\n\n\n<p>Ante la respuesta gubernamental sobre la invalidez de la Suprema Corte de Justicia de la Naci\u00f3n (SCJN) del decreto que priorizaba a las obras de seguridad nacional, tales como el Tren Maya o el Tren Interoce\u00e1nico, entre otras obras aeropuertarias, el Instituto Mexicano para la Competitividad (IMCO) analiz\u00f3 la confrontaci\u00f3n entre los Poderes Ejecutivo y Judicial que empez\u00f3 desde el a\u00f1o 2021.<\/p>\n\n\n\n<p>En su an\u00e1lisis detall\u00f3 que el fallo de la Corte atiende a una controversia constitucional que busc\u00f3 el Inai tras la emisi\u00f3n del decreto del Presidente Andr\u00e9s Manuel L\u00f3pez Obrador en diciembre de 2021.<\/p>\n\n\n\n<p><strong>De acuerdo con el IMCO, el acuerdo vulnera el derecho al acceso a la informaci\u00f3n y genera opacidad en el uso de recursos p\u00fablicos, ya que no permite que exista el ejercicio de rendici\u00f3n de cuentas,<\/strong>&nbsp;por lo que ahora el organismo podr\u00e1 obtener la informaci\u00f3n a la que no ten\u00eda acceso.<\/p>\n\n\n\n<p>As\u00ed como destac\u00f3 la atenci\u00f3n a la demanda del Inai, tambi\u00e9n que con esta acci\u00f3n el Poder Judicial demostr\u00f3 que \u201ces un contrapeso efectivo en el ejercicio del poder\u201d y adem\u00e1s protege a otro contrapeso en el aspecto de la democracia.<\/p>\n\n\n\n<p>Sin embargo, remarc\u00f3 que el reto al que se enfrenta la SCJN es deliberar el segundo decreto con el que el l\u00edder del Ejecutivo clasifica al Tren Maya, Corredor Interoce\u00e1nico del Istmo y los aeropuertos de Palenque, Chetumal y Tulum de seguridad nacional, por lo que no viola el derecho al acceso a la informaci\u00f3n.<\/p>\n\n\n\n<p>Asimismo, expuso que tendr\u00e1n qu\u00e9 determinar las consecuencias de las acciones de constitucionalidad y el desacuerdo con el primer art\u00edculo que aplica \u00fanicamente para el Inai.<\/p>\n\n\n\n<p><strong>La siguiente discusi\u00f3n de la SCJN ser\u00e1 el pr\u00f3ximo lunes 22 de mayo,<\/strong>&nbsp;en donde se debatir\u00e1 el alcance de la invalidez sobre el derecho al acceso a la informaci\u00f3n para la poblaci\u00f3n.<\/p>\n\n\n\n<p>SUN<\/p>\n\n\n\n<figure class=\"wp-block-image\"><img decoding=\"async\" src=\"https:\/\/www.informador.mx\/__export\/1684581787906\/sites\/elinformador\/img\/2023\/05\/20\/imagen_cmyk_crop1684581786825.jpg_70287019.jpg\" alt=\"\"\/><figcaption class=\"wp-element-caption\">A pesar de que todav\u00eda no puede sesionar el pleno del Inai, los cuatro comisionados vigentes reaccionaron ante el nuevo decretazo presidencial. ESPECIAL&nbsp;<\/figcaption><\/figure>\n\n\n\n<h4 class=\"wp-block-heading\">Inai presenta queja contra decreto sobre Tren Maya<\/h4>\n\n\n\n<p>El Instituto Nacional de Transparencia, Acceso a la Informaci\u00f3n y Protecci\u00f3n de Datos Personales (Inai) present\u00f3 ayer un recurso de queja ante la Suprema Corte de Justicia de la Naci\u00f3n (SCJN) en contra del nuevo decreto del Presidente Andr\u00e9s Manuel L\u00f3pez Obrador para declarar la construcci\u00f3n del Tren Maya, el Corredor Interoce\u00e1nico del Istmo de Tehuantepec, los aeropuertos de Palenque, Chetumal y Tulum, entre otras obras, como de seguridad nacional y de inter\u00e9s p\u00fablico.<\/p>\n\n\n\n<p>Adicionalmente,&nbsp;<strong>el Instituto solicit\u00f3 que los efectos de la sentencia de la controversia 217\/2021, que se prev\u00e9 sean dictados en la sesi\u00f3n del pr\u00f3ximo 22 de mayo, se hagan extensivos al decreto publicado ayer,<\/strong>&nbsp;debido a la similitud existente.<\/p>\n\n\n\n<p>El Instituto advirti\u00f3 que la publicaci\u00f3n de ese decreto viola la suspensi\u00f3n otorgada por el M\u00e1ximo Tribunal en la controversia constitucional 217\/2021, que interpuso en diciembre de 2021, para impugnar el Acuerdo del 22 de noviembre de ese mismo a\u00f1o, por el cual el Presidente de la Rep\u00fablica declaraba como de seguridad nacional los proyectos y obras de infraestructura del Gobierno federal.<\/p>\n\n\n\n<p>Al admitir la controversia constitucional, la SCJN determin\u00f3 procedente la suspensi\u00f3n de todos los efectos y las consecuencias del Acuerdo, ya que&nbsp;<strong>su ejecuci\u00f3n implicar\u00eda una restricci\u00f3n al derecho a saber, pues la informaci\u00f3n derivada de esos proyectos y obras podr\u00eda ser considerada tambi\u00e9n reservada por seguridad nacional e inter\u00e9s p\u00fablico.<\/strong><\/p>\n\n\n\n<p>El Inai concluy\u00f3 que el decreto publicado ayer se encuentra en los mismos t\u00e9rminos del Acuerdo de noviembre de 2021 y, en ese sentido, viola la suspensi\u00f3n otorgada por el M\u00e1ximo Tribunal, lo cual podr\u00eda representar una restricci\u00f3n al acceso a la informaci\u00f3n relacionada con esas obras como el Tren Maya, el Corredor Interoce\u00e1nico del Istmo de Tehuantepec y los aeropuertos de Palenque, Chetumal y Tulum.<\/p>\n\n\n\n<p>\u201cEs importante precisar que la suspensi\u00f3n se encuentra vigente, debido a que la controversia constitucional no ha sido resuelta en su totalidad. Si bien en la sesi\u00f3n de ayer, el Pleno de la Corte determin\u00f3 la invalidez del Acuerdo del 22 de noviembre de 2021, lo cierto es que no se dictaron los efectos de la sentencia, con lo cual no se puede considerar como un asunto totalmente concluido. Por tanto, debe quedar claro que los efectos de la suspensi\u00f3n no han cesado\u201d, se\u00f1al\u00f3 en un comunicado.<\/p>\n\n\n\n<h4 class=\"wp-block-heading\">SUN<\/h4>\n\n\n\n<h4 class=\"wp-block-heading\">Jueza ordena a Senado nombrar un comisionado<\/h4>\n\n\n\n<p><strong>Una jueza federal orden\u00f3 a la Junta de Coordinaci\u00f3n Pol\u00edtica del Senado convocar a un periodo extraordinario de sesiones para nombrar a uno de los comisionados que faltan<\/strong>&nbsp;para que el Instituto Nacional de Transparencia, Acceso a la Informaci\u00f3n y Protecci\u00f3n de Datos Personal (Inai) pueda operar.<\/p>\n\n\n\n<p>Al conceder una suspensi\u00f3n al Consejo Consultivo del Inai contra la omisi\u00f3n del Senado en la designaci\u00f3n de los comisionados,&nbsp;<strong>el juzgador dio un plazo de tres d\u00edas a la Junta de Coordinaci\u00f3n Pol\u00edtica para que elabore la propuesta de los candidatos al puesto de comisionado,<\/strong>&nbsp;por lo que hace a la segunda vacante de dicho puesto.<\/p>\n\n\n\n<p>Hecho lo anterior, \u201cdentro del plazo de tres d\u00edas la Comisi\u00f3n Permanente del Congreso de la Uni\u00f3n lleve a cabo los actos que le permitan convocar a la C\u00e1mara de Senadores a un periodo de sesiones extraordinarias con la finalidad de que se someta a su conocimiento la propuesta respectiva\u201d.<\/p>\n\n\n\n<p>Como parte del expediente 1714\/2022, la titular del Juzgado 17 en Materia Administrativa con sede en la Ciudad de M\u00e9xico afirm\u00f3 que el beneficio de la medida cautelar solicitada puede revocarse o modificarse a trav\u00e9s de la sentencia principal, lo cual no deja sin materia el juicio de amparo en cuanto al fondo.<\/p>\n\n\n\n<p><strong>Fij\u00f3 para el 30 de mayo la celebraci\u00f3n de la audiencia incidental en la que resolver\u00e1 si conceder la suspensi\u00f3n definitiva.<\/strong><\/p>\n\n\n\n<p>SUN<\/p>\n\n\n\n<p>FALTAN TRES LITIGANTES<\/p>\n\n\n\n<h4 class=\"wp-block-heading\">Segunda suspensi\u00f3n que se otorga<\/h4>\n\n\n\n<p>A falta de tres de sus comisionados, el Inai no ha podido sesionar, esto ya que se requieren al menos cuatro consejeros para que se tenga el qu\u00f3rum legal para sesionar.<\/p>\n\n\n\n<p><strong>En marzo el Presidente utiliz\u00f3 su veto como titular del Ejecutivo federal para frenar otros dos nombramientos que ya hab\u00edan sido designados por el Senado de la Rep\u00fablica.<\/strong><\/p>\n\n\n\n<p>El Inai qued\u00f3 inoperante con la salida del comisionado Francisco Acu\u00f1a el 1 de abril pasado, al no contar con el qu\u00f3rum necesario para sesionar el Pleno.<\/p>\n\n\n\n<p>Esta es la segunda suspensi\u00f3n otorgada por la juzgadora para que se nombre a los comisionados faltantes del Inai. La primera fue ordenada a principios de mayo pasado.<\/p>\n\n\n\n<p>As\u00ed el Quehacer Pol\u00edtico Desde 1980, inquiriendo en la pol\u00edtica de M\u00e9xico, cuestionando, exponiendo, revelando y razonando.Es cuanto.<\/p>\n","protected":false},"excerpt":{"rendered":"<p>Por Jos\u00e9 Alberto Prado Angeles Editor y Director General El\u00a0Presidente firm\u00f3 un decreto para ocupar&#8230;<\/p>\n","protected":false},"author":2,"featured_media":100961,"comment_status":"open","ping_status":"open","sticky":false,"template":"","format":"standard","meta":{"_monsterinsights_skip_tracking":false,"_monsterinsights_sitenote_active":false,"_monsterinsights_sitenote_note":"","_monsterinsights_sitenote_category":0,"footnotes":""},"categories":[2],"tags":[],"class_list":["post-100960","post","type-post","status-publish","format-standard","has-post-thumbnail","hentry","category-noticias"],"yoast_head":"<!-- This site is optimized with the Yoast SEO plugin v27.3 - https:\/\/yoast.com\/product\/yoast-seo-wordpress\/ -->\n<title>El Quehacer Pol\u00edtico\/\/\/Jos\u00e9 Alberto Prado \u00c1ngeles\/\/\/Decret\u00f3 a la expropiaci\u00f3n de v\u00edas f\u00e9rreas por parte de L\u00f3pez Obrador golpea y vulnera la inversi\u00f3n -<\/title>\n<meta name=\"robots\" content=\"index, follow, max-snippet:-1, max-image-preview:large, max-video-preview:-1\" \/>\n<link rel=\"canonical\" href=\"https:\/\/quehacerpolitico.mx\/?p=100960\" \/>\n<meta property=\"og:locale\" content=\"es_MX\" \/>\n<meta property=\"og:type\" content=\"article\" \/>\n<meta property=\"og:title\" content=\"El Quehacer Pol\u00edtico\/\/\/Jos\u00e9 Alberto Prado \u00c1ngeles\/\/\/Decret\u00f3 a la expropiaci\u00f3n de v\u00edas f\u00e9rreas por parte de L\u00f3pez Obrador golpea y vulnera la inversi\u00f3n -\" \/>\n<meta property=\"og:description\" content=\"Por Jos\u00e9 Alberto Prado Angeles Editor y Director General El\u00a0Presidente firm\u00f3 un decreto para ocupar...\" \/>\n<meta property=\"og:url\" content=\"https:\/\/quehacerpolitico.mx\/?p=100960\" \/>\n<meta property=\"article:published_time\" content=\"2023-05-20T18:35:31+00:00\" \/>\n<meta property=\"article:modified_time\" content=\"2023-05-20T18:35:34+00:00\" \/>\n<meta property=\"og:image\" content=\"https:\/\/quehacerpolitico.mx\/wp-content\/uploads\/2023\/05\/511bc7b1-f34b-4418-b917-5120714f846d-4.jpeg\" \/>\n\t<meta property=\"og:image:width\" content=\"963\" \/>\n\t<meta property=\"og:image:height\" content=\"493\" \/>\n\t<meta property=\"og:image:type\" content=\"image\/jpeg\" \/>\n<meta name=\"author\" content=\"Redacci\u00f3n QP\" \/>\n<meta name=\"twitter:card\" content=\"summary_large_image\" \/>\n<meta name=\"twitter:label1\" content=\"Escrito por\" \/>\n\t<meta name=\"twitter:data1\" content=\"Redacci\u00f3n QP\" \/>\n\t<meta name=\"twitter:label2\" content=\"Tiempo de lectura\" \/>\n\t<meta name=\"twitter:data2\" content=\"15 minutos\" \/>\n<script type=\"application\/ld+json\" class=\"yoast-schema-graph\">{\"@context\":\"https:\\\/\\\/schema.org\",\"@graph\":[{\"@type\":\"Article\",\"@id\":\"https:\\\/\\\/quehacerpolitico.mx\\\/?p=100960#article\",\"isPartOf\":{\"@id\":\"https:\\\/\\\/quehacerpolitico.mx\\\/?p=100960\"},\"author\":{\"name\":\"Redacci\u00f3n QP\",\"@id\":\"https:\\\/\\\/quehacerpolitico.mx\\\/#\\\/schema\\\/person\\\/496d8ad2d1d3f8036101dca7ee39e585\"},\"headline\":\"El Quehacer Pol\u00edtico\\\/\\\/\\\/Jos\u00e9 Alberto Prado \u00c1ngeles\\\/\\\/\\\/Decret\u00f3 a la expropiaci\u00f3n de v\u00edas f\u00e9rreas por parte de L\u00f3pez Obrador golpea y vulnera la inversi\u00f3n\",\"datePublished\":\"2023-05-20T18:35:31+00:00\",\"dateModified\":\"2023-05-20T18:35:34+00:00\",\"mainEntityOfPage\":{\"@id\":\"https:\\\/\\\/quehacerpolitico.mx\\\/?p=100960\"},\"wordCount\":3113,\"commentCount\":0,\"image\":{\"@id\":\"https:\\\/\\\/quehacerpolitico.mx\\\/?p=100960#primaryimage\"},\"thumbnailUrl\":\"https:\\\/\\\/quehacerpolitico.mx\\\/wp-content\\\/uploads\\\/2023\\\/05\\\/511bc7b1-f34b-4418-b917-5120714f846d-4.jpeg\",\"articleSection\":[\"Noticias\"],\"inLanguage\":\"es\",\"potentialAction\":[{\"@type\":\"CommentAction\",\"name\":\"Comment\",\"target\":[\"https:\\\/\\\/quehacerpolitico.mx\\\/?p=100960#respond\"]}]},{\"@type\":\"WebPage\",\"@id\":\"https:\\\/\\\/quehacerpolitico.mx\\\/?p=100960\",\"url\":\"https:\\\/\\\/quehacerpolitico.mx\\\/?p=100960\",\"name\":\"El Quehacer Pol\u00edtico\\\/\\\/\\\/Jos\u00e9 Alberto Prado \u00c1ngeles\\\/\\\/\\\/Decret\u00f3 a la expropiaci\u00f3n de v\u00edas f\u00e9rreas por parte de L\u00f3pez Obrador golpea y vulnera la inversi\u00f3n -\",\"isPartOf\":{\"@id\":\"https:\\\/\\\/quehacerpolitico.mx\\\/#website\"},\"primaryImageOfPage\":{\"@id\":\"https:\\\/\\\/quehacerpolitico.mx\\\/?p=100960#primaryimage\"},\"image\":{\"@id\":\"https:\\\/\\\/quehacerpolitico.mx\\\/?p=100960#primaryimage\"},\"thumbnailUrl\":\"https:\\\/\\\/quehacerpolitico.mx\\\/wp-content\\\/uploads\\\/2023\\\/05\\\/511bc7b1-f34b-4418-b917-5120714f846d-4.jpeg\",\"datePublished\":\"2023-05-20T18:35:31+00:00\",\"dateModified\":\"2023-05-20T18:35:34+00:00\",\"author\":{\"@id\":\"https:\\\/\\\/quehacerpolitico.mx\\\/#\\\/schema\\\/person\\\/496d8ad2d1d3f8036101dca7ee39e585\"},\"breadcrumb\":{\"@id\":\"https:\\\/\\\/quehacerpolitico.mx\\\/?p=100960#breadcrumb\"},\"inLanguage\":\"es\",\"potentialAction\":[{\"@type\":\"ReadAction\",\"target\":[\"https:\\\/\\\/quehacerpolitico.mx\\\/?p=100960\"]}]},{\"@type\":\"ImageObject\",\"inLanguage\":\"es\",\"@id\":\"https:\\\/\\\/quehacerpolitico.mx\\\/?p=100960#primaryimage\",\"url\":\"https:\\\/\\\/quehacerpolitico.mx\\\/wp-content\\\/uploads\\\/2023\\\/05\\\/511bc7b1-f34b-4418-b917-5120714f846d-4.jpeg\",\"contentUrl\":\"https:\\\/\\\/quehacerpolitico.mx\\\/wp-content\\\/uploads\\\/2023\\\/05\\\/511bc7b1-f34b-4418-b917-5120714f846d-4.jpeg\",\"width\":963,\"height\":493},{\"@type\":\"BreadcrumbList\",\"@id\":\"https:\\\/\\\/quehacerpolitico.mx\\\/?p=100960#breadcrumb\",\"itemListElement\":[{\"@type\":\"ListItem\",\"position\":1,\"name\":\"Inicio\",\"item\":\"https:\\\/\\\/quehacerpolitico.mx\\\/\"},{\"@type\":\"ListItem\",\"position\":2,\"name\":\"El Quehacer Pol\u00edtico\\\/\\\/\\\/Jos\u00e9 Alberto Prado \u00c1ngeles\\\/\\\/\\\/Decret\u00f3 a la expropiaci\u00f3n de v\u00edas f\u00e9rreas por parte de L\u00f3pez Obrador golpea y vulnera la inversi\u00f3n\"}]},{\"@type\":\"WebSite\",\"@id\":\"https:\\\/\\\/quehacerpolitico.mx\\\/#website\",\"url\":\"https:\\\/\\\/quehacerpolitico.mx\\\/\",\"name\":\"\",\"description\":\"\",\"potentialAction\":[{\"@type\":\"SearchAction\",\"target\":{\"@type\":\"EntryPoint\",\"urlTemplate\":\"https:\\\/\\\/quehacerpolitico.mx\\\/?s={search_term_string}\"},\"query-input\":{\"@type\":\"PropertyValueSpecification\",\"valueRequired\":true,\"valueName\":\"search_term_string\"}}],\"inLanguage\":\"es\"},{\"@type\":\"Person\",\"@id\":\"https:\\\/\\\/quehacerpolitico.mx\\\/#\\\/schema\\\/person\\\/496d8ad2d1d3f8036101dca7ee39e585\",\"name\":\"Redacci\u00f3n QP\",\"image\":{\"@type\":\"ImageObject\",\"inLanguage\":\"es\",\"@id\":\"https:\\\/\\\/secure.gravatar.com\\\/avatar\\\/c7164ed6fdec453195284ad24a5ae5b6e1eed2b848477fa2a4787ba9adf39a41?s=96&d=mm&r=g\",\"url\":\"https:\\\/\\\/secure.gravatar.com\\\/avatar\\\/c7164ed6fdec453195284ad24a5ae5b6e1eed2b848477fa2a4787ba9adf39a41?s=96&d=mm&r=g\",\"contentUrl\":\"https:\\\/\\\/secure.gravatar.com\\\/avatar\\\/c7164ed6fdec453195284ad24a5ae5b6e1eed2b848477fa2a4787ba9adf39a41?s=96&d=mm&r=g\",\"caption\":\"Redacci\u00f3n QP\"},\"url\":\"https:\\\/\\\/quehacerpolitico.mx\\\/?author=2\"}]}<\/script>\n<!-- \/ Yoast SEO plugin. -->","yoast_head_json":{"title":"El Quehacer Pol\u00edtico\/\/\/Jos\u00e9 Alberto Prado \u00c1ngeles\/\/\/Decret\u00f3 a la expropiaci\u00f3n de v\u00edas f\u00e9rreas por parte de L\u00f3pez Obrador golpea y vulnera la inversi\u00f3n -","robots":{"index":"index","follow":"follow","max-snippet":"max-snippet:-1","max-image-preview":"max-image-preview:large","max-video-preview":"max-video-preview:-1"},"canonical":"https:\/\/quehacerpolitico.mx\/?p=100960","og_locale":"es_MX","og_type":"article","og_title":"El Quehacer Pol\u00edtico\/\/\/Jos\u00e9 Alberto Prado \u00c1ngeles\/\/\/Decret\u00f3 a la expropiaci\u00f3n de v\u00edas f\u00e9rreas por parte de L\u00f3pez Obrador golpea y vulnera la inversi\u00f3n -","og_description":"Por Jos\u00e9 Alberto Prado Angeles Editor y Director General El\u00a0Presidente firm\u00f3 un decreto para ocupar...","og_url":"https:\/\/quehacerpolitico.mx\/?p=100960","article_published_time":"2023-05-20T18:35:31+00:00","article_modified_time":"2023-05-20T18:35:34+00:00","og_image":[{"width":963,"height":493,"url":"https:\/\/quehacerpolitico.mx\/wp-content\/uploads\/2023\/05\/511bc7b1-f34b-4418-b917-5120714f846d-4.jpeg","type":"image\/jpeg"}],"author":"Redacci\u00f3n QP","twitter_card":"summary_large_image","twitter_misc":{"Escrito por":"Redacci\u00f3n QP","Tiempo de lectura":"15 minutos"},"schema":{"@context":"https:\/\/schema.org","@graph":[{"@type":"Article","@id":"https:\/\/quehacerpolitico.mx\/?p=100960#article","isPartOf":{"@id":"https:\/\/quehacerpolitico.mx\/?p=100960"},"author":{"name":"Redacci\u00f3n QP","@id":"https:\/\/quehacerpolitico.mx\/#\/schema\/person\/496d8ad2d1d3f8036101dca7ee39e585"},"headline":"El Quehacer Pol\u00edtico\/\/\/Jos\u00e9 Alberto Prado \u00c1ngeles\/\/\/Decret\u00f3 a la expropiaci\u00f3n de v\u00edas f\u00e9rreas por parte de L\u00f3pez Obrador golpea y vulnera la inversi\u00f3n","datePublished":"2023-05-20T18:35:31+00:00","dateModified":"2023-05-20T18:35:34+00:00","mainEntityOfPage":{"@id":"https:\/\/quehacerpolitico.mx\/?p=100960"},"wordCount":3113,"commentCount":0,"image":{"@id":"https:\/\/quehacerpolitico.mx\/?p=100960#primaryimage"},"thumbnailUrl":"https:\/\/quehacerpolitico.mx\/wp-content\/uploads\/2023\/05\/511bc7b1-f34b-4418-b917-5120714f846d-4.jpeg","articleSection":["Noticias"],"inLanguage":"es","potentialAction":[{"@type":"CommentAction","name":"Comment","target":["https:\/\/quehacerpolitico.mx\/?p=100960#respond"]}]},{"@type":"WebPage","@id":"https:\/\/quehacerpolitico.mx\/?p=100960","url":"https:\/\/quehacerpolitico.mx\/?p=100960","name":"El Quehacer Pol\u00edtico\/\/\/Jos\u00e9 Alberto Prado \u00c1ngeles\/\/\/Decret\u00f3 a la expropiaci\u00f3n de v\u00edas f\u00e9rreas por parte de L\u00f3pez Obrador golpea y vulnera la inversi\u00f3n -","isPartOf":{"@id":"https:\/\/quehacerpolitico.mx\/#website"},"primaryImageOfPage":{"@id":"https:\/\/quehacerpolitico.mx\/?p=100960#primaryimage"},"image":{"@id":"https:\/\/quehacerpolitico.mx\/?p=100960#primaryimage"},"thumbnailUrl":"https:\/\/quehacerpolitico.mx\/wp-content\/uploads\/2023\/05\/511bc7b1-f34b-4418-b917-5120714f846d-4.jpeg","datePublished":"2023-05-20T18:35:31+00:00","dateModified":"2023-05-20T18:35:34+00:00","author":{"@id":"https:\/\/quehacerpolitico.mx\/#\/schema\/person\/496d8ad2d1d3f8036101dca7ee39e585"},"breadcrumb":{"@id":"https:\/\/quehacerpolitico.mx\/?p=100960#breadcrumb"},"inLanguage":"es","potentialAction":[{"@type":"ReadAction","target":["https:\/\/quehacerpolitico.mx\/?p=100960"]}]},{"@type":"ImageObject","inLanguage":"es","@id":"https:\/\/quehacerpolitico.mx\/?p=100960#primaryimage","url":"https:\/\/quehacerpolitico.mx\/wp-content\/uploads\/2023\/05\/511bc7b1-f34b-4418-b917-5120714f846d-4.jpeg","contentUrl":"https:\/\/quehacerpolitico.mx\/wp-content\/uploads\/2023\/05\/511bc7b1-f34b-4418-b917-5120714f846d-4.jpeg","width":963,"height":493},{"@type":"BreadcrumbList","@id":"https:\/\/quehacerpolitico.mx\/?p=100960#breadcrumb","itemListElement":[{"@type":"ListItem","position":1,"name":"Inicio","item":"https:\/\/quehacerpolitico.mx\/"},{"@type":"ListItem","position":2,"name":"El Quehacer Pol\u00edtico\/\/\/Jos\u00e9 Alberto Prado \u00c1ngeles\/\/\/Decret\u00f3 a la expropiaci\u00f3n de v\u00edas f\u00e9rreas por parte de L\u00f3pez Obrador golpea y vulnera la inversi\u00f3n"}]},{"@type":"WebSite","@id":"https:\/\/quehacerpolitico.mx\/#website","url":"https:\/\/quehacerpolitico.mx\/","name":"","description":"","potentialAction":[{"@type":"SearchAction","target":{"@type":"EntryPoint","urlTemplate":"https:\/\/quehacerpolitico.mx\/?s={search_term_string}"},"query-input":{"@type":"PropertyValueSpecification","valueRequired":true,"valueName":"search_term_string"}}],"inLanguage":"es"},{"@type":"Person","@id":"https:\/\/quehacerpolitico.mx\/#\/schema\/person\/496d8ad2d1d3f8036101dca7ee39e585","name":"Redacci\u00f3n QP","image":{"@type":"ImageObject","inLanguage":"es","@id":"https:\/\/secure.gravatar.com\/avatar\/c7164ed6fdec453195284ad24a5ae5b6e1eed2b848477fa2a4787ba9adf39a41?s=96&d=mm&r=g","url":"https:\/\/secure.gravatar.com\/avatar\/c7164ed6fdec453195284ad24a5ae5b6e1eed2b848477fa2a4787ba9adf39a41?s=96&d=mm&r=g","contentUrl":"https:\/\/secure.gravatar.com\/avatar\/c7164ed6fdec453195284ad24a5ae5b6e1eed2b848477fa2a4787ba9adf39a41?s=96&d=mm&r=g","caption":"Redacci\u00f3n QP"},"url":"https:\/\/quehacerpolitico.mx\/?author=2"}]}},"featured_image_urls":{"full":["https:\/\/quehacerpolitico.mx\/wp-content\/uploads\/2023\/05\/511bc7b1-f34b-4418-b917-5120714f846d-4.jpeg",963,493,false],"thumbnail":["https:\/\/quehacerpolitico.mx\/wp-content\/uploads\/2023\/05\/511bc7b1-f34b-4418-b917-5120714f846d-4-150x150.jpeg",150,150,true],"medium":["https:\/\/quehacerpolitico.mx\/wp-content\/uploads\/2023\/05\/511bc7b1-f34b-4418-b917-5120714f846d-4-300x154.jpeg",300,154,true],"medium_large":["https:\/\/quehacerpolitico.mx\/wp-content\/uploads\/2023\/05\/511bc7b1-f34b-4418-b917-5120714f846d-4-768x393.jpeg",640,328,true],"large":["https:\/\/quehacerpolitico.mx\/wp-content\/uploads\/2023\/05\/511bc7b1-f34b-4418-b917-5120714f846d-4.jpeg",640,328,false],"1536x1536":["https:\/\/quehacerpolitico.mx\/wp-content\/uploads\/2023\/05\/511bc7b1-f34b-4418-b917-5120714f846d-4.jpeg",963,493,false],"2048x2048":["https:\/\/quehacerpolitico.mx\/wp-content\/uploads\/2023\/05\/511bc7b1-f34b-4418-b917-5120714f846d-4.jpeg",963,493,false],"covernews-featured":["https:\/\/quehacerpolitico.mx\/wp-content\/uploads\/2023\/05\/511bc7b1-f34b-4418-b917-5120714f846d-4.jpeg",963,493,false],"covernews-medium":["https:\/\/quehacerpolitico.mx\/wp-content\/uploads\/2023\/05\/511bc7b1-f34b-4418-b917-5120714f846d-4.jpeg",540,276,false]},"author_info":{"display_name":"Redacci\u00f3n QP","author_link":"https:\/\/quehacerpolitico.mx\/?author=2"},"category_info":"<a href=\"https:\/\/quehacerpolitico.mx\/?cat=2\" rel=\"category\">Noticias<\/a>","tag_info":"Noticias","comment_count":"0","_links":{"self":[{"href":"https:\/\/quehacerpolitico.mx\/index.php?rest_route=\/wp\/v2\/posts\/100960","targetHints":{"allow":["GET"]}}],"collection":[{"href":"https:\/\/quehacerpolitico.mx\/index.php?rest_route=\/wp\/v2\/posts"}],"about":[{"href":"https:\/\/quehacerpolitico.mx\/index.php?rest_route=\/wp\/v2\/types\/post"}],"author":[{"embeddable":true,"href":"https:\/\/quehacerpolitico.mx\/index.php?rest_route=\/wp\/v2\/users\/2"}],"replies":[{"embeddable":true,"href":"https:\/\/quehacerpolitico.mx\/index.php?rest_route=%2Fwp%2Fv2%2Fcomments&post=100960"}],"version-history":[{"count":1,"href":"https:\/\/quehacerpolitico.mx\/index.php?rest_route=\/wp\/v2\/posts\/100960\/revisions"}],"predecessor-version":[{"id":100962,"href":"https:\/\/quehacerpolitico.mx\/index.php?rest_route=\/wp\/v2\/posts\/100960\/revisions\/100962"}],"wp:featuredmedia":[{"embeddable":true,"href":"https:\/\/quehacerpolitico.mx\/index.php?rest_route=\/wp\/v2\/media\/100961"}],"wp:attachment":[{"href":"https:\/\/quehacerpolitico.mx\/index.php?rest_route=%2Fwp%2Fv2%2Fmedia&parent=100960"}],"wp:term":[{"taxonomy":"category","embeddable":true,"href":"https:\/\/quehacerpolitico.mx\/index.php?rest_route=%2Fwp%2Fv2%2Fcategories&post=100960"},{"taxonomy":"post_tag","embeddable":true,"href":"https:\/\/quehacerpolitico.mx\/index.php?rest_route=%2Fwp%2Fv2%2Ftags&post=100960"}],"curies":[{"name":"wp","href":"https:\/\/api.w.org\/{rel}","templated":true}]}}