{"id":100951,"date":"2023-05-20T03:32:06","date_gmt":"2023-05-20T03:32:06","guid":{"rendered":"https:\/\/quehacerpolitico.mx\/?p=100951"},"modified":"2023-05-20T03:32:10","modified_gmt":"2023-05-20T03:32:10","slug":"estan-transformando-la-plaza-garibaldi-dejara-de-ser-un-espacio-olvidado-historicamente","status":"publish","type":"post","link":"https:\/\/quehacerpolitico.mx\/?p=100951","title":{"rendered":"Est\u00e1n transformando la Plaza Garibaldi; dejara de ser un espacio olvidado hist\u00f3ricamente"},"content":{"rendered":"\n<p>Por Redacci\u00f3n QP<\/p>\n\n\n\n<p>La Secretar\u00eda de Obras y Servicios de la Ciudad de M\u00e9xico, ya labora en el \u00e1rea para mejorar las inmediaciones de Garibaldi.<\/p>\n\n\n\n<p>A trav\u00e9s de un video en sus redes sociales, la Secretar\u00eda de Obras y Servicios de la\u00a0Ciudad de M\u00e9xico (<strong>SOBSECDMX<\/strong>) dio a conocer que le dar\u00e1 \u2018una retocada\u2019 a la\u00a0<strong>Plaza de Garibaldi<\/strong>, uno de los sitios m\u00e1s emblem\u00e1ticos de la capital.<\/p>\n\n\n\n<p>Y es que, a trav\u00e9s del programa de\u00a0Revitalizaci\u00f3n integral del Centro Hist\u00f3rico la dependencia capitalina se\u00f1ala que ya labora en el \u00e1rea para mejorar las inmediaciones de Garibaldi a fin de ayudar a vecinos y atraer mayor turismo a la zona.<\/p>\n\n\n\n<h2 class=\"wp-block-heading\">As\u00ed se realizar\u00e1 la rehabilitaci\u00f3n de la Plaza Garibaldi<\/h2>\n\n\n\n<p>Seg\u00fan el material compartido, se trata de una remodelaci\u00f3n total de la Plaza Garibaldi que comprende alrededor de 12 mil metros cuadrados, adem\u00e1s de que conllevar\u00e1 los siguientes trabajos:<\/p>\n\n\n\n<ul class=\"wp-block-list\">\n<li>Cambio de luminarias por tecnolog\u00eda led<\/li>\n\n\n\n<li>Rehabilitaci\u00f3n de velarias, pisos, \u00e1reas verdes y mobiliario urbano<\/li>\n\n\n\n<li>Demolici\u00f3n y excavaci\u00f3n de 11 mil metros cuadrados de antiguo piso que ser\u00e1 restituido<\/li>\n<\/ul>\n\n\n\n<p>Asimismo, la\u00a0<strong>SOBSE\u00a0<\/strong>dio a conocer que ya se est\u00e1 trabajando en el levantamiento topogr\u00e1fico de trazo y nivelaci\u00f3n de terreno para el comienzo de las obras, para las que no est\u00e1n definidos calendarios de trabajo ni de inicio ni de finalizaci\u00f3n.<\/p>\n\n\n\n<p>Los trabajos buscan la recuperaci\u00f3n de los espacios p\u00fablicos del\u00a0Centro Hist\u00f3rico Capitalino que antes estaban abandonados.<\/p>\n\n\n\n<figure class=\"wp-block-embed is-type-rich is-provider-twitter wp-block-embed-twitter\"><div class=\"wp-block-embed__wrapper\">\n<blockquote class=\"twitter-tweet\" data-width=\"550\" data-dnt=\"true\"><p lang=\"es\" dir=\"ltr\">Junto con <a href=\"https:\/\/twitter.com\/ach_CDMX?ref_src=twsrc%5Etfw\">@ach_CDMX<\/a> estamos transformando la Plaza Garibaldi; de ser un espacio olvidado hist\u00f3ricamente, ahora incluir\u00e1 elementos arquitect\u00f3nicos que mejorar\u00e1n la est\u00e9tica de la plaza \u2728, donde vecinos y visitantes puedan reunirse y disfrutar del entorno urbano. \ud83c\udfb6 <a href=\"https:\/\/t.co\/Prbi1ZXcxC\">pic.twitter.com\/Prbi1ZXcxC<\/a><\/p>&mdash; Secretar\u00eda de Obras y Servicios CDMX (@SOBSECDMX) <a href=\"https:\/\/twitter.com\/SOBSECDMX\/status\/1659712951371046915?ref_src=twsrc%5Etfw\">May 20, 2023<\/a><\/blockquote><script async src=\"https:\/\/platform.twitter.com\/widgets.js\" charset=\"utf-8\"><\/script>\n<\/div><\/figure>\n\n\n\n<h2 class=\"wp-block-heading\">Revitalizaci\u00f3n integral del Centro Hist\u00f3rico llega a Garibaldi<\/h2>\n\n\n\n<p>Mediante el programa de&nbsp;<strong>Revitalizaci\u00f3n Integral del Centro Hist\u00f3rico<\/strong>, el gobierno de la Ciudad de M\u00e9xico est\u00e1 mejorando la infraestructura p\u00fablica a fin de garantizar la preservaci\u00f3n del patrimonio y equipamiento urbano, viviendas incluyentes y proyectos de inversi\u00f3n privada en la capital.<\/p>\n\n\n\n<p>Al respecto, el gobierno capitalino detalla que en tres a\u00f1os de trabajo se han invertido alrededor de mil 500 millones de pesos en este programa para el mejoramiento de infraestructura p\u00fablica en el primer cuadro de la Ciudad.<\/p>\n\n\n\n<p>El rescate del\u00a0Centro Hist\u00f3rico se est\u00e1 realizando en conjunto con los vecinos y vecinas de la zona y tiene como objetivo apoyar a las comunidades ind\u00edgenas residentes del lugar, por lo que se llevar\u00e1n a cabo acciones para que cuenten con viviendas dignas.<\/p>\n","protected":false},"excerpt":{"rendered":"<p>Por Redacci\u00f3n QP La Secretar\u00eda de Obras y Servicios de la Ciudad de M\u00e9xico, ya&#8230;<\/p>\n","protected":false},"author":2,"featured_media":100952,"comment_status":"open","ping_status":"open","sticky":false,"template":"","format":"standard","meta":{"_monsterinsights_skip_tracking":false,"_monsterinsights_sitenote_active":false,"_monsterinsights_sitenote_note":"","_monsterinsights_sitenote_category":0,"footnotes":""},"categories":[55],"tags":[],"class_list":["post-100951","post","type-post","status-publish","format-standard","has-post-thumbnail","hentry","category-cdmx"],"yoast_head":"<!-- This site is optimized with the Yoast SEO plugin v27.3 - https:\/\/yoast.com\/product\/yoast-seo-wordpress\/ -->\n<title>Est\u00e1n transformando la Plaza Garibaldi; dejara de ser un espacio olvidado hist\u00f3ricamente -<\/title>\n<meta name=\"robots\" content=\"index, follow, max-snippet:-1, max-image-preview:large, max-video-preview:-1\" \/>\n<link rel=\"canonical\" href=\"https:\/\/quehacerpolitico.mx\/?p=100951\" \/>\n<meta property=\"og:locale\" content=\"es_MX\" \/>\n<meta property=\"og:type\" content=\"article\" \/>\n<meta property=\"og:title\" content=\"Est\u00e1n transformando la Plaza Garibaldi; dejara de ser un espacio olvidado hist\u00f3ricamente -\" \/>\n<meta property=\"og:description\" content=\"Por Redacci\u00f3n QP La Secretar\u00eda de Obras y Servicios de la Ciudad de M\u00e9xico, ya...\" \/>\n<meta property=\"og:url\" content=\"https:\/\/quehacerpolitico.mx\/?p=100951\" \/>\n<meta property=\"article:published_time\" content=\"2023-05-20T03:32:06+00:00\" \/>\n<meta property=\"article:modified_time\" content=\"2023-05-20T03:32:10+00:00\" \/>\n<meta property=\"og:image\" content=\"https:\/\/quehacerpolitico.mx\/wp-content\/uploads\/2023\/05\/IMG_7814.jpeg\" \/>\n\t<meta property=\"og:image:width\" content=\"1284\" \/>\n\t<meta property=\"og:image:height\" content=\"705\" \/>\n\t<meta property=\"og:image:type\" content=\"image\/jpeg\" \/>\n<meta name=\"author\" content=\"Redacci\u00f3n QP\" \/>\n<meta name=\"twitter:card\" content=\"summary_large_image\" \/>\n<meta name=\"twitter:label1\" content=\"Escrito por\" \/>\n\t<meta name=\"twitter:data1\" content=\"Redacci\u00f3n QP\" \/>\n\t<meta name=\"twitter:label2\" content=\"Tiempo de lectura\" \/>\n\t<meta name=\"twitter:data2\" content=\"2 minutos\" \/>\n<script type=\"application\/ld+json\" class=\"yoast-schema-graph\">{\"@context\":\"https:\\\/\\\/schema.org\",\"@graph\":[{\"@type\":\"Article\",\"@id\":\"https:\\\/\\\/quehacerpolitico.mx\\\/?p=100951#article\",\"isPartOf\":{\"@id\":\"https:\\\/\\\/quehacerpolitico.mx\\\/?p=100951\"},\"author\":{\"name\":\"Redacci\u00f3n QP\",\"@id\":\"https:\\\/\\\/quehacerpolitico.mx\\\/#\\\/schema\\\/person\\\/496d8ad2d1d3f8036101dca7ee39e585\"},\"headline\":\"Est\u00e1n transformando la Plaza Garibaldi; dejara de ser un espacio olvidado hist\u00f3ricamente\",\"datePublished\":\"2023-05-20T03:32:06+00:00\",\"dateModified\":\"2023-05-20T03:32:10+00:00\",\"mainEntityOfPage\":{\"@id\":\"https:\\\/\\\/quehacerpolitico.mx\\\/?p=100951\"},\"wordCount\":431,\"commentCount\":0,\"image\":{\"@id\":\"https:\\\/\\\/quehacerpolitico.mx\\\/?p=100951#primaryimage\"},\"thumbnailUrl\":\"https:\\\/\\\/quehacerpolitico.mx\\\/wp-content\\\/uploads\\\/2023\\\/05\\\/IMG_7814.jpeg\",\"articleSection\":[\"CDMX\"],\"inLanguage\":\"es\",\"potentialAction\":[{\"@type\":\"CommentAction\",\"name\":\"Comment\",\"target\":[\"https:\\\/\\\/quehacerpolitico.mx\\\/?p=100951#respond\"]}]},{\"@type\":\"WebPage\",\"@id\":\"https:\\\/\\\/quehacerpolitico.mx\\\/?p=100951\",\"url\":\"https:\\\/\\\/quehacerpolitico.mx\\\/?p=100951\",\"name\":\"Est\u00e1n transformando la Plaza Garibaldi; dejara de ser un espacio olvidado hist\u00f3ricamente -\",\"isPartOf\":{\"@id\":\"https:\\\/\\\/quehacerpolitico.mx\\\/#website\"},\"primaryImageOfPage\":{\"@id\":\"https:\\\/\\\/quehacerpolitico.mx\\\/?p=100951#primaryimage\"},\"image\":{\"@id\":\"https:\\\/\\\/quehacerpolitico.mx\\\/?p=100951#primaryimage\"},\"thumbnailUrl\":\"https:\\\/\\\/quehacerpolitico.mx\\\/wp-content\\\/uploads\\\/2023\\\/05\\\/IMG_7814.jpeg\",\"datePublished\":\"2023-05-20T03:32:06+00:00\",\"dateModified\":\"2023-05-20T03:32:10+00:00\",\"author\":{\"@id\":\"https:\\\/\\\/quehacerpolitico.mx\\\/#\\\/schema\\\/person\\\/496d8ad2d1d3f8036101dca7ee39e585\"},\"breadcrumb\":{\"@id\":\"https:\\\/\\\/quehacerpolitico.mx\\\/?p=100951#breadcrumb\"},\"inLanguage\":\"es\",\"potentialAction\":[{\"@type\":\"ReadAction\",\"target\":[\"https:\\\/\\\/quehacerpolitico.mx\\\/?p=100951\"]}]},{\"@type\":\"ImageObject\",\"inLanguage\":\"es\",\"@id\":\"https:\\\/\\\/quehacerpolitico.mx\\\/?p=100951#primaryimage\",\"url\":\"https:\\\/\\\/quehacerpolitico.mx\\\/wp-content\\\/uploads\\\/2023\\\/05\\\/IMG_7814.jpeg\",\"contentUrl\":\"https:\\\/\\\/quehacerpolitico.mx\\\/wp-content\\\/uploads\\\/2023\\\/05\\\/IMG_7814.jpeg\",\"width\":1284,\"height\":705},{\"@type\":\"BreadcrumbList\",\"@id\":\"https:\\\/\\\/quehacerpolitico.mx\\\/?p=100951#breadcrumb\",\"itemListElement\":[{\"@type\":\"ListItem\",\"position\":1,\"name\":\"Inicio\",\"item\":\"https:\\\/\\\/quehacerpolitico.mx\\\/\"},{\"@type\":\"ListItem\",\"position\":2,\"name\":\"Est\u00e1n transformando la Plaza Garibaldi; dejara de ser un espacio olvidado hist\u00f3ricamente\"}]},{\"@type\":\"WebSite\",\"@id\":\"https:\\\/\\\/quehacerpolitico.mx\\\/#website\",\"url\":\"https:\\\/\\\/quehacerpolitico.mx\\\/\",\"name\":\"\",\"description\":\"\",\"potentialAction\":[{\"@type\":\"SearchAction\",\"target\":{\"@type\":\"EntryPoint\",\"urlTemplate\":\"https:\\\/\\\/quehacerpolitico.mx\\\/?s={search_term_string}\"},\"query-input\":{\"@type\":\"PropertyValueSpecification\",\"valueRequired\":true,\"valueName\":\"search_term_string\"}}],\"inLanguage\":\"es\"},{\"@type\":\"Person\",\"@id\":\"https:\\\/\\\/quehacerpolitico.mx\\\/#\\\/schema\\\/person\\\/496d8ad2d1d3f8036101dca7ee39e585\",\"name\":\"Redacci\u00f3n QP\",\"image\":{\"@type\":\"ImageObject\",\"inLanguage\":\"es\",\"@id\":\"https:\\\/\\\/secure.gravatar.com\\\/avatar\\\/c7164ed6fdec453195284ad24a5ae5b6e1eed2b848477fa2a4787ba9adf39a41?s=96&d=mm&r=g\",\"url\":\"https:\\\/\\\/secure.gravatar.com\\\/avatar\\\/c7164ed6fdec453195284ad24a5ae5b6e1eed2b848477fa2a4787ba9adf39a41?s=96&d=mm&r=g\",\"contentUrl\":\"https:\\\/\\\/secure.gravatar.com\\\/avatar\\\/c7164ed6fdec453195284ad24a5ae5b6e1eed2b848477fa2a4787ba9adf39a41?s=96&d=mm&r=g\",\"caption\":\"Redacci\u00f3n QP\"},\"url\":\"https:\\\/\\\/quehacerpolitico.mx\\\/?author=2\"}]}<\/script>\n<!-- \/ Yoast SEO plugin. -->","yoast_head_json":{"title":"Est\u00e1n transformando la Plaza Garibaldi; dejara de ser un espacio olvidado hist\u00f3ricamente -","robots":{"index":"index","follow":"follow","max-snippet":"max-snippet:-1","max-image-preview":"max-image-preview:large","max-video-preview":"max-video-preview:-1"},"canonical":"https:\/\/quehacerpolitico.mx\/?p=100951","og_locale":"es_MX","og_type":"article","og_title":"Est\u00e1n transformando la Plaza Garibaldi; dejara de ser un espacio olvidado hist\u00f3ricamente -","og_description":"Por Redacci\u00f3n QP La Secretar\u00eda de Obras y Servicios de la Ciudad de M\u00e9xico, ya...","og_url":"https:\/\/quehacerpolitico.mx\/?p=100951","article_published_time":"2023-05-20T03:32:06+00:00","article_modified_time":"2023-05-20T03:32:10+00:00","og_image":[{"width":1284,"height":705,"url":"https:\/\/quehacerpolitico.mx\/wp-content\/uploads\/2023\/05\/IMG_7814.jpeg","type":"image\/jpeg"}],"author":"Redacci\u00f3n QP","twitter_card":"summary_large_image","twitter_misc":{"Escrito por":"Redacci\u00f3n QP","Tiempo de lectura":"2 minutos"},"schema":{"@context":"https:\/\/schema.org","@graph":[{"@type":"Article","@id":"https:\/\/quehacerpolitico.mx\/?p=100951#article","isPartOf":{"@id":"https:\/\/quehacerpolitico.mx\/?p=100951"},"author":{"name":"Redacci\u00f3n QP","@id":"https:\/\/quehacerpolitico.mx\/#\/schema\/person\/496d8ad2d1d3f8036101dca7ee39e585"},"headline":"Est\u00e1n transformando la Plaza Garibaldi; dejara de ser un espacio olvidado hist\u00f3ricamente","datePublished":"2023-05-20T03:32:06+00:00","dateModified":"2023-05-20T03:32:10+00:00","mainEntityOfPage":{"@id":"https:\/\/quehacerpolitico.mx\/?p=100951"},"wordCount":431,"commentCount":0,"image":{"@id":"https:\/\/quehacerpolitico.mx\/?p=100951#primaryimage"},"thumbnailUrl":"https:\/\/quehacerpolitico.mx\/wp-content\/uploads\/2023\/05\/IMG_7814.jpeg","articleSection":["CDMX"],"inLanguage":"es","potentialAction":[{"@type":"CommentAction","name":"Comment","target":["https:\/\/quehacerpolitico.mx\/?p=100951#respond"]}]},{"@type":"WebPage","@id":"https:\/\/quehacerpolitico.mx\/?p=100951","url":"https:\/\/quehacerpolitico.mx\/?p=100951","name":"Est\u00e1n transformando la Plaza Garibaldi; dejara de ser un espacio olvidado hist\u00f3ricamente -","isPartOf":{"@id":"https:\/\/quehacerpolitico.mx\/#website"},"primaryImageOfPage":{"@id":"https:\/\/quehacerpolitico.mx\/?p=100951#primaryimage"},"image":{"@id":"https:\/\/quehacerpolitico.mx\/?p=100951#primaryimage"},"thumbnailUrl":"https:\/\/quehacerpolitico.mx\/wp-content\/uploads\/2023\/05\/IMG_7814.jpeg","datePublished":"2023-05-20T03:32:06+00:00","dateModified":"2023-05-20T03:32:10+00:00","author":{"@id":"https:\/\/quehacerpolitico.mx\/#\/schema\/person\/496d8ad2d1d3f8036101dca7ee39e585"},"breadcrumb":{"@id":"https:\/\/quehacerpolitico.mx\/?p=100951#breadcrumb"},"inLanguage":"es","potentialAction":[{"@type":"ReadAction","target":["https:\/\/quehacerpolitico.mx\/?p=100951"]}]},{"@type":"ImageObject","inLanguage":"es","@id":"https:\/\/quehacerpolitico.mx\/?p=100951#primaryimage","url":"https:\/\/quehacerpolitico.mx\/wp-content\/uploads\/2023\/05\/IMG_7814.jpeg","contentUrl":"https:\/\/quehacerpolitico.mx\/wp-content\/uploads\/2023\/05\/IMG_7814.jpeg","width":1284,"height":705},{"@type":"BreadcrumbList","@id":"https:\/\/quehacerpolitico.mx\/?p=100951#breadcrumb","itemListElement":[{"@type":"ListItem","position":1,"name":"Inicio","item":"https:\/\/quehacerpolitico.mx\/"},{"@type":"ListItem","position":2,"name":"Est\u00e1n transformando la Plaza Garibaldi; dejara de ser un espacio olvidado hist\u00f3ricamente"}]},{"@type":"WebSite","@id":"https:\/\/quehacerpolitico.mx\/#website","url":"https:\/\/quehacerpolitico.mx\/","name":"","description":"","potentialAction":[{"@type":"SearchAction","target":{"@type":"EntryPoint","urlTemplate":"https:\/\/quehacerpolitico.mx\/?s={search_term_string}"},"query-input":{"@type":"PropertyValueSpecification","valueRequired":true,"valueName":"search_term_string"}}],"inLanguage":"es"},{"@type":"Person","@id":"https:\/\/quehacerpolitico.mx\/#\/schema\/person\/496d8ad2d1d3f8036101dca7ee39e585","name":"Redacci\u00f3n QP","image":{"@type":"ImageObject","inLanguage":"es","@id":"https:\/\/secure.gravatar.com\/avatar\/c7164ed6fdec453195284ad24a5ae5b6e1eed2b848477fa2a4787ba9adf39a41?s=96&d=mm&r=g","url":"https:\/\/secure.gravatar.com\/avatar\/c7164ed6fdec453195284ad24a5ae5b6e1eed2b848477fa2a4787ba9adf39a41?s=96&d=mm&r=g","contentUrl":"https:\/\/secure.gravatar.com\/avatar\/c7164ed6fdec453195284ad24a5ae5b6e1eed2b848477fa2a4787ba9adf39a41?s=96&d=mm&r=g","caption":"Redacci\u00f3n QP"},"url":"https:\/\/quehacerpolitico.mx\/?author=2"}]}},"featured_image_urls":{"full":["https:\/\/quehacerpolitico.mx\/wp-content\/uploads\/2023\/05\/IMG_7814.jpeg",1284,705,false],"thumbnail":["https:\/\/quehacerpolitico.mx\/wp-content\/uploads\/2023\/05\/IMG_7814-150x150.jpeg",150,150,true],"medium":["https:\/\/quehacerpolitico.mx\/wp-content\/uploads\/2023\/05\/IMG_7814-300x165.jpeg",300,165,true],"medium_large":["https:\/\/quehacerpolitico.mx\/wp-content\/uploads\/2023\/05\/IMG_7814-768x422.jpeg",640,352,true],"large":["https:\/\/quehacerpolitico.mx\/wp-content\/uploads\/2023\/05\/IMG_7814-1024x562.jpeg",640,351,true],"1536x1536":["https:\/\/quehacerpolitico.mx\/wp-content\/uploads\/2023\/05\/IMG_7814.jpeg",1284,705,false],"2048x2048":["https:\/\/quehacerpolitico.mx\/wp-content\/uploads\/2023\/05\/IMG_7814.jpeg",1284,705,false],"covernews-featured":["https:\/\/quehacerpolitico.mx\/wp-content\/uploads\/2023\/05\/IMG_7814.jpeg",1024,562,false],"covernews-medium":["https:\/\/quehacerpolitico.mx\/wp-content\/uploads\/2023\/05\/IMG_7814.jpeg",540,296,false]},"author_info":{"display_name":"Redacci\u00f3n QP","author_link":"https:\/\/quehacerpolitico.mx\/?author=2"},"category_info":"<a href=\"https:\/\/quehacerpolitico.mx\/?cat=55\" rel=\"category\">CDMX<\/a>","tag_info":"CDMX","comment_count":"0","_links":{"self":[{"href":"https:\/\/quehacerpolitico.mx\/index.php?rest_route=\/wp\/v2\/posts\/100951","targetHints":{"allow":["GET"]}}],"collection":[{"href":"https:\/\/quehacerpolitico.mx\/index.php?rest_route=\/wp\/v2\/posts"}],"about":[{"href":"https:\/\/quehacerpolitico.mx\/index.php?rest_route=\/wp\/v2\/types\/post"}],"author":[{"embeddable":true,"href":"https:\/\/quehacerpolitico.mx\/index.php?rest_route=\/wp\/v2\/users\/2"}],"replies":[{"embeddable":true,"href":"https:\/\/quehacerpolitico.mx\/index.php?rest_route=%2Fwp%2Fv2%2Fcomments&post=100951"}],"version-history":[{"count":1,"href":"https:\/\/quehacerpolitico.mx\/index.php?rest_route=\/wp\/v2\/posts\/100951\/revisions"}],"predecessor-version":[{"id":100953,"href":"https:\/\/quehacerpolitico.mx\/index.php?rest_route=\/wp\/v2\/posts\/100951\/revisions\/100953"}],"wp:featuredmedia":[{"embeddable":true,"href":"https:\/\/quehacerpolitico.mx\/index.php?rest_route=\/wp\/v2\/media\/100952"}],"wp:attachment":[{"href":"https:\/\/quehacerpolitico.mx\/index.php?rest_route=%2Fwp%2Fv2%2Fmedia&parent=100951"}],"wp:term":[{"taxonomy":"category","embeddable":true,"href":"https:\/\/quehacerpolitico.mx\/index.php?rest_route=%2Fwp%2Fv2%2Fcategories&post=100951"},{"taxonomy":"post_tag","embeddable":true,"href":"https:\/\/quehacerpolitico.mx\/index.php?rest_route=%2Fwp%2Fv2%2Ftags&post=100951"}],"curies":[{"name":"wp","href":"https:\/\/api.w.org\/{rel}","templated":true}]}}