{"id":100940,"date":"2023-05-20T01:17:52","date_gmt":"2023-05-20T01:17:52","guid":{"rendered":"https:\/\/quehacerpolitico.mx\/?p=100940"},"modified":"2023-05-20T01:17:56","modified_gmt":"2023-05-20T01:17:56","slug":"zona-metropolitana-de-la-ciudad-de-mexico-reporta-incremento-en-sus-ventas-inmobiliarias","status":"publish","type":"post","link":"https:\/\/quehacerpolitico.mx\/?p=100940","title":{"rendered":"Zona Metropolitana de la Ciudad de M\u00e9xico reporta incremento en sus ventas inmobiliarias"},"content":{"rendered":"\n<p>Por Redacci\u00f3n NotiExpress | La Revista del Sector Inmobiliario<\/p>\n\n\n\n<p>De enero a marzo del 2023,\u00a0<strong>se desplazaron seis mil\u00a0viviendas nuevas en la Zona Metropolitana de la Ciudad de M\u00e9xico<\/strong>, lo que representa un incremento del 20% anual y menos 7.5% trimestral.\u00a0<\/p>\n\n\n\n<p>De acuerdo con el Informe de Coyuntura Inmobiliaria de Tinsa,\u00a0<strong>del total de propiedades vendidas, 44% son unidades correspondientes a la CDMX<\/strong>\u00a0y 56% a los municipios conurbados del Estado de M\u00e9xico.<\/p>\n\n\n\n<p>\u201c<strong>El segmento medio concentra el 42% de las unidades desplazadas, con un ticket promedio de uno a tres mdp.<\/strong>\u00a0En cuanto a volumen, el norte de la ZMCDMX concentr\u00f3 el 46.3% de las unidades vendidas\u201d, coment\u00f3 Jes\u00fas Orozco de la Fuente, director general de Tinsa M\u00e9xico.<\/p>\n\n\n\n<figure class=\"wp-block-embed is-type-rich is-provider-twitter wp-block-embed-twitter\"><div class=\"wp-block-embed__wrapper\">\n<blockquote class=\"twitter-tweet\" data-width=\"550\" data-dnt=\"true\"><p lang=\"es\" dir=\"ltr\">\ud83c\udfd8\u00bfEst\u00e1s por comprar un inmueble dentro de la ZM de la CDMX?<br><br>\ud83d\udccaDurante el 1T2023 los valores de venta presentaron una variaci\u00f3n del 2.6% con respecto al 4T2022.<br><br>Conoce m\u00e1s datos que te ayudar\u00e1n a tomas la mejor decisi\u00f3n.\ud83d\udc47\ud83c\udffc<a href=\"https:\/\/t.co\/7UbdIPDc0a\">https:\/\/t.co\/7UbdIPDc0a<\/a><\/p>&mdash; Tinsa M\u00e9xico by Accumin (@TINSAMEXICO) <a href=\"https:\/\/twitter.com\/TINSAMEXICO\/status\/1658163982786519059?ref_src=twsrc%5Etfw\">May 15, 2023<\/a><\/blockquote><script async src=\"https:\/\/platform.twitter.com\/widgets.js\" charset=\"utf-8\"><\/script>\n<\/div><\/figure>\n\n\n\n<h2 class=\"wp-block-heading\"><strong>La mayor\u00eda de las viviendas nuevas son verticales<\/strong><\/h2>\n\n\n\n<p>Durante su reporte,\u00a0<strong>Tinsa inform\u00f3 que de los mil 522\u00a0proyectos activos durante el 1T2023,<\/strong>\u00a0el 90% corresponde a desarrollos de vivienda vertical y el 10% son horizontal.\u00a0<\/p>\n\n\n\n<p>Con respecto al stock disponible de primer trimestre del 2023 con el 4T2022,\u00a0<strong>la ZMCDMX pr\u00e1cticamente se mantuvo igual, con la entrada de 104 desarrollos y 111 que finiquitaron su inventario.<\/strong><\/p>\n\n\n\n<figure class=\"wp-block-image size-full\"><img loading=\"lazy\" decoding=\"async\" width=\"662\" height=\"464\" src=\"https:\/\/quehacerpolitico.mx\/wp-content\/uploads\/2023\/05\/image-61.jpeg\" alt=\"\" class=\"wp-image-100942\" srcset=\"https:\/\/quehacerpolitico.mx\/wp-content\/uploads\/2023\/05\/image-61.jpeg 662w, https:\/\/quehacerpolitico.mx\/wp-content\/uploads\/2023\/05\/image-61-300x210.jpeg 300w, https:\/\/quehacerpolitico.mx\/wp-content\/uploads\/2023\/05\/image-61-208x146.jpeg 208w, https:\/\/quehacerpolitico.mx\/wp-content\/uploads\/2023\/05\/image-61-50x35.jpeg 50w, https:\/\/quehacerpolitico.mx\/wp-content\/uploads\/2023\/05\/image-61-107x75.jpeg 107w\" sizes=\"auto, (max-width: 662px) 100vw, 662px\" \/><\/figure>\n\n\n\n<p>En cuanto a los precios,\u00a0<strong>en el 4T2022 la empresa observ\u00f3 una variaci\u00f3n del 2.6% en los valores promedio de venta y del 3.8% en el valor por metro cuadrado<\/strong>, con un ticket promedio de 5.3 mdp para departamentos, y 1.6 mdp en casas, principalmente desarrolladas en la zona conurbana.<\/p>\n\n\n\n<p>No se te olvide que?<\/p>\n\n\n\n<p>En\u00a0NotiExpress | La Revista del Sector Inmobiliario nos ocupamos en la difusi\u00f3n de la industria inmobiliaria generamos contenidos que te ayudar\u00e1n a mantenerte a la vanguardia en tecnolog\u00eda y en tendencias del sector inmobiliario para que puedas ofrecer el mejor servicio y generar m\u00e1s clientes.<\/p>\n\n\n\n<p>\u00c9chale una miradita a nuestra revista mensual donde encontrar\u00e1s la informaci\u00f3n precisa y oportuna con todo lo relacionado al sector inmobiliario aqu\u00ed\u00a0?<a href=\"https:\/\/issuu.com\/notiexpressmx\/docs\/notiexpress_07\">https:\/\/issuu.com\/notiexpressmx\/docs\/notiexpress_07\u00a0<\/a>\u00a0NotiExpress | La Revista del Sector Inmobiliario<\/p>\n\n\n\n<figure class=\"wp-block-image size-large\"><img loading=\"lazy\" decoding=\"async\" width=\"1024\" height=\"378\" src=\"https:\/\/quehacerpolitico.mx\/wp-content\/uploads\/2023\/05\/image-60-1024x378.jpeg\" alt=\"\" class=\"wp-image-100941\" srcset=\"https:\/\/quehacerpolitico.mx\/wp-content\/uploads\/2023\/05\/image-60-1024x378.jpeg 1024w, https:\/\/quehacerpolitico.mx\/wp-content\/uploads\/2023\/05\/image-60-300x111.jpeg 300w, https:\/\/quehacerpolitico.mx\/wp-content\/uploads\/2023\/05\/image-60-768x284.jpeg 768w, https:\/\/quehacerpolitico.mx\/wp-content\/uploads\/2023\/05\/image-60-260x96.jpeg 260w, https:\/\/quehacerpolitico.mx\/wp-content\/uploads\/2023\/05\/image-60-50x18.jpeg 50w, https:\/\/quehacerpolitico.mx\/wp-content\/uploads\/2023\/05\/image-60-150x55.jpeg 150w, https:\/\/quehacerpolitico.mx\/wp-content\/uploads\/2023\/05\/image-60.jpeg 1280w\" sizes=\"auto, (max-width: 1024px) 100vw, 1024px\" \/><\/figure>\n","protected":false},"excerpt":{"rendered":"<p>Por Redacci\u00f3n NotiExpress | La Revista del Sector Inmobiliario De enero a marzo del 2023,\u00a0se&#8230;<\/p>\n","protected":false},"author":2,"featured_media":100943,"comment_status":"open","ping_status":"open","sticky":false,"template":"","format":"standard","meta":{"_monsterinsights_skip_tracking":false,"_monsterinsights_sitenote_active":false,"_monsterinsights_sitenote_note":"","_monsterinsights_sitenote_category":0,"footnotes":""},"categories":[56],"tags":[],"class_list":["post-100940","post","type-post","status-publish","format-standard","has-post-thumbnail","hentry","category-economia"],"yoast_head":"<!-- This site is optimized with the Yoast SEO plugin v27.3 - https:\/\/yoast.com\/product\/yoast-seo-wordpress\/ -->\n<title>Zona Metropolitana de la Ciudad de M\u00e9xico reporta incremento en sus ventas inmobiliarias -<\/title>\n<meta name=\"robots\" content=\"index, follow, max-snippet:-1, max-image-preview:large, max-video-preview:-1\" \/>\n<link rel=\"canonical\" href=\"https:\/\/quehacerpolitico.mx\/?p=100940\" \/>\n<meta property=\"og:locale\" content=\"es_MX\" \/>\n<meta property=\"og:type\" content=\"article\" \/>\n<meta property=\"og:title\" content=\"Zona Metropolitana de la Ciudad de M\u00e9xico reporta incremento en sus ventas inmobiliarias -\" \/>\n<meta property=\"og:description\" content=\"Por Redacci\u00f3n NotiExpress | La Revista del Sector Inmobiliario De enero a marzo del 2023,\u00a0se...\" \/>\n<meta property=\"og:url\" content=\"https:\/\/quehacerpolitico.mx\/?p=100940\" \/>\n<meta property=\"article:published_time\" content=\"2023-05-20T01:17:52+00:00\" \/>\n<meta property=\"article:modified_time\" content=\"2023-05-20T01:17:56+00:00\" \/>\n<meta property=\"og:image\" content=\"https:\/\/quehacerpolitico.mx\/wp-content\/uploads\/2023\/05\/photo-output-3.jpeg\" \/>\n\t<meta property=\"og:image:width\" content=\"2048\" \/>\n\t<meta property=\"og:image:height\" content=\"1066\" \/>\n\t<meta property=\"og:image:type\" content=\"image\/jpeg\" \/>\n<meta name=\"author\" content=\"Redacci\u00f3n QP\" \/>\n<meta name=\"twitter:card\" content=\"summary_large_image\" \/>\n<meta name=\"twitter:label1\" content=\"Escrito por\" \/>\n\t<meta name=\"twitter:data1\" content=\"Redacci\u00f3n QP\" \/>\n\t<meta name=\"twitter:label2\" content=\"Tiempo de lectura\" \/>\n\t<meta name=\"twitter:data2\" content=\"2 minutos\" \/>\n<script type=\"application\/ld+json\" class=\"yoast-schema-graph\">{\"@context\":\"https:\\\/\\\/schema.org\",\"@graph\":[{\"@type\":\"Article\",\"@id\":\"https:\\\/\\\/quehacerpolitico.mx\\\/?p=100940#article\",\"isPartOf\":{\"@id\":\"https:\\\/\\\/quehacerpolitico.mx\\\/?p=100940\"},\"author\":{\"name\":\"Redacci\u00f3n QP\",\"@id\":\"https:\\\/\\\/quehacerpolitico.mx\\\/#\\\/schema\\\/person\\\/496d8ad2d1d3f8036101dca7ee39e585\"},\"headline\":\"Zona Metropolitana de la Ciudad de M\u00e9xico reporta incremento en sus ventas inmobiliarias\",\"datePublished\":\"2023-05-20T01:17:52+00:00\",\"dateModified\":\"2023-05-20T01:17:56+00:00\",\"mainEntityOfPage\":{\"@id\":\"https:\\\/\\\/quehacerpolitico.mx\\\/?p=100940\"},\"wordCount\":342,\"commentCount\":0,\"image\":{\"@id\":\"https:\\\/\\\/quehacerpolitico.mx\\\/?p=100940#primaryimage\"},\"thumbnailUrl\":\"https:\\\/\\\/quehacerpolitico.mx\\\/wp-content\\\/uploads\\\/2023\\\/05\\\/photo-output-3.jpeg\",\"articleSection\":[\"Econom\u00eda\"],\"inLanguage\":\"es\",\"potentialAction\":[{\"@type\":\"CommentAction\",\"name\":\"Comment\",\"target\":[\"https:\\\/\\\/quehacerpolitico.mx\\\/?p=100940#respond\"]}]},{\"@type\":\"WebPage\",\"@id\":\"https:\\\/\\\/quehacerpolitico.mx\\\/?p=100940\",\"url\":\"https:\\\/\\\/quehacerpolitico.mx\\\/?p=100940\",\"name\":\"Zona Metropolitana de la Ciudad de M\u00e9xico reporta incremento en sus ventas inmobiliarias -\",\"isPartOf\":{\"@id\":\"https:\\\/\\\/quehacerpolitico.mx\\\/#website\"},\"primaryImageOfPage\":{\"@id\":\"https:\\\/\\\/quehacerpolitico.mx\\\/?p=100940#primaryimage\"},\"image\":{\"@id\":\"https:\\\/\\\/quehacerpolitico.mx\\\/?p=100940#primaryimage\"},\"thumbnailUrl\":\"https:\\\/\\\/quehacerpolitico.mx\\\/wp-content\\\/uploads\\\/2023\\\/05\\\/photo-output-3.jpeg\",\"datePublished\":\"2023-05-20T01:17:52+00:00\",\"dateModified\":\"2023-05-20T01:17:56+00:00\",\"author\":{\"@id\":\"https:\\\/\\\/quehacerpolitico.mx\\\/#\\\/schema\\\/person\\\/496d8ad2d1d3f8036101dca7ee39e585\"},\"breadcrumb\":{\"@id\":\"https:\\\/\\\/quehacerpolitico.mx\\\/?p=100940#breadcrumb\"},\"inLanguage\":\"es\",\"potentialAction\":[{\"@type\":\"ReadAction\",\"target\":[\"https:\\\/\\\/quehacerpolitico.mx\\\/?p=100940\"]}]},{\"@type\":\"ImageObject\",\"inLanguage\":\"es\",\"@id\":\"https:\\\/\\\/quehacerpolitico.mx\\\/?p=100940#primaryimage\",\"url\":\"https:\\\/\\\/quehacerpolitico.mx\\\/wp-content\\\/uploads\\\/2023\\\/05\\\/photo-output-3.jpeg\",\"contentUrl\":\"https:\\\/\\\/quehacerpolitico.mx\\\/wp-content\\\/uploads\\\/2023\\\/05\\\/photo-output-3.jpeg\",\"width\":2048,\"height\":1066},{\"@type\":\"BreadcrumbList\",\"@id\":\"https:\\\/\\\/quehacerpolitico.mx\\\/?p=100940#breadcrumb\",\"itemListElement\":[{\"@type\":\"ListItem\",\"position\":1,\"name\":\"Inicio\",\"item\":\"https:\\\/\\\/quehacerpolitico.mx\\\/\"},{\"@type\":\"ListItem\",\"position\":2,\"name\":\"Zona Metropolitana de la Ciudad de M\u00e9xico reporta incremento en sus ventas inmobiliarias\"}]},{\"@type\":\"WebSite\",\"@id\":\"https:\\\/\\\/quehacerpolitico.mx\\\/#website\",\"url\":\"https:\\\/\\\/quehacerpolitico.mx\\\/\",\"name\":\"\",\"description\":\"\",\"potentialAction\":[{\"@type\":\"SearchAction\",\"target\":{\"@type\":\"EntryPoint\",\"urlTemplate\":\"https:\\\/\\\/quehacerpolitico.mx\\\/?s={search_term_string}\"},\"query-input\":{\"@type\":\"PropertyValueSpecification\",\"valueRequired\":true,\"valueName\":\"search_term_string\"}}],\"inLanguage\":\"es\"},{\"@type\":\"Person\",\"@id\":\"https:\\\/\\\/quehacerpolitico.mx\\\/#\\\/schema\\\/person\\\/496d8ad2d1d3f8036101dca7ee39e585\",\"name\":\"Redacci\u00f3n QP\",\"image\":{\"@type\":\"ImageObject\",\"inLanguage\":\"es\",\"@id\":\"https:\\\/\\\/secure.gravatar.com\\\/avatar\\\/c7164ed6fdec453195284ad24a5ae5b6e1eed2b848477fa2a4787ba9adf39a41?s=96&d=mm&r=g\",\"url\":\"https:\\\/\\\/secure.gravatar.com\\\/avatar\\\/c7164ed6fdec453195284ad24a5ae5b6e1eed2b848477fa2a4787ba9adf39a41?s=96&d=mm&r=g\",\"contentUrl\":\"https:\\\/\\\/secure.gravatar.com\\\/avatar\\\/c7164ed6fdec453195284ad24a5ae5b6e1eed2b848477fa2a4787ba9adf39a41?s=96&d=mm&r=g\",\"caption\":\"Redacci\u00f3n QP\"},\"url\":\"https:\\\/\\\/quehacerpolitico.mx\\\/?author=2\"}]}<\/script>\n<!-- \/ Yoast SEO plugin. -->","yoast_head_json":{"title":"Zona Metropolitana de la Ciudad de M\u00e9xico reporta incremento en sus ventas inmobiliarias -","robots":{"index":"index","follow":"follow","max-snippet":"max-snippet:-1","max-image-preview":"max-image-preview:large","max-video-preview":"max-video-preview:-1"},"canonical":"https:\/\/quehacerpolitico.mx\/?p=100940","og_locale":"es_MX","og_type":"article","og_title":"Zona Metropolitana de la Ciudad de M\u00e9xico reporta incremento en sus ventas inmobiliarias -","og_description":"Por Redacci\u00f3n NotiExpress | La Revista del Sector Inmobiliario De enero a marzo del 2023,\u00a0se...","og_url":"https:\/\/quehacerpolitico.mx\/?p=100940","article_published_time":"2023-05-20T01:17:52+00:00","article_modified_time":"2023-05-20T01:17:56+00:00","og_image":[{"width":2048,"height":1066,"url":"https:\/\/quehacerpolitico.mx\/wp-content\/uploads\/2023\/05\/photo-output-3.jpeg","type":"image\/jpeg"}],"author":"Redacci\u00f3n QP","twitter_card":"summary_large_image","twitter_misc":{"Escrito por":"Redacci\u00f3n QP","Tiempo de lectura":"2 minutos"},"schema":{"@context":"https:\/\/schema.org","@graph":[{"@type":"Article","@id":"https:\/\/quehacerpolitico.mx\/?p=100940#article","isPartOf":{"@id":"https:\/\/quehacerpolitico.mx\/?p=100940"},"author":{"name":"Redacci\u00f3n QP","@id":"https:\/\/quehacerpolitico.mx\/#\/schema\/person\/496d8ad2d1d3f8036101dca7ee39e585"},"headline":"Zona Metropolitana de la Ciudad de M\u00e9xico reporta incremento en sus ventas inmobiliarias","datePublished":"2023-05-20T01:17:52+00:00","dateModified":"2023-05-20T01:17:56+00:00","mainEntityOfPage":{"@id":"https:\/\/quehacerpolitico.mx\/?p=100940"},"wordCount":342,"commentCount":0,"image":{"@id":"https:\/\/quehacerpolitico.mx\/?p=100940#primaryimage"},"thumbnailUrl":"https:\/\/quehacerpolitico.mx\/wp-content\/uploads\/2023\/05\/photo-output-3.jpeg","articleSection":["Econom\u00eda"],"inLanguage":"es","potentialAction":[{"@type":"CommentAction","name":"Comment","target":["https:\/\/quehacerpolitico.mx\/?p=100940#respond"]}]},{"@type":"WebPage","@id":"https:\/\/quehacerpolitico.mx\/?p=100940","url":"https:\/\/quehacerpolitico.mx\/?p=100940","name":"Zona Metropolitana de la Ciudad de M\u00e9xico reporta incremento en sus ventas inmobiliarias -","isPartOf":{"@id":"https:\/\/quehacerpolitico.mx\/#website"},"primaryImageOfPage":{"@id":"https:\/\/quehacerpolitico.mx\/?p=100940#primaryimage"},"image":{"@id":"https:\/\/quehacerpolitico.mx\/?p=100940#primaryimage"},"thumbnailUrl":"https:\/\/quehacerpolitico.mx\/wp-content\/uploads\/2023\/05\/photo-output-3.jpeg","datePublished":"2023-05-20T01:17:52+00:00","dateModified":"2023-05-20T01:17:56+00:00","author":{"@id":"https:\/\/quehacerpolitico.mx\/#\/schema\/person\/496d8ad2d1d3f8036101dca7ee39e585"},"breadcrumb":{"@id":"https:\/\/quehacerpolitico.mx\/?p=100940#breadcrumb"},"inLanguage":"es","potentialAction":[{"@type":"ReadAction","target":["https:\/\/quehacerpolitico.mx\/?p=100940"]}]},{"@type":"ImageObject","inLanguage":"es","@id":"https:\/\/quehacerpolitico.mx\/?p=100940#primaryimage","url":"https:\/\/quehacerpolitico.mx\/wp-content\/uploads\/2023\/05\/photo-output-3.jpeg","contentUrl":"https:\/\/quehacerpolitico.mx\/wp-content\/uploads\/2023\/05\/photo-output-3.jpeg","width":2048,"height":1066},{"@type":"BreadcrumbList","@id":"https:\/\/quehacerpolitico.mx\/?p=100940#breadcrumb","itemListElement":[{"@type":"ListItem","position":1,"name":"Inicio","item":"https:\/\/quehacerpolitico.mx\/"},{"@type":"ListItem","position":2,"name":"Zona Metropolitana de la Ciudad de M\u00e9xico reporta incremento en sus ventas inmobiliarias"}]},{"@type":"WebSite","@id":"https:\/\/quehacerpolitico.mx\/#website","url":"https:\/\/quehacerpolitico.mx\/","name":"","description":"","potentialAction":[{"@type":"SearchAction","target":{"@type":"EntryPoint","urlTemplate":"https:\/\/quehacerpolitico.mx\/?s={search_term_string}"},"query-input":{"@type":"PropertyValueSpecification","valueRequired":true,"valueName":"search_term_string"}}],"inLanguage":"es"},{"@type":"Person","@id":"https:\/\/quehacerpolitico.mx\/#\/schema\/person\/496d8ad2d1d3f8036101dca7ee39e585","name":"Redacci\u00f3n QP","image":{"@type":"ImageObject","inLanguage":"es","@id":"https:\/\/secure.gravatar.com\/avatar\/c7164ed6fdec453195284ad24a5ae5b6e1eed2b848477fa2a4787ba9adf39a41?s=96&d=mm&r=g","url":"https:\/\/secure.gravatar.com\/avatar\/c7164ed6fdec453195284ad24a5ae5b6e1eed2b848477fa2a4787ba9adf39a41?s=96&d=mm&r=g","contentUrl":"https:\/\/secure.gravatar.com\/avatar\/c7164ed6fdec453195284ad24a5ae5b6e1eed2b848477fa2a4787ba9adf39a41?s=96&d=mm&r=g","caption":"Redacci\u00f3n QP"},"url":"https:\/\/quehacerpolitico.mx\/?author=2"}]}},"featured_image_urls":{"full":["https:\/\/quehacerpolitico.mx\/wp-content\/uploads\/2023\/05\/photo-output-3.jpeg",2048,1066,false],"thumbnail":["https:\/\/quehacerpolitico.mx\/wp-content\/uploads\/2023\/05\/photo-output-3-150x150.jpeg",150,150,true],"medium":["https:\/\/quehacerpolitico.mx\/wp-content\/uploads\/2023\/05\/photo-output-3-300x156.jpeg",300,156,true],"medium_large":["https:\/\/quehacerpolitico.mx\/wp-content\/uploads\/2023\/05\/photo-output-3-768x400.jpeg",640,333,true],"large":["https:\/\/quehacerpolitico.mx\/wp-content\/uploads\/2023\/05\/photo-output-3-1024x533.jpeg",640,333,true],"1536x1536":["https:\/\/quehacerpolitico.mx\/wp-content\/uploads\/2023\/05\/photo-output-3-1536x800.jpeg",1536,800,true],"2048x2048":["https:\/\/quehacerpolitico.mx\/wp-content\/uploads\/2023\/05\/photo-output-3.jpeg",2048,1066,false],"covernews-featured":["https:\/\/quehacerpolitico.mx\/wp-content\/uploads\/2023\/05\/photo-output-3.jpeg",1024,533,false],"covernews-medium":["https:\/\/quehacerpolitico.mx\/wp-content\/uploads\/2023\/05\/photo-output-3.jpeg",540,281,false]},"author_info":{"display_name":"Redacci\u00f3n QP","author_link":"https:\/\/quehacerpolitico.mx\/?author=2"},"category_info":"<a href=\"https:\/\/quehacerpolitico.mx\/?cat=56\" rel=\"category\">Econom\u00eda<\/a>","tag_info":"Econom\u00eda","comment_count":"0","_links":{"self":[{"href":"https:\/\/quehacerpolitico.mx\/index.php?rest_route=\/wp\/v2\/posts\/100940","targetHints":{"allow":["GET"]}}],"collection":[{"href":"https:\/\/quehacerpolitico.mx\/index.php?rest_route=\/wp\/v2\/posts"}],"about":[{"href":"https:\/\/quehacerpolitico.mx\/index.php?rest_route=\/wp\/v2\/types\/post"}],"author":[{"embeddable":true,"href":"https:\/\/quehacerpolitico.mx\/index.php?rest_route=\/wp\/v2\/users\/2"}],"replies":[{"embeddable":true,"href":"https:\/\/quehacerpolitico.mx\/index.php?rest_route=%2Fwp%2Fv2%2Fcomments&post=100940"}],"version-history":[{"count":1,"href":"https:\/\/quehacerpolitico.mx\/index.php?rest_route=\/wp\/v2\/posts\/100940\/revisions"}],"predecessor-version":[{"id":100944,"href":"https:\/\/quehacerpolitico.mx\/index.php?rest_route=\/wp\/v2\/posts\/100940\/revisions\/100944"}],"wp:featuredmedia":[{"embeddable":true,"href":"https:\/\/quehacerpolitico.mx\/index.php?rest_route=\/wp\/v2\/media\/100943"}],"wp:attachment":[{"href":"https:\/\/quehacerpolitico.mx\/index.php?rest_route=%2Fwp%2Fv2%2Fmedia&parent=100940"}],"wp:term":[{"taxonomy":"category","embeddable":true,"href":"https:\/\/quehacerpolitico.mx\/index.php?rest_route=%2Fwp%2Fv2%2Fcategories&post=100940"},{"taxonomy":"post_tag","embeddable":true,"href":"https:\/\/quehacerpolitico.mx\/index.php?rest_route=%2Fwp%2Fv2%2Ftags&post=100940"}],"curies":[{"name":"wp","href":"https:\/\/api.w.org\/{rel}","templated":true}]}}