{"id":100916,"date":"2023-05-19T16:51:02","date_gmt":"2023-05-19T16:51:02","guid":{"rendered":"https:\/\/quehacerpolitico.mx\/?p=100916"},"modified":"2023-05-19T16:51:05","modified_gmt":"2023-05-19T16:51:05","slug":"esto-dice-lopez-obrador-sobre-el-conflicto-del-senador-armenta-y-ministra-pina","status":"publish","type":"post","link":"https:\/\/quehacerpolitico.mx\/?p=100916","title":{"rendered":"Esto dice L\u00f3pez Obrador sobre el conflicto del senador Armenta y ministra Pi\u00f1a"},"content":{"rendered":"\n<p>Por Redacci\u00f3n QP<\/p>\n\n\n\n<p>L\u00f3pez Obrador se\u00f1ala\u00a0que lo mejor es el debate, porque &#8220;el tribunal popular pone a cada quien en su lugar&#8221;<\/p>\n\n\n\n<p>Luego que ayer jueves, el presidente del Senado, Alejandro Armenta, inform\u00f3 que\u00a0<strong>analiza proceder legalmente en contra de la ministra presidenta de la Corte<\/strong>\u00a0(SCJN), Norma Pi\u00f1a, luego de que reconoci\u00f3 ser la autora de los mensajes de WhatsApp que recibi\u00f3 y que\u00a0<strong>\u00e9l consider\u00f3 una amenaza<\/strong>, el Presidente<strong>\u00a0<\/strong>Andres Manuel Lopez Obrador le aconsej\u00f3\u00a0<strong>no presentar ninguna denuncia porque convertir\u00eda a la ministra en una &#8220;m\u00e1rtir&#8221;<\/strong>.<\/p>\n\n\n\n<figure class=\"wp-block-embed is-type-rich is-provider-twitter wp-block-embed-twitter\"><div class=\"wp-block-embed__wrapper\">\n<blockquote class=\"twitter-tweet\" data-width=\"550\" data-dnt=\"true\"><p lang=\"es\" dir=\"ltr\">AMLO aconsejo al senador Alejandro Armenta, no denunciar a la ministra Norma Pi\u00f1a por los mensajes de reclamo. <br><br>\u201cLa va a convertir en m\u00e1rtir (&#8230;) Si ya para el bloque conservador es una hero\u00edna, mi opini\u00f3n es que no proceda\u201d, coment\u00f3. <a href=\"https:\/\/t.co\/VFu25kKJjl\">pic.twitter.com\/VFu25kKJjl<\/a><\/p>&mdash; Ruido en la Red (@RuidoEnLaRed) <a href=\"https:\/\/twitter.com\/RuidoEnLaRed\/status\/1659571487475396609?ref_src=twsrc%5Etfw\">May 19, 2023<\/a><\/blockquote><script async src=\"https:\/\/platform.twitter.com\/widgets.js\" charset=\"utf-8\"><\/script>\n<\/div><\/figure>\n\n\n\n<blockquote class=\"wp-block-quote is-layout-flow wp-block-quote-is-layout-flow\">\n<p>&#8220;El tribual popular es el que pone cada quien en su lugar&#8221;<\/p>\n<\/blockquote>\n\n\n\n<p>L\u00f3pez Obrador asegur\u00f3 que ya para el bloque conservador y sectores\u00a0<strong>&#8220;desinformados y manipulados&#8221;<\/strong>\u00a0de la clase media, la ministra presidenta del M\u00e1ximo Tribunal ya es\u00a0<strong>&#8220;una hero\u00edna&#8221;<\/strong>.<\/p>\n\n\n\n<p>El presidente Andr\u00e9s Manuel Lopez Obrador, el titular del Ejecutivo federal se\u00f1al\u00f3 que lo mejor es el debate, porque\u00a0<strong>&#8220;el tribunal popular pone a cada quien en su lugar&#8221;<\/strong>.<\/p>\n\n\n\n<p><strong>&#8220;Yo le aconsejar\u00eda con todo respeto al senador Armenta que no presentar\u00e1 ninguna denuncia porque va a convertirla en m\u00e1rtir<\/strong>, si ya para todo el bloque conservador y sectores muy desinformados, manipulados de la clase media, es una hero\u00edna, la presidenta de la Corte, y todos los que cometen il\u00edcitos o est\u00e1n siendo investigados por corruptos, se sienten perseguidos&#8221;.<\/p>\n\n\n\n<p><strong>&#8220;Mi opini\u00f3n es que no proceda. Claro, \u00e9l tiene otro criterio y yo lo respeto (&#8230;) Lo mejor es que haya debate, eso es lo mejor. Entonces el tribual popular es el que pone cada quien en su lugar&#8221;<\/strong>, dijo el Mandatario en Palacio Nacional.<\/p>\n\n\n\n<p>Ayer, el presidente del Senado y de la Comisi\u00f3n Permanente, Alejandro Armenta Mier, inform\u00f3 que analiza proceder legalmente en contra de la ministra presidenta Norma Pi\u00f1a, luego de que reconoci\u00f3 ser la autora de los mensajes de WhatsApp que recibi\u00f3 el pasado martes y que \u00e9l consider\u00f3 una amenaza y una intromisi\u00f3n del Poder Judicial en el Legislativo.<\/p>\n\n\n\n<p><strong>&#8220;Me voy a reunir con mis abogados, porque ni un paso atr\u00e1s con respecto a lo que la ley se\u00f1ale<\/strong>. Esto es una intromisi\u00f3n al poder, es una ofensa no solo a Alejandro Armenta, esto es una intromisi\u00f3n de la presidenta de la Suprema Corte de Justicia de la Naci\u00f3n al presidente del Congreso de la Uni\u00f3n que represento en este momento, porque presido la Comisi\u00f3n Permanente&#8221;, manifest\u00f3 el presidente de la C\u00e1mara Alta.<\/p>\n\n\n\n<p>Aclar\u00f3 que los mensajes que le envi\u00f3 la ministra Pi\u00f1a no lo ofenden, pero los percibi\u00f3 como una amenaza e intimidaci\u00f3n hacia el cargo que ocupa, pues representa al Congreso de la Uni\u00f3n.<\/p>\n\n\n\n<p>Con informaci\u00f3n de SUN<\/p>\n","protected":false},"excerpt":{"rendered":"<p>Por Redacci\u00f3n QP L\u00f3pez Obrador se\u00f1ala\u00a0que lo mejor es el debate, porque &#8220;el tribunal popular&#8230;<\/p>\n","protected":false},"author":2,"featured_media":100917,"comment_status":"open","ping_status":"open","sticky":false,"template":"","format":"standard","meta":{"_monsterinsights_skip_tracking":false,"_monsterinsights_sitenote_active":false,"_monsterinsights_sitenote_note":"","_monsterinsights_sitenote_category":0,"footnotes":""},"categories":[2],"tags":[],"class_list":["post-100916","post","type-post","status-publish","format-standard","has-post-thumbnail","hentry","category-noticias"],"yoast_head":"<!-- This site is optimized with the Yoast SEO plugin v27.3 - https:\/\/yoast.com\/product\/yoast-seo-wordpress\/ -->\n<title>Esto dice L\u00f3pez Obrador sobre el conflicto del senador Armenta y ministra Pi\u00f1a -<\/title>\n<meta name=\"robots\" content=\"index, follow, max-snippet:-1, max-image-preview:large, max-video-preview:-1\" \/>\n<link rel=\"canonical\" href=\"https:\/\/quehacerpolitico.mx\/?p=100916\" \/>\n<meta property=\"og:locale\" content=\"es_MX\" \/>\n<meta property=\"og:type\" content=\"article\" \/>\n<meta property=\"og:title\" content=\"Esto dice L\u00f3pez Obrador sobre el conflicto del senador Armenta y ministra Pi\u00f1a -\" \/>\n<meta property=\"og:description\" content=\"Por Redacci\u00f3n QP L\u00f3pez Obrador se\u00f1ala\u00a0que lo mejor es el debate, porque &#8220;el tribunal popular...\" \/>\n<meta property=\"og:url\" content=\"https:\/\/quehacerpolitico.mx\/?p=100916\" \/>\n<meta property=\"article:published_time\" content=\"2023-05-19T16:51:02+00:00\" \/>\n<meta property=\"article:modified_time\" content=\"2023-05-19T16:51:05+00:00\" \/>\n<meta property=\"og:image\" content=\"https:\/\/quehacerpolitico.mx\/wp-content\/uploads\/2023\/05\/IMG_7781.jpeg\" \/>\n\t<meta property=\"og:image:width\" content=\"1284\" \/>\n\t<meta property=\"og:image:height\" content=\"689\" \/>\n\t<meta property=\"og:image:type\" content=\"image\/jpeg\" \/>\n<meta name=\"author\" content=\"Redacci\u00f3n QP\" \/>\n<meta name=\"twitter:card\" content=\"summary_large_image\" \/>\n<meta name=\"twitter:label1\" content=\"Escrito por\" \/>\n\t<meta name=\"twitter:data1\" content=\"Redacci\u00f3n QP\" \/>\n\t<meta name=\"twitter:label2\" content=\"Tiempo de lectura\" \/>\n\t<meta name=\"twitter:data2\" content=\"2 minutos\" \/>\n<script type=\"application\/ld+json\" class=\"yoast-schema-graph\">{\"@context\":\"https:\\\/\\\/schema.org\",\"@graph\":[{\"@type\":\"Article\",\"@id\":\"https:\\\/\\\/quehacerpolitico.mx\\\/?p=100916#article\",\"isPartOf\":{\"@id\":\"https:\\\/\\\/quehacerpolitico.mx\\\/?p=100916\"},\"author\":{\"name\":\"Redacci\u00f3n QP\",\"@id\":\"https:\\\/\\\/quehacerpolitico.mx\\\/#\\\/schema\\\/person\\\/496d8ad2d1d3f8036101dca7ee39e585\"},\"headline\":\"Esto dice L\u00f3pez Obrador sobre el conflicto del senador Armenta y ministra Pi\u00f1a\",\"datePublished\":\"2023-05-19T16:51:02+00:00\",\"dateModified\":\"2023-05-19T16:51:05+00:00\",\"mainEntityOfPage\":{\"@id\":\"https:\\\/\\\/quehacerpolitico.mx\\\/?p=100916\"},\"wordCount\":489,\"commentCount\":0,\"image\":{\"@id\":\"https:\\\/\\\/quehacerpolitico.mx\\\/?p=100916#primaryimage\"},\"thumbnailUrl\":\"https:\\\/\\\/quehacerpolitico.mx\\\/wp-content\\\/uploads\\\/2023\\\/05\\\/IMG_7781.jpeg\",\"articleSection\":[\"Noticias\"],\"inLanguage\":\"es\",\"potentialAction\":[{\"@type\":\"CommentAction\",\"name\":\"Comment\",\"target\":[\"https:\\\/\\\/quehacerpolitico.mx\\\/?p=100916#respond\"]}]},{\"@type\":\"WebPage\",\"@id\":\"https:\\\/\\\/quehacerpolitico.mx\\\/?p=100916\",\"url\":\"https:\\\/\\\/quehacerpolitico.mx\\\/?p=100916\",\"name\":\"Esto dice L\u00f3pez Obrador sobre el conflicto del senador Armenta y ministra Pi\u00f1a -\",\"isPartOf\":{\"@id\":\"https:\\\/\\\/quehacerpolitico.mx\\\/#website\"},\"primaryImageOfPage\":{\"@id\":\"https:\\\/\\\/quehacerpolitico.mx\\\/?p=100916#primaryimage\"},\"image\":{\"@id\":\"https:\\\/\\\/quehacerpolitico.mx\\\/?p=100916#primaryimage\"},\"thumbnailUrl\":\"https:\\\/\\\/quehacerpolitico.mx\\\/wp-content\\\/uploads\\\/2023\\\/05\\\/IMG_7781.jpeg\",\"datePublished\":\"2023-05-19T16:51:02+00:00\",\"dateModified\":\"2023-05-19T16:51:05+00:00\",\"author\":{\"@id\":\"https:\\\/\\\/quehacerpolitico.mx\\\/#\\\/schema\\\/person\\\/496d8ad2d1d3f8036101dca7ee39e585\"},\"breadcrumb\":{\"@id\":\"https:\\\/\\\/quehacerpolitico.mx\\\/?p=100916#breadcrumb\"},\"inLanguage\":\"es\",\"potentialAction\":[{\"@type\":\"ReadAction\",\"target\":[\"https:\\\/\\\/quehacerpolitico.mx\\\/?p=100916\"]}]},{\"@type\":\"ImageObject\",\"inLanguage\":\"es\",\"@id\":\"https:\\\/\\\/quehacerpolitico.mx\\\/?p=100916#primaryimage\",\"url\":\"https:\\\/\\\/quehacerpolitico.mx\\\/wp-content\\\/uploads\\\/2023\\\/05\\\/IMG_7781.jpeg\",\"contentUrl\":\"https:\\\/\\\/quehacerpolitico.mx\\\/wp-content\\\/uploads\\\/2023\\\/05\\\/IMG_7781.jpeg\",\"width\":1284,\"height\":689},{\"@type\":\"BreadcrumbList\",\"@id\":\"https:\\\/\\\/quehacerpolitico.mx\\\/?p=100916#breadcrumb\",\"itemListElement\":[{\"@type\":\"ListItem\",\"position\":1,\"name\":\"Inicio\",\"item\":\"https:\\\/\\\/quehacerpolitico.mx\\\/\"},{\"@type\":\"ListItem\",\"position\":2,\"name\":\"Esto dice L\u00f3pez Obrador sobre el conflicto del senador Armenta y ministra Pi\u00f1a\"}]},{\"@type\":\"WebSite\",\"@id\":\"https:\\\/\\\/quehacerpolitico.mx\\\/#website\",\"url\":\"https:\\\/\\\/quehacerpolitico.mx\\\/\",\"name\":\"\",\"description\":\"\",\"potentialAction\":[{\"@type\":\"SearchAction\",\"target\":{\"@type\":\"EntryPoint\",\"urlTemplate\":\"https:\\\/\\\/quehacerpolitico.mx\\\/?s={search_term_string}\"},\"query-input\":{\"@type\":\"PropertyValueSpecification\",\"valueRequired\":true,\"valueName\":\"search_term_string\"}}],\"inLanguage\":\"es\"},{\"@type\":\"Person\",\"@id\":\"https:\\\/\\\/quehacerpolitico.mx\\\/#\\\/schema\\\/person\\\/496d8ad2d1d3f8036101dca7ee39e585\",\"name\":\"Redacci\u00f3n QP\",\"image\":{\"@type\":\"ImageObject\",\"inLanguage\":\"es\",\"@id\":\"https:\\\/\\\/secure.gravatar.com\\\/avatar\\\/c7164ed6fdec453195284ad24a5ae5b6e1eed2b848477fa2a4787ba9adf39a41?s=96&d=mm&r=g\",\"url\":\"https:\\\/\\\/secure.gravatar.com\\\/avatar\\\/c7164ed6fdec453195284ad24a5ae5b6e1eed2b848477fa2a4787ba9adf39a41?s=96&d=mm&r=g\",\"contentUrl\":\"https:\\\/\\\/secure.gravatar.com\\\/avatar\\\/c7164ed6fdec453195284ad24a5ae5b6e1eed2b848477fa2a4787ba9adf39a41?s=96&d=mm&r=g\",\"caption\":\"Redacci\u00f3n QP\"},\"url\":\"https:\\\/\\\/quehacerpolitico.mx\\\/?author=2\"}]}<\/script>\n<!-- \/ Yoast SEO plugin. -->","yoast_head_json":{"title":"Esto dice L\u00f3pez Obrador sobre el conflicto del senador Armenta y ministra Pi\u00f1a -","robots":{"index":"index","follow":"follow","max-snippet":"max-snippet:-1","max-image-preview":"max-image-preview:large","max-video-preview":"max-video-preview:-1"},"canonical":"https:\/\/quehacerpolitico.mx\/?p=100916","og_locale":"es_MX","og_type":"article","og_title":"Esto dice L\u00f3pez Obrador sobre el conflicto del senador Armenta y ministra Pi\u00f1a -","og_description":"Por Redacci\u00f3n QP L\u00f3pez Obrador se\u00f1ala\u00a0que lo mejor es el debate, porque &#8220;el tribunal popular...","og_url":"https:\/\/quehacerpolitico.mx\/?p=100916","article_published_time":"2023-05-19T16:51:02+00:00","article_modified_time":"2023-05-19T16:51:05+00:00","og_image":[{"width":1284,"height":689,"url":"https:\/\/quehacerpolitico.mx\/wp-content\/uploads\/2023\/05\/IMG_7781.jpeg","type":"image\/jpeg"}],"author":"Redacci\u00f3n QP","twitter_card":"summary_large_image","twitter_misc":{"Escrito por":"Redacci\u00f3n QP","Tiempo de lectura":"2 minutos"},"schema":{"@context":"https:\/\/schema.org","@graph":[{"@type":"Article","@id":"https:\/\/quehacerpolitico.mx\/?p=100916#article","isPartOf":{"@id":"https:\/\/quehacerpolitico.mx\/?p=100916"},"author":{"name":"Redacci\u00f3n QP","@id":"https:\/\/quehacerpolitico.mx\/#\/schema\/person\/496d8ad2d1d3f8036101dca7ee39e585"},"headline":"Esto dice L\u00f3pez Obrador sobre el conflicto del senador Armenta y ministra Pi\u00f1a","datePublished":"2023-05-19T16:51:02+00:00","dateModified":"2023-05-19T16:51:05+00:00","mainEntityOfPage":{"@id":"https:\/\/quehacerpolitico.mx\/?p=100916"},"wordCount":489,"commentCount":0,"image":{"@id":"https:\/\/quehacerpolitico.mx\/?p=100916#primaryimage"},"thumbnailUrl":"https:\/\/quehacerpolitico.mx\/wp-content\/uploads\/2023\/05\/IMG_7781.jpeg","articleSection":["Noticias"],"inLanguage":"es","potentialAction":[{"@type":"CommentAction","name":"Comment","target":["https:\/\/quehacerpolitico.mx\/?p=100916#respond"]}]},{"@type":"WebPage","@id":"https:\/\/quehacerpolitico.mx\/?p=100916","url":"https:\/\/quehacerpolitico.mx\/?p=100916","name":"Esto dice L\u00f3pez Obrador sobre el conflicto del senador Armenta y ministra Pi\u00f1a -","isPartOf":{"@id":"https:\/\/quehacerpolitico.mx\/#website"},"primaryImageOfPage":{"@id":"https:\/\/quehacerpolitico.mx\/?p=100916#primaryimage"},"image":{"@id":"https:\/\/quehacerpolitico.mx\/?p=100916#primaryimage"},"thumbnailUrl":"https:\/\/quehacerpolitico.mx\/wp-content\/uploads\/2023\/05\/IMG_7781.jpeg","datePublished":"2023-05-19T16:51:02+00:00","dateModified":"2023-05-19T16:51:05+00:00","author":{"@id":"https:\/\/quehacerpolitico.mx\/#\/schema\/person\/496d8ad2d1d3f8036101dca7ee39e585"},"breadcrumb":{"@id":"https:\/\/quehacerpolitico.mx\/?p=100916#breadcrumb"},"inLanguage":"es","potentialAction":[{"@type":"ReadAction","target":["https:\/\/quehacerpolitico.mx\/?p=100916"]}]},{"@type":"ImageObject","inLanguage":"es","@id":"https:\/\/quehacerpolitico.mx\/?p=100916#primaryimage","url":"https:\/\/quehacerpolitico.mx\/wp-content\/uploads\/2023\/05\/IMG_7781.jpeg","contentUrl":"https:\/\/quehacerpolitico.mx\/wp-content\/uploads\/2023\/05\/IMG_7781.jpeg","width":1284,"height":689},{"@type":"BreadcrumbList","@id":"https:\/\/quehacerpolitico.mx\/?p=100916#breadcrumb","itemListElement":[{"@type":"ListItem","position":1,"name":"Inicio","item":"https:\/\/quehacerpolitico.mx\/"},{"@type":"ListItem","position":2,"name":"Esto dice L\u00f3pez Obrador sobre el conflicto del senador Armenta y ministra Pi\u00f1a"}]},{"@type":"WebSite","@id":"https:\/\/quehacerpolitico.mx\/#website","url":"https:\/\/quehacerpolitico.mx\/","name":"","description":"","potentialAction":[{"@type":"SearchAction","target":{"@type":"EntryPoint","urlTemplate":"https:\/\/quehacerpolitico.mx\/?s={search_term_string}"},"query-input":{"@type":"PropertyValueSpecification","valueRequired":true,"valueName":"search_term_string"}}],"inLanguage":"es"},{"@type":"Person","@id":"https:\/\/quehacerpolitico.mx\/#\/schema\/person\/496d8ad2d1d3f8036101dca7ee39e585","name":"Redacci\u00f3n QP","image":{"@type":"ImageObject","inLanguage":"es","@id":"https:\/\/secure.gravatar.com\/avatar\/c7164ed6fdec453195284ad24a5ae5b6e1eed2b848477fa2a4787ba9adf39a41?s=96&d=mm&r=g","url":"https:\/\/secure.gravatar.com\/avatar\/c7164ed6fdec453195284ad24a5ae5b6e1eed2b848477fa2a4787ba9adf39a41?s=96&d=mm&r=g","contentUrl":"https:\/\/secure.gravatar.com\/avatar\/c7164ed6fdec453195284ad24a5ae5b6e1eed2b848477fa2a4787ba9adf39a41?s=96&d=mm&r=g","caption":"Redacci\u00f3n QP"},"url":"https:\/\/quehacerpolitico.mx\/?author=2"}]}},"featured_image_urls":{"full":["https:\/\/quehacerpolitico.mx\/wp-content\/uploads\/2023\/05\/IMG_7781.jpeg",1284,689,false],"thumbnail":["https:\/\/quehacerpolitico.mx\/wp-content\/uploads\/2023\/05\/IMG_7781-150x150.jpeg",150,150,true],"medium":["https:\/\/quehacerpolitico.mx\/wp-content\/uploads\/2023\/05\/IMG_7781-300x161.jpeg",300,161,true],"medium_large":["https:\/\/quehacerpolitico.mx\/wp-content\/uploads\/2023\/05\/IMG_7781-768x412.jpeg",640,343,true],"large":["https:\/\/quehacerpolitico.mx\/wp-content\/uploads\/2023\/05\/IMG_7781-1024x549.jpeg",640,343,true],"1536x1536":["https:\/\/quehacerpolitico.mx\/wp-content\/uploads\/2023\/05\/IMG_7781.jpeg",1284,689,false],"2048x2048":["https:\/\/quehacerpolitico.mx\/wp-content\/uploads\/2023\/05\/IMG_7781.jpeg",1284,689,false],"covernews-featured":["https:\/\/quehacerpolitico.mx\/wp-content\/uploads\/2023\/05\/IMG_7781.jpeg",1024,549,false],"covernews-medium":["https:\/\/quehacerpolitico.mx\/wp-content\/uploads\/2023\/05\/IMG_7781.jpeg",540,290,false]},"author_info":{"display_name":"Redacci\u00f3n QP","author_link":"https:\/\/quehacerpolitico.mx\/?author=2"},"category_info":"<a href=\"https:\/\/quehacerpolitico.mx\/?cat=2\" rel=\"category\">Noticias<\/a>","tag_info":"Noticias","comment_count":"0","_links":{"self":[{"href":"https:\/\/quehacerpolitico.mx\/index.php?rest_route=\/wp\/v2\/posts\/100916","targetHints":{"allow":["GET"]}}],"collection":[{"href":"https:\/\/quehacerpolitico.mx\/index.php?rest_route=\/wp\/v2\/posts"}],"about":[{"href":"https:\/\/quehacerpolitico.mx\/index.php?rest_route=\/wp\/v2\/types\/post"}],"author":[{"embeddable":true,"href":"https:\/\/quehacerpolitico.mx\/index.php?rest_route=\/wp\/v2\/users\/2"}],"replies":[{"embeddable":true,"href":"https:\/\/quehacerpolitico.mx\/index.php?rest_route=%2Fwp%2Fv2%2Fcomments&post=100916"}],"version-history":[{"count":1,"href":"https:\/\/quehacerpolitico.mx\/index.php?rest_route=\/wp\/v2\/posts\/100916\/revisions"}],"predecessor-version":[{"id":100918,"href":"https:\/\/quehacerpolitico.mx\/index.php?rest_route=\/wp\/v2\/posts\/100916\/revisions\/100918"}],"wp:featuredmedia":[{"embeddable":true,"href":"https:\/\/quehacerpolitico.mx\/index.php?rest_route=\/wp\/v2\/media\/100917"}],"wp:attachment":[{"href":"https:\/\/quehacerpolitico.mx\/index.php?rest_route=%2Fwp%2Fv2%2Fmedia&parent=100916"}],"wp:term":[{"taxonomy":"category","embeddable":true,"href":"https:\/\/quehacerpolitico.mx\/index.php?rest_route=%2Fwp%2Fv2%2Fcategories&post=100916"},{"taxonomy":"post_tag","embeddable":true,"href":"https:\/\/quehacerpolitico.mx\/index.php?rest_route=%2Fwp%2Fv2%2Ftags&post=100916"}],"curies":[{"name":"wp","href":"https:\/\/api.w.org\/{rel}","templated":true}]}}