{"id":100896,"date":"2023-05-19T14:49:21","date_gmt":"2023-05-19T14:49:21","guid":{"rendered":"https:\/\/quehacerpolitico.mx\/?p=100896"},"modified":"2023-05-19T14:49:23","modified_gmt":"2023-05-19T14:49:23","slug":"mexico-presenta-la-imagen-de-sus-tres-cedes-para-el-mundial-2026","status":"publish","type":"post","link":"https:\/\/quehacerpolitico.mx\/?p=100896","title":{"rendered":"Mexico presenta la imagen de sus tres ced\u00e9s para el mundial 2026"},"content":{"rendered":"\n<p>Por Redacci\u00f3n QP<\/p>\n\n\n\n<p>Ciudad de M\u00e9xico, Guadalajara y Monterrey presentaron la imagen que promover\u00e1n para el Mundial 2026, con vivos colores inspirados en la naturaleza<\/p>\n\n\n\n<p><strong>Ciudad de M\u00e9xico<\/strong>,\u00a0<strong>Monterrey<\/strong>\u00a0y\u00a0<strong>Guadalajara<\/strong>, las tres ciudades sedes de M\u00e9xico en el\u00a0<strong>Mundial 2026<\/strong>\u00a0que organizar\u00e1 en conjunto con Estados Unidos y Canad\u00e1, presentaron las marcas que las identificar\u00e1n en el torneo.<\/p>\n\n\n\n<p><strong>Ciudad de M\u00e9xico<\/strong>\u00a0fue la primera en develar\u00a0su rostro para la siguiente\u00a0<strong>Copa del Mundo<\/strong>\u00a0en un evento realizado en el Bosque de Chapultepec, uno de los sitios m\u00e1s tur\u00edsticos de la capital del pa\u00eds.<\/p>\n\n\n\n<p>El logo mantiene la base de la marca oficial y el logo de la FIFA, con la Copa del Mundo al frente del n\u00famero 26 en color negro.<\/p>\n\n\n\n<p>La diferencia con\u00a0<strong>Ciudad de M\u00e9xico<\/strong>\u00a0fueron los colores, que en el caso de la urbe fueron el morado, en referencia a las flores del \u00e1rbol\u00a0<strong>jacaranda<\/strong>\u00a0que caracterizan la primavera de la ciudad; el naranja, por las flores de\u00a0<strong>cempas\u00fachil<\/strong>\u00a0que adornan los altares del D\u00eda de Muertos, y el verde de la\u00a0<strong>playera local<\/strong>\u00a0de la\u00a0<strong>selecci\u00f3n<\/strong>\u00a0<strong>mexicana<\/strong>.<\/p>\n\n\n\n<figure class=\"wp-block-embed is-type-rich is-provider-twitter wp-block-embed-twitter\"><div class=\"wp-block-embed__wrapper\">\n<blockquote class=\"twitter-tweet\" data-width=\"550\" data-dnt=\"true\"><p lang=\"es\" dir=\"ltr\"><a href=\"https:\/\/twitter.com\/hashtag\/WeAre26?src=hash&amp;ref_src=twsrc%5Etfw\">#WeAre26<\/a> <a href=\"https:\/\/twitter.com\/hashtag\/Somos26?src=hash&amp;ref_src=twsrc%5Etfw\">#Somos26<\/a> Somos la Ciudad de M\u00e9xico \ud83c\uddf2\ud83c\uddfd <br>\u00a1Bienvenidos a la mayor fiesta del mundo! Nos vemos en 2026 <a href=\"https:\/\/t.co\/k92qIkZtAR\">pic.twitter.com\/k92qIkZtAR<\/a><\/p>&mdash; MexicoCity26 (@MexicoCity26) <a href=\"https:\/\/twitter.com\/MexicoCity26\/status\/1659370524399771648?ref_src=twsrc%5Etfw\">May 19, 2023<\/a><\/blockquote><script async src=\"https:\/\/platform.twitter.com\/widgets.js\" charset=\"utf-8\"><\/script>\n<\/div><\/figure>\n\n\n\n<p>\u201cPor mucho es la mejor marca de los tres mundiales en los que Ciudad de M\u00e9xico ha sido sede. Siempre se va modernizando y vamos mejorando. Est\u00e1 fabuloso. Los colores lo dicen todo, la jacaranda, el cempas\u00fachil y el verde que traemos en todas las camisetas de la selecci\u00f3n\u201d, explic\u00f3 a EFE, Justino Compe\u00e1n, uno de los art\u00edfices de que M\u00e9xico sea el primer pa\u00eds en acoger tres mundiales y presidente de la Federaci\u00f3n Mexicana de Futbol de 2006 a 2015.<\/p>\n\n\n\n<p>Los partidos mundialistas en Ciudad de M\u00e9xico se llevar\u00e1n a cabo en el&nbsp;<strong>Estadio<\/strong>&nbsp;<strong>Azteca<\/strong>, en donde el brasile\u00f1o Pel\u00e9 alz\u00f3 la Copa del Mundo en 1970 y el argentino Diego Armando Maradona tambi\u00e9n lo hizo en 1986.<\/p>\n\n\n\n<p>Los mexicanos luchan porque en 2026 el Azteca sea el primer estadio en tener tres partidos inaugurales de un Mundial.<\/p>\n\n\n\n<p><strong>Guadalajara<\/strong>&nbsp;fue el segundo en develar su marca en el medio tiempo del partido de ida de la semifinal del torneo Clausura 2023 de la liga local, en el&nbsp;<strong>estadio Akron<\/strong>, que ser\u00e1 el inmueble que acoger\u00e1 los duelos mundialista.<\/p>\n\n\n\n<p>Con un show de luces en la cancha del Akron desplegaron en el centro del campo el logotipo, de color rosa mexicano y morado, los cuales no se explicaron su significado.<\/p>\n\n\n\n<p><strong>Monterrey<\/strong>&nbsp;fue el \u00faltimo en revelar su identidad, inspirada en sus monta\u00f1as, representadas de color azul, y el cielo de color rojo. La ciudad del norte de M\u00e9xico organiz\u00f3 el evento en el&nbsp;<strong>estadio BBVA<\/strong>, que ser\u00e1 por primera vez mundialista.<\/p>\n\n\n\n<p>La Copa del Mundo de 2026 ser\u00e1 la primera que tenga\u00a0 48 selecciones en lugar de los 32 actuales, y ser\u00e1 la primera vez en que se celebre en tres pa\u00edses.<\/p>\n\n\n\n<p>Las identidades de marca de las ciudades del Mundial 2026 fueron dise\u00f1adas en conjunto con la FIFA y el objetivo es que muestren la esencia e historia de cada una de las 16 sedes.<\/p>\n\n\n\n<p>Estados Unidos tendr\u00e1 la mayor parte del torneo y contar\u00e1 con 11 ciudades en total del Mundial, Seattle, la Bah\u00eda de San Francisco, Los \u00c1ngeles, Kansas City, Dallas, Atlanta, Houston, Boston, Filadelfia, Miami y Nueva York\/Nueva Jersey.<\/p>\n\n\n\n<p>Canad\u00e1 contar\u00e1 con Vancouver y Toronto.<\/p>\n\n\n\n<p>Con informaci\u00f3n de EFE<\/p>\n","protected":false},"excerpt":{"rendered":"<p>Por Redacci\u00f3n QP Ciudad de M\u00e9xico, Guadalajara y Monterrey presentaron la imagen que promover\u00e1n para&#8230;<\/p>\n","protected":false},"author":2,"featured_media":100897,"comment_status":"open","ping_status":"open","sticky":false,"template":"","format":"standard","meta":{"_monsterinsights_skip_tracking":false,"_monsterinsights_sitenote_active":false,"_monsterinsights_sitenote_note":"","_monsterinsights_sitenote_category":0,"footnotes":""},"categories":[54],"tags":[],"class_list":["post-100896","post","type-post","status-publish","format-standard","has-post-thumbnail","hentry","category-deportes"],"yoast_head":"<!-- This site is optimized with the Yoast SEO plugin v27.3 - https:\/\/yoast.com\/product\/yoast-seo-wordpress\/ -->\n<title>Mexico presenta la imagen de sus tres ced\u00e9s para el mundial 2026 -<\/title>\n<meta name=\"robots\" content=\"index, follow, max-snippet:-1, max-image-preview:large, max-video-preview:-1\" \/>\n<link rel=\"canonical\" href=\"https:\/\/quehacerpolitico.mx\/?p=100896\" \/>\n<meta property=\"og:locale\" content=\"es_MX\" \/>\n<meta property=\"og:type\" content=\"article\" \/>\n<meta property=\"og:title\" content=\"Mexico presenta la imagen de sus tres ced\u00e9s para el mundial 2026 -\" \/>\n<meta property=\"og:description\" content=\"Por Redacci\u00f3n QP Ciudad de M\u00e9xico, Guadalajara y Monterrey presentaron la imagen que promover\u00e1n para...\" \/>\n<meta property=\"og:url\" content=\"https:\/\/quehacerpolitico.mx\/?p=100896\" \/>\n<meta property=\"article:published_time\" content=\"2023-05-19T14:49:21+00:00\" \/>\n<meta property=\"article:modified_time\" content=\"2023-05-19T14:49:23+00:00\" \/>\n<meta property=\"og:image\" content=\"https:\/\/quehacerpolitico.mx\/wp-content\/uploads\/2023\/05\/IMG_7773.jpeg\" \/>\n\t<meta property=\"og:image:width\" content=\"500\" \/>\n\t<meta property=\"og:image:height\" content=\"281\" \/>\n\t<meta property=\"og:image:type\" content=\"image\/jpeg\" \/>\n<meta name=\"author\" content=\"Redacci\u00f3n QP\" \/>\n<meta name=\"twitter:card\" content=\"summary_large_image\" \/>\n<meta name=\"twitter:label1\" content=\"Escrito por\" \/>\n\t<meta name=\"twitter:data1\" content=\"Redacci\u00f3n QP\" \/>\n\t<meta name=\"twitter:label2\" content=\"Tiempo de lectura\" \/>\n\t<meta name=\"twitter:data2\" content=\"3 minutos\" \/>\n<script type=\"application\/ld+json\" class=\"yoast-schema-graph\">{\"@context\":\"https:\\\/\\\/schema.org\",\"@graph\":[{\"@type\":\"Article\",\"@id\":\"https:\\\/\\\/quehacerpolitico.mx\\\/?p=100896#article\",\"isPartOf\":{\"@id\":\"https:\\\/\\\/quehacerpolitico.mx\\\/?p=100896\"},\"author\":{\"name\":\"Redacci\u00f3n QP\",\"@id\":\"https:\\\/\\\/quehacerpolitico.mx\\\/#\\\/schema\\\/person\\\/496d8ad2d1d3f8036101dca7ee39e585\"},\"headline\":\"Mexico presenta la imagen de sus tres ced\u00e9s para el mundial 2026\",\"datePublished\":\"2023-05-19T14:49:21+00:00\",\"dateModified\":\"2023-05-19T14:49:23+00:00\",\"mainEntityOfPage\":{\"@id\":\"https:\\\/\\\/quehacerpolitico.mx\\\/?p=100896\"},\"wordCount\":594,\"commentCount\":0,\"image\":{\"@id\":\"https:\\\/\\\/quehacerpolitico.mx\\\/?p=100896#primaryimage\"},\"thumbnailUrl\":\"https:\\\/\\\/quehacerpolitico.mx\\\/wp-content\\\/uploads\\\/2023\\\/05\\\/IMG_7773.jpeg\",\"articleSection\":[\"Deportes\"],\"inLanguage\":\"es\",\"potentialAction\":[{\"@type\":\"CommentAction\",\"name\":\"Comment\",\"target\":[\"https:\\\/\\\/quehacerpolitico.mx\\\/?p=100896#respond\"]}]},{\"@type\":\"WebPage\",\"@id\":\"https:\\\/\\\/quehacerpolitico.mx\\\/?p=100896\",\"url\":\"https:\\\/\\\/quehacerpolitico.mx\\\/?p=100896\",\"name\":\"Mexico presenta la imagen de sus tres ced\u00e9s para el mundial 2026 -\",\"isPartOf\":{\"@id\":\"https:\\\/\\\/quehacerpolitico.mx\\\/#website\"},\"primaryImageOfPage\":{\"@id\":\"https:\\\/\\\/quehacerpolitico.mx\\\/?p=100896#primaryimage\"},\"image\":{\"@id\":\"https:\\\/\\\/quehacerpolitico.mx\\\/?p=100896#primaryimage\"},\"thumbnailUrl\":\"https:\\\/\\\/quehacerpolitico.mx\\\/wp-content\\\/uploads\\\/2023\\\/05\\\/IMG_7773.jpeg\",\"datePublished\":\"2023-05-19T14:49:21+00:00\",\"dateModified\":\"2023-05-19T14:49:23+00:00\",\"author\":{\"@id\":\"https:\\\/\\\/quehacerpolitico.mx\\\/#\\\/schema\\\/person\\\/496d8ad2d1d3f8036101dca7ee39e585\"},\"breadcrumb\":{\"@id\":\"https:\\\/\\\/quehacerpolitico.mx\\\/?p=100896#breadcrumb\"},\"inLanguage\":\"es\",\"potentialAction\":[{\"@type\":\"ReadAction\",\"target\":[\"https:\\\/\\\/quehacerpolitico.mx\\\/?p=100896\"]}]},{\"@type\":\"ImageObject\",\"inLanguage\":\"es\",\"@id\":\"https:\\\/\\\/quehacerpolitico.mx\\\/?p=100896#primaryimage\",\"url\":\"https:\\\/\\\/quehacerpolitico.mx\\\/wp-content\\\/uploads\\\/2023\\\/05\\\/IMG_7773.jpeg\",\"contentUrl\":\"https:\\\/\\\/quehacerpolitico.mx\\\/wp-content\\\/uploads\\\/2023\\\/05\\\/IMG_7773.jpeg\",\"width\":500,\"height\":281},{\"@type\":\"BreadcrumbList\",\"@id\":\"https:\\\/\\\/quehacerpolitico.mx\\\/?p=100896#breadcrumb\",\"itemListElement\":[{\"@type\":\"ListItem\",\"position\":1,\"name\":\"Inicio\",\"item\":\"https:\\\/\\\/quehacerpolitico.mx\\\/\"},{\"@type\":\"ListItem\",\"position\":2,\"name\":\"Mexico presenta la imagen de sus tres ced\u00e9s para el mundial 2026\"}]},{\"@type\":\"WebSite\",\"@id\":\"https:\\\/\\\/quehacerpolitico.mx\\\/#website\",\"url\":\"https:\\\/\\\/quehacerpolitico.mx\\\/\",\"name\":\"\",\"description\":\"\",\"potentialAction\":[{\"@type\":\"SearchAction\",\"target\":{\"@type\":\"EntryPoint\",\"urlTemplate\":\"https:\\\/\\\/quehacerpolitico.mx\\\/?s={search_term_string}\"},\"query-input\":{\"@type\":\"PropertyValueSpecification\",\"valueRequired\":true,\"valueName\":\"search_term_string\"}}],\"inLanguage\":\"es\"},{\"@type\":\"Person\",\"@id\":\"https:\\\/\\\/quehacerpolitico.mx\\\/#\\\/schema\\\/person\\\/496d8ad2d1d3f8036101dca7ee39e585\",\"name\":\"Redacci\u00f3n QP\",\"image\":{\"@type\":\"ImageObject\",\"inLanguage\":\"es\",\"@id\":\"https:\\\/\\\/secure.gravatar.com\\\/avatar\\\/c7164ed6fdec453195284ad24a5ae5b6e1eed2b848477fa2a4787ba9adf39a41?s=96&d=mm&r=g\",\"url\":\"https:\\\/\\\/secure.gravatar.com\\\/avatar\\\/c7164ed6fdec453195284ad24a5ae5b6e1eed2b848477fa2a4787ba9adf39a41?s=96&d=mm&r=g\",\"contentUrl\":\"https:\\\/\\\/secure.gravatar.com\\\/avatar\\\/c7164ed6fdec453195284ad24a5ae5b6e1eed2b848477fa2a4787ba9adf39a41?s=96&d=mm&r=g\",\"caption\":\"Redacci\u00f3n QP\"},\"url\":\"https:\\\/\\\/quehacerpolitico.mx\\\/?author=2\"}]}<\/script>\n<!-- \/ Yoast SEO plugin. -->","yoast_head_json":{"title":"Mexico presenta la imagen de sus tres ced\u00e9s para el mundial 2026 -","robots":{"index":"index","follow":"follow","max-snippet":"max-snippet:-1","max-image-preview":"max-image-preview:large","max-video-preview":"max-video-preview:-1"},"canonical":"https:\/\/quehacerpolitico.mx\/?p=100896","og_locale":"es_MX","og_type":"article","og_title":"Mexico presenta la imagen de sus tres ced\u00e9s para el mundial 2026 -","og_description":"Por Redacci\u00f3n QP Ciudad de M\u00e9xico, Guadalajara y Monterrey presentaron la imagen que promover\u00e1n para...","og_url":"https:\/\/quehacerpolitico.mx\/?p=100896","article_published_time":"2023-05-19T14:49:21+00:00","article_modified_time":"2023-05-19T14:49:23+00:00","og_image":[{"width":500,"height":281,"url":"https:\/\/quehacerpolitico.mx\/wp-content\/uploads\/2023\/05\/IMG_7773.jpeg","type":"image\/jpeg"}],"author":"Redacci\u00f3n QP","twitter_card":"summary_large_image","twitter_misc":{"Escrito por":"Redacci\u00f3n QP","Tiempo de lectura":"3 minutos"},"schema":{"@context":"https:\/\/schema.org","@graph":[{"@type":"Article","@id":"https:\/\/quehacerpolitico.mx\/?p=100896#article","isPartOf":{"@id":"https:\/\/quehacerpolitico.mx\/?p=100896"},"author":{"name":"Redacci\u00f3n QP","@id":"https:\/\/quehacerpolitico.mx\/#\/schema\/person\/496d8ad2d1d3f8036101dca7ee39e585"},"headline":"Mexico presenta la imagen de sus tres ced\u00e9s para el mundial 2026","datePublished":"2023-05-19T14:49:21+00:00","dateModified":"2023-05-19T14:49:23+00:00","mainEntityOfPage":{"@id":"https:\/\/quehacerpolitico.mx\/?p=100896"},"wordCount":594,"commentCount":0,"image":{"@id":"https:\/\/quehacerpolitico.mx\/?p=100896#primaryimage"},"thumbnailUrl":"https:\/\/quehacerpolitico.mx\/wp-content\/uploads\/2023\/05\/IMG_7773.jpeg","articleSection":["Deportes"],"inLanguage":"es","potentialAction":[{"@type":"CommentAction","name":"Comment","target":["https:\/\/quehacerpolitico.mx\/?p=100896#respond"]}]},{"@type":"WebPage","@id":"https:\/\/quehacerpolitico.mx\/?p=100896","url":"https:\/\/quehacerpolitico.mx\/?p=100896","name":"Mexico presenta la imagen de sus tres ced\u00e9s para el mundial 2026 -","isPartOf":{"@id":"https:\/\/quehacerpolitico.mx\/#website"},"primaryImageOfPage":{"@id":"https:\/\/quehacerpolitico.mx\/?p=100896#primaryimage"},"image":{"@id":"https:\/\/quehacerpolitico.mx\/?p=100896#primaryimage"},"thumbnailUrl":"https:\/\/quehacerpolitico.mx\/wp-content\/uploads\/2023\/05\/IMG_7773.jpeg","datePublished":"2023-05-19T14:49:21+00:00","dateModified":"2023-05-19T14:49:23+00:00","author":{"@id":"https:\/\/quehacerpolitico.mx\/#\/schema\/person\/496d8ad2d1d3f8036101dca7ee39e585"},"breadcrumb":{"@id":"https:\/\/quehacerpolitico.mx\/?p=100896#breadcrumb"},"inLanguage":"es","potentialAction":[{"@type":"ReadAction","target":["https:\/\/quehacerpolitico.mx\/?p=100896"]}]},{"@type":"ImageObject","inLanguage":"es","@id":"https:\/\/quehacerpolitico.mx\/?p=100896#primaryimage","url":"https:\/\/quehacerpolitico.mx\/wp-content\/uploads\/2023\/05\/IMG_7773.jpeg","contentUrl":"https:\/\/quehacerpolitico.mx\/wp-content\/uploads\/2023\/05\/IMG_7773.jpeg","width":500,"height":281},{"@type":"BreadcrumbList","@id":"https:\/\/quehacerpolitico.mx\/?p=100896#breadcrumb","itemListElement":[{"@type":"ListItem","position":1,"name":"Inicio","item":"https:\/\/quehacerpolitico.mx\/"},{"@type":"ListItem","position":2,"name":"Mexico presenta la imagen de sus tres ced\u00e9s para el mundial 2026"}]},{"@type":"WebSite","@id":"https:\/\/quehacerpolitico.mx\/#website","url":"https:\/\/quehacerpolitico.mx\/","name":"","description":"","potentialAction":[{"@type":"SearchAction","target":{"@type":"EntryPoint","urlTemplate":"https:\/\/quehacerpolitico.mx\/?s={search_term_string}"},"query-input":{"@type":"PropertyValueSpecification","valueRequired":true,"valueName":"search_term_string"}}],"inLanguage":"es"},{"@type":"Person","@id":"https:\/\/quehacerpolitico.mx\/#\/schema\/person\/496d8ad2d1d3f8036101dca7ee39e585","name":"Redacci\u00f3n QP","image":{"@type":"ImageObject","inLanguage":"es","@id":"https:\/\/secure.gravatar.com\/avatar\/c7164ed6fdec453195284ad24a5ae5b6e1eed2b848477fa2a4787ba9adf39a41?s=96&d=mm&r=g","url":"https:\/\/secure.gravatar.com\/avatar\/c7164ed6fdec453195284ad24a5ae5b6e1eed2b848477fa2a4787ba9adf39a41?s=96&d=mm&r=g","contentUrl":"https:\/\/secure.gravatar.com\/avatar\/c7164ed6fdec453195284ad24a5ae5b6e1eed2b848477fa2a4787ba9adf39a41?s=96&d=mm&r=g","caption":"Redacci\u00f3n QP"},"url":"https:\/\/quehacerpolitico.mx\/?author=2"}]}},"featured_image_urls":{"full":["https:\/\/quehacerpolitico.mx\/wp-content\/uploads\/2023\/05\/IMG_7773.jpeg",500,281,false],"thumbnail":["https:\/\/quehacerpolitico.mx\/wp-content\/uploads\/2023\/05\/IMG_7773-150x150.jpeg",150,150,true],"medium":["https:\/\/quehacerpolitico.mx\/wp-content\/uploads\/2023\/05\/IMG_7773-300x169.jpeg",300,169,true],"medium_large":["https:\/\/quehacerpolitico.mx\/wp-content\/uploads\/2023\/05\/IMG_7773.jpeg",500,281,false],"large":["https:\/\/quehacerpolitico.mx\/wp-content\/uploads\/2023\/05\/IMG_7773.jpeg",500,281,false],"1536x1536":["https:\/\/quehacerpolitico.mx\/wp-content\/uploads\/2023\/05\/IMG_7773.jpeg",500,281,false],"2048x2048":["https:\/\/quehacerpolitico.mx\/wp-content\/uploads\/2023\/05\/IMG_7773.jpeg",500,281,false],"covernews-featured":["https:\/\/quehacerpolitico.mx\/wp-content\/uploads\/2023\/05\/IMG_7773.jpeg",500,281,false],"covernews-medium":["https:\/\/quehacerpolitico.mx\/wp-content\/uploads\/2023\/05\/IMG_7773.jpeg",500,281,false]},"author_info":{"display_name":"Redacci\u00f3n QP","author_link":"https:\/\/quehacerpolitico.mx\/?author=2"},"category_info":"<a href=\"https:\/\/quehacerpolitico.mx\/?cat=54\" rel=\"category\">Deportes<\/a>","tag_info":"Deportes","comment_count":"0","_links":{"self":[{"href":"https:\/\/quehacerpolitico.mx\/index.php?rest_route=\/wp\/v2\/posts\/100896","targetHints":{"allow":["GET"]}}],"collection":[{"href":"https:\/\/quehacerpolitico.mx\/index.php?rest_route=\/wp\/v2\/posts"}],"about":[{"href":"https:\/\/quehacerpolitico.mx\/index.php?rest_route=\/wp\/v2\/types\/post"}],"author":[{"embeddable":true,"href":"https:\/\/quehacerpolitico.mx\/index.php?rest_route=\/wp\/v2\/users\/2"}],"replies":[{"embeddable":true,"href":"https:\/\/quehacerpolitico.mx\/index.php?rest_route=%2Fwp%2Fv2%2Fcomments&post=100896"}],"version-history":[{"count":1,"href":"https:\/\/quehacerpolitico.mx\/index.php?rest_route=\/wp\/v2\/posts\/100896\/revisions"}],"predecessor-version":[{"id":100898,"href":"https:\/\/quehacerpolitico.mx\/index.php?rest_route=\/wp\/v2\/posts\/100896\/revisions\/100898"}],"wp:featuredmedia":[{"embeddable":true,"href":"https:\/\/quehacerpolitico.mx\/index.php?rest_route=\/wp\/v2\/media\/100897"}],"wp:attachment":[{"href":"https:\/\/quehacerpolitico.mx\/index.php?rest_route=%2Fwp%2Fv2%2Fmedia&parent=100896"}],"wp:term":[{"taxonomy":"category","embeddable":true,"href":"https:\/\/quehacerpolitico.mx\/index.php?rest_route=%2Fwp%2Fv2%2Fcategories&post=100896"},{"taxonomy":"post_tag","embeddable":true,"href":"https:\/\/quehacerpolitico.mx\/index.php?rest_route=%2Fwp%2Fv2%2Ftags&post=100896"}],"curies":[{"name":"wp","href":"https:\/\/api.w.org\/{rel}","templated":true}]}}