{"id":100879,"date":"2023-05-17T23:27:57","date_gmt":"2023-05-17T23:27:57","guid":{"rendered":"https:\/\/quehacerpolitico.mx\/?p=100879"},"modified":"2023-05-17T23:28:00","modified_gmt":"2023-05-17T23:28:00","slug":"rumoran-quien-seria-el-nuevo-baterista-de-foo-fighters","status":"publish","type":"post","link":"https:\/\/quehacerpolitico.mx\/?p=100879","title":{"rendered":"Rumoran qui\u00e9n ser\u00eda el nuevo baterista de Foo Fighters"},"content":{"rendered":"\n<p>Por Redacci\u00f3n QP<\/p>\n\n\n\n<p>A poco m\u00e1s de un a\u00f1o de que el baterista Taylor Hawkins de los Foo Fighters falleciera, est\u00e1n a pocos d\u00edas de anunciar qui\u00e9n ser\u00e1 el nuevo integrante de la agrupaci\u00f3n<\/p>\n\n\n\n<p>A poco m\u00e1s de un a\u00f1o de que Taylor Hawkins, el baterista de Foo Figthers perdiera la vida, a media gira mundial, la cl\u00e1sica banda de rock de los noventa ha anunciado que, en tan s\u00f3lo unos d\u00edas, dar\u00e1 a conocer el nombre de su nuevo integrante, sin embargo,\u00a0<strong>un medio estadounidense sugiere que se trata del m\u00fasico Josh Freese, famoso por haber pertenecido a algunas de las agrupaciones m\u00e1s importantes en el mundo alternativo,\u00a0<\/strong>como Nine Inch Nails y Guns N&#8217;Roses.<\/p>\n\n\n\n<p>Fue el 25 de marzo del 2022, unas cuantas horas antes de que la banda se presentara en Colombia cuando Hawkins, de 50 a\u00f1os, sufriera un colpaso cardiovascular, seg\u00fan explican los informes oficiales de su deceso, l<strong>uego de que en su sistema se encontraran rastros de 10 sustancias psicoactivas, entre ellas qu\u00edmicos relacionados con antidepresivos, generando un luto colectivo en el mundo del rock y, muy especialmente<\/strong>, en sus fans colombianas y colombianos que se quedaron con el deseo que la banda se presentase en el Est\u00e9reo Picnic.<\/p>\n\n\n\n<figure class=\"wp-block-embed is-type-video is-provider-youtube wp-block-embed-youtube wp-embed-aspect-16-9 wp-has-aspect-ratio\"><div class=\"wp-block-embed__wrapper\">\n<iframe loading=\"lazy\" title=\"Foo Fighters - The Sky Is A Neighborhood (Official Music Video)\" width=\"640\" height=\"360\" src=\"https:\/\/www.youtube.com\/embed\/TRqiFPpw2fY?feature=oembed\" frameborder=\"0\" allow=\"accelerometer; autoplay; clipboard-write; encrypted-media; gyroscope; picture-in-picture; web-share\" referrerpolicy=\"strict-origin-when-cross-origin\" allowfullscreen><\/iframe>\n<\/div><\/figure>\n\n\n\n<p>En ese momento, Dave Grohl, Pat Semar, Chris Shiflett, Nate Mendel, Rami Jeffe, William Goldsmith, Franz Stahl tomaron la decisi\u00f3n de seguir con las fechas que ya ten\u00edan pactadas en honor a Hawkins, quien en 1994 renunciar\u00eda a ser m\u00fasico de Alanis Morissette, luego de escuchar en la radio que los Foo Figthers, a quienes ya conoc\u00eda<strong>por coincidir en festivales de m\u00fasica, buscaban un nuevo baterista, por lo que hizo la audici\u00f3n para integrarse a la banda.<\/strong><\/p>\n\n\n\n<p><strong>Ahora, luego de 14 meses de la muerte del baterista, la banda ha vuelto con nuevo \u00e1lbum y con una noticia para todas y todos sus fan\u00e1ticos,<\/strong>&nbsp;pues a trav\u00e9s de sus redes sociales han reportado que, adem\u00e1s de estrenar &#8220;Under you&#8221;, el segundo tema que se desprende de &#8220;But here we are&#8221;, el \u00e1lbum de estudio que lanzar\u00e1n, incluidos todos sus tracks, el pr\u00f3ximo 2 de julio, est\u00e1n a pocos d\u00edas de dar a conocer el nombre del m\u00fasico que se integrar\u00e1 a la banda y reemplazar\u00e1 a Hawkins.<\/p>\n\n\n\n<p>Dicho anuncio tendr\u00e1 lugar este domingo 21 mayo, a trav\u00e9s de un concierto virtual que ofrecer\u00e1, titulado &#8220;Foo Fighters: Preparing Music for Concerts&#8221;, el cual ofrecen -seg\u00fan informan- para que sus fans de todo el mundo tengan la oportunidad de\u00a0<strong>disfrutar de un mismo concierto, sin necesidad de transportarse lejos de su regi\u00f3n y donde tambi\u00e9n interpretar\u00e1n sus nuevos temas como nunca antes lo han hecho.<\/strong><\/p>\n\n\n\n<p>Pero lo que m\u00e1s llama la atenci\u00f3n es que &#8220;Variety&#8221; ya dio a conocer el posible nombre del nuevo integrante que completar\u00e1 la alineaci\u00f3n de la agrupaci\u00f3n, pues en una publicaci\u00f3n difundida esta ma\u00f1ana apuntan que ser\u00e1 Josh Freese quien se convierta en el baterista de Foo Fighters de ahora en adelante.<\/p>\n\n\n\n<p>Josh Fresse es un m\u00fasico de 50 a\u00f1os que, a lo largo de los a\u00f1os, ha sido integrante de diferentes bandas de renombre y gran prestigio dentro del mundo del rock, como es el caso de The Vandals, Devo -como integrante original-, as\u00ed como tambi\u00e9n se ha incorporado a destiempo<strong>\u00a0a otros grupos como ocurri\u00f3 con Nine Inch Nails, A Perfect Circle, Guns N&#8217; Roses, Paramore y The Offspring, de quien se convirti\u00f3 en su baterista oficial para grabar \u00e1lbumes de estudio.<\/strong>\u00a0Adem\u00e1s, por separado, ha lanzado cuatro producciones discogr\u00e1ficas.<\/p>\n\n\n\n<p>Con Informaci\u00f3n de SUN <\/p>\n","protected":false},"excerpt":{"rendered":"<p>Por Redacci\u00f3n QP A poco m\u00e1s de un a\u00f1o de que el baterista Taylor Hawkins&#8230;<\/p>\n","protected":false},"author":2,"featured_media":100880,"comment_status":"open","ping_status":"open","sticky":false,"template":"","format":"standard","meta":{"_monsterinsights_skip_tracking":false,"_monsterinsights_sitenote_active":false,"_monsterinsights_sitenote_note":"","_monsterinsights_sitenote_category":0,"footnotes":""},"categories":[58],"tags":[],"class_list":["post-100879","post","type-post","status-publish","format-standard","has-post-thumbnail","hentry","category-cultura"],"yoast_head":"<!-- This site is optimized with the Yoast SEO plugin v27.3 - https:\/\/yoast.com\/product\/yoast-seo-wordpress\/ -->\n<title>Rumoran qui\u00e9n ser\u00eda el nuevo baterista de Foo Fighters -<\/title>\n<meta name=\"robots\" content=\"index, follow, max-snippet:-1, max-image-preview:large, max-video-preview:-1\" \/>\n<link rel=\"canonical\" href=\"https:\/\/quehacerpolitico.mx\/?p=100879\" \/>\n<meta property=\"og:locale\" content=\"es_MX\" \/>\n<meta property=\"og:type\" content=\"article\" \/>\n<meta property=\"og:title\" content=\"Rumoran qui\u00e9n ser\u00eda el nuevo baterista de Foo Fighters -\" \/>\n<meta property=\"og:description\" content=\"Por Redacci\u00f3n QP A poco m\u00e1s de un a\u00f1o de que el baterista Taylor Hawkins...\" \/>\n<meta property=\"og:url\" content=\"https:\/\/quehacerpolitico.mx\/?p=100879\" \/>\n<meta property=\"article:published_time\" content=\"2023-05-17T23:27:57+00:00\" \/>\n<meta property=\"article:modified_time\" content=\"2023-05-17T23:28:00+00:00\" \/>\n<meta property=\"og:image\" content=\"https:\/\/quehacerpolitico.mx\/wp-content\/uploads\/2023\/05\/IMG_7759.jpeg\" \/>\n\t<meta property=\"og:image:width\" content=\"695\" \/>\n\t<meta property=\"og:image:height\" content=\"441\" \/>\n\t<meta property=\"og:image:type\" content=\"image\/jpeg\" \/>\n<meta name=\"author\" content=\"Redacci\u00f3n QP\" \/>\n<meta name=\"twitter:card\" content=\"summary_large_image\" \/>\n<meta name=\"twitter:label1\" content=\"Escrito por\" \/>\n\t<meta name=\"twitter:data1\" content=\"Redacci\u00f3n QP\" \/>\n\t<meta name=\"twitter:label2\" content=\"Tiempo de lectura\" \/>\n\t<meta name=\"twitter:data2\" content=\"3 minutos\" \/>\n<script type=\"application\/ld+json\" class=\"yoast-schema-graph\">{\"@context\":\"https:\\\/\\\/schema.org\",\"@graph\":[{\"@type\":\"Article\",\"@id\":\"https:\\\/\\\/quehacerpolitico.mx\\\/?p=100879#article\",\"isPartOf\":{\"@id\":\"https:\\\/\\\/quehacerpolitico.mx\\\/?p=100879\"},\"author\":{\"name\":\"Redacci\u00f3n QP\",\"@id\":\"https:\\\/\\\/quehacerpolitico.mx\\\/#\\\/schema\\\/person\\\/496d8ad2d1d3f8036101dca7ee39e585\"},\"headline\":\"Rumoran qui\u00e9n ser\u00eda el nuevo baterista de Foo Fighters\",\"datePublished\":\"2023-05-17T23:27:57+00:00\",\"dateModified\":\"2023-05-17T23:28:00+00:00\",\"mainEntityOfPage\":{\"@id\":\"https:\\\/\\\/quehacerpolitico.mx\\\/?p=100879\"},\"wordCount\":643,\"commentCount\":0,\"image\":{\"@id\":\"https:\\\/\\\/quehacerpolitico.mx\\\/?p=100879#primaryimage\"},\"thumbnailUrl\":\"https:\\\/\\\/quehacerpolitico.mx\\\/wp-content\\\/uploads\\\/2023\\\/05\\\/IMG_7759.jpeg\",\"articleSection\":[\"Cultura y Entretenimiento\"],\"inLanguage\":\"es\",\"potentialAction\":[{\"@type\":\"CommentAction\",\"name\":\"Comment\",\"target\":[\"https:\\\/\\\/quehacerpolitico.mx\\\/?p=100879#respond\"]}]},{\"@type\":\"WebPage\",\"@id\":\"https:\\\/\\\/quehacerpolitico.mx\\\/?p=100879\",\"url\":\"https:\\\/\\\/quehacerpolitico.mx\\\/?p=100879\",\"name\":\"Rumoran qui\u00e9n ser\u00eda el nuevo baterista de Foo Fighters -\",\"isPartOf\":{\"@id\":\"https:\\\/\\\/quehacerpolitico.mx\\\/#website\"},\"primaryImageOfPage\":{\"@id\":\"https:\\\/\\\/quehacerpolitico.mx\\\/?p=100879#primaryimage\"},\"image\":{\"@id\":\"https:\\\/\\\/quehacerpolitico.mx\\\/?p=100879#primaryimage\"},\"thumbnailUrl\":\"https:\\\/\\\/quehacerpolitico.mx\\\/wp-content\\\/uploads\\\/2023\\\/05\\\/IMG_7759.jpeg\",\"datePublished\":\"2023-05-17T23:27:57+00:00\",\"dateModified\":\"2023-05-17T23:28:00+00:00\",\"author\":{\"@id\":\"https:\\\/\\\/quehacerpolitico.mx\\\/#\\\/schema\\\/person\\\/496d8ad2d1d3f8036101dca7ee39e585\"},\"breadcrumb\":{\"@id\":\"https:\\\/\\\/quehacerpolitico.mx\\\/?p=100879#breadcrumb\"},\"inLanguage\":\"es\",\"potentialAction\":[{\"@type\":\"ReadAction\",\"target\":[\"https:\\\/\\\/quehacerpolitico.mx\\\/?p=100879\"]}]},{\"@type\":\"ImageObject\",\"inLanguage\":\"es\",\"@id\":\"https:\\\/\\\/quehacerpolitico.mx\\\/?p=100879#primaryimage\",\"url\":\"https:\\\/\\\/quehacerpolitico.mx\\\/wp-content\\\/uploads\\\/2023\\\/05\\\/IMG_7759.jpeg\",\"contentUrl\":\"https:\\\/\\\/quehacerpolitico.mx\\\/wp-content\\\/uploads\\\/2023\\\/05\\\/IMG_7759.jpeg\",\"width\":695,\"height\":441},{\"@type\":\"BreadcrumbList\",\"@id\":\"https:\\\/\\\/quehacerpolitico.mx\\\/?p=100879#breadcrumb\",\"itemListElement\":[{\"@type\":\"ListItem\",\"position\":1,\"name\":\"Inicio\",\"item\":\"https:\\\/\\\/quehacerpolitico.mx\\\/\"},{\"@type\":\"ListItem\",\"position\":2,\"name\":\"Rumoran qui\u00e9n ser\u00eda el nuevo baterista de Foo Fighters\"}]},{\"@type\":\"WebSite\",\"@id\":\"https:\\\/\\\/quehacerpolitico.mx\\\/#website\",\"url\":\"https:\\\/\\\/quehacerpolitico.mx\\\/\",\"name\":\"\",\"description\":\"\",\"potentialAction\":[{\"@type\":\"SearchAction\",\"target\":{\"@type\":\"EntryPoint\",\"urlTemplate\":\"https:\\\/\\\/quehacerpolitico.mx\\\/?s={search_term_string}\"},\"query-input\":{\"@type\":\"PropertyValueSpecification\",\"valueRequired\":true,\"valueName\":\"search_term_string\"}}],\"inLanguage\":\"es\"},{\"@type\":\"Person\",\"@id\":\"https:\\\/\\\/quehacerpolitico.mx\\\/#\\\/schema\\\/person\\\/496d8ad2d1d3f8036101dca7ee39e585\",\"name\":\"Redacci\u00f3n QP\",\"image\":{\"@type\":\"ImageObject\",\"inLanguage\":\"es\",\"@id\":\"https:\\\/\\\/secure.gravatar.com\\\/avatar\\\/c7164ed6fdec453195284ad24a5ae5b6e1eed2b848477fa2a4787ba9adf39a41?s=96&d=mm&r=g\",\"url\":\"https:\\\/\\\/secure.gravatar.com\\\/avatar\\\/c7164ed6fdec453195284ad24a5ae5b6e1eed2b848477fa2a4787ba9adf39a41?s=96&d=mm&r=g\",\"contentUrl\":\"https:\\\/\\\/secure.gravatar.com\\\/avatar\\\/c7164ed6fdec453195284ad24a5ae5b6e1eed2b848477fa2a4787ba9adf39a41?s=96&d=mm&r=g\",\"caption\":\"Redacci\u00f3n QP\"},\"url\":\"https:\\\/\\\/quehacerpolitico.mx\\\/?author=2\"}]}<\/script>\n<!-- \/ Yoast SEO plugin. -->","yoast_head_json":{"title":"Rumoran qui\u00e9n ser\u00eda el nuevo baterista de Foo Fighters -","robots":{"index":"index","follow":"follow","max-snippet":"max-snippet:-1","max-image-preview":"max-image-preview:large","max-video-preview":"max-video-preview:-1"},"canonical":"https:\/\/quehacerpolitico.mx\/?p=100879","og_locale":"es_MX","og_type":"article","og_title":"Rumoran qui\u00e9n ser\u00eda el nuevo baterista de Foo Fighters -","og_description":"Por Redacci\u00f3n QP A poco m\u00e1s de un a\u00f1o de que el baterista Taylor Hawkins...","og_url":"https:\/\/quehacerpolitico.mx\/?p=100879","article_published_time":"2023-05-17T23:27:57+00:00","article_modified_time":"2023-05-17T23:28:00+00:00","og_image":[{"width":695,"height":441,"url":"https:\/\/quehacerpolitico.mx\/wp-content\/uploads\/2023\/05\/IMG_7759.jpeg","type":"image\/jpeg"}],"author":"Redacci\u00f3n QP","twitter_card":"summary_large_image","twitter_misc":{"Escrito por":"Redacci\u00f3n QP","Tiempo de lectura":"3 minutos"},"schema":{"@context":"https:\/\/schema.org","@graph":[{"@type":"Article","@id":"https:\/\/quehacerpolitico.mx\/?p=100879#article","isPartOf":{"@id":"https:\/\/quehacerpolitico.mx\/?p=100879"},"author":{"name":"Redacci\u00f3n QP","@id":"https:\/\/quehacerpolitico.mx\/#\/schema\/person\/496d8ad2d1d3f8036101dca7ee39e585"},"headline":"Rumoran qui\u00e9n ser\u00eda el nuevo baterista de Foo Fighters","datePublished":"2023-05-17T23:27:57+00:00","dateModified":"2023-05-17T23:28:00+00:00","mainEntityOfPage":{"@id":"https:\/\/quehacerpolitico.mx\/?p=100879"},"wordCount":643,"commentCount":0,"image":{"@id":"https:\/\/quehacerpolitico.mx\/?p=100879#primaryimage"},"thumbnailUrl":"https:\/\/quehacerpolitico.mx\/wp-content\/uploads\/2023\/05\/IMG_7759.jpeg","articleSection":["Cultura y Entretenimiento"],"inLanguage":"es","potentialAction":[{"@type":"CommentAction","name":"Comment","target":["https:\/\/quehacerpolitico.mx\/?p=100879#respond"]}]},{"@type":"WebPage","@id":"https:\/\/quehacerpolitico.mx\/?p=100879","url":"https:\/\/quehacerpolitico.mx\/?p=100879","name":"Rumoran qui\u00e9n ser\u00eda el nuevo baterista de Foo Fighters -","isPartOf":{"@id":"https:\/\/quehacerpolitico.mx\/#website"},"primaryImageOfPage":{"@id":"https:\/\/quehacerpolitico.mx\/?p=100879#primaryimage"},"image":{"@id":"https:\/\/quehacerpolitico.mx\/?p=100879#primaryimage"},"thumbnailUrl":"https:\/\/quehacerpolitico.mx\/wp-content\/uploads\/2023\/05\/IMG_7759.jpeg","datePublished":"2023-05-17T23:27:57+00:00","dateModified":"2023-05-17T23:28:00+00:00","author":{"@id":"https:\/\/quehacerpolitico.mx\/#\/schema\/person\/496d8ad2d1d3f8036101dca7ee39e585"},"breadcrumb":{"@id":"https:\/\/quehacerpolitico.mx\/?p=100879#breadcrumb"},"inLanguage":"es","potentialAction":[{"@type":"ReadAction","target":["https:\/\/quehacerpolitico.mx\/?p=100879"]}]},{"@type":"ImageObject","inLanguage":"es","@id":"https:\/\/quehacerpolitico.mx\/?p=100879#primaryimage","url":"https:\/\/quehacerpolitico.mx\/wp-content\/uploads\/2023\/05\/IMG_7759.jpeg","contentUrl":"https:\/\/quehacerpolitico.mx\/wp-content\/uploads\/2023\/05\/IMG_7759.jpeg","width":695,"height":441},{"@type":"BreadcrumbList","@id":"https:\/\/quehacerpolitico.mx\/?p=100879#breadcrumb","itemListElement":[{"@type":"ListItem","position":1,"name":"Inicio","item":"https:\/\/quehacerpolitico.mx\/"},{"@type":"ListItem","position":2,"name":"Rumoran qui\u00e9n ser\u00eda el nuevo baterista de Foo Fighters"}]},{"@type":"WebSite","@id":"https:\/\/quehacerpolitico.mx\/#website","url":"https:\/\/quehacerpolitico.mx\/","name":"","description":"","potentialAction":[{"@type":"SearchAction","target":{"@type":"EntryPoint","urlTemplate":"https:\/\/quehacerpolitico.mx\/?s={search_term_string}"},"query-input":{"@type":"PropertyValueSpecification","valueRequired":true,"valueName":"search_term_string"}}],"inLanguage":"es"},{"@type":"Person","@id":"https:\/\/quehacerpolitico.mx\/#\/schema\/person\/496d8ad2d1d3f8036101dca7ee39e585","name":"Redacci\u00f3n QP","image":{"@type":"ImageObject","inLanguage":"es","@id":"https:\/\/secure.gravatar.com\/avatar\/c7164ed6fdec453195284ad24a5ae5b6e1eed2b848477fa2a4787ba9adf39a41?s=96&d=mm&r=g","url":"https:\/\/secure.gravatar.com\/avatar\/c7164ed6fdec453195284ad24a5ae5b6e1eed2b848477fa2a4787ba9adf39a41?s=96&d=mm&r=g","contentUrl":"https:\/\/secure.gravatar.com\/avatar\/c7164ed6fdec453195284ad24a5ae5b6e1eed2b848477fa2a4787ba9adf39a41?s=96&d=mm&r=g","caption":"Redacci\u00f3n QP"},"url":"https:\/\/quehacerpolitico.mx\/?author=2"}]}},"featured_image_urls":{"full":["https:\/\/quehacerpolitico.mx\/wp-content\/uploads\/2023\/05\/IMG_7759.jpeg",695,441,false],"thumbnail":["https:\/\/quehacerpolitico.mx\/wp-content\/uploads\/2023\/05\/IMG_7759-150x150.jpeg",150,150,true],"medium":["https:\/\/quehacerpolitico.mx\/wp-content\/uploads\/2023\/05\/IMG_7759-300x190.jpeg",300,190,true],"medium_large":["https:\/\/quehacerpolitico.mx\/wp-content\/uploads\/2023\/05\/IMG_7759.jpeg",640,406,false],"large":["https:\/\/quehacerpolitico.mx\/wp-content\/uploads\/2023\/05\/IMG_7759.jpeg",640,406,false],"1536x1536":["https:\/\/quehacerpolitico.mx\/wp-content\/uploads\/2023\/05\/IMG_7759.jpeg",695,441,false],"2048x2048":["https:\/\/quehacerpolitico.mx\/wp-content\/uploads\/2023\/05\/IMG_7759.jpeg",695,441,false],"covernews-featured":["https:\/\/quehacerpolitico.mx\/wp-content\/uploads\/2023\/05\/IMG_7759.jpeg",695,441,false],"covernews-medium":["https:\/\/quehacerpolitico.mx\/wp-content\/uploads\/2023\/05\/IMG_7759.jpeg",536,340,false]},"author_info":{"display_name":"Redacci\u00f3n QP","author_link":"https:\/\/quehacerpolitico.mx\/?author=2"},"category_info":"<a href=\"https:\/\/quehacerpolitico.mx\/?cat=58\" rel=\"category\">Cultura y Entretenimiento<\/a>","tag_info":"Cultura y Entretenimiento","comment_count":"0","_links":{"self":[{"href":"https:\/\/quehacerpolitico.mx\/index.php?rest_route=\/wp\/v2\/posts\/100879","targetHints":{"allow":["GET"]}}],"collection":[{"href":"https:\/\/quehacerpolitico.mx\/index.php?rest_route=\/wp\/v2\/posts"}],"about":[{"href":"https:\/\/quehacerpolitico.mx\/index.php?rest_route=\/wp\/v2\/types\/post"}],"author":[{"embeddable":true,"href":"https:\/\/quehacerpolitico.mx\/index.php?rest_route=\/wp\/v2\/users\/2"}],"replies":[{"embeddable":true,"href":"https:\/\/quehacerpolitico.mx\/index.php?rest_route=%2Fwp%2Fv2%2Fcomments&post=100879"}],"version-history":[{"count":1,"href":"https:\/\/quehacerpolitico.mx\/index.php?rest_route=\/wp\/v2\/posts\/100879\/revisions"}],"predecessor-version":[{"id":100881,"href":"https:\/\/quehacerpolitico.mx\/index.php?rest_route=\/wp\/v2\/posts\/100879\/revisions\/100881"}],"wp:featuredmedia":[{"embeddable":true,"href":"https:\/\/quehacerpolitico.mx\/index.php?rest_route=\/wp\/v2\/media\/100880"}],"wp:attachment":[{"href":"https:\/\/quehacerpolitico.mx\/index.php?rest_route=%2Fwp%2Fv2%2Fmedia&parent=100879"}],"wp:term":[{"taxonomy":"category","embeddable":true,"href":"https:\/\/quehacerpolitico.mx\/index.php?rest_route=%2Fwp%2Fv2%2Fcategories&post=100879"},{"taxonomy":"post_tag","embeddable":true,"href":"https:\/\/quehacerpolitico.mx\/index.php?rest_route=%2Fwp%2Fv2%2Ftags&post=100879"}],"curies":[{"name":"wp","href":"https:\/\/api.w.org\/{rel}","templated":true}]}}