{"id":100876,"date":"2023-05-17T23:05:25","date_gmt":"2023-05-17T23:05:25","guid":{"rendered":"https:\/\/quehacerpolitico.mx\/?p=100876"},"modified":"2023-05-17T23:05:28","modified_gmt":"2023-05-17T23:05:28","slug":"recordemos-al-gran-carlos-fuentes-a-traves-de-algunas-de-sus-obras","status":"publish","type":"post","link":"https:\/\/quehacerpolitico.mx\/?p=100876","title":{"rendered":"Recordemos al gran Carlos Fuentes: a trav\u00e9s de algunas de sus obras"},"content":{"rendered":"\n<p>Por Redacci\u00f3n QP<\/p>\n\n\n\n<p>Carlos Fuentes plasm\u00f3 modernidad a las letras mexicanas del siglo XX. Aqu\u00ed algunas de sus obras emblem\u00e1ticas para recordarlo a 11 a\u00f1os de su muerte<\/p>\n\n\n\n<p>La muerte de Artemio Cruz<\/p>\n\n\n\n<figure class=\"wp-block-image\"><img decoding=\"async\" src=\"https:\/\/www.informador.mx\/export\/sites\/elinformador\/img\/2023\/05\/15\/9788466332910.jpg_155703626.jpg\" alt=\"\" title=\"\"\/><figcaption class=\"wp-element-caption\">ESPECIAL<\/figcaption><\/figure>\n\n\n\n<p><em>&#8220;Artemio Cruz. As\u00ed se llamaba, entonces, el nuevo mundo surgido de la guerra civil; as\u00ed se llamaban quienes llegaban a sustituirlo. (\u2026) Desventurado pa\u00eds que a cada generaci\u00f3n tiene que destruir a los antiguos poseedores y sustituirlos por nuevos amos, tan rapaces y ambiciosos como los anteriores&#8221;.<\/em><\/p>\n\n\n\n<p>Desde su lecho de muerte, Artemio Cruz rememora\u00a0el reguero de amarguras y glorias ef\u00edmeras que conforman el sendero espinoso de su vida. La sangre y el horror de la Revoluci\u00f3n Mexicana,\u00a0<strong>las traiciones calculadas y meticulosas que lo llevaron al poder y a la pol\u00edtica<\/strong>. Sus amores perdidos, la indiferencia de sus hijos: nada,\u00a0<strong>no queda nada cuando llega la muerte.<\/strong><\/p>\n\n\n\n<p>Aura<\/p>\n\n\n\n<figure class=\"wp-block-image\"><img decoding=\"async\" src=\"https:\/\/www.informador.mx\/export\/sites\/elinformador\/img\/2023\/05\/15\/91omnhyapil.jpg_18098997.jpg\" alt=\"\" title=\"\"\/><\/figure>\n\n\n\n<p><em>\u201cNo volver\u00e1s a mirar tu reloj, ese objeto inservible que mide falsamente un tiempo acordado a la vanidad humana, esas manecillas que marcan tediosamente las largas horas inventadas para enga\u00f1ar el verdadero tiempo, el tiempo que corre con la velocidad insultante, mortal, que ning\u00fan reloj puede medir.\u201d<\/em><\/p>\n\n\n\n<p>Una de las novelas m\u00e1s breves de Carlos Fuentes, pero de las m\u00e1s conocidas, &#8220;Aura&#8221; es una incursi\u00f3n al terreno de lo sobrenatural.&nbsp;<strong>Felipe Montero, un joven historiador, llega a la calle Donceles de la Ciudad de M\u00e9xico solicitando el puesto de trabajo<\/strong>&nbsp;que vio en el peri\u00f3dico: organizar las memorias de un antiguo general para su posterior publicaci\u00f3n.<\/p>\n\n\n\n<p>En aquella casa no habitan m\u00e1s que Aura, la intrigante adolescente de los ojos verdes, y Consuelo, su t\u00eda religiosa y tir\u00e1nica. Ambas le abrir\u00e1n las puertas de su casa a Felipe Montero,\u00a0<strong>donde se adentrar\u00e1 para siempre en un reino de oscuridad.<\/strong><\/p>\n\n\n\n<p>La regi\u00f3n m\u00e1s transparente<\/p>\n\n\n\n<figure class=\"wp-block-image\"><img decoding=\"async\" src=\"https:\/\/www.informador.mx\/export\/sites\/elinformador\/img\/2023\/05\/15\/captura_de_pantalla_2023-05-15_092037.png_1040436744.png\" alt=\"\" title=\"\"\/><\/figure>\n\n\n\n<p><em>&#8220;Aqu\u00ed ca\u00edmos. Qu\u00e9 le vamos a hacer (\u2026) Ciudad del fracaso ansiado, ciudad en tempestad de c\u00fapula (&#8230;) ciudad perro, ciudad fam\u00e9lica, suntuosa villa, ciudad lepra y c\u00f3lera, hundida ciudad. Tuna incandescente. \u00c1guila sin alas. Serpiente de estrellas. Aqu\u00ed nos toc\u00f3. Qu\u00e9 le vamos a hacer. En la regi\u00f3n m\u00e1s transparente del aire&#8221;.&nbsp;<\/em><\/p>\n\n\n\n<p>Todos los escritores del mundo han sentido fascinaci\u00f3n por las ciudades. Pero en la &#8220;regi\u00f3n m\u00e1s transparente&#8221;,\u00a0<strong>Carlos Fuentes volvi\u00f3 a la ciudad un personaje: M\u00e9xico<\/strong>. La Ciudad de M\u00e9xico, sus calles, sus habitantes, sus desigualdades sociales, una ciudad inestable medio siglo despu\u00e9s de su revoluci\u00f3n, una ciudad vida, una ciudad de muerte, una ciudad boca abierta, coraz\u00f3n que late:\u00a0<strong>la regi\u00f3n m\u00e1s transparente.<\/strong><\/p>\n\n\n\n<p>Cambio de piel<\/p>\n\n\n\n<figure class=\"wp-block-image\"><img decoding=\"async\" src=\"https:\/\/www.informador.mx\/export\/sites\/elinformador\/img\/2023\/05\/15\/978607381021.jfif_156627147.jfif\" alt=\"\" title=\"\"\/><\/figure>\n\n\n\n<p>Cuatro personajes, dos parejas que viajan en autom\u00f3vil de M\u00e9xico a Veracruz, se ven obligados a pernoctar en Cholula, ciudad de las pir\u00e1mides aztecas, donde en un descenso a las galer\u00edas, como una visita a los infiernos,&nbsp;<strong>aflorar\u00e1n los m\u00e1s oscuros secretos de cada uno.&nbsp;<\/strong><\/p>\n\n\n\n<p>&#8220;Cambio de piel&#8221; indaga en el mito del M\u00e9xico prehisp\u00e1nico y en el holocausto europeo\u00a0<strong>a trav\u00e9s de la memoria de sus protagonistas, personajes decadentes\u00a0<\/strong>que no pueden escapar de las fauces del destino.<\/p>\n\n\n\n<p>La silla del \u00e1guila<\/p>\n\n\n\n<figure class=\"wp-block-image\"><img decoding=\"async\" src=\"https:\/\/www.informador.mx\/export\/sites\/elinformador\/img\/2023\/05\/15\/81xy6dx3s6l.jpg_131692080.jpg\" alt=\"\" title=\"\"\/><\/figure>\n\n\n\n<p><em>&#8220;No creas que en un pa\u00eds mestizo, racista, acomplejado por el color de la piel (aunque jam\u00e1s lo admita) como M\u00e9xico, ello me ayuda. Al contrario, me atrae ese vicio nacional, el resentimiento, que es rey mezquino con su corte de enanos envidiosos. Al mismo tiempo, mi apariencia f\u00edsica me otorga la superioridad indecible, el homenaje impl\u00edcito que le rendimos a la raza del conquistador&#8221;.<\/em><\/p>\n\n\n\n<p>Carlos Fuentes retrata una lucha donde no hay lealtad que valga: por conseguir el poder, el padre&nbsp;<strong>es capaz de traicionar al hijo, la esposa al c\u00f3nyuge, el secretario de estado<\/strong>&nbsp;al primer mandatario.<\/p>\n\n\n\n<p>Y donde todo puede pasar:&nbsp;<strong>cr\u00edmenes de viejos caciques, espionaje de supuestos allegados, maniobras t\u00e9tricas, extorsi\u00f3n sexual<\/strong>&#8230; o que incluso reaparezca en la escena pol\u00edtica un fallido candidato presidencial al que todos creyeron asesinado a\u00f1os atr\u00e1s.<\/p>\n","protected":false},"excerpt":{"rendered":"<p>Por Redacci\u00f3n QP Carlos Fuentes plasm\u00f3 modernidad a las letras mexicanas del siglo XX. Aqu\u00ed&#8230;<\/p>\n","protected":false},"author":2,"featured_media":100877,"comment_status":"open","ping_status":"open","sticky":false,"template":"","format":"standard","meta":{"_monsterinsights_skip_tracking":false,"_monsterinsights_sitenote_active":false,"_monsterinsights_sitenote_note":"","_monsterinsights_sitenote_category":0,"footnotes":""},"categories":[58],"tags":[],"class_list":["post-100876","post","type-post","status-publish","format-standard","has-post-thumbnail","hentry","category-cultura"],"yoast_head":"<!-- This site is optimized with the Yoast SEO plugin v27.3 - https:\/\/yoast.com\/product\/yoast-seo-wordpress\/ -->\n<title>Recordemos al gran Carlos Fuentes: a trav\u00e9s de algunas de sus obras -<\/title>\n<meta name=\"robots\" content=\"index, follow, max-snippet:-1, max-image-preview:large, max-video-preview:-1\" \/>\n<link rel=\"canonical\" href=\"https:\/\/quehacerpolitico.mx\/?p=100876\" \/>\n<meta property=\"og:locale\" content=\"es_MX\" \/>\n<meta property=\"og:type\" content=\"article\" \/>\n<meta property=\"og:title\" content=\"Recordemos al gran Carlos Fuentes: a trav\u00e9s de algunas de sus obras -\" \/>\n<meta property=\"og:description\" content=\"Por Redacci\u00f3n QP Carlos Fuentes plasm\u00f3 modernidad a las letras mexicanas del siglo XX. Aqu\u00ed...\" \/>\n<meta property=\"og:url\" content=\"https:\/\/quehacerpolitico.mx\/?p=100876\" \/>\n<meta property=\"article:published_time\" content=\"2023-05-17T23:05:25+00:00\" \/>\n<meta property=\"article:modified_time\" content=\"2023-05-17T23:05:28+00:00\" \/>\n<meta property=\"og:image\" content=\"https:\/\/quehacerpolitico.mx\/wp-content\/uploads\/2023\/05\/IMG_7758.jpeg\" \/>\n\t<meta property=\"og:image:width\" content=\"678\" \/>\n\t<meta property=\"og:image:height\" content=\"452\" \/>\n\t<meta property=\"og:image:type\" content=\"image\/jpeg\" \/>\n<meta name=\"author\" content=\"Redacci\u00f3n QP\" \/>\n<meta name=\"twitter:card\" content=\"summary_large_image\" \/>\n<meta name=\"twitter:label1\" content=\"Escrito por\" \/>\n\t<meta name=\"twitter:data1\" content=\"Redacci\u00f3n QP\" \/>\n\t<meta name=\"twitter:label2\" content=\"Tiempo de lectura\" \/>\n\t<meta name=\"twitter:data2\" content=\"3 minutos\" \/>\n<script type=\"application\/ld+json\" class=\"yoast-schema-graph\">{\"@context\":\"https:\\\/\\\/schema.org\",\"@graph\":[{\"@type\":\"Article\",\"@id\":\"https:\\\/\\\/quehacerpolitico.mx\\\/?p=100876#article\",\"isPartOf\":{\"@id\":\"https:\\\/\\\/quehacerpolitico.mx\\\/?p=100876\"},\"author\":{\"name\":\"Redacci\u00f3n QP\",\"@id\":\"https:\\\/\\\/quehacerpolitico.mx\\\/#\\\/schema\\\/person\\\/496d8ad2d1d3f8036101dca7ee39e585\"},\"headline\":\"Recordemos al gran Carlos Fuentes: a trav\u00e9s de algunas de sus obras\",\"datePublished\":\"2023-05-17T23:05:25+00:00\",\"dateModified\":\"2023-05-17T23:05:28+00:00\",\"mainEntityOfPage\":{\"@id\":\"https:\\\/\\\/quehacerpolitico.mx\\\/?p=100876\"},\"wordCount\":712,\"commentCount\":0,\"image\":{\"@id\":\"https:\\\/\\\/quehacerpolitico.mx\\\/?p=100876#primaryimage\"},\"thumbnailUrl\":\"https:\\\/\\\/quehacerpolitico.mx\\\/wp-content\\\/uploads\\\/2023\\\/05\\\/IMG_7758.jpeg\",\"articleSection\":[\"Cultura y Entretenimiento\"],\"inLanguage\":\"es\",\"potentialAction\":[{\"@type\":\"CommentAction\",\"name\":\"Comment\",\"target\":[\"https:\\\/\\\/quehacerpolitico.mx\\\/?p=100876#respond\"]}]},{\"@type\":\"WebPage\",\"@id\":\"https:\\\/\\\/quehacerpolitico.mx\\\/?p=100876\",\"url\":\"https:\\\/\\\/quehacerpolitico.mx\\\/?p=100876\",\"name\":\"Recordemos al gran Carlos Fuentes: a trav\u00e9s de algunas de sus obras -\",\"isPartOf\":{\"@id\":\"https:\\\/\\\/quehacerpolitico.mx\\\/#website\"},\"primaryImageOfPage\":{\"@id\":\"https:\\\/\\\/quehacerpolitico.mx\\\/?p=100876#primaryimage\"},\"image\":{\"@id\":\"https:\\\/\\\/quehacerpolitico.mx\\\/?p=100876#primaryimage\"},\"thumbnailUrl\":\"https:\\\/\\\/quehacerpolitico.mx\\\/wp-content\\\/uploads\\\/2023\\\/05\\\/IMG_7758.jpeg\",\"datePublished\":\"2023-05-17T23:05:25+00:00\",\"dateModified\":\"2023-05-17T23:05:28+00:00\",\"author\":{\"@id\":\"https:\\\/\\\/quehacerpolitico.mx\\\/#\\\/schema\\\/person\\\/496d8ad2d1d3f8036101dca7ee39e585\"},\"breadcrumb\":{\"@id\":\"https:\\\/\\\/quehacerpolitico.mx\\\/?p=100876#breadcrumb\"},\"inLanguage\":\"es\",\"potentialAction\":[{\"@type\":\"ReadAction\",\"target\":[\"https:\\\/\\\/quehacerpolitico.mx\\\/?p=100876\"]}]},{\"@type\":\"ImageObject\",\"inLanguage\":\"es\",\"@id\":\"https:\\\/\\\/quehacerpolitico.mx\\\/?p=100876#primaryimage\",\"url\":\"https:\\\/\\\/quehacerpolitico.mx\\\/wp-content\\\/uploads\\\/2023\\\/05\\\/IMG_7758.jpeg\",\"contentUrl\":\"https:\\\/\\\/quehacerpolitico.mx\\\/wp-content\\\/uploads\\\/2023\\\/05\\\/IMG_7758.jpeg\",\"width\":678,\"height\":452},{\"@type\":\"BreadcrumbList\",\"@id\":\"https:\\\/\\\/quehacerpolitico.mx\\\/?p=100876#breadcrumb\",\"itemListElement\":[{\"@type\":\"ListItem\",\"position\":1,\"name\":\"Inicio\",\"item\":\"https:\\\/\\\/quehacerpolitico.mx\\\/\"},{\"@type\":\"ListItem\",\"position\":2,\"name\":\"Recordemos al gran Carlos Fuentes: a trav\u00e9s de algunas de sus obras\"}]},{\"@type\":\"WebSite\",\"@id\":\"https:\\\/\\\/quehacerpolitico.mx\\\/#website\",\"url\":\"https:\\\/\\\/quehacerpolitico.mx\\\/\",\"name\":\"\",\"description\":\"\",\"potentialAction\":[{\"@type\":\"SearchAction\",\"target\":{\"@type\":\"EntryPoint\",\"urlTemplate\":\"https:\\\/\\\/quehacerpolitico.mx\\\/?s={search_term_string}\"},\"query-input\":{\"@type\":\"PropertyValueSpecification\",\"valueRequired\":true,\"valueName\":\"search_term_string\"}}],\"inLanguage\":\"es\"},{\"@type\":\"Person\",\"@id\":\"https:\\\/\\\/quehacerpolitico.mx\\\/#\\\/schema\\\/person\\\/496d8ad2d1d3f8036101dca7ee39e585\",\"name\":\"Redacci\u00f3n QP\",\"image\":{\"@type\":\"ImageObject\",\"inLanguage\":\"es\",\"@id\":\"https:\\\/\\\/secure.gravatar.com\\\/avatar\\\/c7164ed6fdec453195284ad24a5ae5b6e1eed2b848477fa2a4787ba9adf39a41?s=96&d=mm&r=g\",\"url\":\"https:\\\/\\\/secure.gravatar.com\\\/avatar\\\/c7164ed6fdec453195284ad24a5ae5b6e1eed2b848477fa2a4787ba9adf39a41?s=96&d=mm&r=g\",\"contentUrl\":\"https:\\\/\\\/secure.gravatar.com\\\/avatar\\\/c7164ed6fdec453195284ad24a5ae5b6e1eed2b848477fa2a4787ba9adf39a41?s=96&d=mm&r=g\",\"caption\":\"Redacci\u00f3n QP\"},\"url\":\"https:\\\/\\\/quehacerpolitico.mx\\\/?author=2\"}]}<\/script>\n<!-- \/ Yoast SEO plugin. -->","yoast_head_json":{"title":"Recordemos al gran Carlos Fuentes: a trav\u00e9s de algunas de sus obras -","robots":{"index":"index","follow":"follow","max-snippet":"max-snippet:-1","max-image-preview":"max-image-preview:large","max-video-preview":"max-video-preview:-1"},"canonical":"https:\/\/quehacerpolitico.mx\/?p=100876","og_locale":"es_MX","og_type":"article","og_title":"Recordemos al gran Carlos Fuentes: a trav\u00e9s de algunas de sus obras -","og_description":"Por Redacci\u00f3n QP Carlos Fuentes plasm\u00f3 modernidad a las letras mexicanas del siglo XX. Aqu\u00ed...","og_url":"https:\/\/quehacerpolitico.mx\/?p=100876","article_published_time":"2023-05-17T23:05:25+00:00","article_modified_time":"2023-05-17T23:05:28+00:00","og_image":[{"width":678,"height":452,"url":"https:\/\/quehacerpolitico.mx\/wp-content\/uploads\/2023\/05\/IMG_7758.jpeg","type":"image\/jpeg"}],"author":"Redacci\u00f3n QP","twitter_card":"summary_large_image","twitter_misc":{"Escrito por":"Redacci\u00f3n QP","Tiempo de lectura":"3 minutos"},"schema":{"@context":"https:\/\/schema.org","@graph":[{"@type":"Article","@id":"https:\/\/quehacerpolitico.mx\/?p=100876#article","isPartOf":{"@id":"https:\/\/quehacerpolitico.mx\/?p=100876"},"author":{"name":"Redacci\u00f3n QP","@id":"https:\/\/quehacerpolitico.mx\/#\/schema\/person\/496d8ad2d1d3f8036101dca7ee39e585"},"headline":"Recordemos al gran Carlos Fuentes: a trav\u00e9s de algunas de sus obras","datePublished":"2023-05-17T23:05:25+00:00","dateModified":"2023-05-17T23:05:28+00:00","mainEntityOfPage":{"@id":"https:\/\/quehacerpolitico.mx\/?p=100876"},"wordCount":712,"commentCount":0,"image":{"@id":"https:\/\/quehacerpolitico.mx\/?p=100876#primaryimage"},"thumbnailUrl":"https:\/\/quehacerpolitico.mx\/wp-content\/uploads\/2023\/05\/IMG_7758.jpeg","articleSection":["Cultura y Entretenimiento"],"inLanguage":"es","potentialAction":[{"@type":"CommentAction","name":"Comment","target":["https:\/\/quehacerpolitico.mx\/?p=100876#respond"]}]},{"@type":"WebPage","@id":"https:\/\/quehacerpolitico.mx\/?p=100876","url":"https:\/\/quehacerpolitico.mx\/?p=100876","name":"Recordemos al gran Carlos Fuentes: a trav\u00e9s de algunas de sus obras -","isPartOf":{"@id":"https:\/\/quehacerpolitico.mx\/#website"},"primaryImageOfPage":{"@id":"https:\/\/quehacerpolitico.mx\/?p=100876#primaryimage"},"image":{"@id":"https:\/\/quehacerpolitico.mx\/?p=100876#primaryimage"},"thumbnailUrl":"https:\/\/quehacerpolitico.mx\/wp-content\/uploads\/2023\/05\/IMG_7758.jpeg","datePublished":"2023-05-17T23:05:25+00:00","dateModified":"2023-05-17T23:05:28+00:00","author":{"@id":"https:\/\/quehacerpolitico.mx\/#\/schema\/person\/496d8ad2d1d3f8036101dca7ee39e585"},"breadcrumb":{"@id":"https:\/\/quehacerpolitico.mx\/?p=100876#breadcrumb"},"inLanguage":"es","potentialAction":[{"@type":"ReadAction","target":["https:\/\/quehacerpolitico.mx\/?p=100876"]}]},{"@type":"ImageObject","inLanguage":"es","@id":"https:\/\/quehacerpolitico.mx\/?p=100876#primaryimage","url":"https:\/\/quehacerpolitico.mx\/wp-content\/uploads\/2023\/05\/IMG_7758.jpeg","contentUrl":"https:\/\/quehacerpolitico.mx\/wp-content\/uploads\/2023\/05\/IMG_7758.jpeg","width":678,"height":452},{"@type":"BreadcrumbList","@id":"https:\/\/quehacerpolitico.mx\/?p=100876#breadcrumb","itemListElement":[{"@type":"ListItem","position":1,"name":"Inicio","item":"https:\/\/quehacerpolitico.mx\/"},{"@type":"ListItem","position":2,"name":"Recordemos al gran Carlos Fuentes: a trav\u00e9s de algunas de sus obras"}]},{"@type":"WebSite","@id":"https:\/\/quehacerpolitico.mx\/#website","url":"https:\/\/quehacerpolitico.mx\/","name":"","description":"","potentialAction":[{"@type":"SearchAction","target":{"@type":"EntryPoint","urlTemplate":"https:\/\/quehacerpolitico.mx\/?s={search_term_string}"},"query-input":{"@type":"PropertyValueSpecification","valueRequired":true,"valueName":"search_term_string"}}],"inLanguage":"es"},{"@type":"Person","@id":"https:\/\/quehacerpolitico.mx\/#\/schema\/person\/496d8ad2d1d3f8036101dca7ee39e585","name":"Redacci\u00f3n QP","image":{"@type":"ImageObject","inLanguage":"es","@id":"https:\/\/secure.gravatar.com\/avatar\/c7164ed6fdec453195284ad24a5ae5b6e1eed2b848477fa2a4787ba9adf39a41?s=96&d=mm&r=g","url":"https:\/\/secure.gravatar.com\/avatar\/c7164ed6fdec453195284ad24a5ae5b6e1eed2b848477fa2a4787ba9adf39a41?s=96&d=mm&r=g","contentUrl":"https:\/\/secure.gravatar.com\/avatar\/c7164ed6fdec453195284ad24a5ae5b6e1eed2b848477fa2a4787ba9adf39a41?s=96&d=mm&r=g","caption":"Redacci\u00f3n QP"},"url":"https:\/\/quehacerpolitico.mx\/?author=2"}]}},"featured_image_urls":{"full":["https:\/\/quehacerpolitico.mx\/wp-content\/uploads\/2023\/05\/IMG_7758.jpeg",678,452,false],"thumbnail":["https:\/\/quehacerpolitico.mx\/wp-content\/uploads\/2023\/05\/IMG_7758-150x150.jpeg",150,150,true],"medium":["https:\/\/quehacerpolitico.mx\/wp-content\/uploads\/2023\/05\/IMG_7758-300x200.jpeg",300,200,true],"medium_large":["https:\/\/quehacerpolitico.mx\/wp-content\/uploads\/2023\/05\/IMG_7758.jpeg",640,427,false],"large":["https:\/\/quehacerpolitico.mx\/wp-content\/uploads\/2023\/05\/IMG_7758.jpeg",640,427,false],"1536x1536":["https:\/\/quehacerpolitico.mx\/wp-content\/uploads\/2023\/05\/IMG_7758.jpeg",678,452,false],"2048x2048":["https:\/\/quehacerpolitico.mx\/wp-content\/uploads\/2023\/05\/IMG_7758.jpeg",678,452,false],"covernews-featured":["https:\/\/quehacerpolitico.mx\/wp-content\/uploads\/2023\/05\/IMG_7758.jpeg",678,452,false],"covernews-medium":["https:\/\/quehacerpolitico.mx\/wp-content\/uploads\/2023\/05\/IMG_7758.jpeg",510,340,false]},"author_info":{"display_name":"Redacci\u00f3n QP","author_link":"https:\/\/quehacerpolitico.mx\/?author=2"},"category_info":"<a href=\"https:\/\/quehacerpolitico.mx\/?cat=58\" rel=\"category\">Cultura y Entretenimiento<\/a>","tag_info":"Cultura y Entretenimiento","comment_count":"0","_links":{"self":[{"href":"https:\/\/quehacerpolitico.mx\/index.php?rest_route=\/wp\/v2\/posts\/100876","targetHints":{"allow":["GET"]}}],"collection":[{"href":"https:\/\/quehacerpolitico.mx\/index.php?rest_route=\/wp\/v2\/posts"}],"about":[{"href":"https:\/\/quehacerpolitico.mx\/index.php?rest_route=\/wp\/v2\/types\/post"}],"author":[{"embeddable":true,"href":"https:\/\/quehacerpolitico.mx\/index.php?rest_route=\/wp\/v2\/users\/2"}],"replies":[{"embeddable":true,"href":"https:\/\/quehacerpolitico.mx\/index.php?rest_route=%2Fwp%2Fv2%2Fcomments&post=100876"}],"version-history":[{"count":1,"href":"https:\/\/quehacerpolitico.mx\/index.php?rest_route=\/wp\/v2\/posts\/100876\/revisions"}],"predecessor-version":[{"id":100878,"href":"https:\/\/quehacerpolitico.mx\/index.php?rest_route=\/wp\/v2\/posts\/100876\/revisions\/100878"}],"wp:featuredmedia":[{"embeddable":true,"href":"https:\/\/quehacerpolitico.mx\/index.php?rest_route=\/wp\/v2\/media\/100877"}],"wp:attachment":[{"href":"https:\/\/quehacerpolitico.mx\/index.php?rest_route=%2Fwp%2Fv2%2Fmedia&parent=100876"}],"wp:term":[{"taxonomy":"category","embeddable":true,"href":"https:\/\/quehacerpolitico.mx\/index.php?rest_route=%2Fwp%2Fv2%2Fcategories&post=100876"},{"taxonomy":"post_tag","embeddable":true,"href":"https:\/\/quehacerpolitico.mx\/index.php?rest_route=%2Fwp%2Fv2%2Ftags&post=100876"}],"curies":[{"name":"wp","href":"https:\/\/api.w.org\/{rel}","templated":true}]}}