{"id":100873,"date":"2023-05-17T22:26:55","date_gmt":"2023-05-17T22:26:55","guid":{"rendered":"https:\/\/quehacerpolitico.mx\/?p=100873"},"modified":"2023-05-17T22:27:00","modified_gmt":"2023-05-17T22:27:00","slug":"reconoce-la-unicef-politicas-publicas-de-claudia-sheinbaum","status":"publish","type":"post","link":"https:\/\/quehacerpolitico.mx\/?p=100873","title":{"rendered":"Reconoce la Unicef pol\u00edticas p\u00fablicas de Claudia Sheinbaum"},"content":{"rendered":"\n<p>Por Redacci\u00f3n QP<\/p>\n\n\n\n<p>&#8220;Queremos que las ni\u00f1as y los ni\u00f1os reconozcan la educaci\u00f3n p\u00fablica como un derecho fundamental que debe ser garantizado&#8221;, declar\u00f3 Sheinbaum en su discurso<\/p>\n\n\n\n<p>El Fondo de las Naciones Unidas para la Infancia (Unicef) otorg\u00f3 un reconocimiento a la jefa de Gobierno de la Ciudad de M\u00e9xico, Claudia Sheinbaum, por el programa &#8220;Mi Beca para Empezar&#8221;. A decir del organismo, \u00e9ste se ha convertido en un hito de la pol\u00edtica social de la Ciudad de M\u00e9xico al priorizar el bienestar de la infancia y la adolescencia en beneficio de 1.2 millones de alumnos de educaci\u00f3n b\u00e1sica.<\/p>\n\n\n\n<p>Tras agradecer el reconocimiento, la jefa de Gobierno, Claudia Sheinbaum, destac\u00f3 que los recursos de &#8220;Mi Beca para Empezar&#8221; se han convertido en la esencia de la econom\u00eda de la ciudad.<\/p>\n\n\n\n<p>En este sentido, subray\u00f3 la necesidad de seguir trabajando en la creaci\u00f3n de programas sociales que tengan como misi\u00f3n distribuir la igualdad, no s\u00f3lo en la capital, sino que, en todo el pa\u00eds, una meta que es posible con la colaboraci\u00f3n entre el gobierno federal y las administraciones locales, lo que es uno de los cimientos m\u00e1s importantes para asegurar la felicidad del pueblo de M\u00e9xico.<\/p>\n\n\n\n<figure class=\"wp-block-embed is-type-rich is-provider-twitter wp-block-embed-twitter\"><div class=\"wp-block-embed__wrapper\">\n<blockquote class=\"twitter-tweet\" data-width=\"550\" data-dnt=\"true\"><p lang=\"es\" dir=\"ltr\">\u25b6\ufe0f <a href=\"https:\/\/twitter.com\/hashtag\/MiBecaMiDerecho?src=hash&amp;ref_src=twsrc%5Etfw\">#MiBecaMiDerecho<\/a> | La <a href=\"https:\/\/twitter.com\/hashtag\/JefaDeGobierno?src=hash&amp;ref_src=twsrc%5Etfw\">#JefaDeGobierno<\/a> expres\u00f3 que el programa Bienestar para Ni\u00f1as y Ni\u00f1os, &quot;Mi Beca para Empezar&quot;, hoy es un derecho establecido en la Constituci\u00f3n de la Ciudad de M\u00e9xico que promueve el bienestar social y disminuye las desigualdades. <a href=\"https:\/\/t.co\/LzPlKmuvDr\">pic.twitter.com\/LzPlKmuvDr<\/a><\/p>&mdash; Gobierno de la Ciudad de M\u00e9xico (@GobCDMX) <a href=\"https:\/\/twitter.com\/GobCDMX\/status\/1658902704738148352?ref_src=twsrc%5Etfw\">May 17, 2023<\/a><\/blockquote><script async src=\"https:\/\/platform.twitter.com\/widgets.js\" charset=\"utf-8\"><\/script>\n<\/div><\/figure>\n\n\n\n<p>&#8220;Todos los mexicanos y mexicanas deben alcanzar el bienestar m\u00ednimo para ser felices&#8221;, asever\u00f3<\/p>\n\n\n\n<p>Detall\u00f3 que casi el 60 por ciento de las familias de la ciudad cuenta con alg\u00fan apoyo social, ya sea del gobierno federal o local, lo que ha permitido la recuperaci\u00f3n y la reactivaci\u00f3n econ\u00f3mica de la capital, en esta idea de que el desarrollo econ\u00f3mico no s\u00f3lo viene de arriba y de las grandes inversiones, sino que viene de abajo.<\/p>\n\n\n\n<p>\u2019\u2019Queremos que los ni\u00f1os y ni\u00f1as reconozcan a la educaci\u00f3n como un eje fundamental de sus vidas\u2019\u2019, destac\u00f3 Sheinbaum Pardo.<\/p>\n\n\n\n<p>Durante la inauguraci\u00f3n del Simposio sobre &#8220;Protecci\u00f3n para la Infancia en Entidades Federativas: la Experiencia de Bienestar para Ni\u00f1as y Ni\u00f1os Mi Beca para Empezar&#8221;, el representante de la Unicef, Luis Fernando Carrera, destac\u00f3 que la protecci\u00f3n social es fundamental para promover una sociedad m\u00e1s igualitaria y sin pobreza, y cuando se dirige a esta sector de la poblaci\u00f3n es un mecanismo efectivo para garantizar derechos b\u00e1sicos como son la buena alimentaci\u00f3n, la higiene y la educaci\u00f3n.<\/p>\n\n\n\n<p>\u201cFinanciado en su totalidad por el Gobierno de la Ciudad de M\u00e9xico, representa un esfuerzo importante y demuestra el compromiso con la infancia y adolescencia de esta ciudad\u201d, expres\u00f3 al destacar el papel fundamental que jug\u00f3 este programa durante la pandemia de COVID-19.<\/p>\n","protected":false},"excerpt":{"rendered":"<p>Por Redacci\u00f3n QP &#8220;Queremos que las ni\u00f1as y los ni\u00f1os reconozcan la educaci\u00f3n p\u00fablica como&#8230;<\/p>\n","protected":false},"author":2,"featured_media":100874,"comment_status":"open","ping_status":"open","sticky":false,"template":"","format":"standard","meta":{"_monsterinsights_skip_tracking":false,"_monsterinsights_sitenote_active":false,"_monsterinsights_sitenote_note":"","_monsterinsights_sitenote_category":0,"footnotes":""},"categories":[55],"tags":[],"class_list":["post-100873","post","type-post","status-publish","format-standard","has-post-thumbnail","hentry","category-cdmx"],"yoast_head":"<!-- This site is optimized with the Yoast SEO plugin v27.3 - https:\/\/yoast.com\/product\/yoast-seo-wordpress\/ -->\n<title>Reconoce la Unicef pol\u00edticas p\u00fablicas de Claudia Sheinbaum -<\/title>\n<meta name=\"robots\" content=\"index, follow, max-snippet:-1, max-image-preview:large, max-video-preview:-1\" \/>\n<link rel=\"canonical\" href=\"https:\/\/quehacerpolitico.mx\/?p=100873\" \/>\n<meta property=\"og:locale\" content=\"es_MX\" \/>\n<meta property=\"og:type\" content=\"article\" \/>\n<meta property=\"og:title\" content=\"Reconoce la Unicef pol\u00edticas p\u00fablicas de Claudia Sheinbaum -\" \/>\n<meta property=\"og:description\" content=\"Por Redacci\u00f3n QP &#8220;Queremos que las ni\u00f1as y los ni\u00f1os reconozcan la educaci\u00f3n p\u00fablica como...\" \/>\n<meta property=\"og:url\" content=\"https:\/\/quehacerpolitico.mx\/?p=100873\" \/>\n<meta property=\"article:published_time\" content=\"2023-05-17T22:26:55+00:00\" \/>\n<meta property=\"article:modified_time\" content=\"2023-05-17T22:27:00+00:00\" \/>\n<meta property=\"og:image\" content=\"https:\/\/quehacerpolitico.mx\/wp-content\/uploads\/2023\/05\/IMG_7756.jpeg\" \/>\n\t<meta property=\"og:image:width\" content=\"1010\" \/>\n\t<meta property=\"og:image:height\" content=\"559\" \/>\n\t<meta property=\"og:image:type\" content=\"image\/jpeg\" \/>\n<meta name=\"author\" content=\"Redacci\u00f3n QP\" \/>\n<meta name=\"twitter:card\" content=\"summary_large_image\" \/>\n<meta name=\"twitter:label1\" content=\"Escrito por\" \/>\n\t<meta name=\"twitter:data1\" content=\"Redacci\u00f3n QP\" \/>\n\t<meta name=\"twitter:label2\" content=\"Tiempo de lectura\" \/>\n\t<meta name=\"twitter:data2\" content=\"2 minutos\" \/>\n<script type=\"application\/ld+json\" class=\"yoast-schema-graph\">{\"@context\":\"https:\\\/\\\/schema.org\",\"@graph\":[{\"@type\":\"Article\",\"@id\":\"https:\\\/\\\/quehacerpolitico.mx\\\/?p=100873#article\",\"isPartOf\":{\"@id\":\"https:\\\/\\\/quehacerpolitico.mx\\\/?p=100873\"},\"author\":{\"name\":\"Redacci\u00f3n QP\",\"@id\":\"https:\\\/\\\/quehacerpolitico.mx\\\/#\\\/schema\\\/person\\\/496d8ad2d1d3f8036101dca7ee39e585\"},\"headline\":\"Reconoce la Unicef pol\u00edticas p\u00fablicas de Claudia Sheinbaum\",\"datePublished\":\"2023-05-17T22:26:55+00:00\",\"dateModified\":\"2023-05-17T22:27:00+00:00\",\"mainEntityOfPage\":{\"@id\":\"https:\\\/\\\/quehacerpolitico.mx\\\/?p=100873\"},\"wordCount\":469,\"commentCount\":0,\"image\":{\"@id\":\"https:\\\/\\\/quehacerpolitico.mx\\\/?p=100873#primaryimage\"},\"thumbnailUrl\":\"https:\\\/\\\/quehacerpolitico.mx\\\/wp-content\\\/uploads\\\/2023\\\/05\\\/IMG_7756.jpeg\",\"articleSection\":[\"CDMX\"],\"inLanguage\":\"es\",\"potentialAction\":[{\"@type\":\"CommentAction\",\"name\":\"Comment\",\"target\":[\"https:\\\/\\\/quehacerpolitico.mx\\\/?p=100873#respond\"]}]},{\"@type\":\"WebPage\",\"@id\":\"https:\\\/\\\/quehacerpolitico.mx\\\/?p=100873\",\"url\":\"https:\\\/\\\/quehacerpolitico.mx\\\/?p=100873\",\"name\":\"Reconoce la Unicef pol\u00edticas p\u00fablicas de Claudia Sheinbaum -\",\"isPartOf\":{\"@id\":\"https:\\\/\\\/quehacerpolitico.mx\\\/#website\"},\"primaryImageOfPage\":{\"@id\":\"https:\\\/\\\/quehacerpolitico.mx\\\/?p=100873#primaryimage\"},\"image\":{\"@id\":\"https:\\\/\\\/quehacerpolitico.mx\\\/?p=100873#primaryimage\"},\"thumbnailUrl\":\"https:\\\/\\\/quehacerpolitico.mx\\\/wp-content\\\/uploads\\\/2023\\\/05\\\/IMG_7756.jpeg\",\"datePublished\":\"2023-05-17T22:26:55+00:00\",\"dateModified\":\"2023-05-17T22:27:00+00:00\",\"author\":{\"@id\":\"https:\\\/\\\/quehacerpolitico.mx\\\/#\\\/schema\\\/person\\\/496d8ad2d1d3f8036101dca7ee39e585\"},\"breadcrumb\":{\"@id\":\"https:\\\/\\\/quehacerpolitico.mx\\\/?p=100873#breadcrumb\"},\"inLanguage\":\"es\",\"potentialAction\":[{\"@type\":\"ReadAction\",\"target\":[\"https:\\\/\\\/quehacerpolitico.mx\\\/?p=100873\"]}]},{\"@type\":\"ImageObject\",\"inLanguage\":\"es\",\"@id\":\"https:\\\/\\\/quehacerpolitico.mx\\\/?p=100873#primaryimage\",\"url\":\"https:\\\/\\\/quehacerpolitico.mx\\\/wp-content\\\/uploads\\\/2023\\\/05\\\/IMG_7756.jpeg\",\"contentUrl\":\"https:\\\/\\\/quehacerpolitico.mx\\\/wp-content\\\/uploads\\\/2023\\\/05\\\/IMG_7756.jpeg\",\"width\":1010,\"height\":559},{\"@type\":\"BreadcrumbList\",\"@id\":\"https:\\\/\\\/quehacerpolitico.mx\\\/?p=100873#breadcrumb\",\"itemListElement\":[{\"@type\":\"ListItem\",\"position\":1,\"name\":\"Inicio\",\"item\":\"https:\\\/\\\/quehacerpolitico.mx\\\/\"},{\"@type\":\"ListItem\",\"position\":2,\"name\":\"Reconoce la Unicef pol\u00edticas p\u00fablicas de Claudia Sheinbaum\"}]},{\"@type\":\"WebSite\",\"@id\":\"https:\\\/\\\/quehacerpolitico.mx\\\/#website\",\"url\":\"https:\\\/\\\/quehacerpolitico.mx\\\/\",\"name\":\"\",\"description\":\"\",\"potentialAction\":[{\"@type\":\"SearchAction\",\"target\":{\"@type\":\"EntryPoint\",\"urlTemplate\":\"https:\\\/\\\/quehacerpolitico.mx\\\/?s={search_term_string}\"},\"query-input\":{\"@type\":\"PropertyValueSpecification\",\"valueRequired\":true,\"valueName\":\"search_term_string\"}}],\"inLanguage\":\"es\"},{\"@type\":\"Person\",\"@id\":\"https:\\\/\\\/quehacerpolitico.mx\\\/#\\\/schema\\\/person\\\/496d8ad2d1d3f8036101dca7ee39e585\",\"name\":\"Redacci\u00f3n QP\",\"image\":{\"@type\":\"ImageObject\",\"inLanguage\":\"es\",\"@id\":\"https:\\\/\\\/secure.gravatar.com\\\/avatar\\\/c7164ed6fdec453195284ad24a5ae5b6e1eed2b848477fa2a4787ba9adf39a41?s=96&d=mm&r=g\",\"url\":\"https:\\\/\\\/secure.gravatar.com\\\/avatar\\\/c7164ed6fdec453195284ad24a5ae5b6e1eed2b848477fa2a4787ba9adf39a41?s=96&d=mm&r=g\",\"contentUrl\":\"https:\\\/\\\/secure.gravatar.com\\\/avatar\\\/c7164ed6fdec453195284ad24a5ae5b6e1eed2b848477fa2a4787ba9adf39a41?s=96&d=mm&r=g\",\"caption\":\"Redacci\u00f3n QP\"},\"url\":\"https:\\\/\\\/quehacerpolitico.mx\\\/?author=2\"}]}<\/script>\n<!-- \/ Yoast SEO plugin. -->","yoast_head_json":{"title":"Reconoce la Unicef pol\u00edticas p\u00fablicas de Claudia Sheinbaum -","robots":{"index":"index","follow":"follow","max-snippet":"max-snippet:-1","max-image-preview":"max-image-preview:large","max-video-preview":"max-video-preview:-1"},"canonical":"https:\/\/quehacerpolitico.mx\/?p=100873","og_locale":"es_MX","og_type":"article","og_title":"Reconoce la Unicef pol\u00edticas p\u00fablicas de Claudia Sheinbaum -","og_description":"Por Redacci\u00f3n QP &#8220;Queremos que las ni\u00f1as y los ni\u00f1os reconozcan la educaci\u00f3n p\u00fablica como...","og_url":"https:\/\/quehacerpolitico.mx\/?p=100873","article_published_time":"2023-05-17T22:26:55+00:00","article_modified_time":"2023-05-17T22:27:00+00:00","og_image":[{"width":1010,"height":559,"url":"https:\/\/quehacerpolitico.mx\/wp-content\/uploads\/2023\/05\/IMG_7756.jpeg","type":"image\/jpeg"}],"author":"Redacci\u00f3n QP","twitter_card":"summary_large_image","twitter_misc":{"Escrito por":"Redacci\u00f3n QP","Tiempo de lectura":"2 minutos"},"schema":{"@context":"https:\/\/schema.org","@graph":[{"@type":"Article","@id":"https:\/\/quehacerpolitico.mx\/?p=100873#article","isPartOf":{"@id":"https:\/\/quehacerpolitico.mx\/?p=100873"},"author":{"name":"Redacci\u00f3n QP","@id":"https:\/\/quehacerpolitico.mx\/#\/schema\/person\/496d8ad2d1d3f8036101dca7ee39e585"},"headline":"Reconoce la Unicef pol\u00edticas p\u00fablicas de Claudia Sheinbaum","datePublished":"2023-05-17T22:26:55+00:00","dateModified":"2023-05-17T22:27:00+00:00","mainEntityOfPage":{"@id":"https:\/\/quehacerpolitico.mx\/?p=100873"},"wordCount":469,"commentCount":0,"image":{"@id":"https:\/\/quehacerpolitico.mx\/?p=100873#primaryimage"},"thumbnailUrl":"https:\/\/quehacerpolitico.mx\/wp-content\/uploads\/2023\/05\/IMG_7756.jpeg","articleSection":["CDMX"],"inLanguage":"es","potentialAction":[{"@type":"CommentAction","name":"Comment","target":["https:\/\/quehacerpolitico.mx\/?p=100873#respond"]}]},{"@type":"WebPage","@id":"https:\/\/quehacerpolitico.mx\/?p=100873","url":"https:\/\/quehacerpolitico.mx\/?p=100873","name":"Reconoce la Unicef pol\u00edticas p\u00fablicas de Claudia Sheinbaum -","isPartOf":{"@id":"https:\/\/quehacerpolitico.mx\/#website"},"primaryImageOfPage":{"@id":"https:\/\/quehacerpolitico.mx\/?p=100873#primaryimage"},"image":{"@id":"https:\/\/quehacerpolitico.mx\/?p=100873#primaryimage"},"thumbnailUrl":"https:\/\/quehacerpolitico.mx\/wp-content\/uploads\/2023\/05\/IMG_7756.jpeg","datePublished":"2023-05-17T22:26:55+00:00","dateModified":"2023-05-17T22:27:00+00:00","author":{"@id":"https:\/\/quehacerpolitico.mx\/#\/schema\/person\/496d8ad2d1d3f8036101dca7ee39e585"},"breadcrumb":{"@id":"https:\/\/quehacerpolitico.mx\/?p=100873#breadcrumb"},"inLanguage":"es","potentialAction":[{"@type":"ReadAction","target":["https:\/\/quehacerpolitico.mx\/?p=100873"]}]},{"@type":"ImageObject","inLanguage":"es","@id":"https:\/\/quehacerpolitico.mx\/?p=100873#primaryimage","url":"https:\/\/quehacerpolitico.mx\/wp-content\/uploads\/2023\/05\/IMG_7756.jpeg","contentUrl":"https:\/\/quehacerpolitico.mx\/wp-content\/uploads\/2023\/05\/IMG_7756.jpeg","width":1010,"height":559},{"@type":"BreadcrumbList","@id":"https:\/\/quehacerpolitico.mx\/?p=100873#breadcrumb","itemListElement":[{"@type":"ListItem","position":1,"name":"Inicio","item":"https:\/\/quehacerpolitico.mx\/"},{"@type":"ListItem","position":2,"name":"Reconoce la Unicef pol\u00edticas p\u00fablicas de Claudia Sheinbaum"}]},{"@type":"WebSite","@id":"https:\/\/quehacerpolitico.mx\/#website","url":"https:\/\/quehacerpolitico.mx\/","name":"","description":"","potentialAction":[{"@type":"SearchAction","target":{"@type":"EntryPoint","urlTemplate":"https:\/\/quehacerpolitico.mx\/?s={search_term_string}"},"query-input":{"@type":"PropertyValueSpecification","valueRequired":true,"valueName":"search_term_string"}}],"inLanguage":"es"},{"@type":"Person","@id":"https:\/\/quehacerpolitico.mx\/#\/schema\/person\/496d8ad2d1d3f8036101dca7ee39e585","name":"Redacci\u00f3n QP","image":{"@type":"ImageObject","inLanguage":"es","@id":"https:\/\/secure.gravatar.com\/avatar\/c7164ed6fdec453195284ad24a5ae5b6e1eed2b848477fa2a4787ba9adf39a41?s=96&d=mm&r=g","url":"https:\/\/secure.gravatar.com\/avatar\/c7164ed6fdec453195284ad24a5ae5b6e1eed2b848477fa2a4787ba9adf39a41?s=96&d=mm&r=g","contentUrl":"https:\/\/secure.gravatar.com\/avatar\/c7164ed6fdec453195284ad24a5ae5b6e1eed2b848477fa2a4787ba9adf39a41?s=96&d=mm&r=g","caption":"Redacci\u00f3n QP"},"url":"https:\/\/quehacerpolitico.mx\/?author=2"}]}},"featured_image_urls":{"full":["https:\/\/quehacerpolitico.mx\/wp-content\/uploads\/2023\/05\/IMG_7756.jpeg",1010,559,false],"thumbnail":["https:\/\/quehacerpolitico.mx\/wp-content\/uploads\/2023\/05\/IMG_7756-150x150.jpeg",150,150,true],"medium":["https:\/\/quehacerpolitico.mx\/wp-content\/uploads\/2023\/05\/IMG_7756-300x166.jpeg",300,166,true],"medium_large":["https:\/\/quehacerpolitico.mx\/wp-content\/uploads\/2023\/05\/IMG_7756-768x425.jpeg",640,354,true],"large":["https:\/\/quehacerpolitico.mx\/wp-content\/uploads\/2023\/05\/IMG_7756.jpeg",640,354,false],"1536x1536":["https:\/\/quehacerpolitico.mx\/wp-content\/uploads\/2023\/05\/IMG_7756.jpeg",1010,559,false],"2048x2048":["https:\/\/quehacerpolitico.mx\/wp-content\/uploads\/2023\/05\/IMG_7756.jpeg",1010,559,false],"covernews-featured":["https:\/\/quehacerpolitico.mx\/wp-content\/uploads\/2023\/05\/IMG_7756.jpeg",1010,559,false],"covernews-medium":["https:\/\/quehacerpolitico.mx\/wp-content\/uploads\/2023\/05\/IMG_7756.jpeg",540,299,false]},"author_info":{"display_name":"Redacci\u00f3n QP","author_link":"https:\/\/quehacerpolitico.mx\/?author=2"},"category_info":"<a href=\"https:\/\/quehacerpolitico.mx\/?cat=55\" rel=\"category\">CDMX<\/a>","tag_info":"CDMX","comment_count":"0","_links":{"self":[{"href":"https:\/\/quehacerpolitico.mx\/index.php?rest_route=\/wp\/v2\/posts\/100873","targetHints":{"allow":["GET"]}}],"collection":[{"href":"https:\/\/quehacerpolitico.mx\/index.php?rest_route=\/wp\/v2\/posts"}],"about":[{"href":"https:\/\/quehacerpolitico.mx\/index.php?rest_route=\/wp\/v2\/types\/post"}],"author":[{"embeddable":true,"href":"https:\/\/quehacerpolitico.mx\/index.php?rest_route=\/wp\/v2\/users\/2"}],"replies":[{"embeddable":true,"href":"https:\/\/quehacerpolitico.mx\/index.php?rest_route=%2Fwp%2Fv2%2Fcomments&post=100873"}],"version-history":[{"count":1,"href":"https:\/\/quehacerpolitico.mx\/index.php?rest_route=\/wp\/v2\/posts\/100873\/revisions"}],"predecessor-version":[{"id":100875,"href":"https:\/\/quehacerpolitico.mx\/index.php?rest_route=\/wp\/v2\/posts\/100873\/revisions\/100875"}],"wp:featuredmedia":[{"embeddable":true,"href":"https:\/\/quehacerpolitico.mx\/index.php?rest_route=\/wp\/v2\/media\/100874"}],"wp:attachment":[{"href":"https:\/\/quehacerpolitico.mx\/index.php?rest_route=%2Fwp%2Fv2%2Fmedia&parent=100873"}],"wp:term":[{"taxonomy":"category","embeddable":true,"href":"https:\/\/quehacerpolitico.mx\/index.php?rest_route=%2Fwp%2Fv2%2Fcategories&post=100873"},{"taxonomy":"post_tag","embeddable":true,"href":"https:\/\/quehacerpolitico.mx\/index.php?rest_route=%2Fwp%2Fv2%2Ftags&post=100873"}],"curies":[{"name":"wp","href":"https:\/\/api.w.org\/{rel}","templated":true}]}}