{"id":100861,"date":"2023-05-17T20:30:37","date_gmt":"2023-05-17T20:30:37","guid":{"rendered":"https:\/\/quehacerpolitico.mx\/?p=100861"},"modified":"2023-05-17T20:30:41","modified_gmt":"2023-05-17T20:30:41","slug":"futuro-verde-un-tema-preocupante-para-la-industria-de-la-construccion-sostenible","status":"publish","type":"post","link":"https:\/\/quehacerpolitico.mx\/?p=100861","title":{"rendered":"Futuro Verde un tema preocupante para la industria de la Construcci\u00f3n sostenible"},"content":{"rendered":"\n<p>Por Redacci\u00f3n NotiExpress | La Revista del Sector Inmobiliario<\/p>\n\n\n\n<p>Las principales ciudades del mundo han mostrado\u00a0<strong>mayor preocupaci\u00f3n por la construcci\u00f3n sostenible,<\/strong>\u00a0consider\u00f3 Benoit Bazin, CEO de\u00a0Saint-Gobain.<\/p>\n\n\n\n<p>As\u00ed lo inform\u00f3 tras mostrar los resultados del Bar\u00f3metro del\u00a0<strong>Observatorio de la Construcci\u00f3n Sostenible<\/strong>\u00a0de la empresa, el cual se cre\u00f3 para promover el intercambio de conocimientos y acelerar la transformaci\u00f3n del sector en todo el mundo hacia un\u00a0futuro verde<\/p>\n\n\n\n<figure class=\"wp-block-image size-full\"><img loading=\"lazy\" decoding=\"async\" width=\"678\" height=\"452\" src=\"https:\/\/quehacerpolitico.mx\/wp-content\/uploads\/2023\/05\/image-51.jpeg\" alt=\"\" class=\"wp-image-100864\" srcset=\"https:\/\/quehacerpolitico.mx\/wp-content\/uploads\/2023\/05\/image-51.jpeg 678w, https:\/\/quehacerpolitico.mx\/wp-content\/uploads\/2023\/05\/image-51-300x200.jpeg 300w, https:\/\/quehacerpolitico.mx\/wp-content\/uploads\/2023\/05\/image-51-219x146.jpeg 219w, https:\/\/quehacerpolitico.mx\/wp-content\/uploads\/2023\/05\/image-51-50x33.jpeg 50w, https:\/\/quehacerpolitico.mx\/wp-content\/uploads\/2023\/05\/image-51-113x75.jpeg 113w\" sizes=\"auto, (max-width: 678px) 100vw, 678px\" \/><\/figure>\n\n\n\n<p>Dicho plan reuni\u00f3 a los principales actores de la industria de la construcci\u00f3n, entre profesionales, funcionarios p\u00fablicos, asociaciones y estudiantes. Cabe se\u00f1alar que en esta encuesta participaron m\u00e1s de 800 stakeholders de 10 pa\u00edses (<strong>Brasil, Francia, Alemania, India, Italia, Jap\u00f3n, Sud\u00e1frica, Espa\u00f1a, Reino Unido y EE. UU<\/strong>.).<\/p>\n\n\n\n<p>Adem\u00e1s, el Bar\u00f3metro detall\u00f3&nbsp;<strong>otros puntos importantes<\/strong>&nbsp;que deben tratarse como primordiales a nivel mundial, entre ellos:<\/p>\n\n\n\n<ul class=\"wp-block-list\">\n<li>&nbsp; &nbsp; &nbsp; &nbsp;&nbsp;Esfuerzos educativos que se deben realizar<\/li>\n\n\n\n<li>&nbsp; &nbsp; &nbsp; &nbsp;&nbsp;Pruebas que se deben proporcionar<\/li>\n\n\n\n<li>&nbsp; &nbsp; &nbsp; &nbsp;&nbsp;Palancas de acci\u00f3n que se deben aplicar<\/li>\n<\/ul>\n\n\n\n<p>\u201cEsto es necesario para convencer a toda la cadena de valor de la&nbsp;<strong>necesidad de acelerar la sustentabilidad<\/strong>\u201d, explic\u00f3 Benoit Bazin.<img loading=\"lazy\" decoding=\"async\" src=\"https:\/\/inmobiliare.com\/himalaya\/wp-content\/uploads\/2023\/05\/Construccion-Sostenible-2-300x199.jpeg\" alt=\"Construcci\u00f3n Sostenible-2\" width=\"745\" height=\"494\" srcset=\"https:\/\/inmobiliare.com\/himalaya\/wp-content\/uploads\/2023\/05\/Construccion-Sostenible-2-300x199.jpeg 300w, https:\/\/inmobiliare.com\/himalaya\/wp-content\/uploads\/2023\/05\/Construccion-Sostenible-2-1024x680.jpeg 1024w, https:\/\/inmobiliare.com\/himalaya\/wp-content\/uploads\/2023\/05\/Construccion-Sostenible-2-768x510.jpeg 768w, https:\/\/inmobiliare.com\/himalaya\/wp-content\/uploads\/2023\/05\/Construccion-Sostenible-2.jpeg 1280w\"><\/p>\n\n\n\n<p id=\"caption-attachment-91708\">Los estudiantes fueron los m\u00e1s convencidos de la urgencia de desarrollar una construcci\u00f3n sostenible.<br>Cortes\u00eda: BBVA<\/p>\n\n\n\n<h3 class=\"wp-block-heading\"><strong>Estudiantes, lo m\u00e1s interesados por la construcci\u00f3n sostenible<\/strong><\/h3>\n\n\n\n<p>De acuerdo con los resultados, el\u00a0<strong>88% de los encuestados dijo conocer el concepto de construcci\u00f3n sostenible<\/strong>\u00a0y el 97% que la implementaci\u00f3n de edificios m\u00e1s sostenibles\u00a0<strong>es una prioridad o importante<\/strong>.<\/p>\n\n\n\n<figure class=\"wp-block-image size-full\"><img loading=\"lazy\" decoding=\"async\" width=\"300\" height=\"224\" src=\"https:\/\/quehacerpolitico.mx\/wp-content\/uploads\/2023\/05\/image-50.jpeg\" alt=\"\" class=\"wp-image-100863\" srcset=\"https:\/\/quehacerpolitico.mx\/wp-content\/uploads\/2023\/05\/image-50.jpeg 300w, https:\/\/quehacerpolitico.mx\/wp-content\/uploads\/2023\/05\/image-50-196x146.jpeg 196w, https:\/\/quehacerpolitico.mx\/wp-content\/uploads\/2023\/05\/image-50-50x37.jpeg 50w, https:\/\/quehacerpolitico.mx\/wp-content\/uploads\/2023\/05\/image-50-100x75.jpeg 100w\" sizes=\"auto, (max-width: 300px) 100vw, 300px\" \/><\/figure>\n\n\n\n<p>\u201cSin embargo, la definici\u00f3n que dan se limita, mayormente, a cuestiones ambientales. No tienen en cuenta la\u00a0<strong>dimensi\u00f3n social y humana<\/strong>, es decir, la salud o el bienestar y la comodidad de los ocupantes\u201d, agreg\u00f3 el directivo.<\/p>\n\n\n\n<p>Los\u00a0<strong>estudiantes fueron los m\u00e1s convencidos de la urgencia de desarrollar una construcci\u00f3n sostenible<\/strong>. Sin embargo, m\u00e1s de la mitad (55%) afirm\u00f3 que aceptar\u00eda una oferta de trabajo en una empresa que no invierte en este sector.<\/p>\n\n\n\n<p>No se te olvide que?<\/p>\n\n\n\n<p>En\u00a0NotiExpress | La Revista del Sector Inmobiliario nos ocupamos en la difusi\u00f3n de la industria inmobiliaria generamos contenidos que te ayudar\u00e1n a mantenerte a la vanguardia en tecnolog\u00eda y en tendencias del sector inmobiliario para que puedas ofrecer el mejor servicio y generar m\u00e1s clientes.<\/p>\n\n\n\n<p>\u00c9chale una miradita a nuestra revista mensual donde encontrar\u00e1s la informaci\u00f3n precisa y oportuna con todo lo relacionado al sector inmobiliario aqu\u00ed\u00a0?<a href=\"https:\/\/issuu.com\/notiexpressmx\/docs\/notiexpress_07\">https:\/\/issuu.com\/notiexpressmx\/docs\/notiexpress_07\u00a0<\/a>\u00a0NotiExpress | La Revista del Sector Inmobiliario<\/p>\n\n\n\n<figure class=\"wp-block-image size-large\"><img loading=\"lazy\" decoding=\"async\" width=\"1024\" height=\"378\" src=\"https:\/\/quehacerpolitico.mx\/wp-content\/uploads\/2023\/05\/image-49-1024x378.jpeg\" alt=\"\" class=\"wp-image-100862\" srcset=\"https:\/\/quehacerpolitico.mx\/wp-content\/uploads\/2023\/05\/image-49-1024x378.jpeg 1024w, https:\/\/quehacerpolitico.mx\/wp-content\/uploads\/2023\/05\/image-49-300x111.jpeg 300w, https:\/\/quehacerpolitico.mx\/wp-content\/uploads\/2023\/05\/image-49-768x284.jpeg 768w, https:\/\/quehacerpolitico.mx\/wp-content\/uploads\/2023\/05\/image-49-260x96.jpeg 260w, https:\/\/quehacerpolitico.mx\/wp-content\/uploads\/2023\/05\/image-49-50x18.jpeg 50w, https:\/\/quehacerpolitico.mx\/wp-content\/uploads\/2023\/05\/image-49-150x55.jpeg 150w, https:\/\/quehacerpolitico.mx\/wp-content\/uploads\/2023\/05\/image-49.jpeg 1280w\" sizes=\"auto, (max-width: 1024px) 100vw, 1024px\" \/><\/figure>\n","protected":false},"excerpt":{"rendered":"<p>Por Redacci\u00f3n NotiExpress | La Revista del Sector Inmobiliario Las principales ciudades del mundo han&#8230;<\/p>\n","protected":false},"author":2,"featured_media":100865,"comment_status":"open","ping_status":"open","sticky":false,"template":"","format":"standard","meta":{"_monsterinsights_skip_tracking":false,"_monsterinsights_sitenote_active":false,"_monsterinsights_sitenote_note":"","_monsterinsights_sitenote_category":0,"footnotes":""},"categories":[56],"tags":[],"class_list":["post-100861","post","type-post","status-publish","format-standard","has-post-thumbnail","hentry","category-economia"],"yoast_head":"<!-- This site is optimized with the Yoast SEO plugin v27.3 - https:\/\/yoast.com\/product\/yoast-seo-wordpress\/ -->\n<title>Futuro Verde un tema preocupante para la industria de la Construcci\u00f3n sostenible -<\/title>\n<meta name=\"robots\" content=\"index, follow, max-snippet:-1, max-image-preview:large, max-video-preview:-1\" \/>\n<link rel=\"canonical\" href=\"https:\/\/quehacerpolitico.mx\/?p=100861\" \/>\n<meta property=\"og:locale\" content=\"es_MX\" \/>\n<meta property=\"og:type\" content=\"article\" \/>\n<meta property=\"og:title\" content=\"Futuro Verde un tema preocupante para la industria de la Construcci\u00f3n sostenible -\" \/>\n<meta property=\"og:description\" content=\"Por Redacci\u00f3n NotiExpress | La Revista del Sector Inmobiliario Las principales ciudades del mundo han...\" \/>\n<meta property=\"og:url\" content=\"https:\/\/quehacerpolitico.mx\/?p=100861\" \/>\n<meta property=\"article:published_time\" content=\"2023-05-17T20:30:37+00:00\" \/>\n<meta property=\"article:modified_time\" content=\"2023-05-17T20:30:41+00:00\" \/>\n<meta property=\"og:image\" content=\"https:\/\/quehacerpolitico.mx\/wp-content\/uploads\/2023\/05\/photo-output-1.jpeg\" \/>\n\t<meta property=\"og:image:width\" content=\"2048\" \/>\n\t<meta property=\"og:image:height\" content=\"991\" \/>\n\t<meta property=\"og:image:type\" content=\"image\/jpeg\" \/>\n<meta name=\"author\" content=\"Redacci\u00f3n QP\" \/>\n<meta name=\"twitter:card\" content=\"summary_large_image\" \/>\n<meta name=\"twitter:label1\" content=\"Escrito por\" \/>\n\t<meta name=\"twitter:data1\" content=\"Redacci\u00f3n QP\" \/>\n\t<meta name=\"twitter:label2\" content=\"Tiempo de lectura\" \/>\n\t<meta name=\"twitter:data2\" content=\"2 minutos\" \/>\n<script type=\"application\/ld+json\" class=\"yoast-schema-graph\">{\"@context\":\"https:\\\/\\\/schema.org\",\"@graph\":[{\"@type\":\"Article\",\"@id\":\"https:\\\/\\\/quehacerpolitico.mx\\\/?p=100861#article\",\"isPartOf\":{\"@id\":\"https:\\\/\\\/quehacerpolitico.mx\\\/?p=100861\"},\"author\":{\"name\":\"Redacci\u00f3n QP\",\"@id\":\"https:\\\/\\\/quehacerpolitico.mx\\\/#\\\/schema\\\/person\\\/496d8ad2d1d3f8036101dca7ee39e585\"},\"headline\":\"Futuro Verde un tema preocupante para la industria de la Construcci\u00f3n sostenible\",\"datePublished\":\"2023-05-17T20:30:37+00:00\",\"dateModified\":\"2023-05-17T20:30:41+00:00\",\"mainEntityOfPage\":{\"@id\":\"https:\\\/\\\/quehacerpolitico.mx\\\/?p=100861\"},\"wordCount\":449,\"commentCount\":0,\"image\":{\"@id\":\"https:\\\/\\\/quehacerpolitico.mx\\\/?p=100861#primaryimage\"},\"thumbnailUrl\":\"https:\\\/\\\/quehacerpolitico.mx\\\/wp-content\\\/uploads\\\/2023\\\/05\\\/photo-output-1.jpeg\",\"articleSection\":[\"Econom\u00eda\"],\"inLanguage\":\"es\",\"potentialAction\":[{\"@type\":\"CommentAction\",\"name\":\"Comment\",\"target\":[\"https:\\\/\\\/quehacerpolitico.mx\\\/?p=100861#respond\"]}]},{\"@type\":\"WebPage\",\"@id\":\"https:\\\/\\\/quehacerpolitico.mx\\\/?p=100861\",\"url\":\"https:\\\/\\\/quehacerpolitico.mx\\\/?p=100861\",\"name\":\"Futuro Verde un tema preocupante para la industria de la Construcci\u00f3n sostenible -\",\"isPartOf\":{\"@id\":\"https:\\\/\\\/quehacerpolitico.mx\\\/#website\"},\"primaryImageOfPage\":{\"@id\":\"https:\\\/\\\/quehacerpolitico.mx\\\/?p=100861#primaryimage\"},\"image\":{\"@id\":\"https:\\\/\\\/quehacerpolitico.mx\\\/?p=100861#primaryimage\"},\"thumbnailUrl\":\"https:\\\/\\\/quehacerpolitico.mx\\\/wp-content\\\/uploads\\\/2023\\\/05\\\/photo-output-1.jpeg\",\"datePublished\":\"2023-05-17T20:30:37+00:00\",\"dateModified\":\"2023-05-17T20:30:41+00:00\",\"author\":{\"@id\":\"https:\\\/\\\/quehacerpolitico.mx\\\/#\\\/schema\\\/person\\\/496d8ad2d1d3f8036101dca7ee39e585\"},\"breadcrumb\":{\"@id\":\"https:\\\/\\\/quehacerpolitico.mx\\\/?p=100861#breadcrumb\"},\"inLanguage\":\"es\",\"potentialAction\":[{\"@type\":\"ReadAction\",\"target\":[\"https:\\\/\\\/quehacerpolitico.mx\\\/?p=100861\"]}]},{\"@type\":\"ImageObject\",\"inLanguage\":\"es\",\"@id\":\"https:\\\/\\\/quehacerpolitico.mx\\\/?p=100861#primaryimage\",\"url\":\"https:\\\/\\\/quehacerpolitico.mx\\\/wp-content\\\/uploads\\\/2023\\\/05\\\/photo-output-1.jpeg\",\"contentUrl\":\"https:\\\/\\\/quehacerpolitico.mx\\\/wp-content\\\/uploads\\\/2023\\\/05\\\/photo-output-1.jpeg\",\"width\":2048,\"height\":991},{\"@type\":\"BreadcrumbList\",\"@id\":\"https:\\\/\\\/quehacerpolitico.mx\\\/?p=100861#breadcrumb\",\"itemListElement\":[{\"@type\":\"ListItem\",\"position\":1,\"name\":\"Inicio\",\"item\":\"https:\\\/\\\/quehacerpolitico.mx\\\/\"},{\"@type\":\"ListItem\",\"position\":2,\"name\":\"Futuro Verde un tema preocupante para la industria de la Construcci\u00f3n sostenible\"}]},{\"@type\":\"WebSite\",\"@id\":\"https:\\\/\\\/quehacerpolitico.mx\\\/#website\",\"url\":\"https:\\\/\\\/quehacerpolitico.mx\\\/\",\"name\":\"\",\"description\":\"\",\"potentialAction\":[{\"@type\":\"SearchAction\",\"target\":{\"@type\":\"EntryPoint\",\"urlTemplate\":\"https:\\\/\\\/quehacerpolitico.mx\\\/?s={search_term_string}\"},\"query-input\":{\"@type\":\"PropertyValueSpecification\",\"valueRequired\":true,\"valueName\":\"search_term_string\"}}],\"inLanguage\":\"es\"},{\"@type\":\"Person\",\"@id\":\"https:\\\/\\\/quehacerpolitico.mx\\\/#\\\/schema\\\/person\\\/496d8ad2d1d3f8036101dca7ee39e585\",\"name\":\"Redacci\u00f3n QP\",\"image\":{\"@type\":\"ImageObject\",\"inLanguage\":\"es\",\"@id\":\"https:\\\/\\\/secure.gravatar.com\\\/avatar\\\/c7164ed6fdec453195284ad24a5ae5b6e1eed2b848477fa2a4787ba9adf39a41?s=96&d=mm&r=g\",\"url\":\"https:\\\/\\\/secure.gravatar.com\\\/avatar\\\/c7164ed6fdec453195284ad24a5ae5b6e1eed2b848477fa2a4787ba9adf39a41?s=96&d=mm&r=g\",\"contentUrl\":\"https:\\\/\\\/secure.gravatar.com\\\/avatar\\\/c7164ed6fdec453195284ad24a5ae5b6e1eed2b848477fa2a4787ba9adf39a41?s=96&d=mm&r=g\",\"caption\":\"Redacci\u00f3n QP\"},\"url\":\"https:\\\/\\\/quehacerpolitico.mx\\\/?author=2\"}]}<\/script>\n<!-- \/ Yoast SEO plugin. -->","yoast_head_json":{"title":"Futuro Verde un tema preocupante para la industria de la Construcci\u00f3n sostenible -","robots":{"index":"index","follow":"follow","max-snippet":"max-snippet:-1","max-image-preview":"max-image-preview:large","max-video-preview":"max-video-preview:-1"},"canonical":"https:\/\/quehacerpolitico.mx\/?p=100861","og_locale":"es_MX","og_type":"article","og_title":"Futuro Verde un tema preocupante para la industria de la Construcci\u00f3n sostenible -","og_description":"Por Redacci\u00f3n NotiExpress | La Revista del Sector Inmobiliario Las principales ciudades del mundo han...","og_url":"https:\/\/quehacerpolitico.mx\/?p=100861","article_published_time":"2023-05-17T20:30:37+00:00","article_modified_time":"2023-05-17T20:30:41+00:00","og_image":[{"width":2048,"height":991,"url":"https:\/\/quehacerpolitico.mx\/wp-content\/uploads\/2023\/05\/photo-output-1.jpeg","type":"image\/jpeg"}],"author":"Redacci\u00f3n QP","twitter_card":"summary_large_image","twitter_misc":{"Escrito por":"Redacci\u00f3n QP","Tiempo de lectura":"2 minutos"},"schema":{"@context":"https:\/\/schema.org","@graph":[{"@type":"Article","@id":"https:\/\/quehacerpolitico.mx\/?p=100861#article","isPartOf":{"@id":"https:\/\/quehacerpolitico.mx\/?p=100861"},"author":{"name":"Redacci\u00f3n QP","@id":"https:\/\/quehacerpolitico.mx\/#\/schema\/person\/496d8ad2d1d3f8036101dca7ee39e585"},"headline":"Futuro Verde un tema preocupante para la industria de la Construcci\u00f3n sostenible","datePublished":"2023-05-17T20:30:37+00:00","dateModified":"2023-05-17T20:30:41+00:00","mainEntityOfPage":{"@id":"https:\/\/quehacerpolitico.mx\/?p=100861"},"wordCount":449,"commentCount":0,"image":{"@id":"https:\/\/quehacerpolitico.mx\/?p=100861#primaryimage"},"thumbnailUrl":"https:\/\/quehacerpolitico.mx\/wp-content\/uploads\/2023\/05\/photo-output-1.jpeg","articleSection":["Econom\u00eda"],"inLanguage":"es","potentialAction":[{"@type":"CommentAction","name":"Comment","target":["https:\/\/quehacerpolitico.mx\/?p=100861#respond"]}]},{"@type":"WebPage","@id":"https:\/\/quehacerpolitico.mx\/?p=100861","url":"https:\/\/quehacerpolitico.mx\/?p=100861","name":"Futuro Verde un tema preocupante para la industria de la Construcci\u00f3n sostenible -","isPartOf":{"@id":"https:\/\/quehacerpolitico.mx\/#website"},"primaryImageOfPage":{"@id":"https:\/\/quehacerpolitico.mx\/?p=100861#primaryimage"},"image":{"@id":"https:\/\/quehacerpolitico.mx\/?p=100861#primaryimage"},"thumbnailUrl":"https:\/\/quehacerpolitico.mx\/wp-content\/uploads\/2023\/05\/photo-output-1.jpeg","datePublished":"2023-05-17T20:30:37+00:00","dateModified":"2023-05-17T20:30:41+00:00","author":{"@id":"https:\/\/quehacerpolitico.mx\/#\/schema\/person\/496d8ad2d1d3f8036101dca7ee39e585"},"breadcrumb":{"@id":"https:\/\/quehacerpolitico.mx\/?p=100861#breadcrumb"},"inLanguage":"es","potentialAction":[{"@type":"ReadAction","target":["https:\/\/quehacerpolitico.mx\/?p=100861"]}]},{"@type":"ImageObject","inLanguage":"es","@id":"https:\/\/quehacerpolitico.mx\/?p=100861#primaryimage","url":"https:\/\/quehacerpolitico.mx\/wp-content\/uploads\/2023\/05\/photo-output-1.jpeg","contentUrl":"https:\/\/quehacerpolitico.mx\/wp-content\/uploads\/2023\/05\/photo-output-1.jpeg","width":2048,"height":991},{"@type":"BreadcrumbList","@id":"https:\/\/quehacerpolitico.mx\/?p=100861#breadcrumb","itemListElement":[{"@type":"ListItem","position":1,"name":"Inicio","item":"https:\/\/quehacerpolitico.mx\/"},{"@type":"ListItem","position":2,"name":"Futuro Verde un tema preocupante para la industria de la Construcci\u00f3n sostenible"}]},{"@type":"WebSite","@id":"https:\/\/quehacerpolitico.mx\/#website","url":"https:\/\/quehacerpolitico.mx\/","name":"","description":"","potentialAction":[{"@type":"SearchAction","target":{"@type":"EntryPoint","urlTemplate":"https:\/\/quehacerpolitico.mx\/?s={search_term_string}"},"query-input":{"@type":"PropertyValueSpecification","valueRequired":true,"valueName":"search_term_string"}}],"inLanguage":"es"},{"@type":"Person","@id":"https:\/\/quehacerpolitico.mx\/#\/schema\/person\/496d8ad2d1d3f8036101dca7ee39e585","name":"Redacci\u00f3n QP","image":{"@type":"ImageObject","inLanguage":"es","@id":"https:\/\/secure.gravatar.com\/avatar\/c7164ed6fdec453195284ad24a5ae5b6e1eed2b848477fa2a4787ba9adf39a41?s=96&d=mm&r=g","url":"https:\/\/secure.gravatar.com\/avatar\/c7164ed6fdec453195284ad24a5ae5b6e1eed2b848477fa2a4787ba9adf39a41?s=96&d=mm&r=g","contentUrl":"https:\/\/secure.gravatar.com\/avatar\/c7164ed6fdec453195284ad24a5ae5b6e1eed2b848477fa2a4787ba9adf39a41?s=96&d=mm&r=g","caption":"Redacci\u00f3n QP"},"url":"https:\/\/quehacerpolitico.mx\/?author=2"}]}},"featured_image_urls":{"full":["https:\/\/quehacerpolitico.mx\/wp-content\/uploads\/2023\/05\/photo-output-1.jpeg",2048,991,false],"thumbnail":["https:\/\/quehacerpolitico.mx\/wp-content\/uploads\/2023\/05\/photo-output-1-150x150.jpeg",150,150,true],"medium":["https:\/\/quehacerpolitico.mx\/wp-content\/uploads\/2023\/05\/photo-output-1-300x145.jpeg",300,145,true],"medium_large":["https:\/\/quehacerpolitico.mx\/wp-content\/uploads\/2023\/05\/photo-output-1-768x372.jpeg",640,310,true],"large":["https:\/\/quehacerpolitico.mx\/wp-content\/uploads\/2023\/05\/photo-output-1-1024x496.jpeg",640,310,true],"1536x1536":["https:\/\/quehacerpolitico.mx\/wp-content\/uploads\/2023\/05\/photo-output-1-1536x743.jpeg",1536,743,true],"2048x2048":["https:\/\/quehacerpolitico.mx\/wp-content\/uploads\/2023\/05\/photo-output-1.jpeg",2048,991,false],"covernews-featured":["https:\/\/quehacerpolitico.mx\/wp-content\/uploads\/2023\/05\/photo-output-1.jpeg",1024,496,false],"covernews-medium":["https:\/\/quehacerpolitico.mx\/wp-content\/uploads\/2023\/05\/photo-output-1.jpeg",540,261,false]},"author_info":{"display_name":"Redacci\u00f3n QP","author_link":"https:\/\/quehacerpolitico.mx\/?author=2"},"category_info":"<a href=\"https:\/\/quehacerpolitico.mx\/?cat=56\" rel=\"category\">Econom\u00eda<\/a>","tag_info":"Econom\u00eda","comment_count":"0","_links":{"self":[{"href":"https:\/\/quehacerpolitico.mx\/index.php?rest_route=\/wp\/v2\/posts\/100861","targetHints":{"allow":["GET"]}}],"collection":[{"href":"https:\/\/quehacerpolitico.mx\/index.php?rest_route=\/wp\/v2\/posts"}],"about":[{"href":"https:\/\/quehacerpolitico.mx\/index.php?rest_route=\/wp\/v2\/types\/post"}],"author":[{"embeddable":true,"href":"https:\/\/quehacerpolitico.mx\/index.php?rest_route=\/wp\/v2\/users\/2"}],"replies":[{"embeddable":true,"href":"https:\/\/quehacerpolitico.mx\/index.php?rest_route=%2Fwp%2Fv2%2Fcomments&post=100861"}],"version-history":[{"count":1,"href":"https:\/\/quehacerpolitico.mx\/index.php?rest_route=\/wp\/v2\/posts\/100861\/revisions"}],"predecessor-version":[{"id":100866,"href":"https:\/\/quehacerpolitico.mx\/index.php?rest_route=\/wp\/v2\/posts\/100861\/revisions\/100866"}],"wp:featuredmedia":[{"embeddable":true,"href":"https:\/\/quehacerpolitico.mx\/index.php?rest_route=\/wp\/v2\/media\/100865"}],"wp:attachment":[{"href":"https:\/\/quehacerpolitico.mx\/index.php?rest_route=%2Fwp%2Fv2%2Fmedia&parent=100861"}],"wp:term":[{"taxonomy":"category","embeddable":true,"href":"https:\/\/quehacerpolitico.mx\/index.php?rest_route=%2Fwp%2Fv2%2Fcategories&post=100861"},{"taxonomy":"post_tag","embeddable":true,"href":"https:\/\/quehacerpolitico.mx\/index.php?rest_route=%2Fwp%2Fv2%2Ftags&post=100861"}],"curies":[{"name":"wp","href":"https:\/\/api.w.org\/{rel}","templated":true}]}}