{"id":100836,"date":"2023-05-17T16:08:14","date_gmt":"2023-05-17T16:08:14","guid":{"rendered":"https:\/\/quehacerpolitico.mx\/?p=100836"},"modified":"2023-05-17T16:08:20","modified_gmt":"2023-05-17T16:08:20","slug":"se-cancela-el-gran-premio-de-emilia-romana-de-la-formula-1","status":"publish","type":"post","link":"https:\/\/quehacerpolitico.mx\/?p=100836","title":{"rendered":"Se cancela el Gran Premio de Emilia-Roma\u00f1a de la F\u00f3rmula 1"},"content":{"rendered":"\n<p>Por Redacci\u00f3n QP<\/p>\n\n\n\n<p>La F\u00f3rmula 1 decidi\u00f3 cancelar el Gran Premio de Emilia-Roma\u00f1a ante la emergencia emergencia clim\u00e1tica que se vive en la regi\u00f3n italiana<\/p>\n\n\n\n<p>El\u00a0<strong>Gran Premio de Emilia-Roma\u00f1a,<\/strong>\u00a0sexta prueba del Mundial de\u00a0<strong>F\u00f3rmula 1<\/strong>, que se deb\u00eda disputar el domingo en el circuito de\u00a0<strong>Imola<\/strong>\u00a0(Italia), ha sido\u00a0<strong>cancelado<\/strong>\u00a0ante la\u00a0<strong>emergencia clim\u00e1tica<\/strong> que vive la regi\u00f3n.<\/p>\n\n\n\n<figure class=\"wp-block-embed is-type-rich is-provider-twitter wp-block-embed-twitter\"><div class=\"wp-block-embed__wrapper\">\n<blockquote class=\"twitter-tweet\" data-width=\"550\" data-dnt=\"true\"><p lang=\"en\" dir=\"ltr\">The decision has been taken not to proceed with the Grand Prix weekend in Imola<a href=\"https:\/\/twitter.com\/hashtag\/EmiliaRomagnaGP?src=hash&amp;ref_src=twsrc%5Etfw\">#EmiliaRomagnaGP<\/a> <a href=\"https:\/\/twitter.com\/hashtag\/F1?src=hash&amp;ref_src=twsrc%5Etfw\">#F1<\/a> <a href=\"https:\/\/t.co\/4taauGnFEA\">pic.twitter.com\/4taauGnFEA<\/a><\/p>&mdash; Formula 1 (@F1) <a href=\"https:\/\/twitter.com\/F1\/status\/1658793544918679553?ref_src=twsrc%5Etfw\">May 17, 2023<\/a><\/blockquote><script async src=\"https:\/\/platform.twitter.com\/widgets.js\" charset=\"utf-8\"><\/script>\n<\/div><\/figure>\n\n\n\n<p>La decisi\u00f3n se a adoptado tras las conversaciones entre todas las partes implicadas y despu\u00e9s de que el vicepresidente del Gobierno italiano y ministro de Infraestructuras,\u00a0<strong>Matteo Salvini<\/strong>, considerara que ante la situaci\u00f3n generada era \u201coportuno aplazar el Gran Premio\u201d para centrar la atenci\u00f3n en las tareas de rescate.<\/p>\n\n\n\n<figure class=\"wp-block-embed is-type-rich is-provider-twitter wp-block-embed-twitter\"><div class=\"wp-block-embed__wrapper\">\n<blockquote class=\"twitter-tweet\" data-width=\"550\" data-dnt=\"true\"><p lang=\"it\" dir=\"ltr\">Imola, autodromo Enzo e Dino Ferrari di Imola allagato, Gran Premio Formula 1 annullato <a href=\"https:\/\/twitter.com\/hashtag\/imola?src=hash&amp;ref_src=twsrc%5Etfw\">#imola<\/a> <a href=\"https:\/\/twitter.com\/hashtag\/formula1?src=hash&amp;ref_src=twsrc%5Etfw\">#formula1<\/a> <a href=\"https:\/\/twitter.com\/hashtag\/granpremio?src=hash&amp;ref_src=twsrc%5Etfw\">#granpremio<\/a> <a href=\"https:\/\/twitter.com\/hashtag\/emiliaromagna?src=hash&amp;ref_src=twsrc%5Etfw\">#emiliaromagna<\/a> <a href=\"https:\/\/twitter.com\/hashtag\/localteam?src=hash&amp;ref_src=twsrc%5Etfw\">#localteam<\/a> <a href=\"https:\/\/t.co\/PqOoXmfBnO\">pic.twitter.com\/PqOoXmfBnO<\/a><\/p>&mdash; Local Team (@localteamit) <a href=\"https:\/\/twitter.com\/localteamit\/status\/1658830706502430721?ref_src=twsrc%5Etfw\">May 17, 2023<\/a><\/blockquote><script async src=\"https:\/\/platform.twitter.com\/widgets.js\" charset=\"utf-8\"><\/script>\n<\/div><\/figure>\n\n\n\n<p>En un comunicado emitido por la organizaci\u00f3n del Mundial, explica que tras las conversaciones mantenidas con el presidente de la FIA,\u00a0<strong>Mohamed bin Sulayem<\/strong>, las autoridades competentes, incluidos los ministros pertinentes, el Autom\u00f3vil Club italiano, responsables regionales y locales y promotores, \u201cse ha tomado la decisi\u00f3n de no continuar con el fin de semana del Gran Premio en Imola\u201d.<\/p>\n\n\n\n<p>La decisi\u00f3n se ha tomado porque no es posible celebrar el evento con seguridad para nuestros aficionados, los equipos y nuestro personal, y es lo responsable dada la situaci\u00f3n a la que se enfrentan las ciudades de la regi\u00f3n. No ser\u00eda correcto presionar a\u00fan m\u00e1s a las autoridades locales y a los servicios de emergencia en estos dif\u00edciles momentos\u201d, afirma el escrito.<\/p>\n\n\n\n<p>La organizaci\u00f3n del Mundial de F\u00f3rmula 1 env\u00eda asimismo \u201csus pensamientos a las personas y comunidades afectadas por los recientes acontecimientos en la regi\u00f3n de Emilia-Roma\u00f1a\u201d y \u201crendir homenaje a la labor de los servicios de emergencia que est\u00e1n haciendo todo lo posible para ayudar a los necesitados\u201d.<\/p>\n\n\n\n<p>Este mismo martes las\u00a0<strong>lluvias torrenciales<\/strong>\u00a0que azotan buena parte de\u00a0<strong>Italia<\/strong>\u00a0obligaron incluso a evacuar el\u00a0<strong>Aut\u00f3dromo Enzo e Dino Ferrari<\/strong>, el circuito en el que se ten\u00eda que disputar el Gran Premio.<\/p>\n\n\n\n<p>El desbordamiento del&nbsp;<strong>r\u00edo Santerno<\/strong>&nbsp;rode\u00f3 de agua las instalaciones deportivas, anegando varios tramos de carreteras cercanos a la pista, adem\u00e1s del aparcamiento y de algunas colinas con c\u00e9sped sobre las que se instalan las gradas para el p\u00fablico.<\/p>\n\n\n\n<p>El agua, en cambio, no lleg\u00f3 al circuito, aunque se evacu\u00f3 al personal que trabajaba ultimando los preparativos antes de la gran cita deportiva. Tambi\u00e9n fueron desalojados los boxes, los locales comerciales y la sala de prensa.<\/p>\n\n\n\n<p>Dediqu\u00e9monos a las tareas de socorro\u201d, afirm\u00f3 Salvini antes de la decisi\u00f3n definitiva, puesto que su objetivo era \u201cconcentrar todos los esfuerzos para hacer frente a la emergencia, evitando tambi\u00e9n sobrecargas de tr\u00e1fico en una zona muy afectada\u201d.<\/p>\n\n\n\n<p>Seg\u00fan los \u00faltimos datos, al menos cinco personas han fallecido y una est\u00e1 desaparecida tras las inundaciones que han arrasado localidades enteras de la regi\u00f3n y donde se cuentan m\u00e1s de 5.000 evacuados e importantes problemas en el servicio el\u00e9ctrico, de telefon\u00eda y en la viabilidad.<\/p>\n\n\n\n<p>El ministro de la Protecci\u00f3n Civil italiana,&nbsp;<strong>Nello Musumeci<\/strong>, dio en una rueda de prensa un primer balance de la situaci\u00f3n en la zona, que defini\u00f3 como \u201ccr\u00edtica\u201d, pero que podr\u00e1 mejorar en la tarde de hoy con el cese de las lluvias.<\/p>\n\n\n\n<p>En total han sido\u00a0<strong>24 las localidades inundadas de la regi\u00f3n<\/strong>, sobre todo en las provincias de Forli, Cesena y Ravena, debido a que \u201ctodos los r\u00edos de Emilia Roma\u00f1a han registrados desbordamientos\u201d.<\/p>\n\n\n\n<figure class=\"wp-block-embed is-type-rich is-provider-twitter wp-block-embed-twitter\"><div class=\"wp-block-embed__wrapper\">\n<blockquote class=\"twitter-tweet\" data-width=\"550\" data-dnt=\"true\"><p lang=\"es\" dir=\"ltr\">Buenos d\u00edas.  Me llegan estas im\u00e1genes de Imola. El paddock y boxes de F1 est\u00e1n ok. Las zonas m\u00e1s bajas como F2 est\u00e1n con mucha agua. Hoy se ha prohibido al personal ir al circuito hasta que sean avisados. <a href=\"https:\/\/twitter.com\/hashtag\/f1?src=hash&amp;ref_src=twsrc%5Etfw\">#f1<\/a> <a href=\"https:\/\/twitter.com\/hashtag\/EmiliaRomagnaGP?src=hash&amp;ref_src=twsrc%5Etfw\">#EmiliaRomagnaGP<\/a> <a href=\"https:\/\/t.co\/jzDnRqP54p\">pic.twitter.com\/jzDnRqP54p<\/a><\/p>&mdash; Albert Fabrega (@AlbertFabrega) <a href=\"https:\/\/twitter.com\/AlbertFabrega\/status\/1658703573549744128?ref_src=twsrc%5Etfw\">May 17, 2023<\/a><\/blockquote><script async src=\"https:\/\/platform.twitter.com\/widgets.js\" charset=\"utf-8\"><\/script>\n<\/div><\/figure>\n\n\n\n<p><strong>Stefano Domenicali<\/strong>, presidente y director general de la F\u00f3rmula 1, asegur\u00f3 que \u201ces una tragedia ver lo que le ha ocurrido a Imola y Emilia Romagna, la ciudad y la regi\u00f3n\u201d en la que creci\u00f3.<\/p>\n\n\n\n<p>\u201cMis pensamientos y oraciones est\u00e1n con las v\u00edctimas de las inundaciones y con las familias y comunidades afectadas. Quiero expresar mi gratitud y admiraci\u00f3n por los incre\u00edbles servicios de emergencia que est\u00e1n trabajando incansablemente para ayudar a quienes lo necesitan y aliviar la situaci\u00f3n: son h\u00e9roes y toda Italia est\u00e1 orgullosa de ellos\u201d, afirm\u00f3<\/p>\n\n\n\n<p>\u201cLa decisi\u00f3n que se ha tomado es la correcta para todos en las comunidades locales y la familia de la F1, ya que tenemos que garantizar la seguridad y no crear una carga adicional para las autoridades mientras se ocupan de esta terrible situaci\u00f3n\u201d, apunt\u00f3 Domenicali.<\/p>\n\n\n\n<p>Mientras tanto, Ben Sulayem tambi\u00e9n asegur\u00f3 que sus pensamientos y los de la familia de la FIA est\u00e1n con los afectados y que \u201cla seguridad de todos los implicados y los esfuerzos de recuperaci\u00f3n son la m\u00e1xima prioridad en estos momentos\u201d.<\/p>\n\n\n\n<p>Con informaci\u00f3n de EFE<\/p>\n","protected":false},"excerpt":{"rendered":"<p>Por Redacci\u00f3n QP La F\u00f3rmula 1 decidi\u00f3 cancelar el Gran Premio de Emilia-Roma\u00f1a ante la&#8230;<\/p>\n","protected":false},"author":2,"featured_media":100837,"comment_status":"open","ping_status":"open","sticky":false,"template":"","format":"standard","meta":{"_monsterinsights_skip_tracking":false,"_monsterinsights_sitenote_active":false,"_monsterinsights_sitenote_note":"","_monsterinsights_sitenote_category":0,"footnotes":""},"categories":[54],"tags":[],"class_list":["post-100836","post","type-post","status-publish","format-standard","has-post-thumbnail","hentry","category-deportes"],"yoast_head":"<!-- This site is optimized with the Yoast SEO plugin v27.3 - https:\/\/yoast.com\/product\/yoast-seo-wordpress\/ -->\n<title>Se cancela el Gran Premio de Emilia-Roma\u00f1a de la F\u00f3rmula 1 -<\/title>\n<meta name=\"robots\" content=\"index, follow, max-snippet:-1, max-image-preview:large, max-video-preview:-1\" \/>\n<link rel=\"canonical\" href=\"https:\/\/quehacerpolitico.mx\/?p=100836\" \/>\n<meta property=\"og:locale\" content=\"es_MX\" \/>\n<meta property=\"og:type\" content=\"article\" \/>\n<meta property=\"og:title\" content=\"Se cancela el Gran Premio de Emilia-Roma\u00f1a de la F\u00f3rmula 1 -\" \/>\n<meta property=\"og:description\" content=\"Por Redacci\u00f3n QP La F\u00f3rmula 1 decidi\u00f3 cancelar el Gran Premio de Emilia-Roma\u00f1a ante la...\" \/>\n<meta property=\"og:url\" content=\"https:\/\/quehacerpolitico.mx\/?p=100836\" \/>\n<meta property=\"article:published_time\" content=\"2023-05-17T16:08:14+00:00\" \/>\n<meta property=\"article:modified_time\" content=\"2023-05-17T16:08:20+00:00\" \/>\n<meta property=\"og:image\" content=\"https:\/\/quehacerpolitico.mx\/wp-content\/uploads\/2023\/05\/IMG_7740.jpeg\" \/>\n\t<meta property=\"og:image:width\" content=\"887\" \/>\n\t<meta property=\"og:image:height\" content=\"458\" \/>\n\t<meta property=\"og:image:type\" content=\"image\/jpeg\" \/>\n<meta name=\"author\" content=\"Redacci\u00f3n QP\" \/>\n<meta name=\"twitter:card\" content=\"summary_large_image\" \/>\n<meta name=\"twitter:label1\" content=\"Escrito por\" \/>\n\t<meta name=\"twitter:data1\" content=\"Redacci\u00f3n QP\" \/>\n\t<meta name=\"twitter:label2\" content=\"Tiempo de lectura\" \/>\n\t<meta name=\"twitter:data2\" content=\"4 minutos\" \/>\n<script type=\"application\/ld+json\" class=\"yoast-schema-graph\">{\"@context\":\"https:\\\/\\\/schema.org\",\"@graph\":[{\"@type\":\"Article\",\"@id\":\"https:\\\/\\\/quehacerpolitico.mx\\\/?p=100836#article\",\"isPartOf\":{\"@id\":\"https:\\\/\\\/quehacerpolitico.mx\\\/?p=100836\"},\"author\":{\"name\":\"Redacci\u00f3n QP\",\"@id\":\"https:\\\/\\\/quehacerpolitico.mx\\\/#\\\/schema\\\/person\\\/496d8ad2d1d3f8036101dca7ee39e585\"},\"headline\":\"Se cancela el Gran Premio de Emilia-Roma\u00f1a de la F\u00f3rmula 1\",\"datePublished\":\"2023-05-17T16:08:14+00:00\",\"dateModified\":\"2023-05-17T16:08:20+00:00\",\"mainEntityOfPage\":{\"@id\":\"https:\\\/\\\/quehacerpolitico.mx\\\/?p=100836\"},\"wordCount\":838,\"commentCount\":0,\"image\":{\"@id\":\"https:\\\/\\\/quehacerpolitico.mx\\\/?p=100836#primaryimage\"},\"thumbnailUrl\":\"https:\\\/\\\/quehacerpolitico.mx\\\/wp-content\\\/uploads\\\/2023\\\/05\\\/IMG_7740.jpeg\",\"articleSection\":[\"Deportes\"],\"inLanguage\":\"es\",\"potentialAction\":[{\"@type\":\"CommentAction\",\"name\":\"Comment\",\"target\":[\"https:\\\/\\\/quehacerpolitico.mx\\\/?p=100836#respond\"]}]},{\"@type\":\"WebPage\",\"@id\":\"https:\\\/\\\/quehacerpolitico.mx\\\/?p=100836\",\"url\":\"https:\\\/\\\/quehacerpolitico.mx\\\/?p=100836\",\"name\":\"Se cancela el Gran Premio de Emilia-Roma\u00f1a de la F\u00f3rmula 1 -\",\"isPartOf\":{\"@id\":\"https:\\\/\\\/quehacerpolitico.mx\\\/#website\"},\"primaryImageOfPage\":{\"@id\":\"https:\\\/\\\/quehacerpolitico.mx\\\/?p=100836#primaryimage\"},\"image\":{\"@id\":\"https:\\\/\\\/quehacerpolitico.mx\\\/?p=100836#primaryimage\"},\"thumbnailUrl\":\"https:\\\/\\\/quehacerpolitico.mx\\\/wp-content\\\/uploads\\\/2023\\\/05\\\/IMG_7740.jpeg\",\"datePublished\":\"2023-05-17T16:08:14+00:00\",\"dateModified\":\"2023-05-17T16:08:20+00:00\",\"author\":{\"@id\":\"https:\\\/\\\/quehacerpolitico.mx\\\/#\\\/schema\\\/person\\\/496d8ad2d1d3f8036101dca7ee39e585\"},\"breadcrumb\":{\"@id\":\"https:\\\/\\\/quehacerpolitico.mx\\\/?p=100836#breadcrumb\"},\"inLanguage\":\"es\",\"potentialAction\":[{\"@type\":\"ReadAction\",\"target\":[\"https:\\\/\\\/quehacerpolitico.mx\\\/?p=100836\"]}]},{\"@type\":\"ImageObject\",\"inLanguage\":\"es\",\"@id\":\"https:\\\/\\\/quehacerpolitico.mx\\\/?p=100836#primaryimage\",\"url\":\"https:\\\/\\\/quehacerpolitico.mx\\\/wp-content\\\/uploads\\\/2023\\\/05\\\/IMG_7740.jpeg\",\"contentUrl\":\"https:\\\/\\\/quehacerpolitico.mx\\\/wp-content\\\/uploads\\\/2023\\\/05\\\/IMG_7740.jpeg\",\"width\":887,\"height\":458},{\"@type\":\"BreadcrumbList\",\"@id\":\"https:\\\/\\\/quehacerpolitico.mx\\\/?p=100836#breadcrumb\",\"itemListElement\":[{\"@type\":\"ListItem\",\"position\":1,\"name\":\"Inicio\",\"item\":\"https:\\\/\\\/quehacerpolitico.mx\\\/\"},{\"@type\":\"ListItem\",\"position\":2,\"name\":\"Se cancela el Gran Premio de Emilia-Roma\u00f1a de la F\u00f3rmula 1\"}]},{\"@type\":\"WebSite\",\"@id\":\"https:\\\/\\\/quehacerpolitico.mx\\\/#website\",\"url\":\"https:\\\/\\\/quehacerpolitico.mx\\\/\",\"name\":\"\",\"description\":\"\",\"potentialAction\":[{\"@type\":\"SearchAction\",\"target\":{\"@type\":\"EntryPoint\",\"urlTemplate\":\"https:\\\/\\\/quehacerpolitico.mx\\\/?s={search_term_string}\"},\"query-input\":{\"@type\":\"PropertyValueSpecification\",\"valueRequired\":true,\"valueName\":\"search_term_string\"}}],\"inLanguage\":\"es\"},{\"@type\":\"Person\",\"@id\":\"https:\\\/\\\/quehacerpolitico.mx\\\/#\\\/schema\\\/person\\\/496d8ad2d1d3f8036101dca7ee39e585\",\"name\":\"Redacci\u00f3n QP\",\"image\":{\"@type\":\"ImageObject\",\"inLanguage\":\"es\",\"@id\":\"https:\\\/\\\/secure.gravatar.com\\\/avatar\\\/c7164ed6fdec453195284ad24a5ae5b6e1eed2b848477fa2a4787ba9adf39a41?s=96&d=mm&r=g\",\"url\":\"https:\\\/\\\/secure.gravatar.com\\\/avatar\\\/c7164ed6fdec453195284ad24a5ae5b6e1eed2b848477fa2a4787ba9adf39a41?s=96&d=mm&r=g\",\"contentUrl\":\"https:\\\/\\\/secure.gravatar.com\\\/avatar\\\/c7164ed6fdec453195284ad24a5ae5b6e1eed2b848477fa2a4787ba9adf39a41?s=96&d=mm&r=g\",\"caption\":\"Redacci\u00f3n QP\"},\"url\":\"https:\\\/\\\/quehacerpolitico.mx\\\/?author=2\"}]}<\/script>\n<!-- \/ Yoast SEO plugin. -->","yoast_head_json":{"title":"Se cancela el Gran Premio de Emilia-Roma\u00f1a de la F\u00f3rmula 1 -","robots":{"index":"index","follow":"follow","max-snippet":"max-snippet:-1","max-image-preview":"max-image-preview:large","max-video-preview":"max-video-preview:-1"},"canonical":"https:\/\/quehacerpolitico.mx\/?p=100836","og_locale":"es_MX","og_type":"article","og_title":"Se cancela el Gran Premio de Emilia-Roma\u00f1a de la F\u00f3rmula 1 -","og_description":"Por Redacci\u00f3n QP La F\u00f3rmula 1 decidi\u00f3 cancelar el Gran Premio de Emilia-Roma\u00f1a ante la...","og_url":"https:\/\/quehacerpolitico.mx\/?p=100836","article_published_time":"2023-05-17T16:08:14+00:00","article_modified_time":"2023-05-17T16:08:20+00:00","og_image":[{"width":887,"height":458,"url":"https:\/\/quehacerpolitico.mx\/wp-content\/uploads\/2023\/05\/IMG_7740.jpeg","type":"image\/jpeg"}],"author":"Redacci\u00f3n QP","twitter_card":"summary_large_image","twitter_misc":{"Escrito por":"Redacci\u00f3n QP","Tiempo de lectura":"4 minutos"},"schema":{"@context":"https:\/\/schema.org","@graph":[{"@type":"Article","@id":"https:\/\/quehacerpolitico.mx\/?p=100836#article","isPartOf":{"@id":"https:\/\/quehacerpolitico.mx\/?p=100836"},"author":{"name":"Redacci\u00f3n QP","@id":"https:\/\/quehacerpolitico.mx\/#\/schema\/person\/496d8ad2d1d3f8036101dca7ee39e585"},"headline":"Se cancela el Gran Premio de Emilia-Roma\u00f1a de la F\u00f3rmula 1","datePublished":"2023-05-17T16:08:14+00:00","dateModified":"2023-05-17T16:08:20+00:00","mainEntityOfPage":{"@id":"https:\/\/quehacerpolitico.mx\/?p=100836"},"wordCount":838,"commentCount":0,"image":{"@id":"https:\/\/quehacerpolitico.mx\/?p=100836#primaryimage"},"thumbnailUrl":"https:\/\/quehacerpolitico.mx\/wp-content\/uploads\/2023\/05\/IMG_7740.jpeg","articleSection":["Deportes"],"inLanguage":"es","potentialAction":[{"@type":"CommentAction","name":"Comment","target":["https:\/\/quehacerpolitico.mx\/?p=100836#respond"]}]},{"@type":"WebPage","@id":"https:\/\/quehacerpolitico.mx\/?p=100836","url":"https:\/\/quehacerpolitico.mx\/?p=100836","name":"Se cancela el Gran Premio de Emilia-Roma\u00f1a de la F\u00f3rmula 1 -","isPartOf":{"@id":"https:\/\/quehacerpolitico.mx\/#website"},"primaryImageOfPage":{"@id":"https:\/\/quehacerpolitico.mx\/?p=100836#primaryimage"},"image":{"@id":"https:\/\/quehacerpolitico.mx\/?p=100836#primaryimage"},"thumbnailUrl":"https:\/\/quehacerpolitico.mx\/wp-content\/uploads\/2023\/05\/IMG_7740.jpeg","datePublished":"2023-05-17T16:08:14+00:00","dateModified":"2023-05-17T16:08:20+00:00","author":{"@id":"https:\/\/quehacerpolitico.mx\/#\/schema\/person\/496d8ad2d1d3f8036101dca7ee39e585"},"breadcrumb":{"@id":"https:\/\/quehacerpolitico.mx\/?p=100836#breadcrumb"},"inLanguage":"es","potentialAction":[{"@type":"ReadAction","target":["https:\/\/quehacerpolitico.mx\/?p=100836"]}]},{"@type":"ImageObject","inLanguage":"es","@id":"https:\/\/quehacerpolitico.mx\/?p=100836#primaryimage","url":"https:\/\/quehacerpolitico.mx\/wp-content\/uploads\/2023\/05\/IMG_7740.jpeg","contentUrl":"https:\/\/quehacerpolitico.mx\/wp-content\/uploads\/2023\/05\/IMG_7740.jpeg","width":887,"height":458},{"@type":"BreadcrumbList","@id":"https:\/\/quehacerpolitico.mx\/?p=100836#breadcrumb","itemListElement":[{"@type":"ListItem","position":1,"name":"Inicio","item":"https:\/\/quehacerpolitico.mx\/"},{"@type":"ListItem","position":2,"name":"Se cancela el Gran Premio de Emilia-Roma\u00f1a de la F\u00f3rmula 1"}]},{"@type":"WebSite","@id":"https:\/\/quehacerpolitico.mx\/#website","url":"https:\/\/quehacerpolitico.mx\/","name":"","description":"","potentialAction":[{"@type":"SearchAction","target":{"@type":"EntryPoint","urlTemplate":"https:\/\/quehacerpolitico.mx\/?s={search_term_string}"},"query-input":{"@type":"PropertyValueSpecification","valueRequired":true,"valueName":"search_term_string"}}],"inLanguage":"es"},{"@type":"Person","@id":"https:\/\/quehacerpolitico.mx\/#\/schema\/person\/496d8ad2d1d3f8036101dca7ee39e585","name":"Redacci\u00f3n QP","image":{"@type":"ImageObject","inLanguage":"es","@id":"https:\/\/secure.gravatar.com\/avatar\/c7164ed6fdec453195284ad24a5ae5b6e1eed2b848477fa2a4787ba9adf39a41?s=96&d=mm&r=g","url":"https:\/\/secure.gravatar.com\/avatar\/c7164ed6fdec453195284ad24a5ae5b6e1eed2b848477fa2a4787ba9adf39a41?s=96&d=mm&r=g","contentUrl":"https:\/\/secure.gravatar.com\/avatar\/c7164ed6fdec453195284ad24a5ae5b6e1eed2b848477fa2a4787ba9adf39a41?s=96&d=mm&r=g","caption":"Redacci\u00f3n QP"},"url":"https:\/\/quehacerpolitico.mx\/?author=2"}]}},"featured_image_urls":{"full":["https:\/\/quehacerpolitico.mx\/wp-content\/uploads\/2023\/05\/IMG_7740.jpeg",887,458,false],"thumbnail":["https:\/\/quehacerpolitico.mx\/wp-content\/uploads\/2023\/05\/IMG_7740-150x150.jpeg",150,150,true],"medium":["https:\/\/quehacerpolitico.mx\/wp-content\/uploads\/2023\/05\/IMG_7740-300x155.jpeg",300,155,true],"medium_large":["https:\/\/quehacerpolitico.mx\/wp-content\/uploads\/2023\/05\/IMG_7740-768x397.jpeg",640,331,true],"large":["https:\/\/quehacerpolitico.mx\/wp-content\/uploads\/2023\/05\/IMG_7740.jpeg",640,330,false],"1536x1536":["https:\/\/quehacerpolitico.mx\/wp-content\/uploads\/2023\/05\/IMG_7740.jpeg",887,458,false],"2048x2048":["https:\/\/quehacerpolitico.mx\/wp-content\/uploads\/2023\/05\/IMG_7740.jpeg",887,458,false],"covernews-featured":["https:\/\/quehacerpolitico.mx\/wp-content\/uploads\/2023\/05\/IMG_7740.jpeg",887,458,false],"covernews-medium":["https:\/\/quehacerpolitico.mx\/wp-content\/uploads\/2023\/05\/IMG_7740.jpeg",540,279,false]},"author_info":{"display_name":"Redacci\u00f3n QP","author_link":"https:\/\/quehacerpolitico.mx\/?author=2"},"category_info":"<a href=\"https:\/\/quehacerpolitico.mx\/?cat=54\" rel=\"category\">Deportes<\/a>","tag_info":"Deportes","comment_count":"0","_links":{"self":[{"href":"https:\/\/quehacerpolitico.mx\/index.php?rest_route=\/wp\/v2\/posts\/100836","targetHints":{"allow":["GET"]}}],"collection":[{"href":"https:\/\/quehacerpolitico.mx\/index.php?rest_route=\/wp\/v2\/posts"}],"about":[{"href":"https:\/\/quehacerpolitico.mx\/index.php?rest_route=\/wp\/v2\/types\/post"}],"author":[{"embeddable":true,"href":"https:\/\/quehacerpolitico.mx\/index.php?rest_route=\/wp\/v2\/users\/2"}],"replies":[{"embeddable":true,"href":"https:\/\/quehacerpolitico.mx\/index.php?rest_route=%2Fwp%2Fv2%2Fcomments&post=100836"}],"version-history":[{"count":1,"href":"https:\/\/quehacerpolitico.mx\/index.php?rest_route=\/wp\/v2\/posts\/100836\/revisions"}],"predecessor-version":[{"id":100838,"href":"https:\/\/quehacerpolitico.mx\/index.php?rest_route=\/wp\/v2\/posts\/100836\/revisions\/100838"}],"wp:featuredmedia":[{"embeddable":true,"href":"https:\/\/quehacerpolitico.mx\/index.php?rest_route=\/wp\/v2\/media\/100837"}],"wp:attachment":[{"href":"https:\/\/quehacerpolitico.mx\/index.php?rest_route=%2Fwp%2Fv2%2Fmedia&parent=100836"}],"wp:term":[{"taxonomy":"category","embeddable":true,"href":"https:\/\/quehacerpolitico.mx\/index.php?rest_route=%2Fwp%2Fv2%2Fcategories&post=100836"},{"taxonomy":"post_tag","embeddable":true,"href":"https:\/\/quehacerpolitico.mx\/index.php?rest_route=%2Fwp%2Fv2%2Ftags&post=100836"}],"curies":[{"name":"wp","href":"https:\/\/api.w.org\/{rel}","templated":true}]}}