{"id":100829,"date":"2023-05-17T14:45:51","date_gmt":"2023-05-17T14:45:51","guid":{"rendered":"https:\/\/quehacerpolitico.mx\/?p=100829"},"modified":"2023-05-17T14:45:54","modified_gmt":"2023-05-17T14:45:54","slug":"internacionales-carolina-alonso-romei-guillermo-lasso-disuelve-la-asamblea-nacional-y-pone-fin-a-juicio-politico","status":"publish","type":"post","link":"https:\/\/quehacerpolitico.mx\/?p=100829","title":{"rendered":"Internacionales\/\/\/Carolina Alonso Romei\/\/\/Guillermo Lasso disuelve la Asamblea Nacional y pone fin a juicio pol\u00edtico"},"content":{"rendered":"\n<p>Por Carolina Alonso Romei<\/p>\n\n\n\n<p>Internacionalista <\/p>\n\n\n\n<p>Con la disoluci\u00f3n del Parlamento, Lasso podr\u00e1 gobernar hasta por seis meses por decreto con el control de la Corte Constitucional<\/p>\n\n\n\n<p>El presidente ecuatoriano Guillermo Lasso\u00a0<strong>disolvi\u00f3 el mi\u00e9rcoles la Asamblea Nacional y puso fin as\u00ed al juicio pol\u00edtico que estaba en marcha con la intenci\u00f3n de destituirlo.<\/strong><\/p>\n\n\n\n<figure class=\"wp-block-image size-large\"><img loading=\"lazy\" decoding=\"async\" width=\"819\" height=\"1024\" src=\"https:\/\/quehacerpolitico.mx\/wp-content\/uploads\/2023\/05\/image-47-819x1024.jpeg\" alt=\"\" class=\"wp-image-100830\" srcset=\"https:\/\/quehacerpolitico.mx\/wp-content\/uploads\/2023\/05\/image-47-819x1024.jpeg 819w, https:\/\/quehacerpolitico.mx\/wp-content\/uploads\/2023\/05\/image-47-240x300.jpeg 240w, https:\/\/quehacerpolitico.mx\/wp-content\/uploads\/2023\/05\/image-47-768x960.jpeg 768w, https:\/\/quehacerpolitico.mx\/wp-content\/uploads\/2023\/05\/image-47-1229x1536.jpeg 1229w, https:\/\/quehacerpolitico.mx\/wp-content\/uploads\/2023\/05\/image-47-117x146.jpeg 117w, https:\/\/quehacerpolitico.mx\/wp-content\/uploads\/2023\/05\/image-47-40x50.jpeg 40w, https:\/\/quehacerpolitico.mx\/wp-content\/uploads\/2023\/05\/image-47-60x75.jpeg 60w, https:\/\/quehacerpolitico.mx\/wp-content\/uploads\/2023\/05\/image-47.jpeg 1280w\" sizes=\"auto, (max-width: 819px) 100vw, 819px\" \/><\/figure>\n\n\n\n<p><strong>Con la disoluci\u00f3n del Parlamento, Lasso podr\u00e1 gobernar hasta por seis meses<\/strong>&nbsp;por decreto con el control de la Corte Constitucional.<\/p>\n\n\n\n<p>En una cadena de radio y televisi\u00f3n Lasso asegur\u00f3 que<strong>\u00a0&#8220;todos los esfuerzos del Poder Legislativo est\u00e1n enfocados en desestabilizar al gobierno&#8221;.<\/strong><\/p>\n\n\n\n<figure class=\"wp-block-embed is-type-rich is-provider-twitter wp-block-embed-twitter\"><div class=\"wp-block-embed__wrapper\">\n<blockquote class=\"twitter-tweet\" data-width=\"550\" data-dnt=\"true\"><p lang=\"es\" dir=\"ltr\">Mensaje a la ciudadan\u00eda por parte del Presidente de la Rep\u00fablica, Guillermo Lasso.  <a href=\"https:\/\/t.co\/ERst5lBdGe\">https:\/\/t.co\/ERst5lBdGe<\/a><\/p>&mdash; Presidencia Ecuador \ud83c\uddea\ud83c\udde8 (@Presidencia_Ec) <a href=\"https:\/\/twitter.com\/Presidencia_Ec\/status\/1658804683203289090?ref_src=twsrc%5Etfw\">May 17, 2023<\/a><\/blockquote><script async src=\"https:\/\/platform.twitter.com\/widgets.js\" charset=\"utf-8\"><\/script>\n<\/div><\/figure>\n\n\n\n<p>Argument\u00f3 que &#8220;esta es una decisi\u00f3n democr\u00e1tica no s\u00f3lo porque es constitucional sino porque le devuelve al pueblo ecuatoriano el poder de decidir su futuro en las pr\u00f3ximas elecciones&#8221; y consider\u00f3 que &#8220;\u00e9sta es la mejor decisi\u00f3n posible que nos abre el camino para recuperar la esperanza, la tranquilidad&#8221;. A\u00f1adi\u00f3 que &#8220;este es un nuevo momento para el optimismo&#8221;.<\/p>\n\n\n\n<figure class=\"wp-block-embed is-type-rich is-provider-twitter wp-block-embed-twitter\"><div class=\"wp-block-embed__wrapper\">\n<blockquote class=\"twitter-tweet\" data-width=\"550\" data-dnt=\"true\"><p lang=\"es\" dir=\"ltr\">He firmado el Decreto Ejecutivo 741, con el objetivo de disolver la Asamblea Nacional y solicitar al CNE se convoque a elecciones. <br><br>Ecuatorianas y ecuatorianos: esta es la mejor decisi\u00f3n para darle una salida constitucional a la crisis pol\u00edtica y <br>conmoci\u00f3n interna que soporta\u2026<\/p>&mdash; Guillermo Lasso (@LassoGuillermo) <a href=\"https:\/\/twitter.com\/LassoGuillermo\/status\/1658805860410245120?ref_src=twsrc%5Etfw\">May 17, 2023<\/a><\/blockquote><script async src=\"https:\/\/platform.twitter.com\/widgets.js\" charset=\"utf-8\"><\/script>\n<\/div><\/figure>\n\n\n\n<p><strong>Lasso deber\u00e1 convocar elecciones presidenciales y legislativas.\u00a0<\/strong>Los ganadores de estos comicios completar\u00e1n el actual periodo presidencial y legislativo que termina en mayo de 2025.<\/p>\n\n\n\n<p>En una conferencia de prensa posterior, el jefe del Comando Conjunto de las Fuerzas Armadas, general Nelson Proa\u00f1o, expres\u00f3 su apoyo al orden constituido en una aparente aprobaci\u00f3n a la decisi\u00f3n del mandatario.<\/p>\n\n\n\n<p>A su vez convoc\u00f3 a los ecuatorianos a mantener un clima de respeto a la ley y advirti\u00f3 que no se permitir\u00e1 la ruptura del orden constitucional a trav\u00e9s de la violencia y que, en ese caso, las Fuerzas Armadas y la polic\u00eda &#8220;actuaremos con firmeza&#8221; para proteger la vida, los derechos y garant\u00edas.<\/p>\n\n\n\n<figure class=\"wp-block-embed is-type-rich is-provider-twitter wp-block-embed-twitter\"><div class=\"wp-block-embed__wrapper\">\n<blockquote class=\"twitter-tweet\" data-width=\"550\" data-dnt=\"true\"><p lang=\"es\" dir=\"ltr\">Mensaje de las Fuerzas Armadas y la Polic\u00eda Nacional a los ecuatorianos.<a href=\"https:\/\/twitter.com\/hashtag\/ElPuebloDecide?src=hash&amp;ref_src=twsrc%5Etfw\">#ElPuebloDecide<\/a> <a href=\"https:\/\/t.co\/IydBd1KO1z\">https:\/\/t.co\/IydBd1KO1z<\/a><\/p>&mdash; Presidencia Ecuador \ud83c\uddea\ud83c\udde8 (@Presidencia_Ec) <a href=\"https:\/\/twitter.com\/Presidencia_Ec\/status\/1658818272303755265?ref_src=twsrc%5Etfw\">May 17, 2023<\/a><\/blockquote><script async src=\"https:\/\/platform.twitter.com\/widgets.js\" charset=\"utf-8\"><\/script>\n<\/div><\/figure>\n\n\n\n<p><strong>La decisi\u00f3n de Lasso se sustenta en el art\u00edculo 148 de la constituci\u00f3n q<\/strong>ue confiere al presidente la potestad de disolver el Legislativo por una sola vez, dentro de los tres primeros a\u00f1os de su mandato, por tres causales: cuando la Asamblea se hubiere arrogado funciones que no le corresponden, por obstrucci\u00f3n al plan nacional de desarrollo o por grave crisis pol\u00edtica y conmoci\u00f3n interna.<\/p>\n\n\n\n<p>La disoluci\u00f3n se produjo en momentos en que la Asamblea, dominada por una coalici\u00f3n integrada por el partido Uni\u00f3n por la Esperanza (UNES) del expresidente Rafael Correa (2007-2017), el Partido Social Cristiano y el de los ind\u00edgenas Pachakutik llevaban adelante un juicio pol\u00edtico a Lasso por supuesta malversaci\u00f3n de fondos.<\/p>\n\n\n\n<p>Con informaci\u00f3n de AP<\/p>\n","protected":false},"excerpt":{"rendered":"<p>Por Carolina Alonso Romei Internacionalista Con la disoluci\u00f3n del Parlamento, Lasso podr\u00e1 gobernar hasta por&#8230;<\/p>\n","protected":false},"author":2,"featured_media":100831,"comment_status":"open","ping_status":"open","sticky":false,"template":"","format":"standard","meta":{"_monsterinsights_skip_tracking":false,"_monsterinsights_sitenote_active":false,"_monsterinsights_sitenote_note":"","_monsterinsights_sitenote_category":0,"footnotes":""},"categories":[1],"tags":[],"class_list":["post-100829","post","type-post","status-publish","format-standard","has-post-thumbnail","hentry","category-sin-categoria"],"yoast_head":"<!-- This site is optimized with the Yoast SEO plugin v27.3 - https:\/\/yoast.com\/product\/yoast-seo-wordpress\/ -->\n<title>Internacionales\/\/\/Carolina Alonso Romei\/\/\/Guillermo Lasso disuelve la Asamblea Nacional y pone fin a juicio pol\u00edtico -<\/title>\n<meta name=\"robots\" content=\"index, follow, max-snippet:-1, max-image-preview:large, max-video-preview:-1\" \/>\n<link rel=\"canonical\" href=\"https:\/\/quehacerpolitico.mx\/?p=100829\" \/>\n<meta property=\"og:locale\" content=\"es_MX\" \/>\n<meta property=\"og:type\" content=\"article\" \/>\n<meta property=\"og:title\" content=\"Internacionales\/\/\/Carolina Alonso Romei\/\/\/Guillermo Lasso disuelve la Asamblea Nacional y pone fin a juicio pol\u00edtico -\" \/>\n<meta property=\"og:description\" content=\"Por Carolina Alonso Romei Internacionalista Con la disoluci\u00f3n del Parlamento, Lasso podr\u00e1 gobernar hasta por...\" \/>\n<meta property=\"og:url\" content=\"https:\/\/quehacerpolitico.mx\/?p=100829\" \/>\n<meta property=\"article:published_time\" content=\"2023-05-17T14:45:51+00:00\" \/>\n<meta property=\"article:modified_time\" content=\"2023-05-17T14:45:54+00:00\" \/>\n<meta property=\"og:image\" content=\"https:\/\/quehacerpolitico.mx\/wp-content\/uploads\/2023\/05\/IMG_7738.jpeg\" \/>\n\t<meta property=\"og:image:width\" content=\"739\" \/>\n\t<meta property=\"og:image:height\" content=\"415\" \/>\n\t<meta property=\"og:image:type\" content=\"image\/jpeg\" \/>\n<meta name=\"author\" content=\"Redacci\u00f3n QP\" \/>\n<meta name=\"twitter:card\" content=\"summary_large_image\" \/>\n<meta name=\"twitter:label1\" content=\"Escrito por\" \/>\n\t<meta name=\"twitter:data1\" content=\"Redacci\u00f3n QP\" \/>\n\t<meta name=\"twitter:label2\" content=\"Tiempo de lectura\" \/>\n\t<meta name=\"twitter:data2\" content=\"2 minutos\" \/>\n<script type=\"application\/ld+json\" class=\"yoast-schema-graph\">{\"@context\":\"https:\\\/\\\/schema.org\",\"@graph\":[{\"@type\":\"Article\",\"@id\":\"https:\\\/\\\/quehacerpolitico.mx\\\/?p=100829#article\",\"isPartOf\":{\"@id\":\"https:\\\/\\\/quehacerpolitico.mx\\\/?p=100829\"},\"author\":{\"name\":\"Redacci\u00f3n QP\",\"@id\":\"https:\\\/\\\/quehacerpolitico.mx\\\/#\\\/schema\\\/person\\\/496d8ad2d1d3f8036101dca7ee39e585\"},\"headline\":\"Internacionales\\\/\\\/\\\/Carolina Alonso Romei\\\/\\\/\\\/Guillermo Lasso disuelve la Asamblea Nacional y pone fin a juicio pol\u00edtico\",\"datePublished\":\"2023-05-17T14:45:51+00:00\",\"dateModified\":\"2023-05-17T14:45:54+00:00\",\"mainEntityOfPage\":{\"@id\":\"https:\\\/\\\/quehacerpolitico.mx\\\/?p=100829\"},\"wordCount\":471,\"commentCount\":0,\"image\":{\"@id\":\"https:\\\/\\\/quehacerpolitico.mx\\\/?p=100829#primaryimage\"},\"thumbnailUrl\":\"https:\\\/\\\/quehacerpolitico.mx\\\/wp-content\\\/uploads\\\/2023\\\/05\\\/IMG_7738.jpeg\",\"articleSection\":[\"Internacionales\"],\"inLanguage\":\"es\",\"potentialAction\":[{\"@type\":\"CommentAction\",\"name\":\"Comment\",\"target\":[\"https:\\\/\\\/quehacerpolitico.mx\\\/?p=100829#respond\"]}]},{\"@type\":\"WebPage\",\"@id\":\"https:\\\/\\\/quehacerpolitico.mx\\\/?p=100829\",\"url\":\"https:\\\/\\\/quehacerpolitico.mx\\\/?p=100829\",\"name\":\"Internacionales\\\/\\\/\\\/Carolina Alonso Romei\\\/\\\/\\\/Guillermo Lasso disuelve la Asamblea Nacional y pone fin a juicio pol\u00edtico -\",\"isPartOf\":{\"@id\":\"https:\\\/\\\/quehacerpolitico.mx\\\/#website\"},\"primaryImageOfPage\":{\"@id\":\"https:\\\/\\\/quehacerpolitico.mx\\\/?p=100829#primaryimage\"},\"image\":{\"@id\":\"https:\\\/\\\/quehacerpolitico.mx\\\/?p=100829#primaryimage\"},\"thumbnailUrl\":\"https:\\\/\\\/quehacerpolitico.mx\\\/wp-content\\\/uploads\\\/2023\\\/05\\\/IMG_7738.jpeg\",\"datePublished\":\"2023-05-17T14:45:51+00:00\",\"dateModified\":\"2023-05-17T14:45:54+00:00\",\"author\":{\"@id\":\"https:\\\/\\\/quehacerpolitico.mx\\\/#\\\/schema\\\/person\\\/496d8ad2d1d3f8036101dca7ee39e585\"},\"breadcrumb\":{\"@id\":\"https:\\\/\\\/quehacerpolitico.mx\\\/?p=100829#breadcrumb\"},\"inLanguage\":\"es\",\"potentialAction\":[{\"@type\":\"ReadAction\",\"target\":[\"https:\\\/\\\/quehacerpolitico.mx\\\/?p=100829\"]}]},{\"@type\":\"ImageObject\",\"inLanguage\":\"es\",\"@id\":\"https:\\\/\\\/quehacerpolitico.mx\\\/?p=100829#primaryimage\",\"url\":\"https:\\\/\\\/quehacerpolitico.mx\\\/wp-content\\\/uploads\\\/2023\\\/05\\\/IMG_7738.jpeg\",\"contentUrl\":\"https:\\\/\\\/quehacerpolitico.mx\\\/wp-content\\\/uploads\\\/2023\\\/05\\\/IMG_7738.jpeg\",\"width\":739,\"height\":415},{\"@type\":\"BreadcrumbList\",\"@id\":\"https:\\\/\\\/quehacerpolitico.mx\\\/?p=100829#breadcrumb\",\"itemListElement\":[{\"@type\":\"ListItem\",\"position\":1,\"name\":\"Inicio\",\"item\":\"https:\\\/\\\/quehacerpolitico.mx\\\/\"},{\"@type\":\"ListItem\",\"position\":2,\"name\":\"Internacionales\\\/\\\/\\\/Carolina Alonso Romei\\\/\\\/\\\/Guillermo Lasso disuelve la Asamblea Nacional y pone fin a juicio pol\u00edtico\"}]},{\"@type\":\"WebSite\",\"@id\":\"https:\\\/\\\/quehacerpolitico.mx\\\/#website\",\"url\":\"https:\\\/\\\/quehacerpolitico.mx\\\/\",\"name\":\"\",\"description\":\"\",\"potentialAction\":[{\"@type\":\"SearchAction\",\"target\":{\"@type\":\"EntryPoint\",\"urlTemplate\":\"https:\\\/\\\/quehacerpolitico.mx\\\/?s={search_term_string}\"},\"query-input\":{\"@type\":\"PropertyValueSpecification\",\"valueRequired\":true,\"valueName\":\"search_term_string\"}}],\"inLanguage\":\"es\"},{\"@type\":\"Person\",\"@id\":\"https:\\\/\\\/quehacerpolitico.mx\\\/#\\\/schema\\\/person\\\/496d8ad2d1d3f8036101dca7ee39e585\",\"name\":\"Redacci\u00f3n QP\",\"image\":{\"@type\":\"ImageObject\",\"inLanguage\":\"es\",\"@id\":\"https:\\\/\\\/secure.gravatar.com\\\/avatar\\\/c7164ed6fdec453195284ad24a5ae5b6e1eed2b848477fa2a4787ba9adf39a41?s=96&d=mm&r=g\",\"url\":\"https:\\\/\\\/secure.gravatar.com\\\/avatar\\\/c7164ed6fdec453195284ad24a5ae5b6e1eed2b848477fa2a4787ba9adf39a41?s=96&d=mm&r=g\",\"contentUrl\":\"https:\\\/\\\/secure.gravatar.com\\\/avatar\\\/c7164ed6fdec453195284ad24a5ae5b6e1eed2b848477fa2a4787ba9adf39a41?s=96&d=mm&r=g\",\"caption\":\"Redacci\u00f3n QP\"},\"url\":\"https:\\\/\\\/quehacerpolitico.mx\\\/?author=2\"}]}<\/script>\n<!-- \/ Yoast SEO plugin. -->","yoast_head_json":{"title":"Internacionales\/\/\/Carolina Alonso Romei\/\/\/Guillermo Lasso disuelve la Asamblea Nacional y pone fin a juicio pol\u00edtico -","robots":{"index":"index","follow":"follow","max-snippet":"max-snippet:-1","max-image-preview":"max-image-preview:large","max-video-preview":"max-video-preview:-1"},"canonical":"https:\/\/quehacerpolitico.mx\/?p=100829","og_locale":"es_MX","og_type":"article","og_title":"Internacionales\/\/\/Carolina Alonso Romei\/\/\/Guillermo Lasso disuelve la Asamblea Nacional y pone fin a juicio pol\u00edtico -","og_description":"Por Carolina Alonso Romei Internacionalista Con la disoluci\u00f3n del Parlamento, Lasso podr\u00e1 gobernar hasta por...","og_url":"https:\/\/quehacerpolitico.mx\/?p=100829","article_published_time":"2023-05-17T14:45:51+00:00","article_modified_time":"2023-05-17T14:45:54+00:00","og_image":[{"width":739,"height":415,"url":"https:\/\/quehacerpolitico.mx\/wp-content\/uploads\/2023\/05\/IMG_7738.jpeg","type":"image\/jpeg"}],"author":"Redacci\u00f3n QP","twitter_card":"summary_large_image","twitter_misc":{"Escrito por":"Redacci\u00f3n QP","Tiempo de lectura":"2 minutos"},"schema":{"@context":"https:\/\/schema.org","@graph":[{"@type":"Article","@id":"https:\/\/quehacerpolitico.mx\/?p=100829#article","isPartOf":{"@id":"https:\/\/quehacerpolitico.mx\/?p=100829"},"author":{"name":"Redacci\u00f3n QP","@id":"https:\/\/quehacerpolitico.mx\/#\/schema\/person\/496d8ad2d1d3f8036101dca7ee39e585"},"headline":"Internacionales\/\/\/Carolina Alonso Romei\/\/\/Guillermo Lasso disuelve la Asamblea Nacional y pone fin a juicio pol\u00edtico","datePublished":"2023-05-17T14:45:51+00:00","dateModified":"2023-05-17T14:45:54+00:00","mainEntityOfPage":{"@id":"https:\/\/quehacerpolitico.mx\/?p=100829"},"wordCount":471,"commentCount":0,"image":{"@id":"https:\/\/quehacerpolitico.mx\/?p=100829#primaryimage"},"thumbnailUrl":"https:\/\/quehacerpolitico.mx\/wp-content\/uploads\/2023\/05\/IMG_7738.jpeg","articleSection":["Internacionales"],"inLanguage":"es","potentialAction":[{"@type":"CommentAction","name":"Comment","target":["https:\/\/quehacerpolitico.mx\/?p=100829#respond"]}]},{"@type":"WebPage","@id":"https:\/\/quehacerpolitico.mx\/?p=100829","url":"https:\/\/quehacerpolitico.mx\/?p=100829","name":"Internacionales\/\/\/Carolina Alonso Romei\/\/\/Guillermo Lasso disuelve la Asamblea Nacional y pone fin a juicio pol\u00edtico -","isPartOf":{"@id":"https:\/\/quehacerpolitico.mx\/#website"},"primaryImageOfPage":{"@id":"https:\/\/quehacerpolitico.mx\/?p=100829#primaryimage"},"image":{"@id":"https:\/\/quehacerpolitico.mx\/?p=100829#primaryimage"},"thumbnailUrl":"https:\/\/quehacerpolitico.mx\/wp-content\/uploads\/2023\/05\/IMG_7738.jpeg","datePublished":"2023-05-17T14:45:51+00:00","dateModified":"2023-05-17T14:45:54+00:00","author":{"@id":"https:\/\/quehacerpolitico.mx\/#\/schema\/person\/496d8ad2d1d3f8036101dca7ee39e585"},"breadcrumb":{"@id":"https:\/\/quehacerpolitico.mx\/?p=100829#breadcrumb"},"inLanguage":"es","potentialAction":[{"@type":"ReadAction","target":["https:\/\/quehacerpolitico.mx\/?p=100829"]}]},{"@type":"ImageObject","inLanguage":"es","@id":"https:\/\/quehacerpolitico.mx\/?p=100829#primaryimage","url":"https:\/\/quehacerpolitico.mx\/wp-content\/uploads\/2023\/05\/IMG_7738.jpeg","contentUrl":"https:\/\/quehacerpolitico.mx\/wp-content\/uploads\/2023\/05\/IMG_7738.jpeg","width":739,"height":415},{"@type":"BreadcrumbList","@id":"https:\/\/quehacerpolitico.mx\/?p=100829#breadcrumb","itemListElement":[{"@type":"ListItem","position":1,"name":"Inicio","item":"https:\/\/quehacerpolitico.mx\/"},{"@type":"ListItem","position":2,"name":"Internacionales\/\/\/Carolina Alonso Romei\/\/\/Guillermo Lasso disuelve la Asamblea Nacional y pone fin a juicio pol\u00edtico"}]},{"@type":"WebSite","@id":"https:\/\/quehacerpolitico.mx\/#website","url":"https:\/\/quehacerpolitico.mx\/","name":"","description":"","potentialAction":[{"@type":"SearchAction","target":{"@type":"EntryPoint","urlTemplate":"https:\/\/quehacerpolitico.mx\/?s={search_term_string}"},"query-input":{"@type":"PropertyValueSpecification","valueRequired":true,"valueName":"search_term_string"}}],"inLanguage":"es"},{"@type":"Person","@id":"https:\/\/quehacerpolitico.mx\/#\/schema\/person\/496d8ad2d1d3f8036101dca7ee39e585","name":"Redacci\u00f3n QP","image":{"@type":"ImageObject","inLanguage":"es","@id":"https:\/\/secure.gravatar.com\/avatar\/c7164ed6fdec453195284ad24a5ae5b6e1eed2b848477fa2a4787ba9adf39a41?s=96&d=mm&r=g","url":"https:\/\/secure.gravatar.com\/avatar\/c7164ed6fdec453195284ad24a5ae5b6e1eed2b848477fa2a4787ba9adf39a41?s=96&d=mm&r=g","contentUrl":"https:\/\/secure.gravatar.com\/avatar\/c7164ed6fdec453195284ad24a5ae5b6e1eed2b848477fa2a4787ba9adf39a41?s=96&d=mm&r=g","caption":"Redacci\u00f3n QP"},"url":"https:\/\/quehacerpolitico.mx\/?author=2"}]}},"featured_image_urls":{"full":["https:\/\/quehacerpolitico.mx\/wp-content\/uploads\/2023\/05\/IMG_7738.jpeg",739,415,false],"thumbnail":["https:\/\/quehacerpolitico.mx\/wp-content\/uploads\/2023\/05\/IMG_7738-150x150.jpeg",150,150,true],"medium":["https:\/\/quehacerpolitico.mx\/wp-content\/uploads\/2023\/05\/IMG_7738-300x168.jpeg",300,168,true],"medium_large":["https:\/\/quehacerpolitico.mx\/wp-content\/uploads\/2023\/05\/IMG_7738.jpeg",640,359,false],"large":["https:\/\/quehacerpolitico.mx\/wp-content\/uploads\/2023\/05\/IMG_7738.jpeg",640,359,false],"1536x1536":["https:\/\/quehacerpolitico.mx\/wp-content\/uploads\/2023\/05\/IMG_7738.jpeg",739,415,false],"2048x2048":["https:\/\/quehacerpolitico.mx\/wp-content\/uploads\/2023\/05\/IMG_7738.jpeg",739,415,false],"covernews-featured":["https:\/\/quehacerpolitico.mx\/wp-content\/uploads\/2023\/05\/IMG_7738.jpeg",739,415,false],"covernews-medium":["https:\/\/quehacerpolitico.mx\/wp-content\/uploads\/2023\/05\/IMG_7738.jpeg",540,303,false]},"author_info":{"display_name":"Redacci\u00f3n QP","author_link":"https:\/\/quehacerpolitico.mx\/?author=2"},"category_info":"<a href=\"https:\/\/quehacerpolitico.mx\/?cat=1\" rel=\"category\">Internacionales<\/a>","tag_info":"Internacionales","comment_count":"0","_links":{"self":[{"href":"https:\/\/quehacerpolitico.mx\/index.php?rest_route=\/wp\/v2\/posts\/100829","targetHints":{"allow":["GET"]}}],"collection":[{"href":"https:\/\/quehacerpolitico.mx\/index.php?rest_route=\/wp\/v2\/posts"}],"about":[{"href":"https:\/\/quehacerpolitico.mx\/index.php?rest_route=\/wp\/v2\/types\/post"}],"author":[{"embeddable":true,"href":"https:\/\/quehacerpolitico.mx\/index.php?rest_route=\/wp\/v2\/users\/2"}],"replies":[{"embeddable":true,"href":"https:\/\/quehacerpolitico.mx\/index.php?rest_route=%2Fwp%2Fv2%2Fcomments&post=100829"}],"version-history":[{"count":1,"href":"https:\/\/quehacerpolitico.mx\/index.php?rest_route=\/wp\/v2\/posts\/100829\/revisions"}],"predecessor-version":[{"id":100832,"href":"https:\/\/quehacerpolitico.mx\/index.php?rest_route=\/wp\/v2\/posts\/100829\/revisions\/100832"}],"wp:featuredmedia":[{"embeddable":true,"href":"https:\/\/quehacerpolitico.mx\/index.php?rest_route=\/wp\/v2\/media\/100831"}],"wp:attachment":[{"href":"https:\/\/quehacerpolitico.mx\/index.php?rest_route=%2Fwp%2Fv2%2Fmedia&parent=100829"}],"wp:term":[{"taxonomy":"category","embeddable":true,"href":"https:\/\/quehacerpolitico.mx\/index.php?rest_route=%2Fwp%2Fv2%2Fcategories&post=100829"},{"taxonomy":"post_tag","embeddable":true,"href":"https:\/\/quehacerpolitico.mx\/index.php?rest_route=%2Fwp%2Fv2%2Ftags&post=100829"}],"curies":[{"name":"wp","href":"https:\/\/api.w.org\/{rel}","templated":true}]}}