{"id":100823,"date":"2023-05-16T16:31:49","date_gmt":"2023-05-16T16:31:49","guid":{"rendered":"https:\/\/quehacerpolitico.mx\/?p=100823"},"modified":"2023-05-16T16:31:53","modified_gmt":"2023-05-16T16:31:53","slug":"exhiben-a-jueces-que-ordenaron-la-liberacion-del-guero-palma","status":"publish","type":"post","link":"https:\/\/quehacerpolitico.mx\/?p=100823","title":{"rendered":"Exhiben a jueces que ordenaron la liberaci\u00f3n del &#8220;G\u00fcero&#8221; Palma"},"content":{"rendered":"\n<p>Por Redacci\u00f3n QP<\/p>\n\n\n\n<p>Luis Rodr\u00edguez Bucio se\u00f1al\u00f3 a los jueces Mar\u00eda Dolores Olarte Ruvalcaba, Samuel Ventura Ramos y Salvador Hern\u00e1ndez Mart\u00ednez en la &#8220;ma\u00f1anera&#8221; de hoy<\/p>\n\n\n\n<p>Luis Rodr\u00edguez Bucio, subsecretario de la Secretar\u00eda de Seguridad y Protecci\u00f3n Ciudadana (SSPC), exhibi\u00f3 a los jueces que ordenaron la liberaci\u00f3n del narcotraficante H\u00e9ctor &#8220;El Guero&#8221; Palma y la absoluci\u00f3n del exalcalde de Iguala, Jos\u00e9 Luis Abarca, acusado por el caso Ayotzinapa.<\/p>\n\n\n\n<p>En el informe de Cero Impunidad, el subsecretario indic\u00f3 que la magistrada Mar\u00eda Dolores Olarte Ruvalcaba, presidenta del Primer Tribunal Colegiado de Apelaci\u00f3n del Tercer Circuito de Zapopan orden\u00f3 el 9 de mayo\u00a0<strong>la absoluci\u00f3n de H\u00e9ctor Luis &#8220;El G\u00fcero&#8221; Palma, del C\u00e1rtel del Sinaloa, a pesar de estar acusado por el delito de delincuencia organizada.<\/strong><\/p>\n\n\n\n<p>Indic\u00f3 que actualmente sigue preso por otra causa penal.<\/p>\n\n\n\n<p>En Palacio Nacional, se\u00f1al\u00f3 que el juez Samuel Ventura Ramos, juez primero de Distrito en Procesos Penales Federales en Matamoros, Tamaulipas,\u00a0<strong>absolvi\u00f3 el pasado 12 de mayo a Sidronio &#8220;N&#8221; y a Jos\u00e9 Luis Abarca, exalcalde de Igual, Guerrero por el delito de delincuencia organizada<\/strong>, ambos involucrados por el caso Ayotzinapa.<\/p>\n\n\n\n<figure class=\"wp-block-embed is-type-rich is-provider-twitter wp-block-embed-twitter\"><div class=\"wp-block-embed__wrapper\">\n<blockquote class=\"twitter-tweet\" data-width=\"550\" data-dnt=\"true\"><p lang=\"es\" dir=\"ltr\">\ud83d\udde3\ufe0f<a href=\"https:\/\/twitter.com\/hashtag\/LaMa%C3%B1anera?src=hash&amp;ref_src=twsrc%5Etfw\">#LaMa\u00f1anera<\/a> || El subsecretario de Seguridad, Luis Rodr\u00edguez Bucio, revel\u00f3 los nombres de tres jueces que durante el periodo del 1 al 15 de mayo \u201cliberaron a delincuentes&quot; como H\u00e9ctor \u201cEl G\u00fcero\u201d Palma. <a href=\"https:\/\/t.co\/uBVBBdWqxa\">pic.twitter.com\/uBVBBdWqxa<\/a><\/p>&mdash; IMER Noticias (@IMER_Noticias) <a href=\"https:\/\/twitter.com\/IMER_Noticias\/status\/1658477731250868227?ref_src=twsrc%5Etfw\">May 16, 2023<\/a><\/blockquote><script async src=\"https:\/\/platform.twitter.com\/widgets.js\" charset=\"utf-8\"><\/script>\n<\/div><\/figure>\n\n\n\n<p>Detall\u00f3 que ambos contin\u00faan presos por otras causas penales.<\/p>\n\n\n\n<p>El subsecretario Rodr\u00edguez Bucio tambi\u00e9n exhibi\u00f3 que el juez Salvador Hern\u00e1ndez Mart\u00ednez, juez de control de Iz\u00facar de Matamoros del Poder Judicial de Puebla orden\u00f3 el pasado 8 de mayo la liberaci\u00f3n de Miguel \u00c1ngel, &#8220;El Gato&#8221; luego de reclasificar el delito de homicidio doloso a culposo.<\/p>\n\n\n\n<p>&#8220;Tras quedar en libertad, el detenido volvi\u00f3 a tomar posesi\u00f3n de su cargo como presidente municipal de Piaxtla&#8221;, indic\u00f3.<\/p>\n\n\n\n<p>Con Informaci\u00f3n de SUN <\/p>\n","protected":false},"excerpt":{"rendered":"<p>Por Redacci\u00f3n QP Luis Rodr\u00edguez Bucio se\u00f1al\u00f3 a los jueces Mar\u00eda Dolores Olarte Ruvalcaba, Samuel&#8230;<\/p>\n","protected":false},"author":2,"featured_media":100824,"comment_status":"open","ping_status":"open","sticky":false,"template":"","format":"standard","meta":{"_monsterinsights_skip_tracking":false,"_monsterinsights_sitenote_active":false,"_monsterinsights_sitenote_note":"","_monsterinsights_sitenote_category":0,"footnotes":""},"categories":[2],"tags":[],"class_list":["post-100823","post","type-post","status-publish","format-standard","has-post-thumbnail","hentry","category-noticias"],"yoast_head":"<!-- This site is optimized with the Yoast SEO plugin v27.3 - https:\/\/yoast.com\/product\/yoast-seo-wordpress\/ -->\n<title>Exhiben a jueces que ordenaron la liberaci\u00f3n del &quot;G\u00fcero&quot; Palma -<\/title>\n<meta name=\"robots\" content=\"index, follow, max-snippet:-1, max-image-preview:large, max-video-preview:-1\" \/>\n<link rel=\"canonical\" href=\"https:\/\/quehacerpolitico.mx\/?p=100823\" \/>\n<meta property=\"og:locale\" content=\"es_MX\" \/>\n<meta property=\"og:type\" content=\"article\" \/>\n<meta property=\"og:title\" content=\"Exhiben a jueces que ordenaron la liberaci\u00f3n del &quot;G\u00fcero&quot; Palma -\" \/>\n<meta property=\"og:description\" content=\"Por Redacci\u00f3n QP Luis Rodr\u00edguez Bucio se\u00f1al\u00f3 a los jueces Mar\u00eda Dolores Olarte Ruvalcaba, Samuel...\" \/>\n<meta property=\"og:url\" content=\"https:\/\/quehacerpolitico.mx\/?p=100823\" \/>\n<meta property=\"article:published_time\" content=\"2023-05-16T16:31:49+00:00\" \/>\n<meta property=\"article:modified_time\" content=\"2023-05-16T16:31:53+00:00\" \/>\n<meta property=\"og:image\" content=\"https:\/\/quehacerpolitico.mx\/wp-content\/uploads\/2023\/05\/IMG_7712.jpeg\" \/>\n\t<meta property=\"og:image:width\" content=\"1284\" \/>\n\t<meta property=\"og:image:height\" content=\"686\" \/>\n\t<meta property=\"og:image:type\" content=\"image\/jpeg\" \/>\n<meta name=\"author\" content=\"Redacci\u00f3n QP\" \/>\n<meta name=\"twitter:card\" content=\"summary_large_image\" \/>\n<meta name=\"twitter:label1\" content=\"Escrito por\" \/>\n\t<meta name=\"twitter:data1\" content=\"Redacci\u00f3n QP\" \/>\n\t<meta name=\"twitter:label2\" content=\"Tiempo de lectura\" \/>\n\t<meta name=\"twitter:data2\" content=\"2 minutos\" \/>\n<script type=\"application\/ld+json\" class=\"yoast-schema-graph\">{\"@context\":\"https:\\\/\\\/schema.org\",\"@graph\":[{\"@type\":\"Article\",\"@id\":\"https:\\\/\\\/quehacerpolitico.mx\\\/?p=100823#article\",\"isPartOf\":{\"@id\":\"https:\\\/\\\/quehacerpolitico.mx\\\/?p=100823\"},\"author\":{\"name\":\"Redacci\u00f3n QP\",\"@id\":\"https:\\\/\\\/quehacerpolitico.mx\\\/#\\\/schema\\\/person\\\/496d8ad2d1d3f8036101dca7ee39e585\"},\"headline\":\"Exhiben a jueces que ordenaron la liberaci\u00f3n del &#8220;G\u00fcero&#8221; Palma\",\"datePublished\":\"2023-05-16T16:31:49+00:00\",\"dateModified\":\"2023-05-16T16:31:53+00:00\",\"mainEntityOfPage\":{\"@id\":\"https:\\\/\\\/quehacerpolitico.mx\\\/?p=100823\"},\"wordCount\":313,\"commentCount\":0,\"image\":{\"@id\":\"https:\\\/\\\/quehacerpolitico.mx\\\/?p=100823#primaryimage\"},\"thumbnailUrl\":\"https:\\\/\\\/quehacerpolitico.mx\\\/wp-content\\\/uploads\\\/2023\\\/05\\\/IMG_7712.jpeg\",\"articleSection\":[\"Noticias\"],\"inLanguage\":\"es\",\"potentialAction\":[{\"@type\":\"CommentAction\",\"name\":\"Comment\",\"target\":[\"https:\\\/\\\/quehacerpolitico.mx\\\/?p=100823#respond\"]}]},{\"@type\":\"WebPage\",\"@id\":\"https:\\\/\\\/quehacerpolitico.mx\\\/?p=100823\",\"url\":\"https:\\\/\\\/quehacerpolitico.mx\\\/?p=100823\",\"name\":\"Exhiben a jueces que ordenaron la liberaci\u00f3n del \\\"G\u00fcero\\\" Palma -\",\"isPartOf\":{\"@id\":\"https:\\\/\\\/quehacerpolitico.mx\\\/#website\"},\"primaryImageOfPage\":{\"@id\":\"https:\\\/\\\/quehacerpolitico.mx\\\/?p=100823#primaryimage\"},\"image\":{\"@id\":\"https:\\\/\\\/quehacerpolitico.mx\\\/?p=100823#primaryimage\"},\"thumbnailUrl\":\"https:\\\/\\\/quehacerpolitico.mx\\\/wp-content\\\/uploads\\\/2023\\\/05\\\/IMG_7712.jpeg\",\"datePublished\":\"2023-05-16T16:31:49+00:00\",\"dateModified\":\"2023-05-16T16:31:53+00:00\",\"author\":{\"@id\":\"https:\\\/\\\/quehacerpolitico.mx\\\/#\\\/schema\\\/person\\\/496d8ad2d1d3f8036101dca7ee39e585\"},\"breadcrumb\":{\"@id\":\"https:\\\/\\\/quehacerpolitico.mx\\\/?p=100823#breadcrumb\"},\"inLanguage\":\"es\",\"potentialAction\":[{\"@type\":\"ReadAction\",\"target\":[\"https:\\\/\\\/quehacerpolitico.mx\\\/?p=100823\"]}]},{\"@type\":\"ImageObject\",\"inLanguage\":\"es\",\"@id\":\"https:\\\/\\\/quehacerpolitico.mx\\\/?p=100823#primaryimage\",\"url\":\"https:\\\/\\\/quehacerpolitico.mx\\\/wp-content\\\/uploads\\\/2023\\\/05\\\/IMG_7712.jpeg\",\"contentUrl\":\"https:\\\/\\\/quehacerpolitico.mx\\\/wp-content\\\/uploads\\\/2023\\\/05\\\/IMG_7712.jpeg\",\"width\":1284,\"height\":686},{\"@type\":\"BreadcrumbList\",\"@id\":\"https:\\\/\\\/quehacerpolitico.mx\\\/?p=100823#breadcrumb\",\"itemListElement\":[{\"@type\":\"ListItem\",\"position\":1,\"name\":\"Inicio\",\"item\":\"https:\\\/\\\/quehacerpolitico.mx\\\/\"},{\"@type\":\"ListItem\",\"position\":2,\"name\":\"Exhiben a jueces que ordenaron la liberaci\u00f3n del &#8220;G\u00fcero&#8221; Palma\"}]},{\"@type\":\"WebSite\",\"@id\":\"https:\\\/\\\/quehacerpolitico.mx\\\/#website\",\"url\":\"https:\\\/\\\/quehacerpolitico.mx\\\/\",\"name\":\"\",\"description\":\"\",\"potentialAction\":[{\"@type\":\"SearchAction\",\"target\":{\"@type\":\"EntryPoint\",\"urlTemplate\":\"https:\\\/\\\/quehacerpolitico.mx\\\/?s={search_term_string}\"},\"query-input\":{\"@type\":\"PropertyValueSpecification\",\"valueRequired\":true,\"valueName\":\"search_term_string\"}}],\"inLanguage\":\"es\"},{\"@type\":\"Person\",\"@id\":\"https:\\\/\\\/quehacerpolitico.mx\\\/#\\\/schema\\\/person\\\/496d8ad2d1d3f8036101dca7ee39e585\",\"name\":\"Redacci\u00f3n QP\",\"image\":{\"@type\":\"ImageObject\",\"inLanguage\":\"es\",\"@id\":\"https:\\\/\\\/secure.gravatar.com\\\/avatar\\\/c7164ed6fdec453195284ad24a5ae5b6e1eed2b848477fa2a4787ba9adf39a41?s=96&d=mm&r=g\",\"url\":\"https:\\\/\\\/secure.gravatar.com\\\/avatar\\\/c7164ed6fdec453195284ad24a5ae5b6e1eed2b848477fa2a4787ba9adf39a41?s=96&d=mm&r=g\",\"contentUrl\":\"https:\\\/\\\/secure.gravatar.com\\\/avatar\\\/c7164ed6fdec453195284ad24a5ae5b6e1eed2b848477fa2a4787ba9adf39a41?s=96&d=mm&r=g\",\"caption\":\"Redacci\u00f3n QP\"},\"url\":\"https:\\\/\\\/quehacerpolitico.mx\\\/?author=2\"}]}<\/script>\n<!-- \/ Yoast SEO plugin. -->","yoast_head_json":{"title":"Exhiben a jueces que ordenaron la liberaci\u00f3n del \"G\u00fcero\" Palma -","robots":{"index":"index","follow":"follow","max-snippet":"max-snippet:-1","max-image-preview":"max-image-preview:large","max-video-preview":"max-video-preview:-1"},"canonical":"https:\/\/quehacerpolitico.mx\/?p=100823","og_locale":"es_MX","og_type":"article","og_title":"Exhiben a jueces que ordenaron la liberaci\u00f3n del \"G\u00fcero\" Palma -","og_description":"Por Redacci\u00f3n QP Luis Rodr\u00edguez Bucio se\u00f1al\u00f3 a los jueces Mar\u00eda Dolores Olarte Ruvalcaba, Samuel...","og_url":"https:\/\/quehacerpolitico.mx\/?p=100823","article_published_time":"2023-05-16T16:31:49+00:00","article_modified_time":"2023-05-16T16:31:53+00:00","og_image":[{"width":1284,"height":686,"url":"https:\/\/quehacerpolitico.mx\/wp-content\/uploads\/2023\/05\/IMG_7712.jpeg","type":"image\/jpeg"}],"author":"Redacci\u00f3n QP","twitter_card":"summary_large_image","twitter_misc":{"Escrito por":"Redacci\u00f3n QP","Tiempo de lectura":"2 minutos"},"schema":{"@context":"https:\/\/schema.org","@graph":[{"@type":"Article","@id":"https:\/\/quehacerpolitico.mx\/?p=100823#article","isPartOf":{"@id":"https:\/\/quehacerpolitico.mx\/?p=100823"},"author":{"name":"Redacci\u00f3n QP","@id":"https:\/\/quehacerpolitico.mx\/#\/schema\/person\/496d8ad2d1d3f8036101dca7ee39e585"},"headline":"Exhiben a jueces que ordenaron la liberaci\u00f3n del &#8220;G\u00fcero&#8221; Palma","datePublished":"2023-05-16T16:31:49+00:00","dateModified":"2023-05-16T16:31:53+00:00","mainEntityOfPage":{"@id":"https:\/\/quehacerpolitico.mx\/?p=100823"},"wordCount":313,"commentCount":0,"image":{"@id":"https:\/\/quehacerpolitico.mx\/?p=100823#primaryimage"},"thumbnailUrl":"https:\/\/quehacerpolitico.mx\/wp-content\/uploads\/2023\/05\/IMG_7712.jpeg","articleSection":["Noticias"],"inLanguage":"es","potentialAction":[{"@type":"CommentAction","name":"Comment","target":["https:\/\/quehacerpolitico.mx\/?p=100823#respond"]}]},{"@type":"WebPage","@id":"https:\/\/quehacerpolitico.mx\/?p=100823","url":"https:\/\/quehacerpolitico.mx\/?p=100823","name":"Exhiben a jueces que ordenaron la liberaci\u00f3n del \"G\u00fcero\" Palma -","isPartOf":{"@id":"https:\/\/quehacerpolitico.mx\/#website"},"primaryImageOfPage":{"@id":"https:\/\/quehacerpolitico.mx\/?p=100823#primaryimage"},"image":{"@id":"https:\/\/quehacerpolitico.mx\/?p=100823#primaryimage"},"thumbnailUrl":"https:\/\/quehacerpolitico.mx\/wp-content\/uploads\/2023\/05\/IMG_7712.jpeg","datePublished":"2023-05-16T16:31:49+00:00","dateModified":"2023-05-16T16:31:53+00:00","author":{"@id":"https:\/\/quehacerpolitico.mx\/#\/schema\/person\/496d8ad2d1d3f8036101dca7ee39e585"},"breadcrumb":{"@id":"https:\/\/quehacerpolitico.mx\/?p=100823#breadcrumb"},"inLanguage":"es","potentialAction":[{"@type":"ReadAction","target":["https:\/\/quehacerpolitico.mx\/?p=100823"]}]},{"@type":"ImageObject","inLanguage":"es","@id":"https:\/\/quehacerpolitico.mx\/?p=100823#primaryimage","url":"https:\/\/quehacerpolitico.mx\/wp-content\/uploads\/2023\/05\/IMG_7712.jpeg","contentUrl":"https:\/\/quehacerpolitico.mx\/wp-content\/uploads\/2023\/05\/IMG_7712.jpeg","width":1284,"height":686},{"@type":"BreadcrumbList","@id":"https:\/\/quehacerpolitico.mx\/?p=100823#breadcrumb","itemListElement":[{"@type":"ListItem","position":1,"name":"Inicio","item":"https:\/\/quehacerpolitico.mx\/"},{"@type":"ListItem","position":2,"name":"Exhiben a jueces que ordenaron la liberaci\u00f3n del &#8220;G\u00fcero&#8221; Palma"}]},{"@type":"WebSite","@id":"https:\/\/quehacerpolitico.mx\/#website","url":"https:\/\/quehacerpolitico.mx\/","name":"","description":"","potentialAction":[{"@type":"SearchAction","target":{"@type":"EntryPoint","urlTemplate":"https:\/\/quehacerpolitico.mx\/?s={search_term_string}"},"query-input":{"@type":"PropertyValueSpecification","valueRequired":true,"valueName":"search_term_string"}}],"inLanguage":"es"},{"@type":"Person","@id":"https:\/\/quehacerpolitico.mx\/#\/schema\/person\/496d8ad2d1d3f8036101dca7ee39e585","name":"Redacci\u00f3n QP","image":{"@type":"ImageObject","inLanguage":"es","@id":"https:\/\/secure.gravatar.com\/avatar\/c7164ed6fdec453195284ad24a5ae5b6e1eed2b848477fa2a4787ba9adf39a41?s=96&d=mm&r=g","url":"https:\/\/secure.gravatar.com\/avatar\/c7164ed6fdec453195284ad24a5ae5b6e1eed2b848477fa2a4787ba9adf39a41?s=96&d=mm&r=g","contentUrl":"https:\/\/secure.gravatar.com\/avatar\/c7164ed6fdec453195284ad24a5ae5b6e1eed2b848477fa2a4787ba9adf39a41?s=96&d=mm&r=g","caption":"Redacci\u00f3n QP"},"url":"https:\/\/quehacerpolitico.mx\/?author=2"}]}},"featured_image_urls":{"full":["https:\/\/quehacerpolitico.mx\/wp-content\/uploads\/2023\/05\/IMG_7712.jpeg",1284,686,false],"thumbnail":["https:\/\/quehacerpolitico.mx\/wp-content\/uploads\/2023\/05\/IMG_7712-150x150.jpeg",150,150,true],"medium":["https:\/\/quehacerpolitico.mx\/wp-content\/uploads\/2023\/05\/IMG_7712-300x160.jpeg",300,160,true],"medium_large":["https:\/\/quehacerpolitico.mx\/wp-content\/uploads\/2023\/05\/IMG_7712-768x410.jpeg",640,342,true],"large":["https:\/\/quehacerpolitico.mx\/wp-content\/uploads\/2023\/05\/IMG_7712-1024x547.jpeg",640,342,true],"1536x1536":["https:\/\/quehacerpolitico.mx\/wp-content\/uploads\/2023\/05\/IMG_7712.jpeg",1284,686,false],"2048x2048":["https:\/\/quehacerpolitico.mx\/wp-content\/uploads\/2023\/05\/IMG_7712.jpeg",1284,686,false],"covernews-featured":["https:\/\/quehacerpolitico.mx\/wp-content\/uploads\/2023\/05\/IMG_7712.jpeg",1024,547,false],"covernews-medium":["https:\/\/quehacerpolitico.mx\/wp-content\/uploads\/2023\/05\/IMG_7712.jpeg",540,289,false]},"author_info":{"display_name":"Redacci\u00f3n QP","author_link":"https:\/\/quehacerpolitico.mx\/?author=2"},"category_info":"<a href=\"https:\/\/quehacerpolitico.mx\/?cat=2\" rel=\"category\">Noticias<\/a>","tag_info":"Noticias","comment_count":"0","_links":{"self":[{"href":"https:\/\/quehacerpolitico.mx\/index.php?rest_route=\/wp\/v2\/posts\/100823","targetHints":{"allow":["GET"]}}],"collection":[{"href":"https:\/\/quehacerpolitico.mx\/index.php?rest_route=\/wp\/v2\/posts"}],"about":[{"href":"https:\/\/quehacerpolitico.mx\/index.php?rest_route=\/wp\/v2\/types\/post"}],"author":[{"embeddable":true,"href":"https:\/\/quehacerpolitico.mx\/index.php?rest_route=\/wp\/v2\/users\/2"}],"replies":[{"embeddable":true,"href":"https:\/\/quehacerpolitico.mx\/index.php?rest_route=%2Fwp%2Fv2%2Fcomments&post=100823"}],"version-history":[{"count":1,"href":"https:\/\/quehacerpolitico.mx\/index.php?rest_route=\/wp\/v2\/posts\/100823\/revisions"}],"predecessor-version":[{"id":100825,"href":"https:\/\/quehacerpolitico.mx\/index.php?rest_route=\/wp\/v2\/posts\/100823\/revisions\/100825"}],"wp:featuredmedia":[{"embeddable":true,"href":"https:\/\/quehacerpolitico.mx\/index.php?rest_route=\/wp\/v2\/media\/100824"}],"wp:attachment":[{"href":"https:\/\/quehacerpolitico.mx\/index.php?rest_route=%2Fwp%2Fv2%2Fmedia&parent=100823"}],"wp:term":[{"taxonomy":"category","embeddable":true,"href":"https:\/\/quehacerpolitico.mx\/index.php?rest_route=%2Fwp%2Fv2%2Fcategories&post=100823"},{"taxonomy":"post_tag","embeddable":true,"href":"https:\/\/quehacerpolitico.mx\/index.php?rest_route=%2Fwp%2Fv2%2Ftags&post=100823"}],"curies":[{"name":"wp","href":"https:\/\/api.w.org\/{rel}","templated":true}]}}