{"id":100811,"date":"2023-05-16T14:44:49","date_gmt":"2023-05-16T14:44:49","guid":{"rendered":"https:\/\/quehacerpolitico.mx\/?p=100811"},"modified":"2023-05-16T14:44:52","modified_gmt":"2023-05-16T14:44:52","slug":"internacionales-carolina-alonso-romei-argentina-agradece-a-mexico-por-asistencia-a-turistas-atacados-en-oaxaca","status":"publish","type":"post","link":"https:\/\/quehacerpolitico.mx\/?p=100811","title":{"rendered":"Internacionales\/\/\/Carolina Alonso Romei\/\/\/Argentina agradece a M\u00e9xico por asistencia a turistas atacados en Oaxaca"},"content":{"rendered":"\n<p>Por Carolina Alonso Romei<\/p>\n\n\n\n<p>Internacionalista <\/p>\n\n\n\n<p>La Canciller\u00eda argentina agradeci\u00f3 por la atenci\u00f3n a sus conciudadanos, uno de los cuales muri\u00f3 el domingo debido a las lesiones sufridas al ser atacado\u00a0por la espalda en una playa<\/p>\n\n\n\n<p><strong>Las autoridades de Argentina agradecieron a sus pares de M\u00e9xico por\u00a0la &#8220;solidaridad y eficacia&#8221; en el apoyo brindado a tres turistas argentinos que fueron atacados por un agresor mexicano en la localidad de\u00a0Chacahua, Estado de Oaxaca, mientras almorzaban en la playa.<\/strong><\/p>\n\n\n\n<figure class=\"wp-block-image size-large\"><img loading=\"lazy\" decoding=\"async\" width=\"1024\" height=\"545\" src=\"https:\/\/quehacerpolitico.mx\/wp-content\/uploads\/2023\/05\/image-45-1024x545.jpeg\" alt=\"\" class=\"wp-image-100815\" srcset=\"https:\/\/quehacerpolitico.mx\/wp-content\/uploads\/2023\/05\/image-45-1024x545.jpeg 1024w, https:\/\/quehacerpolitico.mx\/wp-content\/uploads\/2023\/05\/image-45-300x160.jpeg 300w, https:\/\/quehacerpolitico.mx\/wp-content\/uploads\/2023\/05\/image-45-768x409.jpeg 768w, https:\/\/quehacerpolitico.mx\/wp-content\/uploads\/2023\/05\/image-45-260x138.jpeg 260w, https:\/\/quehacerpolitico.mx\/wp-content\/uploads\/2023\/05\/image-45-50x27.jpeg 50w, https:\/\/quehacerpolitico.mx\/wp-content\/uploads\/2023\/05\/image-45-141x75.jpeg 141w, https:\/\/quehacerpolitico.mx\/wp-content\/uploads\/2023\/05\/image-45.jpeg 1050w\" sizes=\"auto, (max-width: 1024px) 100vw, 1024px\" \/><\/figure>\n\n\n\n<figure class=\"wp-block-image size-large\"><img loading=\"lazy\" decoding=\"async\" width=\"1024\" height=\"680\" src=\"https:\/\/quehacerpolitico.mx\/wp-content\/uploads\/2023\/05\/image-44-1024x680.jpeg\" alt=\"\" class=\"wp-image-100814\" srcset=\"https:\/\/quehacerpolitico.mx\/wp-content\/uploads\/2023\/05\/image-44-1024x680.jpeg 1024w, https:\/\/quehacerpolitico.mx\/wp-content\/uploads\/2023\/05\/image-44-300x199.jpeg 300w, https:\/\/quehacerpolitico.mx\/wp-content\/uploads\/2023\/05\/image-44-768x510.jpeg 768w, https:\/\/quehacerpolitico.mx\/wp-content\/uploads\/2023\/05\/image-44-220x146.jpeg 220w, https:\/\/quehacerpolitico.mx\/wp-content\/uploads\/2023\/05\/image-44-50x33.jpeg 50w, https:\/\/quehacerpolitico.mx\/wp-content\/uploads\/2023\/05\/image-44-113x75.jpeg 113w, https:\/\/quehacerpolitico.mx\/wp-content\/uploads\/2023\/05\/image-44.jpeg 1536w\" sizes=\"auto, (max-width: 1024px) 100vw, 1024px\" \/><\/figure>\n\n\n\n<p>La embajada en M\u00e9xico y el consulado argentino\u00a0contin\u00faan asistiendo a las familias de los ciudadanos\u00a0<strong>Benjam\u00edn Gamond, Macarena Elia Gonz\u00e1lez y Santiago Lastra<\/strong>, quienes\u00a0<strong>sufrieron un ataque inesperado y &#8220;por atr\u00e1s&#8221; el \u00faltimo viernes<\/strong>.\u00a0<strong>Uno de los argentinos\u00a0sufri\u00f3 muerte cerebral como consecuencia de las heridas.<\/strong><\/p>\n\n\n\n<figure class=\"wp-block-image size-large\"><img loading=\"lazy\" decoding=\"async\" width=\"1024\" height=\"884\" src=\"https:\/\/quehacerpolitico.mx\/wp-content\/uploads\/2023\/05\/image-43-1024x884.jpeg\" alt=\"\" class=\"wp-image-100813\" srcset=\"https:\/\/quehacerpolitico.mx\/wp-content\/uploads\/2023\/05\/image-43-1024x884.jpeg 1024w, https:\/\/quehacerpolitico.mx\/wp-content\/uploads\/2023\/05\/image-43-300x259.jpeg 300w, https:\/\/quehacerpolitico.mx\/wp-content\/uploads\/2023\/05\/image-43-768x663.jpeg 768w, https:\/\/quehacerpolitico.mx\/wp-content\/uploads\/2023\/05\/image-43-169x146.jpeg 169w, https:\/\/quehacerpolitico.mx\/wp-content\/uploads\/2023\/05\/image-43-50x43.jpeg 50w, https:\/\/quehacerpolitico.mx\/wp-content\/uploads\/2023\/05\/image-43-87x75.jpeg 87w, https:\/\/quehacerpolitico.mx\/wp-content\/uploads\/2023\/05\/image-43.jpeg 1079w\" sizes=\"auto, (max-width: 1024px) 100vw, 1024px\" \/><\/figure>\n\n\n\n<p><strong>El\u00a0presunto agresor, identificado por un comunicado del Gobierno de Villa de Tutupec como\u00a0Cruz Irving Mart\u00ednez Flores, de 21 a\u00f1os,\u00a0y originario de Ometepec Guerrero, fue inmediatamente\u00a0detenido y consignado a la vicefiscal\u00eda regional de la Costa<\/strong>, en donde la\u00a0Mesa de Delitos de Alto Impacto\u00a0ser\u00e1 la encargada de definir su situaci\u00f3n legal.<\/p>\n\n\n\n<p><strong>La canciller\u00eda argentina destac\u00f3 en un\u00a0comunicado que el Hospital Angel del Mar, en Puerto Escondido, atendi\u00f3 a sus tres conciudadanos\u00a0agredidos pese a que ten\u00edan el seguro de viajero vencido por\u00a0haber estado m\u00e1s de seis meses fuera del pa\u00eds austral.<\/strong><\/p>\n\n\n\n<figure class=\"wp-block-image size-full\"><img loading=\"lazy\" decoding=\"async\" width=\"355\" height=\"223\" src=\"https:\/\/quehacerpolitico.mx\/wp-content\/uploads\/2023\/05\/image-46.jpeg\" alt=\"\" class=\"wp-image-100817\" srcset=\"https:\/\/quehacerpolitico.mx\/wp-content\/uploads\/2023\/05\/image-46.jpeg 355w, https:\/\/quehacerpolitico.mx\/wp-content\/uploads\/2023\/05\/image-46-300x188.jpeg 300w, https:\/\/quehacerpolitico.mx\/wp-content\/uploads\/2023\/05\/image-46-232x146.jpeg 232w, https:\/\/quehacerpolitico.mx\/wp-content\/uploads\/2023\/05\/image-46-50x31.jpeg 50w, https:\/\/quehacerpolitico.mx\/wp-content\/uploads\/2023\/05\/image-46-119x75.jpeg 119w\" sizes=\"auto, (max-width: 355px) 100vw, 355px\" \/><\/figure>\n\n\n\n<p>La gravedad de las heridas que ten\u00eda Gamond requer\u00edan otro tipo de atenci\u00f3n m\u00e9dica, y mediante gestiones del Ministerio de Salud de la Argentina y del embajador argentino Carlos Tomada, un alto funcionario de la Secretar\u00eda de Salud de M\u00e9xico indic\u00f3 que el traslado sanitario se har\u00eda por helic\u00f3ptero de la Marina Mexicana.<\/p>\n\n\n\n<figure class=\"wp-block-image size-large\"><img loading=\"lazy\" decoding=\"async\" width=\"857\" height=\"1024\" src=\"https:\/\/quehacerpolitico.mx\/wp-content\/uploads\/2023\/05\/image-42-857x1024.jpeg\" alt=\"\" class=\"wp-image-100812\" srcset=\"https:\/\/quehacerpolitico.mx\/wp-content\/uploads\/2023\/05\/image-42-857x1024.jpeg 857w, https:\/\/quehacerpolitico.mx\/wp-content\/uploads\/2023\/05\/image-42-251x300.jpeg 251w, https:\/\/quehacerpolitico.mx\/wp-content\/uploads\/2023\/05\/image-42-768x918.jpeg 768w, https:\/\/quehacerpolitico.mx\/wp-content\/uploads\/2023\/05\/image-42-122x146.jpeg 122w, https:\/\/quehacerpolitico.mx\/wp-content\/uploads\/2023\/05\/image-42-42x50.jpeg 42w, https:\/\/quehacerpolitico.mx\/wp-content\/uploads\/2023\/05\/image-42-63x75.jpeg 63w, https:\/\/quehacerpolitico.mx\/wp-content\/uploads\/2023\/05\/image-42.jpeg 1080w\" sizes=\"auto, (max-width: 857px) 100vw, 857px\" \/><\/figure>\n\n\n\n<p><strong>Gamond fue llevado el domingo en avi\u00f3n sanitario desde Puerto Escondido a Ciudad de M\u00e9xico, donde&nbsp;fue internado en el Hospital General de M\u00e9xico. Por la tarde se confirm\u00f3 la muerte cerebral irreversible del joven argentino.<\/strong><\/p>\n\n\n\n<p><strong>La familia de Gamond manifest\u00f3 su inter\u00e9s de donar los \u00f3rganos, por lo cual los funcionarios argentinos se encuentran realizando las\u00a0gestiones consulares a tal fin ante la Fiscal\u00eda, debido a que existe un delito y una investigaci\u00f3n en curso.<\/strong><\/p>\n\n\n\n<p>Con Informaci\u00f3n de EFE<\/p>\n","protected":false},"excerpt":{"rendered":"<p>Por Carolina Alonso Romei Internacionalista La Canciller\u00eda argentina agradeci\u00f3 por la atenci\u00f3n a sus conciudadanos,&#8230;<\/p>\n","protected":false},"author":2,"featured_media":100816,"comment_status":"open","ping_status":"open","sticky":false,"template":"","format":"standard","meta":{"_monsterinsights_skip_tracking":false,"_monsterinsights_sitenote_active":false,"_monsterinsights_sitenote_note":"","_monsterinsights_sitenote_category":0,"footnotes":""},"categories":[1],"tags":[],"class_list":["post-100811","post","type-post","status-publish","format-standard","has-post-thumbnail","hentry","category-sin-categoria"],"yoast_head":"<!-- This site is optimized with the Yoast SEO plugin v27.3 - https:\/\/yoast.com\/product\/yoast-seo-wordpress\/ -->\n<title>Internacionales\/\/\/Carolina Alonso Romei\/\/\/Argentina agradece a M\u00e9xico por asistencia a turistas atacados en Oaxaca -<\/title>\n<meta name=\"robots\" content=\"index, follow, max-snippet:-1, max-image-preview:large, max-video-preview:-1\" \/>\n<link rel=\"canonical\" href=\"https:\/\/quehacerpolitico.mx\/?p=100811\" \/>\n<meta property=\"og:locale\" content=\"es_MX\" \/>\n<meta property=\"og:type\" content=\"article\" \/>\n<meta property=\"og:title\" content=\"Internacionales\/\/\/Carolina Alonso Romei\/\/\/Argentina agradece a M\u00e9xico por asistencia a turistas atacados en Oaxaca -\" \/>\n<meta property=\"og:description\" content=\"Por Carolina Alonso Romei Internacionalista La Canciller\u00eda argentina agradeci\u00f3 por la atenci\u00f3n a sus conciudadanos,...\" \/>\n<meta property=\"og:url\" content=\"https:\/\/quehacerpolitico.mx\/?p=100811\" \/>\n<meta property=\"article:published_time\" content=\"2023-05-16T14:44:49+00:00\" \/>\n<meta property=\"article:modified_time\" content=\"2023-05-16T14:44:52+00:00\" \/>\n<meta property=\"og:image\" content=\"https:\/\/quehacerpolitico.mx\/wp-content\/uploads\/2023\/05\/IMG_7706.jpeg\" \/>\n\t<meta property=\"og:image:width\" content=\"610\" \/>\n\t<meta property=\"og:image:height\" content=\"457\" \/>\n\t<meta property=\"og:image:type\" content=\"image\/jpeg\" \/>\n<meta name=\"author\" content=\"Redacci\u00f3n QP\" \/>\n<meta name=\"twitter:card\" content=\"summary_large_image\" \/>\n<meta name=\"twitter:label1\" content=\"Escrito por\" \/>\n\t<meta name=\"twitter:data1\" content=\"Redacci\u00f3n QP\" \/>\n\t<meta name=\"twitter:label2\" content=\"Tiempo de lectura\" \/>\n\t<meta name=\"twitter:data2\" content=\"2 minutos\" \/>\n<script type=\"application\/ld+json\" class=\"yoast-schema-graph\">{\"@context\":\"https:\\\/\\\/schema.org\",\"@graph\":[{\"@type\":\"Article\",\"@id\":\"https:\\\/\\\/quehacerpolitico.mx\\\/?p=100811#article\",\"isPartOf\":{\"@id\":\"https:\\\/\\\/quehacerpolitico.mx\\\/?p=100811\"},\"author\":{\"name\":\"Redacci\u00f3n QP\",\"@id\":\"https:\\\/\\\/quehacerpolitico.mx\\\/#\\\/schema\\\/person\\\/496d8ad2d1d3f8036101dca7ee39e585\"},\"headline\":\"Internacionales\\\/\\\/\\\/Carolina Alonso Romei\\\/\\\/\\\/Argentina agradece a M\u00e9xico por asistencia a turistas atacados en Oaxaca\",\"datePublished\":\"2023-05-16T14:44:49+00:00\",\"dateModified\":\"2023-05-16T14:44:52+00:00\",\"mainEntityOfPage\":{\"@id\":\"https:\\\/\\\/quehacerpolitico.mx\\\/?p=100811\"},\"wordCount\":403,\"commentCount\":0,\"image\":{\"@id\":\"https:\\\/\\\/quehacerpolitico.mx\\\/?p=100811#primaryimage\"},\"thumbnailUrl\":\"https:\\\/\\\/quehacerpolitico.mx\\\/wp-content\\\/uploads\\\/2023\\\/05\\\/IMG_7706.jpeg\",\"articleSection\":[\"Internacionales\"],\"inLanguage\":\"es\",\"potentialAction\":[{\"@type\":\"CommentAction\",\"name\":\"Comment\",\"target\":[\"https:\\\/\\\/quehacerpolitico.mx\\\/?p=100811#respond\"]}]},{\"@type\":\"WebPage\",\"@id\":\"https:\\\/\\\/quehacerpolitico.mx\\\/?p=100811\",\"url\":\"https:\\\/\\\/quehacerpolitico.mx\\\/?p=100811\",\"name\":\"Internacionales\\\/\\\/\\\/Carolina Alonso Romei\\\/\\\/\\\/Argentina agradece a M\u00e9xico por asistencia a turistas atacados en Oaxaca -\",\"isPartOf\":{\"@id\":\"https:\\\/\\\/quehacerpolitico.mx\\\/#website\"},\"primaryImageOfPage\":{\"@id\":\"https:\\\/\\\/quehacerpolitico.mx\\\/?p=100811#primaryimage\"},\"image\":{\"@id\":\"https:\\\/\\\/quehacerpolitico.mx\\\/?p=100811#primaryimage\"},\"thumbnailUrl\":\"https:\\\/\\\/quehacerpolitico.mx\\\/wp-content\\\/uploads\\\/2023\\\/05\\\/IMG_7706.jpeg\",\"datePublished\":\"2023-05-16T14:44:49+00:00\",\"dateModified\":\"2023-05-16T14:44:52+00:00\",\"author\":{\"@id\":\"https:\\\/\\\/quehacerpolitico.mx\\\/#\\\/schema\\\/person\\\/496d8ad2d1d3f8036101dca7ee39e585\"},\"breadcrumb\":{\"@id\":\"https:\\\/\\\/quehacerpolitico.mx\\\/?p=100811#breadcrumb\"},\"inLanguage\":\"es\",\"potentialAction\":[{\"@type\":\"ReadAction\",\"target\":[\"https:\\\/\\\/quehacerpolitico.mx\\\/?p=100811\"]}]},{\"@type\":\"ImageObject\",\"inLanguage\":\"es\",\"@id\":\"https:\\\/\\\/quehacerpolitico.mx\\\/?p=100811#primaryimage\",\"url\":\"https:\\\/\\\/quehacerpolitico.mx\\\/wp-content\\\/uploads\\\/2023\\\/05\\\/IMG_7706.jpeg\",\"contentUrl\":\"https:\\\/\\\/quehacerpolitico.mx\\\/wp-content\\\/uploads\\\/2023\\\/05\\\/IMG_7706.jpeg\",\"width\":610,\"height\":457},{\"@type\":\"BreadcrumbList\",\"@id\":\"https:\\\/\\\/quehacerpolitico.mx\\\/?p=100811#breadcrumb\",\"itemListElement\":[{\"@type\":\"ListItem\",\"position\":1,\"name\":\"Inicio\",\"item\":\"https:\\\/\\\/quehacerpolitico.mx\\\/\"},{\"@type\":\"ListItem\",\"position\":2,\"name\":\"Internacionales\\\/\\\/\\\/Carolina Alonso Romei\\\/\\\/\\\/Argentina agradece a M\u00e9xico por asistencia a turistas atacados en Oaxaca\"}]},{\"@type\":\"WebSite\",\"@id\":\"https:\\\/\\\/quehacerpolitico.mx\\\/#website\",\"url\":\"https:\\\/\\\/quehacerpolitico.mx\\\/\",\"name\":\"\",\"description\":\"\",\"potentialAction\":[{\"@type\":\"SearchAction\",\"target\":{\"@type\":\"EntryPoint\",\"urlTemplate\":\"https:\\\/\\\/quehacerpolitico.mx\\\/?s={search_term_string}\"},\"query-input\":{\"@type\":\"PropertyValueSpecification\",\"valueRequired\":true,\"valueName\":\"search_term_string\"}}],\"inLanguage\":\"es\"},{\"@type\":\"Person\",\"@id\":\"https:\\\/\\\/quehacerpolitico.mx\\\/#\\\/schema\\\/person\\\/496d8ad2d1d3f8036101dca7ee39e585\",\"name\":\"Redacci\u00f3n QP\",\"image\":{\"@type\":\"ImageObject\",\"inLanguage\":\"es\",\"@id\":\"https:\\\/\\\/secure.gravatar.com\\\/avatar\\\/c7164ed6fdec453195284ad24a5ae5b6e1eed2b848477fa2a4787ba9adf39a41?s=96&d=mm&r=g\",\"url\":\"https:\\\/\\\/secure.gravatar.com\\\/avatar\\\/c7164ed6fdec453195284ad24a5ae5b6e1eed2b848477fa2a4787ba9adf39a41?s=96&d=mm&r=g\",\"contentUrl\":\"https:\\\/\\\/secure.gravatar.com\\\/avatar\\\/c7164ed6fdec453195284ad24a5ae5b6e1eed2b848477fa2a4787ba9adf39a41?s=96&d=mm&r=g\",\"caption\":\"Redacci\u00f3n QP\"},\"url\":\"https:\\\/\\\/quehacerpolitico.mx\\\/?author=2\"}]}<\/script>\n<!-- \/ Yoast SEO plugin. -->","yoast_head_json":{"title":"Internacionales\/\/\/Carolina Alonso Romei\/\/\/Argentina agradece a M\u00e9xico por asistencia a turistas atacados en Oaxaca -","robots":{"index":"index","follow":"follow","max-snippet":"max-snippet:-1","max-image-preview":"max-image-preview:large","max-video-preview":"max-video-preview:-1"},"canonical":"https:\/\/quehacerpolitico.mx\/?p=100811","og_locale":"es_MX","og_type":"article","og_title":"Internacionales\/\/\/Carolina Alonso Romei\/\/\/Argentina agradece a M\u00e9xico por asistencia a turistas atacados en Oaxaca -","og_description":"Por Carolina Alonso Romei Internacionalista La Canciller\u00eda argentina agradeci\u00f3 por la atenci\u00f3n a sus conciudadanos,...","og_url":"https:\/\/quehacerpolitico.mx\/?p=100811","article_published_time":"2023-05-16T14:44:49+00:00","article_modified_time":"2023-05-16T14:44:52+00:00","og_image":[{"width":610,"height":457,"url":"https:\/\/quehacerpolitico.mx\/wp-content\/uploads\/2023\/05\/IMG_7706.jpeg","type":"image\/jpeg"}],"author":"Redacci\u00f3n QP","twitter_card":"summary_large_image","twitter_misc":{"Escrito por":"Redacci\u00f3n QP","Tiempo de lectura":"2 minutos"},"schema":{"@context":"https:\/\/schema.org","@graph":[{"@type":"Article","@id":"https:\/\/quehacerpolitico.mx\/?p=100811#article","isPartOf":{"@id":"https:\/\/quehacerpolitico.mx\/?p=100811"},"author":{"name":"Redacci\u00f3n QP","@id":"https:\/\/quehacerpolitico.mx\/#\/schema\/person\/496d8ad2d1d3f8036101dca7ee39e585"},"headline":"Internacionales\/\/\/Carolina Alonso Romei\/\/\/Argentina agradece a M\u00e9xico por asistencia a turistas atacados en Oaxaca","datePublished":"2023-05-16T14:44:49+00:00","dateModified":"2023-05-16T14:44:52+00:00","mainEntityOfPage":{"@id":"https:\/\/quehacerpolitico.mx\/?p=100811"},"wordCount":403,"commentCount":0,"image":{"@id":"https:\/\/quehacerpolitico.mx\/?p=100811#primaryimage"},"thumbnailUrl":"https:\/\/quehacerpolitico.mx\/wp-content\/uploads\/2023\/05\/IMG_7706.jpeg","articleSection":["Internacionales"],"inLanguage":"es","potentialAction":[{"@type":"CommentAction","name":"Comment","target":["https:\/\/quehacerpolitico.mx\/?p=100811#respond"]}]},{"@type":"WebPage","@id":"https:\/\/quehacerpolitico.mx\/?p=100811","url":"https:\/\/quehacerpolitico.mx\/?p=100811","name":"Internacionales\/\/\/Carolina Alonso Romei\/\/\/Argentina agradece a M\u00e9xico por asistencia a turistas atacados en Oaxaca -","isPartOf":{"@id":"https:\/\/quehacerpolitico.mx\/#website"},"primaryImageOfPage":{"@id":"https:\/\/quehacerpolitico.mx\/?p=100811#primaryimage"},"image":{"@id":"https:\/\/quehacerpolitico.mx\/?p=100811#primaryimage"},"thumbnailUrl":"https:\/\/quehacerpolitico.mx\/wp-content\/uploads\/2023\/05\/IMG_7706.jpeg","datePublished":"2023-05-16T14:44:49+00:00","dateModified":"2023-05-16T14:44:52+00:00","author":{"@id":"https:\/\/quehacerpolitico.mx\/#\/schema\/person\/496d8ad2d1d3f8036101dca7ee39e585"},"breadcrumb":{"@id":"https:\/\/quehacerpolitico.mx\/?p=100811#breadcrumb"},"inLanguage":"es","potentialAction":[{"@type":"ReadAction","target":["https:\/\/quehacerpolitico.mx\/?p=100811"]}]},{"@type":"ImageObject","inLanguage":"es","@id":"https:\/\/quehacerpolitico.mx\/?p=100811#primaryimage","url":"https:\/\/quehacerpolitico.mx\/wp-content\/uploads\/2023\/05\/IMG_7706.jpeg","contentUrl":"https:\/\/quehacerpolitico.mx\/wp-content\/uploads\/2023\/05\/IMG_7706.jpeg","width":610,"height":457},{"@type":"BreadcrumbList","@id":"https:\/\/quehacerpolitico.mx\/?p=100811#breadcrumb","itemListElement":[{"@type":"ListItem","position":1,"name":"Inicio","item":"https:\/\/quehacerpolitico.mx\/"},{"@type":"ListItem","position":2,"name":"Internacionales\/\/\/Carolina Alonso Romei\/\/\/Argentina agradece a M\u00e9xico por asistencia a turistas atacados en Oaxaca"}]},{"@type":"WebSite","@id":"https:\/\/quehacerpolitico.mx\/#website","url":"https:\/\/quehacerpolitico.mx\/","name":"","description":"","potentialAction":[{"@type":"SearchAction","target":{"@type":"EntryPoint","urlTemplate":"https:\/\/quehacerpolitico.mx\/?s={search_term_string}"},"query-input":{"@type":"PropertyValueSpecification","valueRequired":true,"valueName":"search_term_string"}}],"inLanguage":"es"},{"@type":"Person","@id":"https:\/\/quehacerpolitico.mx\/#\/schema\/person\/496d8ad2d1d3f8036101dca7ee39e585","name":"Redacci\u00f3n QP","image":{"@type":"ImageObject","inLanguage":"es","@id":"https:\/\/secure.gravatar.com\/avatar\/c7164ed6fdec453195284ad24a5ae5b6e1eed2b848477fa2a4787ba9adf39a41?s=96&d=mm&r=g","url":"https:\/\/secure.gravatar.com\/avatar\/c7164ed6fdec453195284ad24a5ae5b6e1eed2b848477fa2a4787ba9adf39a41?s=96&d=mm&r=g","contentUrl":"https:\/\/secure.gravatar.com\/avatar\/c7164ed6fdec453195284ad24a5ae5b6e1eed2b848477fa2a4787ba9adf39a41?s=96&d=mm&r=g","caption":"Redacci\u00f3n QP"},"url":"https:\/\/quehacerpolitico.mx\/?author=2"}]}},"featured_image_urls":{"full":["https:\/\/quehacerpolitico.mx\/wp-content\/uploads\/2023\/05\/IMG_7706.jpeg",610,457,false],"thumbnail":["https:\/\/quehacerpolitico.mx\/wp-content\/uploads\/2023\/05\/IMG_7706-150x150.jpeg",150,150,true],"medium":["https:\/\/quehacerpolitico.mx\/wp-content\/uploads\/2023\/05\/IMG_7706-300x225.jpeg",300,225,true],"medium_large":["https:\/\/quehacerpolitico.mx\/wp-content\/uploads\/2023\/05\/IMG_7706.jpeg",610,457,false],"large":["https:\/\/quehacerpolitico.mx\/wp-content\/uploads\/2023\/05\/IMG_7706.jpeg",610,457,false],"1536x1536":["https:\/\/quehacerpolitico.mx\/wp-content\/uploads\/2023\/05\/IMG_7706.jpeg",610,457,false],"2048x2048":["https:\/\/quehacerpolitico.mx\/wp-content\/uploads\/2023\/05\/IMG_7706.jpeg",610,457,false],"covernews-featured":["https:\/\/quehacerpolitico.mx\/wp-content\/uploads\/2023\/05\/IMG_7706.jpeg",610,457,false],"covernews-medium":["https:\/\/quehacerpolitico.mx\/wp-content\/uploads\/2023\/05\/IMG_7706.jpeg",454,340,false]},"author_info":{"display_name":"Redacci\u00f3n QP","author_link":"https:\/\/quehacerpolitico.mx\/?author=2"},"category_info":"<a href=\"https:\/\/quehacerpolitico.mx\/?cat=1\" rel=\"category\">Internacionales<\/a>","tag_info":"Internacionales","comment_count":"0","_links":{"self":[{"href":"https:\/\/quehacerpolitico.mx\/index.php?rest_route=\/wp\/v2\/posts\/100811","targetHints":{"allow":["GET"]}}],"collection":[{"href":"https:\/\/quehacerpolitico.mx\/index.php?rest_route=\/wp\/v2\/posts"}],"about":[{"href":"https:\/\/quehacerpolitico.mx\/index.php?rest_route=\/wp\/v2\/types\/post"}],"author":[{"embeddable":true,"href":"https:\/\/quehacerpolitico.mx\/index.php?rest_route=\/wp\/v2\/users\/2"}],"replies":[{"embeddable":true,"href":"https:\/\/quehacerpolitico.mx\/index.php?rest_route=%2Fwp%2Fv2%2Fcomments&post=100811"}],"version-history":[{"count":1,"href":"https:\/\/quehacerpolitico.mx\/index.php?rest_route=\/wp\/v2\/posts\/100811\/revisions"}],"predecessor-version":[{"id":100818,"href":"https:\/\/quehacerpolitico.mx\/index.php?rest_route=\/wp\/v2\/posts\/100811\/revisions\/100818"}],"wp:featuredmedia":[{"embeddable":true,"href":"https:\/\/quehacerpolitico.mx\/index.php?rest_route=\/wp\/v2\/media\/100816"}],"wp:attachment":[{"href":"https:\/\/quehacerpolitico.mx\/index.php?rest_route=%2Fwp%2Fv2%2Fmedia&parent=100811"}],"wp:term":[{"taxonomy":"category","embeddable":true,"href":"https:\/\/quehacerpolitico.mx\/index.php?rest_route=%2Fwp%2Fv2%2Fcategories&post=100811"},{"taxonomy":"post_tag","embeddable":true,"href":"https:\/\/quehacerpolitico.mx\/index.php?rest_route=%2Fwp%2Fv2%2Ftags&post=100811"}],"curies":[{"name":"wp","href":"https:\/\/api.w.org\/{rel}","templated":true}]}}