{"id":100805,"date":"2023-05-16T13:53:44","date_gmt":"2023-05-16T13:53:44","guid":{"rendered":"https:\/\/quehacerpolitico.mx\/?p=100805"},"modified":"2023-05-16T16:24:51","modified_gmt":"2023-05-16T16:24:51","slug":"hoy-amanecimos-con-profesores-del-snte-retirando-las-vallas-de-palacio-nacional-y-tratando-de-entrar-a-leer-su-pliego-petitorio","status":"publish","type":"post","link":"https:\/\/quehacerpolitico.mx\/?p=100805","title":{"rendered":"hoy amanecimos con profesores de la CNTE retirando las vallas de Palacio Nacional y tratando de entrar a leer su pliego petitorio"},"content":{"rendered":"\n<p>Por Redacci\u00f3n QP<\/p>\n\n\n\n<p>Los maestros, integrantes de la Secci\u00f3n 22 del CNTE de Oaxaca, intentaron dar portazo en el acceso principal de Palacio Nacional<\/p>\n\n\n\n<p>Un grupo de&nbsp;<strong>maestros de Oaxaca<\/strong>&nbsp;retir\u00f3 las vallas de&nbsp;<strong>Palacio Nacional<\/strong>&nbsp;para intentar&nbsp;<strong>entrar al recinto<\/strong>, justo minutos antes de iniciar la conferencia matutina del presidente<strong> Andr\u00e9s Manuel Lopez Obrador<\/strong>.<\/p>\n\n\n\n<figure class=\"wp-block-embed is-type-rich is-provider-twitter wp-block-embed-twitter\"><div class=\"wp-block-embed__wrapper\">\n<blockquote class=\"twitter-tweet\" data-width=\"550\" data-dnt=\"true\"><p lang=\"es\" dir=\"ltr\">Maestros de la secci\u00f3n 22 de Oaxaca llegan al Z\u00f3calo de la CDMX. <a href=\"https:\/\/t.co\/MwUiBQHMPt\">pic.twitter.com\/MwUiBQHMPt<\/a><\/p>&mdash; LupitaJuarez (@LupitaJuarezH) <a href=\"https:\/\/twitter.com\/LupitaJuarezH\/status\/1658458083457224705?ref_src=twsrc%5Etfw\">May 16, 2023<\/a><\/blockquote><script async src=\"https:\/\/platform.twitter.com\/widgets.js\" charset=\"utf-8\"><\/script>\n<\/div><\/figure>\n\n\n\n<figure class=\"wp-block-embed is-type-rich is-provider-twitter wp-block-embed-twitter\"><div class=\"wp-block-embed__wrapper\">\n<blockquote class=\"twitter-tweet\" data-width=\"550\" data-dnt=\"true\"><p lang=\"es\" dir=\"ltr\">Buenos d\u00edas, hoy amanecimos con profesores del SNTE retirando las vallas de Palacio Nacional y tratando de entrar a leer su pliego petitorio.<br><br> <a href=\"https:\/\/t.co\/yUhmydQ5HN\">pic.twitter.com\/yUhmydQ5HN<\/a><\/p>&mdash; Ruido en la Red (@RuidoEnLaRed) <a href=\"https:\/\/twitter.com\/RuidoEnLaRed\/status\/1658452471516209159?ref_src=twsrc%5Etfw\">May 16, 2023<\/a><\/blockquote><script async src=\"https:\/\/platform.twitter.com\/widgets.js\" charset=\"utf-8\"><\/script>\n<\/div><\/figure>\n\n\n\n<figure class=\"wp-block-embed is-type-rich is-provider-twitter wp-block-embed-twitter\"><div class=\"wp-block-embed__wrapper\">\n<blockquote class=\"twitter-tweet\" data-width=\"550\" data-dnt=\"true\"><p lang=\"es\" dir=\"ltr\">As\u00ed hace unos minutos frente a Palacio Nacional donde Maestros trataron de ingresar con una camioneta a Palacio Nacional. <a href=\"https:\/\/t.co\/9J5OmNgaSv\">pic.twitter.com\/9J5OmNgaSv<\/a><\/p>&mdash; hermes (@vialhermes) <a href=\"https:\/\/twitter.com\/vialhermes\/status\/1658453882912280576?ref_src=twsrc%5Etfw\">May 16, 2023<\/a><\/blockquote><script async src=\"https:\/\/platform.twitter.com\/widgets.js\" charset=\"utf-8\"><\/script>\n<\/div><\/figure>\n\n\n\n<p>Los manifestantes, integrantes de&nbsp;la&nbsp;<strong>Secci\u00f3n&nbsp;22&nbsp;de la CNTE de Oaxaca<\/strong>, intentaron dar portazo en el acceso principal de Palacio Nacional, sin embargo, llegaron agentes de la Secretar\u00eda de Seguridad Ciudadana de la Ciudad de M\u00e9xico (<strong>SSC CDMX<\/strong>).<\/p>\n\n\n\n<figure class=\"wp-block-embed is-type-rich is-provider-twitter wp-block-embed-twitter\"><div class=\"wp-block-embed__wrapper\">\n<blockquote class=\"twitter-tweet\" data-width=\"550\" data-dnt=\"true\"><p lang=\"es\" dir=\"ltr\"><a href=\"https:\/\/twitter.com\/hashtag\/%C3%9AltimaHora?src=hash&amp;ref_src=twsrc%5Etfw\">#\u00daltimaHora<\/a> | Elementos de Seguridad Ciudadana contienen a un grupo de maestros de la CNTE que intentan entrar a Palacio Nacional por la puerta principal, frente al Z\u00f3calo. <a href=\"https:\/\/twitter.com\/hashtag\/LasNoticiasDeFOROtv?src=hash&amp;ref_src=twsrc%5Etfw\">#LasNoticiasDeFOROtv<\/a> con <a href=\"https:\/\/twitter.com\/ERIKCAMACHOTV?ref_src=twsrc%5Etfw\">@ERIKCAMACHOTV<\/a> |\u00a0Sigue la se\u00f1al en vivo por <a href=\"https:\/\/t.co\/R0rtaHzqZe\">https:\/\/t.co\/R0rtaHzqZe<\/a> <a href=\"https:\/\/t.co\/8U2x4SBK9m\">pic.twitter.com\/8U2x4SBK9m<\/a><\/p>&mdash; N+ FORO (@Foro_TV) <a href=\"https:\/\/twitter.com\/Foro_TV\/status\/1658452176673406978?ref_src=twsrc%5Etfw\">May 16, 2023<\/a><\/blockquote><script async src=\"https:\/\/platform.twitter.com\/widgets.js\" charset=\"utf-8\"><\/script>\n<\/div><\/figure>\n\n\n\n<p>Incluso, los maestros llegaron a estacionar una camioneta frente a Palacio Nacional, esto para intentar presionar a las autoridades en la b\u00fasqueda de entregar un pliego petitorio.<\/p>\n\n\n\n<p>Tras algunos minutos de tensi\u00f3n, con algunos intercambios de golpes, los polic\u00edas capitalinos finalmente lograron controlar la situaci\u00f3n y resguardar el recinto hist\u00f3rico.<\/p>\n\n\n\n<p>Los inconformes aseguran que no es suficiente el 8.2 por ciento del aumento anunciado ayer por el presidente L\u00f3pez Obrador un d\u00eda.<\/p>\n\n\n\n<p>La&nbsp;<strong>Coordinadora Nacional de Trabajadores de la Educaci\u00f3n<\/strong>(CNTE), la facci\u00f3n disidente del sindicato del gremio, rechaz\u00f3 este lunes el&nbsp;incremento salarial del 8.2 por ciento anunciado por el presidente L\u00f3pez Obrador.<\/p>\n\n\n\n<figure class=\"wp-block-embed is-type-rich is-provider-twitter wp-block-embed-twitter\"><div class=\"wp-block-embed__wrapper\">\n<blockquote class=\"twitter-tweet\" data-width=\"550\" data-dnt=\"true\"><p lang=\"es\" dir=\"ltr\">Un grupo de maestros tratan de ingresar a Palacio Nacional,se registran algunos empujones con elementos de la <a href=\"https:\/\/twitter.com\/SSC_CDMX?ref_src=twsrc%5Etfw\">@SSC_CDMX<\/a> . <a href=\"https:\/\/t.co\/Wop8phnYqG\">pic.twitter.com\/Wop8phnYqG<\/a><\/p>&mdash; hermes (@vialhermes) <a href=\"https:\/\/twitter.com\/vialhermes\/status\/1658453077714964481?ref_src=twsrc%5Etfw\">May 16, 2023<\/a><\/blockquote><script async src=\"https:\/\/platform.twitter.com\/widgets.js\" charset=\"utf-8\"><\/script>\n<\/div><\/figure>\n\n\n\n<p>Demandaron al Gobierno mexicano establecer una mesa de negociaci\u00f3n para dar respuesta a sus reclamaciones y mayor presupuesto para la educaci\u00f3n.<\/p>\n\n\n\n<p>En su anuncio, L\u00f3pez Obrador dijo que con el incremento salarial ning\u00fan docente ganar\u00e1 menos de 16 mil pesos mensuales, lo que implicar\u00e1 una inversi\u00f3n de 42 mil millones de pesos.<\/p>\n","protected":false},"excerpt":{"rendered":"<p>Por Redacci\u00f3n QP Los maestros, integrantes de la Secci\u00f3n 22 del CNTE de Oaxaca, intentaron&#8230;<\/p>\n","protected":false},"author":2,"featured_media":100806,"comment_status":"open","ping_status":"open","sticky":false,"template":"","format":"standard","meta":{"_monsterinsights_skip_tracking":false,"_monsterinsights_sitenote_active":false,"_monsterinsights_sitenote_note":"","_monsterinsights_sitenote_category":0,"footnotes":""},"categories":[2],"tags":[],"class_list":["post-100805","post","type-post","status-publish","format-standard","has-post-thumbnail","hentry","category-noticias"],"yoast_head":"<!-- This site is optimized with the Yoast SEO plugin v27.3 - https:\/\/yoast.com\/product\/yoast-seo-wordpress\/ -->\n<title>hoy amanecimos con profesores de la CNTE retirando las vallas de Palacio Nacional y tratando de entrar a leer su pliego petitorio -<\/title>\n<meta name=\"robots\" content=\"index, follow, max-snippet:-1, max-image-preview:large, max-video-preview:-1\" \/>\n<link rel=\"canonical\" href=\"https:\/\/quehacerpolitico.mx\/?p=100805\" \/>\n<meta property=\"og:locale\" content=\"es_MX\" \/>\n<meta property=\"og:type\" content=\"article\" \/>\n<meta property=\"og:title\" content=\"hoy amanecimos con profesores de la CNTE retirando las vallas de Palacio Nacional y tratando de entrar a leer su pliego petitorio -\" \/>\n<meta property=\"og:description\" content=\"Por Redacci\u00f3n QP Los maestros, integrantes de la Secci\u00f3n 22 del CNTE de Oaxaca, intentaron...\" \/>\n<meta property=\"og:url\" content=\"https:\/\/quehacerpolitico.mx\/?p=100805\" \/>\n<meta property=\"article:published_time\" content=\"2023-05-16T13:53:44+00:00\" \/>\n<meta property=\"article:modified_time\" content=\"2023-05-16T16:24:51+00:00\" \/>\n<meta property=\"og:image\" content=\"https:\/\/quehacerpolitico.mx\/wp-content\/uploads\/2023\/05\/IMG_7699.jpeg\" \/>\n\t<meta property=\"og:image:width\" content=\"1284\" \/>\n\t<meta property=\"og:image:height\" content=\"668\" \/>\n\t<meta property=\"og:image:type\" content=\"image\/jpeg\" \/>\n<meta name=\"author\" content=\"Redacci\u00f3n QP\" \/>\n<meta name=\"twitter:card\" content=\"summary_large_image\" \/>\n<meta name=\"twitter:label1\" content=\"Escrito por\" \/>\n\t<meta name=\"twitter:data1\" content=\"Redacci\u00f3n QP\" \/>\n\t<meta name=\"twitter:label2\" content=\"Tiempo de lectura\" \/>\n\t<meta name=\"twitter:data2\" content=\"2 minutos\" \/>\n<script type=\"application\/ld+json\" class=\"yoast-schema-graph\">{\"@context\":\"https:\\\/\\\/schema.org\",\"@graph\":[{\"@type\":\"Article\",\"@id\":\"https:\\\/\\\/quehacerpolitico.mx\\\/?p=100805#article\",\"isPartOf\":{\"@id\":\"https:\\\/\\\/quehacerpolitico.mx\\\/?p=100805\"},\"author\":{\"name\":\"Redacci\u00f3n QP\",\"@id\":\"https:\\\/\\\/quehacerpolitico.mx\\\/#\\\/schema\\\/person\\\/496d8ad2d1d3f8036101dca7ee39e585\"},\"headline\":\"hoy amanecimos con profesores de la CNTE retirando las vallas de Palacio Nacional y tratando de entrar a leer su pliego petitorio\",\"datePublished\":\"2023-05-16T13:53:44+00:00\",\"dateModified\":\"2023-05-16T16:24:51+00:00\",\"mainEntityOfPage\":{\"@id\":\"https:\\\/\\\/quehacerpolitico.mx\\\/?p=100805\"},\"wordCount\":354,\"commentCount\":0,\"image\":{\"@id\":\"https:\\\/\\\/quehacerpolitico.mx\\\/?p=100805#primaryimage\"},\"thumbnailUrl\":\"https:\\\/\\\/quehacerpolitico.mx\\\/wp-content\\\/uploads\\\/2023\\\/05\\\/IMG_7699.jpeg\",\"articleSection\":[\"Noticias\"],\"inLanguage\":\"es\",\"potentialAction\":[{\"@type\":\"CommentAction\",\"name\":\"Comment\",\"target\":[\"https:\\\/\\\/quehacerpolitico.mx\\\/?p=100805#respond\"]}]},{\"@type\":\"WebPage\",\"@id\":\"https:\\\/\\\/quehacerpolitico.mx\\\/?p=100805\",\"url\":\"https:\\\/\\\/quehacerpolitico.mx\\\/?p=100805\",\"name\":\"hoy amanecimos con profesores de la CNTE retirando las vallas de Palacio Nacional y tratando de entrar a leer su pliego petitorio -\",\"isPartOf\":{\"@id\":\"https:\\\/\\\/quehacerpolitico.mx\\\/#website\"},\"primaryImageOfPage\":{\"@id\":\"https:\\\/\\\/quehacerpolitico.mx\\\/?p=100805#primaryimage\"},\"image\":{\"@id\":\"https:\\\/\\\/quehacerpolitico.mx\\\/?p=100805#primaryimage\"},\"thumbnailUrl\":\"https:\\\/\\\/quehacerpolitico.mx\\\/wp-content\\\/uploads\\\/2023\\\/05\\\/IMG_7699.jpeg\",\"datePublished\":\"2023-05-16T13:53:44+00:00\",\"dateModified\":\"2023-05-16T16:24:51+00:00\",\"author\":{\"@id\":\"https:\\\/\\\/quehacerpolitico.mx\\\/#\\\/schema\\\/person\\\/496d8ad2d1d3f8036101dca7ee39e585\"},\"breadcrumb\":{\"@id\":\"https:\\\/\\\/quehacerpolitico.mx\\\/?p=100805#breadcrumb\"},\"inLanguage\":\"es\",\"potentialAction\":[{\"@type\":\"ReadAction\",\"target\":[\"https:\\\/\\\/quehacerpolitico.mx\\\/?p=100805\"]}]},{\"@type\":\"ImageObject\",\"inLanguage\":\"es\",\"@id\":\"https:\\\/\\\/quehacerpolitico.mx\\\/?p=100805#primaryimage\",\"url\":\"https:\\\/\\\/quehacerpolitico.mx\\\/wp-content\\\/uploads\\\/2023\\\/05\\\/IMG_7699.jpeg\",\"contentUrl\":\"https:\\\/\\\/quehacerpolitico.mx\\\/wp-content\\\/uploads\\\/2023\\\/05\\\/IMG_7699.jpeg\",\"width\":1284,\"height\":668},{\"@type\":\"BreadcrumbList\",\"@id\":\"https:\\\/\\\/quehacerpolitico.mx\\\/?p=100805#breadcrumb\",\"itemListElement\":[{\"@type\":\"ListItem\",\"position\":1,\"name\":\"Inicio\",\"item\":\"https:\\\/\\\/quehacerpolitico.mx\\\/\"},{\"@type\":\"ListItem\",\"position\":2,\"name\":\"hoy amanecimos con profesores de la CNTE retirando las vallas de Palacio Nacional y tratando de entrar a leer su pliego petitorio\"}]},{\"@type\":\"WebSite\",\"@id\":\"https:\\\/\\\/quehacerpolitico.mx\\\/#website\",\"url\":\"https:\\\/\\\/quehacerpolitico.mx\\\/\",\"name\":\"\",\"description\":\"\",\"potentialAction\":[{\"@type\":\"SearchAction\",\"target\":{\"@type\":\"EntryPoint\",\"urlTemplate\":\"https:\\\/\\\/quehacerpolitico.mx\\\/?s={search_term_string}\"},\"query-input\":{\"@type\":\"PropertyValueSpecification\",\"valueRequired\":true,\"valueName\":\"search_term_string\"}}],\"inLanguage\":\"es\"},{\"@type\":\"Person\",\"@id\":\"https:\\\/\\\/quehacerpolitico.mx\\\/#\\\/schema\\\/person\\\/496d8ad2d1d3f8036101dca7ee39e585\",\"name\":\"Redacci\u00f3n QP\",\"image\":{\"@type\":\"ImageObject\",\"inLanguage\":\"es\",\"@id\":\"https:\\\/\\\/secure.gravatar.com\\\/avatar\\\/c7164ed6fdec453195284ad24a5ae5b6e1eed2b848477fa2a4787ba9adf39a41?s=96&d=mm&r=g\",\"url\":\"https:\\\/\\\/secure.gravatar.com\\\/avatar\\\/c7164ed6fdec453195284ad24a5ae5b6e1eed2b848477fa2a4787ba9adf39a41?s=96&d=mm&r=g\",\"contentUrl\":\"https:\\\/\\\/secure.gravatar.com\\\/avatar\\\/c7164ed6fdec453195284ad24a5ae5b6e1eed2b848477fa2a4787ba9adf39a41?s=96&d=mm&r=g\",\"caption\":\"Redacci\u00f3n QP\"},\"url\":\"https:\\\/\\\/quehacerpolitico.mx\\\/?author=2\"}]}<\/script>\n<!-- \/ Yoast SEO plugin. -->","yoast_head_json":{"title":"hoy amanecimos con profesores de la CNTE retirando las vallas de Palacio Nacional y tratando de entrar a leer su pliego petitorio -","robots":{"index":"index","follow":"follow","max-snippet":"max-snippet:-1","max-image-preview":"max-image-preview:large","max-video-preview":"max-video-preview:-1"},"canonical":"https:\/\/quehacerpolitico.mx\/?p=100805","og_locale":"es_MX","og_type":"article","og_title":"hoy amanecimos con profesores de la CNTE retirando las vallas de Palacio Nacional y tratando de entrar a leer su pliego petitorio -","og_description":"Por Redacci\u00f3n QP Los maestros, integrantes de la Secci\u00f3n 22 del CNTE de Oaxaca, intentaron...","og_url":"https:\/\/quehacerpolitico.mx\/?p=100805","article_published_time":"2023-05-16T13:53:44+00:00","article_modified_time":"2023-05-16T16:24:51+00:00","og_image":[{"width":1284,"height":668,"url":"https:\/\/quehacerpolitico.mx\/wp-content\/uploads\/2023\/05\/IMG_7699.jpeg","type":"image\/jpeg"}],"author":"Redacci\u00f3n QP","twitter_card":"summary_large_image","twitter_misc":{"Escrito por":"Redacci\u00f3n QP","Tiempo de lectura":"2 minutos"},"schema":{"@context":"https:\/\/schema.org","@graph":[{"@type":"Article","@id":"https:\/\/quehacerpolitico.mx\/?p=100805#article","isPartOf":{"@id":"https:\/\/quehacerpolitico.mx\/?p=100805"},"author":{"name":"Redacci\u00f3n QP","@id":"https:\/\/quehacerpolitico.mx\/#\/schema\/person\/496d8ad2d1d3f8036101dca7ee39e585"},"headline":"hoy amanecimos con profesores de la CNTE retirando las vallas de Palacio Nacional y tratando de entrar a leer su pliego petitorio","datePublished":"2023-05-16T13:53:44+00:00","dateModified":"2023-05-16T16:24:51+00:00","mainEntityOfPage":{"@id":"https:\/\/quehacerpolitico.mx\/?p=100805"},"wordCount":354,"commentCount":0,"image":{"@id":"https:\/\/quehacerpolitico.mx\/?p=100805#primaryimage"},"thumbnailUrl":"https:\/\/quehacerpolitico.mx\/wp-content\/uploads\/2023\/05\/IMG_7699.jpeg","articleSection":["Noticias"],"inLanguage":"es","potentialAction":[{"@type":"CommentAction","name":"Comment","target":["https:\/\/quehacerpolitico.mx\/?p=100805#respond"]}]},{"@type":"WebPage","@id":"https:\/\/quehacerpolitico.mx\/?p=100805","url":"https:\/\/quehacerpolitico.mx\/?p=100805","name":"hoy amanecimos con profesores de la CNTE retirando las vallas de Palacio Nacional y tratando de entrar a leer su pliego petitorio -","isPartOf":{"@id":"https:\/\/quehacerpolitico.mx\/#website"},"primaryImageOfPage":{"@id":"https:\/\/quehacerpolitico.mx\/?p=100805#primaryimage"},"image":{"@id":"https:\/\/quehacerpolitico.mx\/?p=100805#primaryimage"},"thumbnailUrl":"https:\/\/quehacerpolitico.mx\/wp-content\/uploads\/2023\/05\/IMG_7699.jpeg","datePublished":"2023-05-16T13:53:44+00:00","dateModified":"2023-05-16T16:24:51+00:00","author":{"@id":"https:\/\/quehacerpolitico.mx\/#\/schema\/person\/496d8ad2d1d3f8036101dca7ee39e585"},"breadcrumb":{"@id":"https:\/\/quehacerpolitico.mx\/?p=100805#breadcrumb"},"inLanguage":"es","potentialAction":[{"@type":"ReadAction","target":["https:\/\/quehacerpolitico.mx\/?p=100805"]}]},{"@type":"ImageObject","inLanguage":"es","@id":"https:\/\/quehacerpolitico.mx\/?p=100805#primaryimage","url":"https:\/\/quehacerpolitico.mx\/wp-content\/uploads\/2023\/05\/IMG_7699.jpeg","contentUrl":"https:\/\/quehacerpolitico.mx\/wp-content\/uploads\/2023\/05\/IMG_7699.jpeg","width":1284,"height":668},{"@type":"BreadcrumbList","@id":"https:\/\/quehacerpolitico.mx\/?p=100805#breadcrumb","itemListElement":[{"@type":"ListItem","position":1,"name":"Inicio","item":"https:\/\/quehacerpolitico.mx\/"},{"@type":"ListItem","position":2,"name":"hoy amanecimos con profesores de la CNTE retirando las vallas de Palacio Nacional y tratando de entrar a leer su pliego petitorio"}]},{"@type":"WebSite","@id":"https:\/\/quehacerpolitico.mx\/#website","url":"https:\/\/quehacerpolitico.mx\/","name":"","description":"","potentialAction":[{"@type":"SearchAction","target":{"@type":"EntryPoint","urlTemplate":"https:\/\/quehacerpolitico.mx\/?s={search_term_string}"},"query-input":{"@type":"PropertyValueSpecification","valueRequired":true,"valueName":"search_term_string"}}],"inLanguage":"es"},{"@type":"Person","@id":"https:\/\/quehacerpolitico.mx\/#\/schema\/person\/496d8ad2d1d3f8036101dca7ee39e585","name":"Redacci\u00f3n QP","image":{"@type":"ImageObject","inLanguage":"es","@id":"https:\/\/secure.gravatar.com\/avatar\/c7164ed6fdec453195284ad24a5ae5b6e1eed2b848477fa2a4787ba9adf39a41?s=96&d=mm&r=g","url":"https:\/\/secure.gravatar.com\/avatar\/c7164ed6fdec453195284ad24a5ae5b6e1eed2b848477fa2a4787ba9adf39a41?s=96&d=mm&r=g","contentUrl":"https:\/\/secure.gravatar.com\/avatar\/c7164ed6fdec453195284ad24a5ae5b6e1eed2b848477fa2a4787ba9adf39a41?s=96&d=mm&r=g","caption":"Redacci\u00f3n QP"},"url":"https:\/\/quehacerpolitico.mx\/?author=2"}]}},"featured_image_urls":{"full":["https:\/\/quehacerpolitico.mx\/wp-content\/uploads\/2023\/05\/IMG_7699.jpeg",1284,668,false],"thumbnail":["https:\/\/quehacerpolitico.mx\/wp-content\/uploads\/2023\/05\/IMG_7699-150x150.jpeg",150,150,true],"medium":["https:\/\/quehacerpolitico.mx\/wp-content\/uploads\/2023\/05\/IMG_7699-300x156.jpeg",300,156,true],"medium_large":["https:\/\/quehacerpolitico.mx\/wp-content\/uploads\/2023\/05\/IMG_7699-768x400.jpeg",640,333,true],"large":["https:\/\/quehacerpolitico.mx\/wp-content\/uploads\/2023\/05\/IMG_7699-1024x533.jpeg",640,333,true],"1536x1536":["https:\/\/quehacerpolitico.mx\/wp-content\/uploads\/2023\/05\/IMG_7699.jpeg",1284,668,false],"2048x2048":["https:\/\/quehacerpolitico.mx\/wp-content\/uploads\/2023\/05\/IMG_7699.jpeg",1284,668,false],"covernews-featured":["https:\/\/quehacerpolitico.mx\/wp-content\/uploads\/2023\/05\/IMG_7699.jpeg",1024,533,false],"covernews-medium":["https:\/\/quehacerpolitico.mx\/wp-content\/uploads\/2023\/05\/IMG_7699.jpeg",540,281,false]},"author_info":{"display_name":"Redacci\u00f3n QP","author_link":"https:\/\/quehacerpolitico.mx\/?author=2"},"category_info":"<a href=\"https:\/\/quehacerpolitico.mx\/?cat=2\" rel=\"category\">Noticias<\/a>","tag_info":"Noticias","comment_count":"0","_links":{"self":[{"href":"https:\/\/quehacerpolitico.mx\/index.php?rest_route=\/wp\/v2\/posts\/100805","targetHints":{"allow":["GET"]}}],"collection":[{"href":"https:\/\/quehacerpolitico.mx\/index.php?rest_route=\/wp\/v2\/posts"}],"about":[{"href":"https:\/\/quehacerpolitico.mx\/index.php?rest_route=\/wp\/v2\/types\/post"}],"author":[{"embeddable":true,"href":"https:\/\/quehacerpolitico.mx\/index.php?rest_route=\/wp\/v2\/users\/2"}],"replies":[{"embeddable":true,"href":"https:\/\/quehacerpolitico.mx\/index.php?rest_route=%2Fwp%2Fv2%2Fcomments&post=100805"}],"version-history":[{"count":2,"href":"https:\/\/quehacerpolitico.mx\/index.php?rest_route=\/wp\/v2\/posts\/100805\/revisions"}],"predecessor-version":[{"id":100822,"href":"https:\/\/quehacerpolitico.mx\/index.php?rest_route=\/wp\/v2\/posts\/100805\/revisions\/100822"}],"wp:featuredmedia":[{"embeddable":true,"href":"https:\/\/quehacerpolitico.mx\/index.php?rest_route=\/wp\/v2\/media\/100806"}],"wp:attachment":[{"href":"https:\/\/quehacerpolitico.mx\/index.php?rest_route=%2Fwp%2Fv2%2Fmedia&parent=100805"}],"wp:term":[{"taxonomy":"category","embeddable":true,"href":"https:\/\/quehacerpolitico.mx\/index.php?rest_route=%2Fwp%2Fv2%2Fcategories&post=100805"},{"taxonomy":"post_tag","embeddable":true,"href":"https:\/\/quehacerpolitico.mx\/index.php?rest_route=%2Fwp%2Fv2%2Ftags&post=100805"}],"curies":[{"name":"wp","href":"https:\/\/api.w.org\/{rel}","templated":true}]}}