{"id":100786,"date":"2023-05-15T19:52:32","date_gmt":"2023-05-15T19:52:32","guid":{"rendered":"https:\/\/quehacerpolitico.mx\/?p=100786"},"modified":"2023-05-15T19:52:35","modified_gmt":"2023-05-15T19:52:35","slug":"luis-cresencio-sandoval-compro-departamento-lujoso-a-proveedor-de-la-sedena-mcci","status":"publish","type":"post","link":"https:\/\/quehacerpolitico.mx\/?p=100786","title":{"rendered":"Luis Cresencio Sandoval compr\u00f3 departamento lujoso a proveedor de la Sedena: MCCI"},"content":{"rendered":"\n<p>Por Redacci\u00f3n QP<\/p>\n\n\n\n<p>Dos a\u00f1os despu\u00e9s de la transacci\u00f3n, la empresa proveedora tuvo un contrato de la Sedena, de acuerdo con Mexicanos contra la Corrupci\u00f3n<\/p>\n\n\n\n<p>Una investigaci\u00f3n de Mexicanos contra la Corrupci\u00f3n y la Impunidad (MCCI) revel\u00f3 que<strong>\u00a0la socia de una empresa proveedora de la Sedena le vendi\u00f3 al general Luis Cresencio Sandoval Gonz\u00e1lez un departamento de 407 metros cuadrados en el fraccionamiento Bosque Real,<\/strong>\u00a0en Huixquilican; dos a\u00f1os despu\u00e9s de la transacci\u00f3n, la empresa proveedora tuvo un contrato de la dependencia castrense,\u00a0se\u00f1ala el organismo.<\/p>\n\n\n\n<p>El titular de la Sedena report\u00f3 a la Secretar\u00eda de la Funci\u00f3n P\u00fablica (SFP) que el valor de adquisici\u00f3n del departamento fue de nueve millones de pesos, pero MCCI corrobor\u00f3 que inmuebles de dimensiones y caracter\u00edsticas similares en el mismo fraccionamiento\u00a0<strong>son vendidos hasta en 30 millones de pesos, el triple del valor reportado por Sandoval Gonz\u00e1lez.<\/strong><\/p>\n\n\n\n<p>En la declaraci\u00f3n patrimonial de Sandoval, hecha en mayo de 2022,\u00a0<strong>solicit\u00f3 a la Funci\u00f3n P\u00fablica no dar informaci\u00f3n sobre sus bienes inmuebles<\/strong>; sin embargo, MCCI obtuvo copia de la declaraci\u00f3n completa, sin bienes omitidos, que Sandoval entreg\u00f3 a Funci\u00f3n P\u00fablica. Ah\u00ed consta que el 17 de febrero de 2020 una persona f\u00edsica de nombre Alejandra Aguilar Sol\u00f3rzano le traspas\u00f3 la propiedad de un departamento de 407 metros cuadrados en el cuarto piso de un edificio ubicado sobre el Bulevar Bosque Real.<\/p>\n\n\n\n<p>MCCI descubri\u00f3 en su investigaci\u00f3n que<strong>\u00a0quien vendi\u00f3 el departamento es accionista de la empresa \u201cProtective Materials Technology\u201d<\/strong>(Promatech), proveedora de la Sedena en la actual administraci\u00f3n federal.<\/p>\n\n\n\n<figure class=\"wp-block-embed is-type-rich is-provider-twitter wp-block-embed-twitter\"><div class=\"wp-block-embed__wrapper\">\n<blockquote class=\"twitter-tweet\" data-width=\"550\" data-dnt=\"true\"><p lang=\"es\" dir=\"ltr\"><a href=\"https:\/\/twitter.com\/hashtag\/%C3%9AltimaHora?src=hash&amp;ref_src=twsrc%5Etfw\">#\u00daltimaHora<\/a> \u26a0\ufe0f: Una proveedora de la <a href=\"https:\/\/twitter.com\/SEDENAmx?ref_src=twsrc%5Etfw\">@SEDENAmx<\/a> le vendi\u00f3 al general Luis Cresencio Sandoval un departamento de lujo valuado en m\u00e1s de un mill\u00f3n de d\u00f3lares. <br><br>Abrimos hilo \ud83e\uddf5 <a href=\"https:\/\/t.co\/WaOfCAmJhz\">pic.twitter.com\/WaOfCAmJhz<\/a><\/p>&mdash; Mexicanos Contra la Corrupci\u00f3n (@MXvsCORRUPCION) <a href=\"https:\/\/twitter.com\/MXvsCORRUPCION\/status\/1658100331564224513?ref_src=twsrc%5Etfw\">May 15, 2023<\/a><\/blockquote><script async src=\"https:\/\/platform.twitter.com\/widgets.js\" charset=\"utf-8\"><\/script>\n<\/div><\/figure>\n\n\n\n<p>La empresa tiene como socias a Alejandra Aguilar Sol\u00f3rzano y a su hermana Elisa, cada una con el 50 por ciento de las acciones. Ambas son hijas de Alfredo Aguilar Amezcua, un militar retirado que es apoderado legal de la compa\u00f1\u00eda.<\/p>\n\n\n\n<p>Asimismo, el informe detalla que en febrero de 2022, la empresa obtuvo un contrato de la Sedena por 319 millones de pesos para el abastecimiento de 48 mil juegos de placas bal\u00edsticas.<\/p>\n\n\n\n<p>En su declaraci\u00f3n patrimonial, Sandoval report\u00f3 que el valor de la adquisici\u00f3n de su departamento en Bosque Real fue de nueve millones de pesos, y que\u00a0<strong>lo compr\u00f3 con un cr\u00e9dito hipotecario otorgado en febrero de 2020 por el Banco Nacional del Ej\u00e9rcito (Banj\u00e9rcito).<\/strong><\/p>\n\n\n\n<p>Detallan que el departamento, ubicado en el conjunto denominado \u201cCuatro Puntos\u201d de Bosque Real, tiene<strong>\u00a0tres rec\u00e1maras con ba\u00f1o, una amplia estancia, panor\u00e1mica de cuatro puntos, terraza con vista al campo de golf, elevador directo al piso, oficina y cuarto de juegos<\/strong>, mientras que edificio cuenta con amenidades de lujo como alberca techada, gimnasio y jardines.<\/p>\n","protected":false},"excerpt":{"rendered":"<p>Por Redacci\u00f3n QP Dos a\u00f1os despu\u00e9s de la transacci\u00f3n, la empresa proveedora tuvo un contrato&#8230;<\/p>\n","protected":false},"author":2,"featured_media":100787,"comment_status":"open","ping_status":"open","sticky":false,"template":"","format":"standard","meta":{"_monsterinsights_skip_tracking":false,"_monsterinsights_sitenote_active":false,"_monsterinsights_sitenote_note":"","_monsterinsights_sitenote_category":0,"footnotes":""},"categories":[2],"tags":[],"class_list":["post-100786","post","type-post","status-publish","format-standard","has-post-thumbnail","hentry","category-noticias"],"yoast_head":"<!-- This site is optimized with the Yoast SEO plugin v27.3 - https:\/\/yoast.com\/product\/yoast-seo-wordpress\/ -->\n<title>Luis Cresencio Sandoval compr\u00f3 departamento lujoso a proveedor de la Sedena: MCCI -<\/title>\n<meta name=\"robots\" content=\"index, follow, max-snippet:-1, max-image-preview:large, max-video-preview:-1\" \/>\n<link rel=\"canonical\" href=\"https:\/\/quehacerpolitico.mx\/?p=100786\" \/>\n<meta property=\"og:locale\" content=\"es_MX\" \/>\n<meta property=\"og:type\" content=\"article\" \/>\n<meta property=\"og:title\" content=\"Luis Cresencio Sandoval compr\u00f3 departamento lujoso a proveedor de la Sedena: MCCI -\" \/>\n<meta property=\"og:description\" content=\"Por Redacci\u00f3n QP Dos a\u00f1os despu\u00e9s de la transacci\u00f3n, la empresa proveedora tuvo un contrato...\" \/>\n<meta property=\"og:url\" content=\"https:\/\/quehacerpolitico.mx\/?p=100786\" \/>\n<meta property=\"article:published_time\" content=\"2023-05-15T19:52:32+00:00\" \/>\n<meta property=\"article:modified_time\" content=\"2023-05-15T19:52:35+00:00\" \/>\n<meta property=\"og:image\" content=\"https:\/\/quehacerpolitico.mx\/wp-content\/uploads\/2023\/05\/IMG_7688.jpeg\" \/>\n\t<meta property=\"og:image:width\" content=\"766\" \/>\n\t<meta property=\"og:image:height\" content=\"400\" \/>\n\t<meta property=\"og:image:type\" content=\"image\/jpeg\" \/>\n<meta name=\"author\" content=\"Redacci\u00f3n QP\" \/>\n<meta name=\"twitter:card\" content=\"summary_large_image\" \/>\n<meta name=\"twitter:label1\" content=\"Escrito por\" \/>\n\t<meta name=\"twitter:data1\" content=\"Redacci\u00f3n QP\" \/>\n\t<meta name=\"twitter:label2\" content=\"Tiempo de lectura\" \/>\n\t<meta name=\"twitter:data2\" content=\"2 minutos\" \/>\n<script type=\"application\/ld+json\" class=\"yoast-schema-graph\">{\"@context\":\"https:\\\/\\\/schema.org\",\"@graph\":[{\"@type\":\"Article\",\"@id\":\"https:\\\/\\\/quehacerpolitico.mx\\\/?p=100786#article\",\"isPartOf\":{\"@id\":\"https:\\\/\\\/quehacerpolitico.mx\\\/?p=100786\"},\"author\":{\"name\":\"Redacci\u00f3n QP\",\"@id\":\"https:\\\/\\\/quehacerpolitico.mx\\\/#\\\/schema\\\/person\\\/496d8ad2d1d3f8036101dca7ee39e585\"},\"headline\":\"Luis Cresencio Sandoval compr\u00f3 departamento lujoso a proveedor de la Sedena: MCCI\",\"datePublished\":\"2023-05-15T19:52:32+00:00\",\"dateModified\":\"2023-05-15T19:52:35+00:00\",\"mainEntityOfPage\":{\"@id\":\"https:\\\/\\\/quehacerpolitico.mx\\\/?p=100786\"},\"wordCount\":479,\"commentCount\":0,\"image\":{\"@id\":\"https:\\\/\\\/quehacerpolitico.mx\\\/?p=100786#primaryimage\"},\"thumbnailUrl\":\"https:\\\/\\\/quehacerpolitico.mx\\\/wp-content\\\/uploads\\\/2023\\\/05\\\/IMG_7688.jpeg\",\"articleSection\":[\"Noticias\"],\"inLanguage\":\"es\",\"potentialAction\":[{\"@type\":\"CommentAction\",\"name\":\"Comment\",\"target\":[\"https:\\\/\\\/quehacerpolitico.mx\\\/?p=100786#respond\"]}]},{\"@type\":\"WebPage\",\"@id\":\"https:\\\/\\\/quehacerpolitico.mx\\\/?p=100786\",\"url\":\"https:\\\/\\\/quehacerpolitico.mx\\\/?p=100786\",\"name\":\"Luis Cresencio Sandoval compr\u00f3 departamento lujoso a proveedor de la Sedena: MCCI -\",\"isPartOf\":{\"@id\":\"https:\\\/\\\/quehacerpolitico.mx\\\/#website\"},\"primaryImageOfPage\":{\"@id\":\"https:\\\/\\\/quehacerpolitico.mx\\\/?p=100786#primaryimage\"},\"image\":{\"@id\":\"https:\\\/\\\/quehacerpolitico.mx\\\/?p=100786#primaryimage\"},\"thumbnailUrl\":\"https:\\\/\\\/quehacerpolitico.mx\\\/wp-content\\\/uploads\\\/2023\\\/05\\\/IMG_7688.jpeg\",\"datePublished\":\"2023-05-15T19:52:32+00:00\",\"dateModified\":\"2023-05-15T19:52:35+00:00\",\"author\":{\"@id\":\"https:\\\/\\\/quehacerpolitico.mx\\\/#\\\/schema\\\/person\\\/496d8ad2d1d3f8036101dca7ee39e585\"},\"breadcrumb\":{\"@id\":\"https:\\\/\\\/quehacerpolitico.mx\\\/?p=100786#breadcrumb\"},\"inLanguage\":\"es\",\"potentialAction\":[{\"@type\":\"ReadAction\",\"target\":[\"https:\\\/\\\/quehacerpolitico.mx\\\/?p=100786\"]}]},{\"@type\":\"ImageObject\",\"inLanguage\":\"es\",\"@id\":\"https:\\\/\\\/quehacerpolitico.mx\\\/?p=100786#primaryimage\",\"url\":\"https:\\\/\\\/quehacerpolitico.mx\\\/wp-content\\\/uploads\\\/2023\\\/05\\\/IMG_7688.jpeg\",\"contentUrl\":\"https:\\\/\\\/quehacerpolitico.mx\\\/wp-content\\\/uploads\\\/2023\\\/05\\\/IMG_7688.jpeg\",\"width\":766,\"height\":400},{\"@type\":\"BreadcrumbList\",\"@id\":\"https:\\\/\\\/quehacerpolitico.mx\\\/?p=100786#breadcrumb\",\"itemListElement\":[{\"@type\":\"ListItem\",\"position\":1,\"name\":\"Inicio\",\"item\":\"https:\\\/\\\/quehacerpolitico.mx\\\/\"},{\"@type\":\"ListItem\",\"position\":2,\"name\":\"Luis Cresencio Sandoval compr\u00f3 departamento lujoso a proveedor de la Sedena: MCCI\"}]},{\"@type\":\"WebSite\",\"@id\":\"https:\\\/\\\/quehacerpolitico.mx\\\/#website\",\"url\":\"https:\\\/\\\/quehacerpolitico.mx\\\/\",\"name\":\"\",\"description\":\"\",\"potentialAction\":[{\"@type\":\"SearchAction\",\"target\":{\"@type\":\"EntryPoint\",\"urlTemplate\":\"https:\\\/\\\/quehacerpolitico.mx\\\/?s={search_term_string}\"},\"query-input\":{\"@type\":\"PropertyValueSpecification\",\"valueRequired\":true,\"valueName\":\"search_term_string\"}}],\"inLanguage\":\"es\"},{\"@type\":\"Person\",\"@id\":\"https:\\\/\\\/quehacerpolitico.mx\\\/#\\\/schema\\\/person\\\/496d8ad2d1d3f8036101dca7ee39e585\",\"name\":\"Redacci\u00f3n QP\",\"image\":{\"@type\":\"ImageObject\",\"inLanguage\":\"es\",\"@id\":\"https:\\\/\\\/secure.gravatar.com\\\/avatar\\\/c7164ed6fdec453195284ad24a5ae5b6e1eed2b848477fa2a4787ba9adf39a41?s=96&d=mm&r=g\",\"url\":\"https:\\\/\\\/secure.gravatar.com\\\/avatar\\\/c7164ed6fdec453195284ad24a5ae5b6e1eed2b848477fa2a4787ba9adf39a41?s=96&d=mm&r=g\",\"contentUrl\":\"https:\\\/\\\/secure.gravatar.com\\\/avatar\\\/c7164ed6fdec453195284ad24a5ae5b6e1eed2b848477fa2a4787ba9adf39a41?s=96&d=mm&r=g\",\"caption\":\"Redacci\u00f3n QP\"},\"url\":\"https:\\\/\\\/quehacerpolitico.mx\\\/?author=2\"}]}<\/script>\n<!-- \/ Yoast SEO plugin. -->","yoast_head_json":{"title":"Luis Cresencio Sandoval compr\u00f3 departamento lujoso a proveedor de la Sedena: MCCI -","robots":{"index":"index","follow":"follow","max-snippet":"max-snippet:-1","max-image-preview":"max-image-preview:large","max-video-preview":"max-video-preview:-1"},"canonical":"https:\/\/quehacerpolitico.mx\/?p=100786","og_locale":"es_MX","og_type":"article","og_title":"Luis Cresencio Sandoval compr\u00f3 departamento lujoso a proveedor de la Sedena: MCCI -","og_description":"Por Redacci\u00f3n QP Dos a\u00f1os despu\u00e9s de la transacci\u00f3n, la empresa proveedora tuvo un contrato...","og_url":"https:\/\/quehacerpolitico.mx\/?p=100786","article_published_time":"2023-05-15T19:52:32+00:00","article_modified_time":"2023-05-15T19:52:35+00:00","og_image":[{"width":766,"height":400,"url":"https:\/\/quehacerpolitico.mx\/wp-content\/uploads\/2023\/05\/IMG_7688.jpeg","type":"image\/jpeg"}],"author":"Redacci\u00f3n QP","twitter_card":"summary_large_image","twitter_misc":{"Escrito por":"Redacci\u00f3n QP","Tiempo de lectura":"2 minutos"},"schema":{"@context":"https:\/\/schema.org","@graph":[{"@type":"Article","@id":"https:\/\/quehacerpolitico.mx\/?p=100786#article","isPartOf":{"@id":"https:\/\/quehacerpolitico.mx\/?p=100786"},"author":{"name":"Redacci\u00f3n QP","@id":"https:\/\/quehacerpolitico.mx\/#\/schema\/person\/496d8ad2d1d3f8036101dca7ee39e585"},"headline":"Luis Cresencio Sandoval compr\u00f3 departamento lujoso a proveedor de la Sedena: MCCI","datePublished":"2023-05-15T19:52:32+00:00","dateModified":"2023-05-15T19:52:35+00:00","mainEntityOfPage":{"@id":"https:\/\/quehacerpolitico.mx\/?p=100786"},"wordCount":479,"commentCount":0,"image":{"@id":"https:\/\/quehacerpolitico.mx\/?p=100786#primaryimage"},"thumbnailUrl":"https:\/\/quehacerpolitico.mx\/wp-content\/uploads\/2023\/05\/IMG_7688.jpeg","articleSection":["Noticias"],"inLanguage":"es","potentialAction":[{"@type":"CommentAction","name":"Comment","target":["https:\/\/quehacerpolitico.mx\/?p=100786#respond"]}]},{"@type":"WebPage","@id":"https:\/\/quehacerpolitico.mx\/?p=100786","url":"https:\/\/quehacerpolitico.mx\/?p=100786","name":"Luis Cresencio Sandoval compr\u00f3 departamento lujoso a proveedor de la Sedena: MCCI -","isPartOf":{"@id":"https:\/\/quehacerpolitico.mx\/#website"},"primaryImageOfPage":{"@id":"https:\/\/quehacerpolitico.mx\/?p=100786#primaryimage"},"image":{"@id":"https:\/\/quehacerpolitico.mx\/?p=100786#primaryimage"},"thumbnailUrl":"https:\/\/quehacerpolitico.mx\/wp-content\/uploads\/2023\/05\/IMG_7688.jpeg","datePublished":"2023-05-15T19:52:32+00:00","dateModified":"2023-05-15T19:52:35+00:00","author":{"@id":"https:\/\/quehacerpolitico.mx\/#\/schema\/person\/496d8ad2d1d3f8036101dca7ee39e585"},"breadcrumb":{"@id":"https:\/\/quehacerpolitico.mx\/?p=100786#breadcrumb"},"inLanguage":"es","potentialAction":[{"@type":"ReadAction","target":["https:\/\/quehacerpolitico.mx\/?p=100786"]}]},{"@type":"ImageObject","inLanguage":"es","@id":"https:\/\/quehacerpolitico.mx\/?p=100786#primaryimage","url":"https:\/\/quehacerpolitico.mx\/wp-content\/uploads\/2023\/05\/IMG_7688.jpeg","contentUrl":"https:\/\/quehacerpolitico.mx\/wp-content\/uploads\/2023\/05\/IMG_7688.jpeg","width":766,"height":400},{"@type":"BreadcrumbList","@id":"https:\/\/quehacerpolitico.mx\/?p=100786#breadcrumb","itemListElement":[{"@type":"ListItem","position":1,"name":"Inicio","item":"https:\/\/quehacerpolitico.mx\/"},{"@type":"ListItem","position":2,"name":"Luis Cresencio Sandoval compr\u00f3 departamento lujoso a proveedor de la Sedena: MCCI"}]},{"@type":"WebSite","@id":"https:\/\/quehacerpolitico.mx\/#website","url":"https:\/\/quehacerpolitico.mx\/","name":"","description":"","potentialAction":[{"@type":"SearchAction","target":{"@type":"EntryPoint","urlTemplate":"https:\/\/quehacerpolitico.mx\/?s={search_term_string}"},"query-input":{"@type":"PropertyValueSpecification","valueRequired":true,"valueName":"search_term_string"}}],"inLanguage":"es"},{"@type":"Person","@id":"https:\/\/quehacerpolitico.mx\/#\/schema\/person\/496d8ad2d1d3f8036101dca7ee39e585","name":"Redacci\u00f3n QP","image":{"@type":"ImageObject","inLanguage":"es","@id":"https:\/\/secure.gravatar.com\/avatar\/c7164ed6fdec453195284ad24a5ae5b6e1eed2b848477fa2a4787ba9adf39a41?s=96&d=mm&r=g","url":"https:\/\/secure.gravatar.com\/avatar\/c7164ed6fdec453195284ad24a5ae5b6e1eed2b848477fa2a4787ba9adf39a41?s=96&d=mm&r=g","contentUrl":"https:\/\/secure.gravatar.com\/avatar\/c7164ed6fdec453195284ad24a5ae5b6e1eed2b848477fa2a4787ba9adf39a41?s=96&d=mm&r=g","caption":"Redacci\u00f3n QP"},"url":"https:\/\/quehacerpolitico.mx\/?author=2"}]}},"featured_image_urls":{"full":["https:\/\/quehacerpolitico.mx\/wp-content\/uploads\/2023\/05\/IMG_7688.jpeg",766,400,false],"thumbnail":["https:\/\/quehacerpolitico.mx\/wp-content\/uploads\/2023\/05\/IMG_7688-150x150.jpeg",150,150,true],"medium":["https:\/\/quehacerpolitico.mx\/wp-content\/uploads\/2023\/05\/IMG_7688-300x157.jpeg",300,157,true],"medium_large":["https:\/\/quehacerpolitico.mx\/wp-content\/uploads\/2023\/05\/IMG_7688.jpeg",640,334,false],"large":["https:\/\/quehacerpolitico.mx\/wp-content\/uploads\/2023\/05\/IMG_7688.jpeg",640,334,false],"1536x1536":["https:\/\/quehacerpolitico.mx\/wp-content\/uploads\/2023\/05\/IMG_7688.jpeg",766,400,false],"2048x2048":["https:\/\/quehacerpolitico.mx\/wp-content\/uploads\/2023\/05\/IMG_7688.jpeg",766,400,false],"covernews-featured":["https:\/\/quehacerpolitico.mx\/wp-content\/uploads\/2023\/05\/IMG_7688.jpeg",766,400,false],"covernews-medium":["https:\/\/quehacerpolitico.mx\/wp-content\/uploads\/2023\/05\/IMG_7688.jpeg",540,282,false]},"author_info":{"display_name":"Redacci\u00f3n QP","author_link":"https:\/\/quehacerpolitico.mx\/?author=2"},"category_info":"<a href=\"https:\/\/quehacerpolitico.mx\/?cat=2\" rel=\"category\">Noticias<\/a>","tag_info":"Noticias","comment_count":"0","_links":{"self":[{"href":"https:\/\/quehacerpolitico.mx\/index.php?rest_route=\/wp\/v2\/posts\/100786","targetHints":{"allow":["GET"]}}],"collection":[{"href":"https:\/\/quehacerpolitico.mx\/index.php?rest_route=\/wp\/v2\/posts"}],"about":[{"href":"https:\/\/quehacerpolitico.mx\/index.php?rest_route=\/wp\/v2\/types\/post"}],"author":[{"embeddable":true,"href":"https:\/\/quehacerpolitico.mx\/index.php?rest_route=\/wp\/v2\/users\/2"}],"replies":[{"embeddable":true,"href":"https:\/\/quehacerpolitico.mx\/index.php?rest_route=%2Fwp%2Fv2%2Fcomments&post=100786"}],"version-history":[{"count":1,"href":"https:\/\/quehacerpolitico.mx\/index.php?rest_route=\/wp\/v2\/posts\/100786\/revisions"}],"predecessor-version":[{"id":100788,"href":"https:\/\/quehacerpolitico.mx\/index.php?rest_route=\/wp\/v2\/posts\/100786\/revisions\/100788"}],"wp:featuredmedia":[{"embeddable":true,"href":"https:\/\/quehacerpolitico.mx\/index.php?rest_route=\/wp\/v2\/media\/100787"}],"wp:attachment":[{"href":"https:\/\/quehacerpolitico.mx\/index.php?rest_route=%2Fwp%2Fv2%2Fmedia&parent=100786"}],"wp:term":[{"taxonomy":"category","embeddable":true,"href":"https:\/\/quehacerpolitico.mx\/index.php?rest_route=%2Fwp%2Fv2%2Fcategories&post=100786"},{"taxonomy":"post_tag","embeddable":true,"href":"https:\/\/quehacerpolitico.mx\/index.php?rest_route=%2Fwp%2Fv2%2Ftags&post=100786"}],"curies":[{"name":"wp","href":"https:\/\/api.w.org\/{rel}","templated":true}]}}