{"id":100780,"date":"2023-05-15T18:15:11","date_gmt":"2023-05-15T18:15:11","guid":{"rendered":"https:\/\/quehacerpolitico.mx\/?p=100780"},"modified":"2023-05-15T18:15:14","modified_gmt":"2023-05-15T18:15:14","slug":"anaya-denuncia-que-la-educacion-no-es-prioridad-para-lopez-obrador","status":"publish","type":"post","link":"https:\/\/quehacerpolitico.mx\/?p=100780","title":{"rendered":"Anaya denuncia que la educaci\u00f3n &#8220;no es prioridad&#8221; para L\u00f3pez Obrador"},"content":{"rendered":"\n<p>Por Redacci\u00f3n QP<\/p>\n\n\n\n<p>El excandidato presidencial enumer\u00f3 algunas de las decisiones cuestionables en materia educativa que ha tomado el Gobierno federal<\/p>\n\n\n\n<p>El excandidato presidencial, Ricardo Anaya, aprovech\u00f3 la conmemoraci\u00f3n del D\u00eda del Maestro para<strong>\u00a0denunciar que la educaci\u00f3n no es prioridad para el gobierno del Presidente Andr\u00e9s Manuel L\u00f3pez Obrador.<\/strong><\/p>\n\n\n\n<p>A trav\u00e9s de un nuevo video que comparti\u00f3 en sus redes sociales, sostuvo que &#8220;lo menos que cabr\u00eda esperar de cualquier gobierno, es que pusiera a la educaci\u00f3n en primer\u00edsimo lugar.\u00a0<strong>Por desgracia no es lo que vemos hoy. Para empezar, la educaci\u00f3n no es la prioridad en el presupuesto federal.\u00a0<\/strong>Y ya saben la m\u00e1xima: prioridad que no se refleja en el presupuesto, no es prioridad&#8221;.<\/p>\n\n\n\n<figure class=\"wp-block-embed is-type-video is-provider-youtube wp-block-embed-youtube wp-embed-aspect-16-9 wp-has-aspect-ratio\"><div class=\"wp-block-embed__wrapper\">\n<iframe loading=\"lazy\" title=\"El desastre escondido\" width=\"640\" height=\"360\" src=\"https:\/\/www.youtube.com\/embed\/Z9JerR4iwwo?feature=oembed\" frameborder=\"0\" allow=\"accelerometer; autoplay; clipboard-write; encrypted-media; gyroscope; picture-in-picture; web-share\" referrerpolicy=\"strict-origin-when-cross-origin\" allowfullscreen><\/iframe>\n<\/div><\/figure>\n\n\n\n<p><strong>Anaya Cort\u00e9s enumer\u00f3 algunas de las decisiones cuestionables en materia educativa que ha tomado el Gobierno federal<\/strong>: &#8220;El cierre de las escuelas de tiempo completo; la cancelaci\u00f3n de mediciones que permiten comparar el desempe\u00f1o escolar de M\u00e9xico con el de otros pa\u00edses, como la prueba PISA; y la expresa indicaci\u00f3n al INEGI para dejar de publicar informaci\u00f3n sobre temas educativos fundamentales&#8221;.<\/p>\n\n\n\n<p>El l\u00edder panista asegur\u00f3 que las cosas est\u00e1n tan mal en el sector educativo, que el gobierno se deshizo de todas las mediciones, para esconder el &#8220;desastre&#8221;.<\/p>\n\n\n\n<p>Habl\u00f3 tambi\u00e9n de la &#8220;estrategia de adoctrinamiento&#8221; desarrollada en los nuevos libros de texto de educaci\u00f3n b\u00e1sica, a cargo de funcionarios de la Secretar\u00eda de Educaci\u00f3n P\u00fablica (SEP) como Marx Arriaga y Arturo Loaiza, &#8220;un exfuncionario del dictador de Venezuela, Nicol\u00e1s Maduro, en la que se introducen conceptos de sesgada carga ideol\u00f3gica, como la &#8216;l\u00f3gica de la colonizaci\u00f3n&#8217; y los &#8216;procesos de dominio&#8217; &#8220;.<\/p>\n\n\n\n<p>El excandidato presidencial habl\u00f3 tambi\u00e9n de la &#8220;estrategia de adoctrinamiento&#8221; desarrollada en los nuevos libros de texto de educaci\u00f3n b\u00e1sica.<\/p>\n\n\n\n<p>&#8220;\u00bfT\u00fa crees que la ni\u00f1ez mexicana debe ser adoctrinada de esta manera? \u00bfNo prefieres que tus hijos aprendan sobre ciencia y tecnolog\u00eda para tener un buen trabajo? \u00bfQue en lugar de sentirse v\u00edctimas hist\u00f3ricas de la &#8220;colonizaci\u00f3n&#8221; y el &#8220;dominio&#8221; se sientan mexicanos ganadores, con conocimientos al nivel de cualquier joven de cualquier parte del mundo?&#8221;, cuestion\u00f3 Anaya.<\/p>\n\n\n\n<p>Insisti\u00f3 en qu<strong>e el mundo est\u00e1 experimentando cambios acelerados, que implican una revoluci\u00f3n tecnol\u00f3gica a gran escala<\/strong>, por lo que consider\u00f3 que &#8220;si no le apostamos a la econom\u00eda del conocimiento, vamos a dejar a generaciones enteras de mexicanos sin acceso a las herramientas ya no digamos para competir, ni siquiera para entender el mundo que les toque vivir&#8221;.<\/p>\n\n\n\n<p>Finalmente,\u00a0<strong>aprovech\u00f3 para felicitar a las y los maestros de M\u00e9xico<\/strong>, a quienes calific\u00f3 de &#8220;personas extraordinarias, que dedican su vida a formar a nuestros ni\u00f1os y j\u00f3venes para ser, para crecer en todos sentidos, para desenvolverse en el mundo, para ganarse la vida y para servir a su pa\u00eds&#8221;.<\/p>\n\n\n\n<p>Con Informaci\u00f3n de SUN <\/p>\n","protected":false},"excerpt":{"rendered":"<p>Por Redacci\u00f3n QP El excandidato presidencial enumer\u00f3 algunas de las decisiones cuestionables en materia educativa&#8230;<\/p>\n","protected":false},"author":2,"featured_media":100781,"comment_status":"open","ping_status":"open","sticky":false,"template":"","format":"standard","meta":{"_monsterinsights_skip_tracking":false,"_monsterinsights_sitenote_active":false,"_monsterinsights_sitenote_note":"","_monsterinsights_sitenote_category":0,"footnotes":""},"categories":[2],"tags":[],"class_list":["post-100780","post","type-post","status-publish","format-standard","has-post-thumbnail","hentry","category-noticias"],"yoast_head":"<!-- This site is optimized with the Yoast SEO plugin v27.3 - https:\/\/yoast.com\/product\/yoast-seo-wordpress\/ -->\n<title>Anaya denuncia que la educaci\u00f3n &quot;no es prioridad&quot; para L\u00f3pez Obrador -<\/title>\n<meta name=\"robots\" content=\"index, follow, max-snippet:-1, max-image-preview:large, max-video-preview:-1\" \/>\n<link rel=\"canonical\" href=\"https:\/\/quehacerpolitico.mx\/?p=100780\" \/>\n<meta property=\"og:locale\" content=\"es_MX\" \/>\n<meta property=\"og:type\" content=\"article\" \/>\n<meta property=\"og:title\" content=\"Anaya denuncia que la educaci\u00f3n &quot;no es prioridad&quot; para L\u00f3pez Obrador -\" \/>\n<meta property=\"og:description\" content=\"Por Redacci\u00f3n QP El excandidato presidencial enumer\u00f3 algunas de las decisiones cuestionables en materia educativa...\" \/>\n<meta property=\"og:url\" content=\"https:\/\/quehacerpolitico.mx\/?p=100780\" \/>\n<meta property=\"article:published_time\" content=\"2023-05-15T18:15:11+00:00\" \/>\n<meta property=\"article:modified_time\" content=\"2023-05-15T18:15:14+00:00\" \/>\n<meta property=\"og:image\" content=\"https:\/\/quehacerpolitico.mx\/wp-content\/uploads\/2023\/05\/photo-output.jpeg\" \/>\n\t<meta property=\"og:image:width\" content=\"2048\" \/>\n\t<meta property=\"og:image:height\" content=\"1148\" \/>\n\t<meta property=\"og:image:type\" content=\"image\/jpeg\" \/>\n<meta name=\"author\" content=\"Redacci\u00f3n QP\" \/>\n<meta name=\"twitter:card\" content=\"summary_large_image\" \/>\n<meta name=\"twitter:label1\" content=\"Escrito por\" \/>\n\t<meta name=\"twitter:data1\" content=\"Redacci\u00f3n QP\" \/>\n\t<meta name=\"twitter:label2\" content=\"Tiempo de lectura\" \/>\n\t<meta name=\"twitter:data2\" content=\"3 minutos\" \/>\n<script type=\"application\/ld+json\" class=\"yoast-schema-graph\">{\"@context\":\"https:\\\/\\\/schema.org\",\"@graph\":[{\"@type\":\"Article\",\"@id\":\"https:\\\/\\\/quehacerpolitico.mx\\\/?p=100780#article\",\"isPartOf\":{\"@id\":\"https:\\\/\\\/quehacerpolitico.mx\\\/?p=100780\"},\"author\":{\"name\":\"Redacci\u00f3n QP\",\"@id\":\"https:\\\/\\\/quehacerpolitico.mx\\\/#\\\/schema\\\/person\\\/496d8ad2d1d3f8036101dca7ee39e585\"},\"headline\":\"Anaya denuncia que la educaci\u00f3n &#8220;no es prioridad&#8221; para L\u00f3pez Obrador\",\"datePublished\":\"2023-05-15T18:15:11+00:00\",\"dateModified\":\"2023-05-15T18:15:14+00:00\",\"mainEntityOfPage\":{\"@id\":\"https:\\\/\\\/quehacerpolitico.mx\\\/?p=100780\"},\"wordCount\":525,\"commentCount\":0,\"image\":{\"@id\":\"https:\\\/\\\/quehacerpolitico.mx\\\/?p=100780#primaryimage\"},\"thumbnailUrl\":\"https:\\\/\\\/quehacerpolitico.mx\\\/wp-content\\\/uploads\\\/2023\\\/05\\\/photo-output.jpeg\",\"articleSection\":[\"Noticias\"],\"inLanguage\":\"es\",\"potentialAction\":[{\"@type\":\"CommentAction\",\"name\":\"Comment\",\"target\":[\"https:\\\/\\\/quehacerpolitico.mx\\\/?p=100780#respond\"]}]},{\"@type\":\"WebPage\",\"@id\":\"https:\\\/\\\/quehacerpolitico.mx\\\/?p=100780\",\"url\":\"https:\\\/\\\/quehacerpolitico.mx\\\/?p=100780\",\"name\":\"Anaya denuncia que la educaci\u00f3n \\\"no es prioridad\\\" para L\u00f3pez Obrador -\",\"isPartOf\":{\"@id\":\"https:\\\/\\\/quehacerpolitico.mx\\\/#website\"},\"primaryImageOfPage\":{\"@id\":\"https:\\\/\\\/quehacerpolitico.mx\\\/?p=100780#primaryimage\"},\"image\":{\"@id\":\"https:\\\/\\\/quehacerpolitico.mx\\\/?p=100780#primaryimage\"},\"thumbnailUrl\":\"https:\\\/\\\/quehacerpolitico.mx\\\/wp-content\\\/uploads\\\/2023\\\/05\\\/photo-output.jpeg\",\"datePublished\":\"2023-05-15T18:15:11+00:00\",\"dateModified\":\"2023-05-15T18:15:14+00:00\",\"author\":{\"@id\":\"https:\\\/\\\/quehacerpolitico.mx\\\/#\\\/schema\\\/person\\\/496d8ad2d1d3f8036101dca7ee39e585\"},\"breadcrumb\":{\"@id\":\"https:\\\/\\\/quehacerpolitico.mx\\\/?p=100780#breadcrumb\"},\"inLanguage\":\"es\",\"potentialAction\":[{\"@type\":\"ReadAction\",\"target\":[\"https:\\\/\\\/quehacerpolitico.mx\\\/?p=100780\"]}]},{\"@type\":\"ImageObject\",\"inLanguage\":\"es\",\"@id\":\"https:\\\/\\\/quehacerpolitico.mx\\\/?p=100780#primaryimage\",\"url\":\"https:\\\/\\\/quehacerpolitico.mx\\\/wp-content\\\/uploads\\\/2023\\\/05\\\/photo-output.jpeg\",\"contentUrl\":\"https:\\\/\\\/quehacerpolitico.mx\\\/wp-content\\\/uploads\\\/2023\\\/05\\\/photo-output.jpeg\",\"width\":2048,\"height\":1148},{\"@type\":\"BreadcrumbList\",\"@id\":\"https:\\\/\\\/quehacerpolitico.mx\\\/?p=100780#breadcrumb\",\"itemListElement\":[{\"@type\":\"ListItem\",\"position\":1,\"name\":\"Inicio\",\"item\":\"https:\\\/\\\/quehacerpolitico.mx\\\/\"},{\"@type\":\"ListItem\",\"position\":2,\"name\":\"Anaya denuncia que la educaci\u00f3n &#8220;no es prioridad&#8221; para L\u00f3pez Obrador\"}]},{\"@type\":\"WebSite\",\"@id\":\"https:\\\/\\\/quehacerpolitico.mx\\\/#website\",\"url\":\"https:\\\/\\\/quehacerpolitico.mx\\\/\",\"name\":\"\",\"description\":\"\",\"potentialAction\":[{\"@type\":\"SearchAction\",\"target\":{\"@type\":\"EntryPoint\",\"urlTemplate\":\"https:\\\/\\\/quehacerpolitico.mx\\\/?s={search_term_string}\"},\"query-input\":{\"@type\":\"PropertyValueSpecification\",\"valueRequired\":true,\"valueName\":\"search_term_string\"}}],\"inLanguage\":\"es\"},{\"@type\":\"Person\",\"@id\":\"https:\\\/\\\/quehacerpolitico.mx\\\/#\\\/schema\\\/person\\\/496d8ad2d1d3f8036101dca7ee39e585\",\"name\":\"Redacci\u00f3n QP\",\"image\":{\"@type\":\"ImageObject\",\"inLanguage\":\"es\",\"@id\":\"https:\\\/\\\/secure.gravatar.com\\\/avatar\\\/c7164ed6fdec453195284ad24a5ae5b6e1eed2b848477fa2a4787ba9adf39a41?s=96&d=mm&r=g\",\"url\":\"https:\\\/\\\/secure.gravatar.com\\\/avatar\\\/c7164ed6fdec453195284ad24a5ae5b6e1eed2b848477fa2a4787ba9adf39a41?s=96&d=mm&r=g\",\"contentUrl\":\"https:\\\/\\\/secure.gravatar.com\\\/avatar\\\/c7164ed6fdec453195284ad24a5ae5b6e1eed2b848477fa2a4787ba9adf39a41?s=96&d=mm&r=g\",\"caption\":\"Redacci\u00f3n QP\"},\"url\":\"https:\\\/\\\/quehacerpolitico.mx\\\/?author=2\"}]}<\/script>\n<!-- \/ Yoast SEO plugin. -->","yoast_head_json":{"title":"Anaya denuncia que la educaci\u00f3n \"no es prioridad\" para L\u00f3pez Obrador -","robots":{"index":"index","follow":"follow","max-snippet":"max-snippet:-1","max-image-preview":"max-image-preview:large","max-video-preview":"max-video-preview:-1"},"canonical":"https:\/\/quehacerpolitico.mx\/?p=100780","og_locale":"es_MX","og_type":"article","og_title":"Anaya denuncia que la educaci\u00f3n \"no es prioridad\" para L\u00f3pez Obrador -","og_description":"Por Redacci\u00f3n QP El excandidato presidencial enumer\u00f3 algunas de las decisiones cuestionables en materia educativa...","og_url":"https:\/\/quehacerpolitico.mx\/?p=100780","article_published_time":"2023-05-15T18:15:11+00:00","article_modified_time":"2023-05-15T18:15:14+00:00","og_image":[{"width":2048,"height":1148,"url":"https:\/\/quehacerpolitico.mx\/wp-content\/uploads\/2023\/05\/photo-output.jpeg","type":"image\/jpeg"}],"author":"Redacci\u00f3n QP","twitter_card":"summary_large_image","twitter_misc":{"Escrito por":"Redacci\u00f3n QP","Tiempo de lectura":"3 minutos"},"schema":{"@context":"https:\/\/schema.org","@graph":[{"@type":"Article","@id":"https:\/\/quehacerpolitico.mx\/?p=100780#article","isPartOf":{"@id":"https:\/\/quehacerpolitico.mx\/?p=100780"},"author":{"name":"Redacci\u00f3n QP","@id":"https:\/\/quehacerpolitico.mx\/#\/schema\/person\/496d8ad2d1d3f8036101dca7ee39e585"},"headline":"Anaya denuncia que la educaci\u00f3n &#8220;no es prioridad&#8221; para L\u00f3pez Obrador","datePublished":"2023-05-15T18:15:11+00:00","dateModified":"2023-05-15T18:15:14+00:00","mainEntityOfPage":{"@id":"https:\/\/quehacerpolitico.mx\/?p=100780"},"wordCount":525,"commentCount":0,"image":{"@id":"https:\/\/quehacerpolitico.mx\/?p=100780#primaryimage"},"thumbnailUrl":"https:\/\/quehacerpolitico.mx\/wp-content\/uploads\/2023\/05\/photo-output.jpeg","articleSection":["Noticias"],"inLanguage":"es","potentialAction":[{"@type":"CommentAction","name":"Comment","target":["https:\/\/quehacerpolitico.mx\/?p=100780#respond"]}]},{"@type":"WebPage","@id":"https:\/\/quehacerpolitico.mx\/?p=100780","url":"https:\/\/quehacerpolitico.mx\/?p=100780","name":"Anaya denuncia que la educaci\u00f3n \"no es prioridad\" para L\u00f3pez Obrador -","isPartOf":{"@id":"https:\/\/quehacerpolitico.mx\/#website"},"primaryImageOfPage":{"@id":"https:\/\/quehacerpolitico.mx\/?p=100780#primaryimage"},"image":{"@id":"https:\/\/quehacerpolitico.mx\/?p=100780#primaryimage"},"thumbnailUrl":"https:\/\/quehacerpolitico.mx\/wp-content\/uploads\/2023\/05\/photo-output.jpeg","datePublished":"2023-05-15T18:15:11+00:00","dateModified":"2023-05-15T18:15:14+00:00","author":{"@id":"https:\/\/quehacerpolitico.mx\/#\/schema\/person\/496d8ad2d1d3f8036101dca7ee39e585"},"breadcrumb":{"@id":"https:\/\/quehacerpolitico.mx\/?p=100780#breadcrumb"},"inLanguage":"es","potentialAction":[{"@type":"ReadAction","target":["https:\/\/quehacerpolitico.mx\/?p=100780"]}]},{"@type":"ImageObject","inLanguage":"es","@id":"https:\/\/quehacerpolitico.mx\/?p=100780#primaryimage","url":"https:\/\/quehacerpolitico.mx\/wp-content\/uploads\/2023\/05\/photo-output.jpeg","contentUrl":"https:\/\/quehacerpolitico.mx\/wp-content\/uploads\/2023\/05\/photo-output.jpeg","width":2048,"height":1148},{"@type":"BreadcrumbList","@id":"https:\/\/quehacerpolitico.mx\/?p=100780#breadcrumb","itemListElement":[{"@type":"ListItem","position":1,"name":"Inicio","item":"https:\/\/quehacerpolitico.mx\/"},{"@type":"ListItem","position":2,"name":"Anaya denuncia que la educaci\u00f3n &#8220;no es prioridad&#8221; para L\u00f3pez Obrador"}]},{"@type":"WebSite","@id":"https:\/\/quehacerpolitico.mx\/#website","url":"https:\/\/quehacerpolitico.mx\/","name":"","description":"","potentialAction":[{"@type":"SearchAction","target":{"@type":"EntryPoint","urlTemplate":"https:\/\/quehacerpolitico.mx\/?s={search_term_string}"},"query-input":{"@type":"PropertyValueSpecification","valueRequired":true,"valueName":"search_term_string"}}],"inLanguage":"es"},{"@type":"Person","@id":"https:\/\/quehacerpolitico.mx\/#\/schema\/person\/496d8ad2d1d3f8036101dca7ee39e585","name":"Redacci\u00f3n QP","image":{"@type":"ImageObject","inLanguage":"es","@id":"https:\/\/secure.gravatar.com\/avatar\/c7164ed6fdec453195284ad24a5ae5b6e1eed2b848477fa2a4787ba9adf39a41?s=96&d=mm&r=g","url":"https:\/\/secure.gravatar.com\/avatar\/c7164ed6fdec453195284ad24a5ae5b6e1eed2b848477fa2a4787ba9adf39a41?s=96&d=mm&r=g","contentUrl":"https:\/\/secure.gravatar.com\/avatar\/c7164ed6fdec453195284ad24a5ae5b6e1eed2b848477fa2a4787ba9adf39a41?s=96&d=mm&r=g","caption":"Redacci\u00f3n QP"},"url":"https:\/\/quehacerpolitico.mx\/?author=2"}]}},"featured_image_urls":{"full":["https:\/\/quehacerpolitico.mx\/wp-content\/uploads\/2023\/05\/photo-output.jpeg",2048,1148,false],"thumbnail":["https:\/\/quehacerpolitico.mx\/wp-content\/uploads\/2023\/05\/photo-output-150x150.jpeg",150,150,true],"medium":["https:\/\/quehacerpolitico.mx\/wp-content\/uploads\/2023\/05\/photo-output-300x168.jpeg",300,168,true],"medium_large":["https:\/\/quehacerpolitico.mx\/wp-content\/uploads\/2023\/05\/photo-output-768x431.jpeg",640,359,true],"large":["https:\/\/quehacerpolitico.mx\/wp-content\/uploads\/2023\/05\/photo-output-1024x574.jpeg",640,359,true],"1536x1536":["https:\/\/quehacerpolitico.mx\/wp-content\/uploads\/2023\/05\/photo-output-1536x861.jpeg",1536,861,true],"2048x2048":["https:\/\/quehacerpolitico.mx\/wp-content\/uploads\/2023\/05\/photo-output.jpeg",2048,1148,false],"covernews-featured":["https:\/\/quehacerpolitico.mx\/wp-content\/uploads\/2023\/05\/photo-output.jpeg",1024,574,false],"covernews-medium":["https:\/\/quehacerpolitico.mx\/wp-content\/uploads\/2023\/05\/photo-output.jpeg",540,303,false]},"author_info":{"display_name":"Redacci\u00f3n QP","author_link":"https:\/\/quehacerpolitico.mx\/?author=2"},"category_info":"<a href=\"https:\/\/quehacerpolitico.mx\/?cat=2\" rel=\"category\">Noticias<\/a>","tag_info":"Noticias","comment_count":"0","_links":{"self":[{"href":"https:\/\/quehacerpolitico.mx\/index.php?rest_route=\/wp\/v2\/posts\/100780","targetHints":{"allow":["GET"]}}],"collection":[{"href":"https:\/\/quehacerpolitico.mx\/index.php?rest_route=\/wp\/v2\/posts"}],"about":[{"href":"https:\/\/quehacerpolitico.mx\/index.php?rest_route=\/wp\/v2\/types\/post"}],"author":[{"embeddable":true,"href":"https:\/\/quehacerpolitico.mx\/index.php?rest_route=\/wp\/v2\/users\/2"}],"replies":[{"embeddable":true,"href":"https:\/\/quehacerpolitico.mx\/index.php?rest_route=%2Fwp%2Fv2%2Fcomments&post=100780"}],"version-history":[{"count":1,"href":"https:\/\/quehacerpolitico.mx\/index.php?rest_route=\/wp\/v2\/posts\/100780\/revisions"}],"predecessor-version":[{"id":100782,"href":"https:\/\/quehacerpolitico.mx\/index.php?rest_route=\/wp\/v2\/posts\/100780\/revisions\/100782"}],"wp:featuredmedia":[{"embeddable":true,"href":"https:\/\/quehacerpolitico.mx\/index.php?rest_route=\/wp\/v2\/media\/100781"}],"wp:attachment":[{"href":"https:\/\/quehacerpolitico.mx\/index.php?rest_route=%2Fwp%2Fv2%2Fmedia&parent=100780"}],"wp:term":[{"taxonomy":"category","embeddable":true,"href":"https:\/\/quehacerpolitico.mx\/index.php?rest_route=%2Fwp%2Fv2%2Fcategories&post=100780"},{"taxonomy":"post_tag","embeddable":true,"href":"https:\/\/quehacerpolitico.mx\/index.php?rest_route=%2Fwp%2Fv2%2Ftags&post=100780"}],"curies":[{"name":"wp","href":"https:\/\/api.w.org\/{rel}","templated":true}]}}