{"id":100760,"date":"2023-05-12T19:50:48","date_gmt":"2023-05-12T19:50:48","guid":{"rendered":"https:\/\/quehacerpolitico.mx\/?p=100760"},"modified":"2023-05-12T19:50:51","modified_gmt":"2023-05-12T19:50:51","slug":"juez-concede-suspension-provisional-a-christian-von-roehrich-para-que-la-fiscalia-de-la-cdmx-no-pueda-publicar-informacion-de-su-caso-del-cartel-inmobiliario","status":"publish","type":"post","link":"https:\/\/quehacerpolitico.mx\/?p=100760","title":{"rendered":"Juez concede suspensi\u00f3n provisional a Christian Von Roehrich para que la Fiscalia de la CDMX no pueda publicar informaci\u00f3n de su caso del &#8220;C\u00e1rtel Inmobiliario&#8221;"},"content":{"rendered":"\n<p>Por Redacci\u00f3n QP<\/p>\n\n\n\n<p>Un juez concedi\u00f3 una suspensi\u00f3n provisional para evitar nuevas publicaciones de la Fiscal\u00eda CDMX sobre el caso contra Christian Von Roehrich<\/p>\n\n\n\n<p>Un&nbsp;<strong>juez federal<\/strong>&nbsp;concedi\u00f3 una&nbsp;<strong>suspensi\u00f3n provisional<\/strong>&nbsp;al exalcalde de la Benito Ju\u00e1rez,&nbsp;<strong>Christian Von Roehrich<\/strong>, para evitar que la&nbsp;<strong>Fiscal\u00eda General de Justicia<\/strong>&nbsp;(FGJ) de la Ciudad de M\u00e9xico publique&nbsp;<strong>informaci\u00f3n<\/strong>&nbsp;respecto al caso en su contra por el denominado \u2018<strong>C\u00e1rtel Inmobiliario<\/strong>\u2018.<\/p>\n\n\n\n<p>El tambi\u00e9n ex diputado capitalino reclam\u00f3 la elaboraci\u00f3n, publicaci\u00f3n y difusi\u00f3n de declaraciones alusivas a la investigaci\u00f3n en su contra por su presunta responsabilidad en los delitos de&nbsp;<strong>asociaci\u00f3n delictuosa<\/strong>&nbsp;y&nbsp;<strong>uso ilegal de atribuciones<\/strong>ante la opini\u00f3n p\u00fablica.<\/p>\n\n\n\n<p>Lo anterior, por las declaraciones del vocero de la Fiscal\u00eda capitalina, Ulises Lara, emitidas el 24 de abril y el 2 de mayo.<\/p>\n\n\n\n<p>Un secretario en funciones de juez del Juzgado Noveno de Distrito de Amparo en Materia Penal concedi\u00f3 la&nbsp;<strong>suspensi\u00f3n provisional<\/strong>&nbsp;para evitar nuevas publicaciones sobre el caso contra&nbsp;<strong>Christian Von Roehrich<\/strong>.<\/p>\n\n\n\n<p>Con la resoluci\u00f3n la Fiscal\u00eda capitalina tiene un plazo de 48 horas para rendir un informe previo, pues en caso de no hacerlo se har\u00e1 acreedora a una multa de 120 d\u00edas de Unidad de Medida y Actualizaci\u00f3n.<\/p>\n\n\n\n<p>Env\u00edese copia simple de la demanda de garant\u00edas as\u00ed como escrito de ampliaci\u00f3n de demanda, pudiendo agregar las razones que estime pertinentes sobre la procedencia o improcedencia de la suspensi\u00f3n\u201d, detalla la suspensi\u00f3n provisional.<\/p>\n\n\n\n<p>Con Informaci\u00f3n de El Universal<\/p>\n","protected":false},"excerpt":{"rendered":"<p>Por Redacci\u00f3n QP Un juez concedi\u00f3 una suspensi\u00f3n provisional para evitar nuevas publicaciones de la&#8230;<\/p>\n","protected":false},"author":2,"featured_media":100761,"comment_status":"open","ping_status":"open","sticky":false,"template":"","format":"standard","meta":{"_monsterinsights_skip_tracking":false,"_monsterinsights_sitenote_active":false,"_monsterinsights_sitenote_note":"","_monsterinsights_sitenote_category":0,"footnotes":""},"categories":[55],"tags":[],"class_list":["post-100760","post","type-post","status-publish","format-standard","has-post-thumbnail","hentry","category-cdmx"],"yoast_head":"<!-- This site is optimized with the Yoast SEO plugin v27.3 - https:\/\/yoast.com\/product\/yoast-seo-wordpress\/ -->\n<title>Juez concede suspensi\u00f3n provisional a Christian Von Roehrich para que la Fiscalia de la CDMX no pueda publicar informaci\u00f3n de su caso del &quot;C\u00e1rtel Inmobiliario&quot; -<\/title>\n<meta name=\"robots\" content=\"index, follow, max-snippet:-1, max-image-preview:large, max-video-preview:-1\" \/>\n<link rel=\"canonical\" href=\"https:\/\/quehacerpolitico.mx\/?p=100760\" \/>\n<meta property=\"og:locale\" content=\"es_MX\" \/>\n<meta property=\"og:type\" content=\"article\" \/>\n<meta property=\"og:title\" content=\"Juez concede suspensi\u00f3n provisional a Christian Von Roehrich para que la Fiscalia de la CDMX no pueda publicar informaci\u00f3n de su caso del &quot;C\u00e1rtel Inmobiliario&quot; -\" \/>\n<meta property=\"og:description\" content=\"Por Redacci\u00f3n QP Un juez concedi\u00f3 una suspensi\u00f3n provisional para evitar nuevas publicaciones de la...\" \/>\n<meta property=\"og:url\" content=\"https:\/\/quehacerpolitico.mx\/?p=100760\" \/>\n<meta property=\"article:published_time\" content=\"2023-05-12T19:50:48+00:00\" \/>\n<meta property=\"article:modified_time\" content=\"2023-05-12T19:50:51+00:00\" \/>\n<meta property=\"og:image\" content=\"https:\/\/quehacerpolitico.mx\/wp-content\/uploads\/2023\/05\/IMG_7671.jpeg\" \/>\n\t<meta property=\"og:image:width\" content=\"670\" \/>\n\t<meta property=\"og:image:height\" content=\"338\" \/>\n\t<meta property=\"og:image:type\" content=\"image\/jpeg\" \/>\n<meta name=\"author\" content=\"Redacci\u00f3n QP\" \/>\n<meta name=\"twitter:card\" content=\"summary_large_image\" \/>\n<meta name=\"twitter:label1\" content=\"Escrito por\" \/>\n\t<meta name=\"twitter:data1\" content=\"Redacci\u00f3n QP\" \/>\n\t<meta name=\"twitter:label2\" content=\"Tiempo de lectura\" \/>\n\t<meta name=\"twitter:data2\" content=\"1 minuto\" \/>\n<script type=\"application\/ld+json\" class=\"yoast-schema-graph\">{\"@context\":\"https:\\\/\\\/schema.org\",\"@graph\":[{\"@type\":\"Article\",\"@id\":\"https:\\\/\\\/quehacerpolitico.mx\\\/?p=100760#article\",\"isPartOf\":{\"@id\":\"https:\\\/\\\/quehacerpolitico.mx\\\/?p=100760\"},\"author\":{\"name\":\"Redacci\u00f3n QP\",\"@id\":\"https:\\\/\\\/quehacerpolitico.mx\\\/#\\\/schema\\\/person\\\/496d8ad2d1d3f8036101dca7ee39e585\"},\"headline\":\"Juez concede suspensi\u00f3n provisional a Christian Von Roehrich para que la Fiscalia de la CDMX no pueda publicar informaci\u00f3n de su caso del &#8220;C\u00e1rtel Inmobiliario&#8221;\",\"datePublished\":\"2023-05-12T19:50:48+00:00\",\"dateModified\":\"2023-05-12T19:50:51+00:00\",\"mainEntityOfPage\":{\"@id\":\"https:\\\/\\\/quehacerpolitico.mx\\\/?p=100760\"},\"wordCount\":304,\"commentCount\":0,\"image\":{\"@id\":\"https:\\\/\\\/quehacerpolitico.mx\\\/?p=100760#primaryimage\"},\"thumbnailUrl\":\"https:\\\/\\\/quehacerpolitico.mx\\\/wp-content\\\/uploads\\\/2023\\\/05\\\/IMG_7671.jpeg\",\"articleSection\":[\"CDMX\"],\"inLanguage\":\"es\",\"potentialAction\":[{\"@type\":\"CommentAction\",\"name\":\"Comment\",\"target\":[\"https:\\\/\\\/quehacerpolitico.mx\\\/?p=100760#respond\"]}]},{\"@type\":\"WebPage\",\"@id\":\"https:\\\/\\\/quehacerpolitico.mx\\\/?p=100760\",\"url\":\"https:\\\/\\\/quehacerpolitico.mx\\\/?p=100760\",\"name\":\"Juez concede suspensi\u00f3n provisional a Christian Von Roehrich para que la Fiscalia de la CDMX no pueda publicar informaci\u00f3n de su caso del \\\"C\u00e1rtel Inmobiliario\\\" -\",\"isPartOf\":{\"@id\":\"https:\\\/\\\/quehacerpolitico.mx\\\/#website\"},\"primaryImageOfPage\":{\"@id\":\"https:\\\/\\\/quehacerpolitico.mx\\\/?p=100760#primaryimage\"},\"image\":{\"@id\":\"https:\\\/\\\/quehacerpolitico.mx\\\/?p=100760#primaryimage\"},\"thumbnailUrl\":\"https:\\\/\\\/quehacerpolitico.mx\\\/wp-content\\\/uploads\\\/2023\\\/05\\\/IMG_7671.jpeg\",\"datePublished\":\"2023-05-12T19:50:48+00:00\",\"dateModified\":\"2023-05-12T19:50:51+00:00\",\"author\":{\"@id\":\"https:\\\/\\\/quehacerpolitico.mx\\\/#\\\/schema\\\/person\\\/496d8ad2d1d3f8036101dca7ee39e585\"},\"breadcrumb\":{\"@id\":\"https:\\\/\\\/quehacerpolitico.mx\\\/?p=100760#breadcrumb\"},\"inLanguage\":\"es\",\"potentialAction\":[{\"@type\":\"ReadAction\",\"target\":[\"https:\\\/\\\/quehacerpolitico.mx\\\/?p=100760\"]}]},{\"@type\":\"ImageObject\",\"inLanguage\":\"es\",\"@id\":\"https:\\\/\\\/quehacerpolitico.mx\\\/?p=100760#primaryimage\",\"url\":\"https:\\\/\\\/quehacerpolitico.mx\\\/wp-content\\\/uploads\\\/2023\\\/05\\\/IMG_7671.jpeg\",\"contentUrl\":\"https:\\\/\\\/quehacerpolitico.mx\\\/wp-content\\\/uploads\\\/2023\\\/05\\\/IMG_7671.jpeg\",\"width\":670,\"height\":338},{\"@type\":\"BreadcrumbList\",\"@id\":\"https:\\\/\\\/quehacerpolitico.mx\\\/?p=100760#breadcrumb\",\"itemListElement\":[{\"@type\":\"ListItem\",\"position\":1,\"name\":\"Inicio\",\"item\":\"https:\\\/\\\/quehacerpolitico.mx\\\/\"},{\"@type\":\"ListItem\",\"position\":2,\"name\":\"Juez concede suspensi\u00f3n provisional a Christian Von Roehrich para que la Fiscalia de la CDMX no pueda publicar informaci\u00f3n de su caso del &#8220;C\u00e1rtel Inmobiliario&#8221;\"}]},{\"@type\":\"WebSite\",\"@id\":\"https:\\\/\\\/quehacerpolitico.mx\\\/#website\",\"url\":\"https:\\\/\\\/quehacerpolitico.mx\\\/\",\"name\":\"\",\"description\":\"\",\"potentialAction\":[{\"@type\":\"SearchAction\",\"target\":{\"@type\":\"EntryPoint\",\"urlTemplate\":\"https:\\\/\\\/quehacerpolitico.mx\\\/?s={search_term_string}\"},\"query-input\":{\"@type\":\"PropertyValueSpecification\",\"valueRequired\":true,\"valueName\":\"search_term_string\"}}],\"inLanguage\":\"es\"},{\"@type\":\"Person\",\"@id\":\"https:\\\/\\\/quehacerpolitico.mx\\\/#\\\/schema\\\/person\\\/496d8ad2d1d3f8036101dca7ee39e585\",\"name\":\"Redacci\u00f3n QP\",\"image\":{\"@type\":\"ImageObject\",\"inLanguage\":\"es\",\"@id\":\"https:\\\/\\\/secure.gravatar.com\\\/avatar\\\/c7164ed6fdec453195284ad24a5ae5b6e1eed2b848477fa2a4787ba9adf39a41?s=96&d=mm&r=g\",\"url\":\"https:\\\/\\\/secure.gravatar.com\\\/avatar\\\/c7164ed6fdec453195284ad24a5ae5b6e1eed2b848477fa2a4787ba9adf39a41?s=96&d=mm&r=g\",\"contentUrl\":\"https:\\\/\\\/secure.gravatar.com\\\/avatar\\\/c7164ed6fdec453195284ad24a5ae5b6e1eed2b848477fa2a4787ba9adf39a41?s=96&d=mm&r=g\",\"caption\":\"Redacci\u00f3n QP\"},\"url\":\"https:\\\/\\\/quehacerpolitico.mx\\\/?author=2\"}]}<\/script>\n<!-- \/ Yoast SEO plugin. -->","yoast_head_json":{"title":"Juez concede suspensi\u00f3n provisional a Christian Von Roehrich para que la Fiscalia de la CDMX no pueda publicar informaci\u00f3n de su caso del \"C\u00e1rtel Inmobiliario\" -","robots":{"index":"index","follow":"follow","max-snippet":"max-snippet:-1","max-image-preview":"max-image-preview:large","max-video-preview":"max-video-preview:-1"},"canonical":"https:\/\/quehacerpolitico.mx\/?p=100760","og_locale":"es_MX","og_type":"article","og_title":"Juez concede suspensi\u00f3n provisional a Christian Von Roehrich para que la Fiscalia de la CDMX no pueda publicar informaci\u00f3n de su caso del \"C\u00e1rtel Inmobiliario\" -","og_description":"Por Redacci\u00f3n QP Un juez concedi\u00f3 una suspensi\u00f3n provisional para evitar nuevas publicaciones de la...","og_url":"https:\/\/quehacerpolitico.mx\/?p=100760","article_published_time":"2023-05-12T19:50:48+00:00","article_modified_time":"2023-05-12T19:50:51+00:00","og_image":[{"width":670,"height":338,"url":"https:\/\/quehacerpolitico.mx\/wp-content\/uploads\/2023\/05\/IMG_7671.jpeg","type":"image\/jpeg"}],"author":"Redacci\u00f3n QP","twitter_card":"summary_large_image","twitter_misc":{"Escrito por":"Redacci\u00f3n QP","Tiempo de lectura":"1 minuto"},"schema":{"@context":"https:\/\/schema.org","@graph":[{"@type":"Article","@id":"https:\/\/quehacerpolitico.mx\/?p=100760#article","isPartOf":{"@id":"https:\/\/quehacerpolitico.mx\/?p=100760"},"author":{"name":"Redacci\u00f3n QP","@id":"https:\/\/quehacerpolitico.mx\/#\/schema\/person\/496d8ad2d1d3f8036101dca7ee39e585"},"headline":"Juez concede suspensi\u00f3n provisional a Christian Von Roehrich para que la Fiscalia de la CDMX no pueda publicar informaci\u00f3n de su caso del &#8220;C\u00e1rtel Inmobiliario&#8221;","datePublished":"2023-05-12T19:50:48+00:00","dateModified":"2023-05-12T19:50:51+00:00","mainEntityOfPage":{"@id":"https:\/\/quehacerpolitico.mx\/?p=100760"},"wordCount":304,"commentCount":0,"image":{"@id":"https:\/\/quehacerpolitico.mx\/?p=100760#primaryimage"},"thumbnailUrl":"https:\/\/quehacerpolitico.mx\/wp-content\/uploads\/2023\/05\/IMG_7671.jpeg","articleSection":["CDMX"],"inLanguage":"es","potentialAction":[{"@type":"CommentAction","name":"Comment","target":["https:\/\/quehacerpolitico.mx\/?p=100760#respond"]}]},{"@type":"WebPage","@id":"https:\/\/quehacerpolitico.mx\/?p=100760","url":"https:\/\/quehacerpolitico.mx\/?p=100760","name":"Juez concede suspensi\u00f3n provisional a Christian Von Roehrich para que la Fiscalia de la CDMX no pueda publicar informaci\u00f3n de su caso del \"C\u00e1rtel Inmobiliario\" -","isPartOf":{"@id":"https:\/\/quehacerpolitico.mx\/#website"},"primaryImageOfPage":{"@id":"https:\/\/quehacerpolitico.mx\/?p=100760#primaryimage"},"image":{"@id":"https:\/\/quehacerpolitico.mx\/?p=100760#primaryimage"},"thumbnailUrl":"https:\/\/quehacerpolitico.mx\/wp-content\/uploads\/2023\/05\/IMG_7671.jpeg","datePublished":"2023-05-12T19:50:48+00:00","dateModified":"2023-05-12T19:50:51+00:00","author":{"@id":"https:\/\/quehacerpolitico.mx\/#\/schema\/person\/496d8ad2d1d3f8036101dca7ee39e585"},"breadcrumb":{"@id":"https:\/\/quehacerpolitico.mx\/?p=100760#breadcrumb"},"inLanguage":"es","potentialAction":[{"@type":"ReadAction","target":["https:\/\/quehacerpolitico.mx\/?p=100760"]}]},{"@type":"ImageObject","inLanguage":"es","@id":"https:\/\/quehacerpolitico.mx\/?p=100760#primaryimage","url":"https:\/\/quehacerpolitico.mx\/wp-content\/uploads\/2023\/05\/IMG_7671.jpeg","contentUrl":"https:\/\/quehacerpolitico.mx\/wp-content\/uploads\/2023\/05\/IMG_7671.jpeg","width":670,"height":338},{"@type":"BreadcrumbList","@id":"https:\/\/quehacerpolitico.mx\/?p=100760#breadcrumb","itemListElement":[{"@type":"ListItem","position":1,"name":"Inicio","item":"https:\/\/quehacerpolitico.mx\/"},{"@type":"ListItem","position":2,"name":"Juez concede suspensi\u00f3n provisional a Christian Von Roehrich para que la Fiscalia de la CDMX no pueda publicar informaci\u00f3n de su caso del &#8220;C\u00e1rtel Inmobiliario&#8221;"}]},{"@type":"WebSite","@id":"https:\/\/quehacerpolitico.mx\/#website","url":"https:\/\/quehacerpolitico.mx\/","name":"","description":"","potentialAction":[{"@type":"SearchAction","target":{"@type":"EntryPoint","urlTemplate":"https:\/\/quehacerpolitico.mx\/?s={search_term_string}"},"query-input":{"@type":"PropertyValueSpecification","valueRequired":true,"valueName":"search_term_string"}}],"inLanguage":"es"},{"@type":"Person","@id":"https:\/\/quehacerpolitico.mx\/#\/schema\/person\/496d8ad2d1d3f8036101dca7ee39e585","name":"Redacci\u00f3n QP","image":{"@type":"ImageObject","inLanguage":"es","@id":"https:\/\/secure.gravatar.com\/avatar\/c7164ed6fdec453195284ad24a5ae5b6e1eed2b848477fa2a4787ba9adf39a41?s=96&d=mm&r=g","url":"https:\/\/secure.gravatar.com\/avatar\/c7164ed6fdec453195284ad24a5ae5b6e1eed2b848477fa2a4787ba9adf39a41?s=96&d=mm&r=g","contentUrl":"https:\/\/secure.gravatar.com\/avatar\/c7164ed6fdec453195284ad24a5ae5b6e1eed2b848477fa2a4787ba9adf39a41?s=96&d=mm&r=g","caption":"Redacci\u00f3n QP"},"url":"https:\/\/quehacerpolitico.mx\/?author=2"}]}},"featured_image_urls":{"full":["https:\/\/quehacerpolitico.mx\/wp-content\/uploads\/2023\/05\/IMG_7671.jpeg",670,338,false],"thumbnail":["https:\/\/quehacerpolitico.mx\/wp-content\/uploads\/2023\/05\/IMG_7671-150x150.jpeg",150,150,true],"medium":["https:\/\/quehacerpolitico.mx\/wp-content\/uploads\/2023\/05\/IMG_7671-300x151.jpeg",300,151,true],"medium_large":["https:\/\/quehacerpolitico.mx\/wp-content\/uploads\/2023\/05\/IMG_7671.jpeg",640,323,false],"large":["https:\/\/quehacerpolitico.mx\/wp-content\/uploads\/2023\/05\/IMG_7671.jpeg",640,323,false],"1536x1536":["https:\/\/quehacerpolitico.mx\/wp-content\/uploads\/2023\/05\/IMG_7671.jpeg",670,338,false],"2048x2048":["https:\/\/quehacerpolitico.mx\/wp-content\/uploads\/2023\/05\/IMG_7671.jpeg",670,338,false],"covernews-featured":["https:\/\/quehacerpolitico.mx\/wp-content\/uploads\/2023\/05\/IMG_7671.jpeg",670,338,false],"covernews-medium":["https:\/\/quehacerpolitico.mx\/wp-content\/uploads\/2023\/05\/IMG_7671.jpeg",540,272,false]},"author_info":{"display_name":"Redacci\u00f3n QP","author_link":"https:\/\/quehacerpolitico.mx\/?author=2"},"category_info":"<a href=\"https:\/\/quehacerpolitico.mx\/?cat=55\" rel=\"category\">CDMX<\/a>","tag_info":"CDMX","comment_count":"0","_links":{"self":[{"href":"https:\/\/quehacerpolitico.mx\/index.php?rest_route=\/wp\/v2\/posts\/100760","targetHints":{"allow":["GET"]}}],"collection":[{"href":"https:\/\/quehacerpolitico.mx\/index.php?rest_route=\/wp\/v2\/posts"}],"about":[{"href":"https:\/\/quehacerpolitico.mx\/index.php?rest_route=\/wp\/v2\/types\/post"}],"author":[{"embeddable":true,"href":"https:\/\/quehacerpolitico.mx\/index.php?rest_route=\/wp\/v2\/users\/2"}],"replies":[{"embeddable":true,"href":"https:\/\/quehacerpolitico.mx\/index.php?rest_route=%2Fwp%2Fv2%2Fcomments&post=100760"}],"version-history":[{"count":1,"href":"https:\/\/quehacerpolitico.mx\/index.php?rest_route=\/wp\/v2\/posts\/100760\/revisions"}],"predecessor-version":[{"id":100762,"href":"https:\/\/quehacerpolitico.mx\/index.php?rest_route=\/wp\/v2\/posts\/100760\/revisions\/100762"}],"wp:featuredmedia":[{"embeddable":true,"href":"https:\/\/quehacerpolitico.mx\/index.php?rest_route=\/wp\/v2\/media\/100761"}],"wp:attachment":[{"href":"https:\/\/quehacerpolitico.mx\/index.php?rest_route=%2Fwp%2Fv2%2Fmedia&parent=100760"}],"wp:term":[{"taxonomy":"category","embeddable":true,"href":"https:\/\/quehacerpolitico.mx\/index.php?rest_route=%2Fwp%2Fv2%2Fcategories&post=100760"},{"taxonomy":"post_tag","embeddable":true,"href":"https:\/\/quehacerpolitico.mx\/index.php?rest_route=%2Fwp%2Fv2%2Ftags&post=100760"}],"curies":[{"name":"wp","href":"https:\/\/api.w.org\/{rel}","templated":true}]}}